{"id":21528,"date":"2020-06-16T07:40:56","date_gmt":"2020-06-16T05:40:56","guid":{"rendered":"https:\/\/www.immobilienbusiness.ch\/?p=21528"},"modified":"2020-06-16T07:40:56","modified_gmt":"2020-06-16T05:40:56","slug":"central-real-estate-basel-verliert-ceo","status":"publish","type":"post","link":"https:\/\/www.immobilienbusiness.ch\/de\/unternehmen\/2020-06-16\/central-real-estate-basel-verliert-ceo\/","title":{"rendered":"Central Real Estate Basel verliert CEO"},"content":{"rendered":"<figure id=\"attachment_3731\" aria-describedby=\"caption-attachment-3731\" style=\"width: 680px\" class=\"wp-caption alignnone\"><img loading=\"lazy\" decoding=\"async\" class=\"size-medium wp-image-3731\" src=\"https:\/\/www.immobilienbusiness.ch\/wp-content\/uploads\/2016\/12\/Basel-Im-Klybeck-entsteht-ein-neues-Stadtquartier-immobilien-business.jpg\" alt=\"\" width=\"680\" height=\"452\" srcset=\"https:\/\/www.immobilienbusiness.ch\/wp-content\/uploads\/2016\/12\/Basel-Im-Klybeck-entsteht-ein-neues-Stadtquartier-immobilien-business.jpg 2560w, https:\/\/www.immobilienbusiness.ch\/wp-content\/uploads\/2016\/12\/Basel-Im-Klybeck-entsteht-ein-neues-Stadtquartier-immobilien-business-300x200.jpg 300w, https:\/\/www.immobilienbusiness.ch\/wp-content\/uploads\/2016\/12\/Basel-Im-Klybeck-entsteht-ein-neues-Stadtquartier-immobilien-business-1024x681.jpg 1024w, https:\/\/www.immobilienbusiness.ch\/wp-content\/uploads\/2016\/12\/Basel-Im-Klybeck-entsteht-ein-neues-Stadtquartier-immobilien-business-768x511.jpg 768w, https:\/\/www.immobilienbusiness.ch\/wp-content\/uploads\/2016\/12\/Basel-Im-Klybeck-entsteht-ein-neues-Stadtquartier-immobilien-business-1536x1022.jpg 1536w, https:\/\/www.immobilienbusiness.ch\/wp-content\/uploads\/2016\/12\/Basel-Im-Klybeck-entsteht-ein-neues-Stadtquartier-immobilien-business-2048x1363.jpg 2048w, https:\/\/www.immobilienbusiness.ch\/wp-content\/uploads\/2016\/12\/Basel-Im-Klybeck-entsteht-ein-neues-Stadtquartier-immobilien-business-16x12.jpg 16w, https:\/\/www.immobilienbusiness.ch\/wp-content\/uploads\/2016\/12\/Basel-Im-Klybeck-entsteht-ein-neues-Stadtquartier-immobilien-business-263x175.jpg 263w, https:\/\/www.immobilienbusiness.ch\/wp-content\/uploads\/2016\/12\/Basel-Im-Klybeck-entsteht-ein-neues-Stadtquartier-immobilien-business-526x350.jpg 526w, https:\/\/www.immobilienbusiness.ch\/wp-content\/uploads\/2016\/12\/Basel-Im-Klybeck-entsteht-ein-neues-Stadtquartier-immobilien-business-1202x800.jpg 1202w, https:\/\/www.immobilienbusiness.ch\/wp-content\/uploads\/2016\/12\/Basel-Im-Klybeck-entsteht-ein-neues-Stadtquartier-immobilien-business-920x612.jpg 920w, https:\/\/www.immobilienbusiness.ch\/wp-content\/uploads\/2016\/12\/Basel-Im-Klybeck-entsteht-ein-neues-Stadtquartier-immobilien-business-1400x932.jpg 1400w\" sizes=\"auto, (max-width: 680px) 100vw, 680px\" \/><figcaption id=\"caption-attachment-3731\" class=\"wp-caption-text\">Der Planungsperimeter Klybeckplus, mit angrenzenden Gr\u00fcn-, Freifl\u00e4chen und Strassen (Bild: Kanton Basel-Stadt)<\/figcaption><\/figure>\n<p>Laut einer Mitteilung der Central Real Estate Gruppe sei die Trennung von Andreas U. F\u00fcrst \u00abaufgrund von unterschiedlichen Auffassungen in der F\u00fchrung und der internen Zusammenarbeit\u00bb erfolgt. Die Suche nach einem neuen CEO sei gestartet worden. Bis die Stelle in Basel wieder definitiv besetzt sei, leiten Delegierte des Verwaltungsrats die Central Real Estate Basel AG.<\/p>\n<p>Die Immobiliengesellschaft entwickelt gemeinsam mit dem Kanton Basel-Stadt und der Swiss Life das Klybeck-Areal. F\u00fcrst habe in der Aufbauphase von der \u00dcbernahme des ehemaligen Novartis-Areals durch die Central Real Estate Gruppe bis heute ein stabiles Fundament f\u00fcr die weitere Entwicklung gelegt und bei den Planungspartnern und in der \u00d6ffentlichkeit in Basel grosse Anerkennung erworben, so das Unternehmen. F\u00fcrst werde die Central Real Estate Basel AG beim Projekt Klybeckplus weiterhin beraten.<\/p>\n<p>In den n\u00e4chsten Monaten stehen dort die Entwicklung des st\u00e4dtebaulichen Gesamtkonzepts und die Arbeiten am st\u00e4dtebaulichen Vertrag zwischen den Planungsparten an. Darauf sei auch das Stellenprofil des neuen CEO zugeschnitten, so die Central Real Estate Gruppe. <em>(ah)<\/em><\/p>\n","protected":false},"excerpt":{"rendered":"<p>Wechsel in der Unternehmensleitung bei der Central Real Estate Basel AG: CEO Andreas U. F\u00fcrst tritt von seinem Posten ab. Bis zu einer Neubesetzung f\u00fchren Delegierte des Verwaltungsrates das Unternehmen.<\/p>\n","protected":false},"author":3,"featured_media":3731,"comment_status":"closed","ping_status":"open","sticky":false,"template":"","format":"standard","meta":{"_acf_changed":false,"_yoast_wpseo_focuskw":"Central Real Estate Basel","_yoast_wpseo_title":"","_yoast_wpseo_metadesc":"Wechsel in der Unternehmensleitung bei der Central Real Estate Basel AG: CEO Andreas U. F\u00fcrst tritt von seinem Posten ab.","_yoast_wpseo_linkdex":53,"pgc_sgb_lightbox_settings":"","footnotes":""},"categories":[988],"tags":[1126,1563],"class_list":["post-21528","post","type-post","status-publish","format-standard","has-post-thumbnail","hentry","category-unternehmen","tag-central-real-estate","tag-personalia"],"acf":[],"yoast_head":"<!-- This site is optimized with the Yoast SEO plugin v27.5 - https:\/\/yoast.com\/product\/yoast-seo-wordpress\/ -->\n<title>Central Real Estate Basel verliert CEO - IMMOBILIEN Business<\/title>\n<meta name=\"description\" content=\"Wechsel in der Unternehmensleitung bei der Central Real Estate Basel AG: CEO Andreas U. F\u00fcrst tritt von seinem Posten ab.\" \/>\n<meta name=\"robots\" content=\"index, follow, max-snippet:-1, max-image-preview:large, max-video-preview:-1\" \/>\n<link rel=\"canonical\" href=\"https:\/\/www.immobilienbusiness.ch\/de\/unternehmen\/2020-06-16\/central-real-estate-basel-verliert-ceo\/\" \/>\n<meta property=\"og:locale\" content=\"de_DE\" \/>\n<meta property=\"og:type\" content=\"article\" \/>\n<meta property=\"og:title\" content=\"Central Real Estate Basel verliert CEO - IMMOBILIEN Business\" \/>\n<meta property=\"og:description\" content=\"Wechsel in der Unternehmensleitung bei der Central Real Estate Basel AG: CEO Andreas U. F\u00fcrst tritt von seinem Posten ab.\" \/>\n<meta property=\"og:url\" content=\"https:\/\/www.immobilienbusiness.ch\/de\/unternehmen\/2020-06-16\/central-real-estate-basel-verliert-ceo\/\" \/>\n<meta property=\"og:site_name\" content=\"IMMOBILIEN Business\" \/>\n<meta property=\"article:publisher\" content=\"https:\/\/www.facebook.com\/immobilienbusiness\/\" \/>\n<meta property=\"article:published_time\" content=\"2020-06-16T05:40:56+00:00\" \/>\n<meta property=\"og:image\" content=\"https:\/\/www.immobilienbusiness.ch\/wp-content\/uploads\/2016\/12\/Basel-Im-Klybeck-entsteht-ein-neues-Stadtquartier-immobilien-business.jpg\" \/>\n\t<meta property=\"og:image:width\" content=\"2560\" \/>\n\t<meta property=\"og:image:height\" content=\"1703\" \/>\n\t<meta property=\"og:image:type\" content=\"image\/jpeg\" \/>\n<meta name=\"author\" content=\"anja.hall\" \/>\n<meta name=\"twitter:card\" content=\"summary_large_image\" \/>\n<meta name=\"twitter:image\" content=\"https:\/\/www.immobilienbusiness.ch\/wp-content\/uploads\/2016\/12\/Basel-Im-Klybeck-entsteht-ein-neues-Stadtquartier-immobilien-business.jpg\" \/>\n<script type=\"application\/ld+json\" class=\"yoast-schema-graph\">{\"@context\":\"https:\\\/\\\/schema.org\",\"@graph\":[{\"@type\":\"Article\",\"@id\":\"https:\\\/\\\/www.immobilienbusiness.ch\\\/unternehmen\\\/2020-06-16\\\/central-real-estate-basel-verliert-ceo\\\/#article\",\"isPartOf\":{\"@id\":\"https:\\\/\\\/www.immobilienbusiness.ch\\\/unternehmen\\\/2020-06-16\\\/central-real-estate-basel-verliert-ceo\\\/\"},\"author\":{\"name\":\"anja.hall\",\"@id\":\"https:\\\/\\\/www.immobilienbusiness.ch\\\/#\\\/schema\\\/person\\\/3fc036297b10b9f42d6db5ee932af8c8\"},\"headline\":\"Central Real Estate Basel verliert CEO\",\"datePublished\":\"2020-06-16T05:40:56+00:00\",\"mainEntityOfPage\":{\"@id\":\"https:\\\/\\\/www.immobilienbusiness.ch\\\/unternehmen\\\/2020-06-16\\\/central-real-estate-basel-verliert-ceo\\\/\"},\"wordCount\":197,\"publisher\":{\"@id\":\"https:\\\/\\\/www.immobilienbusiness.ch\\\/#organization\"},\"image\":{\"@id\":\"https:\\\/\\\/www.immobilienbusiness.ch\\\/unternehmen\\\/2020-06-16\\\/central-real-estate-basel-verliert-ceo\\\/#primaryimage\"},\"thumbnailUrl\":\"https:\\\/\\\/www.immobilienbusiness.ch\\\/wp-content\\\/uploads\\\/2016\\\/12\\\/Basel-Im-Klybeck-entsteht-ein-neues-Stadtquartier-immobilien-business.jpg\",\"keywords\":[\"Central Real Estate\",\"Personalia\"],\"articleSection\":[\"UNTERNEHMEN\"],\"inLanguage\":\"de\"},{\"@type\":\"WebPage\",\"@id\":\"https:\\\/\\\/www.immobilienbusiness.ch\\\/unternehmen\\\/2020-06-16\\\/central-real-estate-basel-verliert-ceo\\\/\",\"url\":\"https:\\\/\\\/www.immobilienbusiness.ch\\\/unternehmen\\\/2020-06-16\\\/central-real-estate-basel-verliert-ceo\\\/\",\"name\":\"Central Real Estate Basel verliert CEO - IMMOBILIEN Business\",\"isPartOf\":{\"@id\":\"https:\\\/\\\/www.immobilienbusiness.ch\\\/#website\"},\"primaryImageOfPage\":{\"@id\":\"https:\\\/\\\/www.immobilienbusiness.ch\\\/unternehmen\\\/2020-06-16\\\/central-real-estate-basel-verliert-ceo\\\/#primaryimage\"},\"image\":{\"@id\":\"https:\\\/\\\/www.immobilienbusiness.ch\\\/unternehmen\\\/2020-06-16\\\/central-real-estate-basel-verliert-ceo\\\/#primaryimage\"},\"thumbnailUrl\":\"https:\\\/\\\/www.immobilienbusiness.ch\\\/wp-content\\\/uploads\\\/2016\\\/12\\\/Basel-Im-Klybeck-entsteht-ein-neues-Stadtquartier-immobilien-business.jpg\",\"datePublished\":\"2020-06-16T05:40:56+00:00\",\"description\":\"Wechsel in der Unternehmensleitung bei der Central Real Estate Basel AG: CEO Andreas U. F\u00fcrst tritt von seinem Posten ab.\",\"breadcrumb\":{\"@id\":\"https:\\\/\\\/www.immobilienbusiness.ch\\\/unternehmen\\\/2020-06-16\\\/central-real-estate-basel-verliert-ceo\\\/#breadcrumb\"},\"inLanguage\":\"de\",\"potentialAction\":[{\"@type\":\"ReadAction\",\"target\":[\"https:\\\/\\\/www.immobilienbusiness.ch\\\/unternehmen\\\/2020-06-16\\\/central-real-estate-basel-verliert-ceo\\\/\"]}]},{\"@type\":\"ImageObject\",\"inLanguage\":\"de\",\"@id\":\"https:\\\/\\\/www.immobilienbusiness.ch\\\/unternehmen\\\/2020-06-16\\\/central-real-estate-basel-verliert-ceo\\\/#primaryimage\",\"url\":\"https:\\\/\\\/www.immobilienbusiness.ch\\\/wp-content\\\/uploads\\\/2016\\\/12\\\/Basel-Im-Klybeck-entsteht-ein-neues-Stadtquartier-immobilien-business.jpg\",\"contentUrl\":\"https:\\\/\\\/www.immobilienbusiness.ch\\\/wp-content\\\/uploads\\\/2016\\\/12\\\/Basel-Im-Klybeck-entsteht-ein-neues-Stadtquartier-immobilien-business.jpg\",\"width\":2560,\"height\":1703,\"caption\":\"Der Planungsperimeter klybeckplus, mit angrenzenden Gr\u00fcn-, Freifl\u00e4chen und Strassen (Bild: Kanton Basel-Stadt)\"},{\"@type\":\"BreadcrumbList\",\"@id\":\"https:\\\/\\\/www.immobilienbusiness.ch\\\/unternehmen\\\/2020-06-16\\\/central-real-estate-basel-verliert-ceo\\\/#breadcrumb\",\"itemListElement\":[{\"@type\":\"ListItem\",\"position\":1,\"name\":\"Home\",\"item\":\"https:\\\/\\\/www.immobilienbusiness.ch\\\/\"},{\"@type\":\"ListItem\",\"position\":2,\"name\":\"Central Real Estate Basel verliert CEO\"}]},{\"@type\":\"WebSite\",\"@id\":\"https:\\\/\\\/www.immobilienbusiness.ch\\\/#website\",\"url\":\"https:\\\/\\\/www.immobilienbusiness.ch\\\/\",\"name\":\"IMMOBILIEN Business\",\"description\":\"Unabh\u00e4ngiges Schweizer Wirtschaftsmagazin mit Fokus auf Immobilien, Architektur- und Bau sowie Investment- und Finanzierung.\",\"publisher\":{\"@id\":\"https:\\\/\\\/www.immobilienbusiness.ch\\\/#organization\"},\"potentialAction\":[{\"@type\":\"SearchAction\",\"target\":{\"@type\":\"EntryPoint\",\"urlTemplate\":\"https:\\\/\\\/www.immobilienbusiness.ch\\\/?s={search_term_string}\"},\"query-input\":{\"@type\":\"PropertyValueSpecification\",\"valueRequired\":true,\"valueName\":\"search_term_string\"}}],\"inLanguage\":\"de\"},{\"@type\":\"Organization\",\"@id\":\"https:\\\/\\\/www.immobilienbusiness.ch\\\/#organization\",\"name\":\"IMMOBILIEN Business\",\"url\":\"https:\\\/\\\/www.immobilienbusiness.ch\\\/\",\"logo\":{\"@type\":\"ImageObject\",\"inLanguage\":\"de\",\"@id\":\"https:\\\/\\\/www.immobilienbusiness.ch\\\/#\\\/schema\\\/logo\\\/image\\\/\",\"url\":\"https:\\\/\\\/www.immobilienbusiness.ch\\\/wp-content\\\/uploads\\\/2021\\\/07\\\/logo_ib.png\",\"contentUrl\":\"https:\\\/\\\/www.immobilienbusiness.ch\\\/wp-content\\\/uploads\\\/2021\\\/07\\\/logo_ib.png\",\"width\":800,\"height\":181,\"caption\":\"IMMOBILIEN Business\"},\"image\":{\"@id\":\"https:\\\/\\\/www.immobilienbusiness.ch\\\/#\\\/schema\\\/logo\\\/image\\\/\"},\"sameAs\":[\"https:\\\/\\\/www.facebook.com\\\/immobilienbusiness\\\/\"]},{\"@type\":\"Person\",\"@id\":\"https:\\\/\\\/www.immobilienbusiness.ch\\\/#\\\/schema\\\/person\\\/3fc036297b10b9f42d6db5ee932af8c8\",\"name\":\"anja.hall\",\"image\":{\"@type\":\"ImageObject\",\"inLanguage\":\"de\",\"@id\":\"https:\\\/\\\/secure.gravatar.com\\\/avatar\\\/066b5a0d447013502c71a5782f4f3469f03cfe595cc2329fb94652fe47511bfb?s=96&d=mm&r=g\",\"url\":\"https:\\\/\\\/secure.gravatar.com\\\/avatar\\\/066b5a0d447013502c71a5782f4f3469f03cfe595cc2329fb94652fe47511bfb?s=96&d=mm&r=g\",\"contentUrl\":\"https:\\\/\\\/secure.gravatar.com\\\/avatar\\\/066b5a0d447013502c71a5782f4f3469f03cfe595cc2329fb94652fe47511bfb?s=96&d=mm&r=g\",\"caption\":\"anja.hall\"},\"url\":\"https:\\\/\\\/www.immobilienbusiness.ch\\\/de\\\/author\\\/anja-hall\\\/\"}]}<\/script>\n<!-- \/ Yoast SEO plugin. -->","yoast_head_json":{"title":"Central Real Estate Basel verliert CEO - IMMOBILIEN Business","description":"Wechsel in der Unternehmensleitung bei der Central Real Estate Basel AG: CEO Andreas U. F\u00fcrst tritt von seinem Posten ab.","robots":{"index":"index","follow":"follow","max-snippet":"max-snippet:-1","max-image-preview":"max-image-preview:large","max-video-preview":"max-video-preview:-1"},"canonical":"https:\/\/www.immobilienbusiness.ch\/de\/unternehmen\/2020-06-16\/central-real-estate-basel-verliert-ceo\/","og_locale":"de_DE","og_type":"article","og_title":"Central Real Estate Basel verliert CEO - IMMOBILIEN Business","og_description":"Wechsel in der Unternehmensleitung bei der Central Real Estate Basel AG: CEO Andreas U. F\u00fcrst tritt von seinem Posten ab.","og_url":"https:\/\/www.immobilienbusiness.ch\/de\/unternehmen\/2020-06-16\/central-real-estate-basel-verliert-ceo\/","og_site_name":"IMMOBILIEN Business","article_publisher":"https:\/\/www.facebook.com\/immobilienbusiness\/","article_published_time":"2020-06-16T05:40:56+00:00","og_image":[{"width":2560,"height":1703,"url":"https:\/\/www.immobilienbusiness.ch\/wp-content\/uploads\/2016\/12\/Basel-Im-Klybeck-entsteht-ein-neues-Stadtquartier-immobilien-business.jpg","type":"image\/jpeg"}],"author":"anja.hall","twitter_card":"summary_large_image","twitter_image":"https:\/\/www.immobilienbusiness.ch\/wp-content\/uploads\/2016\/12\/Basel-Im-Klybeck-entsteht-ein-neues-Stadtquartier-immobilien-business.jpg","schema":{"@context":"https:\/\/schema.org","@graph":[{"@type":"Article","@id":"https:\/\/www.immobilienbusiness.ch\/unternehmen\/2020-06-16\/central-real-estate-basel-verliert-ceo\/#article","isPartOf":{"@id":"https:\/\/www.immobilienbusiness.ch\/unternehmen\/2020-06-16\/central-real-estate-basel-verliert-ceo\/"},"author":{"name":"anja.hall","@id":"https:\/\/www.immobilienbusiness.ch\/#\/schema\/person\/3fc036297b10b9f42d6db5ee932af8c8"},"headline":"Central Real Estate Basel verliert CEO","datePublished":"2020-06-16T05:40:56+00:00","mainEntityOfPage":{"@id":"https:\/\/www.immobilienbusiness.ch\/unternehmen\/2020-06-16\/central-real-estate-basel-verliert-ceo\/"},"wordCount":197,"publisher":{"@id":"https:\/\/www.immobilienbusiness.ch\/#organization"},"image":{"@id":"https:\/\/www.immobilienbusiness.ch\/unternehmen\/2020-06-16\/central-real-estate-basel-verliert-ceo\/#primaryimage"},"thumbnailUrl":"https:\/\/www.immobilienbusiness.ch\/wp-content\/uploads\/2016\/12\/Basel-Im-Klybeck-entsteht-ein-neues-Stadtquartier-immobilien-business.jpg","keywords":["Central Real Estate","Personalia"],"articleSection":["UNTERNEHMEN"],"inLanguage":"de"},{"@type":"WebPage","@id":"https:\/\/www.immobilienbusiness.ch\/unternehmen\/2020-06-16\/central-real-estate-basel-verliert-ceo\/","url":"https:\/\/www.immobilienbusiness.ch\/unternehmen\/2020-06-16\/central-real-estate-basel-verliert-ceo\/","name":"Central Real Estate Basel verliert CEO - IMMOBILIEN Business","isPartOf":{"@id":"https:\/\/www.immobilienbusiness.ch\/#website"},"primaryImageOfPage":{"@id":"https:\/\/www.immobilienbusiness.ch\/unternehmen\/2020-06-16\/central-real-estate-basel-verliert-ceo\/#primaryimage"},"image":{"@id":"https:\/\/www.immobilienbusiness.ch\/unternehmen\/2020-06-16\/central-real-estate-basel-verliert-ceo\/#primaryimage"},"thumbnailUrl":"https:\/\/www.immobilienbusiness.ch\/wp-content\/uploads\/2016\/12\/Basel-Im-Klybeck-entsteht-ein-neues-Stadtquartier-immobilien-business.jpg","datePublished":"2020-06-16T05:40:56+00:00","description":"Wechsel in der Unternehmensleitung bei der Central Real Estate Basel AG: CEO Andreas U. F\u00fcrst tritt von seinem Posten ab.","breadcrumb":{"@id":"https:\/\/www.immobilienbusiness.ch\/unternehmen\/2020-06-16\/central-real-estate-basel-verliert-ceo\/#breadcrumb"},"inLanguage":"de","potentialAction":[{"@type":"ReadAction","target":["https:\/\/www.immobilienbusiness.ch\/unternehmen\/2020-06-16\/central-real-estate-basel-verliert-ceo\/"]}]},{"@type":"ImageObject","inLanguage":"de","@id":"https:\/\/www.immobilienbusiness.ch\/unternehmen\/2020-06-16\/central-real-estate-basel-verliert-ceo\/#primaryimage","url":"https:\/\/www.immobilienbusiness.ch\/wp-content\/uploads\/2016\/12\/Basel-Im-Klybeck-entsteht-ein-neues-Stadtquartier-immobilien-business.jpg","contentUrl":"https:\/\/www.immobilienbusiness.ch\/wp-content\/uploads\/2016\/12\/Basel-Im-Klybeck-entsteht-ein-neues-Stadtquartier-immobilien-business.jpg","width":2560,"height":1703,"caption":"Der Planungsperimeter klybeckplus, mit angrenzenden Gr\u00fcn-, Freifl\u00e4chen und Strassen (Bild: Kanton Basel-Stadt)"},{"@type":"BreadcrumbList","@id":"https:\/\/www.immobilienbusiness.ch\/unternehmen\/2020-06-16\/central-real-estate-basel-verliert-ceo\/#breadcrumb","itemListElement":[{"@type":"ListItem","position":1,"name":"Home","item":"https:\/\/www.immobilienbusiness.ch\/"},{"@type":"ListItem","position":2,"name":"Central Real Estate Basel verliert CEO"}]},{"@type":"WebSite","@id":"https:\/\/www.immobilienbusiness.ch\/#website","url":"https:\/\/www.immobilienbusiness.ch\/","name":"IMMOBILIEN Business","description":"Unabh\u00e4ngiges Schweizer Wirtschaftsmagazin mit Fokus auf Immobilien, Architektur- und Bau sowie Investment- und Finanzierung.","publisher":{"@id":"https:\/\/www.immobilienbusiness.ch\/#organization"},"potentialAction":[{"@type":"SearchAction","target":{"@type":"EntryPoint","urlTemplate":"https:\/\/www.immobilienbusiness.ch\/?s={search_term_string}"},"query-input":{"@type":"PropertyValueSpecification","valueRequired":true,"valueName":"search_term_string"}}],"inLanguage":"de"},{"@type":"Organization","@id":"https:\/\/www.immobilienbusiness.ch\/#organization","name":"IMMOBILIEN Business","url":"https:\/\/www.immobilienbusiness.ch\/","logo":{"@type":"ImageObject","inLanguage":"de","@id":"https:\/\/www.immobilienbusiness.ch\/#\/schema\/logo\/image\/","url":"https:\/\/www.immobilienbusiness.ch\/wp-content\/uploads\/2021\/07\/logo_ib.png","contentUrl":"https:\/\/www.immobilienbusiness.ch\/wp-content\/uploads\/2021\/07\/logo_ib.png","width":800,"height":181,"caption":"IMMOBILIEN Business"},"image":{"@id":"https:\/\/www.immobilienbusiness.ch\/#\/schema\/logo\/image\/"},"sameAs":["https:\/\/www.facebook.com\/immobilienbusiness\/"]},{"@type":"Person","@id":"https:\/\/www.immobilienbusiness.ch\/#\/schema\/person\/3fc036297b10b9f42d6db5ee932af8c8","name":"anja.hall","image":{"@type":"ImageObject","inLanguage":"de","@id":"https:\/\/secure.gravatar.com\/avatar\/066b5a0d447013502c71a5782f4f3469f03cfe595cc2329fb94652fe47511bfb?s=96&d=mm&r=g","url":"https:\/\/secure.gravatar.com\/avatar\/066b5a0d447013502c71a5782f4f3469f03cfe595cc2329fb94652fe47511bfb?s=96&d=mm&r=g","contentUrl":"https:\/\/secure.gravatar.com\/avatar\/066b5a0d447013502c71a5782f4f3469f03cfe595cc2329fb94652fe47511bfb?s=96&d=mm&r=g","caption":"anja.hall"},"url":"https:\/\/www.immobilienbusiness.ch\/de\/author\/anja-hall\/"}]}},"_links":{"self":[{"href":"https:\/\/www.immobilienbusiness.ch\/de\/wp-json\/wp\/v2\/posts\/21528","targetHints":{"allow":["GET"]}}],"collection":[{"href":"https:\/\/www.immobilienbusiness.ch\/de\/wp-json\/wp\/v2\/posts"}],"about":[{"href":"https:\/\/www.immobilienbusiness.ch\/de\/wp-json\/wp\/v2\/types\/post"}],"author":[{"embeddable":true,"href":"https:\/\/www.immobilienbusiness.ch\/de\/wp-json\/wp\/v2\/users\/3"}],"replies":[{"embeddable":true,"href":"https:\/\/www.immobilienbusiness.ch\/de\/wp-json\/wp\/v2\/comments?post=21528"}],"version-history":[{"count":0,"href":"https:\/\/www.immobilienbusiness.ch\/de\/wp-json\/wp\/v2\/posts\/21528\/revisions"}],"wp:featuredmedia":[{"embeddable":true,"href":"https:\/\/www.immobilienbusiness.ch\/de\/wp-json\/wp\/v2\/media\/3731"}],"wp:attachment":[{"href":"https:\/\/www.immobilienbusiness.ch\/de\/wp-json\/wp\/v2\/media?parent=21528"}],"wp:term":[{"taxonomy":"category","embeddable":true,"href":"https:\/\/www.immobilienbusiness.ch\/de\/wp-json\/wp\/v2\/categories?post=21528"},{"taxonomy":"post_tag","embeddable":true,"href":"https:\/\/www.immobilienbusiness.ch\/de\/wp-json\/wp\/v2\/tags?post=21528"}],"curies":[{"name":"wp","href":"https:\/\/api.w.org\/{rel}","templated":true}]}}