{"id":21447,"date":"2020-06-09T08:52:04","date_gmt":"2020-06-09T06:52:04","guid":{"rendered":"https:\/\/www.immobilienbusiness.ch\/?p=21447"},"modified":"2020-06-09T08:52:04","modified_gmt":"2020-06-09T06:52:04","slug":"neue-bauvorsteherin-fuer-st-gallen","status":"publish","type":"post","link":"https:\/\/www.immobilienbusiness.ch\/de\/regionen\/2020-06-09\/neue-bauvorsteherin-fuer-st-gallen\/","title":{"rendered":"Neue Bauvorsteherin f\u00fcr St. Gallen"},"content":{"rendered":"<figure id=\"attachment_14021\" aria-describedby=\"caption-attachment-14021\" style=\"width: 680px\" class=\"wp-caption alignnone\"><img loading=\"lazy\" decoding=\"async\" class=\"size-medium wp-image-14021\" src=\"https:\/\/www.immobilienbusiness.ch\/wp-content\/uploads\/2018\/09\/Depositphotos_208816580_m-2015-1.jpg\" alt=\"\" width=\"680\" height=\"509\" \/><figcaption id=\"caption-attachment-14021\" class=\"wp-caption-text\">St. Gallen (Bild: RuslanKal &#8211; depositphotos)<\/figcaption><\/figure>\n<p>Die neue Bauvorsteherin Susanne Hartmann hat Anfang Juni ihr Amt als Regierungsr\u00e4tin angetreten. Sie \u00fcbernimmt das Baudepartment von Regierungsrat Marc M\u00e4chler, der k\u00fcnftig das Finanzdepartement leitet. M\u00e4chler kann auf eine ereignisreiche vergangene Legislatur zur\u00fcckblicken. In seiner vierj\u00e4hrigen Amtszeit sagte das Stimmvolk Ja zu gewichtigen Hochbauprojekten wie dem Campus Platztor f\u00fcr die Universit\u00e4t St.Gallen oder der Sanierung des Theaters St.Gallen. Stark gefordert war er auch in den Bereichen Klimawandel und Energie. Nicht zuletzt setzte sich Regierungsrat Marc M\u00e4chler erfolgreich f\u00fcr die Gr\u00fcndung des Metropolitanraums Bodensee ein.<\/p>\n<p>F\u00fcr Susanne Hartmann sind die T\u00e4tigkeitsgebiete und Projekte des Baudepartementes kein Neuland. So begleitete sie in ihrer Funktion als Wiler Stadtpr\u00e4sidentin in den letzten Jahren in enger Zusammenarbeit mit den Kantonen St.Gallen und Thurgau die Standortentwicklung Wilwest. Vor ihrer Wahl zur Stadtpr\u00e4sidentin war sie sodann f\u00fcnf Jahre als Baujuristin im Tiefbauamt der Baudirektion des Kantons Z\u00fcrich t\u00e4tig. Sie kennt sogar das St.Galler Baudepartement bereits aus eigener Erfahrung: Sie absolvierte zu Beginn ihrer beruflichen Laufbahn in der Rechtsabteilung des Baudepartementes ein Praktikum. <em>(bw)<\/em><\/p>\n","protected":false},"excerpt":{"rendered":"<p>Anfang Juni hat Susanne Hartmann im Kanton St. Gallen ihre Arbeit als Bauchefin aufgenommen. Die Regierungsr\u00e4tin \u00fcbernimmt mit dem Baudepartement ein Resort mit einer ganzen Reihe an grossen Projekten im Hoch- und Tiefbau, in der Raumplanung sowie im Umwelt- und Energiebereich.<\/p>\n","protected":false},"author":3,"featured_media":14021,"comment_status":"closed","ping_status":"open","sticky":false,"template":"","format":"standard","meta":{"_acf_changed":false,"_yoast_wpseo_focuskw":"Gallen","_yoast_wpseo_title":"","_yoast_wpseo_metadesc":"Anfang Juni hat Susanne Hartmann im Kanton St. Gallen ihre Arbeit als Bauchefin aufgenommen. Die Regierungsr\u00e4tin \u00fcbernimmt mit dem Baudepartement ein Resort mit einer ganzen Reihe an grossen Projekten.","_yoast_wpseo_linkdex":53,"pgc_sgb_lightbox_settings":"","footnotes":""},"categories":[985],"tags":[1405,1563],"class_list":["post-21447","post","type-post","status-publish","format-standard","has-post-thumbnail","hentry","category-regionen","tag-kanton-st-gallen","tag-personalia"],"acf":[],"yoast_head":"<!-- This site is optimized with the Yoast SEO plugin v27.4 - https:\/\/yoast.com\/product\/yoast-seo-wordpress\/ -->\n<title>Neue Bauvorsteherin f\u00fcr St. Gallen - IMMOBILIEN Business<\/title>\n<meta name=\"description\" content=\"Anfang Juni hat Susanne Hartmann im Kanton St. Gallen ihre Arbeit als Bauchefin aufgenommen. Die Regierungsr\u00e4tin \u00fcbernimmt mit dem Baudepartement ein Resort mit einer ganzen Reihe an grossen Projekten.\" \/>\n<meta name=\"robots\" content=\"index, follow, max-snippet:-1, max-image-preview:large, max-video-preview:-1\" \/>\n<link rel=\"canonical\" href=\"https:\/\/www.immobilienbusiness.ch\/de\/regionen\/2020-06-09\/neue-bauvorsteherin-fuer-st-gallen\/\" \/>\n<meta property=\"og:locale\" content=\"de_DE\" \/>\n<meta property=\"og:type\" content=\"article\" \/>\n<meta property=\"og:title\" content=\"Neue Bauvorsteherin f\u00fcr St. Gallen - IMMOBILIEN Business\" \/>\n<meta property=\"og:description\" content=\"Anfang Juni hat Susanne Hartmann im Kanton St. Gallen ihre Arbeit als Bauchefin aufgenommen. Die Regierungsr\u00e4tin \u00fcbernimmt mit dem Baudepartement ein Resort mit einer ganzen Reihe an grossen Projekten.\" \/>\n<meta property=\"og:url\" content=\"https:\/\/www.immobilienbusiness.ch\/de\/regionen\/2020-06-09\/neue-bauvorsteherin-fuer-st-gallen\/\" \/>\n<meta property=\"og:site_name\" content=\"IMMOBILIEN Business\" \/>\n<meta property=\"article:publisher\" content=\"https:\/\/www.facebook.com\/immobilienbusiness\/\" \/>\n<meta property=\"article:published_time\" content=\"2020-06-09T06:52:04+00:00\" \/>\n<meta property=\"og:image\" content=\"https:\/\/www.immobilienbusiness.ch\/wp-content\/uploads\/2018\/09\/Depositphotos_208816580_m-2015-1-e1708331128582.jpg\" \/>\n\t<meta property=\"og:image:width\" content=\"1000\" \/>\n\t<meta property=\"og:image:height\" content=\"666\" \/>\n\t<meta property=\"og:image:type\" content=\"image\/jpeg\" \/>\n<meta name=\"author\" content=\"anja.hall\" \/>\n<meta name=\"twitter:card\" content=\"summary_large_image\" \/>\n<meta name=\"twitter:image\" content=\"https:\/\/www.immobilienbusiness.ch\/wp-content\/uploads\/2018\/09\/Depositphotos_208816580_m-2015-1-e1708331128582.jpg\" \/>\n<script type=\"application\/ld+json\" class=\"yoast-schema-graph\">{\"@context\":\"https:\\\/\\\/schema.org\",\"@graph\":[{\"@type\":\"Article\",\"@id\":\"https:\\\/\\\/www.immobilienbusiness.ch\\\/de\\\/regionen\\\/2020-06-09\\\/neue-bauvorsteherin-fuer-st-gallen\\\/#article\",\"isPartOf\":{\"@id\":\"https:\\\/\\\/www.immobilienbusiness.ch\\\/de\\\/regionen\\\/2020-06-09\\\/neue-bauvorsteherin-fuer-st-gallen\\\/\"},\"author\":{\"name\":\"anja.hall\",\"@id\":\"https:\\\/\\\/www.immobilienbusiness.ch\\\/#\\\/schema\\\/person\\\/3fc036297b10b9f42d6db5ee932af8c8\"},\"headline\":\"Neue Bauvorsteherin f\u00fcr St. Gallen\",\"datePublished\":\"2020-06-09T06:52:04+00:00\",\"mainEntityOfPage\":{\"@id\":\"https:\\\/\\\/www.immobilienbusiness.ch\\\/de\\\/regionen\\\/2020-06-09\\\/neue-bauvorsteherin-fuer-st-gallen\\\/\"},\"wordCount\":208,\"publisher\":{\"@id\":\"https:\\\/\\\/www.immobilienbusiness.ch\\\/#organization\"},\"image\":{\"@id\":\"https:\\\/\\\/www.immobilienbusiness.ch\\\/de\\\/regionen\\\/2020-06-09\\\/neue-bauvorsteherin-fuer-st-gallen\\\/#primaryimage\"},\"thumbnailUrl\":\"https:\\\/\\\/www.immobilienbusiness.ch\\\/wp-content\\\/uploads\\\/2018\\\/09\\\/Depositphotos_208816580_m-2015-1-e1708331128582.jpg\",\"keywords\":[\"Kanton St. Gallen\",\"Personalia\"],\"articleSection\":[\"REGIONEN\"],\"inLanguage\":\"de\"},{\"@type\":\"WebPage\",\"@id\":\"https:\\\/\\\/www.immobilienbusiness.ch\\\/de\\\/regionen\\\/2020-06-09\\\/neue-bauvorsteherin-fuer-st-gallen\\\/\",\"url\":\"https:\\\/\\\/www.immobilienbusiness.ch\\\/de\\\/regionen\\\/2020-06-09\\\/neue-bauvorsteherin-fuer-st-gallen\\\/\",\"name\":\"Neue Bauvorsteherin f\u00fcr St. Gallen - IMMOBILIEN Business\",\"isPartOf\":{\"@id\":\"https:\\\/\\\/www.immobilienbusiness.ch\\\/#website\"},\"primaryImageOfPage\":{\"@id\":\"https:\\\/\\\/www.immobilienbusiness.ch\\\/de\\\/regionen\\\/2020-06-09\\\/neue-bauvorsteherin-fuer-st-gallen\\\/#primaryimage\"},\"image\":{\"@id\":\"https:\\\/\\\/www.immobilienbusiness.ch\\\/de\\\/regionen\\\/2020-06-09\\\/neue-bauvorsteherin-fuer-st-gallen\\\/#primaryimage\"},\"thumbnailUrl\":\"https:\\\/\\\/www.immobilienbusiness.ch\\\/wp-content\\\/uploads\\\/2018\\\/09\\\/Depositphotos_208816580_m-2015-1-e1708331128582.jpg\",\"datePublished\":\"2020-06-09T06:52:04+00:00\",\"description\":\"Anfang Juni hat Susanne Hartmann im Kanton St. Gallen ihre Arbeit als Bauchefin aufgenommen. Die Regierungsr\u00e4tin \u00fcbernimmt mit dem Baudepartement ein Resort mit einer ganzen Reihe an grossen Projekten.\",\"breadcrumb\":{\"@id\":\"https:\\\/\\\/www.immobilienbusiness.ch\\\/de\\\/regionen\\\/2020-06-09\\\/neue-bauvorsteherin-fuer-st-gallen\\\/#breadcrumb\"},\"inLanguage\":\"de\",\"potentialAction\":[{\"@type\":\"ReadAction\",\"target\":[\"https:\\\/\\\/www.immobilienbusiness.ch\\\/de\\\/regionen\\\/2020-06-09\\\/neue-bauvorsteherin-fuer-st-gallen\\\/\"]}]},{\"@type\":\"ImageObject\",\"inLanguage\":\"de\",\"@id\":\"https:\\\/\\\/www.immobilienbusiness.ch\\\/de\\\/regionen\\\/2020-06-09\\\/neue-bauvorsteherin-fuer-st-gallen\\\/#primaryimage\",\"url\":\"https:\\\/\\\/www.immobilienbusiness.ch\\\/wp-content\\\/uploads\\\/2018\\\/09\\\/Depositphotos_208816580_m-2015-1-e1708331128582.jpg\",\"contentUrl\":\"https:\\\/\\\/www.immobilienbusiness.ch\\\/wp-content\\\/uploads\\\/2018\\\/09\\\/Depositphotos_208816580_m-2015-1-e1708331128582.jpg\",\"width\":1000,\"height\":666,\"caption\":\"St. Gallen (Bild: RuslanKal - depositphotos)\"},{\"@type\":\"BreadcrumbList\",\"@id\":\"https:\\\/\\\/www.immobilienbusiness.ch\\\/de\\\/regionen\\\/2020-06-09\\\/neue-bauvorsteherin-fuer-st-gallen\\\/#breadcrumb\",\"itemListElement\":[{\"@type\":\"ListItem\",\"position\":1,\"name\":\"Home\",\"item\":\"https:\\\/\\\/www.immobilienbusiness.ch\\\/\"},{\"@type\":\"ListItem\",\"position\":2,\"name\":\"Neue Bauvorsteherin f\u00fcr St. Gallen\"}]},{\"@type\":\"WebSite\",\"@id\":\"https:\\\/\\\/www.immobilienbusiness.ch\\\/#website\",\"url\":\"https:\\\/\\\/www.immobilienbusiness.ch\\\/\",\"name\":\"IMMOBILIEN Business\",\"description\":\"Unabh\u00e4ngiges Schweizer Wirtschaftsmagazin mit Fokus auf Immobilien, Architektur- und Bau sowie Investment- und Finanzierung.\",\"publisher\":{\"@id\":\"https:\\\/\\\/www.immobilienbusiness.ch\\\/#organization\"},\"potentialAction\":[{\"@type\":\"SearchAction\",\"target\":{\"@type\":\"EntryPoint\",\"urlTemplate\":\"https:\\\/\\\/www.immobilienbusiness.ch\\\/?s={search_term_string}\"},\"query-input\":{\"@type\":\"PropertyValueSpecification\",\"valueRequired\":true,\"valueName\":\"search_term_string\"}}],\"inLanguage\":\"de\"},{\"@type\":\"Organization\",\"@id\":\"https:\\\/\\\/www.immobilienbusiness.ch\\\/#organization\",\"name\":\"IMMOBILIEN Business\",\"url\":\"https:\\\/\\\/www.immobilienbusiness.ch\\\/\",\"logo\":{\"@type\":\"ImageObject\",\"inLanguage\":\"de\",\"@id\":\"https:\\\/\\\/www.immobilienbusiness.ch\\\/#\\\/schema\\\/logo\\\/image\\\/\",\"url\":\"https:\\\/\\\/www.immobilienbusiness.ch\\\/wp-content\\\/uploads\\\/2021\\\/07\\\/logo_ib.png\",\"contentUrl\":\"https:\\\/\\\/www.immobilienbusiness.ch\\\/wp-content\\\/uploads\\\/2021\\\/07\\\/logo_ib.png\",\"width\":800,\"height\":181,\"caption\":\"IMMOBILIEN Business\"},\"image\":{\"@id\":\"https:\\\/\\\/www.immobilienbusiness.ch\\\/#\\\/schema\\\/logo\\\/image\\\/\"},\"sameAs\":[\"https:\\\/\\\/www.facebook.com\\\/immobilienbusiness\\\/\"]},{\"@type\":\"Person\",\"@id\":\"https:\\\/\\\/www.immobilienbusiness.ch\\\/#\\\/schema\\\/person\\\/3fc036297b10b9f42d6db5ee932af8c8\",\"name\":\"anja.hall\",\"image\":{\"@type\":\"ImageObject\",\"inLanguage\":\"de\",\"@id\":\"https:\\\/\\\/secure.gravatar.com\\\/avatar\\\/066b5a0d447013502c71a5782f4f3469f03cfe595cc2329fb94652fe47511bfb?s=96&d=mm&r=g\",\"url\":\"https:\\\/\\\/secure.gravatar.com\\\/avatar\\\/066b5a0d447013502c71a5782f4f3469f03cfe595cc2329fb94652fe47511bfb?s=96&d=mm&r=g\",\"contentUrl\":\"https:\\\/\\\/secure.gravatar.com\\\/avatar\\\/066b5a0d447013502c71a5782f4f3469f03cfe595cc2329fb94652fe47511bfb?s=96&d=mm&r=g\",\"caption\":\"anja.hall\"},\"url\":\"https:\\\/\\\/www.immobilienbusiness.ch\\\/de\\\/author\\\/anja-hall\\\/\"}]}<\/script>\n<!-- \/ Yoast SEO plugin. -->","yoast_head_json":{"title":"Neue Bauvorsteherin f\u00fcr St. Gallen - IMMOBILIEN Business","description":"Anfang Juni hat Susanne Hartmann im Kanton St. Gallen ihre Arbeit als Bauchefin aufgenommen. Die Regierungsr\u00e4tin \u00fcbernimmt mit dem Baudepartement ein Resort mit einer ganzen Reihe an grossen Projekten.","robots":{"index":"index","follow":"follow","max-snippet":"max-snippet:-1","max-image-preview":"max-image-preview:large","max-video-preview":"max-video-preview:-1"},"canonical":"https:\/\/www.immobilienbusiness.ch\/de\/regionen\/2020-06-09\/neue-bauvorsteherin-fuer-st-gallen\/","og_locale":"de_DE","og_type":"article","og_title":"Neue Bauvorsteherin f\u00fcr St. Gallen - IMMOBILIEN Business","og_description":"Anfang Juni hat Susanne Hartmann im Kanton St. Gallen ihre Arbeit als Bauchefin aufgenommen. Die Regierungsr\u00e4tin \u00fcbernimmt mit dem Baudepartement ein Resort mit einer ganzen Reihe an grossen Projekten.","og_url":"https:\/\/www.immobilienbusiness.ch\/de\/regionen\/2020-06-09\/neue-bauvorsteherin-fuer-st-gallen\/","og_site_name":"IMMOBILIEN Business","article_publisher":"https:\/\/www.facebook.com\/immobilienbusiness\/","article_published_time":"2020-06-09T06:52:04+00:00","og_image":[{"width":1000,"height":666,"url":"https:\/\/www.immobilienbusiness.ch\/wp-content\/uploads\/2018\/09\/Depositphotos_208816580_m-2015-1-e1708331128582.jpg","type":"image\/jpeg"}],"author":"anja.hall","twitter_card":"summary_large_image","twitter_image":"https:\/\/www.immobilienbusiness.ch\/wp-content\/uploads\/2018\/09\/Depositphotos_208816580_m-2015-1-e1708331128582.jpg","schema":{"@context":"https:\/\/schema.org","@graph":[{"@type":"Article","@id":"https:\/\/www.immobilienbusiness.ch\/de\/regionen\/2020-06-09\/neue-bauvorsteherin-fuer-st-gallen\/#article","isPartOf":{"@id":"https:\/\/www.immobilienbusiness.ch\/de\/regionen\/2020-06-09\/neue-bauvorsteherin-fuer-st-gallen\/"},"author":{"name":"anja.hall","@id":"https:\/\/www.immobilienbusiness.ch\/#\/schema\/person\/3fc036297b10b9f42d6db5ee932af8c8"},"headline":"Neue Bauvorsteherin f\u00fcr St. Gallen","datePublished":"2020-06-09T06:52:04+00:00","mainEntityOfPage":{"@id":"https:\/\/www.immobilienbusiness.ch\/de\/regionen\/2020-06-09\/neue-bauvorsteherin-fuer-st-gallen\/"},"wordCount":208,"publisher":{"@id":"https:\/\/www.immobilienbusiness.ch\/#organization"},"image":{"@id":"https:\/\/www.immobilienbusiness.ch\/de\/regionen\/2020-06-09\/neue-bauvorsteherin-fuer-st-gallen\/#primaryimage"},"thumbnailUrl":"https:\/\/www.immobilienbusiness.ch\/wp-content\/uploads\/2018\/09\/Depositphotos_208816580_m-2015-1-e1708331128582.jpg","keywords":["Kanton St. Gallen","Personalia"],"articleSection":["REGIONEN"],"inLanguage":"de"},{"@type":"WebPage","@id":"https:\/\/www.immobilienbusiness.ch\/de\/regionen\/2020-06-09\/neue-bauvorsteherin-fuer-st-gallen\/","url":"https:\/\/www.immobilienbusiness.ch\/de\/regionen\/2020-06-09\/neue-bauvorsteherin-fuer-st-gallen\/","name":"Neue Bauvorsteherin f\u00fcr St. Gallen - IMMOBILIEN Business","isPartOf":{"@id":"https:\/\/www.immobilienbusiness.ch\/#website"},"primaryImageOfPage":{"@id":"https:\/\/www.immobilienbusiness.ch\/de\/regionen\/2020-06-09\/neue-bauvorsteherin-fuer-st-gallen\/#primaryimage"},"image":{"@id":"https:\/\/www.immobilienbusiness.ch\/de\/regionen\/2020-06-09\/neue-bauvorsteherin-fuer-st-gallen\/#primaryimage"},"thumbnailUrl":"https:\/\/www.immobilienbusiness.ch\/wp-content\/uploads\/2018\/09\/Depositphotos_208816580_m-2015-1-e1708331128582.jpg","datePublished":"2020-06-09T06:52:04+00:00","description":"Anfang Juni hat Susanne Hartmann im Kanton St. Gallen ihre Arbeit als Bauchefin aufgenommen. Die Regierungsr\u00e4tin \u00fcbernimmt mit dem Baudepartement ein Resort mit einer ganzen Reihe an grossen Projekten.","breadcrumb":{"@id":"https:\/\/www.immobilienbusiness.ch\/de\/regionen\/2020-06-09\/neue-bauvorsteherin-fuer-st-gallen\/#breadcrumb"},"inLanguage":"de","potentialAction":[{"@type":"ReadAction","target":["https:\/\/www.immobilienbusiness.ch\/de\/regionen\/2020-06-09\/neue-bauvorsteherin-fuer-st-gallen\/"]}]},{"@type":"ImageObject","inLanguage":"de","@id":"https:\/\/www.immobilienbusiness.ch\/de\/regionen\/2020-06-09\/neue-bauvorsteherin-fuer-st-gallen\/#primaryimage","url":"https:\/\/www.immobilienbusiness.ch\/wp-content\/uploads\/2018\/09\/Depositphotos_208816580_m-2015-1-e1708331128582.jpg","contentUrl":"https:\/\/www.immobilienbusiness.ch\/wp-content\/uploads\/2018\/09\/Depositphotos_208816580_m-2015-1-e1708331128582.jpg","width":1000,"height":666,"caption":"St. Gallen (Bild: RuslanKal - depositphotos)"},{"@type":"BreadcrumbList","@id":"https:\/\/www.immobilienbusiness.ch\/de\/regionen\/2020-06-09\/neue-bauvorsteherin-fuer-st-gallen\/#breadcrumb","itemListElement":[{"@type":"ListItem","position":1,"name":"Home","item":"https:\/\/www.immobilienbusiness.ch\/"},{"@type":"ListItem","position":2,"name":"Neue Bauvorsteherin f\u00fcr St. Gallen"}]},{"@type":"WebSite","@id":"https:\/\/www.immobilienbusiness.ch\/#website","url":"https:\/\/www.immobilienbusiness.ch\/","name":"IMMOBILIEN Business","description":"Unabh\u00e4ngiges Schweizer Wirtschaftsmagazin mit Fokus auf Immobilien, Architektur- und Bau sowie Investment- und Finanzierung.","publisher":{"@id":"https:\/\/www.immobilienbusiness.ch\/#organization"},"potentialAction":[{"@type":"SearchAction","target":{"@type":"EntryPoint","urlTemplate":"https:\/\/www.immobilienbusiness.ch\/?s={search_term_string}"},"query-input":{"@type":"PropertyValueSpecification","valueRequired":true,"valueName":"search_term_string"}}],"inLanguage":"de"},{"@type":"Organization","@id":"https:\/\/www.immobilienbusiness.ch\/#organization","name":"IMMOBILIEN Business","url":"https:\/\/www.immobilienbusiness.ch\/","logo":{"@type":"ImageObject","inLanguage":"de","@id":"https:\/\/www.immobilienbusiness.ch\/#\/schema\/logo\/image\/","url":"https:\/\/www.immobilienbusiness.ch\/wp-content\/uploads\/2021\/07\/logo_ib.png","contentUrl":"https:\/\/www.immobilienbusiness.ch\/wp-content\/uploads\/2021\/07\/logo_ib.png","width":800,"height":181,"caption":"IMMOBILIEN Business"},"image":{"@id":"https:\/\/www.immobilienbusiness.ch\/#\/schema\/logo\/image\/"},"sameAs":["https:\/\/www.facebook.com\/immobilienbusiness\/"]},{"@type":"Person","@id":"https:\/\/www.immobilienbusiness.ch\/#\/schema\/person\/3fc036297b10b9f42d6db5ee932af8c8","name":"anja.hall","image":{"@type":"ImageObject","inLanguage":"de","@id":"https:\/\/secure.gravatar.com\/avatar\/066b5a0d447013502c71a5782f4f3469f03cfe595cc2329fb94652fe47511bfb?s=96&d=mm&r=g","url":"https:\/\/secure.gravatar.com\/avatar\/066b5a0d447013502c71a5782f4f3469f03cfe595cc2329fb94652fe47511bfb?s=96&d=mm&r=g","contentUrl":"https:\/\/secure.gravatar.com\/avatar\/066b5a0d447013502c71a5782f4f3469f03cfe595cc2329fb94652fe47511bfb?s=96&d=mm&r=g","caption":"anja.hall"},"url":"https:\/\/www.immobilienbusiness.ch\/de\/author\/anja-hall\/"}]}},"_links":{"self":[{"href":"https:\/\/www.immobilienbusiness.ch\/de\/wp-json\/wp\/v2\/posts\/21447","targetHints":{"allow":["GET"]}}],"collection":[{"href":"https:\/\/www.immobilienbusiness.ch\/de\/wp-json\/wp\/v2\/posts"}],"about":[{"href":"https:\/\/www.immobilienbusiness.ch\/de\/wp-json\/wp\/v2\/types\/post"}],"author":[{"embeddable":true,"href":"https:\/\/www.immobilienbusiness.ch\/de\/wp-json\/wp\/v2\/users\/3"}],"replies":[{"embeddable":true,"href":"https:\/\/www.immobilienbusiness.ch\/de\/wp-json\/wp\/v2\/comments?post=21447"}],"version-history":[{"count":0,"href":"https:\/\/www.immobilienbusiness.ch\/de\/wp-json\/wp\/v2\/posts\/21447\/revisions"}],"wp:featuredmedia":[{"embeddable":true,"href":"https:\/\/www.immobilienbusiness.ch\/de\/wp-json\/wp\/v2\/media\/14021"}],"wp:attachment":[{"href":"https:\/\/www.immobilienbusiness.ch\/de\/wp-json\/wp\/v2\/media?parent=21447"}],"wp:term":[{"taxonomy":"category","embeddable":true,"href":"https:\/\/www.immobilienbusiness.ch\/de\/wp-json\/wp\/v2\/categories?post=21447"},{"taxonomy":"post_tag","embeddable":true,"href":"https:\/\/www.immobilienbusiness.ch\/de\/wp-json\/wp\/v2\/tags?post=21447"}],"curies":[{"name":"wp","href":"https:\/\/api.w.org\/{rel}","templated":true}]}}