{"id":21224,"date":"2020-05-15T08:22:40","date_gmt":"2020-05-15T06:22:40","guid":{"rendered":"https:\/\/www.immobilienbusiness.ch\/?p=21224"},"modified":"2020-05-15T08:22:40","modified_gmt":"2020-05-15T06:22:40","slug":"kapitalerhoehung-fuer-senioresidenz","status":"publish","type":"post","link":"https:\/\/www.immobilienbusiness.ch\/de\/unternehmen\/2020-05-15\/kapitalerhoehung-fuer-senioresidenz\/","title":{"rendered":"Kapitalerh\u00f6hung f\u00fcr Senioresidenz"},"content":{"rendered":"<figure id=\"attachment_2170\" aria-describedby=\"caption-attachment-2170\" style=\"width: 680px\" class=\"wp-caption alignnone\"><img loading=\"lazy\" decoding=\"async\" class=\"size-medium wp-image-2170\" src=\"https:\/\/www.immobilienbusiness.ch\/wp-content\/uploads\/2016\/12\/UBS-Fonds-Sima-plant-Kapitalerh\u00f6hung-immobilien-business.jpg\" alt=\"\" width=\"680\" height=\"453\" \/><figcaption id=\"caption-attachment-2170\" class=\"wp-caption-text\">Die Senioresidenz AG plant eine Kapitalerh\u00f6hung (Bild: Markgraf-Ave &#8211; Pixabay)<\/figcaption><\/figure>\n<p>Die auf Pflegeeinrichtungen und Seniorenimmobilien spezialisierte Senioresidenz AG hat derzeit ein Liegenschaftenportfolio im Wert von 163,1 Millionen CHF; durch Zuk\u00e4ufe soll es weiter wachsen.<\/p>\n<p>Um die Akquisitionen zu finanzieren, plant die Gesellschaft eine Kapitalerh\u00f6hung im Zeitraum vom 25. Mai bis 10. Juni 2020. Eine bisherige Namenaktie werde zum Bezug einer neuen Namenaktie berechtigen, teilt Senioresidenz mit. Es sollen maximal 1,28 Millionen neue Aktien mit einem Nennwert von 49,50 CHF\u00a0 zu einem Ausgabepreis von 51,75 CHF ausgegeben werden. Ein Bezugsrechtshandel<br \/>\nwird nicht stattfinden. Aktien, die nicht im Rahmen des Bezugsrechtsangebots bezogen werden, will man der Bank J. Safra Sarasin zur weiteren Zuteilung an Investoren zuweisen.<\/p>\n<p>Die neuen Aktien werden f\u00fcr das gesamte Gesch\u00e4ftsjahr 2020 vollumf\u00e4nglich dividendenberechtigt sein, der erste Handelstag an der BX Swiss ist auf den 18. Juni 2020 vorgesehen.<\/p>\n<p>Senioresidenz investiert in Liegenschaften im Bereich Seniorenimmobilien und Pflegeeinrichtungen, beispielsweise Alterswohnungen, Alters- und Pflegeheime sowie Kliniken und \u00c4rzteh\u00e4user. Zudem kann die Gesellschaft in einer Nebenstrategie auch in andere Wohnformen auf Zeit investieren, etwa Studentenwohnungen, Businessapartments und Personalwohnungen. <em>(ah)<\/em><\/p>\n","protected":false},"excerpt":{"rendered":"<p>Um das Immobilienportfolio auszubauen, will Senioresidenz eine Kapitalerh\u00f6hung um bis zu 66,1 Millionen CHF durchf\u00fchren.<\/p>\n","protected":false},"author":3,"featured_media":2170,"comment_status":"closed","ping_status":"open","sticky":false,"template":"","format":"standard","meta":{"_acf_changed":false,"_yoast_wpseo_focuskw":"Senioresidenz","_yoast_wpseo_title":"","_yoast_wpseo_metadesc":"Um das Immobilienportfolio auszubauen, will Senioresidenz eine Kapitalerh\u00f6hung im Volumen von bis zu 66,1 Millionen CHF durchf\u00fchren.","_yoast_wpseo_linkdex":48,"pgc_sgb_lightbox_settings":"","footnotes":""},"categories":[988],"tags":[1412,1570,1687],"class_list":["post-21224","post","type-post","status-publish","format-standard","has-post-thumbnail","hentry","category-unternehmen","tag-kapitalerhoehung","tag-pflegeheim","tag-seniorenresidenz"],"acf":[],"yoast_head":"<!-- This site is optimized with the Yoast SEO plugin v27.4 - https:\/\/yoast.com\/product\/yoast-seo-wordpress\/ -->\n<title>Kapitalerh\u00f6hung f\u00fcr Senioresidenz - IMMOBILIEN Business<\/title>\n<meta name=\"description\" content=\"Um das Immobilienportfolio auszubauen, will Senioresidenz eine Kapitalerh\u00f6hung im Volumen von bis zu 66,1 Millionen CHF durchf\u00fchren.\" \/>\n<meta name=\"robots\" content=\"index, follow, max-snippet:-1, max-image-preview:large, max-video-preview:-1\" \/>\n<link rel=\"canonical\" href=\"https:\/\/www.immobilienbusiness.ch\/de\/unternehmen\/2020-05-15\/kapitalerhoehung-fuer-senioresidenz\/\" \/>\n<meta property=\"og:locale\" content=\"de_DE\" \/>\n<meta property=\"og:type\" content=\"article\" \/>\n<meta property=\"og:title\" content=\"Kapitalerh\u00f6hung f\u00fcr Senioresidenz - IMMOBILIEN Business\" \/>\n<meta property=\"og:description\" content=\"Um das Immobilienportfolio auszubauen, will Senioresidenz eine Kapitalerh\u00f6hung im Volumen von bis zu 66,1 Millionen CHF durchf\u00fchren.\" \/>\n<meta property=\"og:url\" content=\"https:\/\/www.immobilienbusiness.ch\/de\/unternehmen\/2020-05-15\/kapitalerhoehung-fuer-senioresidenz\/\" \/>\n<meta property=\"og:site_name\" content=\"IMMOBILIEN Business\" \/>\n<meta property=\"article:publisher\" content=\"https:\/\/www.facebook.com\/immobilienbusiness\/\" \/>\n<meta property=\"article:published_time\" content=\"2020-05-15T06:22:40+00:00\" \/>\n<meta property=\"og:image\" content=\"https:\/\/www.immobilienbusiness.ch\/wp-content\/uploads\/2016\/12\/UBS-Fonds-Sima-plant-Kapitalerhoehung-immobilien-business.jpg\" \/>\n\t<meta property=\"og:image:width\" content=\"1280\" \/>\n\t<meta property=\"og:image:height\" content=\"853\" \/>\n\t<meta property=\"og:image:type\" content=\"image\/jpeg\" \/>\n<meta name=\"author\" content=\"anja.hall\" \/>\n<meta name=\"twitter:card\" content=\"summary_large_image\" \/>\n<meta name=\"twitter:image\" content=\"https:\/\/www.immobilienbusiness.ch\/wp-content\/uploads\/2016\/12\/UBS-Fonds-Sima-plant-Kapitalerhoehung-immobilien-business.jpg\" \/>\n<script type=\"application\/ld+json\" class=\"yoast-schema-graph\">{\"@context\":\"https:\\\/\\\/schema.org\",\"@graph\":[{\"@type\":\"Article\",\"@id\":\"https:\\\/\\\/www.immobilienbusiness.ch\\\/unternehmen\\\/2020-05-15\\\/kapitalerhoehung-fuer-senioresidenz\\\/#article\",\"isPartOf\":{\"@id\":\"https:\\\/\\\/www.immobilienbusiness.ch\\\/unternehmen\\\/2020-05-15\\\/kapitalerhoehung-fuer-senioresidenz\\\/\"},\"author\":{\"name\":\"anja.hall\",\"@id\":\"https:\\\/\\\/www.immobilienbusiness.ch\\\/#\\\/schema\\\/person\\\/3fc036297b10b9f42d6db5ee932af8c8\"},\"headline\":\"Kapitalerh\u00f6hung f\u00fcr Senioresidenz\",\"datePublished\":\"2020-05-15T06:22:40+00:00\",\"mainEntityOfPage\":{\"@id\":\"https:\\\/\\\/www.immobilienbusiness.ch\\\/unternehmen\\\/2020-05-15\\\/kapitalerhoehung-fuer-senioresidenz\\\/\"},\"wordCount\":187,\"publisher\":{\"@id\":\"https:\\\/\\\/www.immobilienbusiness.ch\\\/#organization\"},\"image\":{\"@id\":\"https:\\\/\\\/www.immobilienbusiness.ch\\\/unternehmen\\\/2020-05-15\\\/kapitalerhoehung-fuer-senioresidenz\\\/#primaryimage\"},\"thumbnailUrl\":\"https:\\\/\\\/www.immobilienbusiness.ch\\\/wp-content\\\/uploads\\\/2016\\\/12\\\/UBS-Fonds-Sima-plant-Kapitalerhoehung-immobilien-business.jpg\",\"keywords\":[\"Kapitalerh\u00f6hung\",\"Pflegeheim\",\"Seniorenresidenz\"],\"articleSection\":[\"UNTERNEHMEN\"],\"inLanguage\":\"de\"},{\"@type\":\"WebPage\",\"@id\":\"https:\\\/\\\/www.immobilienbusiness.ch\\\/unternehmen\\\/2020-05-15\\\/kapitalerhoehung-fuer-senioresidenz\\\/\",\"url\":\"https:\\\/\\\/www.immobilienbusiness.ch\\\/unternehmen\\\/2020-05-15\\\/kapitalerhoehung-fuer-senioresidenz\\\/\",\"name\":\"Kapitalerh\u00f6hung f\u00fcr Senioresidenz - IMMOBILIEN Business\",\"isPartOf\":{\"@id\":\"https:\\\/\\\/www.immobilienbusiness.ch\\\/#website\"},\"primaryImageOfPage\":{\"@id\":\"https:\\\/\\\/www.immobilienbusiness.ch\\\/unternehmen\\\/2020-05-15\\\/kapitalerhoehung-fuer-senioresidenz\\\/#primaryimage\"},\"image\":{\"@id\":\"https:\\\/\\\/www.immobilienbusiness.ch\\\/unternehmen\\\/2020-05-15\\\/kapitalerhoehung-fuer-senioresidenz\\\/#primaryimage\"},\"thumbnailUrl\":\"https:\\\/\\\/www.immobilienbusiness.ch\\\/wp-content\\\/uploads\\\/2016\\\/12\\\/UBS-Fonds-Sima-plant-Kapitalerhoehung-immobilien-business.jpg\",\"datePublished\":\"2020-05-15T06:22:40+00:00\",\"description\":\"Um das Immobilienportfolio auszubauen, will Senioresidenz eine Kapitalerh\u00f6hung im Volumen von bis zu 66,1 Millionen CHF durchf\u00fchren.\",\"breadcrumb\":{\"@id\":\"https:\\\/\\\/www.immobilienbusiness.ch\\\/unternehmen\\\/2020-05-15\\\/kapitalerhoehung-fuer-senioresidenz\\\/#breadcrumb\"},\"inLanguage\":\"de\",\"potentialAction\":[{\"@type\":\"ReadAction\",\"target\":[\"https:\\\/\\\/www.immobilienbusiness.ch\\\/unternehmen\\\/2020-05-15\\\/kapitalerhoehung-fuer-senioresidenz\\\/\"]}]},{\"@type\":\"ImageObject\",\"inLanguage\":\"de\",\"@id\":\"https:\\\/\\\/www.immobilienbusiness.ch\\\/unternehmen\\\/2020-05-15\\\/kapitalerhoehung-fuer-senioresidenz\\\/#primaryimage\",\"url\":\"https:\\\/\\\/www.immobilienbusiness.ch\\\/wp-content\\\/uploads\\\/2016\\\/12\\\/UBS-Fonds-Sima-plant-Kapitalerhoehung-immobilien-business.jpg\",\"contentUrl\":\"https:\\\/\\\/www.immobilienbusiness.ch\\\/wp-content\\\/uploads\\\/2016\\\/12\\\/UBS-Fonds-Sima-plant-Kapitalerhoehung-immobilien-business.jpg\",\"width\":1280,\"height\":853,\"caption\":\"UBS Sima plant eine Kapitalerh\u00f6hung \u00fcber 370 Millionen (Foto: Markgraf-Ave - Pixabay)\"},{\"@type\":\"BreadcrumbList\",\"@id\":\"https:\\\/\\\/www.immobilienbusiness.ch\\\/unternehmen\\\/2020-05-15\\\/kapitalerhoehung-fuer-senioresidenz\\\/#breadcrumb\",\"itemListElement\":[{\"@type\":\"ListItem\",\"position\":1,\"name\":\"Home\",\"item\":\"https:\\\/\\\/www.immobilienbusiness.ch\\\/\"},{\"@type\":\"ListItem\",\"position\":2,\"name\":\"Kapitalerh\u00f6hung f\u00fcr Senioresidenz\"}]},{\"@type\":\"WebSite\",\"@id\":\"https:\\\/\\\/www.immobilienbusiness.ch\\\/#website\",\"url\":\"https:\\\/\\\/www.immobilienbusiness.ch\\\/\",\"name\":\"IMMOBILIEN Business\",\"description\":\"Unabh\u00e4ngiges Schweizer Wirtschaftsmagazin mit Fokus auf Immobilien, Architektur- und Bau sowie Investment- und Finanzierung.\",\"publisher\":{\"@id\":\"https:\\\/\\\/www.immobilienbusiness.ch\\\/#organization\"},\"potentialAction\":[{\"@type\":\"SearchAction\",\"target\":{\"@type\":\"EntryPoint\",\"urlTemplate\":\"https:\\\/\\\/www.immobilienbusiness.ch\\\/?s={search_term_string}\"},\"query-input\":{\"@type\":\"PropertyValueSpecification\",\"valueRequired\":true,\"valueName\":\"search_term_string\"}}],\"inLanguage\":\"de\"},{\"@type\":\"Organization\",\"@id\":\"https:\\\/\\\/www.immobilienbusiness.ch\\\/#organization\",\"name\":\"IMMOBILIEN Business\",\"url\":\"https:\\\/\\\/www.immobilienbusiness.ch\\\/\",\"logo\":{\"@type\":\"ImageObject\",\"inLanguage\":\"de\",\"@id\":\"https:\\\/\\\/www.immobilienbusiness.ch\\\/#\\\/schema\\\/logo\\\/image\\\/\",\"url\":\"https:\\\/\\\/www.immobilienbusiness.ch\\\/wp-content\\\/uploads\\\/2021\\\/07\\\/logo_ib.png\",\"contentUrl\":\"https:\\\/\\\/www.immobilienbusiness.ch\\\/wp-content\\\/uploads\\\/2021\\\/07\\\/logo_ib.png\",\"width\":800,\"height\":181,\"caption\":\"IMMOBILIEN Business\"},\"image\":{\"@id\":\"https:\\\/\\\/www.immobilienbusiness.ch\\\/#\\\/schema\\\/logo\\\/image\\\/\"},\"sameAs\":[\"https:\\\/\\\/www.facebook.com\\\/immobilienbusiness\\\/\"]},{\"@type\":\"Person\",\"@id\":\"https:\\\/\\\/www.immobilienbusiness.ch\\\/#\\\/schema\\\/person\\\/3fc036297b10b9f42d6db5ee932af8c8\",\"name\":\"anja.hall\",\"image\":{\"@type\":\"ImageObject\",\"inLanguage\":\"de\",\"@id\":\"https:\\\/\\\/secure.gravatar.com\\\/avatar\\\/066b5a0d447013502c71a5782f4f3469f03cfe595cc2329fb94652fe47511bfb?s=96&d=mm&r=g\",\"url\":\"https:\\\/\\\/secure.gravatar.com\\\/avatar\\\/066b5a0d447013502c71a5782f4f3469f03cfe595cc2329fb94652fe47511bfb?s=96&d=mm&r=g\",\"contentUrl\":\"https:\\\/\\\/secure.gravatar.com\\\/avatar\\\/066b5a0d447013502c71a5782f4f3469f03cfe595cc2329fb94652fe47511bfb?s=96&d=mm&r=g\",\"caption\":\"anja.hall\"},\"url\":\"https:\\\/\\\/www.immobilienbusiness.ch\\\/de\\\/author\\\/anja-hall\\\/\"}]}<\/script>\n<!-- \/ Yoast SEO plugin. -->","yoast_head_json":{"title":"Kapitalerh\u00f6hung f\u00fcr Senioresidenz - IMMOBILIEN Business","description":"Um das Immobilienportfolio auszubauen, will Senioresidenz eine Kapitalerh\u00f6hung im Volumen von bis zu 66,1 Millionen CHF durchf\u00fchren.","robots":{"index":"index","follow":"follow","max-snippet":"max-snippet:-1","max-image-preview":"max-image-preview:large","max-video-preview":"max-video-preview:-1"},"canonical":"https:\/\/www.immobilienbusiness.ch\/de\/unternehmen\/2020-05-15\/kapitalerhoehung-fuer-senioresidenz\/","og_locale":"de_DE","og_type":"article","og_title":"Kapitalerh\u00f6hung f\u00fcr Senioresidenz - IMMOBILIEN Business","og_description":"Um das Immobilienportfolio auszubauen, will Senioresidenz eine Kapitalerh\u00f6hung im Volumen von bis zu 66,1 Millionen CHF durchf\u00fchren.","og_url":"https:\/\/www.immobilienbusiness.ch\/de\/unternehmen\/2020-05-15\/kapitalerhoehung-fuer-senioresidenz\/","og_site_name":"IMMOBILIEN Business","article_publisher":"https:\/\/www.facebook.com\/immobilienbusiness\/","article_published_time":"2020-05-15T06:22:40+00:00","og_image":[{"width":1280,"height":853,"url":"https:\/\/www.immobilienbusiness.ch\/wp-content\/uploads\/2016\/12\/UBS-Fonds-Sima-plant-Kapitalerhoehung-immobilien-business.jpg","type":"image\/jpeg"}],"author":"anja.hall","twitter_card":"summary_large_image","twitter_image":"https:\/\/www.immobilienbusiness.ch\/wp-content\/uploads\/2016\/12\/UBS-Fonds-Sima-plant-Kapitalerhoehung-immobilien-business.jpg","schema":{"@context":"https:\/\/schema.org","@graph":[{"@type":"Article","@id":"https:\/\/www.immobilienbusiness.ch\/unternehmen\/2020-05-15\/kapitalerhoehung-fuer-senioresidenz\/#article","isPartOf":{"@id":"https:\/\/www.immobilienbusiness.ch\/unternehmen\/2020-05-15\/kapitalerhoehung-fuer-senioresidenz\/"},"author":{"name":"anja.hall","@id":"https:\/\/www.immobilienbusiness.ch\/#\/schema\/person\/3fc036297b10b9f42d6db5ee932af8c8"},"headline":"Kapitalerh\u00f6hung f\u00fcr Senioresidenz","datePublished":"2020-05-15T06:22:40+00:00","mainEntityOfPage":{"@id":"https:\/\/www.immobilienbusiness.ch\/unternehmen\/2020-05-15\/kapitalerhoehung-fuer-senioresidenz\/"},"wordCount":187,"publisher":{"@id":"https:\/\/www.immobilienbusiness.ch\/#organization"},"image":{"@id":"https:\/\/www.immobilienbusiness.ch\/unternehmen\/2020-05-15\/kapitalerhoehung-fuer-senioresidenz\/#primaryimage"},"thumbnailUrl":"https:\/\/www.immobilienbusiness.ch\/wp-content\/uploads\/2016\/12\/UBS-Fonds-Sima-plant-Kapitalerhoehung-immobilien-business.jpg","keywords":["Kapitalerh\u00f6hung","Pflegeheim","Seniorenresidenz"],"articleSection":["UNTERNEHMEN"],"inLanguage":"de"},{"@type":"WebPage","@id":"https:\/\/www.immobilienbusiness.ch\/unternehmen\/2020-05-15\/kapitalerhoehung-fuer-senioresidenz\/","url":"https:\/\/www.immobilienbusiness.ch\/unternehmen\/2020-05-15\/kapitalerhoehung-fuer-senioresidenz\/","name":"Kapitalerh\u00f6hung f\u00fcr Senioresidenz - IMMOBILIEN Business","isPartOf":{"@id":"https:\/\/www.immobilienbusiness.ch\/#website"},"primaryImageOfPage":{"@id":"https:\/\/www.immobilienbusiness.ch\/unternehmen\/2020-05-15\/kapitalerhoehung-fuer-senioresidenz\/#primaryimage"},"image":{"@id":"https:\/\/www.immobilienbusiness.ch\/unternehmen\/2020-05-15\/kapitalerhoehung-fuer-senioresidenz\/#primaryimage"},"thumbnailUrl":"https:\/\/www.immobilienbusiness.ch\/wp-content\/uploads\/2016\/12\/UBS-Fonds-Sima-plant-Kapitalerhoehung-immobilien-business.jpg","datePublished":"2020-05-15T06:22:40+00:00","description":"Um das Immobilienportfolio auszubauen, will Senioresidenz eine Kapitalerh\u00f6hung im Volumen von bis zu 66,1 Millionen CHF durchf\u00fchren.","breadcrumb":{"@id":"https:\/\/www.immobilienbusiness.ch\/unternehmen\/2020-05-15\/kapitalerhoehung-fuer-senioresidenz\/#breadcrumb"},"inLanguage":"de","potentialAction":[{"@type":"ReadAction","target":["https:\/\/www.immobilienbusiness.ch\/unternehmen\/2020-05-15\/kapitalerhoehung-fuer-senioresidenz\/"]}]},{"@type":"ImageObject","inLanguage":"de","@id":"https:\/\/www.immobilienbusiness.ch\/unternehmen\/2020-05-15\/kapitalerhoehung-fuer-senioresidenz\/#primaryimage","url":"https:\/\/www.immobilienbusiness.ch\/wp-content\/uploads\/2016\/12\/UBS-Fonds-Sima-plant-Kapitalerhoehung-immobilien-business.jpg","contentUrl":"https:\/\/www.immobilienbusiness.ch\/wp-content\/uploads\/2016\/12\/UBS-Fonds-Sima-plant-Kapitalerhoehung-immobilien-business.jpg","width":1280,"height":853,"caption":"UBS Sima plant eine Kapitalerh\u00f6hung \u00fcber 370 Millionen (Foto: Markgraf-Ave - Pixabay)"},{"@type":"BreadcrumbList","@id":"https:\/\/www.immobilienbusiness.ch\/unternehmen\/2020-05-15\/kapitalerhoehung-fuer-senioresidenz\/#breadcrumb","itemListElement":[{"@type":"ListItem","position":1,"name":"Home","item":"https:\/\/www.immobilienbusiness.ch\/"},{"@type":"ListItem","position":2,"name":"Kapitalerh\u00f6hung f\u00fcr Senioresidenz"}]},{"@type":"WebSite","@id":"https:\/\/www.immobilienbusiness.ch\/#website","url":"https:\/\/www.immobilienbusiness.ch\/","name":"IMMOBILIEN Business","description":"Unabh\u00e4ngiges Schweizer Wirtschaftsmagazin mit Fokus auf Immobilien, Architektur- und Bau sowie Investment- und Finanzierung.","publisher":{"@id":"https:\/\/www.immobilienbusiness.ch\/#organization"},"potentialAction":[{"@type":"SearchAction","target":{"@type":"EntryPoint","urlTemplate":"https:\/\/www.immobilienbusiness.ch\/?s={search_term_string}"},"query-input":{"@type":"PropertyValueSpecification","valueRequired":true,"valueName":"search_term_string"}}],"inLanguage":"de"},{"@type":"Organization","@id":"https:\/\/www.immobilienbusiness.ch\/#organization","name":"IMMOBILIEN Business","url":"https:\/\/www.immobilienbusiness.ch\/","logo":{"@type":"ImageObject","inLanguage":"de","@id":"https:\/\/www.immobilienbusiness.ch\/#\/schema\/logo\/image\/","url":"https:\/\/www.immobilienbusiness.ch\/wp-content\/uploads\/2021\/07\/logo_ib.png","contentUrl":"https:\/\/www.immobilienbusiness.ch\/wp-content\/uploads\/2021\/07\/logo_ib.png","width":800,"height":181,"caption":"IMMOBILIEN Business"},"image":{"@id":"https:\/\/www.immobilienbusiness.ch\/#\/schema\/logo\/image\/"},"sameAs":["https:\/\/www.facebook.com\/immobilienbusiness\/"]},{"@type":"Person","@id":"https:\/\/www.immobilienbusiness.ch\/#\/schema\/person\/3fc036297b10b9f42d6db5ee932af8c8","name":"anja.hall","image":{"@type":"ImageObject","inLanguage":"de","@id":"https:\/\/secure.gravatar.com\/avatar\/066b5a0d447013502c71a5782f4f3469f03cfe595cc2329fb94652fe47511bfb?s=96&d=mm&r=g","url":"https:\/\/secure.gravatar.com\/avatar\/066b5a0d447013502c71a5782f4f3469f03cfe595cc2329fb94652fe47511bfb?s=96&d=mm&r=g","contentUrl":"https:\/\/secure.gravatar.com\/avatar\/066b5a0d447013502c71a5782f4f3469f03cfe595cc2329fb94652fe47511bfb?s=96&d=mm&r=g","caption":"anja.hall"},"url":"https:\/\/www.immobilienbusiness.ch\/de\/author\/anja-hall\/"}]}},"_links":{"self":[{"href":"https:\/\/www.immobilienbusiness.ch\/de\/wp-json\/wp\/v2\/posts\/21224","targetHints":{"allow":["GET"]}}],"collection":[{"href":"https:\/\/www.immobilienbusiness.ch\/de\/wp-json\/wp\/v2\/posts"}],"about":[{"href":"https:\/\/www.immobilienbusiness.ch\/de\/wp-json\/wp\/v2\/types\/post"}],"author":[{"embeddable":true,"href":"https:\/\/www.immobilienbusiness.ch\/de\/wp-json\/wp\/v2\/users\/3"}],"replies":[{"embeddable":true,"href":"https:\/\/www.immobilienbusiness.ch\/de\/wp-json\/wp\/v2\/comments?post=21224"}],"version-history":[{"count":0,"href":"https:\/\/www.immobilienbusiness.ch\/de\/wp-json\/wp\/v2\/posts\/21224\/revisions"}],"wp:featuredmedia":[{"embeddable":true,"href":"https:\/\/www.immobilienbusiness.ch\/de\/wp-json\/wp\/v2\/media\/2170"}],"wp:attachment":[{"href":"https:\/\/www.immobilienbusiness.ch\/de\/wp-json\/wp\/v2\/media?parent=21224"}],"wp:term":[{"taxonomy":"category","embeddable":true,"href":"https:\/\/www.immobilienbusiness.ch\/de\/wp-json\/wp\/v2\/categories?post=21224"},{"taxonomy":"post_tag","embeddable":true,"href":"https:\/\/www.immobilienbusiness.ch\/de\/wp-json\/wp\/v2\/tags?post=21224"}],"curies":[{"name":"wp","href":"https:\/\/api.w.org\/{rel}","templated":true}]}}