{"id":21116,"date":"2020-05-06T09:45:17","date_gmt":"2020-05-06T07:45:17","guid":{"rendered":"https:\/\/www.immobilienbusiness.ch\/?p=21116"},"modified":"2023-08-09T21:22:09","modified_gmt":"2023-08-09T19:22:09","slug":"neuer-leiter-fm-management-bei-vebego","status":"publish","type":"post","link":"https:\/\/www.immobilienbusiness.ch\/de\/unternehmen\/2020-05-06\/neuer-leiter-fm-management-bei-vebego\/","title":{"rendered":"Neuer Leiter FM-Management bei Vebego"},"content":{"rendered":"<figure id=\"attachment_21124\" aria-describedby=\"caption-attachment-21124\" style=\"width: 300px\" class=\"wp-caption alignnone\"><img loading=\"lazy\" decoding=\"async\" class=\"wp-image-21124 size-medium\" src=\"https:\/\/www.immobilienbusiness.ch\/wp-content\/uploads\/2020\/05\/marccapeder_web-300x167.jpg\" alt=\"Vebego Schweiz\" width=\"300\" height=\"167\" srcset=\"https:\/\/www.immobilienbusiness.ch\/wp-content\/uploads\/2020\/05\/marccapeder_web-300x167.jpg 300w, https:\/\/www.immobilienbusiness.ch\/wp-content\/uploads\/2020\/05\/marccapeder_web-768x427.jpg 768w, https:\/\/www.immobilienbusiness.ch\/wp-content\/uploads\/2020\/05\/marccapeder_web-16x9.jpg 16w, https:\/\/www.immobilienbusiness.ch\/wp-content\/uploads\/2020\/05\/marccapeder_web-315x175.jpg 315w, https:\/\/www.immobilienbusiness.ch\/wp-content\/uploads\/2020\/05\/marccapeder_web-630x350.jpg 630w, https:\/\/www.immobilienbusiness.ch\/wp-content\/uploads\/2020\/05\/marccapeder_web.jpg 900w\" sizes=\"auto, (max-width: 300px) 100vw, 300px\" \/><figcaption id=\"caption-attachment-21124\" class=\"wp-caption-text\">Marc Capeder<\/figcaption><\/figure>\n<p>Die Vebego Schweiz Holding AG hat Marc Capeder zum 1. Mai 2020 zum \u00a0Leiter integrales Facility Management bestellt. Capeder, der zugleich auch Mitglied der Gesch\u00e4ftsleitung des in Z\u00fcrich ans\u00e4ssigen Unternehmens wurde, war nach seinem Masterabschluss in \u00d6konomie an der Universit\u00e4t Z\u00fcrich rund zehn Jahre im Versicherungskonzern Allianz t\u00e4tig. Dort f\u00fchrte er zun\u00e4chst die Abteilung Real Estate &amp; Facility Management, bevor er die Leitung des Property Management bei der Allianz Suisse Immobilien \u00fcbernahm. Im 2016 schloss Capeder einen Master in Real Estate ebenfalls an der Universit\u00e4t Z\u00fcrich ab.<\/p>\n<p>Unter dem Dach der Vebego Schweiz Holding AG, einem Anbieter von Immobilien- und Facility-Management Leistungen, operieren die Vebego AG und die Cleaning Service SA (FM-Dienstleistungen), die Vebego Sant\u00e9 (Support Services im Gesundheitswesen), die CarePeople AG (Privatpflege und Stellenvermittlung f\u00fcr das Gesundheits- und Sozialwesen). Weiter bietet die Vebego Airport AG Support Services in der Aviatik an und mit der Tochter Move Consultants AG strategische Immobilien- und Workspace Solutions. <em>(bw)<\/em><\/p>\n","protected":false},"excerpt":{"rendered":"<p> Seit dem 1. Mai 2020 leitet Marc Capeder als neues Gesch\u00e4ftsleitungsmitglied das integrale Facility Management (FM) der Vebego AG.<\/p>\n","protected":false},"author":3,"featured_media":21124,"comment_status":"closed","ping_status":"closed","sticky":false,"template":"","format":"standard","meta":{"_acf_changed":false,"_yoast_wpseo_focuskw":"Vebego Schweiz","_yoast_wpseo_title":"","_yoast_wpseo_metadesc":"Seit dem 1. Mai 2020 leitet Marc Capeder als neues Gesch\u00e4ftsleitungsmitglied das integrale Facility Management (FM) der Vebego AG.","_yoast_wpseo_linkdex":48,"pgc_sgb_lightbox_settings":"","footnotes":""},"categories":[988],"tags":[1216,1563,1818],"class_list":["post-21116","post","type-post","status-publish","format-standard","has-post-thumbnail","hentry","category-unternehmen","tag-facility-management","tag-personalia","tag-vebego"],"acf":[],"yoast_head":"<!-- This site is optimized with the Yoast SEO plugin v27.4 - https:\/\/yoast.com\/product\/yoast-seo-wordpress\/ -->\n<title>Neuer Leiter FM-Management bei Vebego - IMMOBILIEN Business<\/title>\n<meta name=\"description\" content=\"Seit dem 1. Mai 2020 leitet Marc Capeder als neues Gesch\u00e4ftsleitungsmitglied das integrale Facility Management (FM) der Vebego AG.\" \/>\n<meta name=\"robots\" content=\"index, follow, max-snippet:-1, max-image-preview:large, max-video-preview:-1\" \/>\n<link rel=\"canonical\" href=\"https:\/\/www.immobilienbusiness.ch\/de\/unternehmen\/2020-05-06\/neuer-leiter-fm-management-bei-vebego\/\" \/>\n<meta property=\"og:locale\" content=\"de_DE\" \/>\n<meta property=\"og:type\" content=\"article\" \/>\n<meta property=\"og:title\" content=\"Neuer Leiter FM-Management bei Vebego - IMMOBILIEN Business\" \/>\n<meta property=\"og:description\" content=\"Seit dem 1. Mai 2020 leitet Marc Capeder als neues Gesch\u00e4ftsleitungsmitglied das integrale Facility Management (FM) der Vebego AG.\" \/>\n<meta property=\"og:url\" content=\"https:\/\/www.immobilienbusiness.ch\/de\/unternehmen\/2020-05-06\/neuer-leiter-fm-management-bei-vebego\/\" \/>\n<meta property=\"og:site_name\" content=\"IMMOBILIEN Business\" \/>\n<meta property=\"article:publisher\" content=\"https:\/\/www.facebook.com\/immobilienbusiness\/\" \/>\n<meta property=\"article:published_time\" content=\"2020-05-06T07:45:17+00:00\" \/>\n<meta property=\"article:modified_time\" content=\"2023-08-09T19:22:09+00:00\" \/>\n<meta property=\"og:image\" content=\"https:\/\/www.immobilienbusiness.ch\/wp-content\/uploads\/2020\/05\/marccapeder_web.jpg\" \/>\n\t<meta property=\"og:image:width\" content=\"900\" \/>\n\t<meta property=\"og:image:height\" content=\"500\" \/>\n\t<meta property=\"og:image:type\" content=\"image\/jpeg\" \/>\n<meta name=\"author\" content=\"anja.hall\" \/>\n<meta name=\"twitter:card\" content=\"summary_large_image\" \/>\n<meta name=\"twitter:image\" content=\"https:\/\/www.immobilienbusiness.ch\/wp-content\/uploads\/2020\/05\/marccapeder_web.jpg\" \/>\n<script type=\"application\/ld+json\" class=\"yoast-schema-graph\">{\"@context\":\"https:\\\/\\\/schema.org\",\"@graph\":[{\"@type\":\"Article\",\"@id\":\"https:\\\/\\\/www.immobilienbusiness.ch\\\/unternehmen\\\/2020-05-06\\\/neuer-leiter-fm-management-bei-vebego\\\/#article\",\"isPartOf\":{\"@id\":\"https:\\\/\\\/www.immobilienbusiness.ch\\\/unternehmen\\\/2020-05-06\\\/neuer-leiter-fm-management-bei-vebego\\\/\"},\"author\":{\"name\":\"anja.hall\",\"@id\":\"https:\\\/\\\/www.immobilienbusiness.ch\\\/#\\\/schema\\\/person\\\/3fc036297b10b9f42d6db5ee932af8c8\"},\"headline\":\"Neuer Leiter FM-Management bei Vebego\",\"datePublished\":\"2020-05-06T07:45:17+00:00\",\"dateModified\":\"2023-08-09T19:22:09+00:00\",\"mainEntityOfPage\":{\"@id\":\"https:\\\/\\\/www.immobilienbusiness.ch\\\/unternehmen\\\/2020-05-06\\\/neuer-leiter-fm-management-bei-vebego\\\/\"},\"wordCount\":177,\"publisher\":{\"@id\":\"https:\\\/\\\/www.immobilienbusiness.ch\\\/#organization\"},\"image\":{\"@id\":\"https:\\\/\\\/www.immobilienbusiness.ch\\\/unternehmen\\\/2020-05-06\\\/neuer-leiter-fm-management-bei-vebego\\\/#primaryimage\"},\"thumbnailUrl\":\"https:\\\/\\\/www.immobilienbusiness.ch\\\/wp-content\\\/uploads\\\/2020\\\/05\\\/marccapeder_web.jpg\",\"keywords\":[\"Facility Management\",\"Personalia\",\"Vebego\"],\"articleSection\":[\"UNTERNEHMEN\"],\"inLanguage\":\"de\"},{\"@type\":\"WebPage\",\"@id\":\"https:\\\/\\\/www.immobilienbusiness.ch\\\/unternehmen\\\/2020-05-06\\\/neuer-leiter-fm-management-bei-vebego\\\/\",\"url\":\"https:\\\/\\\/www.immobilienbusiness.ch\\\/unternehmen\\\/2020-05-06\\\/neuer-leiter-fm-management-bei-vebego\\\/\",\"name\":\"Neuer Leiter FM-Management bei Vebego - IMMOBILIEN Business\",\"isPartOf\":{\"@id\":\"https:\\\/\\\/www.immobilienbusiness.ch\\\/#website\"},\"primaryImageOfPage\":{\"@id\":\"https:\\\/\\\/www.immobilienbusiness.ch\\\/unternehmen\\\/2020-05-06\\\/neuer-leiter-fm-management-bei-vebego\\\/#primaryimage\"},\"image\":{\"@id\":\"https:\\\/\\\/www.immobilienbusiness.ch\\\/unternehmen\\\/2020-05-06\\\/neuer-leiter-fm-management-bei-vebego\\\/#primaryimage\"},\"thumbnailUrl\":\"https:\\\/\\\/www.immobilienbusiness.ch\\\/wp-content\\\/uploads\\\/2020\\\/05\\\/marccapeder_web.jpg\",\"datePublished\":\"2020-05-06T07:45:17+00:00\",\"dateModified\":\"2023-08-09T19:22:09+00:00\",\"description\":\"Seit dem 1. Mai 2020 leitet Marc Capeder als neues Gesch\u00e4ftsleitungsmitglied das integrale Facility Management (FM) der Vebego AG.\",\"breadcrumb\":{\"@id\":\"https:\\\/\\\/www.immobilienbusiness.ch\\\/unternehmen\\\/2020-05-06\\\/neuer-leiter-fm-management-bei-vebego\\\/#breadcrumb\"},\"inLanguage\":\"de\",\"potentialAction\":[{\"@type\":\"ReadAction\",\"target\":[\"https:\\\/\\\/www.immobilienbusiness.ch\\\/unternehmen\\\/2020-05-06\\\/neuer-leiter-fm-management-bei-vebego\\\/\"]}]},{\"@type\":\"ImageObject\",\"inLanguage\":\"de\",\"@id\":\"https:\\\/\\\/www.immobilienbusiness.ch\\\/unternehmen\\\/2020-05-06\\\/neuer-leiter-fm-management-bei-vebego\\\/#primaryimage\",\"url\":\"https:\\\/\\\/www.immobilienbusiness.ch\\\/wp-content\\\/uploads\\\/2020\\\/05\\\/marccapeder_web.jpg\",\"contentUrl\":\"https:\\\/\\\/www.immobilienbusiness.ch\\\/wp-content\\\/uploads\\\/2020\\\/05\\\/marccapeder_web.jpg\",\"width\":900,\"height\":500,\"caption\":\"Marc Capeder\"},{\"@type\":\"BreadcrumbList\",\"@id\":\"https:\\\/\\\/www.immobilienbusiness.ch\\\/unternehmen\\\/2020-05-06\\\/neuer-leiter-fm-management-bei-vebego\\\/#breadcrumb\",\"itemListElement\":[{\"@type\":\"ListItem\",\"position\":1,\"name\":\"Home\",\"item\":\"https:\\\/\\\/www.immobilienbusiness.ch\\\/\"},{\"@type\":\"ListItem\",\"position\":2,\"name\":\"Neuer Leiter FM-Management bei Vebego\"}]},{\"@type\":\"WebSite\",\"@id\":\"https:\\\/\\\/www.immobilienbusiness.ch\\\/#website\",\"url\":\"https:\\\/\\\/www.immobilienbusiness.ch\\\/\",\"name\":\"IMMOBILIEN Business\",\"description\":\"Unabh\u00e4ngiges Schweizer Wirtschaftsmagazin mit Fokus auf Immobilien, Architektur- und Bau sowie Investment- und Finanzierung.\",\"publisher\":{\"@id\":\"https:\\\/\\\/www.immobilienbusiness.ch\\\/#organization\"},\"potentialAction\":[{\"@type\":\"SearchAction\",\"target\":{\"@type\":\"EntryPoint\",\"urlTemplate\":\"https:\\\/\\\/www.immobilienbusiness.ch\\\/?s={search_term_string}\"},\"query-input\":{\"@type\":\"PropertyValueSpecification\",\"valueRequired\":true,\"valueName\":\"search_term_string\"}}],\"inLanguage\":\"de\"},{\"@type\":\"Organization\",\"@id\":\"https:\\\/\\\/www.immobilienbusiness.ch\\\/#organization\",\"name\":\"IMMOBILIEN Business\",\"url\":\"https:\\\/\\\/www.immobilienbusiness.ch\\\/\",\"logo\":{\"@type\":\"ImageObject\",\"inLanguage\":\"de\",\"@id\":\"https:\\\/\\\/www.immobilienbusiness.ch\\\/#\\\/schema\\\/logo\\\/image\\\/\",\"url\":\"https:\\\/\\\/www.immobilienbusiness.ch\\\/wp-content\\\/uploads\\\/2021\\\/07\\\/logo_ib.png\",\"contentUrl\":\"https:\\\/\\\/www.immobilienbusiness.ch\\\/wp-content\\\/uploads\\\/2021\\\/07\\\/logo_ib.png\",\"width\":800,\"height\":181,\"caption\":\"IMMOBILIEN Business\"},\"image\":{\"@id\":\"https:\\\/\\\/www.immobilienbusiness.ch\\\/#\\\/schema\\\/logo\\\/image\\\/\"},\"sameAs\":[\"https:\\\/\\\/www.facebook.com\\\/immobilienbusiness\\\/\"]},{\"@type\":\"Person\",\"@id\":\"https:\\\/\\\/www.immobilienbusiness.ch\\\/#\\\/schema\\\/person\\\/3fc036297b10b9f42d6db5ee932af8c8\",\"name\":\"anja.hall\",\"image\":{\"@type\":\"ImageObject\",\"inLanguage\":\"de\",\"@id\":\"https:\\\/\\\/secure.gravatar.com\\\/avatar\\\/066b5a0d447013502c71a5782f4f3469f03cfe595cc2329fb94652fe47511bfb?s=96&d=mm&r=g\",\"url\":\"https:\\\/\\\/secure.gravatar.com\\\/avatar\\\/066b5a0d447013502c71a5782f4f3469f03cfe595cc2329fb94652fe47511bfb?s=96&d=mm&r=g\",\"contentUrl\":\"https:\\\/\\\/secure.gravatar.com\\\/avatar\\\/066b5a0d447013502c71a5782f4f3469f03cfe595cc2329fb94652fe47511bfb?s=96&d=mm&r=g\",\"caption\":\"anja.hall\"},\"url\":\"https:\\\/\\\/www.immobilienbusiness.ch\\\/de\\\/author\\\/anja-hall\\\/\"}]}<\/script>\n<!-- \/ Yoast SEO plugin. -->","yoast_head_json":{"title":"Neuer Leiter FM-Management bei Vebego - IMMOBILIEN Business","description":"Seit dem 1. Mai 2020 leitet Marc Capeder als neues Gesch\u00e4ftsleitungsmitglied das integrale Facility Management (FM) der Vebego AG.","robots":{"index":"index","follow":"follow","max-snippet":"max-snippet:-1","max-image-preview":"max-image-preview:large","max-video-preview":"max-video-preview:-1"},"canonical":"https:\/\/www.immobilienbusiness.ch\/de\/unternehmen\/2020-05-06\/neuer-leiter-fm-management-bei-vebego\/","og_locale":"de_DE","og_type":"article","og_title":"Neuer Leiter FM-Management bei Vebego - IMMOBILIEN Business","og_description":"Seit dem 1. Mai 2020 leitet Marc Capeder als neues Gesch\u00e4ftsleitungsmitglied das integrale Facility Management (FM) der Vebego AG.","og_url":"https:\/\/www.immobilienbusiness.ch\/de\/unternehmen\/2020-05-06\/neuer-leiter-fm-management-bei-vebego\/","og_site_name":"IMMOBILIEN Business","article_publisher":"https:\/\/www.facebook.com\/immobilienbusiness\/","article_published_time":"2020-05-06T07:45:17+00:00","article_modified_time":"2023-08-09T19:22:09+00:00","og_image":[{"width":900,"height":500,"url":"https:\/\/www.immobilienbusiness.ch\/wp-content\/uploads\/2020\/05\/marccapeder_web.jpg","type":"image\/jpeg"}],"author":"anja.hall","twitter_card":"summary_large_image","twitter_image":"https:\/\/www.immobilienbusiness.ch\/wp-content\/uploads\/2020\/05\/marccapeder_web.jpg","schema":{"@context":"https:\/\/schema.org","@graph":[{"@type":"Article","@id":"https:\/\/www.immobilienbusiness.ch\/unternehmen\/2020-05-06\/neuer-leiter-fm-management-bei-vebego\/#article","isPartOf":{"@id":"https:\/\/www.immobilienbusiness.ch\/unternehmen\/2020-05-06\/neuer-leiter-fm-management-bei-vebego\/"},"author":{"name":"anja.hall","@id":"https:\/\/www.immobilienbusiness.ch\/#\/schema\/person\/3fc036297b10b9f42d6db5ee932af8c8"},"headline":"Neuer Leiter FM-Management bei Vebego","datePublished":"2020-05-06T07:45:17+00:00","dateModified":"2023-08-09T19:22:09+00:00","mainEntityOfPage":{"@id":"https:\/\/www.immobilienbusiness.ch\/unternehmen\/2020-05-06\/neuer-leiter-fm-management-bei-vebego\/"},"wordCount":177,"publisher":{"@id":"https:\/\/www.immobilienbusiness.ch\/#organization"},"image":{"@id":"https:\/\/www.immobilienbusiness.ch\/unternehmen\/2020-05-06\/neuer-leiter-fm-management-bei-vebego\/#primaryimage"},"thumbnailUrl":"https:\/\/www.immobilienbusiness.ch\/wp-content\/uploads\/2020\/05\/marccapeder_web.jpg","keywords":["Facility Management","Personalia","Vebego"],"articleSection":["UNTERNEHMEN"],"inLanguage":"de"},{"@type":"WebPage","@id":"https:\/\/www.immobilienbusiness.ch\/unternehmen\/2020-05-06\/neuer-leiter-fm-management-bei-vebego\/","url":"https:\/\/www.immobilienbusiness.ch\/unternehmen\/2020-05-06\/neuer-leiter-fm-management-bei-vebego\/","name":"Neuer Leiter FM-Management bei Vebego - IMMOBILIEN Business","isPartOf":{"@id":"https:\/\/www.immobilienbusiness.ch\/#website"},"primaryImageOfPage":{"@id":"https:\/\/www.immobilienbusiness.ch\/unternehmen\/2020-05-06\/neuer-leiter-fm-management-bei-vebego\/#primaryimage"},"image":{"@id":"https:\/\/www.immobilienbusiness.ch\/unternehmen\/2020-05-06\/neuer-leiter-fm-management-bei-vebego\/#primaryimage"},"thumbnailUrl":"https:\/\/www.immobilienbusiness.ch\/wp-content\/uploads\/2020\/05\/marccapeder_web.jpg","datePublished":"2020-05-06T07:45:17+00:00","dateModified":"2023-08-09T19:22:09+00:00","description":"Seit dem 1. Mai 2020 leitet Marc Capeder als neues Gesch\u00e4ftsleitungsmitglied das integrale Facility Management (FM) der Vebego AG.","breadcrumb":{"@id":"https:\/\/www.immobilienbusiness.ch\/unternehmen\/2020-05-06\/neuer-leiter-fm-management-bei-vebego\/#breadcrumb"},"inLanguage":"de","potentialAction":[{"@type":"ReadAction","target":["https:\/\/www.immobilienbusiness.ch\/unternehmen\/2020-05-06\/neuer-leiter-fm-management-bei-vebego\/"]}]},{"@type":"ImageObject","inLanguage":"de","@id":"https:\/\/www.immobilienbusiness.ch\/unternehmen\/2020-05-06\/neuer-leiter-fm-management-bei-vebego\/#primaryimage","url":"https:\/\/www.immobilienbusiness.ch\/wp-content\/uploads\/2020\/05\/marccapeder_web.jpg","contentUrl":"https:\/\/www.immobilienbusiness.ch\/wp-content\/uploads\/2020\/05\/marccapeder_web.jpg","width":900,"height":500,"caption":"Marc Capeder"},{"@type":"BreadcrumbList","@id":"https:\/\/www.immobilienbusiness.ch\/unternehmen\/2020-05-06\/neuer-leiter-fm-management-bei-vebego\/#breadcrumb","itemListElement":[{"@type":"ListItem","position":1,"name":"Home","item":"https:\/\/www.immobilienbusiness.ch\/"},{"@type":"ListItem","position":2,"name":"Neuer Leiter FM-Management bei Vebego"}]},{"@type":"WebSite","@id":"https:\/\/www.immobilienbusiness.ch\/#website","url":"https:\/\/www.immobilienbusiness.ch\/","name":"IMMOBILIEN Business","description":"Unabh\u00e4ngiges Schweizer Wirtschaftsmagazin mit Fokus auf Immobilien, Architektur- und Bau sowie Investment- und Finanzierung.","publisher":{"@id":"https:\/\/www.immobilienbusiness.ch\/#organization"},"potentialAction":[{"@type":"SearchAction","target":{"@type":"EntryPoint","urlTemplate":"https:\/\/www.immobilienbusiness.ch\/?s={search_term_string}"},"query-input":{"@type":"PropertyValueSpecification","valueRequired":true,"valueName":"search_term_string"}}],"inLanguage":"de"},{"@type":"Organization","@id":"https:\/\/www.immobilienbusiness.ch\/#organization","name":"IMMOBILIEN Business","url":"https:\/\/www.immobilienbusiness.ch\/","logo":{"@type":"ImageObject","inLanguage":"de","@id":"https:\/\/www.immobilienbusiness.ch\/#\/schema\/logo\/image\/","url":"https:\/\/www.immobilienbusiness.ch\/wp-content\/uploads\/2021\/07\/logo_ib.png","contentUrl":"https:\/\/www.immobilienbusiness.ch\/wp-content\/uploads\/2021\/07\/logo_ib.png","width":800,"height":181,"caption":"IMMOBILIEN Business"},"image":{"@id":"https:\/\/www.immobilienbusiness.ch\/#\/schema\/logo\/image\/"},"sameAs":["https:\/\/www.facebook.com\/immobilienbusiness\/"]},{"@type":"Person","@id":"https:\/\/www.immobilienbusiness.ch\/#\/schema\/person\/3fc036297b10b9f42d6db5ee932af8c8","name":"anja.hall","image":{"@type":"ImageObject","inLanguage":"de","@id":"https:\/\/secure.gravatar.com\/avatar\/066b5a0d447013502c71a5782f4f3469f03cfe595cc2329fb94652fe47511bfb?s=96&d=mm&r=g","url":"https:\/\/secure.gravatar.com\/avatar\/066b5a0d447013502c71a5782f4f3469f03cfe595cc2329fb94652fe47511bfb?s=96&d=mm&r=g","contentUrl":"https:\/\/secure.gravatar.com\/avatar\/066b5a0d447013502c71a5782f4f3469f03cfe595cc2329fb94652fe47511bfb?s=96&d=mm&r=g","caption":"anja.hall"},"url":"https:\/\/www.immobilienbusiness.ch\/de\/author\/anja-hall\/"}]}},"_links":{"self":[{"href":"https:\/\/www.immobilienbusiness.ch\/de\/wp-json\/wp\/v2\/posts\/21116","targetHints":{"allow":["GET"]}}],"collection":[{"href":"https:\/\/www.immobilienbusiness.ch\/de\/wp-json\/wp\/v2\/posts"}],"about":[{"href":"https:\/\/www.immobilienbusiness.ch\/de\/wp-json\/wp\/v2\/types\/post"}],"author":[{"embeddable":true,"href":"https:\/\/www.immobilienbusiness.ch\/de\/wp-json\/wp\/v2\/users\/3"}],"replies":[{"embeddable":true,"href":"https:\/\/www.immobilienbusiness.ch\/de\/wp-json\/wp\/v2\/comments?post=21116"}],"version-history":[{"count":2,"href":"https:\/\/www.immobilienbusiness.ch\/de\/wp-json\/wp\/v2\/posts\/21116\/revisions"}],"predecessor-version":[{"id":51848,"href":"https:\/\/www.immobilienbusiness.ch\/de\/wp-json\/wp\/v2\/posts\/21116\/revisions\/51848"}],"wp:featuredmedia":[{"embeddable":true,"href":"https:\/\/www.immobilienbusiness.ch\/de\/wp-json\/wp\/v2\/media\/21124"}],"wp:attachment":[{"href":"https:\/\/www.immobilienbusiness.ch\/de\/wp-json\/wp\/v2\/media?parent=21116"}],"wp:term":[{"taxonomy":"category","embeddable":true,"href":"https:\/\/www.immobilienbusiness.ch\/de\/wp-json\/wp\/v2\/categories?post=21116"},{"taxonomy":"post_tag","embeddable":true,"href":"https:\/\/www.immobilienbusiness.ch\/de\/wp-json\/wp\/v2\/tags?post=21116"}],"curies":[{"name":"wp","href":"https:\/\/api.w.org\/{rel}","templated":true}]}}