{"id":21044,"date":"2020-04-29T08:27:17","date_gmt":"2020-04-29T06:27:17","guid":{"rendered":"https:\/\/www.immobilienbusiness.ch\/?p=21044"},"modified":"2020-04-29T08:27:17","modified_gmt":"2020-04-29T06:27:17","slug":"luzern-lukb-kann-ihren-hauptsitz-aufstocken","status":"publish","type":"post","link":"https:\/\/www.immobilienbusiness.ch\/de\/regionen\/2020-04-29\/luzern-lukb-kann-ihren-hauptsitz-aufstocken\/","title":{"rendered":"Luzern: LUKB kann ihren Hauptsitz aufstocken"},"content":{"rendered":"<figure id=\"attachment_14652\" aria-describedby=\"caption-attachment-14652\" style=\"width: 680px\" class=\"wp-caption alignnone\"><img loading=\"lazy\" decoding=\"async\" class=\"size-medium wp-image-14652\" src=\"https:\/\/www.immobilienbusiness.ch\/wp-content\/uploads\/2018\/10\/Depositphotos_170350446_m-2015.jpg\" alt=\"\" width=\"680\" height=\"454\" srcset=\"https:\/\/www.immobilienbusiness.ch\/wp-content\/uploads\/2018\/10\/Depositphotos_170350446_m-2015.jpg 999w, https:\/\/www.immobilienbusiness.ch\/wp-content\/uploads\/2018\/10\/Depositphotos_170350446_m-2015-300x200.jpg 300w, https:\/\/www.immobilienbusiness.ch\/wp-content\/uploads\/2018\/10\/Depositphotos_170350446_m-2015-768x513.jpg 768w, https:\/\/www.immobilienbusiness.ch\/wp-content\/uploads\/2018\/10\/Depositphotos_170350446_m-2015-16x12.jpg 16w, https:\/\/www.immobilienbusiness.ch\/wp-content\/uploads\/2018\/10\/Depositphotos_170350446_m-2015-262x175.jpg 262w, https:\/\/www.immobilienbusiness.ch\/wp-content\/uploads\/2018\/10\/Depositphotos_170350446_m-2015-524x350.jpg 524w, https:\/\/www.immobilienbusiness.ch\/wp-content\/uploads\/2018\/10\/Depositphotos_170350446_m-2015-920x614.jpg 920w\" sizes=\"auto, (max-width: 680px) 100vw, 680px\" \/><figcaption id=\"caption-attachment-14652\" class=\"wp-caption-text\">Die LUKB will ihren Hauptsitz erweitern (Bild: ArturVerkhovetskiy &#8211; depositphotos)<\/figcaption><\/figure>\n<p>Im Rahmen der Teilrevision der Bau- und Zonenordnung (BZO) f\u00fcr den Stadtteil Luzern kann die LUKB ihren Hauptsitz am Pilatusplatz erweitern. Die Kantonalbank braucht dringend mehr Platz an dem Standort, allerdings l\u00e4sst die aktuelle BZO einen Ausbau des Hauptgeb\u00e4udes nicht zu. Laut lokalen Medienberichten hat die Bank sogar mit einem Wegzug aus der Innenstadt gedroht, sollte ein Ausbau nicht m\u00f6glich sein.<\/p>\n<p>Mit der ge\u00e4nderten BZO kann die LUKB das Geb\u00e4ude nun auf 26 Meter aufstocken, was der H\u00f6he der umliegenden Geb\u00e4ude entspricht. Gegen die \u00c4nderung ist noch eine Einsprache h\u00e4ngig: Ein Nachbar bef\u00fcrchtet zus\u00e4tzlichen Schattenwurf wegen der h\u00f6heren Fassade. Der Stadtrat beantragt beim Parlament, diese abzuweisen. <em>(ah)<\/em><\/p>\n","protected":false},"excerpt":{"rendered":"<p>Die Luzerner Kantonalbank (LUKB) hat gr\u00fcnes Licht bekommen f\u00fcr die Aufstockung ihres Hauptsitz am Pilatusplatz in Luzern.<\/p>\n","protected":false},"author":3,"featured_media":14652,"comment_status":"closed","ping_status":"open","sticky":false,"template":"","format":"standard","meta":{"_acf_changed":false,"_yoast_wpseo_focuskw":"LUKB","_yoast_wpseo_title":"","_yoast_wpseo_metadesc":"Die Luzerner Kantonalbank (LUKB) hat gr\u00fcnes Licht bekommen f\u00fcr die Aufstockung ihres Hauptsitz am Pilatusplatz in Luzern.","_yoast_wpseo_linkdex":48,"pgc_sgb_lightbox_settings":"","footnotes":""},"categories":[985],"tags":[1119,1459,1600],"class_list":["post-21044","post","type-post","status-publish","format-standard","has-post-thumbnail","hentry","category-regionen","tag-bueroimmobilien","tag-luzern","tag-projekt-in-planung"],"acf":[],"yoast_head":"<!-- This site is optimized with the Yoast SEO plugin v27.4 - https:\/\/yoast.com\/product\/yoast-seo-wordpress\/ -->\n<title>Luzern: LUKB kann ihren Hauptsitz aufstocken - IMMOBILIEN Business<\/title>\n<meta name=\"description\" content=\"Die Luzerner Kantonalbank (LUKB) hat gr\u00fcnes Licht bekommen f\u00fcr die Aufstockung ihres Hauptsitz am Pilatusplatz in Luzern.\" \/>\n<meta name=\"robots\" content=\"index, follow, max-snippet:-1, max-image-preview:large, max-video-preview:-1\" \/>\n<link rel=\"canonical\" href=\"https:\/\/www.immobilienbusiness.ch\/de\/regionen\/2020-04-29\/luzern-lukb-kann-ihren-hauptsitz-aufstocken\/\" \/>\n<meta property=\"og:locale\" content=\"de_DE\" \/>\n<meta property=\"og:type\" content=\"article\" \/>\n<meta property=\"og:title\" content=\"Luzern: LUKB kann ihren Hauptsitz aufstocken - IMMOBILIEN Business\" \/>\n<meta property=\"og:description\" content=\"Die Luzerner Kantonalbank (LUKB) hat gr\u00fcnes Licht bekommen f\u00fcr die Aufstockung ihres Hauptsitz am Pilatusplatz in Luzern.\" \/>\n<meta property=\"og:url\" content=\"https:\/\/www.immobilienbusiness.ch\/de\/regionen\/2020-04-29\/luzern-lukb-kann-ihren-hauptsitz-aufstocken\/\" \/>\n<meta property=\"og:site_name\" content=\"IMMOBILIEN Business\" \/>\n<meta property=\"article:publisher\" content=\"https:\/\/www.facebook.com\/immobilienbusiness\/\" \/>\n<meta property=\"article:published_time\" content=\"2020-04-29T06:27:17+00:00\" \/>\n<meta property=\"og:image\" content=\"https:\/\/www.immobilienbusiness.ch\/wp-content\/uploads\/2018\/10\/Depositphotos_170350446_m-2015.jpg\" \/>\n\t<meta property=\"og:image:width\" content=\"999\" \/>\n\t<meta property=\"og:image:height\" content=\"667\" \/>\n\t<meta property=\"og:image:type\" content=\"image\/jpeg\" \/>\n<meta name=\"author\" content=\"anja.hall\" \/>\n<meta name=\"twitter:card\" content=\"summary_large_image\" \/>\n<meta name=\"twitter:image\" content=\"https:\/\/www.immobilienbusiness.ch\/wp-content\/uploads\/2018\/10\/Depositphotos_170350446_m-2015.jpg\" \/>\n<script type=\"application\/ld+json\" class=\"yoast-schema-graph\">{\"@context\":\"https:\\\/\\\/schema.org\",\"@graph\":[{\"@type\":\"Article\",\"@id\":\"https:\\\/\\\/www.immobilienbusiness.ch\\\/regionen\\\/2020-04-29\\\/luzern-lukb-kann-ihren-hauptsitz-aufstocken\\\/#article\",\"isPartOf\":{\"@id\":\"https:\\\/\\\/www.immobilienbusiness.ch\\\/regionen\\\/2020-04-29\\\/luzern-lukb-kann-ihren-hauptsitz-aufstocken\\\/\"},\"author\":{\"name\":\"anja.hall\",\"@id\":\"https:\\\/\\\/www.immobilienbusiness.ch\\\/#\\\/schema\\\/person\\\/3fc036297b10b9f42d6db5ee932af8c8\"},\"headline\":\"Luzern: LUKB kann ihren Hauptsitz aufstocken\",\"datePublished\":\"2020-04-29T06:27:17+00:00\",\"mainEntityOfPage\":{\"@id\":\"https:\\\/\\\/www.immobilienbusiness.ch\\\/regionen\\\/2020-04-29\\\/luzern-lukb-kann-ihren-hauptsitz-aufstocken\\\/\"},\"wordCount\":141,\"publisher\":{\"@id\":\"https:\\\/\\\/www.immobilienbusiness.ch\\\/#organization\"},\"image\":{\"@id\":\"https:\\\/\\\/www.immobilienbusiness.ch\\\/regionen\\\/2020-04-29\\\/luzern-lukb-kann-ihren-hauptsitz-aufstocken\\\/#primaryimage\"},\"thumbnailUrl\":\"https:\\\/\\\/www.immobilienbusiness.ch\\\/wp-content\\\/uploads\\\/2018\\\/10\\\/Depositphotos_170350446_m-2015.jpg\",\"keywords\":[\"B\u00fcroimmobilien\",\"Luzern\",\"Projekt in Planung\"],\"articleSection\":[\"REGIONEN\"],\"inLanguage\":\"de\"},{\"@type\":\"WebPage\",\"@id\":\"https:\\\/\\\/www.immobilienbusiness.ch\\\/regionen\\\/2020-04-29\\\/luzern-lukb-kann-ihren-hauptsitz-aufstocken\\\/\",\"url\":\"https:\\\/\\\/www.immobilienbusiness.ch\\\/regionen\\\/2020-04-29\\\/luzern-lukb-kann-ihren-hauptsitz-aufstocken\\\/\",\"name\":\"Luzern: LUKB kann ihren Hauptsitz aufstocken - IMMOBILIEN Business\",\"isPartOf\":{\"@id\":\"https:\\\/\\\/www.immobilienbusiness.ch\\\/#website\"},\"primaryImageOfPage\":{\"@id\":\"https:\\\/\\\/www.immobilienbusiness.ch\\\/regionen\\\/2020-04-29\\\/luzern-lukb-kann-ihren-hauptsitz-aufstocken\\\/#primaryimage\"},\"image\":{\"@id\":\"https:\\\/\\\/www.immobilienbusiness.ch\\\/regionen\\\/2020-04-29\\\/luzern-lukb-kann-ihren-hauptsitz-aufstocken\\\/#primaryimage\"},\"thumbnailUrl\":\"https:\\\/\\\/www.immobilienbusiness.ch\\\/wp-content\\\/uploads\\\/2018\\\/10\\\/Depositphotos_170350446_m-2015.jpg\",\"datePublished\":\"2020-04-29T06:27:17+00:00\",\"description\":\"Die Luzerner Kantonalbank (LUKB) hat gr\u00fcnes Licht bekommen f\u00fcr die Aufstockung ihres Hauptsitz am Pilatusplatz in Luzern.\",\"breadcrumb\":{\"@id\":\"https:\\\/\\\/www.immobilienbusiness.ch\\\/regionen\\\/2020-04-29\\\/luzern-lukb-kann-ihren-hauptsitz-aufstocken\\\/#breadcrumb\"},\"inLanguage\":\"de\",\"potentialAction\":[{\"@type\":\"ReadAction\",\"target\":[\"https:\\\/\\\/www.immobilienbusiness.ch\\\/regionen\\\/2020-04-29\\\/luzern-lukb-kann-ihren-hauptsitz-aufstocken\\\/\"]}]},{\"@type\":\"ImageObject\",\"inLanguage\":\"de\",\"@id\":\"https:\\\/\\\/www.immobilienbusiness.ch\\\/regionen\\\/2020-04-29\\\/luzern-lukb-kann-ihren-hauptsitz-aufstocken\\\/#primaryimage\",\"url\":\"https:\\\/\\\/www.immobilienbusiness.ch\\\/wp-content\\\/uploads\\\/2018\\\/10\\\/Depositphotos_170350446_m-2015.jpg\",\"contentUrl\":\"https:\\\/\\\/www.immobilienbusiness.ch\\\/wp-content\\\/uploads\\\/2018\\\/10\\\/Depositphotos_170350446_m-2015.jpg\",\"width\":999,\"height\":667,\"caption\":\"Die Rohbauarbeiten f\u00fcr eine Wohn\u00fcberbauung in Lausen sind abgeschlossen (bild: Depositphotos)\"},{\"@type\":\"BreadcrumbList\",\"@id\":\"https:\\\/\\\/www.immobilienbusiness.ch\\\/regionen\\\/2020-04-29\\\/luzern-lukb-kann-ihren-hauptsitz-aufstocken\\\/#breadcrumb\",\"itemListElement\":[{\"@type\":\"ListItem\",\"position\":1,\"name\":\"Home\",\"item\":\"https:\\\/\\\/www.immobilienbusiness.ch\\\/\"},{\"@type\":\"ListItem\",\"position\":2,\"name\":\"Luzern: LUKB kann ihren Hauptsitz aufstocken\"}]},{\"@type\":\"WebSite\",\"@id\":\"https:\\\/\\\/www.immobilienbusiness.ch\\\/#website\",\"url\":\"https:\\\/\\\/www.immobilienbusiness.ch\\\/\",\"name\":\"IMMOBILIEN Business\",\"description\":\"Unabh\u00e4ngiges Schweizer Wirtschaftsmagazin mit Fokus auf Immobilien, Architektur- und Bau sowie Investment- und Finanzierung.\",\"publisher\":{\"@id\":\"https:\\\/\\\/www.immobilienbusiness.ch\\\/#organization\"},\"potentialAction\":[{\"@type\":\"SearchAction\",\"target\":{\"@type\":\"EntryPoint\",\"urlTemplate\":\"https:\\\/\\\/www.immobilienbusiness.ch\\\/?s={search_term_string}\"},\"query-input\":{\"@type\":\"PropertyValueSpecification\",\"valueRequired\":true,\"valueName\":\"search_term_string\"}}],\"inLanguage\":\"de\"},{\"@type\":\"Organization\",\"@id\":\"https:\\\/\\\/www.immobilienbusiness.ch\\\/#organization\",\"name\":\"IMMOBILIEN Business\",\"url\":\"https:\\\/\\\/www.immobilienbusiness.ch\\\/\",\"logo\":{\"@type\":\"ImageObject\",\"inLanguage\":\"de\",\"@id\":\"https:\\\/\\\/www.immobilienbusiness.ch\\\/#\\\/schema\\\/logo\\\/image\\\/\",\"url\":\"https:\\\/\\\/www.immobilienbusiness.ch\\\/wp-content\\\/uploads\\\/2021\\\/07\\\/logo_ib.png\",\"contentUrl\":\"https:\\\/\\\/www.immobilienbusiness.ch\\\/wp-content\\\/uploads\\\/2021\\\/07\\\/logo_ib.png\",\"width\":800,\"height\":181,\"caption\":\"IMMOBILIEN Business\"},\"image\":{\"@id\":\"https:\\\/\\\/www.immobilienbusiness.ch\\\/#\\\/schema\\\/logo\\\/image\\\/\"},\"sameAs\":[\"https:\\\/\\\/www.facebook.com\\\/immobilienbusiness\\\/\"]},{\"@type\":\"Person\",\"@id\":\"https:\\\/\\\/www.immobilienbusiness.ch\\\/#\\\/schema\\\/person\\\/3fc036297b10b9f42d6db5ee932af8c8\",\"name\":\"anja.hall\",\"image\":{\"@type\":\"ImageObject\",\"inLanguage\":\"de\",\"@id\":\"https:\\\/\\\/secure.gravatar.com\\\/avatar\\\/066b5a0d447013502c71a5782f4f3469f03cfe595cc2329fb94652fe47511bfb?s=96&d=mm&r=g\",\"url\":\"https:\\\/\\\/secure.gravatar.com\\\/avatar\\\/066b5a0d447013502c71a5782f4f3469f03cfe595cc2329fb94652fe47511bfb?s=96&d=mm&r=g\",\"contentUrl\":\"https:\\\/\\\/secure.gravatar.com\\\/avatar\\\/066b5a0d447013502c71a5782f4f3469f03cfe595cc2329fb94652fe47511bfb?s=96&d=mm&r=g\",\"caption\":\"anja.hall\"},\"url\":\"https:\\\/\\\/www.immobilienbusiness.ch\\\/de\\\/author\\\/anja-hall\\\/\"}]}<\/script>\n<!-- \/ Yoast SEO plugin. -->","yoast_head_json":{"title":"Luzern: LUKB kann ihren Hauptsitz aufstocken - IMMOBILIEN Business","description":"Die Luzerner Kantonalbank (LUKB) hat gr\u00fcnes Licht bekommen f\u00fcr die Aufstockung ihres Hauptsitz am Pilatusplatz in Luzern.","robots":{"index":"index","follow":"follow","max-snippet":"max-snippet:-1","max-image-preview":"max-image-preview:large","max-video-preview":"max-video-preview:-1"},"canonical":"https:\/\/www.immobilienbusiness.ch\/de\/regionen\/2020-04-29\/luzern-lukb-kann-ihren-hauptsitz-aufstocken\/","og_locale":"de_DE","og_type":"article","og_title":"Luzern: LUKB kann ihren Hauptsitz aufstocken - IMMOBILIEN Business","og_description":"Die Luzerner Kantonalbank (LUKB) hat gr\u00fcnes Licht bekommen f\u00fcr die Aufstockung ihres Hauptsitz am Pilatusplatz in Luzern.","og_url":"https:\/\/www.immobilienbusiness.ch\/de\/regionen\/2020-04-29\/luzern-lukb-kann-ihren-hauptsitz-aufstocken\/","og_site_name":"IMMOBILIEN Business","article_publisher":"https:\/\/www.facebook.com\/immobilienbusiness\/","article_published_time":"2020-04-29T06:27:17+00:00","og_image":[{"width":999,"height":667,"url":"https:\/\/www.immobilienbusiness.ch\/wp-content\/uploads\/2018\/10\/Depositphotos_170350446_m-2015.jpg","type":"image\/jpeg"}],"author":"anja.hall","twitter_card":"summary_large_image","twitter_image":"https:\/\/www.immobilienbusiness.ch\/wp-content\/uploads\/2018\/10\/Depositphotos_170350446_m-2015.jpg","schema":{"@context":"https:\/\/schema.org","@graph":[{"@type":"Article","@id":"https:\/\/www.immobilienbusiness.ch\/regionen\/2020-04-29\/luzern-lukb-kann-ihren-hauptsitz-aufstocken\/#article","isPartOf":{"@id":"https:\/\/www.immobilienbusiness.ch\/regionen\/2020-04-29\/luzern-lukb-kann-ihren-hauptsitz-aufstocken\/"},"author":{"name":"anja.hall","@id":"https:\/\/www.immobilienbusiness.ch\/#\/schema\/person\/3fc036297b10b9f42d6db5ee932af8c8"},"headline":"Luzern: LUKB kann ihren Hauptsitz aufstocken","datePublished":"2020-04-29T06:27:17+00:00","mainEntityOfPage":{"@id":"https:\/\/www.immobilienbusiness.ch\/regionen\/2020-04-29\/luzern-lukb-kann-ihren-hauptsitz-aufstocken\/"},"wordCount":141,"publisher":{"@id":"https:\/\/www.immobilienbusiness.ch\/#organization"},"image":{"@id":"https:\/\/www.immobilienbusiness.ch\/regionen\/2020-04-29\/luzern-lukb-kann-ihren-hauptsitz-aufstocken\/#primaryimage"},"thumbnailUrl":"https:\/\/www.immobilienbusiness.ch\/wp-content\/uploads\/2018\/10\/Depositphotos_170350446_m-2015.jpg","keywords":["B\u00fcroimmobilien","Luzern","Projekt in Planung"],"articleSection":["REGIONEN"],"inLanguage":"de"},{"@type":"WebPage","@id":"https:\/\/www.immobilienbusiness.ch\/regionen\/2020-04-29\/luzern-lukb-kann-ihren-hauptsitz-aufstocken\/","url":"https:\/\/www.immobilienbusiness.ch\/regionen\/2020-04-29\/luzern-lukb-kann-ihren-hauptsitz-aufstocken\/","name":"Luzern: LUKB kann ihren Hauptsitz aufstocken - IMMOBILIEN Business","isPartOf":{"@id":"https:\/\/www.immobilienbusiness.ch\/#website"},"primaryImageOfPage":{"@id":"https:\/\/www.immobilienbusiness.ch\/regionen\/2020-04-29\/luzern-lukb-kann-ihren-hauptsitz-aufstocken\/#primaryimage"},"image":{"@id":"https:\/\/www.immobilienbusiness.ch\/regionen\/2020-04-29\/luzern-lukb-kann-ihren-hauptsitz-aufstocken\/#primaryimage"},"thumbnailUrl":"https:\/\/www.immobilienbusiness.ch\/wp-content\/uploads\/2018\/10\/Depositphotos_170350446_m-2015.jpg","datePublished":"2020-04-29T06:27:17+00:00","description":"Die Luzerner Kantonalbank (LUKB) hat gr\u00fcnes Licht bekommen f\u00fcr die Aufstockung ihres Hauptsitz am Pilatusplatz in Luzern.","breadcrumb":{"@id":"https:\/\/www.immobilienbusiness.ch\/regionen\/2020-04-29\/luzern-lukb-kann-ihren-hauptsitz-aufstocken\/#breadcrumb"},"inLanguage":"de","potentialAction":[{"@type":"ReadAction","target":["https:\/\/www.immobilienbusiness.ch\/regionen\/2020-04-29\/luzern-lukb-kann-ihren-hauptsitz-aufstocken\/"]}]},{"@type":"ImageObject","inLanguage":"de","@id":"https:\/\/www.immobilienbusiness.ch\/regionen\/2020-04-29\/luzern-lukb-kann-ihren-hauptsitz-aufstocken\/#primaryimage","url":"https:\/\/www.immobilienbusiness.ch\/wp-content\/uploads\/2018\/10\/Depositphotos_170350446_m-2015.jpg","contentUrl":"https:\/\/www.immobilienbusiness.ch\/wp-content\/uploads\/2018\/10\/Depositphotos_170350446_m-2015.jpg","width":999,"height":667,"caption":"Die Rohbauarbeiten f\u00fcr eine Wohn\u00fcberbauung in Lausen sind abgeschlossen (bild: Depositphotos)"},{"@type":"BreadcrumbList","@id":"https:\/\/www.immobilienbusiness.ch\/regionen\/2020-04-29\/luzern-lukb-kann-ihren-hauptsitz-aufstocken\/#breadcrumb","itemListElement":[{"@type":"ListItem","position":1,"name":"Home","item":"https:\/\/www.immobilienbusiness.ch\/"},{"@type":"ListItem","position":2,"name":"Luzern: LUKB kann ihren Hauptsitz aufstocken"}]},{"@type":"WebSite","@id":"https:\/\/www.immobilienbusiness.ch\/#website","url":"https:\/\/www.immobilienbusiness.ch\/","name":"IMMOBILIEN Business","description":"Unabh\u00e4ngiges Schweizer Wirtschaftsmagazin mit Fokus auf Immobilien, Architektur- und Bau sowie Investment- und Finanzierung.","publisher":{"@id":"https:\/\/www.immobilienbusiness.ch\/#organization"},"potentialAction":[{"@type":"SearchAction","target":{"@type":"EntryPoint","urlTemplate":"https:\/\/www.immobilienbusiness.ch\/?s={search_term_string}"},"query-input":{"@type":"PropertyValueSpecification","valueRequired":true,"valueName":"search_term_string"}}],"inLanguage":"de"},{"@type":"Organization","@id":"https:\/\/www.immobilienbusiness.ch\/#organization","name":"IMMOBILIEN Business","url":"https:\/\/www.immobilienbusiness.ch\/","logo":{"@type":"ImageObject","inLanguage":"de","@id":"https:\/\/www.immobilienbusiness.ch\/#\/schema\/logo\/image\/","url":"https:\/\/www.immobilienbusiness.ch\/wp-content\/uploads\/2021\/07\/logo_ib.png","contentUrl":"https:\/\/www.immobilienbusiness.ch\/wp-content\/uploads\/2021\/07\/logo_ib.png","width":800,"height":181,"caption":"IMMOBILIEN Business"},"image":{"@id":"https:\/\/www.immobilienbusiness.ch\/#\/schema\/logo\/image\/"},"sameAs":["https:\/\/www.facebook.com\/immobilienbusiness\/"]},{"@type":"Person","@id":"https:\/\/www.immobilienbusiness.ch\/#\/schema\/person\/3fc036297b10b9f42d6db5ee932af8c8","name":"anja.hall","image":{"@type":"ImageObject","inLanguage":"de","@id":"https:\/\/secure.gravatar.com\/avatar\/066b5a0d447013502c71a5782f4f3469f03cfe595cc2329fb94652fe47511bfb?s=96&d=mm&r=g","url":"https:\/\/secure.gravatar.com\/avatar\/066b5a0d447013502c71a5782f4f3469f03cfe595cc2329fb94652fe47511bfb?s=96&d=mm&r=g","contentUrl":"https:\/\/secure.gravatar.com\/avatar\/066b5a0d447013502c71a5782f4f3469f03cfe595cc2329fb94652fe47511bfb?s=96&d=mm&r=g","caption":"anja.hall"},"url":"https:\/\/www.immobilienbusiness.ch\/de\/author\/anja-hall\/"}]}},"_links":{"self":[{"href":"https:\/\/www.immobilienbusiness.ch\/de\/wp-json\/wp\/v2\/posts\/21044","targetHints":{"allow":["GET"]}}],"collection":[{"href":"https:\/\/www.immobilienbusiness.ch\/de\/wp-json\/wp\/v2\/posts"}],"about":[{"href":"https:\/\/www.immobilienbusiness.ch\/de\/wp-json\/wp\/v2\/types\/post"}],"author":[{"embeddable":true,"href":"https:\/\/www.immobilienbusiness.ch\/de\/wp-json\/wp\/v2\/users\/3"}],"replies":[{"embeddable":true,"href":"https:\/\/www.immobilienbusiness.ch\/de\/wp-json\/wp\/v2\/comments?post=21044"}],"version-history":[{"count":0,"href":"https:\/\/www.immobilienbusiness.ch\/de\/wp-json\/wp\/v2\/posts\/21044\/revisions"}],"wp:featuredmedia":[{"embeddable":true,"href":"https:\/\/www.immobilienbusiness.ch\/de\/wp-json\/wp\/v2\/media\/14652"}],"wp:attachment":[{"href":"https:\/\/www.immobilienbusiness.ch\/de\/wp-json\/wp\/v2\/media?parent=21044"}],"wp:term":[{"taxonomy":"category","embeddable":true,"href":"https:\/\/www.immobilienbusiness.ch\/de\/wp-json\/wp\/v2\/categories?post=21044"},{"taxonomy":"post_tag","embeddable":true,"href":"https:\/\/www.immobilienbusiness.ch\/de\/wp-json\/wp\/v2\/tags?post=21044"}],"curies":[{"name":"wp","href":"https:\/\/api.w.org\/{rel}","templated":true}]}}