{"id":20982,"date":"2020-04-22T08:19:00","date_gmt":"2020-04-22T06:19:00","guid":{"rendered":"https:\/\/www.immobilienbusiness.ch\/?p=20982"},"modified":"2020-04-22T08:19:00","modified_gmt":"2020-04-22T06:19:00","slug":"ceneri-basistunnel-wieder-im-testbetrieb","status":"publish","type":"post","link":"https:\/\/www.immobilienbusiness.ch\/de\/regionen\/2020-04-22\/ceneri-basistunnel-wieder-im-testbetrieb\/","title":{"rendered":"Ceneri-Basistunnel wieder im Testbetrieb"},"content":{"rendered":"<figure id=\"attachment_20983\" aria-describedby=\"caption-attachment-20983\" style=\"width: 680px\" class=\"wp-caption alignnone\"><img loading=\"lazy\" decoding=\"async\" class=\"size-medium wp-image-20983\" src=\"https:\/\/www.immobilienbusiness.ch\/wp-content\/uploads\/2020\/04\/csm_2020_01_28_cbt_tubo_ovest_portale_vigana_02_5c122df2ce.jpg\" alt=\"\" width=\"680\" height=\"453\" srcset=\"https:\/\/www.immobilienbusiness.ch\/wp-content\/uploads\/2020\/04\/csm_2020_01_28_cbt_tubo_ovest_portale_vigana_02_5c122df2ce.jpg 800w, https:\/\/www.immobilienbusiness.ch\/wp-content\/uploads\/2020\/04\/csm_2020_01_28_cbt_tubo_ovest_portale_vigana_02_5c122df2ce-300x200.jpg 300w, https:\/\/www.immobilienbusiness.ch\/wp-content\/uploads\/2020\/04\/csm_2020_01_28_cbt_tubo_ovest_portale_vigana_02_5c122df2ce-768x512.jpg 768w, https:\/\/www.immobilienbusiness.ch\/wp-content\/uploads\/2020\/04\/csm_2020_01_28_cbt_tubo_ovest_portale_vigana_02_5c122df2ce-16x12.jpg 16w, https:\/\/www.immobilienbusiness.ch\/wp-content\/uploads\/2020\/04\/csm_2020_01_28_cbt_tubo_ovest_portale_vigana_02_5c122df2ce-263x175.jpg 263w, https:\/\/www.immobilienbusiness.ch\/wp-content\/uploads\/2020\/04\/csm_2020_01_28_cbt_tubo_ovest_portale_vigana_02_5c122df2ce-525x350.jpg 525w\" sizes=\"auto, (max-width: 680px) 100vw, 680px\" \/><figcaption id=\"caption-attachment-20983\" class=\"wp-caption-text\">Der Ceneri-Basistunnel (Bild: Alp Transit Gotthard AG)<\/figcaption><\/figure>\n<p>&nbsp;<\/p>\n<p>Seit Montag, 20. April 2020, finden im Ceneri-Basistunnel wieder Testfahrten statt. Wie die ATG AlpTransit Gotthard AG mitteilt, wurden die Bedingungen dazu in engem Austausch zwischen medizinischen Fachspezialisten des Bundesamtes f\u00fcr Gesundheit (BAG) und der SBB definiert; die Vorgaben des BAG w\u00fcrden strikt eingehalten. Die Situation werde laufend beurteilt und der Testbetrieb den Umst\u00e4nden angepasst; f\u00fcr die Einhaltung der Vorgaben des BAG und der Schutzmassnahmen hat die ATG f\u00fcr jede Testschicht einen Sicherheitsverantwortlichen bestimmt.<\/p>\n<p>Am 6. April 2020 hat die ATG die notwendigen Erhaltungst\u00e4tigkeiten (Unterhalt und Instandhaltung) im Ceneri-Basistunnel gem\u00e4ss Bewilligung des Kantons Tessin wiederaufgenommen. Vorher wurden zusammen mit den beteiligten Unternehmern, den kantonalen Beh\u00f6rden, der SUVA und den Gewerkschaften alle Prozesse, Instruktionsvorschriften und Kontrollmassnahmen \u00fcberpr\u00fcft. Dabei habe sich gezeigt, dass die beh\u00f6rdlichen Verhaltens- und Hygienevorschriften bei den Arbeiten eingehalten werden k\u00f6nnen.<\/p>\n<p>Ende April 2020 wird die AlpTransit Gotthard AG aufgrund der Situation und des aktuellen Standes des Testbetriebes zusammen mit dem BAV und der SBB beurteilen, welche Auswirkungen auf den weiteren Verlauf der Inbetriebnahme des Ceneri-Basistunnels und dessen geplante Er\u00f6ffnung im September respektive im Dezember 2020 zu erwarten sind. <em>(bw)<\/em><\/p>\n","protected":false},"excerpt":{"rendered":"<p> Die AlpTransit Gotthard AG hat die Testfahrten im Ceneri-Basistunnel wieder aufgenommen. Ende April 2020 soll aufgrund des aktuellen Standes des Testbetriebes beurteilt werden, wann der Tunnel er\u00f6ffnet werden kann.<\/p>\n","protected":false},"author":3,"featured_media":20983,"comment_status":"closed","ping_status":"open","sticky":false,"template":"","format":"standard","meta":{"_acf_changed":false,"_yoast_wpseo_focuskw":"Ceneri","_yoast_wpseo_title":"","_yoast_wpseo_metadesc":"AlpTransit Gotthard hat die Testfahrten im Ceneri-Basistunnel wieder aufgenommen. Ende April soll beurteilt werden, wann der Tunnel er\u00f6ffnet werden kann.","_yoast_wpseo_linkdex":60,"pgc_sgb_lightbox_settings":"","footnotes":""},"categories":[985],"tags":[1365,1775],"class_list":["post-20982","post","type-post","status-publish","format-standard","has-post-thumbnail","hentry","category-regionen","tag-infrastruktur","tag-tessin"],"acf":[],"yoast_head":"<!-- This site is optimized with the Yoast SEO plugin v27.4 - https:\/\/yoast.com\/product\/yoast-seo-wordpress\/ -->\n<title>Ceneri-Basistunnel wieder im Testbetrieb - IMMOBILIEN Business<\/title>\n<meta name=\"description\" content=\"AlpTransit Gotthard hat die Testfahrten im Ceneri-Basistunnel wieder aufgenommen. Ende April soll beurteilt werden, wann der Tunnel er\u00f6ffnet werden kann.\" \/>\n<meta name=\"robots\" content=\"index, follow, max-snippet:-1, max-image-preview:large, max-video-preview:-1\" \/>\n<link rel=\"canonical\" href=\"https:\/\/www.immobilienbusiness.ch\/de\/regionen\/2020-04-22\/ceneri-basistunnel-wieder-im-testbetrieb\/\" \/>\n<meta property=\"og:locale\" content=\"de_DE\" \/>\n<meta property=\"og:type\" content=\"article\" \/>\n<meta property=\"og:title\" content=\"Ceneri-Basistunnel wieder im Testbetrieb - IMMOBILIEN Business\" \/>\n<meta property=\"og:description\" content=\"AlpTransit Gotthard hat die Testfahrten im Ceneri-Basistunnel wieder aufgenommen. Ende April soll beurteilt werden, wann der Tunnel er\u00f6ffnet werden kann.\" \/>\n<meta property=\"og:url\" content=\"https:\/\/www.immobilienbusiness.ch\/de\/regionen\/2020-04-22\/ceneri-basistunnel-wieder-im-testbetrieb\/\" \/>\n<meta property=\"og:site_name\" content=\"IMMOBILIEN Business\" \/>\n<meta property=\"article:publisher\" content=\"https:\/\/www.facebook.com\/immobilienbusiness\/\" \/>\n<meta property=\"article:published_time\" content=\"2020-04-22T06:19:00+00:00\" \/>\n<meta property=\"og:image\" content=\"https:\/\/www.immobilienbusiness.ch\/wp-content\/uploads\/2020\/04\/csm_2020_01_28_cbt_tubo_ovest_portale_vigana_02_5c122df2ce-1.jpg\" \/>\n\t<meta property=\"og:image:width\" content=\"800\" \/>\n\t<meta property=\"og:image:height\" content=\"533\" \/>\n\t<meta property=\"og:image:type\" content=\"image\/jpeg\" \/>\n<meta name=\"author\" content=\"anja.hall\" \/>\n<meta name=\"twitter:card\" content=\"summary_large_image\" \/>\n<meta name=\"twitter:image\" content=\"https:\/\/www.immobilienbusiness.ch\/wp-content\/uploads\/2020\/04\/csm_2020_01_28_cbt_tubo_ovest_portale_vigana_02_5c122df2ce-1.jpg\" \/>\n<script type=\"application\/ld+json\" class=\"yoast-schema-graph\">{\"@context\":\"https:\\\/\\\/schema.org\",\"@graph\":[{\"@type\":\"Article\",\"@id\":\"https:\\\/\\\/www.immobilienbusiness.ch\\\/fr\\\/regionen\\\/2020-04-22\\\/ceneri-basistunnel-wieder-im-testbetrieb\\\/#article\",\"isPartOf\":{\"@id\":\"https:\\\/\\\/www.immobilienbusiness.ch\\\/fr\\\/regionen\\\/2020-04-22\\\/ceneri-basistunnel-wieder-im-testbetrieb\\\/\"},\"author\":{\"name\":\"anja.hall\",\"@id\":\"https:\\\/\\\/www.immobilienbusiness.ch\\\/#\\\/schema\\\/person\\\/3fc036297b10b9f42d6db5ee932af8c8\"},\"headline\":\"Ceneri-Basistunnel wieder im Testbetrieb\",\"datePublished\":\"2020-04-22T06:19:00+00:00\",\"mainEntityOfPage\":{\"@id\":\"https:\\\/\\\/www.immobilienbusiness.ch\\\/fr\\\/regionen\\\/2020-04-22\\\/ceneri-basistunnel-wieder-im-testbetrieb\\\/\"},\"wordCount\":206,\"publisher\":{\"@id\":\"https:\\\/\\\/www.immobilienbusiness.ch\\\/#organization\"},\"image\":{\"@id\":\"https:\\\/\\\/www.immobilienbusiness.ch\\\/fr\\\/regionen\\\/2020-04-22\\\/ceneri-basistunnel-wieder-im-testbetrieb\\\/#primaryimage\"},\"thumbnailUrl\":\"https:\\\/\\\/www.immobilienbusiness.ch\\\/wp-content\\\/uploads\\\/2020\\\/04\\\/csm_2020_01_28_cbt_tubo_ovest_portale_vigana_02_5c122df2ce.jpg\",\"keywords\":[\"Infrastruktur\",\"Tessin\"],\"articleSection\":[\"REGIONEN\"],\"inLanguage\":\"de\"},{\"@type\":\"WebPage\",\"@id\":\"https:\\\/\\\/www.immobilienbusiness.ch\\\/fr\\\/regionen\\\/2020-04-22\\\/ceneri-basistunnel-wieder-im-testbetrieb\\\/\",\"url\":\"https:\\\/\\\/www.immobilienbusiness.ch\\\/fr\\\/regionen\\\/2020-04-22\\\/ceneri-basistunnel-wieder-im-testbetrieb\\\/\",\"name\":\"Ceneri-Basistunnel wieder im Testbetrieb - IMMOBILIEN Business\",\"isPartOf\":{\"@id\":\"https:\\\/\\\/www.immobilienbusiness.ch\\\/#website\"},\"primaryImageOfPage\":{\"@id\":\"https:\\\/\\\/www.immobilienbusiness.ch\\\/fr\\\/regionen\\\/2020-04-22\\\/ceneri-basistunnel-wieder-im-testbetrieb\\\/#primaryimage\"},\"image\":{\"@id\":\"https:\\\/\\\/www.immobilienbusiness.ch\\\/fr\\\/regionen\\\/2020-04-22\\\/ceneri-basistunnel-wieder-im-testbetrieb\\\/#primaryimage\"},\"thumbnailUrl\":\"https:\\\/\\\/www.immobilienbusiness.ch\\\/wp-content\\\/uploads\\\/2020\\\/04\\\/csm_2020_01_28_cbt_tubo_ovest_portale_vigana_02_5c122df2ce.jpg\",\"datePublished\":\"2020-04-22T06:19:00+00:00\",\"description\":\"AlpTransit Gotthard hat die Testfahrten im Ceneri-Basistunnel wieder aufgenommen. Ende April soll beurteilt werden, wann der Tunnel er\u00f6ffnet werden kann.\",\"breadcrumb\":{\"@id\":\"https:\\\/\\\/www.immobilienbusiness.ch\\\/fr\\\/regionen\\\/2020-04-22\\\/ceneri-basistunnel-wieder-im-testbetrieb\\\/#breadcrumb\"},\"inLanguage\":\"de\",\"potentialAction\":[{\"@type\":\"ReadAction\",\"target\":[\"https:\\\/\\\/www.immobilienbusiness.ch\\\/fr\\\/regionen\\\/2020-04-22\\\/ceneri-basistunnel-wieder-im-testbetrieb\\\/\"]}]},{\"@type\":\"ImageObject\",\"inLanguage\":\"de\",\"@id\":\"https:\\\/\\\/www.immobilienbusiness.ch\\\/fr\\\/regionen\\\/2020-04-22\\\/ceneri-basistunnel-wieder-im-testbetrieb\\\/#primaryimage\",\"url\":\"https:\\\/\\\/www.immobilienbusiness.ch\\\/wp-content\\\/uploads\\\/2020\\\/04\\\/csm_2020_01_28_cbt_tubo_ovest_portale_vigana_02_5c122df2ce.jpg\",\"contentUrl\":\"https:\\\/\\\/www.immobilienbusiness.ch\\\/wp-content\\\/uploads\\\/2020\\\/04\\\/csm_2020_01_28_cbt_tubo_ovest_portale_vigana_02_5c122df2ce.jpg\",\"width\":800,\"height\":533,\"caption\":\"Der Ceneri-Basistunnel (Bild: Alp Transit Gotthard AG)\"},{\"@type\":\"BreadcrumbList\",\"@id\":\"https:\\\/\\\/www.immobilienbusiness.ch\\\/fr\\\/regionen\\\/2020-04-22\\\/ceneri-basistunnel-wieder-im-testbetrieb\\\/#breadcrumb\",\"itemListElement\":[{\"@type\":\"ListItem\",\"position\":1,\"name\":\"Home\",\"item\":\"https:\\\/\\\/www.immobilienbusiness.ch\\\/\"},{\"@type\":\"ListItem\",\"position\":2,\"name\":\"Ceneri-Basistunnel wieder im Testbetrieb\"}]},{\"@type\":\"WebSite\",\"@id\":\"https:\\\/\\\/www.immobilienbusiness.ch\\\/#website\",\"url\":\"https:\\\/\\\/www.immobilienbusiness.ch\\\/\",\"name\":\"IMMOBILIEN Business\",\"description\":\"Unabh\u00e4ngiges Schweizer Wirtschaftsmagazin mit Fokus auf Immobilien, Architektur- und Bau sowie Investment- und Finanzierung.\",\"publisher\":{\"@id\":\"https:\\\/\\\/www.immobilienbusiness.ch\\\/#organization\"},\"potentialAction\":[{\"@type\":\"SearchAction\",\"target\":{\"@type\":\"EntryPoint\",\"urlTemplate\":\"https:\\\/\\\/www.immobilienbusiness.ch\\\/?s={search_term_string}\"},\"query-input\":{\"@type\":\"PropertyValueSpecification\",\"valueRequired\":true,\"valueName\":\"search_term_string\"}}],\"inLanguage\":\"de\"},{\"@type\":\"Organization\",\"@id\":\"https:\\\/\\\/www.immobilienbusiness.ch\\\/#organization\",\"name\":\"IMMOBILIEN Business\",\"url\":\"https:\\\/\\\/www.immobilienbusiness.ch\\\/\",\"logo\":{\"@type\":\"ImageObject\",\"inLanguage\":\"de\",\"@id\":\"https:\\\/\\\/www.immobilienbusiness.ch\\\/#\\\/schema\\\/logo\\\/image\\\/\",\"url\":\"https:\\\/\\\/www.immobilienbusiness.ch\\\/wp-content\\\/uploads\\\/2021\\\/07\\\/logo_ib.png\",\"contentUrl\":\"https:\\\/\\\/www.immobilienbusiness.ch\\\/wp-content\\\/uploads\\\/2021\\\/07\\\/logo_ib.png\",\"width\":800,\"height\":181,\"caption\":\"IMMOBILIEN Business\"},\"image\":{\"@id\":\"https:\\\/\\\/www.immobilienbusiness.ch\\\/#\\\/schema\\\/logo\\\/image\\\/\"},\"sameAs\":[\"https:\\\/\\\/www.facebook.com\\\/immobilienbusiness\\\/\"]},{\"@type\":\"Person\",\"@id\":\"https:\\\/\\\/www.immobilienbusiness.ch\\\/#\\\/schema\\\/person\\\/3fc036297b10b9f42d6db5ee932af8c8\",\"name\":\"anja.hall\",\"image\":{\"@type\":\"ImageObject\",\"inLanguage\":\"de\",\"@id\":\"https:\\\/\\\/secure.gravatar.com\\\/avatar\\\/066b5a0d447013502c71a5782f4f3469f03cfe595cc2329fb94652fe47511bfb?s=96&d=mm&r=g\",\"url\":\"https:\\\/\\\/secure.gravatar.com\\\/avatar\\\/066b5a0d447013502c71a5782f4f3469f03cfe595cc2329fb94652fe47511bfb?s=96&d=mm&r=g\",\"contentUrl\":\"https:\\\/\\\/secure.gravatar.com\\\/avatar\\\/066b5a0d447013502c71a5782f4f3469f03cfe595cc2329fb94652fe47511bfb?s=96&d=mm&r=g\",\"caption\":\"anja.hall\"},\"url\":\"https:\\\/\\\/www.immobilienbusiness.ch\\\/de\\\/author\\\/anja-hall\\\/\"}]}<\/script>\n<!-- \/ Yoast SEO plugin. -->","yoast_head_json":{"title":"Ceneri-Basistunnel wieder im Testbetrieb - IMMOBILIEN Business","description":"AlpTransit Gotthard hat die Testfahrten im Ceneri-Basistunnel wieder aufgenommen. Ende April soll beurteilt werden, wann der Tunnel er\u00f6ffnet werden kann.","robots":{"index":"index","follow":"follow","max-snippet":"max-snippet:-1","max-image-preview":"max-image-preview:large","max-video-preview":"max-video-preview:-1"},"canonical":"https:\/\/www.immobilienbusiness.ch\/de\/regionen\/2020-04-22\/ceneri-basistunnel-wieder-im-testbetrieb\/","og_locale":"de_DE","og_type":"article","og_title":"Ceneri-Basistunnel wieder im Testbetrieb - IMMOBILIEN Business","og_description":"AlpTransit Gotthard hat die Testfahrten im Ceneri-Basistunnel wieder aufgenommen. Ende April soll beurteilt werden, wann der Tunnel er\u00f6ffnet werden kann.","og_url":"https:\/\/www.immobilienbusiness.ch\/de\/regionen\/2020-04-22\/ceneri-basistunnel-wieder-im-testbetrieb\/","og_site_name":"IMMOBILIEN Business","article_publisher":"https:\/\/www.facebook.com\/immobilienbusiness\/","article_published_time":"2020-04-22T06:19:00+00:00","og_image":[{"width":800,"height":533,"url":"https:\/\/www.immobilienbusiness.ch\/wp-content\/uploads\/2020\/04\/csm_2020_01_28_cbt_tubo_ovest_portale_vigana_02_5c122df2ce-1.jpg","type":"image\/jpeg"}],"author":"anja.hall","twitter_card":"summary_large_image","twitter_image":"https:\/\/www.immobilienbusiness.ch\/wp-content\/uploads\/2020\/04\/csm_2020_01_28_cbt_tubo_ovest_portale_vigana_02_5c122df2ce-1.jpg","schema":{"@context":"https:\/\/schema.org","@graph":[{"@type":"Article","@id":"https:\/\/www.immobilienbusiness.ch\/fr\/regionen\/2020-04-22\/ceneri-basistunnel-wieder-im-testbetrieb\/#article","isPartOf":{"@id":"https:\/\/www.immobilienbusiness.ch\/fr\/regionen\/2020-04-22\/ceneri-basistunnel-wieder-im-testbetrieb\/"},"author":{"name":"anja.hall","@id":"https:\/\/www.immobilienbusiness.ch\/#\/schema\/person\/3fc036297b10b9f42d6db5ee932af8c8"},"headline":"Ceneri-Basistunnel wieder im Testbetrieb","datePublished":"2020-04-22T06:19:00+00:00","mainEntityOfPage":{"@id":"https:\/\/www.immobilienbusiness.ch\/fr\/regionen\/2020-04-22\/ceneri-basistunnel-wieder-im-testbetrieb\/"},"wordCount":206,"publisher":{"@id":"https:\/\/www.immobilienbusiness.ch\/#organization"},"image":{"@id":"https:\/\/www.immobilienbusiness.ch\/fr\/regionen\/2020-04-22\/ceneri-basistunnel-wieder-im-testbetrieb\/#primaryimage"},"thumbnailUrl":"https:\/\/www.immobilienbusiness.ch\/wp-content\/uploads\/2020\/04\/csm_2020_01_28_cbt_tubo_ovest_portale_vigana_02_5c122df2ce.jpg","keywords":["Infrastruktur","Tessin"],"articleSection":["REGIONEN"],"inLanguage":"de"},{"@type":"WebPage","@id":"https:\/\/www.immobilienbusiness.ch\/fr\/regionen\/2020-04-22\/ceneri-basistunnel-wieder-im-testbetrieb\/","url":"https:\/\/www.immobilienbusiness.ch\/fr\/regionen\/2020-04-22\/ceneri-basistunnel-wieder-im-testbetrieb\/","name":"Ceneri-Basistunnel wieder im Testbetrieb - IMMOBILIEN Business","isPartOf":{"@id":"https:\/\/www.immobilienbusiness.ch\/#website"},"primaryImageOfPage":{"@id":"https:\/\/www.immobilienbusiness.ch\/fr\/regionen\/2020-04-22\/ceneri-basistunnel-wieder-im-testbetrieb\/#primaryimage"},"image":{"@id":"https:\/\/www.immobilienbusiness.ch\/fr\/regionen\/2020-04-22\/ceneri-basistunnel-wieder-im-testbetrieb\/#primaryimage"},"thumbnailUrl":"https:\/\/www.immobilienbusiness.ch\/wp-content\/uploads\/2020\/04\/csm_2020_01_28_cbt_tubo_ovest_portale_vigana_02_5c122df2ce.jpg","datePublished":"2020-04-22T06:19:00+00:00","description":"AlpTransit Gotthard hat die Testfahrten im Ceneri-Basistunnel wieder aufgenommen. Ende April soll beurteilt werden, wann der Tunnel er\u00f6ffnet werden kann.","breadcrumb":{"@id":"https:\/\/www.immobilienbusiness.ch\/fr\/regionen\/2020-04-22\/ceneri-basistunnel-wieder-im-testbetrieb\/#breadcrumb"},"inLanguage":"de","potentialAction":[{"@type":"ReadAction","target":["https:\/\/www.immobilienbusiness.ch\/fr\/regionen\/2020-04-22\/ceneri-basistunnel-wieder-im-testbetrieb\/"]}]},{"@type":"ImageObject","inLanguage":"de","@id":"https:\/\/www.immobilienbusiness.ch\/fr\/regionen\/2020-04-22\/ceneri-basistunnel-wieder-im-testbetrieb\/#primaryimage","url":"https:\/\/www.immobilienbusiness.ch\/wp-content\/uploads\/2020\/04\/csm_2020_01_28_cbt_tubo_ovest_portale_vigana_02_5c122df2ce.jpg","contentUrl":"https:\/\/www.immobilienbusiness.ch\/wp-content\/uploads\/2020\/04\/csm_2020_01_28_cbt_tubo_ovest_portale_vigana_02_5c122df2ce.jpg","width":800,"height":533,"caption":"Der Ceneri-Basistunnel (Bild: Alp Transit Gotthard AG)"},{"@type":"BreadcrumbList","@id":"https:\/\/www.immobilienbusiness.ch\/fr\/regionen\/2020-04-22\/ceneri-basistunnel-wieder-im-testbetrieb\/#breadcrumb","itemListElement":[{"@type":"ListItem","position":1,"name":"Home","item":"https:\/\/www.immobilienbusiness.ch\/"},{"@type":"ListItem","position":2,"name":"Ceneri-Basistunnel wieder im Testbetrieb"}]},{"@type":"WebSite","@id":"https:\/\/www.immobilienbusiness.ch\/#website","url":"https:\/\/www.immobilienbusiness.ch\/","name":"IMMOBILIEN Business","description":"Unabh\u00e4ngiges Schweizer Wirtschaftsmagazin mit Fokus auf Immobilien, Architektur- und Bau sowie Investment- und Finanzierung.","publisher":{"@id":"https:\/\/www.immobilienbusiness.ch\/#organization"},"potentialAction":[{"@type":"SearchAction","target":{"@type":"EntryPoint","urlTemplate":"https:\/\/www.immobilienbusiness.ch\/?s={search_term_string}"},"query-input":{"@type":"PropertyValueSpecification","valueRequired":true,"valueName":"search_term_string"}}],"inLanguage":"de"},{"@type":"Organization","@id":"https:\/\/www.immobilienbusiness.ch\/#organization","name":"IMMOBILIEN Business","url":"https:\/\/www.immobilienbusiness.ch\/","logo":{"@type":"ImageObject","inLanguage":"de","@id":"https:\/\/www.immobilienbusiness.ch\/#\/schema\/logo\/image\/","url":"https:\/\/www.immobilienbusiness.ch\/wp-content\/uploads\/2021\/07\/logo_ib.png","contentUrl":"https:\/\/www.immobilienbusiness.ch\/wp-content\/uploads\/2021\/07\/logo_ib.png","width":800,"height":181,"caption":"IMMOBILIEN Business"},"image":{"@id":"https:\/\/www.immobilienbusiness.ch\/#\/schema\/logo\/image\/"},"sameAs":["https:\/\/www.facebook.com\/immobilienbusiness\/"]},{"@type":"Person","@id":"https:\/\/www.immobilienbusiness.ch\/#\/schema\/person\/3fc036297b10b9f42d6db5ee932af8c8","name":"anja.hall","image":{"@type":"ImageObject","inLanguage":"de","@id":"https:\/\/secure.gravatar.com\/avatar\/066b5a0d447013502c71a5782f4f3469f03cfe595cc2329fb94652fe47511bfb?s=96&d=mm&r=g","url":"https:\/\/secure.gravatar.com\/avatar\/066b5a0d447013502c71a5782f4f3469f03cfe595cc2329fb94652fe47511bfb?s=96&d=mm&r=g","contentUrl":"https:\/\/secure.gravatar.com\/avatar\/066b5a0d447013502c71a5782f4f3469f03cfe595cc2329fb94652fe47511bfb?s=96&d=mm&r=g","caption":"anja.hall"},"url":"https:\/\/www.immobilienbusiness.ch\/de\/author\/anja-hall\/"}]}},"_links":{"self":[{"href":"https:\/\/www.immobilienbusiness.ch\/de\/wp-json\/wp\/v2\/posts\/20982","targetHints":{"allow":["GET"]}}],"collection":[{"href":"https:\/\/www.immobilienbusiness.ch\/de\/wp-json\/wp\/v2\/posts"}],"about":[{"href":"https:\/\/www.immobilienbusiness.ch\/de\/wp-json\/wp\/v2\/types\/post"}],"author":[{"embeddable":true,"href":"https:\/\/www.immobilienbusiness.ch\/de\/wp-json\/wp\/v2\/users\/3"}],"replies":[{"embeddable":true,"href":"https:\/\/www.immobilienbusiness.ch\/de\/wp-json\/wp\/v2\/comments?post=20982"}],"version-history":[{"count":0,"href":"https:\/\/www.immobilienbusiness.ch\/de\/wp-json\/wp\/v2\/posts\/20982\/revisions"}],"wp:featuredmedia":[{"embeddable":true,"href":"https:\/\/www.immobilienbusiness.ch\/de\/wp-json\/wp\/v2\/media\/20983"}],"wp:attachment":[{"href":"https:\/\/www.immobilienbusiness.ch\/de\/wp-json\/wp\/v2\/media?parent=20982"}],"wp:term":[{"taxonomy":"category","embeddable":true,"href":"https:\/\/www.immobilienbusiness.ch\/de\/wp-json\/wp\/v2\/categories?post=20982"},{"taxonomy":"post_tag","embeddable":true,"href":"https:\/\/www.immobilienbusiness.ch\/de\/wp-json\/wp\/v2\/tags?post=20982"}],"curies":[{"name":"wp","href":"https:\/\/api.w.org\/{rel}","templated":true}]}}