{"id":20964,"date":"2020-04-21T07:25:39","date_gmt":"2020-04-21T05:25:39","guid":{"rendered":"https:\/\/www.immobilienbusiness.ch\/?p=20964"},"modified":"2020-04-21T07:25:39","modified_gmt":"2020-04-21T05:25:39","slug":"neue-direktorin-fuer-lignum","status":"publish","type":"post","link":"https:\/\/www.immobilienbusiness.ch\/de\/unternehmen\/2020-04-21\/neue-direktorin-fuer-lignum\/","title":{"rendered":"Neue Direktorin f\u00fcr Lignum"},"content":{"rendered":"<figure id=\"attachment_20965\" aria-describedby=\"caption-attachment-20965\" style=\"width: 680px\" class=\"wp-caption alignnone\"><img loading=\"lazy\" decoding=\"async\" class=\"size-medium wp-image-20965\" src=\"https:\/\/www.immobilienbusiness.ch\/wp-content\/uploads\/2020\/04\/Portrait_Sandra_Burlet.jpg\" alt=\"\" width=\"680\" height=\"890\" srcset=\"https:\/\/www.immobilienbusiness.ch\/wp-content\/uploads\/2020\/04\/Portrait_Sandra_Burlet.jpg 1505w, https:\/\/www.immobilienbusiness.ch\/wp-content\/uploads\/2020\/04\/Portrait_Sandra_Burlet-229x300.jpg 229w, https:\/\/www.immobilienbusiness.ch\/wp-content\/uploads\/2020\/04\/Portrait_Sandra_Burlet-782x1024.jpg 782w, https:\/\/www.immobilienbusiness.ch\/wp-content\/uploads\/2020\/04\/Portrait_Sandra_Burlet-768x1005.jpg 768w, https:\/\/www.immobilienbusiness.ch\/wp-content\/uploads\/2020\/04\/Portrait_Sandra_Burlet-1173x1536.jpg 1173w, https:\/\/www.immobilienbusiness.ch\/wp-content\/uploads\/2020\/04\/Portrait_Sandra_Burlet-9x12.jpg 9w, https:\/\/www.immobilienbusiness.ch\/wp-content\/uploads\/2020\/04\/Portrait_Sandra_Burlet-134x175.jpg 134w, https:\/\/www.immobilienbusiness.ch\/wp-content\/uploads\/2020\/04\/Portrait_Sandra_Burlet-267x350.jpg 267w, https:\/\/www.immobilienbusiness.ch\/wp-content\/uploads\/2020\/04\/Portrait_Sandra_Burlet-611x800.jpg 611w, https:\/\/www.immobilienbusiness.ch\/wp-content\/uploads\/2020\/04\/Portrait_Sandra_Burlet-920x1204.jpg 920w, https:\/\/www.immobilienbusiness.ch\/wp-content\/uploads\/2020\/04\/Portrait_Sandra_Burlet-1400x1833.jpg 1400w, https:\/\/www.immobilienbusiness.ch\/wp-content\/uploads\/2020\/04\/Portrait_Sandra_Burlet-1070x1400.jpg 1070w, https:\/\/www.immobilienbusiness.ch\/wp-content\/uploads\/2020\/04\/Portrait_Sandra_Burlet-300x393.jpg 300w\" sizes=\"auto, (max-width: 680px) 100vw, 680px\" \/><figcaption id=\"caption-attachment-20965\" class=\"wp-caption-text\">Sandra Burlet (Bild: Lignum)<\/figcaption><\/figure>\n<p>Sandra Burlet folgt als Direktorin ab August 2020 auf Christoph Starck, der Lignum im Herbst 2019 nach gut 15 Jahren verlassen hat, <a href=\"https:\/\/www.immobilienbusiness.ch\/sia-waehlt-neuen-geschaeftsfuehrer\/\">um Gesch\u00e4ftsf\u00fchrer des Schweizerischen Ingenieur- und Architektenvereins SIA zu werden.<\/a><\/p>\n<p>Die 49-j\u00e4hrige Burlet ist Wirtschafts- und Staatswissenschaftlerin und arbeitete nach dem Lizentiat rund neun Jahre lang beim Hauseigent\u00fcmerverband Schweiz als Volkswirtschafterin und Mitglied des Kaders. 2010 wechselte sie als Leiterin Kommunikation und Projekte zu bauenschweiz, wo sie ab 2014 als stellvertretende Direktorin f\u00fcr die operative Leitung der Gesch\u00e4ftsstelle mitverantwortlich war.<\/p>\n<p>Burlet verf\u00fcge aufgrund ihres Werdegangs \u00fcber ein ausgezeichnetes Netzwerk in der Bau- und Immobilienbranche sowie \u00fcber grosse Erfahrung im Verbandswesen und in der politischen Arbeit. Damit entspreche sie \u00abin hervorragender Weise\u00bb dem Anforderungsprofil der Findungskommission f\u00fcr die Nachfolge in der Lignum-Direktion, teilt der Verband mit.<\/p>\n<p>Lignum, Holzwirtschaft Schweiz ist die Dachorganisation der Schweizer Wald- und Holzwirtschaft. Sie vereinigt Verb\u00e4nde und Organisationen der Holzkette, Institutionen aus Forschung und Lehre, \u00f6ffentliche K\u00f6rperschaften sowie eine grosse Zahl von<br \/>\nArchitekten und Ingenieuren. <em>(ah)<\/em><\/p>\n","protected":false},"excerpt":{"rendered":"<p>Sandra Burlet wird neue Direktorin von Lignum. Sie ist derzeit stellvertretende Direktorin der Bauwirtschafts-Dachorganisation bauenschweiz.\u00a0<\/p>\n","protected":false},"author":3,"featured_media":20965,"comment_status":"closed","ping_status":"open","sticky":false,"template":"","format":"standard","meta":{"_acf_changed":false,"_yoast_wpseo_focuskw":"Lignum","_yoast_wpseo_title":"","_yoast_wpseo_metadesc":"Sandra Burlet wird neue Direktorin von Lignum. Sie ist derzeit stellvertretende Direktorin der Bauwirtschafts-Dachorganisation bauenschweiz.","_yoast_wpseo_linkdex":62,"pgc_sgb_lightbox_settings":"","footnotes":""},"categories":[988],"tags":[1563,1823],"class_list":["post-20964","post","type-post","status-publish","format-standard","has-post-thumbnail","hentry","category-unternehmen","tag-personalia","tag-verbaende"],"acf":[],"yoast_head":"<!-- This site is optimized with the Yoast SEO plugin v27.5 - https:\/\/yoast.com\/product\/yoast-seo-wordpress\/ -->\n<title>Neue Direktorin f\u00fcr Lignum - IMMOBILIEN Business<\/title>\n<meta name=\"description\" content=\"Sandra Burlet wird neue Direktorin von Lignum. Sie ist derzeit stellvertretende Direktorin der Bauwirtschafts-Dachorganisation bauenschweiz.\" \/>\n<meta name=\"robots\" content=\"index, follow, max-snippet:-1, max-image-preview:large, max-video-preview:-1\" \/>\n<link rel=\"canonical\" href=\"https:\/\/www.immobilienbusiness.ch\/de\/unternehmen\/2020-04-21\/neue-direktorin-fuer-lignum\/\" \/>\n<meta property=\"og:locale\" content=\"de_DE\" \/>\n<meta property=\"og:type\" content=\"article\" \/>\n<meta property=\"og:title\" content=\"Neue Direktorin f\u00fcr Lignum - IMMOBILIEN Business\" \/>\n<meta property=\"og:description\" content=\"Sandra Burlet wird neue Direktorin von Lignum. Sie ist derzeit stellvertretende Direktorin der Bauwirtschafts-Dachorganisation bauenschweiz.\" \/>\n<meta property=\"og:url\" content=\"https:\/\/www.immobilienbusiness.ch\/de\/unternehmen\/2020-04-21\/neue-direktorin-fuer-lignum\/\" \/>\n<meta property=\"og:site_name\" content=\"IMMOBILIEN Business\" \/>\n<meta property=\"article:publisher\" content=\"https:\/\/www.facebook.com\/immobilienbusiness\/\" \/>\n<meta property=\"article:published_time\" content=\"2020-04-21T05:25:39+00:00\" \/>\n<meta property=\"og:image\" content=\"https:\/\/www.immobilienbusiness.ch\/wp-content\/uploads\/2020\/04\/Portrait_Sandra_Burlet.jpg\" \/>\n\t<meta property=\"og:image:width\" content=\"1505\" \/>\n\t<meta property=\"og:image:height\" content=\"1970\" \/>\n\t<meta property=\"og:image:type\" content=\"image\/jpeg\" \/>\n<meta name=\"author\" content=\"anja.hall\" \/>\n<meta name=\"twitter:card\" content=\"summary_large_image\" \/>\n<meta name=\"twitter:image\" content=\"https:\/\/www.immobilienbusiness.ch\/wp-content\/uploads\/2020\/04\/Portrait_Sandra_Burlet.jpg\" \/>\n<script type=\"application\/ld+json\" class=\"yoast-schema-graph\">{\"@context\":\"https:\\\/\\\/schema.org\",\"@graph\":[{\"@type\":\"Article\",\"@id\":\"https:\\\/\\\/www.immobilienbusiness.ch\\\/de\\\/unternehmen\\\/2020-04-21\\\/neue-direktorin-fuer-lignum\\\/#article\",\"isPartOf\":{\"@id\":\"https:\\\/\\\/www.immobilienbusiness.ch\\\/de\\\/unternehmen\\\/2020-04-21\\\/neue-direktorin-fuer-lignum\\\/\"},\"author\":{\"name\":\"anja.hall\",\"@id\":\"https:\\\/\\\/www.immobilienbusiness.ch\\\/#\\\/schema\\\/person\\\/3fc036297b10b9f42d6db5ee932af8c8\"},\"headline\":\"Neue Direktorin f\u00fcr Lignum\",\"datePublished\":\"2020-04-21T05:25:39+00:00\",\"mainEntityOfPage\":{\"@id\":\"https:\\\/\\\/www.immobilienbusiness.ch\\\/de\\\/unternehmen\\\/2020-04-21\\\/neue-direktorin-fuer-lignum\\\/\"},\"wordCount\":182,\"publisher\":{\"@id\":\"https:\\\/\\\/www.immobilienbusiness.ch\\\/#organization\"},\"image\":{\"@id\":\"https:\\\/\\\/www.immobilienbusiness.ch\\\/de\\\/unternehmen\\\/2020-04-21\\\/neue-direktorin-fuer-lignum\\\/#primaryimage\"},\"thumbnailUrl\":\"https:\\\/\\\/www.immobilienbusiness.ch\\\/wp-content\\\/uploads\\\/2020\\\/04\\\/Portrait_Sandra_Burlet.jpg\",\"keywords\":[\"Personalia\",\"Verb\u00e4nde\"],\"articleSection\":[\"UNTERNEHMEN\"],\"inLanguage\":\"de\"},{\"@type\":\"WebPage\",\"@id\":\"https:\\\/\\\/www.immobilienbusiness.ch\\\/de\\\/unternehmen\\\/2020-04-21\\\/neue-direktorin-fuer-lignum\\\/\",\"url\":\"https:\\\/\\\/www.immobilienbusiness.ch\\\/de\\\/unternehmen\\\/2020-04-21\\\/neue-direktorin-fuer-lignum\\\/\",\"name\":\"Neue Direktorin f\u00fcr Lignum - IMMOBILIEN Business\",\"isPartOf\":{\"@id\":\"https:\\\/\\\/www.immobilienbusiness.ch\\\/#website\"},\"primaryImageOfPage\":{\"@id\":\"https:\\\/\\\/www.immobilienbusiness.ch\\\/de\\\/unternehmen\\\/2020-04-21\\\/neue-direktorin-fuer-lignum\\\/#primaryimage\"},\"image\":{\"@id\":\"https:\\\/\\\/www.immobilienbusiness.ch\\\/de\\\/unternehmen\\\/2020-04-21\\\/neue-direktorin-fuer-lignum\\\/#primaryimage\"},\"thumbnailUrl\":\"https:\\\/\\\/www.immobilienbusiness.ch\\\/wp-content\\\/uploads\\\/2020\\\/04\\\/Portrait_Sandra_Burlet.jpg\",\"datePublished\":\"2020-04-21T05:25:39+00:00\",\"description\":\"Sandra Burlet wird neue Direktorin von Lignum. Sie ist derzeit stellvertretende Direktorin der Bauwirtschafts-Dachorganisation bauenschweiz.\",\"breadcrumb\":{\"@id\":\"https:\\\/\\\/www.immobilienbusiness.ch\\\/de\\\/unternehmen\\\/2020-04-21\\\/neue-direktorin-fuer-lignum\\\/#breadcrumb\"},\"inLanguage\":\"de\",\"potentialAction\":[{\"@type\":\"ReadAction\",\"target\":[\"https:\\\/\\\/www.immobilienbusiness.ch\\\/de\\\/unternehmen\\\/2020-04-21\\\/neue-direktorin-fuer-lignum\\\/\"]}]},{\"@type\":\"ImageObject\",\"inLanguage\":\"de\",\"@id\":\"https:\\\/\\\/www.immobilienbusiness.ch\\\/de\\\/unternehmen\\\/2020-04-21\\\/neue-direktorin-fuer-lignum\\\/#primaryimage\",\"url\":\"https:\\\/\\\/www.immobilienbusiness.ch\\\/wp-content\\\/uploads\\\/2020\\\/04\\\/Portrait_Sandra_Burlet.jpg\",\"contentUrl\":\"https:\\\/\\\/www.immobilienbusiness.ch\\\/wp-content\\\/uploads\\\/2020\\\/04\\\/Portrait_Sandra_Burlet.jpg\",\"width\":1505,\"height\":1970,\"caption\":\"Sandra Burlet (Bild: Lignum)\"},{\"@type\":\"BreadcrumbList\",\"@id\":\"https:\\\/\\\/www.immobilienbusiness.ch\\\/de\\\/unternehmen\\\/2020-04-21\\\/neue-direktorin-fuer-lignum\\\/#breadcrumb\",\"itemListElement\":[{\"@type\":\"ListItem\",\"position\":1,\"name\":\"Home\",\"item\":\"https:\\\/\\\/www.immobilienbusiness.ch\\\/\"},{\"@type\":\"ListItem\",\"position\":2,\"name\":\"Neue Direktorin f\u00fcr Lignum\"}]},{\"@type\":\"WebSite\",\"@id\":\"https:\\\/\\\/www.immobilienbusiness.ch\\\/#website\",\"url\":\"https:\\\/\\\/www.immobilienbusiness.ch\\\/\",\"name\":\"IMMOBILIEN Business\",\"description\":\"Unabh\u00e4ngiges Schweizer Wirtschaftsmagazin mit Fokus auf Immobilien, Architektur- und Bau sowie Investment- und Finanzierung.\",\"publisher\":{\"@id\":\"https:\\\/\\\/www.immobilienbusiness.ch\\\/#organization\"},\"potentialAction\":[{\"@type\":\"SearchAction\",\"target\":{\"@type\":\"EntryPoint\",\"urlTemplate\":\"https:\\\/\\\/www.immobilienbusiness.ch\\\/?s={search_term_string}\"},\"query-input\":{\"@type\":\"PropertyValueSpecification\",\"valueRequired\":true,\"valueName\":\"search_term_string\"}}],\"inLanguage\":\"de\"},{\"@type\":\"Organization\",\"@id\":\"https:\\\/\\\/www.immobilienbusiness.ch\\\/#organization\",\"name\":\"IMMOBILIEN Business\",\"url\":\"https:\\\/\\\/www.immobilienbusiness.ch\\\/\",\"logo\":{\"@type\":\"ImageObject\",\"inLanguage\":\"de\",\"@id\":\"https:\\\/\\\/www.immobilienbusiness.ch\\\/#\\\/schema\\\/logo\\\/image\\\/\",\"url\":\"https:\\\/\\\/www.immobilienbusiness.ch\\\/wp-content\\\/uploads\\\/2021\\\/07\\\/logo_ib.png\",\"contentUrl\":\"https:\\\/\\\/www.immobilienbusiness.ch\\\/wp-content\\\/uploads\\\/2021\\\/07\\\/logo_ib.png\",\"width\":800,\"height\":181,\"caption\":\"IMMOBILIEN Business\"},\"image\":{\"@id\":\"https:\\\/\\\/www.immobilienbusiness.ch\\\/#\\\/schema\\\/logo\\\/image\\\/\"},\"sameAs\":[\"https:\\\/\\\/www.facebook.com\\\/immobilienbusiness\\\/\"]},{\"@type\":\"Person\",\"@id\":\"https:\\\/\\\/www.immobilienbusiness.ch\\\/#\\\/schema\\\/person\\\/3fc036297b10b9f42d6db5ee932af8c8\",\"name\":\"anja.hall\",\"image\":{\"@type\":\"ImageObject\",\"inLanguage\":\"de\",\"@id\":\"https:\\\/\\\/secure.gravatar.com\\\/avatar\\\/066b5a0d447013502c71a5782f4f3469f03cfe595cc2329fb94652fe47511bfb?s=96&d=mm&r=g\",\"url\":\"https:\\\/\\\/secure.gravatar.com\\\/avatar\\\/066b5a0d447013502c71a5782f4f3469f03cfe595cc2329fb94652fe47511bfb?s=96&d=mm&r=g\",\"contentUrl\":\"https:\\\/\\\/secure.gravatar.com\\\/avatar\\\/066b5a0d447013502c71a5782f4f3469f03cfe595cc2329fb94652fe47511bfb?s=96&d=mm&r=g\",\"caption\":\"anja.hall\"},\"url\":\"https:\\\/\\\/www.immobilienbusiness.ch\\\/de\\\/author\\\/anja-hall\\\/\"}]}<\/script>\n<!-- \/ Yoast SEO plugin. -->","yoast_head_json":{"title":"Neue Direktorin f\u00fcr Lignum - IMMOBILIEN Business","description":"Sandra Burlet wird neue Direktorin von Lignum. Sie ist derzeit stellvertretende Direktorin der Bauwirtschafts-Dachorganisation bauenschweiz.","robots":{"index":"index","follow":"follow","max-snippet":"max-snippet:-1","max-image-preview":"max-image-preview:large","max-video-preview":"max-video-preview:-1"},"canonical":"https:\/\/www.immobilienbusiness.ch\/de\/unternehmen\/2020-04-21\/neue-direktorin-fuer-lignum\/","og_locale":"de_DE","og_type":"article","og_title":"Neue Direktorin f\u00fcr Lignum - IMMOBILIEN Business","og_description":"Sandra Burlet wird neue Direktorin von Lignum. Sie ist derzeit stellvertretende Direktorin der Bauwirtschafts-Dachorganisation bauenschweiz.","og_url":"https:\/\/www.immobilienbusiness.ch\/de\/unternehmen\/2020-04-21\/neue-direktorin-fuer-lignum\/","og_site_name":"IMMOBILIEN Business","article_publisher":"https:\/\/www.facebook.com\/immobilienbusiness\/","article_published_time":"2020-04-21T05:25:39+00:00","og_image":[{"width":1505,"height":1970,"url":"https:\/\/www.immobilienbusiness.ch\/wp-content\/uploads\/2020\/04\/Portrait_Sandra_Burlet.jpg","type":"image\/jpeg"}],"author":"anja.hall","twitter_card":"summary_large_image","twitter_image":"https:\/\/www.immobilienbusiness.ch\/wp-content\/uploads\/2020\/04\/Portrait_Sandra_Burlet.jpg","schema":{"@context":"https:\/\/schema.org","@graph":[{"@type":"Article","@id":"https:\/\/www.immobilienbusiness.ch\/de\/unternehmen\/2020-04-21\/neue-direktorin-fuer-lignum\/#article","isPartOf":{"@id":"https:\/\/www.immobilienbusiness.ch\/de\/unternehmen\/2020-04-21\/neue-direktorin-fuer-lignum\/"},"author":{"name":"anja.hall","@id":"https:\/\/www.immobilienbusiness.ch\/#\/schema\/person\/3fc036297b10b9f42d6db5ee932af8c8"},"headline":"Neue Direktorin f\u00fcr Lignum","datePublished":"2020-04-21T05:25:39+00:00","mainEntityOfPage":{"@id":"https:\/\/www.immobilienbusiness.ch\/de\/unternehmen\/2020-04-21\/neue-direktorin-fuer-lignum\/"},"wordCount":182,"publisher":{"@id":"https:\/\/www.immobilienbusiness.ch\/#organization"},"image":{"@id":"https:\/\/www.immobilienbusiness.ch\/de\/unternehmen\/2020-04-21\/neue-direktorin-fuer-lignum\/#primaryimage"},"thumbnailUrl":"https:\/\/www.immobilienbusiness.ch\/wp-content\/uploads\/2020\/04\/Portrait_Sandra_Burlet.jpg","keywords":["Personalia","Verb\u00e4nde"],"articleSection":["UNTERNEHMEN"],"inLanguage":"de"},{"@type":"WebPage","@id":"https:\/\/www.immobilienbusiness.ch\/de\/unternehmen\/2020-04-21\/neue-direktorin-fuer-lignum\/","url":"https:\/\/www.immobilienbusiness.ch\/de\/unternehmen\/2020-04-21\/neue-direktorin-fuer-lignum\/","name":"Neue Direktorin f\u00fcr Lignum - IMMOBILIEN Business","isPartOf":{"@id":"https:\/\/www.immobilienbusiness.ch\/#website"},"primaryImageOfPage":{"@id":"https:\/\/www.immobilienbusiness.ch\/de\/unternehmen\/2020-04-21\/neue-direktorin-fuer-lignum\/#primaryimage"},"image":{"@id":"https:\/\/www.immobilienbusiness.ch\/de\/unternehmen\/2020-04-21\/neue-direktorin-fuer-lignum\/#primaryimage"},"thumbnailUrl":"https:\/\/www.immobilienbusiness.ch\/wp-content\/uploads\/2020\/04\/Portrait_Sandra_Burlet.jpg","datePublished":"2020-04-21T05:25:39+00:00","description":"Sandra Burlet wird neue Direktorin von Lignum. Sie ist derzeit stellvertretende Direktorin der Bauwirtschafts-Dachorganisation bauenschweiz.","breadcrumb":{"@id":"https:\/\/www.immobilienbusiness.ch\/de\/unternehmen\/2020-04-21\/neue-direktorin-fuer-lignum\/#breadcrumb"},"inLanguage":"de","potentialAction":[{"@type":"ReadAction","target":["https:\/\/www.immobilienbusiness.ch\/de\/unternehmen\/2020-04-21\/neue-direktorin-fuer-lignum\/"]}]},{"@type":"ImageObject","inLanguage":"de","@id":"https:\/\/www.immobilienbusiness.ch\/de\/unternehmen\/2020-04-21\/neue-direktorin-fuer-lignum\/#primaryimage","url":"https:\/\/www.immobilienbusiness.ch\/wp-content\/uploads\/2020\/04\/Portrait_Sandra_Burlet.jpg","contentUrl":"https:\/\/www.immobilienbusiness.ch\/wp-content\/uploads\/2020\/04\/Portrait_Sandra_Burlet.jpg","width":1505,"height":1970,"caption":"Sandra Burlet (Bild: Lignum)"},{"@type":"BreadcrumbList","@id":"https:\/\/www.immobilienbusiness.ch\/de\/unternehmen\/2020-04-21\/neue-direktorin-fuer-lignum\/#breadcrumb","itemListElement":[{"@type":"ListItem","position":1,"name":"Home","item":"https:\/\/www.immobilienbusiness.ch\/"},{"@type":"ListItem","position":2,"name":"Neue Direktorin f\u00fcr Lignum"}]},{"@type":"WebSite","@id":"https:\/\/www.immobilienbusiness.ch\/#website","url":"https:\/\/www.immobilienbusiness.ch\/","name":"IMMOBILIEN Business","description":"Unabh\u00e4ngiges Schweizer Wirtschaftsmagazin mit Fokus auf Immobilien, Architektur- und Bau sowie Investment- und Finanzierung.","publisher":{"@id":"https:\/\/www.immobilienbusiness.ch\/#organization"},"potentialAction":[{"@type":"SearchAction","target":{"@type":"EntryPoint","urlTemplate":"https:\/\/www.immobilienbusiness.ch\/?s={search_term_string}"},"query-input":{"@type":"PropertyValueSpecification","valueRequired":true,"valueName":"search_term_string"}}],"inLanguage":"de"},{"@type":"Organization","@id":"https:\/\/www.immobilienbusiness.ch\/#organization","name":"IMMOBILIEN Business","url":"https:\/\/www.immobilienbusiness.ch\/","logo":{"@type":"ImageObject","inLanguage":"de","@id":"https:\/\/www.immobilienbusiness.ch\/#\/schema\/logo\/image\/","url":"https:\/\/www.immobilienbusiness.ch\/wp-content\/uploads\/2021\/07\/logo_ib.png","contentUrl":"https:\/\/www.immobilienbusiness.ch\/wp-content\/uploads\/2021\/07\/logo_ib.png","width":800,"height":181,"caption":"IMMOBILIEN Business"},"image":{"@id":"https:\/\/www.immobilienbusiness.ch\/#\/schema\/logo\/image\/"},"sameAs":["https:\/\/www.facebook.com\/immobilienbusiness\/"]},{"@type":"Person","@id":"https:\/\/www.immobilienbusiness.ch\/#\/schema\/person\/3fc036297b10b9f42d6db5ee932af8c8","name":"anja.hall","image":{"@type":"ImageObject","inLanguage":"de","@id":"https:\/\/secure.gravatar.com\/avatar\/066b5a0d447013502c71a5782f4f3469f03cfe595cc2329fb94652fe47511bfb?s=96&d=mm&r=g","url":"https:\/\/secure.gravatar.com\/avatar\/066b5a0d447013502c71a5782f4f3469f03cfe595cc2329fb94652fe47511bfb?s=96&d=mm&r=g","contentUrl":"https:\/\/secure.gravatar.com\/avatar\/066b5a0d447013502c71a5782f4f3469f03cfe595cc2329fb94652fe47511bfb?s=96&d=mm&r=g","caption":"anja.hall"},"url":"https:\/\/www.immobilienbusiness.ch\/de\/author\/anja-hall\/"}]}},"_links":{"self":[{"href":"https:\/\/www.immobilienbusiness.ch\/de\/wp-json\/wp\/v2\/posts\/20964","targetHints":{"allow":["GET"]}}],"collection":[{"href":"https:\/\/www.immobilienbusiness.ch\/de\/wp-json\/wp\/v2\/posts"}],"about":[{"href":"https:\/\/www.immobilienbusiness.ch\/de\/wp-json\/wp\/v2\/types\/post"}],"author":[{"embeddable":true,"href":"https:\/\/www.immobilienbusiness.ch\/de\/wp-json\/wp\/v2\/users\/3"}],"replies":[{"embeddable":true,"href":"https:\/\/www.immobilienbusiness.ch\/de\/wp-json\/wp\/v2\/comments?post=20964"}],"version-history":[{"count":0,"href":"https:\/\/www.immobilienbusiness.ch\/de\/wp-json\/wp\/v2\/posts\/20964\/revisions"}],"wp:featuredmedia":[{"embeddable":true,"href":"https:\/\/www.immobilienbusiness.ch\/de\/wp-json\/wp\/v2\/media\/20965"}],"wp:attachment":[{"href":"https:\/\/www.immobilienbusiness.ch\/de\/wp-json\/wp\/v2\/media?parent=20964"}],"wp:term":[{"taxonomy":"category","embeddable":true,"href":"https:\/\/www.immobilienbusiness.ch\/de\/wp-json\/wp\/v2\/categories?post=20964"},{"taxonomy":"post_tag","embeddable":true,"href":"https:\/\/www.immobilienbusiness.ch\/de\/wp-json\/wp\/v2\/tags?post=20964"}],"curies":[{"name":"wp","href":"https:\/\/api.w.org\/{rel}","templated":true}]}}