{"id":20880,"date":"2020-04-15T10:25:55","date_gmt":"2020-04-15T08:25:55","guid":{"rendered":"https:\/\/www.immobilienbusiness.ch\/?p=20880"},"modified":"2020-04-15T10:25:55","modified_gmt":"2020-04-15T08:25:55","slug":"bern-gemeinderat-gibt-gruenes-licht-fuer-neue-multifunktionshalle","status":"publish","type":"post","link":"https:\/\/www.immobilienbusiness.ch\/de\/regionen\/2020-04-15\/bern-gemeinderat-gibt-gruenes-licht-fuer-neue-multifunktionshalle\/","title":{"rendered":"Bern: Gemeinderat gibt gr\u00fcnes Licht f\u00fcr neue Multifunktionshalle"},"content":{"rendered":"<figure id=\"attachment_10782\" aria-describedby=\"caption-attachment-10782\" style=\"width: 680px\" class=\"wp-caption alignnone\"><img loading=\"lazy\" decoding=\"async\" class=\"size-medium wp-image-10782\" src=\"https:\/\/www.immobilienbusiness.ch\/wp-content\/uploads\/2018\/01\/Depositphotos_74258785_m-2015.jpg\" alt=\"\" width=\"680\" height=\"454\" srcset=\"https:\/\/www.immobilienbusiness.ch\/wp-content\/uploads\/2018\/01\/Depositphotos_74258785_m-2015.jpg 999w, https:\/\/www.immobilienbusiness.ch\/wp-content\/uploads\/2018\/01\/Depositphotos_74258785_m-2015-300x200.jpg 300w, https:\/\/www.immobilienbusiness.ch\/wp-content\/uploads\/2018\/01\/Depositphotos_74258785_m-2015-768x513.jpg 768w, https:\/\/www.immobilienbusiness.ch\/wp-content\/uploads\/2018\/01\/Depositphotos_74258785_m-2015-16x12.jpg 16w, https:\/\/www.immobilienbusiness.ch\/wp-content\/uploads\/2018\/01\/Depositphotos_74258785_m-2015-262x175.jpg 262w, https:\/\/www.immobilienbusiness.ch\/wp-content\/uploads\/2018\/01\/Depositphotos_74258785_m-2015-524x350.jpg 524w, https:\/\/www.immobilienbusiness.ch\/wp-content\/uploads\/2018\/01\/Depositphotos_74258785_m-2015-920x614.jpg 920w\" sizes=\"auto, (max-width: 680px) 100vw, 680px\" \/><figcaption id=\"caption-attachment-10782\" class=\"wp-caption-text\">Die Bernexpo plant eine neue Multifunktionshalle (Bild: BigDreamStudio &#8211; depositphotos.com)<\/figcaption><\/figure>\n<p>Die Berner Messegesellschaft Bernexpo will die heutige Festhalle an der Papierm\u00fchlestrasse, die aus dem Jahr 1948 stammt, durch einen Neubau ersetzen. Das Richtprojekt sieht eine neue Multifunktionshalle namens BEmotion Base mit Platz f\u00fcr bis zu 9.000 Personen sowie ein angeschlossenes Convention-Center f\u00fcr bis zu 3.000 Personen vor. Die beiden Geb\u00e4ude sollen durch ein Foyer verbunden werden, so dass dort auch Messen stattfinden k\u00f6nnen.<\/p>\n<p>Die zugeh\u00f6rige \u00dcberbauungsordnung Mingerstrasse\u2013Papierm\u00fchlestrasse hat der Gemeinderat nun zur \u00f6ffentlichen Auflage verabschiedet. Aus seiner Sicht wird mit dem Neubau die st\u00e4dtebauliche Situation im Raum Mingerstrasse\u2013Papierm\u00fchlestrasse wesentlich verbessert. Dank des neuen Messevorplatzes entstehe ein \u00f6ffentlich zug\u00e4nglicher Bereich, so der Gemeinderat.<\/p>\n<p>Die Erschliessung des gesamten Messegel\u00e4ndes sei quartiervertr\u00e4glich organisiert: F\u00fcr den Fuss- und Veloverkehr seien drei neu gestaltete Verbindungsachsen zwischen der Mingerstrasse und der Grossen Allmend vorgesehen. Zudem schaffe die Planung die Voraussetzungen daf\u00fcr, die Grosse Allmend von den heute rund 210 Parkpl\u00e4tzen in der Schutzzone A zu befreien, indem sie in die vorgesehene Erweiterung des unterirdischen Expo-Parkings verlagert werden k\u00f6nne.<\/p>\n<p>Die \u00f6ffentliche Auflage dauert noch bis zum 18. Mai 2020. Die Berner Bev\u00f6lkerung wird voraussichtlich im M\u00e4rz 2021 \u00fcber die \u00dcberbauungsordnung abstimmen. Aufgrund der grossen Bedeutung des Projekts f\u00fcr die ganze Region wollen Stadt und Kanton Bern das Vorhaben finanziell unterst\u00fctzen. Die daf\u00fcr erforderliche Kreditvorlage werde getrennt vom Planungsverfahren ausgearbeitet, soll aber den Stimmberechtigten an demselben Abstimmungswochenende zum Entscheid vorgelegt werden. <em>(ah)<\/em><\/p>\n","protected":false},"excerpt":{"rendered":"<p>   Der Berner Gemeinderat hat die \u00dcberbauungsordnung Mingerstrasse\u2013Papierm\u00fchlestrasse zur \u00f6ffentlichen Auflage verabschiedet. Damit ist die planungsrechtliche Grundlage f\u00fcr den Bau der neuen Multifunktionshalle der Bernexpo geschaffen.<\/p>\n","protected":false},"author":3,"featured_media":10782,"comment_status":"closed","ping_status":"open","sticky":false,"template":"","format":"standard","meta":{"_acf_changed":false,"_yoast_wpseo_focuskw":"Gemeinderat","_yoast_wpseo_title":"","_yoast_wpseo_metadesc":"Der Berner Gemeinderat hat die planungsrechtliche Grundlage f\u00fcr den Bau der neuen Multifunktionshalle der Bernexpo geschaffen.","_yoast_wpseo_linkdex":54,"pgc_sgb_lightbox_settings":"","footnotes":""},"categories":[985],"tags":[1091,1246,1600],"class_list":["post-20880","post","type-post","status-publish","format-standard","has-post-thumbnail","hentry","category-regionen","tag-bern","tag-freizeitimmobilien","tag-projekt-in-planung"],"acf":[],"yoast_head":"<!-- This site is optimized with the Yoast SEO plugin v27.4 - https:\/\/yoast.com\/product\/yoast-seo-wordpress\/ -->\n<title>Bern: Gemeinderat gibt gr\u00fcnes Licht f\u00fcr neue Multifunktionshalle - IMMOBILIEN Business<\/title>\n<meta name=\"description\" content=\"Der Berner Gemeinderat hat die planungsrechtliche Grundlage f\u00fcr den Bau der neuen Multifunktionshalle der Bernexpo geschaffen.\" \/>\n<meta name=\"robots\" content=\"index, follow, max-snippet:-1, max-image-preview:large, max-video-preview:-1\" \/>\n<link rel=\"canonical\" href=\"https:\/\/www.immobilienbusiness.ch\/de\/regionen\/2020-04-15\/bern-gemeinderat-gibt-gruenes-licht-fuer-neue-multifunktionshalle\/\" \/>\n<meta property=\"og:locale\" content=\"de_DE\" \/>\n<meta property=\"og:type\" content=\"article\" \/>\n<meta property=\"og:title\" content=\"Bern: Gemeinderat gibt gr\u00fcnes Licht f\u00fcr neue Multifunktionshalle - IMMOBILIEN Business\" \/>\n<meta property=\"og:description\" content=\"Der Berner Gemeinderat hat die planungsrechtliche Grundlage f\u00fcr den Bau der neuen Multifunktionshalle der Bernexpo geschaffen.\" \/>\n<meta property=\"og:url\" content=\"https:\/\/www.immobilienbusiness.ch\/de\/regionen\/2020-04-15\/bern-gemeinderat-gibt-gruenes-licht-fuer-neue-multifunktionshalle\/\" \/>\n<meta property=\"og:site_name\" content=\"IMMOBILIEN Business\" \/>\n<meta property=\"article:publisher\" content=\"https:\/\/www.facebook.com\/immobilienbusiness\/\" \/>\n<meta property=\"article:published_time\" content=\"2020-04-15T08:25:55+00:00\" \/>\n<meta property=\"og:image\" content=\"https:\/\/www.immobilienbusiness.ch\/wp-content\/uploads\/2018\/01\/Depositphotos_74258785_m-2015.jpg\" \/>\n\t<meta property=\"og:image:width\" content=\"999\" \/>\n\t<meta property=\"og:image:height\" content=\"667\" \/>\n\t<meta property=\"og:image:type\" content=\"image\/jpeg\" \/>\n<meta name=\"author\" content=\"anja.hall\" \/>\n<meta name=\"twitter:card\" content=\"summary_large_image\" \/>\n<meta name=\"twitter:image\" content=\"https:\/\/www.immobilienbusiness.ch\/wp-content\/uploads\/2018\/01\/Depositphotos_74258785_m-2015.jpg\" \/>\n<script type=\"application\/ld+json\" class=\"yoast-schema-graph\">{\"@context\":\"https:\\\/\\\/schema.org\",\"@graph\":[{\"@type\":\"Article\",\"@id\":\"https:\\\/\\\/www.immobilienbusiness.ch\\\/regionen\\\/2020-04-15\\\/bern-gemeinderat-gibt-gruenes-licht-fuer-neue-multifunktionshalle\\\/#article\",\"isPartOf\":{\"@id\":\"https:\\\/\\\/www.immobilienbusiness.ch\\\/regionen\\\/2020-04-15\\\/bern-gemeinderat-gibt-gruenes-licht-fuer-neue-multifunktionshalle\\\/\"},\"author\":{\"name\":\"anja.hall\",\"@id\":\"https:\\\/\\\/www.immobilienbusiness.ch\\\/#\\\/schema\\\/person\\\/3fc036297b10b9f42d6db5ee932af8c8\"},\"headline\":\"Bern: Gemeinderat gibt gr\u00fcnes Licht f\u00fcr neue Multifunktionshalle\",\"datePublished\":\"2020-04-15T08:25:55+00:00\",\"mainEntityOfPage\":{\"@id\":\"https:\\\/\\\/www.immobilienbusiness.ch\\\/regionen\\\/2020-04-15\\\/bern-gemeinderat-gibt-gruenes-licht-fuer-neue-multifunktionshalle\\\/\"},\"wordCount\":268,\"publisher\":{\"@id\":\"https:\\\/\\\/www.immobilienbusiness.ch\\\/#organization\"},\"image\":{\"@id\":\"https:\\\/\\\/www.immobilienbusiness.ch\\\/regionen\\\/2020-04-15\\\/bern-gemeinderat-gibt-gruenes-licht-fuer-neue-multifunktionshalle\\\/#primaryimage\"},\"thumbnailUrl\":\"https:\\\/\\\/www.immobilienbusiness.ch\\\/wp-content\\\/uploads\\\/2018\\\/01\\\/Depositphotos_74258785_m-2015.jpg\",\"keywords\":[\"Bern\",\"Freizeitimmobilien\",\"Projekt in Planung\"],\"articleSection\":[\"REGIONEN\"],\"inLanguage\":\"de\"},{\"@type\":\"WebPage\",\"@id\":\"https:\\\/\\\/www.immobilienbusiness.ch\\\/regionen\\\/2020-04-15\\\/bern-gemeinderat-gibt-gruenes-licht-fuer-neue-multifunktionshalle\\\/\",\"url\":\"https:\\\/\\\/www.immobilienbusiness.ch\\\/regionen\\\/2020-04-15\\\/bern-gemeinderat-gibt-gruenes-licht-fuer-neue-multifunktionshalle\\\/\",\"name\":\"Bern: Gemeinderat gibt gr\u00fcnes Licht f\u00fcr neue Multifunktionshalle - IMMOBILIEN Business\",\"isPartOf\":{\"@id\":\"https:\\\/\\\/www.immobilienbusiness.ch\\\/#website\"},\"primaryImageOfPage\":{\"@id\":\"https:\\\/\\\/www.immobilienbusiness.ch\\\/regionen\\\/2020-04-15\\\/bern-gemeinderat-gibt-gruenes-licht-fuer-neue-multifunktionshalle\\\/#primaryimage\"},\"image\":{\"@id\":\"https:\\\/\\\/www.immobilienbusiness.ch\\\/regionen\\\/2020-04-15\\\/bern-gemeinderat-gibt-gruenes-licht-fuer-neue-multifunktionshalle\\\/#primaryimage\"},\"thumbnailUrl\":\"https:\\\/\\\/www.immobilienbusiness.ch\\\/wp-content\\\/uploads\\\/2018\\\/01\\\/Depositphotos_74258785_m-2015.jpg\",\"datePublished\":\"2020-04-15T08:25:55+00:00\",\"description\":\"Der Berner Gemeinderat hat die planungsrechtliche Grundlage f\u00fcr den Bau der neuen Multifunktionshalle der Bernexpo geschaffen.\",\"breadcrumb\":{\"@id\":\"https:\\\/\\\/www.immobilienbusiness.ch\\\/regionen\\\/2020-04-15\\\/bern-gemeinderat-gibt-gruenes-licht-fuer-neue-multifunktionshalle\\\/#breadcrumb\"},\"inLanguage\":\"de\",\"potentialAction\":[{\"@type\":\"ReadAction\",\"target\":[\"https:\\\/\\\/www.immobilienbusiness.ch\\\/regionen\\\/2020-04-15\\\/bern-gemeinderat-gibt-gruenes-licht-fuer-neue-multifunktionshalle\\\/\"]}]},{\"@type\":\"ImageObject\",\"inLanguage\":\"de\",\"@id\":\"https:\\\/\\\/www.immobilienbusiness.ch\\\/regionen\\\/2020-04-15\\\/bern-gemeinderat-gibt-gruenes-licht-fuer-neue-multifunktionshalle\\\/#primaryimage\",\"url\":\"https:\\\/\\\/www.immobilienbusiness.ch\\\/wp-content\\\/uploads\\\/2018\\\/01\\\/Depositphotos_74258785_m-2015.jpg\",\"contentUrl\":\"https:\\\/\\\/www.immobilienbusiness.ch\\\/wp-content\\\/uploads\\\/2018\\\/01\\\/Depositphotos_74258785_m-2015.jpg\",\"width\":999,\"height\":667,\"caption\":\"(Quelle: BigDreamStudio - depositphotos.com)\"},{\"@type\":\"BreadcrumbList\",\"@id\":\"https:\\\/\\\/www.immobilienbusiness.ch\\\/regionen\\\/2020-04-15\\\/bern-gemeinderat-gibt-gruenes-licht-fuer-neue-multifunktionshalle\\\/#breadcrumb\",\"itemListElement\":[{\"@type\":\"ListItem\",\"position\":1,\"name\":\"Home\",\"item\":\"https:\\\/\\\/www.immobilienbusiness.ch\\\/\"},{\"@type\":\"ListItem\",\"position\":2,\"name\":\"Bern: Gemeinderat gibt gr\u00fcnes Licht f\u00fcr neue Multifunktionshalle\"}]},{\"@type\":\"WebSite\",\"@id\":\"https:\\\/\\\/www.immobilienbusiness.ch\\\/#website\",\"url\":\"https:\\\/\\\/www.immobilienbusiness.ch\\\/\",\"name\":\"IMMOBILIEN Business\",\"description\":\"Unabh\u00e4ngiges Schweizer Wirtschaftsmagazin mit Fokus auf Immobilien, Architektur- und Bau sowie Investment- und Finanzierung.\",\"publisher\":{\"@id\":\"https:\\\/\\\/www.immobilienbusiness.ch\\\/#organization\"},\"potentialAction\":[{\"@type\":\"SearchAction\",\"target\":{\"@type\":\"EntryPoint\",\"urlTemplate\":\"https:\\\/\\\/www.immobilienbusiness.ch\\\/?s={search_term_string}\"},\"query-input\":{\"@type\":\"PropertyValueSpecification\",\"valueRequired\":true,\"valueName\":\"search_term_string\"}}],\"inLanguage\":\"de\"},{\"@type\":\"Organization\",\"@id\":\"https:\\\/\\\/www.immobilienbusiness.ch\\\/#organization\",\"name\":\"IMMOBILIEN Business\",\"url\":\"https:\\\/\\\/www.immobilienbusiness.ch\\\/\",\"logo\":{\"@type\":\"ImageObject\",\"inLanguage\":\"de\",\"@id\":\"https:\\\/\\\/www.immobilienbusiness.ch\\\/#\\\/schema\\\/logo\\\/image\\\/\",\"url\":\"https:\\\/\\\/www.immobilienbusiness.ch\\\/wp-content\\\/uploads\\\/2021\\\/07\\\/logo_ib.png\",\"contentUrl\":\"https:\\\/\\\/www.immobilienbusiness.ch\\\/wp-content\\\/uploads\\\/2021\\\/07\\\/logo_ib.png\",\"width\":800,\"height\":181,\"caption\":\"IMMOBILIEN Business\"},\"image\":{\"@id\":\"https:\\\/\\\/www.immobilienbusiness.ch\\\/#\\\/schema\\\/logo\\\/image\\\/\"},\"sameAs\":[\"https:\\\/\\\/www.facebook.com\\\/immobilienbusiness\\\/\"]},{\"@type\":\"Person\",\"@id\":\"https:\\\/\\\/www.immobilienbusiness.ch\\\/#\\\/schema\\\/person\\\/3fc036297b10b9f42d6db5ee932af8c8\",\"name\":\"anja.hall\",\"image\":{\"@type\":\"ImageObject\",\"inLanguage\":\"de\",\"@id\":\"https:\\\/\\\/secure.gravatar.com\\\/avatar\\\/066b5a0d447013502c71a5782f4f3469f03cfe595cc2329fb94652fe47511bfb?s=96&d=mm&r=g\",\"url\":\"https:\\\/\\\/secure.gravatar.com\\\/avatar\\\/066b5a0d447013502c71a5782f4f3469f03cfe595cc2329fb94652fe47511bfb?s=96&d=mm&r=g\",\"contentUrl\":\"https:\\\/\\\/secure.gravatar.com\\\/avatar\\\/066b5a0d447013502c71a5782f4f3469f03cfe595cc2329fb94652fe47511bfb?s=96&d=mm&r=g\",\"caption\":\"anja.hall\"},\"url\":\"https:\\\/\\\/www.immobilienbusiness.ch\\\/de\\\/author\\\/anja-hall\\\/\"}]}<\/script>\n<!-- \/ Yoast SEO plugin. -->","yoast_head_json":{"title":"Bern: Gemeinderat gibt gr\u00fcnes Licht f\u00fcr neue Multifunktionshalle - IMMOBILIEN Business","description":"Der Berner Gemeinderat hat die planungsrechtliche Grundlage f\u00fcr den Bau der neuen Multifunktionshalle der Bernexpo geschaffen.","robots":{"index":"index","follow":"follow","max-snippet":"max-snippet:-1","max-image-preview":"max-image-preview:large","max-video-preview":"max-video-preview:-1"},"canonical":"https:\/\/www.immobilienbusiness.ch\/de\/regionen\/2020-04-15\/bern-gemeinderat-gibt-gruenes-licht-fuer-neue-multifunktionshalle\/","og_locale":"de_DE","og_type":"article","og_title":"Bern: Gemeinderat gibt gr\u00fcnes Licht f\u00fcr neue Multifunktionshalle - IMMOBILIEN Business","og_description":"Der Berner Gemeinderat hat die planungsrechtliche Grundlage f\u00fcr den Bau der neuen Multifunktionshalle der Bernexpo geschaffen.","og_url":"https:\/\/www.immobilienbusiness.ch\/de\/regionen\/2020-04-15\/bern-gemeinderat-gibt-gruenes-licht-fuer-neue-multifunktionshalle\/","og_site_name":"IMMOBILIEN Business","article_publisher":"https:\/\/www.facebook.com\/immobilienbusiness\/","article_published_time":"2020-04-15T08:25:55+00:00","og_image":[{"width":999,"height":667,"url":"https:\/\/www.immobilienbusiness.ch\/wp-content\/uploads\/2018\/01\/Depositphotos_74258785_m-2015.jpg","type":"image\/jpeg"}],"author":"anja.hall","twitter_card":"summary_large_image","twitter_image":"https:\/\/www.immobilienbusiness.ch\/wp-content\/uploads\/2018\/01\/Depositphotos_74258785_m-2015.jpg","schema":{"@context":"https:\/\/schema.org","@graph":[{"@type":"Article","@id":"https:\/\/www.immobilienbusiness.ch\/regionen\/2020-04-15\/bern-gemeinderat-gibt-gruenes-licht-fuer-neue-multifunktionshalle\/#article","isPartOf":{"@id":"https:\/\/www.immobilienbusiness.ch\/regionen\/2020-04-15\/bern-gemeinderat-gibt-gruenes-licht-fuer-neue-multifunktionshalle\/"},"author":{"name":"anja.hall","@id":"https:\/\/www.immobilienbusiness.ch\/#\/schema\/person\/3fc036297b10b9f42d6db5ee932af8c8"},"headline":"Bern: Gemeinderat gibt gr\u00fcnes Licht f\u00fcr neue Multifunktionshalle","datePublished":"2020-04-15T08:25:55+00:00","mainEntityOfPage":{"@id":"https:\/\/www.immobilienbusiness.ch\/regionen\/2020-04-15\/bern-gemeinderat-gibt-gruenes-licht-fuer-neue-multifunktionshalle\/"},"wordCount":268,"publisher":{"@id":"https:\/\/www.immobilienbusiness.ch\/#organization"},"image":{"@id":"https:\/\/www.immobilienbusiness.ch\/regionen\/2020-04-15\/bern-gemeinderat-gibt-gruenes-licht-fuer-neue-multifunktionshalle\/#primaryimage"},"thumbnailUrl":"https:\/\/www.immobilienbusiness.ch\/wp-content\/uploads\/2018\/01\/Depositphotos_74258785_m-2015.jpg","keywords":["Bern","Freizeitimmobilien","Projekt in Planung"],"articleSection":["REGIONEN"],"inLanguage":"de"},{"@type":"WebPage","@id":"https:\/\/www.immobilienbusiness.ch\/regionen\/2020-04-15\/bern-gemeinderat-gibt-gruenes-licht-fuer-neue-multifunktionshalle\/","url":"https:\/\/www.immobilienbusiness.ch\/regionen\/2020-04-15\/bern-gemeinderat-gibt-gruenes-licht-fuer-neue-multifunktionshalle\/","name":"Bern: Gemeinderat gibt gr\u00fcnes Licht f\u00fcr neue Multifunktionshalle - IMMOBILIEN Business","isPartOf":{"@id":"https:\/\/www.immobilienbusiness.ch\/#website"},"primaryImageOfPage":{"@id":"https:\/\/www.immobilienbusiness.ch\/regionen\/2020-04-15\/bern-gemeinderat-gibt-gruenes-licht-fuer-neue-multifunktionshalle\/#primaryimage"},"image":{"@id":"https:\/\/www.immobilienbusiness.ch\/regionen\/2020-04-15\/bern-gemeinderat-gibt-gruenes-licht-fuer-neue-multifunktionshalle\/#primaryimage"},"thumbnailUrl":"https:\/\/www.immobilienbusiness.ch\/wp-content\/uploads\/2018\/01\/Depositphotos_74258785_m-2015.jpg","datePublished":"2020-04-15T08:25:55+00:00","description":"Der Berner Gemeinderat hat die planungsrechtliche Grundlage f\u00fcr den Bau der neuen Multifunktionshalle der Bernexpo geschaffen.","breadcrumb":{"@id":"https:\/\/www.immobilienbusiness.ch\/regionen\/2020-04-15\/bern-gemeinderat-gibt-gruenes-licht-fuer-neue-multifunktionshalle\/#breadcrumb"},"inLanguage":"de","potentialAction":[{"@type":"ReadAction","target":["https:\/\/www.immobilienbusiness.ch\/regionen\/2020-04-15\/bern-gemeinderat-gibt-gruenes-licht-fuer-neue-multifunktionshalle\/"]}]},{"@type":"ImageObject","inLanguage":"de","@id":"https:\/\/www.immobilienbusiness.ch\/regionen\/2020-04-15\/bern-gemeinderat-gibt-gruenes-licht-fuer-neue-multifunktionshalle\/#primaryimage","url":"https:\/\/www.immobilienbusiness.ch\/wp-content\/uploads\/2018\/01\/Depositphotos_74258785_m-2015.jpg","contentUrl":"https:\/\/www.immobilienbusiness.ch\/wp-content\/uploads\/2018\/01\/Depositphotos_74258785_m-2015.jpg","width":999,"height":667,"caption":"(Quelle: BigDreamStudio - depositphotos.com)"},{"@type":"BreadcrumbList","@id":"https:\/\/www.immobilienbusiness.ch\/regionen\/2020-04-15\/bern-gemeinderat-gibt-gruenes-licht-fuer-neue-multifunktionshalle\/#breadcrumb","itemListElement":[{"@type":"ListItem","position":1,"name":"Home","item":"https:\/\/www.immobilienbusiness.ch\/"},{"@type":"ListItem","position":2,"name":"Bern: Gemeinderat gibt gr\u00fcnes Licht f\u00fcr neue Multifunktionshalle"}]},{"@type":"WebSite","@id":"https:\/\/www.immobilienbusiness.ch\/#website","url":"https:\/\/www.immobilienbusiness.ch\/","name":"IMMOBILIEN Business","description":"Unabh\u00e4ngiges Schweizer Wirtschaftsmagazin mit Fokus auf Immobilien, Architektur- und Bau sowie Investment- und Finanzierung.","publisher":{"@id":"https:\/\/www.immobilienbusiness.ch\/#organization"},"potentialAction":[{"@type":"SearchAction","target":{"@type":"EntryPoint","urlTemplate":"https:\/\/www.immobilienbusiness.ch\/?s={search_term_string}"},"query-input":{"@type":"PropertyValueSpecification","valueRequired":true,"valueName":"search_term_string"}}],"inLanguage":"de"},{"@type":"Organization","@id":"https:\/\/www.immobilienbusiness.ch\/#organization","name":"IMMOBILIEN Business","url":"https:\/\/www.immobilienbusiness.ch\/","logo":{"@type":"ImageObject","inLanguage":"de","@id":"https:\/\/www.immobilienbusiness.ch\/#\/schema\/logo\/image\/","url":"https:\/\/www.immobilienbusiness.ch\/wp-content\/uploads\/2021\/07\/logo_ib.png","contentUrl":"https:\/\/www.immobilienbusiness.ch\/wp-content\/uploads\/2021\/07\/logo_ib.png","width":800,"height":181,"caption":"IMMOBILIEN Business"},"image":{"@id":"https:\/\/www.immobilienbusiness.ch\/#\/schema\/logo\/image\/"},"sameAs":["https:\/\/www.facebook.com\/immobilienbusiness\/"]},{"@type":"Person","@id":"https:\/\/www.immobilienbusiness.ch\/#\/schema\/person\/3fc036297b10b9f42d6db5ee932af8c8","name":"anja.hall","image":{"@type":"ImageObject","inLanguage":"de","@id":"https:\/\/secure.gravatar.com\/avatar\/066b5a0d447013502c71a5782f4f3469f03cfe595cc2329fb94652fe47511bfb?s=96&d=mm&r=g","url":"https:\/\/secure.gravatar.com\/avatar\/066b5a0d447013502c71a5782f4f3469f03cfe595cc2329fb94652fe47511bfb?s=96&d=mm&r=g","contentUrl":"https:\/\/secure.gravatar.com\/avatar\/066b5a0d447013502c71a5782f4f3469f03cfe595cc2329fb94652fe47511bfb?s=96&d=mm&r=g","caption":"anja.hall"},"url":"https:\/\/www.immobilienbusiness.ch\/de\/author\/anja-hall\/"}]}},"_links":{"self":[{"href":"https:\/\/www.immobilienbusiness.ch\/de\/wp-json\/wp\/v2\/posts\/20880","targetHints":{"allow":["GET"]}}],"collection":[{"href":"https:\/\/www.immobilienbusiness.ch\/de\/wp-json\/wp\/v2\/posts"}],"about":[{"href":"https:\/\/www.immobilienbusiness.ch\/de\/wp-json\/wp\/v2\/types\/post"}],"author":[{"embeddable":true,"href":"https:\/\/www.immobilienbusiness.ch\/de\/wp-json\/wp\/v2\/users\/3"}],"replies":[{"embeddable":true,"href":"https:\/\/www.immobilienbusiness.ch\/de\/wp-json\/wp\/v2\/comments?post=20880"}],"version-history":[{"count":0,"href":"https:\/\/www.immobilienbusiness.ch\/de\/wp-json\/wp\/v2\/posts\/20880\/revisions"}],"wp:featuredmedia":[{"embeddable":true,"href":"https:\/\/www.immobilienbusiness.ch\/de\/wp-json\/wp\/v2\/media\/10782"}],"wp:attachment":[{"href":"https:\/\/www.immobilienbusiness.ch\/de\/wp-json\/wp\/v2\/media?parent=20880"}],"wp:term":[{"taxonomy":"category","embeddable":true,"href":"https:\/\/www.immobilienbusiness.ch\/de\/wp-json\/wp\/v2\/categories?post=20880"},{"taxonomy":"post_tag","embeddable":true,"href":"https:\/\/www.immobilienbusiness.ch\/de\/wp-json\/wp\/v2\/tags?post=20880"}],"curies":[{"name":"wp","href":"https:\/\/api.w.org\/{rel}","templated":true}]}}