{"id":2088,"date":"2016-01-19T08:31:15","date_gmt":"2016-01-19T07:31:15","guid":{"rendered":"http:\/\/dev.immobilienbusiness.ch\/?p=2088"},"modified":"2016-01-19T08:31:15","modified_gmt":"2016-01-19T07:31:15","slug":"poeyry-martin-a-porta-ist-neuer-ceo","status":"publish","type":"post","link":"https:\/\/www.immobilienbusiness.ch\/de\/allgemein\/2016-01-19\/poeyry-martin-a-porta-ist-neuer-ceo\/","title":{"rendered":"P\u00f6yry: Martin \u00e0 Porta ist neuer CEO"},"content":{"rendered":"<figure id=\"attachment_2089\" aria-describedby=\"caption-attachment-2089\" style=\"width: 232px\" class=\"wp-caption alignnone\"><img loading=\"lazy\" decoding=\"async\" class=\"size-full wp-image-2089\" src=\"https:\/\/immobilienbusiness.ch\/wp-content\/uploads\/2016\/12\/P\u00f6yry-Martin-\u00e0-Porta-ist-neuer-CEO-immobilien-business.jpg\" alt=\"Martin \u00e0 Porta, neuer CEO von P\u00f6yry (Foto: P\u00f6yry Group)\" width=\"232\" height=\"236\" \/><figcaption id=\"caption-attachment-2089\" class=\"wp-caption-text\">Martin \u00e0 Porta, neuer CEO von P\u00f6yry (Foto: P\u00f6yry Group)<\/figcaption><\/figure>\n<p>Vor seinem Wechsel zu P\u00f6yry war Martin \u00e0 Porta CEO von Siemens Building Technologies in Europa. Davor hatte er verschiedene F\u00fchrungspositionen bei Siemens inne, wo er f\u00fcr diverse L\u00e4nder in Europa, Asien, dem Nahen Osten sowie Lateinamerika zust\u00e4ndig war.\u00a0Seine Karriere begann bei Electrowatt Engineering, welche 1997 von P\u00f6yry \u00fcbernommen wurde.<\/p>\n<p>\u00abMartin \u00e0 Porta verf\u00fcgt \u00fcber viel Erfahrung als F\u00fchrungskraft in internationalen Organisationen. Er wurde vor allem aufgrund seines dynamischen F\u00fchrungsstils und seiner ausgepr\u00e4gten Teamf\u00e4higkeit ausgew\u00e4hlt. Wir sind \u00fcberzeugt, dass P\u00f6yry bei ihm in guten H\u00e4nden ist und sich weiterentwickeln wird\u00bb, sagt Henrik Ehrnrooth, Verwaltungsratspr\u00e4sident der P\u00f6yry-Gruppe.<\/p>\n<p>P\u00f6yry ist eines der f\u00fchrenden Consulting- und Engineering-Unternehmen, hat seinen Hauptsitz in Finnland und verf\u00fcgt \u00fcber eine bedeutende Marktpr\u00e4senz in der Schweiz in den Bereichen Infrastruktur, Verkehr und Energie. (ah)<\/p>\n","protected":false},"excerpt":{"rendered":"<p>Seit Jahresanfang ist der Schweizer Martin \u00e0 Porta CEO der P\u00f6yry-Group. Er folgt auf Alexis Fries, der in den Verwaltungsrat wechselt.<\/p>\n","protected":false},"author":1,"featured_media":2089,"comment_status":"open","ping_status":"open","sticky":false,"template":"","format":"standard","meta":{"_acf_changed":false,"_yoast_wpseo_focuskw":"Martin \u00e0 Porta","_yoast_wpseo_title":"","_yoast_wpseo_metadesc":"Seit Jahresanfang ist der Schweizer Martin \u00e0 Porta CEO der P\u00f6yry-Group. Er folgt auf Alexis Fries, der in den Verwaltungsrat wechselt.","_yoast_wpseo_linkdex":71,"pgc_sgb_lightbox_settings":"","footnotes":""},"categories":[1],"tags":[1564],"class_list":["post-2088","post","type-post","status-publish","format-standard","has-post-thumbnail","hentry","category-allgemein","tag-personalien"],"acf":[],"yoast_head":"<!-- This site is optimized with the Yoast SEO plugin v27.4 - https:\/\/yoast.com\/product\/yoast-seo-wordpress\/ -->\n<title>P\u00f6yry: Martin \u00e0 Porta ist neuer CEO - IMMOBILIEN Business<\/title>\n<meta name=\"description\" content=\"Seit Jahresanfang ist der Schweizer Martin \u00e0 Porta CEO der P\u00f6yry-Group. Er folgt auf Alexis Fries, der in den Verwaltungsrat wechselt.\" \/>\n<meta name=\"robots\" content=\"index, follow, max-snippet:-1, max-image-preview:large, max-video-preview:-1\" \/>\n<link rel=\"canonical\" href=\"https:\/\/www.immobilienbusiness.ch\/de\/allgemein\/2016-01-19\/poeyry-martin-a-porta-ist-neuer-ceo\/\" \/>\n<meta property=\"og:locale\" content=\"de_DE\" \/>\n<meta property=\"og:type\" content=\"article\" \/>\n<meta property=\"og:title\" content=\"P\u00f6yry: Martin \u00e0 Porta ist neuer CEO\" \/>\n<meta property=\"og:description\" content=\"Seit Jahresanfang ist der Schweizer Martin \u00e0 Porta CEO der P\u00f6yry-Group. Er folgt auf Alexis Fries, der in den Verwaltungsrat wechselt.\" \/>\n<meta property=\"og:url\" content=\"https:\/\/www.immobilienbusiness.ch\/de\/allgemein\/2016-01-19\/poeyry-martin-a-porta-ist-neuer-ceo\/\" \/>\n<meta property=\"og:site_name\" content=\"IMMOBILIEN Business\" \/>\n<meta property=\"article:publisher\" content=\"https:\/\/www.facebook.com\/immobilienbusiness\/\" \/>\n<meta property=\"article:published_time\" content=\"2016-01-19T07:31:15+00:00\" \/>\n<meta name=\"author\" content=\"Redaktion\" \/>\n<meta name=\"twitter:card\" content=\"summary_large_image\" \/>\n<meta name=\"twitter:image\" content=\"https:\/\/www.immobilienbusiness.ch\/wp-content\/uploads\/2016\/12\/Poeyry-Martin-a-Porta-ist-neuer-CEO-immobilien-business.jpg\" \/>\n<script type=\"application\/ld+json\" class=\"yoast-schema-graph\">{\"@context\":\"https:\\\/\\\/schema.org\",\"@graph\":[{\"@type\":\"Article\",\"@id\":\"https:\\\/\\\/www.immobilienbusiness.ch\\\/en\\\/allgemein\\\/2016-01-19\\\/poeyry-martin-a-porta-ist-neuer-ceo\\\/#article\",\"isPartOf\":{\"@id\":\"https:\\\/\\\/www.immobilienbusiness.ch\\\/en\\\/allgemein\\\/2016-01-19\\\/poeyry-martin-a-porta-ist-neuer-ceo\\\/\"},\"author\":{\"name\":\"Redaktion\",\"@id\":\"https:\\\/\\\/www.immobilienbusiness.ch\\\/#\\\/schema\\\/person\\\/aa2bace6c5c5aad60102004a50c4eb1c\"},\"headline\":\"P\u00f6yry: Martin \u00e0 Porta ist neuer CEO\",\"datePublished\":\"2016-01-19T07:31:15+00:00\",\"mainEntityOfPage\":{\"@id\":\"https:\\\/\\\/www.immobilienbusiness.ch\\\/en\\\/allgemein\\\/2016-01-19\\\/poeyry-martin-a-porta-ist-neuer-ceo\\\/\"},\"wordCount\":169,\"commentCount\":0,\"publisher\":{\"@id\":\"https:\\\/\\\/www.immobilienbusiness.ch\\\/#organization\"},\"image\":{\"@id\":\"https:\\\/\\\/www.immobilienbusiness.ch\\\/en\\\/allgemein\\\/2016-01-19\\\/poeyry-martin-a-porta-ist-neuer-ceo\\\/#primaryimage\"},\"thumbnailUrl\":\"https:\\\/\\\/www.immobilienbusiness.ch\\\/wp-content\\\/uploads\\\/2016\\\/12\\\/Poeyry-Martin-a-Porta-ist-neuer-CEO-immobilien-business.jpg\",\"keywords\":[\"Personalien\"],\"inLanguage\":\"de\"},{\"@type\":\"WebPage\",\"@id\":\"https:\\\/\\\/www.immobilienbusiness.ch\\\/en\\\/allgemein\\\/2016-01-19\\\/poeyry-martin-a-porta-ist-neuer-ceo\\\/\",\"url\":\"https:\\\/\\\/www.immobilienbusiness.ch\\\/en\\\/allgemein\\\/2016-01-19\\\/poeyry-martin-a-porta-ist-neuer-ceo\\\/\",\"name\":\"P\u00f6yry: Martin \u00e0 Porta ist neuer CEO - IMMOBILIEN Business\",\"isPartOf\":{\"@id\":\"https:\\\/\\\/www.immobilienbusiness.ch\\\/#website\"},\"primaryImageOfPage\":{\"@id\":\"https:\\\/\\\/www.immobilienbusiness.ch\\\/en\\\/allgemein\\\/2016-01-19\\\/poeyry-martin-a-porta-ist-neuer-ceo\\\/#primaryimage\"},\"image\":{\"@id\":\"https:\\\/\\\/www.immobilienbusiness.ch\\\/en\\\/allgemein\\\/2016-01-19\\\/poeyry-martin-a-porta-ist-neuer-ceo\\\/#primaryimage\"},\"thumbnailUrl\":\"https:\\\/\\\/www.immobilienbusiness.ch\\\/wp-content\\\/uploads\\\/2016\\\/12\\\/Poeyry-Martin-a-Porta-ist-neuer-CEO-immobilien-business.jpg\",\"datePublished\":\"2016-01-19T07:31:15+00:00\",\"description\":\"Seit Jahresanfang ist der Schweizer Martin \u00e0 Porta CEO der P\u00f6yry-Group. Er folgt auf Alexis Fries, der in den Verwaltungsrat wechselt.\",\"breadcrumb\":{\"@id\":\"https:\\\/\\\/www.immobilienbusiness.ch\\\/en\\\/allgemein\\\/2016-01-19\\\/poeyry-martin-a-porta-ist-neuer-ceo\\\/#breadcrumb\"},\"inLanguage\":\"de\",\"potentialAction\":[{\"@type\":\"ReadAction\",\"target\":[\"https:\\\/\\\/www.immobilienbusiness.ch\\\/en\\\/allgemein\\\/2016-01-19\\\/poeyry-martin-a-porta-ist-neuer-ceo\\\/\"]}]},{\"@type\":\"ImageObject\",\"inLanguage\":\"de\",\"@id\":\"https:\\\/\\\/www.immobilienbusiness.ch\\\/en\\\/allgemein\\\/2016-01-19\\\/poeyry-martin-a-porta-ist-neuer-ceo\\\/#primaryimage\",\"url\":\"https:\\\/\\\/www.immobilienbusiness.ch\\\/wp-content\\\/uploads\\\/2016\\\/12\\\/Poeyry-Martin-a-Porta-ist-neuer-CEO-immobilien-business.jpg\",\"contentUrl\":\"https:\\\/\\\/www.immobilienbusiness.ch\\\/wp-content\\\/uploads\\\/2016\\\/12\\\/Poeyry-Martin-a-Porta-ist-neuer-CEO-immobilien-business.jpg\",\"width\":232,\"height\":236,\"caption\":\"Martin \u00e0 Porta, neuer CEO von P\u00f6yry (Foto: P\u00f6yry Group)\"},{\"@type\":\"BreadcrumbList\",\"@id\":\"https:\\\/\\\/www.immobilienbusiness.ch\\\/en\\\/allgemein\\\/2016-01-19\\\/poeyry-martin-a-porta-ist-neuer-ceo\\\/#breadcrumb\",\"itemListElement\":[{\"@type\":\"ListItem\",\"position\":1,\"name\":\"Home\",\"item\":\"https:\\\/\\\/www.immobilienbusiness.ch\\\/\"},{\"@type\":\"ListItem\",\"position\":2,\"name\":\"P\u00f6yry: Martin \u00e0 Porta ist neuer CEO\"}]},{\"@type\":\"WebSite\",\"@id\":\"https:\\\/\\\/www.immobilienbusiness.ch\\\/#website\",\"url\":\"https:\\\/\\\/www.immobilienbusiness.ch\\\/\",\"name\":\"IMMOBILIEN Business\",\"description\":\"Unabh\u00e4ngiges Schweizer Wirtschaftsmagazin mit Fokus auf Immobilien, Architektur- und Bau sowie Investment- und Finanzierung.\",\"publisher\":{\"@id\":\"https:\\\/\\\/www.immobilienbusiness.ch\\\/#organization\"},\"potentialAction\":[{\"@type\":\"SearchAction\",\"target\":{\"@type\":\"EntryPoint\",\"urlTemplate\":\"https:\\\/\\\/www.immobilienbusiness.ch\\\/?s={search_term_string}\"},\"query-input\":{\"@type\":\"PropertyValueSpecification\",\"valueRequired\":true,\"valueName\":\"search_term_string\"}}],\"inLanguage\":\"de\"},{\"@type\":\"Organization\",\"@id\":\"https:\\\/\\\/www.immobilienbusiness.ch\\\/#organization\",\"name\":\"IMMOBILIEN Business\",\"url\":\"https:\\\/\\\/www.immobilienbusiness.ch\\\/\",\"logo\":{\"@type\":\"ImageObject\",\"inLanguage\":\"de\",\"@id\":\"https:\\\/\\\/www.immobilienbusiness.ch\\\/#\\\/schema\\\/logo\\\/image\\\/\",\"url\":\"https:\\\/\\\/www.immobilienbusiness.ch\\\/wp-content\\\/uploads\\\/2021\\\/07\\\/logo_ib.png\",\"contentUrl\":\"https:\\\/\\\/www.immobilienbusiness.ch\\\/wp-content\\\/uploads\\\/2021\\\/07\\\/logo_ib.png\",\"width\":800,\"height\":181,\"caption\":\"IMMOBILIEN Business\"},\"image\":{\"@id\":\"https:\\\/\\\/www.immobilienbusiness.ch\\\/#\\\/schema\\\/logo\\\/image\\\/\"},\"sameAs\":[\"https:\\\/\\\/www.facebook.com\\\/immobilienbusiness\\\/\"]},{\"@type\":\"Person\",\"@id\":\"https:\\\/\\\/www.immobilienbusiness.ch\\\/#\\\/schema\\\/person\\\/aa2bace6c5c5aad60102004a50c4eb1c\",\"name\":\"Redaktion\",\"image\":{\"@type\":\"ImageObject\",\"inLanguage\":\"de\",\"@id\":\"https:\\\/\\\/secure.gravatar.com\\\/avatar\\\/ae2f4d718e6c49043e314ce431e7e645d646302a24a5ef5a8bc8e3f5a032e319?s=96&d=mm&r=g\",\"url\":\"https:\\\/\\\/secure.gravatar.com\\\/avatar\\\/ae2f4d718e6c49043e314ce431e7e645d646302a24a5ef5a8bc8e3f5a032e319?s=96&d=mm&r=g\",\"contentUrl\":\"https:\\\/\\\/secure.gravatar.com\\\/avatar\\\/ae2f4d718e6c49043e314ce431e7e645d646302a24a5ef5a8bc8e3f5a032e319?s=96&d=mm&r=g\",\"caption\":\"Redaktion\"},\"sameAs\":[\"http:\\\/\\\/develop.organisator.galledia.ch\"],\"url\":\"https:\\\/\\\/www.immobilienbusiness.ch\\\/de\\\/author\\\/admin\\\/\"}]}<\/script>\n<!-- \/ Yoast SEO plugin. -->","yoast_head_json":{"title":"P\u00f6yry: Martin \u00e0 Porta ist neuer CEO - IMMOBILIEN Business","description":"Seit Jahresanfang ist der Schweizer Martin \u00e0 Porta CEO der P\u00f6yry-Group. Er folgt auf Alexis Fries, der in den Verwaltungsrat wechselt.","robots":{"index":"index","follow":"follow","max-snippet":"max-snippet:-1","max-image-preview":"max-image-preview:large","max-video-preview":"max-video-preview:-1"},"canonical":"https:\/\/www.immobilienbusiness.ch\/de\/allgemein\/2016-01-19\/poeyry-martin-a-porta-ist-neuer-ceo\/","og_locale":"de_DE","og_type":"article","og_title":"P\u00f6yry: Martin \u00e0 Porta ist neuer CEO","og_description":"Seit Jahresanfang ist der Schweizer Martin \u00e0 Porta CEO der P\u00f6yry-Group. Er folgt auf Alexis Fries, der in den Verwaltungsrat wechselt.","og_url":"https:\/\/www.immobilienbusiness.ch\/de\/allgemein\/2016-01-19\/poeyry-martin-a-porta-ist-neuer-ceo\/","og_site_name":"IMMOBILIEN Business","article_publisher":"https:\/\/www.facebook.com\/immobilienbusiness\/","article_published_time":"2016-01-19T07:31:15+00:00","author":"Redaktion","twitter_card":"summary_large_image","twitter_image":"https:\/\/www.immobilienbusiness.ch\/wp-content\/uploads\/2016\/12\/Poeyry-Martin-a-Porta-ist-neuer-CEO-immobilien-business.jpg","schema":{"@context":"https:\/\/schema.org","@graph":[{"@type":"Article","@id":"https:\/\/www.immobilienbusiness.ch\/en\/allgemein\/2016-01-19\/poeyry-martin-a-porta-ist-neuer-ceo\/#article","isPartOf":{"@id":"https:\/\/www.immobilienbusiness.ch\/en\/allgemein\/2016-01-19\/poeyry-martin-a-porta-ist-neuer-ceo\/"},"author":{"name":"Redaktion","@id":"https:\/\/www.immobilienbusiness.ch\/#\/schema\/person\/aa2bace6c5c5aad60102004a50c4eb1c"},"headline":"P\u00f6yry: Martin \u00e0 Porta ist neuer CEO","datePublished":"2016-01-19T07:31:15+00:00","mainEntityOfPage":{"@id":"https:\/\/www.immobilienbusiness.ch\/en\/allgemein\/2016-01-19\/poeyry-martin-a-porta-ist-neuer-ceo\/"},"wordCount":169,"commentCount":0,"publisher":{"@id":"https:\/\/www.immobilienbusiness.ch\/#organization"},"image":{"@id":"https:\/\/www.immobilienbusiness.ch\/en\/allgemein\/2016-01-19\/poeyry-martin-a-porta-ist-neuer-ceo\/#primaryimage"},"thumbnailUrl":"https:\/\/www.immobilienbusiness.ch\/wp-content\/uploads\/2016\/12\/Poeyry-Martin-a-Porta-ist-neuer-CEO-immobilien-business.jpg","keywords":["Personalien"],"inLanguage":"de"},{"@type":"WebPage","@id":"https:\/\/www.immobilienbusiness.ch\/en\/allgemein\/2016-01-19\/poeyry-martin-a-porta-ist-neuer-ceo\/","url":"https:\/\/www.immobilienbusiness.ch\/en\/allgemein\/2016-01-19\/poeyry-martin-a-porta-ist-neuer-ceo\/","name":"P\u00f6yry: Martin \u00e0 Porta ist neuer CEO - IMMOBILIEN Business","isPartOf":{"@id":"https:\/\/www.immobilienbusiness.ch\/#website"},"primaryImageOfPage":{"@id":"https:\/\/www.immobilienbusiness.ch\/en\/allgemein\/2016-01-19\/poeyry-martin-a-porta-ist-neuer-ceo\/#primaryimage"},"image":{"@id":"https:\/\/www.immobilienbusiness.ch\/en\/allgemein\/2016-01-19\/poeyry-martin-a-porta-ist-neuer-ceo\/#primaryimage"},"thumbnailUrl":"https:\/\/www.immobilienbusiness.ch\/wp-content\/uploads\/2016\/12\/Poeyry-Martin-a-Porta-ist-neuer-CEO-immobilien-business.jpg","datePublished":"2016-01-19T07:31:15+00:00","description":"Seit Jahresanfang ist der Schweizer Martin \u00e0 Porta CEO der P\u00f6yry-Group. Er folgt auf Alexis Fries, der in den Verwaltungsrat wechselt.","breadcrumb":{"@id":"https:\/\/www.immobilienbusiness.ch\/en\/allgemein\/2016-01-19\/poeyry-martin-a-porta-ist-neuer-ceo\/#breadcrumb"},"inLanguage":"de","potentialAction":[{"@type":"ReadAction","target":["https:\/\/www.immobilienbusiness.ch\/en\/allgemein\/2016-01-19\/poeyry-martin-a-porta-ist-neuer-ceo\/"]}]},{"@type":"ImageObject","inLanguage":"de","@id":"https:\/\/www.immobilienbusiness.ch\/en\/allgemein\/2016-01-19\/poeyry-martin-a-porta-ist-neuer-ceo\/#primaryimage","url":"https:\/\/www.immobilienbusiness.ch\/wp-content\/uploads\/2016\/12\/Poeyry-Martin-a-Porta-ist-neuer-CEO-immobilien-business.jpg","contentUrl":"https:\/\/www.immobilienbusiness.ch\/wp-content\/uploads\/2016\/12\/Poeyry-Martin-a-Porta-ist-neuer-CEO-immobilien-business.jpg","width":232,"height":236,"caption":"Martin \u00e0 Porta, neuer CEO von P\u00f6yry (Foto: P\u00f6yry Group)"},{"@type":"BreadcrumbList","@id":"https:\/\/www.immobilienbusiness.ch\/en\/allgemein\/2016-01-19\/poeyry-martin-a-porta-ist-neuer-ceo\/#breadcrumb","itemListElement":[{"@type":"ListItem","position":1,"name":"Home","item":"https:\/\/www.immobilienbusiness.ch\/"},{"@type":"ListItem","position":2,"name":"P\u00f6yry: Martin \u00e0 Porta ist neuer CEO"}]},{"@type":"WebSite","@id":"https:\/\/www.immobilienbusiness.ch\/#website","url":"https:\/\/www.immobilienbusiness.ch\/","name":"IMMOBILIEN Business","description":"Unabh\u00e4ngiges Schweizer Wirtschaftsmagazin mit Fokus auf Immobilien, Architektur- und Bau sowie Investment- und Finanzierung.","publisher":{"@id":"https:\/\/www.immobilienbusiness.ch\/#organization"},"potentialAction":[{"@type":"SearchAction","target":{"@type":"EntryPoint","urlTemplate":"https:\/\/www.immobilienbusiness.ch\/?s={search_term_string}"},"query-input":{"@type":"PropertyValueSpecification","valueRequired":true,"valueName":"search_term_string"}}],"inLanguage":"de"},{"@type":"Organization","@id":"https:\/\/www.immobilienbusiness.ch\/#organization","name":"IMMOBILIEN Business","url":"https:\/\/www.immobilienbusiness.ch\/","logo":{"@type":"ImageObject","inLanguage":"de","@id":"https:\/\/www.immobilienbusiness.ch\/#\/schema\/logo\/image\/","url":"https:\/\/www.immobilienbusiness.ch\/wp-content\/uploads\/2021\/07\/logo_ib.png","contentUrl":"https:\/\/www.immobilienbusiness.ch\/wp-content\/uploads\/2021\/07\/logo_ib.png","width":800,"height":181,"caption":"IMMOBILIEN Business"},"image":{"@id":"https:\/\/www.immobilienbusiness.ch\/#\/schema\/logo\/image\/"},"sameAs":["https:\/\/www.facebook.com\/immobilienbusiness\/"]},{"@type":"Person","@id":"https:\/\/www.immobilienbusiness.ch\/#\/schema\/person\/aa2bace6c5c5aad60102004a50c4eb1c","name":"Redaktion","image":{"@type":"ImageObject","inLanguage":"de","@id":"https:\/\/secure.gravatar.com\/avatar\/ae2f4d718e6c49043e314ce431e7e645d646302a24a5ef5a8bc8e3f5a032e319?s=96&d=mm&r=g","url":"https:\/\/secure.gravatar.com\/avatar\/ae2f4d718e6c49043e314ce431e7e645d646302a24a5ef5a8bc8e3f5a032e319?s=96&d=mm&r=g","contentUrl":"https:\/\/secure.gravatar.com\/avatar\/ae2f4d718e6c49043e314ce431e7e645d646302a24a5ef5a8bc8e3f5a032e319?s=96&d=mm&r=g","caption":"Redaktion"},"sameAs":["http:\/\/develop.organisator.galledia.ch"],"url":"https:\/\/www.immobilienbusiness.ch\/de\/author\/admin\/"}]}},"_links":{"self":[{"href":"https:\/\/www.immobilienbusiness.ch\/de\/wp-json\/wp\/v2\/posts\/2088","targetHints":{"allow":["GET"]}}],"collection":[{"href":"https:\/\/www.immobilienbusiness.ch\/de\/wp-json\/wp\/v2\/posts"}],"about":[{"href":"https:\/\/www.immobilienbusiness.ch\/de\/wp-json\/wp\/v2\/types\/post"}],"author":[{"embeddable":true,"href":"https:\/\/www.immobilienbusiness.ch\/de\/wp-json\/wp\/v2\/users\/1"}],"replies":[{"embeddable":true,"href":"https:\/\/www.immobilienbusiness.ch\/de\/wp-json\/wp\/v2\/comments?post=2088"}],"version-history":[{"count":0,"href":"https:\/\/www.immobilienbusiness.ch\/de\/wp-json\/wp\/v2\/posts\/2088\/revisions"}],"wp:featuredmedia":[{"embeddable":true,"href":"https:\/\/www.immobilienbusiness.ch\/de\/wp-json\/wp\/v2\/media\/2089"}],"wp:attachment":[{"href":"https:\/\/www.immobilienbusiness.ch\/de\/wp-json\/wp\/v2\/media?parent=2088"}],"wp:term":[{"taxonomy":"category","embeddable":true,"href":"https:\/\/www.immobilienbusiness.ch\/de\/wp-json\/wp\/v2\/categories?post=2088"},{"taxonomy":"post_tag","embeddable":true,"href":"https:\/\/www.immobilienbusiness.ch\/de\/wp-json\/wp\/v2\/tags?post=2088"}],"curies":[{"name":"wp","href":"https:\/\/api.w.org\/{rel}","templated":true}]}}