{"id":20841,"date":"2020-04-09T08:56:01","date_gmt":"2020-04-09T06:56:01","guid":{"rendered":"https:\/\/www.immobilienbusiness.ch\/?p=20841"},"modified":"2020-04-09T08:56:01","modified_gmt":"2020-04-09T06:56:01","slug":"luzern-projektwettbewerb-fuer-pilatusplatz-ist-entschieden","status":"publish","type":"post","link":"https:\/\/www.immobilienbusiness.ch\/de\/regionen\/2020-04-09\/luzern-projektwettbewerb-fuer-pilatusplatz-ist-entschieden\/","title":{"rendered":"Luzern: Projektwettbewerb f\u00fcr Pilatusplatz ist entschieden"},"content":{"rendered":"<figure id=\"attachment_20851\" aria-describedby=\"caption-attachment-20851\" style=\"width: 680px\" class=\"wp-caption alignnone\"><img loading=\"lazy\" decoding=\"async\" class=\"size-medium wp-image-20851\" src=\"https:\/\/www.immobilienbusiness.ch\/wp-content\/uploads\/2020\/04\/pilatusplatz.jpg\" alt=\"\" width=\"680\" height=\"466\" srcset=\"https:\/\/www.immobilienbusiness.ch\/wp-content\/uploads\/2020\/04\/pilatusplatz.jpg 732w, https:\/\/www.immobilienbusiness.ch\/wp-content\/uploads\/2020\/04\/pilatusplatz-300x206.jpg 300w, https:\/\/www.immobilienbusiness.ch\/wp-content\/uploads\/2020\/04\/pilatusplatz-16x12.jpg 16w, https:\/\/www.immobilienbusiness.ch\/wp-content\/uploads\/2020\/04\/pilatusplatz-255x175.jpg 255w, https:\/\/www.immobilienbusiness.ch\/wp-content\/uploads\/2020\/04\/pilatusplatz-510x350.jpg 510w\" sizes=\"auto, (max-width: 680px) 100vw, 680px\" \/><figcaption id=\"caption-attachment-20851\" class=\"wp-caption-text\">Visualisierung des Siegerprojekts Lu Two f\u00fcr den Pilatusplatz (Quelle: Joos&amp;Mathys Architekten, Stadt Luzern)<\/figcaption><\/figure>\n<p>Die Bietergemeinschaft Senda Immobilien und Joos &amp; Mathys Architekten habe mit Lu Two ein architektonisch gelungenes Projekt pr\u00e4sentiert, das sich in die Umgebung einpasse, die komplexe Situation am Pilatusplatz gut fasse und neue st\u00e4dtebauliche Akzente setze, so die Jury. Es sieht auf dem st\u00e4dtischen Areal am Pilatusplatz eine Liegenschaft mit f\u00fcnf Etagen an Gesch\u00e4ftsr\u00e4umen sowie Wohneinheiten in den oberen Stockwerken vor.<\/p>\n<p>In den Durchg\u00e4ngen des Erdgeschosses, im Hofraum und im Attikageschoss sind Gewerbe- und Gastronomienutzungen geplant; das Attikageschoss soll \u00f6ffentlich zug\u00e4nglich sein. Das Fachwerkhaus am M\u00fchlebachweg 8 soll als \u00abKaffeeh\u00e4uschen\u00bb genutzt und zum Quartierstreffpunkt werden.<\/p>\n<p>Der Luzerner Stadtrat will nun den Baurechtsvertrag vorbereiten und dem Grossen Stadtrat voraussichtlich im Herbst 2020 zur Genehmigung unterbreiten. Mit der Unterzeichnung des Vertrages wird sich die Bietergemeinschaft dazu verpflichten, die Planung und Realisierung der \u00dcberbauung umgehend anzugehen. Die Baueingabe k\u00f6nnte im Jahr 2022 erfolgen und das Geb\u00e4ude 2025 bezogen werden.<\/p>\n<p>Mit der Abgabe des Baurechtsgrundst\u00fccks will die Stadt Luzern laut einer Mitteilung erreichen, dass der Pilatusplatz k\u00fcnftig nicht mehr nur als Verkehrsknotenpunkt wahrgenommen wird, sondern sich zu einem Treffpunkt f\u00fcr die Bev\u00f6lkerung und zu einem attraktiven Standort f\u00fcr Unternehmen entwickelt. <em>(ah)<\/em><\/p>\n","protected":false},"excerpt":{"rendered":"<p>Die Bietergemeinschaft Senda Immobilien und Joos &#038; Mathys Architekten hat mit dem Projekt Lu Two den Wettbewerb f\u00fcr das Entwicklungsareal am Pilatusplatz in Luzern gewonnen.<\/p>\n","protected":false},"author":3,"featured_media":20851,"comment_status":"closed","ping_status":"open","sticky":false,"template":"","format":"standard","meta":{"_acf_changed":false,"_yoast_wpseo_focuskw":"Pilatusplatz","_yoast_wpseo_title":"","_yoast_wpseo_metadesc":"Die Bietergemeinschaft Senda Immobilien und Joos & Mathys Architekten hat den Wettbewerb f\u00fcr das Entwicklungsareal am Pilatusplatz in Luzern gewonnen.","_yoast_wpseo_linkdex":51,"pgc_sgb_lightbox_settings":"","footnotes":""},"categories":[985],"tags":[1119,1459,1600,1645,1863],"class_list":["post-20841","post","type-post","status-publish","format-standard","has-post-thumbnail","hentry","category-regionen","tag-bueroimmobilien","tag-luzern","tag-projekt-in-planung","tag-retailflaechen","tag-wohnimmobilien"],"acf":[],"yoast_head":"<!-- This site is optimized with the Yoast SEO plugin v27.4 - https:\/\/yoast.com\/product\/yoast-seo-wordpress\/ -->\n<title>Luzern: Projektwettbewerb f\u00fcr Pilatusplatz ist entschieden - IMMOBILIEN Business<\/title>\n<meta name=\"description\" content=\"Die Bietergemeinschaft Senda Immobilien und Joos &amp; Mathys Architekten hat den Wettbewerb f\u00fcr das Entwicklungsareal am Pilatusplatz in Luzern gewonnen.\" \/>\n<meta name=\"robots\" content=\"index, follow, max-snippet:-1, max-image-preview:large, max-video-preview:-1\" \/>\n<link rel=\"canonical\" href=\"https:\/\/www.immobilienbusiness.ch\/de\/regionen\/2020-04-09\/luzern-projektwettbewerb-fuer-pilatusplatz-ist-entschieden\/\" \/>\n<meta property=\"og:locale\" content=\"de_DE\" \/>\n<meta property=\"og:type\" content=\"article\" \/>\n<meta property=\"og:title\" content=\"Luzern: Projektwettbewerb f\u00fcr Pilatusplatz ist entschieden - IMMOBILIEN Business\" \/>\n<meta property=\"og:description\" content=\"Die Bietergemeinschaft Senda Immobilien und Joos &amp; Mathys Architekten hat den Wettbewerb f\u00fcr das Entwicklungsareal am Pilatusplatz in Luzern gewonnen.\" \/>\n<meta property=\"og:url\" content=\"https:\/\/www.immobilienbusiness.ch\/de\/regionen\/2020-04-09\/luzern-projektwettbewerb-fuer-pilatusplatz-ist-entschieden\/\" \/>\n<meta property=\"og:site_name\" content=\"IMMOBILIEN Business\" \/>\n<meta property=\"article:publisher\" content=\"https:\/\/www.facebook.com\/immobilienbusiness\/\" \/>\n<meta property=\"article:published_time\" content=\"2020-04-09T06:56:01+00:00\" \/>\n<meta property=\"og:image\" content=\"https:\/\/www.immobilienbusiness.ch\/wp-content\/uploads\/2020\/04\/pilatusplatz.jpg\" \/>\n\t<meta property=\"og:image:width\" content=\"732\" \/>\n\t<meta property=\"og:image:height\" content=\"502\" \/>\n\t<meta property=\"og:image:type\" content=\"image\/jpeg\" \/>\n<meta name=\"author\" content=\"anja.hall\" \/>\n<meta name=\"twitter:card\" content=\"summary_large_image\" \/>\n<meta name=\"twitter:image\" content=\"https:\/\/www.immobilienbusiness.ch\/wp-content\/uploads\/2020\/04\/pilatusplatz.jpg\" \/>\n<script type=\"application\/ld+json\" class=\"yoast-schema-graph\">{\"@context\":\"https:\\\/\\\/schema.org\",\"@graph\":[{\"@type\":\"Article\",\"@id\":\"https:\\\/\\\/www.immobilienbusiness.ch\\\/regionen\\\/2020-04-09\\\/luzern-projektwettbewerb-fuer-pilatusplatz-ist-entschieden\\\/#article\",\"isPartOf\":{\"@id\":\"https:\\\/\\\/www.immobilienbusiness.ch\\\/regionen\\\/2020-04-09\\\/luzern-projektwettbewerb-fuer-pilatusplatz-ist-entschieden\\\/\"},\"author\":{\"name\":\"anja.hall\",\"@id\":\"https:\\\/\\\/www.immobilienbusiness.ch\\\/#\\\/schema\\\/person\\\/3fc036297b10b9f42d6db5ee932af8c8\"},\"headline\":\"Luzern: Projektwettbewerb f\u00fcr Pilatusplatz ist entschieden\",\"datePublished\":\"2020-04-09T06:56:01+00:00\",\"mainEntityOfPage\":{\"@id\":\"https:\\\/\\\/www.immobilienbusiness.ch\\\/regionen\\\/2020-04-09\\\/luzern-projektwettbewerb-fuer-pilatusplatz-ist-entschieden\\\/\"},\"wordCount\":230,\"publisher\":{\"@id\":\"https:\\\/\\\/www.immobilienbusiness.ch\\\/#organization\"},\"image\":{\"@id\":\"https:\\\/\\\/www.immobilienbusiness.ch\\\/regionen\\\/2020-04-09\\\/luzern-projektwettbewerb-fuer-pilatusplatz-ist-entschieden\\\/#primaryimage\"},\"thumbnailUrl\":\"https:\\\/\\\/www.immobilienbusiness.ch\\\/wp-content\\\/uploads\\\/2020\\\/04\\\/pilatusplatz.jpg\",\"keywords\":[\"B\u00fcroimmobilien\",\"Luzern\",\"Projekt in Planung\",\"Retailfl\u00e4chen\",\"Wohnimmobilien\"],\"articleSection\":[\"REGIONEN\"],\"inLanguage\":\"de\"},{\"@type\":\"WebPage\",\"@id\":\"https:\\\/\\\/www.immobilienbusiness.ch\\\/regionen\\\/2020-04-09\\\/luzern-projektwettbewerb-fuer-pilatusplatz-ist-entschieden\\\/\",\"url\":\"https:\\\/\\\/www.immobilienbusiness.ch\\\/regionen\\\/2020-04-09\\\/luzern-projektwettbewerb-fuer-pilatusplatz-ist-entschieden\\\/\",\"name\":\"Luzern: Projektwettbewerb f\u00fcr Pilatusplatz ist entschieden - IMMOBILIEN Business\",\"isPartOf\":{\"@id\":\"https:\\\/\\\/www.immobilienbusiness.ch\\\/#website\"},\"primaryImageOfPage\":{\"@id\":\"https:\\\/\\\/www.immobilienbusiness.ch\\\/regionen\\\/2020-04-09\\\/luzern-projektwettbewerb-fuer-pilatusplatz-ist-entschieden\\\/#primaryimage\"},\"image\":{\"@id\":\"https:\\\/\\\/www.immobilienbusiness.ch\\\/regionen\\\/2020-04-09\\\/luzern-projektwettbewerb-fuer-pilatusplatz-ist-entschieden\\\/#primaryimage\"},\"thumbnailUrl\":\"https:\\\/\\\/www.immobilienbusiness.ch\\\/wp-content\\\/uploads\\\/2020\\\/04\\\/pilatusplatz.jpg\",\"datePublished\":\"2020-04-09T06:56:01+00:00\",\"description\":\"Die Bietergemeinschaft Senda Immobilien und Joos & Mathys Architekten hat den Wettbewerb f\u00fcr das Entwicklungsareal am Pilatusplatz in Luzern gewonnen.\",\"breadcrumb\":{\"@id\":\"https:\\\/\\\/www.immobilienbusiness.ch\\\/regionen\\\/2020-04-09\\\/luzern-projektwettbewerb-fuer-pilatusplatz-ist-entschieden\\\/#breadcrumb\"},\"inLanguage\":\"de\",\"potentialAction\":[{\"@type\":\"ReadAction\",\"target\":[\"https:\\\/\\\/www.immobilienbusiness.ch\\\/regionen\\\/2020-04-09\\\/luzern-projektwettbewerb-fuer-pilatusplatz-ist-entschieden\\\/\"]}]},{\"@type\":\"ImageObject\",\"inLanguage\":\"de\",\"@id\":\"https:\\\/\\\/www.immobilienbusiness.ch\\\/regionen\\\/2020-04-09\\\/luzern-projektwettbewerb-fuer-pilatusplatz-ist-entschieden\\\/#primaryimage\",\"url\":\"https:\\\/\\\/www.immobilienbusiness.ch\\\/wp-content\\\/uploads\\\/2020\\\/04\\\/pilatusplatz.jpg\",\"contentUrl\":\"https:\\\/\\\/www.immobilienbusiness.ch\\\/wp-content\\\/uploads\\\/2020\\\/04\\\/pilatusplatz.jpg\",\"width\":732,\"height\":502,\"caption\":\"Visualisierung des Siegerprojekts \\\"Lu Two\\\". (Quelle: Joos&Mathys Architekten)\"},{\"@type\":\"BreadcrumbList\",\"@id\":\"https:\\\/\\\/www.immobilienbusiness.ch\\\/regionen\\\/2020-04-09\\\/luzern-projektwettbewerb-fuer-pilatusplatz-ist-entschieden\\\/#breadcrumb\",\"itemListElement\":[{\"@type\":\"ListItem\",\"position\":1,\"name\":\"Home\",\"item\":\"https:\\\/\\\/www.immobilienbusiness.ch\\\/\"},{\"@type\":\"ListItem\",\"position\":2,\"name\":\"Luzern: Projektwettbewerb f\u00fcr Pilatusplatz ist entschieden\"}]},{\"@type\":\"WebSite\",\"@id\":\"https:\\\/\\\/www.immobilienbusiness.ch\\\/#website\",\"url\":\"https:\\\/\\\/www.immobilienbusiness.ch\\\/\",\"name\":\"IMMOBILIEN Business\",\"description\":\"Unabh\u00e4ngiges Schweizer Wirtschaftsmagazin mit Fokus auf Immobilien, Architektur- und Bau sowie Investment- und Finanzierung.\",\"publisher\":{\"@id\":\"https:\\\/\\\/www.immobilienbusiness.ch\\\/#organization\"},\"potentialAction\":[{\"@type\":\"SearchAction\",\"target\":{\"@type\":\"EntryPoint\",\"urlTemplate\":\"https:\\\/\\\/www.immobilienbusiness.ch\\\/?s={search_term_string}\"},\"query-input\":{\"@type\":\"PropertyValueSpecification\",\"valueRequired\":true,\"valueName\":\"search_term_string\"}}],\"inLanguage\":\"de\"},{\"@type\":\"Organization\",\"@id\":\"https:\\\/\\\/www.immobilienbusiness.ch\\\/#organization\",\"name\":\"IMMOBILIEN Business\",\"url\":\"https:\\\/\\\/www.immobilienbusiness.ch\\\/\",\"logo\":{\"@type\":\"ImageObject\",\"inLanguage\":\"de\",\"@id\":\"https:\\\/\\\/www.immobilienbusiness.ch\\\/#\\\/schema\\\/logo\\\/image\\\/\",\"url\":\"https:\\\/\\\/www.immobilienbusiness.ch\\\/wp-content\\\/uploads\\\/2021\\\/07\\\/logo_ib.png\",\"contentUrl\":\"https:\\\/\\\/www.immobilienbusiness.ch\\\/wp-content\\\/uploads\\\/2021\\\/07\\\/logo_ib.png\",\"width\":800,\"height\":181,\"caption\":\"IMMOBILIEN Business\"},\"image\":{\"@id\":\"https:\\\/\\\/www.immobilienbusiness.ch\\\/#\\\/schema\\\/logo\\\/image\\\/\"},\"sameAs\":[\"https:\\\/\\\/www.facebook.com\\\/immobilienbusiness\\\/\"]},{\"@type\":\"Person\",\"@id\":\"https:\\\/\\\/www.immobilienbusiness.ch\\\/#\\\/schema\\\/person\\\/3fc036297b10b9f42d6db5ee932af8c8\",\"name\":\"anja.hall\",\"image\":{\"@type\":\"ImageObject\",\"inLanguage\":\"de\",\"@id\":\"https:\\\/\\\/secure.gravatar.com\\\/avatar\\\/066b5a0d447013502c71a5782f4f3469f03cfe595cc2329fb94652fe47511bfb?s=96&d=mm&r=g\",\"url\":\"https:\\\/\\\/secure.gravatar.com\\\/avatar\\\/066b5a0d447013502c71a5782f4f3469f03cfe595cc2329fb94652fe47511bfb?s=96&d=mm&r=g\",\"contentUrl\":\"https:\\\/\\\/secure.gravatar.com\\\/avatar\\\/066b5a0d447013502c71a5782f4f3469f03cfe595cc2329fb94652fe47511bfb?s=96&d=mm&r=g\",\"caption\":\"anja.hall\"},\"url\":\"https:\\\/\\\/www.immobilienbusiness.ch\\\/de\\\/author\\\/anja-hall\\\/\"}]}<\/script>\n<!-- \/ Yoast SEO plugin. -->","yoast_head_json":{"title":"Luzern: Projektwettbewerb f\u00fcr Pilatusplatz ist entschieden - IMMOBILIEN Business","description":"Die Bietergemeinschaft Senda Immobilien und Joos & Mathys Architekten hat den Wettbewerb f\u00fcr das Entwicklungsareal am Pilatusplatz in Luzern gewonnen.","robots":{"index":"index","follow":"follow","max-snippet":"max-snippet:-1","max-image-preview":"max-image-preview:large","max-video-preview":"max-video-preview:-1"},"canonical":"https:\/\/www.immobilienbusiness.ch\/de\/regionen\/2020-04-09\/luzern-projektwettbewerb-fuer-pilatusplatz-ist-entschieden\/","og_locale":"de_DE","og_type":"article","og_title":"Luzern: Projektwettbewerb f\u00fcr Pilatusplatz ist entschieden - IMMOBILIEN Business","og_description":"Die Bietergemeinschaft Senda Immobilien und Joos & Mathys Architekten hat den Wettbewerb f\u00fcr das Entwicklungsareal am Pilatusplatz in Luzern gewonnen.","og_url":"https:\/\/www.immobilienbusiness.ch\/de\/regionen\/2020-04-09\/luzern-projektwettbewerb-fuer-pilatusplatz-ist-entschieden\/","og_site_name":"IMMOBILIEN Business","article_publisher":"https:\/\/www.facebook.com\/immobilienbusiness\/","article_published_time":"2020-04-09T06:56:01+00:00","og_image":[{"width":732,"height":502,"url":"https:\/\/www.immobilienbusiness.ch\/wp-content\/uploads\/2020\/04\/pilatusplatz.jpg","type":"image\/jpeg"}],"author":"anja.hall","twitter_card":"summary_large_image","twitter_image":"https:\/\/www.immobilienbusiness.ch\/wp-content\/uploads\/2020\/04\/pilatusplatz.jpg","schema":{"@context":"https:\/\/schema.org","@graph":[{"@type":"Article","@id":"https:\/\/www.immobilienbusiness.ch\/regionen\/2020-04-09\/luzern-projektwettbewerb-fuer-pilatusplatz-ist-entschieden\/#article","isPartOf":{"@id":"https:\/\/www.immobilienbusiness.ch\/regionen\/2020-04-09\/luzern-projektwettbewerb-fuer-pilatusplatz-ist-entschieden\/"},"author":{"name":"anja.hall","@id":"https:\/\/www.immobilienbusiness.ch\/#\/schema\/person\/3fc036297b10b9f42d6db5ee932af8c8"},"headline":"Luzern: Projektwettbewerb f\u00fcr Pilatusplatz ist entschieden","datePublished":"2020-04-09T06:56:01+00:00","mainEntityOfPage":{"@id":"https:\/\/www.immobilienbusiness.ch\/regionen\/2020-04-09\/luzern-projektwettbewerb-fuer-pilatusplatz-ist-entschieden\/"},"wordCount":230,"publisher":{"@id":"https:\/\/www.immobilienbusiness.ch\/#organization"},"image":{"@id":"https:\/\/www.immobilienbusiness.ch\/regionen\/2020-04-09\/luzern-projektwettbewerb-fuer-pilatusplatz-ist-entschieden\/#primaryimage"},"thumbnailUrl":"https:\/\/www.immobilienbusiness.ch\/wp-content\/uploads\/2020\/04\/pilatusplatz.jpg","keywords":["B\u00fcroimmobilien","Luzern","Projekt in Planung","Retailfl\u00e4chen","Wohnimmobilien"],"articleSection":["REGIONEN"],"inLanguage":"de"},{"@type":"WebPage","@id":"https:\/\/www.immobilienbusiness.ch\/regionen\/2020-04-09\/luzern-projektwettbewerb-fuer-pilatusplatz-ist-entschieden\/","url":"https:\/\/www.immobilienbusiness.ch\/regionen\/2020-04-09\/luzern-projektwettbewerb-fuer-pilatusplatz-ist-entschieden\/","name":"Luzern: Projektwettbewerb f\u00fcr Pilatusplatz ist entschieden - IMMOBILIEN Business","isPartOf":{"@id":"https:\/\/www.immobilienbusiness.ch\/#website"},"primaryImageOfPage":{"@id":"https:\/\/www.immobilienbusiness.ch\/regionen\/2020-04-09\/luzern-projektwettbewerb-fuer-pilatusplatz-ist-entschieden\/#primaryimage"},"image":{"@id":"https:\/\/www.immobilienbusiness.ch\/regionen\/2020-04-09\/luzern-projektwettbewerb-fuer-pilatusplatz-ist-entschieden\/#primaryimage"},"thumbnailUrl":"https:\/\/www.immobilienbusiness.ch\/wp-content\/uploads\/2020\/04\/pilatusplatz.jpg","datePublished":"2020-04-09T06:56:01+00:00","description":"Die Bietergemeinschaft Senda Immobilien und Joos & Mathys Architekten hat den Wettbewerb f\u00fcr das Entwicklungsareal am Pilatusplatz in Luzern gewonnen.","breadcrumb":{"@id":"https:\/\/www.immobilienbusiness.ch\/regionen\/2020-04-09\/luzern-projektwettbewerb-fuer-pilatusplatz-ist-entschieden\/#breadcrumb"},"inLanguage":"de","potentialAction":[{"@type":"ReadAction","target":["https:\/\/www.immobilienbusiness.ch\/regionen\/2020-04-09\/luzern-projektwettbewerb-fuer-pilatusplatz-ist-entschieden\/"]}]},{"@type":"ImageObject","inLanguage":"de","@id":"https:\/\/www.immobilienbusiness.ch\/regionen\/2020-04-09\/luzern-projektwettbewerb-fuer-pilatusplatz-ist-entschieden\/#primaryimage","url":"https:\/\/www.immobilienbusiness.ch\/wp-content\/uploads\/2020\/04\/pilatusplatz.jpg","contentUrl":"https:\/\/www.immobilienbusiness.ch\/wp-content\/uploads\/2020\/04\/pilatusplatz.jpg","width":732,"height":502,"caption":"Visualisierung des Siegerprojekts \"Lu Two\". (Quelle: Joos&Mathys Architekten)"},{"@type":"BreadcrumbList","@id":"https:\/\/www.immobilienbusiness.ch\/regionen\/2020-04-09\/luzern-projektwettbewerb-fuer-pilatusplatz-ist-entschieden\/#breadcrumb","itemListElement":[{"@type":"ListItem","position":1,"name":"Home","item":"https:\/\/www.immobilienbusiness.ch\/"},{"@type":"ListItem","position":2,"name":"Luzern: Projektwettbewerb f\u00fcr Pilatusplatz ist entschieden"}]},{"@type":"WebSite","@id":"https:\/\/www.immobilienbusiness.ch\/#website","url":"https:\/\/www.immobilienbusiness.ch\/","name":"IMMOBILIEN Business","description":"Unabh\u00e4ngiges Schweizer Wirtschaftsmagazin mit Fokus auf Immobilien, Architektur- und Bau sowie Investment- und Finanzierung.","publisher":{"@id":"https:\/\/www.immobilienbusiness.ch\/#organization"},"potentialAction":[{"@type":"SearchAction","target":{"@type":"EntryPoint","urlTemplate":"https:\/\/www.immobilienbusiness.ch\/?s={search_term_string}"},"query-input":{"@type":"PropertyValueSpecification","valueRequired":true,"valueName":"search_term_string"}}],"inLanguage":"de"},{"@type":"Organization","@id":"https:\/\/www.immobilienbusiness.ch\/#organization","name":"IMMOBILIEN Business","url":"https:\/\/www.immobilienbusiness.ch\/","logo":{"@type":"ImageObject","inLanguage":"de","@id":"https:\/\/www.immobilienbusiness.ch\/#\/schema\/logo\/image\/","url":"https:\/\/www.immobilienbusiness.ch\/wp-content\/uploads\/2021\/07\/logo_ib.png","contentUrl":"https:\/\/www.immobilienbusiness.ch\/wp-content\/uploads\/2021\/07\/logo_ib.png","width":800,"height":181,"caption":"IMMOBILIEN Business"},"image":{"@id":"https:\/\/www.immobilienbusiness.ch\/#\/schema\/logo\/image\/"},"sameAs":["https:\/\/www.facebook.com\/immobilienbusiness\/"]},{"@type":"Person","@id":"https:\/\/www.immobilienbusiness.ch\/#\/schema\/person\/3fc036297b10b9f42d6db5ee932af8c8","name":"anja.hall","image":{"@type":"ImageObject","inLanguage":"de","@id":"https:\/\/secure.gravatar.com\/avatar\/066b5a0d447013502c71a5782f4f3469f03cfe595cc2329fb94652fe47511bfb?s=96&d=mm&r=g","url":"https:\/\/secure.gravatar.com\/avatar\/066b5a0d447013502c71a5782f4f3469f03cfe595cc2329fb94652fe47511bfb?s=96&d=mm&r=g","contentUrl":"https:\/\/secure.gravatar.com\/avatar\/066b5a0d447013502c71a5782f4f3469f03cfe595cc2329fb94652fe47511bfb?s=96&d=mm&r=g","caption":"anja.hall"},"url":"https:\/\/www.immobilienbusiness.ch\/de\/author\/anja-hall\/"}]}},"_links":{"self":[{"href":"https:\/\/www.immobilienbusiness.ch\/de\/wp-json\/wp\/v2\/posts\/20841","targetHints":{"allow":["GET"]}}],"collection":[{"href":"https:\/\/www.immobilienbusiness.ch\/de\/wp-json\/wp\/v2\/posts"}],"about":[{"href":"https:\/\/www.immobilienbusiness.ch\/de\/wp-json\/wp\/v2\/types\/post"}],"author":[{"embeddable":true,"href":"https:\/\/www.immobilienbusiness.ch\/de\/wp-json\/wp\/v2\/users\/3"}],"replies":[{"embeddable":true,"href":"https:\/\/www.immobilienbusiness.ch\/de\/wp-json\/wp\/v2\/comments?post=20841"}],"version-history":[{"count":0,"href":"https:\/\/www.immobilienbusiness.ch\/de\/wp-json\/wp\/v2\/posts\/20841\/revisions"}],"wp:featuredmedia":[{"embeddable":true,"href":"https:\/\/www.immobilienbusiness.ch\/de\/wp-json\/wp\/v2\/media\/20851"}],"wp:attachment":[{"href":"https:\/\/www.immobilienbusiness.ch\/de\/wp-json\/wp\/v2\/media?parent=20841"}],"wp:term":[{"taxonomy":"category","embeddable":true,"href":"https:\/\/www.immobilienbusiness.ch\/de\/wp-json\/wp\/v2\/categories?post=20841"},{"taxonomy":"post_tag","embeddable":true,"href":"https:\/\/www.immobilienbusiness.ch\/de\/wp-json\/wp\/v2\/tags?post=20841"}],"curies":[{"name":"wp","href":"https:\/\/api.w.org\/{rel}","templated":true}]}}