{"id":20725,"date":"2020-04-01T08:45:35","date_gmt":"2020-04-01T06:45:35","guid":{"rendered":"https:\/\/www.immobilienbusiness.ch\/?p=20725"},"modified":"2020-04-01T08:45:35","modified_gmt":"2020-04-01T06:45:35","slug":"zuerich-gruenes-licht-fuer-brunaupark-projekt","status":"publish","type":"post","link":"https:\/\/www.immobilienbusiness.ch\/de\/regionen\/2020-04-01\/zuerich-gruenes-licht-fuer-brunaupark-projekt\/","title":{"rendered":"Z\u00fcrich: Gr\u00fcnes Licht f\u00fcr Brunaupark-Projekt"},"content":{"rendered":"<figure id=\"attachment_16502\" aria-describedby=\"caption-attachment-16502\" style=\"width: 680px\" class=\"wp-caption alignnone\"><img loading=\"lazy\" decoding=\"async\" class=\"size-medium wp-image-16502\" src=\"https:\/\/www.immobilienbusiness.ch\/wp-content\/uploads\/2019\/04\/Brunaupark_Ansicht_Giesshuebelstrasse_Ladenzentrum_Medien.jpg\" alt=\"\" width=\"680\" height=\"496\" srcset=\"https:\/\/www.immobilienbusiness.ch\/wp-content\/uploads\/2019\/04\/Brunaupark_Ansicht_Giesshuebelstrasse_Ladenzentrum_Medien.jpg 2560w, https:\/\/www.immobilienbusiness.ch\/wp-content\/uploads\/2019\/04\/Brunaupark_Ansicht_Giesshuebelstrasse_Ladenzentrum_Medien-300x219.jpg 300w, https:\/\/www.immobilienbusiness.ch\/wp-content\/uploads\/2019\/04\/Brunaupark_Ansicht_Giesshuebelstrasse_Ladenzentrum_Medien-1024x747.jpg 1024w, https:\/\/www.immobilienbusiness.ch\/wp-content\/uploads\/2019\/04\/Brunaupark_Ansicht_Giesshuebelstrasse_Ladenzentrum_Medien-768x561.jpg 768w, https:\/\/www.immobilienbusiness.ch\/wp-content\/uploads\/2019\/04\/Brunaupark_Ansicht_Giesshuebelstrasse_Ladenzentrum_Medien-1536x1121.jpg 1536w, https:\/\/www.immobilienbusiness.ch\/wp-content\/uploads\/2019\/04\/Brunaupark_Ansicht_Giesshuebelstrasse_Ladenzentrum_Medien-2048x1495.jpg 2048w, https:\/\/www.immobilienbusiness.ch\/wp-content\/uploads\/2019\/04\/Brunaupark_Ansicht_Giesshuebelstrasse_Ladenzentrum_Medien-16x12.jpg 16w, https:\/\/www.immobilienbusiness.ch\/wp-content\/uploads\/2019\/04\/Brunaupark_Ansicht_Giesshuebelstrasse_Ladenzentrum_Medien-240x175.jpg 240w, https:\/\/www.immobilienbusiness.ch\/wp-content\/uploads\/2019\/04\/Brunaupark_Ansicht_Giesshuebelstrasse_Ladenzentrum_Medien-480x350.jpg 480w, https:\/\/www.immobilienbusiness.ch\/wp-content\/uploads\/2019\/04\/Brunaupark_Ansicht_Giesshuebelstrasse_Ladenzentrum_Medien-1096x800.jpg 1096w, https:\/\/www.immobilienbusiness.ch\/wp-content\/uploads\/2019\/04\/Brunaupark_Ansicht_Giesshuebelstrasse_Ladenzentrum_Medien-920x671.jpg 920w, https:\/\/www.immobilienbusiness.ch\/wp-content\/uploads\/2019\/04\/Brunaupark_Ansicht_Giesshuebelstrasse_Ladenzentrum_Medien-1400x1022.jpg 1400w, https:\/\/www.immobilienbusiness.ch\/wp-content\/uploads\/2019\/04\/Brunaupark_Ansicht_Giesshuebelstrasse_Ladenzentrum_Medien-1918x1400.jpg 1918w\" sizes=\"auto, (max-width: 680px) 100vw, 680px\" \/><figcaption id=\"caption-attachment-16502\" class=\"wp-caption-text\">Der Brunaupark von der Giesshuebelstrasse aus gesehen (Visualisierung: bildbau GmbH, Credit Suisse Pensionskasse)<\/figcaption><\/figure>\n<p>Der Stadtrat von Z\u00fcrich hat f\u00fcr die im Brunaupark geplante neue \u00dcberbauung, ein Projekt der Pensionskasse der Credit Suisse, eine an zahlreiche Auflagen gebundene Baubewilligung erteilt. Die Pensionskasse will grosse Teile ihrer in Wiedikon, dem Z\u00fcrcher Kreis 3, gelegenen Wohn- und Gesch\u00e4fts\u00fcberbauung\u00a0ersetzen: 240 Wohnungen sollen weichen, knapp 500 neue Einheiten stehen.\u00a0 Vier der Wohngeb\u00e4ude und das Ladenzentrum mit dem Migros-Markt werden r\u00fcckgebaut.<\/p>\n<p>Gebaut werden soll in zwei Etappen &#8211; von 2021 bis 2023 sowie von 2024 bis 2026. Allerdings k\u00f6nnte es zu Verz\u00f6gerungen kommen: Regionalen Medienberichten zufolge hat die IG Wohnen in der Laubegg bereits Rekurs gegen die Baubewilligung angek\u00fcndigt.\u00a0 Beim Mieterverband Z\u00fcrich rechnet man mit weiteren Rekursen von Anwohnern und Umweltverb\u00e4nden. <em>(bw)<\/em><\/p>\n","protected":false},"excerpt":{"rendered":"<p>Der Z\u00fcrcher Stadtrat hat die Baubewilligung f\u00fcr die geplante Neu\u00fcberbaung des Brunaupark erteilt. Baubeginn f\u00fcr die erste Etappe soll 2021 sein &#8211; doch k\u00f6nnte es wegen Rekursen zu Verz\u00f6gerungen kommen. <\/p>\n","protected":false},"author":3,"featured_media":16502,"comment_status":"closed","ping_status":"open","sticky":false,"template":"","format":"standard","meta":{"_acf_changed":false,"_yoast_wpseo_focuskw":"Brunaupark","_yoast_wpseo_title":"","_yoast_wpseo_metadesc":"Der Z\u00fcrcher Stadtrat hat die Baubewilligung f\u00fcr die geplante Neu\u00fcberbaung des Brunaupark erteilt. Baubeginn f\u00fcr die erste Etappe soll 2021 sein.","_yoast_wpseo_linkdex":53,"pgc_sgb_lightbox_settings":"","footnotes":""},"categories":[985],"tags":[1146,1600,1863,1888],"class_list":["post-20725","post","type-post","status-publish","format-standard","has-post-thumbnail","hentry","category-regionen","tag-credit-suisse","tag-projekt-in-planung","tag-wohnimmobilien","tag-zuerich"],"acf":[],"yoast_head":"<!-- This site is optimized with the Yoast SEO plugin v27.4 - https:\/\/yoast.com\/product\/yoast-seo-wordpress\/ -->\n<title>Z\u00fcrich: Gr\u00fcnes Licht f\u00fcr Brunaupark-Projekt - IMMOBILIEN Business<\/title>\n<meta name=\"description\" content=\"Der Z\u00fcrcher Stadtrat hat die Baubewilligung f\u00fcr die geplante Neu\u00fcberbaung des Brunaupark erteilt. Baubeginn f\u00fcr die erste Etappe soll 2021 sein.\" \/>\n<meta name=\"robots\" content=\"index, follow, max-snippet:-1, max-image-preview:large, max-video-preview:-1\" \/>\n<link rel=\"canonical\" href=\"https:\/\/www.immobilienbusiness.ch\/de\/regionen\/2020-04-01\/zuerich-gruenes-licht-fuer-brunaupark-projekt\/\" \/>\n<meta property=\"og:locale\" content=\"de_DE\" \/>\n<meta property=\"og:type\" content=\"article\" \/>\n<meta property=\"og:title\" content=\"Z\u00fcrich: Gr\u00fcnes Licht f\u00fcr Brunaupark-Projekt - IMMOBILIEN Business\" \/>\n<meta property=\"og:description\" content=\"Der Z\u00fcrcher Stadtrat hat die Baubewilligung f\u00fcr die geplante Neu\u00fcberbaung des Brunaupark erteilt. Baubeginn f\u00fcr die erste Etappe soll 2021 sein.\" \/>\n<meta property=\"og:url\" content=\"https:\/\/www.immobilienbusiness.ch\/de\/regionen\/2020-04-01\/zuerich-gruenes-licht-fuer-brunaupark-projekt\/\" \/>\n<meta property=\"og:site_name\" content=\"IMMOBILIEN Business\" \/>\n<meta property=\"article:publisher\" content=\"https:\/\/www.facebook.com\/immobilienbusiness\/\" \/>\n<meta property=\"article:published_time\" content=\"2020-04-01T06:45:35+00:00\" \/>\n<meta property=\"og:image\" content=\"https:\/\/www.immobilienbusiness.ch\/wp-content\/uploads\/2019\/04\/Brunaupark_Ansicht_Giesshuebelstrasse_Ladenzentrum_Medien-1024x747.jpg\" \/>\n\t<meta property=\"og:image:width\" content=\"1024\" \/>\n\t<meta property=\"og:image:height\" content=\"747\" \/>\n\t<meta property=\"og:image:type\" content=\"image\/jpeg\" \/>\n<meta name=\"author\" content=\"anja.hall\" \/>\n<meta name=\"twitter:card\" content=\"summary_large_image\" \/>\n<meta name=\"twitter:image\" content=\"https:\/\/www.immobilienbusiness.ch\/wp-content\/uploads\/2019\/04\/Brunaupark_Ansicht_Giesshuebelstrasse_Ladenzentrum_Medien.jpg\" \/>\n<script type=\"application\/ld+json\" class=\"yoast-schema-graph\">{\"@context\":\"https:\\\/\\\/schema.org\",\"@graph\":[{\"@type\":\"Article\",\"@id\":\"https:\\\/\\\/www.immobilienbusiness.ch\\\/regionen\\\/2020-04-01\\\/zuerich-gruenes-licht-fuer-brunaupark-projekt\\\/#article\",\"isPartOf\":{\"@id\":\"https:\\\/\\\/www.immobilienbusiness.ch\\\/regionen\\\/2020-04-01\\\/zuerich-gruenes-licht-fuer-brunaupark-projekt\\\/\"},\"author\":{\"name\":\"anja.hall\",\"@id\":\"https:\\\/\\\/www.immobilienbusiness.ch\\\/#\\\/schema\\\/person\\\/3fc036297b10b9f42d6db5ee932af8c8\"},\"headline\":\"Z\u00fcrich: Gr\u00fcnes Licht f\u00fcr Brunaupark-Projekt\",\"datePublished\":\"2020-04-01T06:45:35+00:00\",\"mainEntityOfPage\":{\"@id\":\"https:\\\/\\\/www.immobilienbusiness.ch\\\/regionen\\\/2020-04-01\\\/zuerich-gruenes-licht-fuer-brunaupark-projekt\\\/\"},\"wordCount\":147,\"publisher\":{\"@id\":\"https:\\\/\\\/www.immobilienbusiness.ch\\\/#organization\"},\"image\":{\"@id\":\"https:\\\/\\\/www.immobilienbusiness.ch\\\/regionen\\\/2020-04-01\\\/zuerich-gruenes-licht-fuer-brunaupark-projekt\\\/#primaryimage\"},\"thumbnailUrl\":\"https:\\\/\\\/www.immobilienbusiness.ch\\\/wp-content\\\/uploads\\\/2019\\\/04\\\/Brunaupark_Ansicht_Giesshuebelstrasse_Ladenzentrum_Medien.jpg\",\"keywords\":[\"Credit Suisse\",\"Projekt in Planung\",\"Wohnimmobilien\",\"Z\u00fcrich\"],\"articleSection\":[\"REGIONEN\"],\"inLanguage\":\"de\"},{\"@type\":\"WebPage\",\"@id\":\"https:\\\/\\\/www.immobilienbusiness.ch\\\/regionen\\\/2020-04-01\\\/zuerich-gruenes-licht-fuer-brunaupark-projekt\\\/\",\"url\":\"https:\\\/\\\/www.immobilienbusiness.ch\\\/regionen\\\/2020-04-01\\\/zuerich-gruenes-licht-fuer-brunaupark-projekt\\\/\",\"name\":\"Z\u00fcrich: Gr\u00fcnes Licht f\u00fcr Brunaupark-Projekt - IMMOBILIEN Business\",\"isPartOf\":{\"@id\":\"https:\\\/\\\/www.immobilienbusiness.ch\\\/#website\"},\"primaryImageOfPage\":{\"@id\":\"https:\\\/\\\/www.immobilienbusiness.ch\\\/regionen\\\/2020-04-01\\\/zuerich-gruenes-licht-fuer-brunaupark-projekt\\\/#primaryimage\"},\"image\":{\"@id\":\"https:\\\/\\\/www.immobilienbusiness.ch\\\/regionen\\\/2020-04-01\\\/zuerich-gruenes-licht-fuer-brunaupark-projekt\\\/#primaryimage\"},\"thumbnailUrl\":\"https:\\\/\\\/www.immobilienbusiness.ch\\\/wp-content\\\/uploads\\\/2019\\\/04\\\/Brunaupark_Ansicht_Giesshuebelstrasse_Ladenzentrum_Medien.jpg\",\"datePublished\":\"2020-04-01T06:45:35+00:00\",\"description\":\"Der Z\u00fcrcher Stadtrat hat die Baubewilligung f\u00fcr die geplante Neu\u00fcberbaung des Brunaupark erteilt. Baubeginn f\u00fcr die erste Etappe soll 2021 sein.\",\"breadcrumb\":{\"@id\":\"https:\\\/\\\/www.immobilienbusiness.ch\\\/regionen\\\/2020-04-01\\\/zuerich-gruenes-licht-fuer-brunaupark-projekt\\\/#breadcrumb\"},\"inLanguage\":\"de\",\"potentialAction\":[{\"@type\":\"ReadAction\",\"target\":[\"https:\\\/\\\/www.immobilienbusiness.ch\\\/regionen\\\/2020-04-01\\\/zuerich-gruenes-licht-fuer-brunaupark-projekt\\\/\"]}]},{\"@type\":\"ImageObject\",\"inLanguage\":\"de\",\"@id\":\"https:\\\/\\\/www.immobilienbusiness.ch\\\/regionen\\\/2020-04-01\\\/zuerich-gruenes-licht-fuer-brunaupark-projekt\\\/#primaryimage\",\"url\":\"https:\\\/\\\/www.immobilienbusiness.ch\\\/wp-content\\\/uploads\\\/2019\\\/04\\\/Brunaupark_Ansicht_Giesshuebelstrasse_Ladenzentrum_Medien.jpg\",\"contentUrl\":\"https:\\\/\\\/www.immobilienbusiness.ch\\\/wp-content\\\/uploads\\\/2019\\\/04\\\/Brunaupark_Ansicht_Giesshuebelstrasse_Ladenzentrum_Medien.jpg\",\"width\":2560,\"height\":1869,\"caption\":\"Brunaupark_Ansicht_Giesshuebelstrasse_Ladenzentrum_Medien\"},{\"@type\":\"BreadcrumbList\",\"@id\":\"https:\\\/\\\/www.immobilienbusiness.ch\\\/regionen\\\/2020-04-01\\\/zuerich-gruenes-licht-fuer-brunaupark-projekt\\\/#breadcrumb\",\"itemListElement\":[{\"@type\":\"ListItem\",\"position\":1,\"name\":\"Home\",\"item\":\"https:\\\/\\\/www.immobilienbusiness.ch\\\/\"},{\"@type\":\"ListItem\",\"position\":2,\"name\":\"Z\u00fcrich: Gr\u00fcnes Licht f\u00fcr Brunaupark-Projekt\"}]},{\"@type\":\"WebSite\",\"@id\":\"https:\\\/\\\/www.immobilienbusiness.ch\\\/#website\",\"url\":\"https:\\\/\\\/www.immobilienbusiness.ch\\\/\",\"name\":\"IMMOBILIEN Business\",\"description\":\"Unabh\u00e4ngiges Schweizer Wirtschaftsmagazin mit Fokus auf Immobilien, Architektur- und Bau sowie Investment- und Finanzierung.\",\"publisher\":{\"@id\":\"https:\\\/\\\/www.immobilienbusiness.ch\\\/#organization\"},\"potentialAction\":[{\"@type\":\"SearchAction\",\"target\":{\"@type\":\"EntryPoint\",\"urlTemplate\":\"https:\\\/\\\/www.immobilienbusiness.ch\\\/?s={search_term_string}\"},\"query-input\":{\"@type\":\"PropertyValueSpecification\",\"valueRequired\":true,\"valueName\":\"search_term_string\"}}],\"inLanguage\":\"de\"},{\"@type\":\"Organization\",\"@id\":\"https:\\\/\\\/www.immobilienbusiness.ch\\\/#organization\",\"name\":\"IMMOBILIEN Business\",\"url\":\"https:\\\/\\\/www.immobilienbusiness.ch\\\/\",\"logo\":{\"@type\":\"ImageObject\",\"inLanguage\":\"de\",\"@id\":\"https:\\\/\\\/www.immobilienbusiness.ch\\\/#\\\/schema\\\/logo\\\/image\\\/\",\"url\":\"https:\\\/\\\/www.immobilienbusiness.ch\\\/wp-content\\\/uploads\\\/2021\\\/07\\\/logo_ib.png\",\"contentUrl\":\"https:\\\/\\\/www.immobilienbusiness.ch\\\/wp-content\\\/uploads\\\/2021\\\/07\\\/logo_ib.png\",\"width\":800,\"height\":181,\"caption\":\"IMMOBILIEN Business\"},\"image\":{\"@id\":\"https:\\\/\\\/www.immobilienbusiness.ch\\\/#\\\/schema\\\/logo\\\/image\\\/\"},\"sameAs\":[\"https:\\\/\\\/www.facebook.com\\\/immobilienbusiness\\\/\"]},{\"@type\":\"Person\",\"@id\":\"https:\\\/\\\/www.immobilienbusiness.ch\\\/#\\\/schema\\\/person\\\/3fc036297b10b9f42d6db5ee932af8c8\",\"name\":\"anja.hall\",\"image\":{\"@type\":\"ImageObject\",\"inLanguage\":\"de\",\"@id\":\"https:\\\/\\\/secure.gravatar.com\\\/avatar\\\/066b5a0d447013502c71a5782f4f3469f03cfe595cc2329fb94652fe47511bfb?s=96&d=mm&r=g\",\"url\":\"https:\\\/\\\/secure.gravatar.com\\\/avatar\\\/066b5a0d447013502c71a5782f4f3469f03cfe595cc2329fb94652fe47511bfb?s=96&d=mm&r=g\",\"contentUrl\":\"https:\\\/\\\/secure.gravatar.com\\\/avatar\\\/066b5a0d447013502c71a5782f4f3469f03cfe595cc2329fb94652fe47511bfb?s=96&d=mm&r=g\",\"caption\":\"anja.hall\"},\"url\":\"https:\\\/\\\/www.immobilienbusiness.ch\\\/de\\\/author\\\/anja-hall\\\/\"}]}<\/script>\n<!-- \/ Yoast SEO plugin. -->","yoast_head_json":{"title":"Z\u00fcrich: Gr\u00fcnes Licht f\u00fcr Brunaupark-Projekt - IMMOBILIEN Business","description":"Der Z\u00fcrcher Stadtrat hat die Baubewilligung f\u00fcr die geplante Neu\u00fcberbaung des Brunaupark erteilt. Baubeginn f\u00fcr die erste Etappe soll 2021 sein.","robots":{"index":"index","follow":"follow","max-snippet":"max-snippet:-1","max-image-preview":"max-image-preview:large","max-video-preview":"max-video-preview:-1"},"canonical":"https:\/\/www.immobilienbusiness.ch\/de\/regionen\/2020-04-01\/zuerich-gruenes-licht-fuer-brunaupark-projekt\/","og_locale":"de_DE","og_type":"article","og_title":"Z\u00fcrich: Gr\u00fcnes Licht f\u00fcr Brunaupark-Projekt - IMMOBILIEN Business","og_description":"Der Z\u00fcrcher Stadtrat hat die Baubewilligung f\u00fcr die geplante Neu\u00fcberbaung des Brunaupark erteilt. Baubeginn f\u00fcr die erste Etappe soll 2021 sein.","og_url":"https:\/\/www.immobilienbusiness.ch\/de\/regionen\/2020-04-01\/zuerich-gruenes-licht-fuer-brunaupark-projekt\/","og_site_name":"IMMOBILIEN Business","article_publisher":"https:\/\/www.facebook.com\/immobilienbusiness\/","article_published_time":"2020-04-01T06:45:35+00:00","og_image":[{"width":1024,"height":747,"url":"https:\/\/www.immobilienbusiness.ch\/wp-content\/uploads\/2019\/04\/Brunaupark_Ansicht_Giesshuebelstrasse_Ladenzentrum_Medien-1024x747.jpg","type":"image\/jpeg"}],"author":"anja.hall","twitter_card":"summary_large_image","twitter_image":"https:\/\/www.immobilienbusiness.ch\/wp-content\/uploads\/2019\/04\/Brunaupark_Ansicht_Giesshuebelstrasse_Ladenzentrum_Medien.jpg","schema":{"@context":"https:\/\/schema.org","@graph":[{"@type":"Article","@id":"https:\/\/www.immobilienbusiness.ch\/regionen\/2020-04-01\/zuerich-gruenes-licht-fuer-brunaupark-projekt\/#article","isPartOf":{"@id":"https:\/\/www.immobilienbusiness.ch\/regionen\/2020-04-01\/zuerich-gruenes-licht-fuer-brunaupark-projekt\/"},"author":{"name":"anja.hall","@id":"https:\/\/www.immobilienbusiness.ch\/#\/schema\/person\/3fc036297b10b9f42d6db5ee932af8c8"},"headline":"Z\u00fcrich: Gr\u00fcnes Licht f\u00fcr Brunaupark-Projekt","datePublished":"2020-04-01T06:45:35+00:00","mainEntityOfPage":{"@id":"https:\/\/www.immobilienbusiness.ch\/regionen\/2020-04-01\/zuerich-gruenes-licht-fuer-brunaupark-projekt\/"},"wordCount":147,"publisher":{"@id":"https:\/\/www.immobilienbusiness.ch\/#organization"},"image":{"@id":"https:\/\/www.immobilienbusiness.ch\/regionen\/2020-04-01\/zuerich-gruenes-licht-fuer-brunaupark-projekt\/#primaryimage"},"thumbnailUrl":"https:\/\/www.immobilienbusiness.ch\/wp-content\/uploads\/2019\/04\/Brunaupark_Ansicht_Giesshuebelstrasse_Ladenzentrum_Medien.jpg","keywords":["Credit Suisse","Projekt in Planung","Wohnimmobilien","Z\u00fcrich"],"articleSection":["REGIONEN"],"inLanguage":"de"},{"@type":"WebPage","@id":"https:\/\/www.immobilienbusiness.ch\/regionen\/2020-04-01\/zuerich-gruenes-licht-fuer-brunaupark-projekt\/","url":"https:\/\/www.immobilienbusiness.ch\/regionen\/2020-04-01\/zuerich-gruenes-licht-fuer-brunaupark-projekt\/","name":"Z\u00fcrich: Gr\u00fcnes Licht f\u00fcr Brunaupark-Projekt - IMMOBILIEN Business","isPartOf":{"@id":"https:\/\/www.immobilienbusiness.ch\/#website"},"primaryImageOfPage":{"@id":"https:\/\/www.immobilienbusiness.ch\/regionen\/2020-04-01\/zuerich-gruenes-licht-fuer-brunaupark-projekt\/#primaryimage"},"image":{"@id":"https:\/\/www.immobilienbusiness.ch\/regionen\/2020-04-01\/zuerich-gruenes-licht-fuer-brunaupark-projekt\/#primaryimage"},"thumbnailUrl":"https:\/\/www.immobilienbusiness.ch\/wp-content\/uploads\/2019\/04\/Brunaupark_Ansicht_Giesshuebelstrasse_Ladenzentrum_Medien.jpg","datePublished":"2020-04-01T06:45:35+00:00","description":"Der Z\u00fcrcher Stadtrat hat die Baubewilligung f\u00fcr die geplante Neu\u00fcberbaung des Brunaupark erteilt. Baubeginn f\u00fcr die erste Etappe soll 2021 sein.","breadcrumb":{"@id":"https:\/\/www.immobilienbusiness.ch\/regionen\/2020-04-01\/zuerich-gruenes-licht-fuer-brunaupark-projekt\/#breadcrumb"},"inLanguage":"de","potentialAction":[{"@type":"ReadAction","target":["https:\/\/www.immobilienbusiness.ch\/regionen\/2020-04-01\/zuerich-gruenes-licht-fuer-brunaupark-projekt\/"]}]},{"@type":"ImageObject","inLanguage":"de","@id":"https:\/\/www.immobilienbusiness.ch\/regionen\/2020-04-01\/zuerich-gruenes-licht-fuer-brunaupark-projekt\/#primaryimage","url":"https:\/\/www.immobilienbusiness.ch\/wp-content\/uploads\/2019\/04\/Brunaupark_Ansicht_Giesshuebelstrasse_Ladenzentrum_Medien.jpg","contentUrl":"https:\/\/www.immobilienbusiness.ch\/wp-content\/uploads\/2019\/04\/Brunaupark_Ansicht_Giesshuebelstrasse_Ladenzentrum_Medien.jpg","width":2560,"height":1869,"caption":"Brunaupark_Ansicht_Giesshuebelstrasse_Ladenzentrum_Medien"},{"@type":"BreadcrumbList","@id":"https:\/\/www.immobilienbusiness.ch\/regionen\/2020-04-01\/zuerich-gruenes-licht-fuer-brunaupark-projekt\/#breadcrumb","itemListElement":[{"@type":"ListItem","position":1,"name":"Home","item":"https:\/\/www.immobilienbusiness.ch\/"},{"@type":"ListItem","position":2,"name":"Z\u00fcrich: Gr\u00fcnes Licht f\u00fcr Brunaupark-Projekt"}]},{"@type":"WebSite","@id":"https:\/\/www.immobilienbusiness.ch\/#website","url":"https:\/\/www.immobilienbusiness.ch\/","name":"IMMOBILIEN Business","description":"Unabh\u00e4ngiges Schweizer Wirtschaftsmagazin mit Fokus auf Immobilien, Architektur- und Bau sowie Investment- und Finanzierung.","publisher":{"@id":"https:\/\/www.immobilienbusiness.ch\/#organization"},"potentialAction":[{"@type":"SearchAction","target":{"@type":"EntryPoint","urlTemplate":"https:\/\/www.immobilienbusiness.ch\/?s={search_term_string}"},"query-input":{"@type":"PropertyValueSpecification","valueRequired":true,"valueName":"search_term_string"}}],"inLanguage":"de"},{"@type":"Organization","@id":"https:\/\/www.immobilienbusiness.ch\/#organization","name":"IMMOBILIEN Business","url":"https:\/\/www.immobilienbusiness.ch\/","logo":{"@type":"ImageObject","inLanguage":"de","@id":"https:\/\/www.immobilienbusiness.ch\/#\/schema\/logo\/image\/","url":"https:\/\/www.immobilienbusiness.ch\/wp-content\/uploads\/2021\/07\/logo_ib.png","contentUrl":"https:\/\/www.immobilienbusiness.ch\/wp-content\/uploads\/2021\/07\/logo_ib.png","width":800,"height":181,"caption":"IMMOBILIEN Business"},"image":{"@id":"https:\/\/www.immobilienbusiness.ch\/#\/schema\/logo\/image\/"},"sameAs":["https:\/\/www.facebook.com\/immobilienbusiness\/"]},{"@type":"Person","@id":"https:\/\/www.immobilienbusiness.ch\/#\/schema\/person\/3fc036297b10b9f42d6db5ee932af8c8","name":"anja.hall","image":{"@type":"ImageObject","inLanguage":"de","@id":"https:\/\/secure.gravatar.com\/avatar\/066b5a0d447013502c71a5782f4f3469f03cfe595cc2329fb94652fe47511bfb?s=96&d=mm&r=g","url":"https:\/\/secure.gravatar.com\/avatar\/066b5a0d447013502c71a5782f4f3469f03cfe595cc2329fb94652fe47511bfb?s=96&d=mm&r=g","contentUrl":"https:\/\/secure.gravatar.com\/avatar\/066b5a0d447013502c71a5782f4f3469f03cfe595cc2329fb94652fe47511bfb?s=96&d=mm&r=g","caption":"anja.hall"},"url":"https:\/\/www.immobilienbusiness.ch\/de\/author\/anja-hall\/"}]}},"_links":{"self":[{"href":"https:\/\/www.immobilienbusiness.ch\/de\/wp-json\/wp\/v2\/posts\/20725","targetHints":{"allow":["GET"]}}],"collection":[{"href":"https:\/\/www.immobilienbusiness.ch\/de\/wp-json\/wp\/v2\/posts"}],"about":[{"href":"https:\/\/www.immobilienbusiness.ch\/de\/wp-json\/wp\/v2\/types\/post"}],"author":[{"embeddable":true,"href":"https:\/\/www.immobilienbusiness.ch\/de\/wp-json\/wp\/v2\/users\/3"}],"replies":[{"embeddable":true,"href":"https:\/\/www.immobilienbusiness.ch\/de\/wp-json\/wp\/v2\/comments?post=20725"}],"version-history":[{"count":0,"href":"https:\/\/www.immobilienbusiness.ch\/de\/wp-json\/wp\/v2\/posts\/20725\/revisions"}],"wp:featuredmedia":[{"embeddable":true,"href":"https:\/\/www.immobilienbusiness.ch\/de\/wp-json\/wp\/v2\/media\/16502"}],"wp:attachment":[{"href":"https:\/\/www.immobilienbusiness.ch\/de\/wp-json\/wp\/v2\/media?parent=20725"}],"wp:term":[{"taxonomy":"category","embeddable":true,"href":"https:\/\/www.immobilienbusiness.ch\/de\/wp-json\/wp\/v2\/categories?post=20725"},{"taxonomy":"post_tag","embeddable":true,"href":"https:\/\/www.immobilienbusiness.ch\/de\/wp-json\/wp\/v2\/tags?post=20725"}],"curies":[{"name":"wp","href":"https:\/\/api.w.org\/{rel}","templated":true}]}}