{"id":20707,"date":"2020-03-31T08:45:09","date_gmt":"2020-03-31T06:45:09","guid":{"rendered":"https:\/\/www.immobilienbusiness.ch\/?p=20707"},"modified":"2023-08-09T21:52:22","modified_gmt":"2023-08-09T19:52:22","slug":"neue-sber-trading-swiss-ag-mit-hauptsitz-in-zug","status":"publish","type":"post","link":"https:\/\/www.immobilienbusiness.ch\/de\/regionen\/2020-03-31\/neue-sber-trading-swiss-ag-mit-hauptsitz-in-zug\/","title":{"rendered":"Neue Sber Trading Swiss AG mit Hauptsitz in Zug"},"content":{"rendered":"<figure id=\"attachment_20708\" aria-describedby=\"caption-attachment-20708\" style=\"width: 300px\" class=\"wp-caption alignnone\"><img loading=\"lazy\" decoding=\"async\" class=\"wp-image-20708 size-medium\" src=\"https:\/\/www.immobilienbusiness.ch\/wp-content\/uploads\/2020\/03\/MM_SPG-IC_Alpenstrasse-Zug-300x200.jpg\" alt=\"Sber Trading\" width=\"300\" height=\"200\" srcset=\"https:\/\/www.immobilienbusiness.ch\/wp-content\/uploads\/2020\/03\/MM_SPG-IC_Alpenstrasse-Zug-300x200.jpg 300w, https:\/\/www.immobilienbusiness.ch\/wp-content\/uploads\/2020\/03\/MM_SPG-IC_Alpenstrasse-Zug-1024x682.jpg 1024w, https:\/\/www.immobilienbusiness.ch\/wp-content\/uploads\/2020\/03\/MM_SPG-IC_Alpenstrasse-Zug-768x512.jpg 768w, https:\/\/www.immobilienbusiness.ch\/wp-content\/uploads\/2020\/03\/MM_SPG-IC_Alpenstrasse-Zug-16x12.jpg 16w, https:\/\/www.immobilienbusiness.ch\/wp-content\/uploads\/2020\/03\/MM_SPG-IC_Alpenstrasse-Zug-263x175.jpg 263w, https:\/\/www.immobilienbusiness.ch\/wp-content\/uploads\/2020\/03\/MM_SPG-IC_Alpenstrasse-Zug-525x350.jpg 525w, https:\/\/www.immobilienbusiness.ch\/wp-content\/uploads\/2020\/03\/MM_SPG-IC_Alpenstrasse-Zug-920x613.jpg 920w, https:\/\/www.immobilienbusiness.ch\/wp-content\/uploads\/2020\/03\/MM_SPG-IC_Alpenstrasse-Zug.jpg 1181w\" sizes=\"auto, (max-width: 300px) 100vw, 300px\" \/><figcaption id=\"caption-attachment-20708\" class=\"wp-caption-text\">Sber Trading mietet in der Alpenstrasse in Zug (Bild: SPG Intercity Zurich)<\/figcaption><\/figure>\n<p>Die Sber Trading Swiss AG hat eine rund 266 qm grosse B\u00fcrofl\u00e4che an der Alpenstrasse 9 in Zug angemietet. Die Immobilie liegt direkt am Bahnhof und ist nur wenige Schritte von der Seepromenade entfernt. Die Sber Trading Swiss AG, im Februar 2020 gegr\u00fcndete und im Rohstoffhandel t\u00e4tige Tochtergesellschaft der international t\u00e4tigen Sberbank, beauftragte SPG Intercity Zurich mit der Suche nach einem Standort in Zug.<\/p>\n<p>Der Immobiliendienstleister konnte eine geeignete Fl\u00e4che im Rohbau vermitteln, \u00fcbernahm die Mietvertragsverhandlungen und vermittelte einen Architekten, der die R\u00e4umlichkeiten nach Kundenwunsch ausbaute. Wie SPG Intercity mitteilt, ben\u00f6tigte der Prozess vom Projekt-Kickoff bis zur Schl\u00fcssel\u00fcbergabe nur vier Monate. <em>(bw)<\/em><\/p>\n","protected":false},"excerpt":{"rendered":"<p>Die neu gegr\u00fcndete Sherbank-Tochter mietet B\u00fcrofl\u00e4chen in Zuger Toplage.<\/p>\n","protected":false},"author":3,"featured_media":20708,"comment_status":"closed","ping_status":"closed","sticky":false,"template":"","format":"standard","meta":{"_acf_changed":false,"_yoast_wpseo_focuskw":"Sber Trading","_yoast_wpseo_title":"","_yoast_wpseo_metadesc":"Die neu gegr\u00fcndete Sherbank-Tochter mietet B\u00fcrofl\u00e4chen in Zuger Toplage.","_yoast_wpseo_linkdex":44,"pgc_sgb_lightbox_settings":"","footnotes":""},"categories":[985],"tags":[1119,1717,1832,1884],"class_list":["post-20707","post","type-post","status-publish","format-standard","has-post-thumbnail","hentry","category-regionen","tag-bueroimmobilien","tag-spg-intercity","tag-vermietung","tag-zug"],"acf":[],"yoast_head":"<!-- This site is optimized with the Yoast SEO plugin v27.4 - https:\/\/yoast.com\/product\/yoast-seo-wordpress\/ -->\n<title>Neue Sber Trading Swiss AG mit Hauptsitz in Zug - IMMOBILIEN Business<\/title>\n<meta name=\"description\" content=\"Die neu gegr\u00fcndete Sherbank-Tochter mietet B\u00fcrofl\u00e4chen in Zuger Toplage.\" \/>\n<meta name=\"robots\" content=\"index, follow, max-snippet:-1, max-image-preview:large, max-video-preview:-1\" \/>\n<link rel=\"canonical\" href=\"https:\/\/www.immobilienbusiness.ch\/de\/regionen\/2020-03-31\/neue-sber-trading-swiss-ag-mit-hauptsitz-in-zug\/\" \/>\n<meta property=\"og:locale\" content=\"de_DE\" \/>\n<meta property=\"og:type\" content=\"article\" \/>\n<meta property=\"og:title\" content=\"Neue Sber Trading Swiss AG mit Hauptsitz in Zug - IMMOBILIEN Business\" \/>\n<meta property=\"og:description\" content=\"Die neu gegr\u00fcndete Sherbank-Tochter mietet B\u00fcrofl\u00e4chen in Zuger Toplage.\" \/>\n<meta property=\"og:url\" content=\"https:\/\/www.immobilienbusiness.ch\/de\/regionen\/2020-03-31\/neue-sber-trading-swiss-ag-mit-hauptsitz-in-zug\/\" \/>\n<meta property=\"og:site_name\" content=\"IMMOBILIEN Business\" \/>\n<meta property=\"article:publisher\" content=\"https:\/\/www.facebook.com\/immobilienbusiness\/\" \/>\n<meta property=\"article:published_time\" content=\"2020-03-31T06:45:09+00:00\" \/>\n<meta property=\"article:modified_time\" content=\"2023-08-09T19:52:22+00:00\" \/>\n<meta property=\"og:image\" content=\"https:\/\/www.immobilienbusiness.ch\/wp-content\/uploads\/2020\/03\/MM_SPG-IC_Alpenstrasse-Zug.jpg\" \/>\n\t<meta property=\"og:image:width\" content=\"1181\" \/>\n\t<meta property=\"og:image:height\" content=\"787\" \/>\n\t<meta property=\"og:image:type\" content=\"image\/jpeg\" \/>\n<meta name=\"author\" content=\"anja.hall\" \/>\n<meta name=\"twitter:card\" content=\"summary_large_image\" \/>\n<meta name=\"twitter:image\" content=\"https:\/\/www.immobilienbusiness.ch\/wp-content\/uploads\/2020\/03\/MM_SPG-IC_Alpenstrasse-Zug.jpg\" \/>\n<script type=\"application\/ld+json\" class=\"yoast-schema-graph\">{\"@context\":\"https:\\\/\\\/schema.org\",\"@graph\":[{\"@type\":\"Article\",\"@id\":\"https:\\\/\\\/www.immobilienbusiness.ch\\\/de\\\/regionen\\\/2020-03-31\\\/neue-sber-trading-swiss-ag-mit-hauptsitz-in-zug\\\/#article\",\"isPartOf\":{\"@id\":\"https:\\\/\\\/www.immobilienbusiness.ch\\\/de\\\/regionen\\\/2020-03-31\\\/neue-sber-trading-swiss-ag-mit-hauptsitz-in-zug\\\/\"},\"author\":{\"name\":\"anja.hall\",\"@id\":\"https:\\\/\\\/www.immobilienbusiness.ch\\\/#\\\/schema\\\/person\\\/3fc036297b10b9f42d6db5ee932af8c8\"},\"headline\":\"Neue Sber Trading Swiss AG mit Hauptsitz in Zug\",\"datePublished\":\"2020-03-31T06:45:09+00:00\",\"dateModified\":\"2023-08-09T19:52:22+00:00\",\"mainEntityOfPage\":{\"@id\":\"https:\\\/\\\/www.immobilienbusiness.ch\\\/de\\\/regionen\\\/2020-03-31\\\/neue-sber-trading-swiss-ag-mit-hauptsitz-in-zug\\\/\"},\"wordCount\":137,\"publisher\":{\"@id\":\"https:\\\/\\\/www.immobilienbusiness.ch\\\/#organization\"},\"image\":{\"@id\":\"https:\\\/\\\/www.immobilienbusiness.ch\\\/de\\\/regionen\\\/2020-03-31\\\/neue-sber-trading-swiss-ag-mit-hauptsitz-in-zug\\\/#primaryimage\"},\"thumbnailUrl\":\"https:\\\/\\\/www.immobilienbusiness.ch\\\/wp-content\\\/uploads\\\/2020\\\/03\\\/MM_SPG-IC_Alpenstrasse-Zug.jpg\",\"keywords\":[\"B\u00fcroimmobilien\",\"SPG Intercity\",\"Vermietung\",\"Zug\"],\"articleSection\":[\"REGIONEN\"],\"inLanguage\":\"de\"},{\"@type\":\"WebPage\",\"@id\":\"https:\\\/\\\/www.immobilienbusiness.ch\\\/de\\\/regionen\\\/2020-03-31\\\/neue-sber-trading-swiss-ag-mit-hauptsitz-in-zug\\\/\",\"url\":\"https:\\\/\\\/www.immobilienbusiness.ch\\\/de\\\/regionen\\\/2020-03-31\\\/neue-sber-trading-swiss-ag-mit-hauptsitz-in-zug\\\/\",\"name\":\"Neue Sber Trading Swiss AG mit Hauptsitz in Zug - IMMOBILIEN Business\",\"isPartOf\":{\"@id\":\"https:\\\/\\\/www.immobilienbusiness.ch\\\/#website\"},\"primaryImageOfPage\":{\"@id\":\"https:\\\/\\\/www.immobilienbusiness.ch\\\/de\\\/regionen\\\/2020-03-31\\\/neue-sber-trading-swiss-ag-mit-hauptsitz-in-zug\\\/#primaryimage\"},\"image\":{\"@id\":\"https:\\\/\\\/www.immobilienbusiness.ch\\\/de\\\/regionen\\\/2020-03-31\\\/neue-sber-trading-swiss-ag-mit-hauptsitz-in-zug\\\/#primaryimage\"},\"thumbnailUrl\":\"https:\\\/\\\/www.immobilienbusiness.ch\\\/wp-content\\\/uploads\\\/2020\\\/03\\\/MM_SPG-IC_Alpenstrasse-Zug.jpg\",\"datePublished\":\"2020-03-31T06:45:09+00:00\",\"dateModified\":\"2023-08-09T19:52:22+00:00\",\"description\":\"Die neu gegr\u00fcndete Sherbank-Tochter mietet B\u00fcrofl\u00e4chen in Zuger Toplage.\",\"breadcrumb\":{\"@id\":\"https:\\\/\\\/www.immobilienbusiness.ch\\\/de\\\/regionen\\\/2020-03-31\\\/neue-sber-trading-swiss-ag-mit-hauptsitz-in-zug\\\/#breadcrumb\"},\"inLanguage\":\"de\",\"potentialAction\":[{\"@type\":\"ReadAction\",\"target\":[\"https:\\\/\\\/www.immobilienbusiness.ch\\\/de\\\/regionen\\\/2020-03-31\\\/neue-sber-trading-swiss-ag-mit-hauptsitz-in-zug\\\/\"]}]},{\"@type\":\"ImageObject\",\"inLanguage\":\"de\",\"@id\":\"https:\\\/\\\/www.immobilienbusiness.ch\\\/de\\\/regionen\\\/2020-03-31\\\/neue-sber-trading-swiss-ag-mit-hauptsitz-in-zug\\\/#primaryimage\",\"url\":\"https:\\\/\\\/www.immobilienbusiness.ch\\\/wp-content\\\/uploads\\\/2020\\\/03\\\/MM_SPG-IC_Alpenstrasse-Zug.jpg\",\"contentUrl\":\"https:\\\/\\\/www.immobilienbusiness.ch\\\/wp-content\\\/uploads\\\/2020\\\/03\\\/MM_SPG-IC_Alpenstrasse-Zug.jpg\",\"width\":1181,\"height\":787,\"caption\":\"Alpenstrasse-Zug (Bild: SPG Intercity Zurich)\"},{\"@type\":\"BreadcrumbList\",\"@id\":\"https:\\\/\\\/www.immobilienbusiness.ch\\\/de\\\/regionen\\\/2020-03-31\\\/neue-sber-trading-swiss-ag-mit-hauptsitz-in-zug\\\/#breadcrumb\",\"itemListElement\":[{\"@type\":\"ListItem\",\"position\":1,\"name\":\"Home\",\"item\":\"https:\\\/\\\/www.immobilienbusiness.ch\\\/\"},{\"@type\":\"ListItem\",\"position\":2,\"name\":\"Neue Sber Trading Swiss AG mit Hauptsitz in Zug\"}]},{\"@type\":\"WebSite\",\"@id\":\"https:\\\/\\\/www.immobilienbusiness.ch\\\/#website\",\"url\":\"https:\\\/\\\/www.immobilienbusiness.ch\\\/\",\"name\":\"IMMOBILIEN Business\",\"description\":\"Unabh\u00e4ngiges Schweizer Wirtschaftsmagazin mit Fokus auf Immobilien, Architektur- und Bau sowie Investment- und Finanzierung.\",\"publisher\":{\"@id\":\"https:\\\/\\\/www.immobilienbusiness.ch\\\/#organization\"},\"potentialAction\":[{\"@type\":\"SearchAction\",\"target\":{\"@type\":\"EntryPoint\",\"urlTemplate\":\"https:\\\/\\\/www.immobilienbusiness.ch\\\/?s={search_term_string}\"},\"query-input\":{\"@type\":\"PropertyValueSpecification\",\"valueRequired\":true,\"valueName\":\"search_term_string\"}}],\"inLanguage\":\"de\"},{\"@type\":\"Organization\",\"@id\":\"https:\\\/\\\/www.immobilienbusiness.ch\\\/#organization\",\"name\":\"IMMOBILIEN Business\",\"url\":\"https:\\\/\\\/www.immobilienbusiness.ch\\\/\",\"logo\":{\"@type\":\"ImageObject\",\"inLanguage\":\"de\",\"@id\":\"https:\\\/\\\/www.immobilienbusiness.ch\\\/#\\\/schema\\\/logo\\\/image\\\/\",\"url\":\"https:\\\/\\\/www.immobilienbusiness.ch\\\/wp-content\\\/uploads\\\/2021\\\/07\\\/logo_ib.png\",\"contentUrl\":\"https:\\\/\\\/www.immobilienbusiness.ch\\\/wp-content\\\/uploads\\\/2021\\\/07\\\/logo_ib.png\",\"width\":800,\"height\":181,\"caption\":\"IMMOBILIEN Business\"},\"image\":{\"@id\":\"https:\\\/\\\/www.immobilienbusiness.ch\\\/#\\\/schema\\\/logo\\\/image\\\/\"},\"sameAs\":[\"https:\\\/\\\/www.facebook.com\\\/immobilienbusiness\\\/\"]},{\"@type\":\"Person\",\"@id\":\"https:\\\/\\\/www.immobilienbusiness.ch\\\/#\\\/schema\\\/person\\\/3fc036297b10b9f42d6db5ee932af8c8\",\"name\":\"anja.hall\",\"image\":{\"@type\":\"ImageObject\",\"inLanguage\":\"de\",\"@id\":\"https:\\\/\\\/secure.gravatar.com\\\/avatar\\\/066b5a0d447013502c71a5782f4f3469f03cfe595cc2329fb94652fe47511bfb?s=96&d=mm&r=g\",\"url\":\"https:\\\/\\\/secure.gravatar.com\\\/avatar\\\/066b5a0d447013502c71a5782f4f3469f03cfe595cc2329fb94652fe47511bfb?s=96&d=mm&r=g\",\"contentUrl\":\"https:\\\/\\\/secure.gravatar.com\\\/avatar\\\/066b5a0d447013502c71a5782f4f3469f03cfe595cc2329fb94652fe47511bfb?s=96&d=mm&r=g\",\"caption\":\"anja.hall\"},\"url\":\"https:\\\/\\\/www.immobilienbusiness.ch\\\/de\\\/author\\\/anja-hall\\\/\"}]}<\/script>\n<!-- \/ Yoast SEO plugin. -->","yoast_head_json":{"title":"Neue Sber Trading Swiss AG mit Hauptsitz in Zug - IMMOBILIEN Business","description":"Die neu gegr\u00fcndete Sherbank-Tochter mietet B\u00fcrofl\u00e4chen in Zuger Toplage.","robots":{"index":"index","follow":"follow","max-snippet":"max-snippet:-1","max-image-preview":"max-image-preview:large","max-video-preview":"max-video-preview:-1"},"canonical":"https:\/\/www.immobilienbusiness.ch\/de\/regionen\/2020-03-31\/neue-sber-trading-swiss-ag-mit-hauptsitz-in-zug\/","og_locale":"de_DE","og_type":"article","og_title":"Neue Sber Trading Swiss AG mit Hauptsitz in Zug - IMMOBILIEN Business","og_description":"Die neu gegr\u00fcndete Sherbank-Tochter mietet B\u00fcrofl\u00e4chen in Zuger Toplage.","og_url":"https:\/\/www.immobilienbusiness.ch\/de\/regionen\/2020-03-31\/neue-sber-trading-swiss-ag-mit-hauptsitz-in-zug\/","og_site_name":"IMMOBILIEN Business","article_publisher":"https:\/\/www.facebook.com\/immobilienbusiness\/","article_published_time":"2020-03-31T06:45:09+00:00","article_modified_time":"2023-08-09T19:52:22+00:00","og_image":[{"width":1181,"height":787,"url":"https:\/\/www.immobilienbusiness.ch\/wp-content\/uploads\/2020\/03\/MM_SPG-IC_Alpenstrasse-Zug.jpg","type":"image\/jpeg"}],"author":"anja.hall","twitter_card":"summary_large_image","twitter_image":"https:\/\/www.immobilienbusiness.ch\/wp-content\/uploads\/2020\/03\/MM_SPG-IC_Alpenstrasse-Zug.jpg","schema":{"@context":"https:\/\/schema.org","@graph":[{"@type":"Article","@id":"https:\/\/www.immobilienbusiness.ch\/de\/regionen\/2020-03-31\/neue-sber-trading-swiss-ag-mit-hauptsitz-in-zug\/#article","isPartOf":{"@id":"https:\/\/www.immobilienbusiness.ch\/de\/regionen\/2020-03-31\/neue-sber-trading-swiss-ag-mit-hauptsitz-in-zug\/"},"author":{"name":"anja.hall","@id":"https:\/\/www.immobilienbusiness.ch\/#\/schema\/person\/3fc036297b10b9f42d6db5ee932af8c8"},"headline":"Neue Sber Trading Swiss AG mit Hauptsitz in Zug","datePublished":"2020-03-31T06:45:09+00:00","dateModified":"2023-08-09T19:52:22+00:00","mainEntityOfPage":{"@id":"https:\/\/www.immobilienbusiness.ch\/de\/regionen\/2020-03-31\/neue-sber-trading-swiss-ag-mit-hauptsitz-in-zug\/"},"wordCount":137,"publisher":{"@id":"https:\/\/www.immobilienbusiness.ch\/#organization"},"image":{"@id":"https:\/\/www.immobilienbusiness.ch\/de\/regionen\/2020-03-31\/neue-sber-trading-swiss-ag-mit-hauptsitz-in-zug\/#primaryimage"},"thumbnailUrl":"https:\/\/www.immobilienbusiness.ch\/wp-content\/uploads\/2020\/03\/MM_SPG-IC_Alpenstrasse-Zug.jpg","keywords":["B\u00fcroimmobilien","SPG Intercity","Vermietung","Zug"],"articleSection":["REGIONEN"],"inLanguage":"de"},{"@type":"WebPage","@id":"https:\/\/www.immobilienbusiness.ch\/de\/regionen\/2020-03-31\/neue-sber-trading-swiss-ag-mit-hauptsitz-in-zug\/","url":"https:\/\/www.immobilienbusiness.ch\/de\/regionen\/2020-03-31\/neue-sber-trading-swiss-ag-mit-hauptsitz-in-zug\/","name":"Neue Sber Trading Swiss AG mit Hauptsitz in Zug - IMMOBILIEN Business","isPartOf":{"@id":"https:\/\/www.immobilienbusiness.ch\/#website"},"primaryImageOfPage":{"@id":"https:\/\/www.immobilienbusiness.ch\/de\/regionen\/2020-03-31\/neue-sber-trading-swiss-ag-mit-hauptsitz-in-zug\/#primaryimage"},"image":{"@id":"https:\/\/www.immobilienbusiness.ch\/de\/regionen\/2020-03-31\/neue-sber-trading-swiss-ag-mit-hauptsitz-in-zug\/#primaryimage"},"thumbnailUrl":"https:\/\/www.immobilienbusiness.ch\/wp-content\/uploads\/2020\/03\/MM_SPG-IC_Alpenstrasse-Zug.jpg","datePublished":"2020-03-31T06:45:09+00:00","dateModified":"2023-08-09T19:52:22+00:00","description":"Die neu gegr\u00fcndete Sherbank-Tochter mietet B\u00fcrofl\u00e4chen in Zuger Toplage.","breadcrumb":{"@id":"https:\/\/www.immobilienbusiness.ch\/de\/regionen\/2020-03-31\/neue-sber-trading-swiss-ag-mit-hauptsitz-in-zug\/#breadcrumb"},"inLanguage":"de","potentialAction":[{"@type":"ReadAction","target":["https:\/\/www.immobilienbusiness.ch\/de\/regionen\/2020-03-31\/neue-sber-trading-swiss-ag-mit-hauptsitz-in-zug\/"]}]},{"@type":"ImageObject","inLanguage":"de","@id":"https:\/\/www.immobilienbusiness.ch\/de\/regionen\/2020-03-31\/neue-sber-trading-swiss-ag-mit-hauptsitz-in-zug\/#primaryimage","url":"https:\/\/www.immobilienbusiness.ch\/wp-content\/uploads\/2020\/03\/MM_SPG-IC_Alpenstrasse-Zug.jpg","contentUrl":"https:\/\/www.immobilienbusiness.ch\/wp-content\/uploads\/2020\/03\/MM_SPG-IC_Alpenstrasse-Zug.jpg","width":1181,"height":787,"caption":"Alpenstrasse-Zug (Bild: SPG Intercity Zurich)"},{"@type":"BreadcrumbList","@id":"https:\/\/www.immobilienbusiness.ch\/de\/regionen\/2020-03-31\/neue-sber-trading-swiss-ag-mit-hauptsitz-in-zug\/#breadcrumb","itemListElement":[{"@type":"ListItem","position":1,"name":"Home","item":"https:\/\/www.immobilienbusiness.ch\/"},{"@type":"ListItem","position":2,"name":"Neue Sber Trading Swiss AG mit Hauptsitz in Zug"}]},{"@type":"WebSite","@id":"https:\/\/www.immobilienbusiness.ch\/#website","url":"https:\/\/www.immobilienbusiness.ch\/","name":"IMMOBILIEN Business","description":"Unabh\u00e4ngiges Schweizer Wirtschaftsmagazin mit Fokus auf Immobilien, Architektur- und Bau sowie Investment- und Finanzierung.","publisher":{"@id":"https:\/\/www.immobilienbusiness.ch\/#organization"},"potentialAction":[{"@type":"SearchAction","target":{"@type":"EntryPoint","urlTemplate":"https:\/\/www.immobilienbusiness.ch\/?s={search_term_string}"},"query-input":{"@type":"PropertyValueSpecification","valueRequired":true,"valueName":"search_term_string"}}],"inLanguage":"de"},{"@type":"Organization","@id":"https:\/\/www.immobilienbusiness.ch\/#organization","name":"IMMOBILIEN Business","url":"https:\/\/www.immobilienbusiness.ch\/","logo":{"@type":"ImageObject","inLanguage":"de","@id":"https:\/\/www.immobilienbusiness.ch\/#\/schema\/logo\/image\/","url":"https:\/\/www.immobilienbusiness.ch\/wp-content\/uploads\/2021\/07\/logo_ib.png","contentUrl":"https:\/\/www.immobilienbusiness.ch\/wp-content\/uploads\/2021\/07\/logo_ib.png","width":800,"height":181,"caption":"IMMOBILIEN Business"},"image":{"@id":"https:\/\/www.immobilienbusiness.ch\/#\/schema\/logo\/image\/"},"sameAs":["https:\/\/www.facebook.com\/immobilienbusiness\/"]},{"@type":"Person","@id":"https:\/\/www.immobilienbusiness.ch\/#\/schema\/person\/3fc036297b10b9f42d6db5ee932af8c8","name":"anja.hall","image":{"@type":"ImageObject","inLanguage":"de","@id":"https:\/\/secure.gravatar.com\/avatar\/066b5a0d447013502c71a5782f4f3469f03cfe595cc2329fb94652fe47511bfb?s=96&d=mm&r=g","url":"https:\/\/secure.gravatar.com\/avatar\/066b5a0d447013502c71a5782f4f3469f03cfe595cc2329fb94652fe47511bfb?s=96&d=mm&r=g","contentUrl":"https:\/\/secure.gravatar.com\/avatar\/066b5a0d447013502c71a5782f4f3469f03cfe595cc2329fb94652fe47511bfb?s=96&d=mm&r=g","caption":"anja.hall"},"url":"https:\/\/www.immobilienbusiness.ch\/de\/author\/anja-hall\/"}]}},"_links":{"self":[{"href":"https:\/\/www.immobilienbusiness.ch\/de\/wp-json\/wp\/v2\/posts\/20707","targetHints":{"allow":["GET"]}}],"collection":[{"href":"https:\/\/www.immobilienbusiness.ch\/de\/wp-json\/wp\/v2\/posts"}],"about":[{"href":"https:\/\/www.immobilienbusiness.ch\/de\/wp-json\/wp\/v2\/types\/post"}],"author":[{"embeddable":true,"href":"https:\/\/www.immobilienbusiness.ch\/de\/wp-json\/wp\/v2\/users\/3"}],"replies":[{"embeddable":true,"href":"https:\/\/www.immobilienbusiness.ch\/de\/wp-json\/wp\/v2\/comments?post=20707"}],"version-history":[{"count":2,"href":"https:\/\/www.immobilienbusiness.ch\/de\/wp-json\/wp\/v2\/posts\/20707\/revisions"}],"predecessor-version":[{"id":51875,"href":"https:\/\/www.immobilienbusiness.ch\/de\/wp-json\/wp\/v2\/posts\/20707\/revisions\/51875"}],"wp:featuredmedia":[{"embeddable":true,"href":"https:\/\/www.immobilienbusiness.ch\/de\/wp-json\/wp\/v2\/media\/20708"}],"wp:attachment":[{"href":"https:\/\/www.immobilienbusiness.ch\/de\/wp-json\/wp\/v2\/media?parent=20707"}],"wp:term":[{"taxonomy":"category","embeddable":true,"href":"https:\/\/www.immobilienbusiness.ch\/de\/wp-json\/wp\/v2\/categories?post=20707"},{"taxonomy":"post_tag","embeddable":true,"href":"https:\/\/www.immobilienbusiness.ch\/de\/wp-json\/wp\/v2\/tags?post=20707"}],"curies":[{"name":"wp","href":"https:\/\/api.w.org\/{rel}","templated":true}]}}