{"id":20652,"date":"2020-03-26T08:18:41","date_gmt":"2020-03-26T07:18:41","guid":{"rendered":"https:\/\/www.immobilienbusiness.ch\/?p=20652"},"modified":"2020-03-26T08:18:41","modified_gmt":"2020-03-26T07:18:41","slug":"patrik-stillhart-wird-ceo-von-zug-estates","status":"publish","type":"post","link":"https:\/\/www.immobilienbusiness.ch\/de\/unternehmen\/2020-03-26\/patrik-stillhart-wird-ceo-von-zug-estates\/","title":{"rendered":"Patrik Stillhart wechselt als CEO zu Zug Estates"},"content":{"rendered":"<figure id=\"attachment_20653\" aria-describedby=\"caption-attachment-20653\" style=\"width: 680px\" class=\"wp-caption alignnone\"><img loading=\"lazy\" decoding=\"async\" class=\"size-medium wp-image-20653\" src=\"https:\/\/www.immobilienbusiness.ch\/wp-content\/uploads\/2020\/03\/Portrait-Patrik-Stillhart.jpg\" alt=\"\" width=\"680\" height=\"453\" srcset=\"https:\/\/www.immobilienbusiness.ch\/wp-content\/uploads\/2020\/03\/Portrait-Patrik-Stillhart.jpg 1898w, https:\/\/www.immobilienbusiness.ch\/wp-content\/uploads\/2020\/03\/Portrait-Patrik-Stillhart-300x200.jpg 300w, https:\/\/www.immobilienbusiness.ch\/wp-content\/uploads\/2020\/03\/Portrait-Patrik-Stillhart-1024x682.jpg 1024w, https:\/\/www.immobilienbusiness.ch\/wp-content\/uploads\/2020\/03\/Portrait-Patrik-Stillhart-768x512.jpg 768w, https:\/\/www.immobilienbusiness.ch\/wp-content\/uploads\/2020\/03\/Portrait-Patrik-Stillhart-1536x1024.jpg 1536w, https:\/\/www.immobilienbusiness.ch\/wp-content\/uploads\/2020\/03\/Portrait-Patrik-Stillhart-16x12.jpg 16w, https:\/\/www.immobilienbusiness.ch\/wp-content\/uploads\/2020\/03\/Portrait-Patrik-Stillhart-263x175.jpg 263w, https:\/\/www.immobilienbusiness.ch\/wp-content\/uploads\/2020\/03\/Portrait-Patrik-Stillhart-525x350.jpg 525w, https:\/\/www.immobilienbusiness.ch\/wp-content\/uploads\/2020\/03\/Portrait-Patrik-Stillhart-1200x800.jpg 1200w, https:\/\/www.immobilienbusiness.ch\/wp-content\/uploads\/2020\/03\/Portrait-Patrik-Stillhart-920x613.jpg 920w, https:\/\/www.immobilienbusiness.ch\/wp-content\/uploads\/2020\/03\/Portrait-Patrik-Stillhart-1400x933.jpg 1400w\" sizes=\"auto, (max-width: 680px) 100vw, 680px\" \/><figcaption id=\"caption-attachment-20653\" class=\"wp-caption-text\">Patrik Stillhart (Quelle: Zug Estates)<\/figcaption><\/figure>\n<p>Patrik Stillhart (Jahrgang 1974) werde per 1. August die Leitung von Zug Estates \u00fcbernehmen, teilt die Immobiliengesellschaft mit. Aufgrund seiner ausgezeichneten Kenntnisse des Schweizer Immobilienmarkts, seines unternehmerischen Erfolgsausweises und seiner Vernetzung in der Region sei er aus Sicht des Verwaltungsrats eine ideale Besetzung.<\/p>\n<p>Stillhart ist seit der Gr\u00fcndung von JLL Schweiz im Februar 2011 Managing Director des Immobiliendienstleisters. Das Team bedauere seinen Ausstieg sehr, danke ihm f\u00fcr sein langj\u00e4hriges grosses Engagement im Unternehmen und w\u00fcnsche ihm f\u00fcr die Zukunft viel Erfolg und alles Gute, so Jan Eckert, CEO von JLL Schweiz.<\/p>\n<p>Seine berufliche Laufbahn begann Stillhart im Jahr 2001 bei Ernst Basler + Partner in Z\u00fcrich. 2005 wechselte er in das Immobilienteam von Ernst &amp; Young und sp\u00e4ter zu Sal. Oppenheim jr. &amp; Cie. Corporate Finance, wo er verschiedene Positionen, auch mit Managementverantwortung, innehatte. Das Sal.-Oppenheim-Team wechselte 2011 zu Jones Lang LaSalle. Stillhart hat Bauingenieurwissenschaften an der ETH Z\u00fcrich studiert und ein Nachdiplomstudium als Immobilien\u00f6konom an der European Business School (ebs) absolviert. Seit 2006 ist er Mitglied bei der Royal Institution of Chartered Surveyors (RICS).<\/p>\n<p>Als CEO von Zug Estates folgt Stillhart auf Tobias Achermann,<a href=\"https:\/\/www.immobilienbusiness.ch\/zug-estates-tobias-achermann-tritt-als-ceo-zurueck\/\"> der im Juli 2019 angek\u00fcndigt hatte, aus dem Unternehmen auszuscheiden.<\/a> Achermann wird sein Amt bis zum 8. Mai 2020 aus\u00fcben. Interimistisch \u00fcbernimmt CFO Mirko K\u00e4ppeli die Funktion als CEO bis zum Eintritt Stillharts. <em>(ah)<\/em><\/p>\n","protected":false},"excerpt":{"rendered":"<p>Die Zug Estates Gruppe hat mit Patrik Stillhart einen neuen CEO gefunden. Stillhart, derzeit Managing Director und stellvertretender CEO bei JLL Schweiz, folgt auf Tobias Achermann, der Zug Estates verl\u00e4sst.<\/p>\n","protected":false},"author":3,"featured_media":20653,"comment_status":"closed","ping_status":"open","sticky":false,"template":"","format":"standard","meta":{"_acf_changed":false,"_yoast_wpseo_focuskw":"Patrik Stillhart","_yoast_wpseo_title":"","_yoast_wpseo_metadesc":"Die Zug Estates Gruppe hat mit Patrik Stillhart einen neuen CEO gefunden. Stillhart, derzeit Managing Director bei JLL Schweiz, folgt auf Tobias Achermann.","_yoast_wpseo_linkdex":71,"pgc_sgb_lightbox_settings":"","footnotes":""},"categories":[988],"tags":[1391,1563,1885],"class_list":["post-20652","post","type-post","status-publish","format-standard","has-post-thumbnail","hentry","category-unternehmen","tag-jll","tag-personalia","tag-zug-estates"],"acf":[],"yoast_head":"<!-- This site is optimized with the Yoast SEO plugin v27.5 - https:\/\/yoast.com\/product\/yoast-seo-wordpress\/ -->\n<title>Patrik Stillhart wechselt als CEO zu Zug Estates - IMMOBILIEN Business<\/title>\n<meta name=\"description\" content=\"Die Zug Estates Gruppe hat mit Patrik Stillhart einen neuen CEO gefunden. Stillhart, derzeit Managing Director bei JLL Schweiz, folgt auf Tobias Achermann.\" \/>\n<meta name=\"robots\" content=\"index, follow, max-snippet:-1, max-image-preview:large, max-video-preview:-1\" \/>\n<link rel=\"canonical\" href=\"https:\/\/www.immobilienbusiness.ch\/de\/unternehmen\/2020-03-26\/patrik-stillhart-wird-ceo-von-zug-estates\/\" \/>\n<meta property=\"og:locale\" content=\"de_DE\" \/>\n<meta property=\"og:type\" content=\"article\" \/>\n<meta property=\"og:title\" content=\"Patrik Stillhart wechselt als CEO zu Zug Estates - IMMOBILIEN Business\" \/>\n<meta property=\"og:description\" content=\"Die Zug Estates Gruppe hat mit Patrik Stillhart einen neuen CEO gefunden. Stillhart, derzeit Managing Director bei JLL Schweiz, folgt auf Tobias Achermann.\" \/>\n<meta property=\"og:url\" content=\"https:\/\/www.immobilienbusiness.ch\/de\/unternehmen\/2020-03-26\/patrik-stillhart-wird-ceo-von-zug-estates\/\" \/>\n<meta property=\"og:site_name\" content=\"IMMOBILIEN Business\" \/>\n<meta property=\"article:publisher\" content=\"https:\/\/www.facebook.com\/immobilienbusiness\/\" \/>\n<meta property=\"article:published_time\" content=\"2020-03-26T07:18:41+00:00\" \/>\n<meta property=\"og:image\" content=\"https:\/\/www.immobilienbusiness.ch\/wp-content\/uploads\/2020\/03\/Portrait-Patrik-Stillhart.jpg\" \/>\n\t<meta property=\"og:image:width\" content=\"1898\" \/>\n\t<meta property=\"og:image:height\" content=\"1265\" \/>\n\t<meta property=\"og:image:type\" content=\"image\/jpeg\" \/>\n<meta name=\"author\" content=\"anja.hall\" \/>\n<meta name=\"twitter:card\" content=\"summary_large_image\" \/>\n<meta name=\"twitter:image\" content=\"https:\/\/www.immobilienbusiness.ch\/wp-content\/uploads\/2020\/03\/Portrait-Patrik-Stillhart.jpg\" \/>\n<script type=\"application\/ld+json\" class=\"yoast-schema-graph\">{\"@context\":\"https:\\\/\\\/schema.org\",\"@graph\":[{\"@type\":\"Article\",\"@id\":\"https:\\\/\\\/www.immobilienbusiness.ch\\\/en\\\/unternehmen\\\/2020-03-26\\\/patrik-stillhart-wird-ceo-von-zug-estates\\\/#article\",\"isPartOf\":{\"@id\":\"https:\\\/\\\/www.immobilienbusiness.ch\\\/en\\\/unternehmen\\\/2020-03-26\\\/patrik-stillhart-wird-ceo-von-zug-estates\\\/\"},\"author\":{\"name\":\"anja.hall\",\"@id\":\"https:\\\/\\\/www.immobilienbusiness.ch\\\/#\\\/schema\\\/person\\\/3fc036297b10b9f42d6db5ee932af8c8\"},\"headline\":\"Patrik Stillhart wechselt als CEO zu Zug Estates\",\"datePublished\":\"2020-03-26T07:18:41+00:00\",\"mainEntityOfPage\":{\"@id\":\"https:\\\/\\\/www.immobilienbusiness.ch\\\/en\\\/unternehmen\\\/2020-03-26\\\/patrik-stillhart-wird-ceo-von-zug-estates\\\/\"},\"wordCount\":241,\"publisher\":{\"@id\":\"https:\\\/\\\/www.immobilienbusiness.ch\\\/#organization\"},\"image\":{\"@id\":\"https:\\\/\\\/www.immobilienbusiness.ch\\\/en\\\/unternehmen\\\/2020-03-26\\\/patrik-stillhart-wird-ceo-von-zug-estates\\\/#primaryimage\"},\"thumbnailUrl\":\"https:\\\/\\\/www.immobilienbusiness.ch\\\/wp-content\\\/uploads\\\/2020\\\/03\\\/Portrait-Patrik-Stillhart.jpg\",\"keywords\":[\"JLL\",\"Personalia\",\"Zug Estates\"],\"articleSection\":[\"UNTERNEHMEN\"],\"inLanguage\":\"de\"},{\"@type\":\"WebPage\",\"@id\":\"https:\\\/\\\/www.immobilienbusiness.ch\\\/en\\\/unternehmen\\\/2020-03-26\\\/patrik-stillhart-wird-ceo-von-zug-estates\\\/\",\"url\":\"https:\\\/\\\/www.immobilienbusiness.ch\\\/en\\\/unternehmen\\\/2020-03-26\\\/patrik-stillhart-wird-ceo-von-zug-estates\\\/\",\"name\":\"Patrik Stillhart wechselt als CEO zu Zug Estates - IMMOBILIEN Business\",\"isPartOf\":{\"@id\":\"https:\\\/\\\/www.immobilienbusiness.ch\\\/#website\"},\"primaryImageOfPage\":{\"@id\":\"https:\\\/\\\/www.immobilienbusiness.ch\\\/en\\\/unternehmen\\\/2020-03-26\\\/patrik-stillhart-wird-ceo-von-zug-estates\\\/#primaryimage\"},\"image\":{\"@id\":\"https:\\\/\\\/www.immobilienbusiness.ch\\\/en\\\/unternehmen\\\/2020-03-26\\\/patrik-stillhart-wird-ceo-von-zug-estates\\\/#primaryimage\"},\"thumbnailUrl\":\"https:\\\/\\\/www.immobilienbusiness.ch\\\/wp-content\\\/uploads\\\/2020\\\/03\\\/Portrait-Patrik-Stillhart.jpg\",\"datePublished\":\"2020-03-26T07:18:41+00:00\",\"description\":\"Die Zug Estates Gruppe hat mit Patrik Stillhart einen neuen CEO gefunden. Stillhart, derzeit Managing Director bei JLL Schweiz, folgt auf Tobias Achermann.\",\"breadcrumb\":{\"@id\":\"https:\\\/\\\/www.immobilienbusiness.ch\\\/en\\\/unternehmen\\\/2020-03-26\\\/patrik-stillhart-wird-ceo-von-zug-estates\\\/#breadcrumb\"},\"inLanguage\":\"de\",\"potentialAction\":[{\"@type\":\"ReadAction\",\"target\":[\"https:\\\/\\\/www.immobilienbusiness.ch\\\/en\\\/unternehmen\\\/2020-03-26\\\/patrik-stillhart-wird-ceo-von-zug-estates\\\/\"]}]},{\"@type\":\"ImageObject\",\"inLanguage\":\"de\",\"@id\":\"https:\\\/\\\/www.immobilienbusiness.ch\\\/en\\\/unternehmen\\\/2020-03-26\\\/patrik-stillhart-wird-ceo-von-zug-estates\\\/#primaryimage\",\"url\":\"https:\\\/\\\/www.immobilienbusiness.ch\\\/wp-content\\\/uploads\\\/2020\\\/03\\\/Portrait-Patrik-Stillhart.jpg\",\"contentUrl\":\"https:\\\/\\\/www.immobilienbusiness.ch\\\/wp-content\\\/uploads\\\/2020\\\/03\\\/Portrait-Patrik-Stillhart.jpg\",\"width\":1898,\"height\":1265,\"caption\":\"Patrik Stillhart (Quelle: Zug Estates)\"},{\"@type\":\"BreadcrumbList\",\"@id\":\"https:\\\/\\\/www.immobilienbusiness.ch\\\/en\\\/unternehmen\\\/2020-03-26\\\/patrik-stillhart-wird-ceo-von-zug-estates\\\/#breadcrumb\",\"itemListElement\":[{\"@type\":\"ListItem\",\"position\":1,\"name\":\"Home\",\"item\":\"https:\\\/\\\/www.immobilienbusiness.ch\\\/\"},{\"@type\":\"ListItem\",\"position\":2,\"name\":\"Patrik Stillhart wechselt als CEO zu Zug Estates\"}]},{\"@type\":\"WebSite\",\"@id\":\"https:\\\/\\\/www.immobilienbusiness.ch\\\/#website\",\"url\":\"https:\\\/\\\/www.immobilienbusiness.ch\\\/\",\"name\":\"IMMOBILIEN Business\",\"description\":\"Unabh\u00e4ngiges Schweizer Wirtschaftsmagazin mit Fokus auf Immobilien, Architektur- und Bau sowie Investment- und Finanzierung.\",\"publisher\":{\"@id\":\"https:\\\/\\\/www.immobilienbusiness.ch\\\/#organization\"},\"potentialAction\":[{\"@type\":\"SearchAction\",\"target\":{\"@type\":\"EntryPoint\",\"urlTemplate\":\"https:\\\/\\\/www.immobilienbusiness.ch\\\/?s={search_term_string}\"},\"query-input\":{\"@type\":\"PropertyValueSpecification\",\"valueRequired\":true,\"valueName\":\"search_term_string\"}}],\"inLanguage\":\"de\"},{\"@type\":\"Organization\",\"@id\":\"https:\\\/\\\/www.immobilienbusiness.ch\\\/#organization\",\"name\":\"IMMOBILIEN Business\",\"url\":\"https:\\\/\\\/www.immobilienbusiness.ch\\\/\",\"logo\":{\"@type\":\"ImageObject\",\"inLanguage\":\"de\",\"@id\":\"https:\\\/\\\/www.immobilienbusiness.ch\\\/#\\\/schema\\\/logo\\\/image\\\/\",\"url\":\"https:\\\/\\\/www.immobilienbusiness.ch\\\/wp-content\\\/uploads\\\/2021\\\/07\\\/logo_ib.png\",\"contentUrl\":\"https:\\\/\\\/www.immobilienbusiness.ch\\\/wp-content\\\/uploads\\\/2021\\\/07\\\/logo_ib.png\",\"width\":800,\"height\":181,\"caption\":\"IMMOBILIEN Business\"},\"image\":{\"@id\":\"https:\\\/\\\/www.immobilienbusiness.ch\\\/#\\\/schema\\\/logo\\\/image\\\/\"},\"sameAs\":[\"https:\\\/\\\/www.facebook.com\\\/immobilienbusiness\\\/\"]},{\"@type\":\"Person\",\"@id\":\"https:\\\/\\\/www.immobilienbusiness.ch\\\/#\\\/schema\\\/person\\\/3fc036297b10b9f42d6db5ee932af8c8\",\"name\":\"anja.hall\",\"image\":{\"@type\":\"ImageObject\",\"inLanguage\":\"de\",\"@id\":\"https:\\\/\\\/secure.gravatar.com\\\/avatar\\\/066b5a0d447013502c71a5782f4f3469f03cfe595cc2329fb94652fe47511bfb?s=96&d=mm&r=g\",\"url\":\"https:\\\/\\\/secure.gravatar.com\\\/avatar\\\/066b5a0d447013502c71a5782f4f3469f03cfe595cc2329fb94652fe47511bfb?s=96&d=mm&r=g\",\"contentUrl\":\"https:\\\/\\\/secure.gravatar.com\\\/avatar\\\/066b5a0d447013502c71a5782f4f3469f03cfe595cc2329fb94652fe47511bfb?s=96&d=mm&r=g\",\"caption\":\"anja.hall\"},\"url\":\"https:\\\/\\\/www.immobilienbusiness.ch\\\/de\\\/author\\\/anja-hall\\\/\"}]}<\/script>\n<!-- \/ Yoast SEO plugin. -->","yoast_head_json":{"title":"Patrik Stillhart wechselt als CEO zu Zug Estates - IMMOBILIEN Business","description":"Die Zug Estates Gruppe hat mit Patrik Stillhart einen neuen CEO gefunden. Stillhart, derzeit Managing Director bei JLL Schweiz, folgt auf Tobias Achermann.","robots":{"index":"index","follow":"follow","max-snippet":"max-snippet:-1","max-image-preview":"max-image-preview:large","max-video-preview":"max-video-preview:-1"},"canonical":"https:\/\/www.immobilienbusiness.ch\/de\/unternehmen\/2020-03-26\/patrik-stillhart-wird-ceo-von-zug-estates\/","og_locale":"de_DE","og_type":"article","og_title":"Patrik Stillhart wechselt als CEO zu Zug Estates - IMMOBILIEN Business","og_description":"Die Zug Estates Gruppe hat mit Patrik Stillhart einen neuen CEO gefunden. Stillhart, derzeit Managing Director bei JLL Schweiz, folgt auf Tobias Achermann.","og_url":"https:\/\/www.immobilienbusiness.ch\/de\/unternehmen\/2020-03-26\/patrik-stillhart-wird-ceo-von-zug-estates\/","og_site_name":"IMMOBILIEN Business","article_publisher":"https:\/\/www.facebook.com\/immobilienbusiness\/","article_published_time":"2020-03-26T07:18:41+00:00","og_image":[{"width":1898,"height":1265,"url":"https:\/\/www.immobilienbusiness.ch\/wp-content\/uploads\/2020\/03\/Portrait-Patrik-Stillhart.jpg","type":"image\/jpeg"}],"author":"anja.hall","twitter_card":"summary_large_image","twitter_image":"https:\/\/www.immobilienbusiness.ch\/wp-content\/uploads\/2020\/03\/Portrait-Patrik-Stillhart.jpg","schema":{"@context":"https:\/\/schema.org","@graph":[{"@type":"Article","@id":"https:\/\/www.immobilienbusiness.ch\/en\/unternehmen\/2020-03-26\/patrik-stillhart-wird-ceo-von-zug-estates\/#article","isPartOf":{"@id":"https:\/\/www.immobilienbusiness.ch\/en\/unternehmen\/2020-03-26\/patrik-stillhart-wird-ceo-von-zug-estates\/"},"author":{"name":"anja.hall","@id":"https:\/\/www.immobilienbusiness.ch\/#\/schema\/person\/3fc036297b10b9f42d6db5ee932af8c8"},"headline":"Patrik Stillhart wechselt als CEO zu Zug Estates","datePublished":"2020-03-26T07:18:41+00:00","mainEntityOfPage":{"@id":"https:\/\/www.immobilienbusiness.ch\/en\/unternehmen\/2020-03-26\/patrik-stillhart-wird-ceo-von-zug-estates\/"},"wordCount":241,"publisher":{"@id":"https:\/\/www.immobilienbusiness.ch\/#organization"},"image":{"@id":"https:\/\/www.immobilienbusiness.ch\/en\/unternehmen\/2020-03-26\/patrik-stillhart-wird-ceo-von-zug-estates\/#primaryimage"},"thumbnailUrl":"https:\/\/www.immobilienbusiness.ch\/wp-content\/uploads\/2020\/03\/Portrait-Patrik-Stillhart.jpg","keywords":["JLL","Personalia","Zug Estates"],"articleSection":["UNTERNEHMEN"],"inLanguage":"de"},{"@type":"WebPage","@id":"https:\/\/www.immobilienbusiness.ch\/en\/unternehmen\/2020-03-26\/patrik-stillhart-wird-ceo-von-zug-estates\/","url":"https:\/\/www.immobilienbusiness.ch\/en\/unternehmen\/2020-03-26\/patrik-stillhart-wird-ceo-von-zug-estates\/","name":"Patrik Stillhart wechselt als CEO zu Zug Estates - IMMOBILIEN Business","isPartOf":{"@id":"https:\/\/www.immobilienbusiness.ch\/#website"},"primaryImageOfPage":{"@id":"https:\/\/www.immobilienbusiness.ch\/en\/unternehmen\/2020-03-26\/patrik-stillhart-wird-ceo-von-zug-estates\/#primaryimage"},"image":{"@id":"https:\/\/www.immobilienbusiness.ch\/en\/unternehmen\/2020-03-26\/patrik-stillhart-wird-ceo-von-zug-estates\/#primaryimage"},"thumbnailUrl":"https:\/\/www.immobilienbusiness.ch\/wp-content\/uploads\/2020\/03\/Portrait-Patrik-Stillhart.jpg","datePublished":"2020-03-26T07:18:41+00:00","description":"Die Zug Estates Gruppe hat mit Patrik Stillhart einen neuen CEO gefunden. Stillhart, derzeit Managing Director bei JLL Schweiz, folgt auf Tobias Achermann.","breadcrumb":{"@id":"https:\/\/www.immobilienbusiness.ch\/en\/unternehmen\/2020-03-26\/patrik-stillhart-wird-ceo-von-zug-estates\/#breadcrumb"},"inLanguage":"de","potentialAction":[{"@type":"ReadAction","target":["https:\/\/www.immobilienbusiness.ch\/en\/unternehmen\/2020-03-26\/patrik-stillhart-wird-ceo-von-zug-estates\/"]}]},{"@type":"ImageObject","inLanguage":"de","@id":"https:\/\/www.immobilienbusiness.ch\/en\/unternehmen\/2020-03-26\/patrik-stillhart-wird-ceo-von-zug-estates\/#primaryimage","url":"https:\/\/www.immobilienbusiness.ch\/wp-content\/uploads\/2020\/03\/Portrait-Patrik-Stillhart.jpg","contentUrl":"https:\/\/www.immobilienbusiness.ch\/wp-content\/uploads\/2020\/03\/Portrait-Patrik-Stillhart.jpg","width":1898,"height":1265,"caption":"Patrik Stillhart (Quelle: Zug Estates)"},{"@type":"BreadcrumbList","@id":"https:\/\/www.immobilienbusiness.ch\/en\/unternehmen\/2020-03-26\/patrik-stillhart-wird-ceo-von-zug-estates\/#breadcrumb","itemListElement":[{"@type":"ListItem","position":1,"name":"Home","item":"https:\/\/www.immobilienbusiness.ch\/"},{"@type":"ListItem","position":2,"name":"Patrik Stillhart wechselt als CEO zu Zug Estates"}]},{"@type":"WebSite","@id":"https:\/\/www.immobilienbusiness.ch\/#website","url":"https:\/\/www.immobilienbusiness.ch\/","name":"IMMOBILIEN Business","description":"Unabh\u00e4ngiges Schweizer Wirtschaftsmagazin mit Fokus auf Immobilien, Architektur- und Bau sowie Investment- und Finanzierung.","publisher":{"@id":"https:\/\/www.immobilienbusiness.ch\/#organization"},"potentialAction":[{"@type":"SearchAction","target":{"@type":"EntryPoint","urlTemplate":"https:\/\/www.immobilienbusiness.ch\/?s={search_term_string}"},"query-input":{"@type":"PropertyValueSpecification","valueRequired":true,"valueName":"search_term_string"}}],"inLanguage":"de"},{"@type":"Organization","@id":"https:\/\/www.immobilienbusiness.ch\/#organization","name":"IMMOBILIEN Business","url":"https:\/\/www.immobilienbusiness.ch\/","logo":{"@type":"ImageObject","inLanguage":"de","@id":"https:\/\/www.immobilienbusiness.ch\/#\/schema\/logo\/image\/","url":"https:\/\/www.immobilienbusiness.ch\/wp-content\/uploads\/2021\/07\/logo_ib.png","contentUrl":"https:\/\/www.immobilienbusiness.ch\/wp-content\/uploads\/2021\/07\/logo_ib.png","width":800,"height":181,"caption":"IMMOBILIEN Business"},"image":{"@id":"https:\/\/www.immobilienbusiness.ch\/#\/schema\/logo\/image\/"},"sameAs":["https:\/\/www.facebook.com\/immobilienbusiness\/"]},{"@type":"Person","@id":"https:\/\/www.immobilienbusiness.ch\/#\/schema\/person\/3fc036297b10b9f42d6db5ee932af8c8","name":"anja.hall","image":{"@type":"ImageObject","inLanguage":"de","@id":"https:\/\/secure.gravatar.com\/avatar\/066b5a0d447013502c71a5782f4f3469f03cfe595cc2329fb94652fe47511bfb?s=96&d=mm&r=g","url":"https:\/\/secure.gravatar.com\/avatar\/066b5a0d447013502c71a5782f4f3469f03cfe595cc2329fb94652fe47511bfb?s=96&d=mm&r=g","contentUrl":"https:\/\/secure.gravatar.com\/avatar\/066b5a0d447013502c71a5782f4f3469f03cfe595cc2329fb94652fe47511bfb?s=96&d=mm&r=g","caption":"anja.hall"},"url":"https:\/\/www.immobilienbusiness.ch\/de\/author\/anja-hall\/"}]}},"_links":{"self":[{"href":"https:\/\/www.immobilienbusiness.ch\/de\/wp-json\/wp\/v2\/posts\/20652","targetHints":{"allow":["GET"]}}],"collection":[{"href":"https:\/\/www.immobilienbusiness.ch\/de\/wp-json\/wp\/v2\/posts"}],"about":[{"href":"https:\/\/www.immobilienbusiness.ch\/de\/wp-json\/wp\/v2\/types\/post"}],"author":[{"embeddable":true,"href":"https:\/\/www.immobilienbusiness.ch\/de\/wp-json\/wp\/v2\/users\/3"}],"replies":[{"embeddable":true,"href":"https:\/\/www.immobilienbusiness.ch\/de\/wp-json\/wp\/v2\/comments?post=20652"}],"version-history":[{"count":0,"href":"https:\/\/www.immobilienbusiness.ch\/de\/wp-json\/wp\/v2\/posts\/20652\/revisions"}],"wp:featuredmedia":[{"embeddable":true,"href":"https:\/\/www.immobilienbusiness.ch\/de\/wp-json\/wp\/v2\/media\/20653"}],"wp:attachment":[{"href":"https:\/\/www.immobilienbusiness.ch\/de\/wp-json\/wp\/v2\/media?parent=20652"}],"wp:term":[{"taxonomy":"category","embeddable":true,"href":"https:\/\/www.immobilienbusiness.ch\/de\/wp-json\/wp\/v2\/categories?post=20652"},{"taxonomy":"post_tag","embeddable":true,"href":"https:\/\/www.immobilienbusiness.ch\/de\/wp-json\/wp\/v2\/tags?post=20652"}],"curies":[{"name":"wp","href":"https:\/\/api.w.org\/{rel}","templated":true}]}}