{"id":20619,"date":"2020-03-24T08:12:26","date_gmt":"2020-03-24T07:12:26","guid":{"rendered":"https:\/\/www.immobilienbusiness.ch\/?p=20619"},"modified":"2020-03-24T08:12:26","modified_gmt":"2020-03-24T07:12:26","slug":"bern-stadt-kauft-wohnhaus-in-der-laenggasse","status":"publish","type":"post","link":"https:\/\/www.immobilienbusiness.ch\/de\/regionen\/2020-03-24\/bern-stadt-kauft-wohnhaus-in-der-laenggasse\/","title":{"rendered":"Bern: Stadt kauft Wohnhaus in der L\u00e4nggasse"},"content":{"rendered":"<figure id=\"attachment_5042\" aria-describedby=\"caption-attachment-5042\" style=\"width: 680px\" class=\"wp-caption alignnone\"><img loading=\"lazy\" decoding=\"async\" class=\"size-medium wp-image-5042\" src=\"https:\/\/www.immobilienbusiness.ch\/wp-content\/uploads\/2016\/11\/Bern-Gr\u00fcnes-Licht-f\u00fcr-SPS-Wohnprojekt-immobilien-business.jpg\" alt=\"\" width=\"680\" height=\"452\" \/><figcaption id=\"caption-attachment-5042\" class=\"wp-caption-text\">Bern (Bild: Pixabay)<\/figcaption><\/figure>\n<p>Die Liegenschaft Hallerstrasse 60 wurde Mitte der 1930er Jahre erbaut und befindet sich laut einer Mitteilung des Berner Gemeinderats insgesamt in einem guten bis sehr guten Zustand. Sie verf\u00fcgt \u00fcber zehn Drei-Zimmer-Wohnungen und eine F\u00fcnf-Zimmer-Wohnung im Attikageschoss.<\/p>\n<p>In Anbetracht der hervorragenden Lage und des Standards w\u00fcrden die Mietzinse deutlich unter dem Marktniveau liegen, eine Zuordnung der Wohnungen zum Vermietungssegment \u00abG\u00fcnstiger Wohnraum mit Vermietungskriterien\u00bb (G\u00fcWR) sei jedoch aufgrund des Wohnungsstandards zurzeit nicht angebracht, schreibt der Gemeinderat weiter.<\/p>\n<p>Der Kauf wird \u00fcber den st\u00e4dtischen Rahmenkredit von 60 Millionen CHF f\u00fcr den Kauf von Wohnliegenschaften abgewickelt, den die Berner Stimmberechtigten im Mai 2019 genehmigt haben. Im Rahmen der Wohnoffensive will die Stadt das st\u00e4dtische Angebot an preisg\u00fcnstigen Wohnungen schrittweise vergr\u00f6ssern &#8211; auch durch Zuk\u00e4ufe.<em> (ah)<\/em><\/p>\n","protected":false},"excerpt":{"rendered":"<p>Der Berner Gemeinderat hat entschieden, ein sechsgeschossiges Wohnhaus in der L\u00e4nggasse zu erwerben. Der Kaufpreis liegt bei 7 Millionen CHF.<\/p>\n","protected":false},"author":3,"featured_media":5042,"comment_status":"closed","ping_status":"open","sticky":false,"template":"","format":"standard","meta":{"_acf_changed":false,"_yoast_wpseo_focuskw":"L\u00e4nggasse","_yoast_wpseo_title":"","_yoast_wpseo_metadesc":"Der Berner Gemeinderat hat entschieden, ein sechsgeschossiges Wohnhaus in der L\u00e4nggasse zu erwerben. Der Kaufpreis liegt bei 7 Millionen CHF.","_yoast_wpseo_linkdex":48,"pgc_sgb_lightbox_settings":"","footnotes":""},"categories":[985],"tags":[1091,1348,1863],"class_list":["post-20619","post","type-post","status-publish","format-standard","has-post-thumbnail","hentry","category-regionen","tag-bern","tag-immobilienkauf","tag-wohnimmobilien"],"acf":[],"yoast_head":"<!-- This site is optimized with the Yoast SEO plugin v27.5 - https:\/\/yoast.com\/product\/yoast-seo-wordpress\/ -->\n<title>Bern: Stadt kauft Wohnhaus in der L\u00e4nggasse - IMMOBILIEN Business<\/title>\n<meta name=\"description\" content=\"Der Berner Gemeinderat hat entschieden, ein sechsgeschossiges Wohnhaus in der L\u00e4nggasse zu erwerben. Der Kaufpreis liegt bei 7 Millionen CHF.\" \/>\n<meta name=\"robots\" content=\"index, follow, max-snippet:-1, max-image-preview:large, max-video-preview:-1\" \/>\n<link rel=\"canonical\" href=\"https:\/\/www.immobilienbusiness.ch\/de\/regionen\/2020-03-24\/bern-stadt-kauft-wohnhaus-in-der-laenggasse\/\" \/>\n<meta property=\"og:locale\" content=\"de_DE\" \/>\n<meta property=\"og:type\" content=\"article\" \/>\n<meta property=\"og:title\" content=\"Bern: Stadt kauft Wohnhaus in der L\u00e4nggasse - IMMOBILIEN Business\" \/>\n<meta property=\"og:description\" content=\"Der Berner Gemeinderat hat entschieden, ein sechsgeschossiges Wohnhaus in der L\u00e4nggasse zu erwerben. Der Kaufpreis liegt bei 7 Millionen CHF.\" \/>\n<meta property=\"og:url\" content=\"https:\/\/www.immobilienbusiness.ch\/de\/regionen\/2020-03-24\/bern-stadt-kauft-wohnhaus-in-der-laenggasse\/\" \/>\n<meta property=\"og:site_name\" content=\"IMMOBILIEN Business\" \/>\n<meta property=\"article:publisher\" content=\"https:\/\/www.facebook.com\/immobilienbusiness\/\" \/>\n<meta property=\"article:published_time\" content=\"2020-03-24T07:12:26+00:00\" \/>\n<meta property=\"og:image\" content=\"https:\/\/www.immobilienbusiness.ch\/wp-content\/uploads\/2016\/11\/Bern-Gruenes-Licht-fuer-SPS-Wohnprojekt-immobilien-business.jpg\" \/>\n\t<meta property=\"og:image:width\" content=\"1280\" \/>\n\t<meta property=\"og:image:height\" content=\"850\" \/>\n\t<meta property=\"og:image:type\" content=\"image\/jpeg\" \/>\n<meta name=\"author\" content=\"anja.hall\" \/>\n<meta name=\"twitter:card\" content=\"summary_large_image\" \/>\n<meta name=\"twitter:image\" content=\"https:\/\/www.immobilienbusiness.ch\/wp-content\/uploads\/2016\/11\/Bern-Gruenes-Licht-fuer-SPS-Wohnprojekt-immobilien-business.jpg\" \/>\n<script type=\"application\/ld+json\" class=\"yoast-schema-graph\">{\"@context\":\"https:\\\/\\\/schema.org\",\"@graph\":[{\"@type\":\"Article\",\"@id\":\"https:\\\/\\\/www.immobilienbusiness.ch\\\/en\\\/regionen\\\/2020-03-24\\\/bern-stadt-kauft-wohnhaus-in-der-laenggasse\\\/#article\",\"isPartOf\":{\"@id\":\"https:\\\/\\\/www.immobilienbusiness.ch\\\/en\\\/regionen\\\/2020-03-24\\\/bern-stadt-kauft-wohnhaus-in-der-laenggasse\\\/\"},\"author\":{\"name\":\"anja.hall\",\"@id\":\"https:\\\/\\\/www.immobilienbusiness.ch\\\/#\\\/schema\\\/person\\\/3fc036297b10b9f42d6db5ee932af8c8\"},\"headline\":\"Bern: Stadt kauft Wohnhaus in der L\u00e4nggasse\",\"datePublished\":\"2020-03-24T07:12:26+00:00\",\"mainEntityOfPage\":{\"@id\":\"https:\\\/\\\/www.immobilienbusiness.ch\\\/en\\\/regionen\\\/2020-03-24\\\/bern-stadt-kauft-wohnhaus-in-der-laenggasse\\\/\"},\"wordCount\":148,\"publisher\":{\"@id\":\"https:\\\/\\\/www.immobilienbusiness.ch\\\/#organization\"},\"image\":{\"@id\":\"https:\\\/\\\/www.immobilienbusiness.ch\\\/en\\\/regionen\\\/2020-03-24\\\/bern-stadt-kauft-wohnhaus-in-der-laenggasse\\\/#primaryimage\"},\"thumbnailUrl\":\"https:\\\/\\\/www.immobilienbusiness.ch\\\/wp-content\\\/uploads\\\/2016\\\/11\\\/Bern-Gruenes-Licht-fuer-SPS-Wohnprojekt-immobilien-business.jpg\",\"keywords\":[\"Bern\",\"Immobilienkauf\",\"Wohnimmobilien\"],\"articleSection\":[\"REGIONEN\"],\"inLanguage\":\"de\"},{\"@type\":\"WebPage\",\"@id\":\"https:\\\/\\\/www.immobilienbusiness.ch\\\/en\\\/regionen\\\/2020-03-24\\\/bern-stadt-kauft-wohnhaus-in-der-laenggasse\\\/\",\"url\":\"https:\\\/\\\/www.immobilienbusiness.ch\\\/en\\\/regionen\\\/2020-03-24\\\/bern-stadt-kauft-wohnhaus-in-der-laenggasse\\\/\",\"name\":\"Bern: Stadt kauft Wohnhaus in der L\u00e4nggasse - IMMOBILIEN Business\",\"isPartOf\":{\"@id\":\"https:\\\/\\\/www.immobilienbusiness.ch\\\/#website\"},\"primaryImageOfPage\":{\"@id\":\"https:\\\/\\\/www.immobilienbusiness.ch\\\/en\\\/regionen\\\/2020-03-24\\\/bern-stadt-kauft-wohnhaus-in-der-laenggasse\\\/#primaryimage\"},\"image\":{\"@id\":\"https:\\\/\\\/www.immobilienbusiness.ch\\\/en\\\/regionen\\\/2020-03-24\\\/bern-stadt-kauft-wohnhaus-in-der-laenggasse\\\/#primaryimage\"},\"thumbnailUrl\":\"https:\\\/\\\/www.immobilienbusiness.ch\\\/wp-content\\\/uploads\\\/2016\\\/11\\\/Bern-Gruenes-Licht-fuer-SPS-Wohnprojekt-immobilien-business.jpg\",\"datePublished\":\"2020-03-24T07:12:26+00:00\",\"description\":\"Der Berner Gemeinderat hat entschieden, ein sechsgeschossiges Wohnhaus in der L\u00e4nggasse zu erwerben. Der Kaufpreis liegt bei 7 Millionen CHF.\",\"breadcrumb\":{\"@id\":\"https:\\\/\\\/www.immobilienbusiness.ch\\\/en\\\/regionen\\\/2020-03-24\\\/bern-stadt-kauft-wohnhaus-in-der-laenggasse\\\/#breadcrumb\"},\"inLanguage\":\"de\",\"potentialAction\":[{\"@type\":\"ReadAction\",\"target\":[\"https:\\\/\\\/www.immobilienbusiness.ch\\\/en\\\/regionen\\\/2020-03-24\\\/bern-stadt-kauft-wohnhaus-in-der-laenggasse\\\/\"]}]},{\"@type\":\"ImageObject\",\"inLanguage\":\"de\",\"@id\":\"https:\\\/\\\/www.immobilienbusiness.ch\\\/en\\\/regionen\\\/2020-03-24\\\/bern-stadt-kauft-wohnhaus-in-der-laenggasse\\\/#primaryimage\",\"url\":\"https:\\\/\\\/www.immobilienbusiness.ch\\\/wp-content\\\/uploads\\\/2016\\\/11\\\/Bern-Gruenes-Licht-fuer-SPS-Wohnprojekt-immobilien-business.jpg\",\"contentUrl\":\"https:\\\/\\\/www.immobilienbusiness.ch\\\/wp-content\\\/uploads\\\/2016\\\/11\\\/Bern-Gruenes-Licht-fuer-SPS-Wohnprojekt-immobilien-business.jpg\",\"width\":1280,\"height\":850,\"caption\":\"Die Stadt Bern will das Gaswerk-Areal selbst entwickeln (Foto: Pixabay)\"},{\"@type\":\"BreadcrumbList\",\"@id\":\"https:\\\/\\\/www.immobilienbusiness.ch\\\/en\\\/regionen\\\/2020-03-24\\\/bern-stadt-kauft-wohnhaus-in-der-laenggasse\\\/#breadcrumb\",\"itemListElement\":[{\"@type\":\"ListItem\",\"position\":1,\"name\":\"Home\",\"item\":\"https:\\\/\\\/www.immobilienbusiness.ch\\\/\"},{\"@type\":\"ListItem\",\"position\":2,\"name\":\"Bern: Stadt kauft Wohnhaus in der L\u00e4nggasse\"}]},{\"@type\":\"WebSite\",\"@id\":\"https:\\\/\\\/www.immobilienbusiness.ch\\\/#website\",\"url\":\"https:\\\/\\\/www.immobilienbusiness.ch\\\/\",\"name\":\"IMMOBILIEN Business\",\"description\":\"Unabh\u00e4ngiges Schweizer Wirtschaftsmagazin mit Fokus auf Immobilien, Architektur- und Bau sowie Investment- und Finanzierung.\",\"publisher\":{\"@id\":\"https:\\\/\\\/www.immobilienbusiness.ch\\\/#organization\"},\"potentialAction\":[{\"@type\":\"SearchAction\",\"target\":{\"@type\":\"EntryPoint\",\"urlTemplate\":\"https:\\\/\\\/www.immobilienbusiness.ch\\\/?s={search_term_string}\"},\"query-input\":{\"@type\":\"PropertyValueSpecification\",\"valueRequired\":true,\"valueName\":\"search_term_string\"}}],\"inLanguage\":\"de\"},{\"@type\":\"Organization\",\"@id\":\"https:\\\/\\\/www.immobilienbusiness.ch\\\/#organization\",\"name\":\"IMMOBILIEN Business\",\"url\":\"https:\\\/\\\/www.immobilienbusiness.ch\\\/\",\"logo\":{\"@type\":\"ImageObject\",\"inLanguage\":\"de\",\"@id\":\"https:\\\/\\\/www.immobilienbusiness.ch\\\/#\\\/schema\\\/logo\\\/image\\\/\",\"url\":\"https:\\\/\\\/www.immobilienbusiness.ch\\\/wp-content\\\/uploads\\\/2021\\\/07\\\/logo_ib.png\",\"contentUrl\":\"https:\\\/\\\/www.immobilienbusiness.ch\\\/wp-content\\\/uploads\\\/2021\\\/07\\\/logo_ib.png\",\"width\":800,\"height\":181,\"caption\":\"IMMOBILIEN Business\"},\"image\":{\"@id\":\"https:\\\/\\\/www.immobilienbusiness.ch\\\/#\\\/schema\\\/logo\\\/image\\\/\"},\"sameAs\":[\"https:\\\/\\\/www.facebook.com\\\/immobilienbusiness\\\/\"]},{\"@type\":\"Person\",\"@id\":\"https:\\\/\\\/www.immobilienbusiness.ch\\\/#\\\/schema\\\/person\\\/3fc036297b10b9f42d6db5ee932af8c8\",\"name\":\"anja.hall\",\"image\":{\"@type\":\"ImageObject\",\"inLanguage\":\"de\",\"@id\":\"https:\\\/\\\/secure.gravatar.com\\\/avatar\\\/066b5a0d447013502c71a5782f4f3469f03cfe595cc2329fb94652fe47511bfb?s=96&d=mm&r=g\",\"url\":\"https:\\\/\\\/secure.gravatar.com\\\/avatar\\\/066b5a0d447013502c71a5782f4f3469f03cfe595cc2329fb94652fe47511bfb?s=96&d=mm&r=g\",\"contentUrl\":\"https:\\\/\\\/secure.gravatar.com\\\/avatar\\\/066b5a0d447013502c71a5782f4f3469f03cfe595cc2329fb94652fe47511bfb?s=96&d=mm&r=g\",\"caption\":\"anja.hall\"},\"url\":\"https:\\\/\\\/www.immobilienbusiness.ch\\\/de\\\/author\\\/anja-hall\\\/\"}]}<\/script>\n<!-- \/ Yoast SEO plugin. -->","yoast_head_json":{"title":"Bern: Stadt kauft Wohnhaus in der L\u00e4nggasse - IMMOBILIEN Business","description":"Der Berner Gemeinderat hat entschieden, ein sechsgeschossiges Wohnhaus in der L\u00e4nggasse zu erwerben. Der Kaufpreis liegt bei 7 Millionen CHF.","robots":{"index":"index","follow":"follow","max-snippet":"max-snippet:-1","max-image-preview":"max-image-preview:large","max-video-preview":"max-video-preview:-1"},"canonical":"https:\/\/www.immobilienbusiness.ch\/de\/regionen\/2020-03-24\/bern-stadt-kauft-wohnhaus-in-der-laenggasse\/","og_locale":"de_DE","og_type":"article","og_title":"Bern: Stadt kauft Wohnhaus in der L\u00e4nggasse - IMMOBILIEN Business","og_description":"Der Berner Gemeinderat hat entschieden, ein sechsgeschossiges Wohnhaus in der L\u00e4nggasse zu erwerben. Der Kaufpreis liegt bei 7 Millionen CHF.","og_url":"https:\/\/www.immobilienbusiness.ch\/de\/regionen\/2020-03-24\/bern-stadt-kauft-wohnhaus-in-der-laenggasse\/","og_site_name":"IMMOBILIEN Business","article_publisher":"https:\/\/www.facebook.com\/immobilienbusiness\/","article_published_time":"2020-03-24T07:12:26+00:00","og_image":[{"width":1280,"height":850,"url":"https:\/\/www.immobilienbusiness.ch\/wp-content\/uploads\/2016\/11\/Bern-Gruenes-Licht-fuer-SPS-Wohnprojekt-immobilien-business.jpg","type":"image\/jpeg"}],"author":"anja.hall","twitter_card":"summary_large_image","twitter_image":"https:\/\/www.immobilienbusiness.ch\/wp-content\/uploads\/2016\/11\/Bern-Gruenes-Licht-fuer-SPS-Wohnprojekt-immobilien-business.jpg","schema":{"@context":"https:\/\/schema.org","@graph":[{"@type":"Article","@id":"https:\/\/www.immobilienbusiness.ch\/en\/regionen\/2020-03-24\/bern-stadt-kauft-wohnhaus-in-der-laenggasse\/#article","isPartOf":{"@id":"https:\/\/www.immobilienbusiness.ch\/en\/regionen\/2020-03-24\/bern-stadt-kauft-wohnhaus-in-der-laenggasse\/"},"author":{"name":"anja.hall","@id":"https:\/\/www.immobilienbusiness.ch\/#\/schema\/person\/3fc036297b10b9f42d6db5ee932af8c8"},"headline":"Bern: Stadt kauft Wohnhaus in der L\u00e4nggasse","datePublished":"2020-03-24T07:12:26+00:00","mainEntityOfPage":{"@id":"https:\/\/www.immobilienbusiness.ch\/en\/regionen\/2020-03-24\/bern-stadt-kauft-wohnhaus-in-der-laenggasse\/"},"wordCount":148,"publisher":{"@id":"https:\/\/www.immobilienbusiness.ch\/#organization"},"image":{"@id":"https:\/\/www.immobilienbusiness.ch\/en\/regionen\/2020-03-24\/bern-stadt-kauft-wohnhaus-in-der-laenggasse\/#primaryimage"},"thumbnailUrl":"https:\/\/www.immobilienbusiness.ch\/wp-content\/uploads\/2016\/11\/Bern-Gruenes-Licht-fuer-SPS-Wohnprojekt-immobilien-business.jpg","keywords":["Bern","Immobilienkauf","Wohnimmobilien"],"articleSection":["REGIONEN"],"inLanguage":"de"},{"@type":"WebPage","@id":"https:\/\/www.immobilienbusiness.ch\/en\/regionen\/2020-03-24\/bern-stadt-kauft-wohnhaus-in-der-laenggasse\/","url":"https:\/\/www.immobilienbusiness.ch\/en\/regionen\/2020-03-24\/bern-stadt-kauft-wohnhaus-in-der-laenggasse\/","name":"Bern: Stadt kauft Wohnhaus in der L\u00e4nggasse - IMMOBILIEN Business","isPartOf":{"@id":"https:\/\/www.immobilienbusiness.ch\/#website"},"primaryImageOfPage":{"@id":"https:\/\/www.immobilienbusiness.ch\/en\/regionen\/2020-03-24\/bern-stadt-kauft-wohnhaus-in-der-laenggasse\/#primaryimage"},"image":{"@id":"https:\/\/www.immobilienbusiness.ch\/en\/regionen\/2020-03-24\/bern-stadt-kauft-wohnhaus-in-der-laenggasse\/#primaryimage"},"thumbnailUrl":"https:\/\/www.immobilienbusiness.ch\/wp-content\/uploads\/2016\/11\/Bern-Gruenes-Licht-fuer-SPS-Wohnprojekt-immobilien-business.jpg","datePublished":"2020-03-24T07:12:26+00:00","description":"Der Berner Gemeinderat hat entschieden, ein sechsgeschossiges Wohnhaus in der L\u00e4nggasse zu erwerben. Der Kaufpreis liegt bei 7 Millionen CHF.","breadcrumb":{"@id":"https:\/\/www.immobilienbusiness.ch\/en\/regionen\/2020-03-24\/bern-stadt-kauft-wohnhaus-in-der-laenggasse\/#breadcrumb"},"inLanguage":"de","potentialAction":[{"@type":"ReadAction","target":["https:\/\/www.immobilienbusiness.ch\/en\/regionen\/2020-03-24\/bern-stadt-kauft-wohnhaus-in-der-laenggasse\/"]}]},{"@type":"ImageObject","inLanguage":"de","@id":"https:\/\/www.immobilienbusiness.ch\/en\/regionen\/2020-03-24\/bern-stadt-kauft-wohnhaus-in-der-laenggasse\/#primaryimage","url":"https:\/\/www.immobilienbusiness.ch\/wp-content\/uploads\/2016\/11\/Bern-Gruenes-Licht-fuer-SPS-Wohnprojekt-immobilien-business.jpg","contentUrl":"https:\/\/www.immobilienbusiness.ch\/wp-content\/uploads\/2016\/11\/Bern-Gruenes-Licht-fuer-SPS-Wohnprojekt-immobilien-business.jpg","width":1280,"height":850,"caption":"Die Stadt Bern will das Gaswerk-Areal selbst entwickeln (Foto: Pixabay)"},{"@type":"BreadcrumbList","@id":"https:\/\/www.immobilienbusiness.ch\/en\/regionen\/2020-03-24\/bern-stadt-kauft-wohnhaus-in-der-laenggasse\/#breadcrumb","itemListElement":[{"@type":"ListItem","position":1,"name":"Home","item":"https:\/\/www.immobilienbusiness.ch\/"},{"@type":"ListItem","position":2,"name":"Bern: Stadt kauft Wohnhaus in der L\u00e4nggasse"}]},{"@type":"WebSite","@id":"https:\/\/www.immobilienbusiness.ch\/#website","url":"https:\/\/www.immobilienbusiness.ch\/","name":"IMMOBILIEN Business","description":"Unabh\u00e4ngiges Schweizer Wirtschaftsmagazin mit Fokus auf Immobilien, Architektur- und Bau sowie Investment- und Finanzierung.","publisher":{"@id":"https:\/\/www.immobilienbusiness.ch\/#organization"},"potentialAction":[{"@type":"SearchAction","target":{"@type":"EntryPoint","urlTemplate":"https:\/\/www.immobilienbusiness.ch\/?s={search_term_string}"},"query-input":{"@type":"PropertyValueSpecification","valueRequired":true,"valueName":"search_term_string"}}],"inLanguage":"de"},{"@type":"Organization","@id":"https:\/\/www.immobilienbusiness.ch\/#organization","name":"IMMOBILIEN Business","url":"https:\/\/www.immobilienbusiness.ch\/","logo":{"@type":"ImageObject","inLanguage":"de","@id":"https:\/\/www.immobilienbusiness.ch\/#\/schema\/logo\/image\/","url":"https:\/\/www.immobilienbusiness.ch\/wp-content\/uploads\/2021\/07\/logo_ib.png","contentUrl":"https:\/\/www.immobilienbusiness.ch\/wp-content\/uploads\/2021\/07\/logo_ib.png","width":800,"height":181,"caption":"IMMOBILIEN Business"},"image":{"@id":"https:\/\/www.immobilienbusiness.ch\/#\/schema\/logo\/image\/"},"sameAs":["https:\/\/www.facebook.com\/immobilienbusiness\/"]},{"@type":"Person","@id":"https:\/\/www.immobilienbusiness.ch\/#\/schema\/person\/3fc036297b10b9f42d6db5ee932af8c8","name":"anja.hall","image":{"@type":"ImageObject","inLanguage":"de","@id":"https:\/\/secure.gravatar.com\/avatar\/066b5a0d447013502c71a5782f4f3469f03cfe595cc2329fb94652fe47511bfb?s=96&d=mm&r=g","url":"https:\/\/secure.gravatar.com\/avatar\/066b5a0d447013502c71a5782f4f3469f03cfe595cc2329fb94652fe47511bfb?s=96&d=mm&r=g","contentUrl":"https:\/\/secure.gravatar.com\/avatar\/066b5a0d447013502c71a5782f4f3469f03cfe595cc2329fb94652fe47511bfb?s=96&d=mm&r=g","caption":"anja.hall"},"url":"https:\/\/www.immobilienbusiness.ch\/de\/author\/anja-hall\/"}]}},"_links":{"self":[{"href":"https:\/\/www.immobilienbusiness.ch\/de\/wp-json\/wp\/v2\/posts\/20619","targetHints":{"allow":["GET"]}}],"collection":[{"href":"https:\/\/www.immobilienbusiness.ch\/de\/wp-json\/wp\/v2\/posts"}],"about":[{"href":"https:\/\/www.immobilienbusiness.ch\/de\/wp-json\/wp\/v2\/types\/post"}],"author":[{"embeddable":true,"href":"https:\/\/www.immobilienbusiness.ch\/de\/wp-json\/wp\/v2\/users\/3"}],"replies":[{"embeddable":true,"href":"https:\/\/www.immobilienbusiness.ch\/de\/wp-json\/wp\/v2\/comments?post=20619"}],"version-history":[{"count":0,"href":"https:\/\/www.immobilienbusiness.ch\/de\/wp-json\/wp\/v2\/posts\/20619\/revisions"}],"wp:featuredmedia":[{"embeddable":true,"href":"https:\/\/www.immobilienbusiness.ch\/de\/wp-json\/wp\/v2\/media\/5042"}],"wp:attachment":[{"href":"https:\/\/www.immobilienbusiness.ch\/de\/wp-json\/wp\/v2\/media?parent=20619"}],"wp:term":[{"taxonomy":"category","embeddable":true,"href":"https:\/\/www.immobilienbusiness.ch\/de\/wp-json\/wp\/v2\/categories?post=20619"},{"taxonomy":"post_tag","embeddable":true,"href":"https:\/\/www.immobilienbusiness.ch\/de\/wp-json\/wp\/v2\/tags?post=20619"}],"curies":[{"name":"wp","href":"https:\/\/api.w.org\/{rel}","templated":true}]}}