{"id":20614,"date":"2020-03-23T07:48:31","date_gmt":"2020-03-23T06:48:31","guid":{"rendered":"https:\/\/www.immobilienbusiness.ch\/?p=20614"},"modified":"2023-08-09T21:55:04","modified_gmt":"2023-08-09T19:55:04","slug":"spg-intercity-zurich-verstaerkt-office-team","status":"publish","type":"post","link":"https:\/\/www.immobilienbusiness.ch\/de\/unternehmen\/2020-03-23\/spg-intercity-zurich-verstaerkt-office-team\/","title":{"rendered":"SPG Intercity Zurich verst\u00e4rkt Office-Team"},"content":{"rendered":"<figure id=\"attachment_20615\" aria-describedby=\"caption-attachment-20615\" style=\"width: 300px\" class=\"wp-caption alignnone\"><img loading=\"lazy\" decoding=\"async\" class=\"wp-image-20615 size-medium\" src=\"https:\/\/www.immobilienbusiness.ch\/wp-content\/uploads\/2020\/03\/MM_SPG-IC_Verstaerkung-Office_Sandro-Henggeler-300x200.jpg\" alt=\"Sandro Henggeler\" width=\"300\" height=\"200\" srcset=\"https:\/\/www.immobilienbusiness.ch\/wp-content\/uploads\/2020\/03\/MM_SPG-IC_Verstaerkung-Office_Sandro-Henggeler-300x200.jpg 300w, https:\/\/www.immobilienbusiness.ch\/wp-content\/uploads\/2020\/03\/MM_SPG-IC_Verstaerkung-Office_Sandro-Henggeler-1024x683.jpg 1024w, https:\/\/www.immobilienbusiness.ch\/wp-content\/uploads\/2020\/03\/MM_SPG-IC_Verstaerkung-Office_Sandro-Henggeler-768x512.jpg 768w, https:\/\/www.immobilienbusiness.ch\/wp-content\/uploads\/2020\/03\/MM_SPG-IC_Verstaerkung-Office_Sandro-Henggeler-1536x1024.jpg 1536w, https:\/\/www.immobilienbusiness.ch\/wp-content\/uploads\/2020\/03\/MM_SPG-IC_Verstaerkung-Office_Sandro-Henggeler-2048x1365.jpg 2048w, https:\/\/www.immobilienbusiness.ch\/wp-content\/uploads\/2020\/03\/MM_SPG-IC_Verstaerkung-Office_Sandro-Henggeler-16x12.jpg 16w, https:\/\/www.immobilienbusiness.ch\/wp-content\/uploads\/2020\/03\/MM_SPG-IC_Verstaerkung-Office_Sandro-Henggeler-263x175.jpg 263w, https:\/\/www.immobilienbusiness.ch\/wp-content\/uploads\/2020\/03\/MM_SPG-IC_Verstaerkung-Office_Sandro-Henggeler-525x350.jpg 525w, https:\/\/www.immobilienbusiness.ch\/wp-content\/uploads\/2020\/03\/MM_SPG-IC_Verstaerkung-Office_Sandro-Henggeler-1200x800.jpg 1200w, https:\/\/www.immobilienbusiness.ch\/wp-content\/uploads\/2020\/03\/MM_SPG-IC_Verstaerkung-Office_Sandro-Henggeler-920x613.jpg 920w, https:\/\/www.immobilienbusiness.ch\/wp-content\/uploads\/2020\/03\/MM_SPG-IC_Verstaerkung-Office_Sandro-Henggeler-1400x933.jpg 1400w\" sizes=\"auto, (max-width: 300px) 100vw, 300px\" \/><figcaption id=\"caption-attachment-20615\" class=\"wp-caption-text\">Sandro Henggeler (Bild: Christoph Kaminski \/ kellenbergerkaminski)<\/figcaption><\/figure>\n<p>Sandro Henggeler sei bereits von 2011 bis 2014 Teil des B\u00fcrovermietungsteams von SPG Intercity Zurich gewesen, teilt der Immobiliendienstleister mit. Nach Stationen bei Wincasa und Immoveris kehre er zum April nun als Senior Consultant zur\u00fcck. Der 42-J\u00e4hrige ist Immobilien-Treuh\u00e4nder und Immobilien-Bewirtschafter FA. Im Office- und Retail-Team von SPG Intercity Zurich sind damit k\u00fcnftig zehn Personen in der Vermarktung kommerzieller Mietobjekte t\u00e4tig. <em>(ah)<\/em><\/p>\n","protected":false},"excerpt":{"rendered":"<p>Sandro Henggeler wird sich per 1. April 2020 dem Office-Team von SPG Intercity Zurich anschliessen.<\/p>\n","protected":false},"author":3,"featured_media":20615,"comment_status":"closed","ping_status":"closed","sticky":false,"template":"","format":"standard","meta":{"_acf_changed":false,"_yoast_wpseo_focuskw":"Sandro Henggeler","_yoast_wpseo_title":"","_yoast_wpseo_metadesc":"Sandro Henggeler wird sich per 1. April 2020 dem Office-Team von SPG Intercity Zurich anschliessen.","_yoast_wpseo_linkdex":44,"pgc_sgb_lightbox_settings":"","footnotes":""},"categories":[988],"tags":[1563,1717],"class_list":["post-20614","post","type-post","status-publish","format-standard","has-post-thumbnail","hentry","category-unternehmen","tag-personalia","tag-spg-intercity"],"acf":[],"yoast_head":"<!-- This site is optimized with the Yoast SEO plugin v27.4 - https:\/\/yoast.com\/product\/yoast-seo-wordpress\/ -->\n<title>SPG Intercity Zurich verst\u00e4rkt Office-Team - IMMOBILIEN Business<\/title>\n<meta name=\"description\" content=\"Sandro Henggeler wird sich per 1. April 2020 dem Office-Team von SPG Intercity Zurich anschliessen.\" \/>\n<meta name=\"robots\" content=\"index, follow, max-snippet:-1, max-image-preview:large, max-video-preview:-1\" \/>\n<link rel=\"canonical\" href=\"https:\/\/www.immobilienbusiness.ch\/de\/unternehmen\/2020-03-23\/spg-intercity-zurich-verstaerkt-office-team\/\" \/>\n<meta property=\"og:locale\" content=\"de_DE\" \/>\n<meta property=\"og:type\" content=\"article\" \/>\n<meta property=\"og:title\" content=\"SPG Intercity Zurich verst\u00e4rkt Office-Team - IMMOBILIEN Business\" \/>\n<meta property=\"og:description\" content=\"Sandro Henggeler wird sich per 1. April 2020 dem Office-Team von SPG Intercity Zurich anschliessen.\" \/>\n<meta property=\"og:url\" content=\"https:\/\/www.immobilienbusiness.ch\/de\/unternehmen\/2020-03-23\/spg-intercity-zurich-verstaerkt-office-team\/\" \/>\n<meta property=\"og:site_name\" content=\"IMMOBILIEN Business\" \/>\n<meta property=\"article:publisher\" content=\"https:\/\/www.facebook.com\/immobilienbusiness\/\" \/>\n<meta property=\"article:published_time\" content=\"2020-03-23T06:48:31+00:00\" \/>\n<meta property=\"article:modified_time\" content=\"2023-08-09T19:55:04+00:00\" \/>\n<meta property=\"og:image\" content=\"https:\/\/www.immobilienbusiness.ch\/wp-content\/uploads\/2020\/03\/MM_SPG-IC_Verstaerkung-Office_Sandro-Henggeler.jpg\" \/>\n\t<meta property=\"og:image:width\" content=\"2560\" \/>\n\t<meta property=\"og:image:height\" content=\"1706\" \/>\n\t<meta property=\"og:image:type\" content=\"image\/jpeg\" \/>\n<meta name=\"author\" content=\"anja.hall\" \/>\n<meta name=\"twitter:card\" content=\"summary_large_image\" \/>\n<meta name=\"twitter:image\" content=\"https:\/\/www.immobilienbusiness.ch\/wp-content\/uploads\/2020\/03\/MM_SPG-IC_Verstaerkung-Office_Sandro-Henggeler.jpg\" \/>\n<script type=\"application\/ld+json\" class=\"yoast-schema-graph\">{\"@context\":\"https:\\\/\\\/schema.org\",\"@graph\":[{\"@type\":\"Article\",\"@id\":\"https:\\\/\\\/www.immobilienbusiness.ch\\\/fr\\\/unternehmen\\\/2020-03-23\\\/spg-intercity-zurich-verstaerkt-office-team\\\/#article\",\"isPartOf\":{\"@id\":\"https:\\\/\\\/www.immobilienbusiness.ch\\\/fr\\\/unternehmen\\\/2020-03-23\\\/spg-intercity-zurich-verstaerkt-office-team\\\/\"},\"author\":{\"name\":\"anja.hall\",\"@id\":\"https:\\\/\\\/www.immobilienbusiness.ch\\\/#\\\/schema\\\/person\\\/3fc036297b10b9f42d6db5ee932af8c8\"},\"headline\":\"SPG Intercity Zurich verst\u00e4rkt Office-Team\",\"datePublished\":\"2020-03-23T06:48:31+00:00\",\"dateModified\":\"2023-08-09T19:55:04+00:00\",\"mainEntityOfPage\":{\"@id\":\"https:\\\/\\\/www.immobilienbusiness.ch\\\/fr\\\/unternehmen\\\/2020-03-23\\\/spg-intercity-zurich-verstaerkt-office-team\\\/\"},\"wordCount\":85,\"publisher\":{\"@id\":\"https:\\\/\\\/www.immobilienbusiness.ch\\\/#organization\"},\"image\":{\"@id\":\"https:\\\/\\\/www.immobilienbusiness.ch\\\/fr\\\/unternehmen\\\/2020-03-23\\\/spg-intercity-zurich-verstaerkt-office-team\\\/#primaryimage\"},\"thumbnailUrl\":\"https:\\\/\\\/www.immobilienbusiness.ch\\\/wp-content\\\/uploads\\\/2020\\\/03\\\/MM_SPG-IC_Verstaerkung-Office_Sandro-Henggeler.jpg\",\"keywords\":[\"Personalia\",\"SPG Intercity\"],\"articleSection\":[\"UNTERNEHMEN\"],\"inLanguage\":\"de\"},{\"@type\":\"WebPage\",\"@id\":\"https:\\\/\\\/www.immobilienbusiness.ch\\\/fr\\\/unternehmen\\\/2020-03-23\\\/spg-intercity-zurich-verstaerkt-office-team\\\/\",\"url\":\"https:\\\/\\\/www.immobilienbusiness.ch\\\/fr\\\/unternehmen\\\/2020-03-23\\\/spg-intercity-zurich-verstaerkt-office-team\\\/\",\"name\":\"SPG Intercity Zurich verst\u00e4rkt Office-Team - IMMOBILIEN Business\",\"isPartOf\":{\"@id\":\"https:\\\/\\\/www.immobilienbusiness.ch\\\/#website\"},\"primaryImageOfPage\":{\"@id\":\"https:\\\/\\\/www.immobilienbusiness.ch\\\/fr\\\/unternehmen\\\/2020-03-23\\\/spg-intercity-zurich-verstaerkt-office-team\\\/#primaryimage\"},\"image\":{\"@id\":\"https:\\\/\\\/www.immobilienbusiness.ch\\\/fr\\\/unternehmen\\\/2020-03-23\\\/spg-intercity-zurich-verstaerkt-office-team\\\/#primaryimage\"},\"thumbnailUrl\":\"https:\\\/\\\/www.immobilienbusiness.ch\\\/wp-content\\\/uploads\\\/2020\\\/03\\\/MM_SPG-IC_Verstaerkung-Office_Sandro-Henggeler.jpg\",\"datePublished\":\"2020-03-23T06:48:31+00:00\",\"dateModified\":\"2023-08-09T19:55:04+00:00\",\"description\":\"Sandro Henggeler wird sich per 1. April 2020 dem Office-Team von SPG Intercity Zurich anschliessen.\",\"breadcrumb\":{\"@id\":\"https:\\\/\\\/www.immobilienbusiness.ch\\\/fr\\\/unternehmen\\\/2020-03-23\\\/spg-intercity-zurich-verstaerkt-office-team\\\/#breadcrumb\"},\"inLanguage\":\"de\",\"potentialAction\":[{\"@type\":\"ReadAction\",\"target\":[\"https:\\\/\\\/www.immobilienbusiness.ch\\\/fr\\\/unternehmen\\\/2020-03-23\\\/spg-intercity-zurich-verstaerkt-office-team\\\/\"]}]},{\"@type\":\"ImageObject\",\"inLanguage\":\"de\",\"@id\":\"https:\\\/\\\/www.immobilienbusiness.ch\\\/fr\\\/unternehmen\\\/2020-03-23\\\/spg-intercity-zurich-verstaerkt-office-team\\\/#primaryimage\",\"url\":\"https:\\\/\\\/www.immobilienbusiness.ch\\\/wp-content\\\/uploads\\\/2020\\\/03\\\/MM_SPG-IC_Verstaerkung-Office_Sandro-Henggeler.jpg\",\"contentUrl\":\"https:\\\/\\\/www.immobilienbusiness.ch\\\/wp-content\\\/uploads\\\/2020\\\/03\\\/MM_SPG-IC_Verstaerkung-Office_Sandro-Henggeler.jpg\",\"width\":2560,\"height\":1706,\"caption\":\"Sandro Henggeler (Bild: Christoph Kaminski \\\/ kellenbergerkaminski)\"},{\"@type\":\"BreadcrumbList\",\"@id\":\"https:\\\/\\\/www.immobilienbusiness.ch\\\/fr\\\/unternehmen\\\/2020-03-23\\\/spg-intercity-zurich-verstaerkt-office-team\\\/#breadcrumb\",\"itemListElement\":[{\"@type\":\"ListItem\",\"position\":1,\"name\":\"Home\",\"item\":\"https:\\\/\\\/www.immobilienbusiness.ch\\\/\"},{\"@type\":\"ListItem\",\"position\":2,\"name\":\"SPG Intercity Zurich verst\u00e4rkt Office-Team\"}]},{\"@type\":\"WebSite\",\"@id\":\"https:\\\/\\\/www.immobilienbusiness.ch\\\/#website\",\"url\":\"https:\\\/\\\/www.immobilienbusiness.ch\\\/\",\"name\":\"IMMOBILIEN Business\",\"description\":\"Unabh\u00e4ngiges Schweizer Wirtschaftsmagazin mit Fokus auf Immobilien, Architektur- und Bau sowie Investment- und Finanzierung.\",\"publisher\":{\"@id\":\"https:\\\/\\\/www.immobilienbusiness.ch\\\/#organization\"},\"potentialAction\":[{\"@type\":\"SearchAction\",\"target\":{\"@type\":\"EntryPoint\",\"urlTemplate\":\"https:\\\/\\\/www.immobilienbusiness.ch\\\/?s={search_term_string}\"},\"query-input\":{\"@type\":\"PropertyValueSpecification\",\"valueRequired\":true,\"valueName\":\"search_term_string\"}}],\"inLanguage\":\"de\"},{\"@type\":\"Organization\",\"@id\":\"https:\\\/\\\/www.immobilienbusiness.ch\\\/#organization\",\"name\":\"IMMOBILIEN Business\",\"url\":\"https:\\\/\\\/www.immobilienbusiness.ch\\\/\",\"logo\":{\"@type\":\"ImageObject\",\"inLanguage\":\"de\",\"@id\":\"https:\\\/\\\/www.immobilienbusiness.ch\\\/#\\\/schema\\\/logo\\\/image\\\/\",\"url\":\"https:\\\/\\\/www.immobilienbusiness.ch\\\/wp-content\\\/uploads\\\/2021\\\/07\\\/logo_ib.png\",\"contentUrl\":\"https:\\\/\\\/www.immobilienbusiness.ch\\\/wp-content\\\/uploads\\\/2021\\\/07\\\/logo_ib.png\",\"width\":800,\"height\":181,\"caption\":\"IMMOBILIEN Business\"},\"image\":{\"@id\":\"https:\\\/\\\/www.immobilienbusiness.ch\\\/#\\\/schema\\\/logo\\\/image\\\/\"},\"sameAs\":[\"https:\\\/\\\/www.facebook.com\\\/immobilienbusiness\\\/\"]},{\"@type\":\"Person\",\"@id\":\"https:\\\/\\\/www.immobilienbusiness.ch\\\/#\\\/schema\\\/person\\\/3fc036297b10b9f42d6db5ee932af8c8\",\"name\":\"anja.hall\",\"image\":{\"@type\":\"ImageObject\",\"inLanguage\":\"de\",\"@id\":\"https:\\\/\\\/secure.gravatar.com\\\/avatar\\\/066b5a0d447013502c71a5782f4f3469f03cfe595cc2329fb94652fe47511bfb?s=96&d=mm&r=g\",\"url\":\"https:\\\/\\\/secure.gravatar.com\\\/avatar\\\/066b5a0d447013502c71a5782f4f3469f03cfe595cc2329fb94652fe47511bfb?s=96&d=mm&r=g\",\"contentUrl\":\"https:\\\/\\\/secure.gravatar.com\\\/avatar\\\/066b5a0d447013502c71a5782f4f3469f03cfe595cc2329fb94652fe47511bfb?s=96&d=mm&r=g\",\"caption\":\"anja.hall\"},\"url\":\"https:\\\/\\\/www.immobilienbusiness.ch\\\/de\\\/author\\\/anja-hall\\\/\"}]}<\/script>\n<!-- \/ Yoast SEO plugin. -->","yoast_head_json":{"title":"SPG Intercity Zurich verst\u00e4rkt Office-Team - IMMOBILIEN Business","description":"Sandro Henggeler wird sich per 1. April 2020 dem Office-Team von SPG Intercity Zurich anschliessen.","robots":{"index":"index","follow":"follow","max-snippet":"max-snippet:-1","max-image-preview":"max-image-preview:large","max-video-preview":"max-video-preview:-1"},"canonical":"https:\/\/www.immobilienbusiness.ch\/de\/unternehmen\/2020-03-23\/spg-intercity-zurich-verstaerkt-office-team\/","og_locale":"de_DE","og_type":"article","og_title":"SPG Intercity Zurich verst\u00e4rkt Office-Team - IMMOBILIEN Business","og_description":"Sandro Henggeler wird sich per 1. April 2020 dem Office-Team von SPG Intercity Zurich anschliessen.","og_url":"https:\/\/www.immobilienbusiness.ch\/de\/unternehmen\/2020-03-23\/spg-intercity-zurich-verstaerkt-office-team\/","og_site_name":"IMMOBILIEN Business","article_publisher":"https:\/\/www.facebook.com\/immobilienbusiness\/","article_published_time":"2020-03-23T06:48:31+00:00","article_modified_time":"2023-08-09T19:55:04+00:00","og_image":[{"width":2560,"height":1706,"url":"https:\/\/www.immobilienbusiness.ch\/wp-content\/uploads\/2020\/03\/MM_SPG-IC_Verstaerkung-Office_Sandro-Henggeler.jpg","type":"image\/jpeg"}],"author":"anja.hall","twitter_card":"summary_large_image","twitter_image":"https:\/\/www.immobilienbusiness.ch\/wp-content\/uploads\/2020\/03\/MM_SPG-IC_Verstaerkung-Office_Sandro-Henggeler.jpg","schema":{"@context":"https:\/\/schema.org","@graph":[{"@type":"Article","@id":"https:\/\/www.immobilienbusiness.ch\/fr\/unternehmen\/2020-03-23\/spg-intercity-zurich-verstaerkt-office-team\/#article","isPartOf":{"@id":"https:\/\/www.immobilienbusiness.ch\/fr\/unternehmen\/2020-03-23\/spg-intercity-zurich-verstaerkt-office-team\/"},"author":{"name":"anja.hall","@id":"https:\/\/www.immobilienbusiness.ch\/#\/schema\/person\/3fc036297b10b9f42d6db5ee932af8c8"},"headline":"SPG Intercity Zurich verst\u00e4rkt Office-Team","datePublished":"2020-03-23T06:48:31+00:00","dateModified":"2023-08-09T19:55:04+00:00","mainEntityOfPage":{"@id":"https:\/\/www.immobilienbusiness.ch\/fr\/unternehmen\/2020-03-23\/spg-intercity-zurich-verstaerkt-office-team\/"},"wordCount":85,"publisher":{"@id":"https:\/\/www.immobilienbusiness.ch\/#organization"},"image":{"@id":"https:\/\/www.immobilienbusiness.ch\/fr\/unternehmen\/2020-03-23\/spg-intercity-zurich-verstaerkt-office-team\/#primaryimage"},"thumbnailUrl":"https:\/\/www.immobilienbusiness.ch\/wp-content\/uploads\/2020\/03\/MM_SPG-IC_Verstaerkung-Office_Sandro-Henggeler.jpg","keywords":["Personalia","SPG Intercity"],"articleSection":["UNTERNEHMEN"],"inLanguage":"de"},{"@type":"WebPage","@id":"https:\/\/www.immobilienbusiness.ch\/fr\/unternehmen\/2020-03-23\/spg-intercity-zurich-verstaerkt-office-team\/","url":"https:\/\/www.immobilienbusiness.ch\/fr\/unternehmen\/2020-03-23\/spg-intercity-zurich-verstaerkt-office-team\/","name":"SPG Intercity Zurich verst\u00e4rkt Office-Team - IMMOBILIEN Business","isPartOf":{"@id":"https:\/\/www.immobilienbusiness.ch\/#website"},"primaryImageOfPage":{"@id":"https:\/\/www.immobilienbusiness.ch\/fr\/unternehmen\/2020-03-23\/spg-intercity-zurich-verstaerkt-office-team\/#primaryimage"},"image":{"@id":"https:\/\/www.immobilienbusiness.ch\/fr\/unternehmen\/2020-03-23\/spg-intercity-zurich-verstaerkt-office-team\/#primaryimage"},"thumbnailUrl":"https:\/\/www.immobilienbusiness.ch\/wp-content\/uploads\/2020\/03\/MM_SPG-IC_Verstaerkung-Office_Sandro-Henggeler.jpg","datePublished":"2020-03-23T06:48:31+00:00","dateModified":"2023-08-09T19:55:04+00:00","description":"Sandro Henggeler wird sich per 1. April 2020 dem Office-Team von SPG Intercity Zurich anschliessen.","breadcrumb":{"@id":"https:\/\/www.immobilienbusiness.ch\/fr\/unternehmen\/2020-03-23\/spg-intercity-zurich-verstaerkt-office-team\/#breadcrumb"},"inLanguage":"de","potentialAction":[{"@type":"ReadAction","target":["https:\/\/www.immobilienbusiness.ch\/fr\/unternehmen\/2020-03-23\/spg-intercity-zurich-verstaerkt-office-team\/"]}]},{"@type":"ImageObject","inLanguage":"de","@id":"https:\/\/www.immobilienbusiness.ch\/fr\/unternehmen\/2020-03-23\/spg-intercity-zurich-verstaerkt-office-team\/#primaryimage","url":"https:\/\/www.immobilienbusiness.ch\/wp-content\/uploads\/2020\/03\/MM_SPG-IC_Verstaerkung-Office_Sandro-Henggeler.jpg","contentUrl":"https:\/\/www.immobilienbusiness.ch\/wp-content\/uploads\/2020\/03\/MM_SPG-IC_Verstaerkung-Office_Sandro-Henggeler.jpg","width":2560,"height":1706,"caption":"Sandro Henggeler (Bild: Christoph Kaminski \/ kellenbergerkaminski)"},{"@type":"BreadcrumbList","@id":"https:\/\/www.immobilienbusiness.ch\/fr\/unternehmen\/2020-03-23\/spg-intercity-zurich-verstaerkt-office-team\/#breadcrumb","itemListElement":[{"@type":"ListItem","position":1,"name":"Home","item":"https:\/\/www.immobilienbusiness.ch\/"},{"@type":"ListItem","position":2,"name":"SPG Intercity Zurich verst\u00e4rkt Office-Team"}]},{"@type":"WebSite","@id":"https:\/\/www.immobilienbusiness.ch\/#website","url":"https:\/\/www.immobilienbusiness.ch\/","name":"IMMOBILIEN Business","description":"Unabh\u00e4ngiges Schweizer Wirtschaftsmagazin mit Fokus auf Immobilien, Architektur- und Bau sowie Investment- und Finanzierung.","publisher":{"@id":"https:\/\/www.immobilienbusiness.ch\/#organization"},"potentialAction":[{"@type":"SearchAction","target":{"@type":"EntryPoint","urlTemplate":"https:\/\/www.immobilienbusiness.ch\/?s={search_term_string}"},"query-input":{"@type":"PropertyValueSpecification","valueRequired":true,"valueName":"search_term_string"}}],"inLanguage":"de"},{"@type":"Organization","@id":"https:\/\/www.immobilienbusiness.ch\/#organization","name":"IMMOBILIEN Business","url":"https:\/\/www.immobilienbusiness.ch\/","logo":{"@type":"ImageObject","inLanguage":"de","@id":"https:\/\/www.immobilienbusiness.ch\/#\/schema\/logo\/image\/","url":"https:\/\/www.immobilienbusiness.ch\/wp-content\/uploads\/2021\/07\/logo_ib.png","contentUrl":"https:\/\/www.immobilienbusiness.ch\/wp-content\/uploads\/2021\/07\/logo_ib.png","width":800,"height":181,"caption":"IMMOBILIEN Business"},"image":{"@id":"https:\/\/www.immobilienbusiness.ch\/#\/schema\/logo\/image\/"},"sameAs":["https:\/\/www.facebook.com\/immobilienbusiness\/"]},{"@type":"Person","@id":"https:\/\/www.immobilienbusiness.ch\/#\/schema\/person\/3fc036297b10b9f42d6db5ee932af8c8","name":"anja.hall","image":{"@type":"ImageObject","inLanguage":"de","@id":"https:\/\/secure.gravatar.com\/avatar\/066b5a0d447013502c71a5782f4f3469f03cfe595cc2329fb94652fe47511bfb?s=96&d=mm&r=g","url":"https:\/\/secure.gravatar.com\/avatar\/066b5a0d447013502c71a5782f4f3469f03cfe595cc2329fb94652fe47511bfb?s=96&d=mm&r=g","contentUrl":"https:\/\/secure.gravatar.com\/avatar\/066b5a0d447013502c71a5782f4f3469f03cfe595cc2329fb94652fe47511bfb?s=96&d=mm&r=g","caption":"anja.hall"},"url":"https:\/\/www.immobilienbusiness.ch\/de\/author\/anja-hall\/"}]}},"_links":{"self":[{"href":"https:\/\/www.immobilienbusiness.ch\/de\/wp-json\/wp\/v2\/posts\/20614","targetHints":{"allow":["GET"]}}],"collection":[{"href":"https:\/\/www.immobilienbusiness.ch\/de\/wp-json\/wp\/v2\/posts"}],"about":[{"href":"https:\/\/www.immobilienbusiness.ch\/de\/wp-json\/wp\/v2\/types\/post"}],"author":[{"embeddable":true,"href":"https:\/\/www.immobilienbusiness.ch\/de\/wp-json\/wp\/v2\/users\/3"}],"replies":[{"embeddable":true,"href":"https:\/\/www.immobilienbusiness.ch\/de\/wp-json\/wp\/v2\/comments?post=20614"}],"version-history":[{"count":1,"href":"https:\/\/www.immobilienbusiness.ch\/de\/wp-json\/wp\/v2\/posts\/20614\/revisions"}],"predecessor-version":[{"id":51880,"href":"https:\/\/www.immobilienbusiness.ch\/de\/wp-json\/wp\/v2\/posts\/20614\/revisions\/51880"}],"wp:featuredmedia":[{"embeddable":true,"href":"https:\/\/www.immobilienbusiness.ch\/de\/wp-json\/wp\/v2\/media\/20615"}],"wp:attachment":[{"href":"https:\/\/www.immobilienbusiness.ch\/de\/wp-json\/wp\/v2\/media?parent=20614"}],"wp:term":[{"taxonomy":"category","embeddable":true,"href":"https:\/\/www.immobilienbusiness.ch\/de\/wp-json\/wp\/v2\/categories?post=20614"},{"taxonomy":"post_tag","embeddable":true,"href":"https:\/\/www.immobilienbusiness.ch\/de\/wp-json\/wp\/v2\/tags?post=20614"}],"curies":[{"name":"wp","href":"https:\/\/api.w.org\/{rel}","templated":true}]}}