{"id":20564,"date":"2020-03-20T08:19:17","date_gmt":"2020-03-20T07:19:17","guid":{"rendered":"https:\/\/www.immobilienbusiness.ch\/?p=20564"},"modified":"2020-03-20T08:19:17","modified_gmt":"2020-03-20T07:19:17","slug":"thomasgraf-ag-eroeffnet-standorte-in-zuerich-und-zug","status":"publish","type":"post","link":"https:\/\/www.immobilienbusiness.ch\/de\/unternehmen\/2020-03-20\/thomasgraf-ag-eroeffnet-standorte-in-zuerich-und-zug\/","title":{"rendered":"Thomasgraf AG er\u00f6ffnet Standorte in Z\u00fcrich und Zug"},"content":{"rendered":"<figure id=\"attachment_18544\" aria-describedby=\"caption-attachment-18544\" style=\"width: 680px\" class=\"wp-caption alignnone\"><img loading=\"lazy\" decoding=\"async\" class=\"size-medium wp-image-18544\" src=\"https:\/\/www.immobilienbusiness.ch\/wp-content\/uploads\/2019\/09\/Depositphotos_52470619_l-2015-1024x793.jpg\" alt=\"\" width=\"680\" height=\"527\" \/><figcaption id=\"caption-attachment-18544\" class=\"wp-caption-text\">Die Thomasgraf AG ist nun auch mit Standorten in Z\u00fcrich und Zug vertreten (Bild: rawpixel &#8211; depositphotos)<\/figcaption><\/figure>\n<p>Der Standort in Z\u00fcrich wird laut einer Mitteilung des Unternehmens von den Partnern Thomas und Eric Welti gef\u00fchrt. Partner der Thomasgraf AG Zug ist der Immobilienfachmann Michel M\u00fcller, Mitglieder der Gesch\u00e4ftsleitung in Zug sind Nicole Schumacher und Doris Andermatt-Iten. Es handele sich um regional bestens verankerte Gesch\u00e4ftspartner und -partnerinnen, mit denen man bereits in verschiedenen Kundenmandaten erfolgreich zusammengearbeitet habe, prim\u00e4r in den Bereichen Bewertung und Retail, so Thomas Graf.<\/p>\n<p>Die bisherigen Firmen der Standortleiter &#8211; die Welti AG in Z\u00fcrich und die Michel M\u00fcller AG in Ober\u00e4geri (ZG) &#8211;\u00a0 bleiben der Mitteilung zufolge bestehen. Die Thomasgraf AG erbringt Dienstleistungen in den Bereichen Verkauf, Erstvermietung, Bewertung, Entwicklung und Marketing. <em>(ah)<\/em><\/p>\n","protected":false},"excerpt":{"rendered":"<p>Der Berner Immobiliendienstleister Thomasgraf AG expandiert in der Deutschschweiz und hat zwei neue Standorte in Z\u00fcrich und Zug er\u00f6ffnet.<\/p>\n","protected":false},"author":3,"featured_media":18544,"comment_status":"closed","ping_status":"open","sticky":false,"template":"","format":"standard","meta":{"_acf_changed":false,"_yoast_wpseo_focuskw":"Thomasgraf","_yoast_wpseo_title":"","_yoast_wpseo_metadesc":"Der Berner Immobiliendienstleister Thomasgraf AG expandiert in der Deutschschweiz und er\u00f6ffnet zwei Standorte in Z\u00fcrich und Zug.","_yoast_wpseo_linkdex":53,"pgc_sgb_lightbox_settings":"","footnotes":""},"categories":[988],"tags":[1460,1884,1888],"class_list":["post-20564","post","type-post","status-publish","format-standard","has-post-thumbnail","hentry","category-unternehmen","tag-makler","tag-zug","tag-zuerich"],"acf":[],"yoast_head":"<!-- This site is optimized with the Yoast SEO plugin v27.5 - https:\/\/yoast.com\/product\/yoast-seo-wordpress\/ -->\n<title>Thomasgraf AG er\u00f6ffnet Standorte in Z\u00fcrich und Zug - IMMOBILIEN Business<\/title>\n<meta name=\"description\" content=\"Der Berner Immobiliendienstleister Thomasgraf AG expandiert in der Deutschschweiz und er\u00f6ffnet zwei Standorte in Z\u00fcrich und Zug.\" \/>\n<meta name=\"robots\" content=\"index, follow, max-snippet:-1, max-image-preview:large, max-video-preview:-1\" \/>\n<link rel=\"canonical\" href=\"https:\/\/www.immobilienbusiness.ch\/de\/unternehmen\/2020-03-20\/thomasgraf-ag-eroeffnet-standorte-in-zuerich-und-zug\/\" \/>\n<meta property=\"og:locale\" content=\"de_DE\" \/>\n<meta property=\"og:type\" content=\"article\" \/>\n<meta property=\"og:title\" content=\"Thomasgraf AG er\u00f6ffnet Standorte in Z\u00fcrich und Zug - IMMOBILIEN Business\" \/>\n<meta property=\"og:description\" content=\"Der Berner Immobiliendienstleister Thomasgraf AG expandiert in der Deutschschweiz und er\u00f6ffnet zwei Standorte in Z\u00fcrich und Zug.\" \/>\n<meta property=\"og:url\" content=\"https:\/\/www.immobilienbusiness.ch\/de\/unternehmen\/2020-03-20\/thomasgraf-ag-eroeffnet-standorte-in-zuerich-und-zug\/\" \/>\n<meta property=\"og:site_name\" content=\"IMMOBILIEN Business\" \/>\n<meta property=\"article:publisher\" content=\"https:\/\/www.facebook.com\/immobilienbusiness\/\" \/>\n<meta property=\"article:published_time\" content=\"2020-03-20T07:19:17+00:00\" \/>\n<meta property=\"og:image\" content=\"https:\/\/www.immobilienbusiness.ch\/wp-content\/uploads\/2019\/09\/Depositphotos_52470619_l-2015-1024x793-1.jpg\" \/>\n\t<meta property=\"og:image:width\" content=\"1024\" \/>\n\t<meta property=\"og:image:height\" content=\"793\" \/>\n\t<meta property=\"og:image:type\" content=\"image\/jpeg\" \/>\n<meta name=\"author\" content=\"anja.hall\" \/>\n<meta name=\"twitter:card\" content=\"summary_large_image\" \/>\n<meta name=\"twitter:image\" content=\"https:\/\/www.immobilienbusiness.ch\/wp-content\/uploads\/2019\/09\/Depositphotos_52470619_l-2015-1024x793-1.jpg\" \/>\n<script type=\"application\/ld+json\" class=\"yoast-schema-graph\">{\"@context\":\"https:\\\/\\\/schema.org\",\"@graph\":[{\"@type\":\"Article\",\"@id\":\"https:\\\/\\\/www.immobilienbusiness.ch\\\/it\\\/unternehmen\\\/2020-03-20\\\/thomasgraf-ag-eroeffnet-standorte-in-zuerich-und-zug\\\/#article\",\"isPartOf\":{\"@id\":\"https:\\\/\\\/www.immobilienbusiness.ch\\\/it\\\/unternehmen\\\/2020-03-20\\\/thomasgraf-ag-eroeffnet-standorte-in-zuerich-und-zug\\\/\"},\"author\":{\"name\":\"anja.hall\",\"@id\":\"https:\\\/\\\/www.immobilienbusiness.ch\\\/#\\\/schema\\\/person\\\/3fc036297b10b9f42d6db5ee932af8c8\"},\"headline\":\"Thomasgraf AG er\u00f6ffnet Standorte in Z\u00fcrich und Zug\",\"datePublished\":\"2020-03-20T07:19:17+00:00\",\"mainEntityOfPage\":{\"@id\":\"https:\\\/\\\/www.immobilienbusiness.ch\\\/it\\\/unternehmen\\\/2020-03-20\\\/thomasgraf-ag-eroeffnet-standorte-in-zuerich-und-zug\\\/\"},\"wordCount\":153,\"publisher\":{\"@id\":\"https:\\\/\\\/www.immobilienbusiness.ch\\\/#organization\"},\"image\":{\"@id\":\"https:\\\/\\\/www.immobilienbusiness.ch\\\/it\\\/unternehmen\\\/2020-03-20\\\/thomasgraf-ag-eroeffnet-standorte-in-zuerich-und-zug\\\/#primaryimage\"},\"thumbnailUrl\":\"https:\\\/\\\/www.immobilienbusiness.ch\\\/wp-content\\\/uploads\\\/2019\\\/09\\\/Depositphotos_52470619_l-2015-1024x793-1.jpg\",\"keywords\":[\"Makler\",\"Zug\",\"Z\u00fcrich\"],\"articleSection\":[\"UNTERNEHMEN\"],\"inLanguage\":\"de\"},{\"@type\":\"WebPage\",\"@id\":\"https:\\\/\\\/www.immobilienbusiness.ch\\\/it\\\/unternehmen\\\/2020-03-20\\\/thomasgraf-ag-eroeffnet-standorte-in-zuerich-und-zug\\\/\",\"url\":\"https:\\\/\\\/www.immobilienbusiness.ch\\\/it\\\/unternehmen\\\/2020-03-20\\\/thomasgraf-ag-eroeffnet-standorte-in-zuerich-und-zug\\\/\",\"name\":\"Thomasgraf AG er\u00f6ffnet Standorte in Z\u00fcrich und Zug - IMMOBILIEN Business\",\"isPartOf\":{\"@id\":\"https:\\\/\\\/www.immobilienbusiness.ch\\\/#website\"},\"primaryImageOfPage\":{\"@id\":\"https:\\\/\\\/www.immobilienbusiness.ch\\\/it\\\/unternehmen\\\/2020-03-20\\\/thomasgraf-ag-eroeffnet-standorte-in-zuerich-und-zug\\\/#primaryimage\"},\"image\":{\"@id\":\"https:\\\/\\\/www.immobilienbusiness.ch\\\/it\\\/unternehmen\\\/2020-03-20\\\/thomasgraf-ag-eroeffnet-standorte-in-zuerich-und-zug\\\/#primaryimage\"},\"thumbnailUrl\":\"https:\\\/\\\/www.immobilienbusiness.ch\\\/wp-content\\\/uploads\\\/2019\\\/09\\\/Depositphotos_52470619_l-2015-1024x793-1.jpg\",\"datePublished\":\"2020-03-20T07:19:17+00:00\",\"description\":\"Der Berner Immobiliendienstleister Thomasgraf AG expandiert in der Deutschschweiz und er\u00f6ffnet zwei Standorte in Z\u00fcrich und Zug.\",\"breadcrumb\":{\"@id\":\"https:\\\/\\\/www.immobilienbusiness.ch\\\/it\\\/unternehmen\\\/2020-03-20\\\/thomasgraf-ag-eroeffnet-standorte-in-zuerich-und-zug\\\/#breadcrumb\"},\"inLanguage\":\"de\",\"potentialAction\":[{\"@type\":\"ReadAction\",\"target\":[\"https:\\\/\\\/www.immobilienbusiness.ch\\\/it\\\/unternehmen\\\/2020-03-20\\\/thomasgraf-ag-eroeffnet-standorte-in-zuerich-und-zug\\\/\"]}]},{\"@type\":\"ImageObject\",\"inLanguage\":\"de\",\"@id\":\"https:\\\/\\\/www.immobilienbusiness.ch\\\/it\\\/unternehmen\\\/2020-03-20\\\/thomasgraf-ag-eroeffnet-standorte-in-zuerich-und-zug\\\/#primaryimage\",\"url\":\"https:\\\/\\\/www.immobilienbusiness.ch\\\/wp-content\\\/uploads\\\/2019\\\/09\\\/Depositphotos_52470619_l-2015-1024x793-1.jpg\",\"contentUrl\":\"https:\\\/\\\/www.immobilienbusiness.ch\\\/wp-content\\\/uploads\\\/2019\\\/09\\\/Depositphotos_52470619_l-2015-1024x793-1.jpg\",\"width\":1024,\"height\":793,\"caption\":\"Walter Eberle \u00fcbernimmt bei Investis die Verantwortung f\u00fcr die Facility Service (Bild: rawpixel - depositphotos)\"},{\"@type\":\"BreadcrumbList\",\"@id\":\"https:\\\/\\\/www.immobilienbusiness.ch\\\/it\\\/unternehmen\\\/2020-03-20\\\/thomasgraf-ag-eroeffnet-standorte-in-zuerich-und-zug\\\/#breadcrumb\",\"itemListElement\":[{\"@type\":\"ListItem\",\"position\":1,\"name\":\"Home\",\"item\":\"https:\\\/\\\/www.immobilienbusiness.ch\\\/\"},{\"@type\":\"ListItem\",\"position\":2,\"name\":\"Thomasgraf AG er\u00f6ffnet Standorte in Z\u00fcrich und Zug\"}]},{\"@type\":\"WebSite\",\"@id\":\"https:\\\/\\\/www.immobilienbusiness.ch\\\/#website\",\"url\":\"https:\\\/\\\/www.immobilienbusiness.ch\\\/\",\"name\":\"IMMOBILIEN Business\",\"description\":\"Unabh\u00e4ngiges Schweizer Wirtschaftsmagazin mit Fokus auf Immobilien, Architektur- und Bau sowie Investment- und Finanzierung.\",\"publisher\":{\"@id\":\"https:\\\/\\\/www.immobilienbusiness.ch\\\/#organization\"},\"potentialAction\":[{\"@type\":\"SearchAction\",\"target\":{\"@type\":\"EntryPoint\",\"urlTemplate\":\"https:\\\/\\\/www.immobilienbusiness.ch\\\/?s={search_term_string}\"},\"query-input\":{\"@type\":\"PropertyValueSpecification\",\"valueRequired\":true,\"valueName\":\"search_term_string\"}}],\"inLanguage\":\"de\"},{\"@type\":\"Organization\",\"@id\":\"https:\\\/\\\/www.immobilienbusiness.ch\\\/#organization\",\"name\":\"IMMOBILIEN Business\",\"url\":\"https:\\\/\\\/www.immobilienbusiness.ch\\\/\",\"logo\":{\"@type\":\"ImageObject\",\"inLanguage\":\"de\",\"@id\":\"https:\\\/\\\/www.immobilienbusiness.ch\\\/#\\\/schema\\\/logo\\\/image\\\/\",\"url\":\"https:\\\/\\\/www.immobilienbusiness.ch\\\/wp-content\\\/uploads\\\/2021\\\/07\\\/logo_ib.png\",\"contentUrl\":\"https:\\\/\\\/www.immobilienbusiness.ch\\\/wp-content\\\/uploads\\\/2021\\\/07\\\/logo_ib.png\",\"width\":800,\"height\":181,\"caption\":\"IMMOBILIEN Business\"},\"image\":{\"@id\":\"https:\\\/\\\/www.immobilienbusiness.ch\\\/#\\\/schema\\\/logo\\\/image\\\/\"},\"sameAs\":[\"https:\\\/\\\/www.facebook.com\\\/immobilienbusiness\\\/\"]},{\"@type\":\"Person\",\"@id\":\"https:\\\/\\\/www.immobilienbusiness.ch\\\/#\\\/schema\\\/person\\\/3fc036297b10b9f42d6db5ee932af8c8\",\"name\":\"anja.hall\",\"image\":{\"@type\":\"ImageObject\",\"inLanguage\":\"de\",\"@id\":\"https:\\\/\\\/secure.gravatar.com\\\/avatar\\\/066b5a0d447013502c71a5782f4f3469f03cfe595cc2329fb94652fe47511bfb?s=96&d=mm&r=g\",\"url\":\"https:\\\/\\\/secure.gravatar.com\\\/avatar\\\/066b5a0d447013502c71a5782f4f3469f03cfe595cc2329fb94652fe47511bfb?s=96&d=mm&r=g\",\"contentUrl\":\"https:\\\/\\\/secure.gravatar.com\\\/avatar\\\/066b5a0d447013502c71a5782f4f3469f03cfe595cc2329fb94652fe47511bfb?s=96&d=mm&r=g\",\"caption\":\"anja.hall\"},\"url\":\"https:\\\/\\\/www.immobilienbusiness.ch\\\/de\\\/author\\\/anja-hall\\\/\"}]}<\/script>\n<!-- \/ Yoast SEO plugin. -->","yoast_head_json":{"title":"Thomasgraf AG er\u00f6ffnet Standorte in Z\u00fcrich und Zug - IMMOBILIEN Business","description":"Der Berner Immobiliendienstleister Thomasgraf AG expandiert in der Deutschschweiz und er\u00f6ffnet zwei Standorte in Z\u00fcrich und Zug.","robots":{"index":"index","follow":"follow","max-snippet":"max-snippet:-1","max-image-preview":"max-image-preview:large","max-video-preview":"max-video-preview:-1"},"canonical":"https:\/\/www.immobilienbusiness.ch\/de\/unternehmen\/2020-03-20\/thomasgraf-ag-eroeffnet-standorte-in-zuerich-und-zug\/","og_locale":"de_DE","og_type":"article","og_title":"Thomasgraf AG er\u00f6ffnet Standorte in Z\u00fcrich und Zug - IMMOBILIEN Business","og_description":"Der Berner Immobiliendienstleister Thomasgraf AG expandiert in der Deutschschweiz und er\u00f6ffnet zwei Standorte in Z\u00fcrich und Zug.","og_url":"https:\/\/www.immobilienbusiness.ch\/de\/unternehmen\/2020-03-20\/thomasgraf-ag-eroeffnet-standorte-in-zuerich-und-zug\/","og_site_name":"IMMOBILIEN Business","article_publisher":"https:\/\/www.facebook.com\/immobilienbusiness\/","article_published_time":"2020-03-20T07:19:17+00:00","og_image":[{"width":1024,"height":793,"url":"https:\/\/www.immobilienbusiness.ch\/wp-content\/uploads\/2019\/09\/Depositphotos_52470619_l-2015-1024x793-1.jpg","type":"image\/jpeg"}],"author":"anja.hall","twitter_card":"summary_large_image","twitter_image":"https:\/\/www.immobilienbusiness.ch\/wp-content\/uploads\/2019\/09\/Depositphotos_52470619_l-2015-1024x793-1.jpg","schema":{"@context":"https:\/\/schema.org","@graph":[{"@type":"Article","@id":"https:\/\/www.immobilienbusiness.ch\/it\/unternehmen\/2020-03-20\/thomasgraf-ag-eroeffnet-standorte-in-zuerich-und-zug\/#article","isPartOf":{"@id":"https:\/\/www.immobilienbusiness.ch\/it\/unternehmen\/2020-03-20\/thomasgraf-ag-eroeffnet-standorte-in-zuerich-und-zug\/"},"author":{"name":"anja.hall","@id":"https:\/\/www.immobilienbusiness.ch\/#\/schema\/person\/3fc036297b10b9f42d6db5ee932af8c8"},"headline":"Thomasgraf AG er\u00f6ffnet Standorte in Z\u00fcrich und Zug","datePublished":"2020-03-20T07:19:17+00:00","mainEntityOfPage":{"@id":"https:\/\/www.immobilienbusiness.ch\/it\/unternehmen\/2020-03-20\/thomasgraf-ag-eroeffnet-standorte-in-zuerich-und-zug\/"},"wordCount":153,"publisher":{"@id":"https:\/\/www.immobilienbusiness.ch\/#organization"},"image":{"@id":"https:\/\/www.immobilienbusiness.ch\/it\/unternehmen\/2020-03-20\/thomasgraf-ag-eroeffnet-standorte-in-zuerich-und-zug\/#primaryimage"},"thumbnailUrl":"https:\/\/www.immobilienbusiness.ch\/wp-content\/uploads\/2019\/09\/Depositphotos_52470619_l-2015-1024x793-1.jpg","keywords":["Makler","Zug","Z\u00fcrich"],"articleSection":["UNTERNEHMEN"],"inLanguage":"de"},{"@type":"WebPage","@id":"https:\/\/www.immobilienbusiness.ch\/it\/unternehmen\/2020-03-20\/thomasgraf-ag-eroeffnet-standorte-in-zuerich-und-zug\/","url":"https:\/\/www.immobilienbusiness.ch\/it\/unternehmen\/2020-03-20\/thomasgraf-ag-eroeffnet-standorte-in-zuerich-und-zug\/","name":"Thomasgraf AG er\u00f6ffnet Standorte in Z\u00fcrich und Zug - IMMOBILIEN Business","isPartOf":{"@id":"https:\/\/www.immobilienbusiness.ch\/#website"},"primaryImageOfPage":{"@id":"https:\/\/www.immobilienbusiness.ch\/it\/unternehmen\/2020-03-20\/thomasgraf-ag-eroeffnet-standorte-in-zuerich-und-zug\/#primaryimage"},"image":{"@id":"https:\/\/www.immobilienbusiness.ch\/it\/unternehmen\/2020-03-20\/thomasgraf-ag-eroeffnet-standorte-in-zuerich-und-zug\/#primaryimage"},"thumbnailUrl":"https:\/\/www.immobilienbusiness.ch\/wp-content\/uploads\/2019\/09\/Depositphotos_52470619_l-2015-1024x793-1.jpg","datePublished":"2020-03-20T07:19:17+00:00","description":"Der Berner Immobiliendienstleister Thomasgraf AG expandiert in der Deutschschweiz und er\u00f6ffnet zwei Standorte in Z\u00fcrich und Zug.","breadcrumb":{"@id":"https:\/\/www.immobilienbusiness.ch\/it\/unternehmen\/2020-03-20\/thomasgraf-ag-eroeffnet-standorte-in-zuerich-und-zug\/#breadcrumb"},"inLanguage":"de","potentialAction":[{"@type":"ReadAction","target":["https:\/\/www.immobilienbusiness.ch\/it\/unternehmen\/2020-03-20\/thomasgraf-ag-eroeffnet-standorte-in-zuerich-und-zug\/"]}]},{"@type":"ImageObject","inLanguage":"de","@id":"https:\/\/www.immobilienbusiness.ch\/it\/unternehmen\/2020-03-20\/thomasgraf-ag-eroeffnet-standorte-in-zuerich-und-zug\/#primaryimage","url":"https:\/\/www.immobilienbusiness.ch\/wp-content\/uploads\/2019\/09\/Depositphotos_52470619_l-2015-1024x793-1.jpg","contentUrl":"https:\/\/www.immobilienbusiness.ch\/wp-content\/uploads\/2019\/09\/Depositphotos_52470619_l-2015-1024x793-1.jpg","width":1024,"height":793,"caption":"Walter Eberle \u00fcbernimmt bei Investis die Verantwortung f\u00fcr die Facility Service (Bild: rawpixel - depositphotos)"},{"@type":"BreadcrumbList","@id":"https:\/\/www.immobilienbusiness.ch\/it\/unternehmen\/2020-03-20\/thomasgraf-ag-eroeffnet-standorte-in-zuerich-und-zug\/#breadcrumb","itemListElement":[{"@type":"ListItem","position":1,"name":"Home","item":"https:\/\/www.immobilienbusiness.ch\/"},{"@type":"ListItem","position":2,"name":"Thomasgraf AG er\u00f6ffnet Standorte in Z\u00fcrich und Zug"}]},{"@type":"WebSite","@id":"https:\/\/www.immobilienbusiness.ch\/#website","url":"https:\/\/www.immobilienbusiness.ch\/","name":"IMMOBILIEN Business","description":"Unabh\u00e4ngiges Schweizer Wirtschaftsmagazin mit Fokus auf Immobilien, Architektur- und Bau sowie Investment- und Finanzierung.","publisher":{"@id":"https:\/\/www.immobilienbusiness.ch\/#organization"},"potentialAction":[{"@type":"SearchAction","target":{"@type":"EntryPoint","urlTemplate":"https:\/\/www.immobilienbusiness.ch\/?s={search_term_string}"},"query-input":{"@type":"PropertyValueSpecification","valueRequired":true,"valueName":"search_term_string"}}],"inLanguage":"de"},{"@type":"Organization","@id":"https:\/\/www.immobilienbusiness.ch\/#organization","name":"IMMOBILIEN Business","url":"https:\/\/www.immobilienbusiness.ch\/","logo":{"@type":"ImageObject","inLanguage":"de","@id":"https:\/\/www.immobilienbusiness.ch\/#\/schema\/logo\/image\/","url":"https:\/\/www.immobilienbusiness.ch\/wp-content\/uploads\/2021\/07\/logo_ib.png","contentUrl":"https:\/\/www.immobilienbusiness.ch\/wp-content\/uploads\/2021\/07\/logo_ib.png","width":800,"height":181,"caption":"IMMOBILIEN Business"},"image":{"@id":"https:\/\/www.immobilienbusiness.ch\/#\/schema\/logo\/image\/"},"sameAs":["https:\/\/www.facebook.com\/immobilienbusiness\/"]},{"@type":"Person","@id":"https:\/\/www.immobilienbusiness.ch\/#\/schema\/person\/3fc036297b10b9f42d6db5ee932af8c8","name":"anja.hall","image":{"@type":"ImageObject","inLanguage":"de","@id":"https:\/\/secure.gravatar.com\/avatar\/066b5a0d447013502c71a5782f4f3469f03cfe595cc2329fb94652fe47511bfb?s=96&d=mm&r=g","url":"https:\/\/secure.gravatar.com\/avatar\/066b5a0d447013502c71a5782f4f3469f03cfe595cc2329fb94652fe47511bfb?s=96&d=mm&r=g","contentUrl":"https:\/\/secure.gravatar.com\/avatar\/066b5a0d447013502c71a5782f4f3469f03cfe595cc2329fb94652fe47511bfb?s=96&d=mm&r=g","caption":"anja.hall"},"url":"https:\/\/www.immobilienbusiness.ch\/de\/author\/anja-hall\/"}]}},"_links":{"self":[{"href":"https:\/\/www.immobilienbusiness.ch\/de\/wp-json\/wp\/v2\/posts\/20564","targetHints":{"allow":["GET"]}}],"collection":[{"href":"https:\/\/www.immobilienbusiness.ch\/de\/wp-json\/wp\/v2\/posts"}],"about":[{"href":"https:\/\/www.immobilienbusiness.ch\/de\/wp-json\/wp\/v2\/types\/post"}],"author":[{"embeddable":true,"href":"https:\/\/www.immobilienbusiness.ch\/de\/wp-json\/wp\/v2\/users\/3"}],"replies":[{"embeddable":true,"href":"https:\/\/www.immobilienbusiness.ch\/de\/wp-json\/wp\/v2\/comments?post=20564"}],"version-history":[{"count":0,"href":"https:\/\/www.immobilienbusiness.ch\/de\/wp-json\/wp\/v2\/posts\/20564\/revisions"}],"wp:featuredmedia":[{"embeddable":true,"href":"https:\/\/www.immobilienbusiness.ch\/de\/wp-json\/wp\/v2\/media\/18544"}],"wp:attachment":[{"href":"https:\/\/www.immobilienbusiness.ch\/de\/wp-json\/wp\/v2\/media?parent=20564"}],"wp:term":[{"taxonomy":"category","embeddable":true,"href":"https:\/\/www.immobilienbusiness.ch\/de\/wp-json\/wp\/v2\/categories?post=20564"},{"taxonomy":"post_tag","embeddable":true,"href":"https:\/\/www.immobilienbusiness.ch\/de\/wp-json\/wp\/v2\/tags?post=20564"}],"curies":[{"name":"wp","href":"https:\/\/api.w.org\/{rel}","templated":true}]}}