{"id":20518,"date":"2020-03-18T08:41:26","date_gmt":"2020-03-18T07:41:26","guid":{"rendered":"https:\/\/www.immobilienbusiness.ch\/?p=20518"},"modified":"2020-03-18T08:41:26","modified_gmt":"2020-03-18T07:41:26","slug":"kloten-implenia-kauft-zwei-grundstuecke","status":"publish","type":"post","link":"https:\/\/www.immobilienbusiness.ch\/de\/regionen\/2020-03-18\/kloten-implenia-kauft-zwei-grundstuecke\/","title":{"rendered":"Kloten: Implenia kauft zwei Grundst\u00fccke"},"content":{"rendered":"<figure id=\"attachment_20569\" aria-describedby=\"caption-attachment-20569\" style=\"width: 680px\" class=\"wp-caption alignnone\"><img loading=\"lazy\" decoding=\"async\" class=\"size-medium wp-image-20569\" src=\"https:\/\/www.immobilienbusiness.ch\/wp-content\/uploads\/2020\/03\/20200317_Grundstueck_Kloten_Copyright_Implenia.jpg\" alt=\"\" width=\"680\" height=\"454\" srcset=\"https:\/\/www.immobilienbusiness.ch\/wp-content\/uploads\/2020\/03\/20200317_Grundstueck_Kloten_Copyright_Implenia.jpg 2560w, https:\/\/www.immobilienbusiness.ch\/wp-content\/uploads\/2020\/03\/20200317_Grundstueck_Kloten_Copyright_Implenia-300x200.jpg 300w, https:\/\/www.immobilienbusiness.ch\/wp-content\/uploads\/2020\/03\/20200317_Grundstueck_Kloten_Copyright_Implenia-1024x683.jpg 1024w, https:\/\/www.immobilienbusiness.ch\/wp-content\/uploads\/2020\/03\/20200317_Grundstueck_Kloten_Copyright_Implenia-768x512.jpg 768w, https:\/\/www.immobilienbusiness.ch\/wp-content\/uploads\/2020\/03\/20200317_Grundstueck_Kloten_Copyright_Implenia-1536x1024.jpg 1536w, https:\/\/www.immobilienbusiness.ch\/wp-content\/uploads\/2020\/03\/20200317_Grundstueck_Kloten_Copyright_Implenia-2048x1366.jpg 2048w, https:\/\/www.immobilienbusiness.ch\/wp-content\/uploads\/2020\/03\/20200317_Grundstueck_Kloten_Copyright_Implenia-16x12.jpg 16w, https:\/\/www.immobilienbusiness.ch\/wp-content\/uploads\/2020\/03\/20200317_Grundstueck_Kloten_Copyright_Implenia-262x175.jpg 262w, https:\/\/www.immobilienbusiness.ch\/wp-content\/uploads\/2020\/03\/20200317_Grundstueck_Kloten_Copyright_Implenia-525x350.jpg 525w, https:\/\/www.immobilienbusiness.ch\/wp-content\/uploads\/2020\/03\/20200317_Grundstueck_Kloten_Copyright_Implenia-1200x800.jpg 1200w, https:\/\/www.immobilienbusiness.ch\/wp-content\/uploads\/2020\/03\/20200317_Grundstueck_Kloten_Copyright_Implenia-920x614.jpg 920w, https:\/\/www.immobilienbusiness.ch\/wp-content\/uploads\/2020\/03\/20200317_Grundstueck_Kloten_Copyright_Implenia-1400x934.jpg 1400w\" sizes=\"auto, (max-width: 680px) 100vw, 680px\" \/><figcaption id=\"caption-attachment-20569\" class=\"wp-caption-text\">Implenia kauft zwei Grundst\u00fccke in Kloten (Bild: Implenia)<\/figcaption><\/figure>\n<div>\n<p>Verk\u00e4uferin der Grundst\u00fccke war die gemeinn\u00fctzige Stiftung Hans A. Bill, die in einem rund zweieinhalbj\u00e4hrigen Verkaufsprozess von Engel &amp; V\u00f6lkers Commercial Z\u00fcrich zusammen mit der HJB Real Estate Consultants beraten wurde. Die Bill-Stiftung hat sich nach Angaben des Baukonzerns \u00abvor allem aufgrund Implenias grosser Expertise im Bereich der Arealentwicklungen f\u00fcr den Verkauf an Implenia\u00bb entschieden. So k\u00f6nne die Stiftung das Projekt \u00abVision Steinacker\u00bb der Stadt Kloten nachhaltig unterst\u00fctzen, heisst es.<\/p>\n<p>Die Stadt arbeitet seit Jahren daran, das Verh\u00e4ltnis zwischen Arbeitsplatz- und Wohnangebot zu verbessern. Das Steinacker-Gebiet im Osten des Stadtzentrums gilt dabei als wichtiger, aber untergenutzter Pfeiler der Stadtentwicklung. Die von Implenia erworbenen unverbauten Parzellen haben eine Schl\u00fcsselfunktion f\u00fcr die Transformation in ein urbanes Mischgebiet.<\/p>\n<p>Um das Quartier weiter aufzuwerten, arbeitet der Kanton Z\u00fcrich an der Verl\u00e4ngerung der Glatttalbahn vom Flughafen Fracht ins Steinacker-Gebiet und bis zur Gemeindegrenze von Bassersdorf. Mit dem Bahnprojekt werden auch gleichzeitig der Hochwasserschutz am Altbach verbessert, dessen Bett renaturiert sowie der Zugang zum Bach optimiert und zudem der Fussg\u00e4nger- und Radweg entlang des Bachlaufs verbreitert. Im Gleichschritt mit dem Ausbau der Glatttalbahn rechnet Implenia f\u00fcr voraussichtlich 2027 mit der Fertigstellung der ersten Etappe der Gebietstransformation. (bw)<\/p>\n<\/div>\n","protected":false},"excerpt":{"rendered":"<p>Implenia hat im Gebiet Steinacker in Kloten zwei insgesamt 20.000 qm grosse Grundst\u00fccke gekauft. Die Areale gelten als Schl\u00fcsselparzellen f\u00fcr die Entwicklung des Gebiets.<\/p>\n","protected":false},"author":3,"featured_media":20569,"comment_status":"closed","ping_status":"open","sticky":false,"template":"","format":"standard","meta":{"_acf_changed":false,"_yoast_wpseo_focuskw":"Kloten","_yoast_wpseo_title":"","_yoast_wpseo_metadesc":"Implenia hat im Gebiet Steinacker in Kloten zwei insgesamt 20.000 qm grosse Grundst\u00fccke von der Stiftung Hans A. Bill gekauft.","_yoast_wpseo_linkdex":58,"pgc_sgb_lightbox_settings":"","footnotes":""},"categories":[985],"tags":[1287,1359,1410,1724],"class_list":["post-20518","post","type-post","status-publish","format-standard","has-post-thumbnail","hentry","category-regionen","tag-grundstueckskauf","tag-implenia","tag-kanton-zuerich","tag-stadtentwicklung"],"acf":[],"yoast_head":"<!-- This site is optimized with the Yoast SEO plugin v27.4 - https:\/\/yoast.com\/product\/yoast-seo-wordpress\/ -->\n<title>Kloten: Implenia kauft zwei Grundst\u00fccke - IMMOBILIEN Business<\/title>\n<meta name=\"description\" content=\"Implenia hat im Gebiet Steinacker in Kloten zwei insgesamt 20.000 qm grosse Grundst\u00fccke von der Stiftung Hans A. Bill gekauft.\" \/>\n<meta name=\"robots\" content=\"index, follow, max-snippet:-1, max-image-preview:large, max-video-preview:-1\" \/>\n<link rel=\"canonical\" href=\"https:\/\/www.immobilienbusiness.ch\/de\/regionen\/2020-03-18\/kloten-implenia-kauft-zwei-grundstuecke\/\" \/>\n<meta property=\"og:locale\" content=\"de_DE\" \/>\n<meta property=\"og:type\" content=\"article\" \/>\n<meta property=\"og:title\" content=\"Kloten: Implenia kauft zwei Grundst\u00fccke - IMMOBILIEN Business\" \/>\n<meta property=\"og:description\" content=\"Implenia hat im Gebiet Steinacker in Kloten zwei insgesamt 20.000 qm grosse Grundst\u00fccke von der Stiftung Hans A. Bill gekauft.\" \/>\n<meta property=\"og:url\" content=\"https:\/\/www.immobilienbusiness.ch\/de\/regionen\/2020-03-18\/kloten-implenia-kauft-zwei-grundstuecke\/\" \/>\n<meta property=\"og:site_name\" content=\"IMMOBILIEN Business\" \/>\n<meta property=\"article:publisher\" content=\"https:\/\/www.facebook.com\/immobilienbusiness\/\" \/>\n<meta property=\"article:published_time\" content=\"2020-03-18T07:41:26+00:00\" \/>\n<meta property=\"og:image\" content=\"https:\/\/www.immobilienbusiness.ch\/wp-content\/uploads\/2020\/03\/20200317_Grundstueck_Kloten_Copyright_Implenia-1024x683.jpg\" \/>\n\t<meta property=\"og:image:width\" content=\"1024\" \/>\n\t<meta property=\"og:image:height\" content=\"683\" \/>\n\t<meta property=\"og:image:type\" content=\"image\/jpeg\" \/>\n<meta name=\"author\" content=\"anja.hall\" \/>\n<meta name=\"twitter:card\" content=\"summary_large_image\" \/>\n<meta name=\"twitter:image\" content=\"https:\/\/www.immobilienbusiness.ch\/wp-content\/uploads\/2020\/03\/20200317_Grundstueck_Kloten_Copyright_Implenia.jpg\" \/>\n<script type=\"application\/ld+json\" class=\"yoast-schema-graph\">{\"@context\":\"https:\\\/\\\/schema.org\",\"@graph\":[{\"@type\":\"Article\",\"@id\":\"https:\\\/\\\/www.immobilienbusiness.ch\\\/de\\\/regionen\\\/2020-03-18\\\/kloten-implenia-kauft-zwei-grundstuecke\\\/#article\",\"isPartOf\":{\"@id\":\"https:\\\/\\\/www.immobilienbusiness.ch\\\/de\\\/regionen\\\/2020-03-18\\\/kloten-implenia-kauft-zwei-grundstuecke\\\/\"},\"author\":{\"name\":\"anja.hall\",\"@id\":\"https:\\\/\\\/www.immobilienbusiness.ch\\\/#\\\/schema\\\/person\\\/3fc036297b10b9f42d6db5ee932af8c8\"},\"headline\":\"Kloten: Implenia kauft zwei Grundst\u00fccke\",\"datePublished\":\"2020-03-18T07:41:26+00:00\",\"mainEntityOfPage\":{\"@id\":\"https:\\\/\\\/www.immobilienbusiness.ch\\\/de\\\/regionen\\\/2020-03-18\\\/kloten-implenia-kauft-zwei-grundstuecke\\\/\"},\"wordCount\":228,\"publisher\":{\"@id\":\"https:\\\/\\\/www.immobilienbusiness.ch\\\/#organization\"},\"image\":{\"@id\":\"https:\\\/\\\/www.immobilienbusiness.ch\\\/de\\\/regionen\\\/2020-03-18\\\/kloten-implenia-kauft-zwei-grundstuecke\\\/#primaryimage\"},\"thumbnailUrl\":\"https:\\\/\\\/www.immobilienbusiness.ch\\\/wp-content\\\/uploads\\\/2020\\\/03\\\/20200317_Grundstueck_Kloten_Copyright_Implenia.jpg\",\"keywords\":[\"Grundst\u00fcckskauf\",\"Implenia\",\"Kanton Z\u00fcrich\",\"Stadtentwicklung\"],\"articleSection\":[\"REGIONEN\"],\"inLanguage\":\"de\"},{\"@type\":\"WebPage\",\"@id\":\"https:\\\/\\\/www.immobilienbusiness.ch\\\/de\\\/regionen\\\/2020-03-18\\\/kloten-implenia-kauft-zwei-grundstuecke\\\/\",\"url\":\"https:\\\/\\\/www.immobilienbusiness.ch\\\/de\\\/regionen\\\/2020-03-18\\\/kloten-implenia-kauft-zwei-grundstuecke\\\/\",\"name\":\"Kloten: Implenia kauft zwei Grundst\u00fccke - IMMOBILIEN Business\",\"isPartOf\":{\"@id\":\"https:\\\/\\\/www.immobilienbusiness.ch\\\/#website\"},\"primaryImageOfPage\":{\"@id\":\"https:\\\/\\\/www.immobilienbusiness.ch\\\/de\\\/regionen\\\/2020-03-18\\\/kloten-implenia-kauft-zwei-grundstuecke\\\/#primaryimage\"},\"image\":{\"@id\":\"https:\\\/\\\/www.immobilienbusiness.ch\\\/de\\\/regionen\\\/2020-03-18\\\/kloten-implenia-kauft-zwei-grundstuecke\\\/#primaryimage\"},\"thumbnailUrl\":\"https:\\\/\\\/www.immobilienbusiness.ch\\\/wp-content\\\/uploads\\\/2020\\\/03\\\/20200317_Grundstueck_Kloten_Copyright_Implenia.jpg\",\"datePublished\":\"2020-03-18T07:41:26+00:00\",\"description\":\"Implenia hat im Gebiet Steinacker in Kloten zwei insgesamt 20.000 qm grosse Grundst\u00fccke von der Stiftung Hans A. Bill gekauft.\",\"breadcrumb\":{\"@id\":\"https:\\\/\\\/www.immobilienbusiness.ch\\\/de\\\/regionen\\\/2020-03-18\\\/kloten-implenia-kauft-zwei-grundstuecke\\\/#breadcrumb\"},\"inLanguage\":\"de\",\"potentialAction\":[{\"@type\":\"ReadAction\",\"target\":[\"https:\\\/\\\/www.immobilienbusiness.ch\\\/de\\\/regionen\\\/2020-03-18\\\/kloten-implenia-kauft-zwei-grundstuecke\\\/\"]}]},{\"@type\":\"ImageObject\",\"inLanguage\":\"de\",\"@id\":\"https:\\\/\\\/www.immobilienbusiness.ch\\\/de\\\/regionen\\\/2020-03-18\\\/kloten-implenia-kauft-zwei-grundstuecke\\\/#primaryimage\",\"url\":\"https:\\\/\\\/www.immobilienbusiness.ch\\\/wp-content\\\/uploads\\\/2020\\\/03\\\/20200317_Grundstueck_Kloten_Copyright_Implenia.jpg\",\"contentUrl\":\"https:\\\/\\\/www.immobilienbusiness.ch\\\/wp-content\\\/uploads\\\/2020\\\/03\\\/20200317_Grundstueck_Kloten_Copyright_Implenia.jpg\",\"width\":2560,\"height\":1707,\"caption\":\"Implenia kauft in Kloten (Bild: Implenia)\"},{\"@type\":\"BreadcrumbList\",\"@id\":\"https:\\\/\\\/www.immobilienbusiness.ch\\\/de\\\/regionen\\\/2020-03-18\\\/kloten-implenia-kauft-zwei-grundstuecke\\\/#breadcrumb\",\"itemListElement\":[{\"@type\":\"ListItem\",\"position\":1,\"name\":\"Home\",\"item\":\"https:\\\/\\\/www.immobilienbusiness.ch\\\/\"},{\"@type\":\"ListItem\",\"position\":2,\"name\":\"Kloten: Implenia kauft zwei Grundst\u00fccke\"}]},{\"@type\":\"WebSite\",\"@id\":\"https:\\\/\\\/www.immobilienbusiness.ch\\\/#website\",\"url\":\"https:\\\/\\\/www.immobilienbusiness.ch\\\/\",\"name\":\"IMMOBILIEN Business\",\"description\":\"Unabh\u00e4ngiges Schweizer Wirtschaftsmagazin mit Fokus auf Immobilien, Architektur- und Bau sowie Investment- und Finanzierung.\",\"publisher\":{\"@id\":\"https:\\\/\\\/www.immobilienbusiness.ch\\\/#organization\"},\"potentialAction\":[{\"@type\":\"SearchAction\",\"target\":{\"@type\":\"EntryPoint\",\"urlTemplate\":\"https:\\\/\\\/www.immobilienbusiness.ch\\\/?s={search_term_string}\"},\"query-input\":{\"@type\":\"PropertyValueSpecification\",\"valueRequired\":true,\"valueName\":\"search_term_string\"}}],\"inLanguage\":\"de\"},{\"@type\":\"Organization\",\"@id\":\"https:\\\/\\\/www.immobilienbusiness.ch\\\/#organization\",\"name\":\"IMMOBILIEN Business\",\"url\":\"https:\\\/\\\/www.immobilienbusiness.ch\\\/\",\"logo\":{\"@type\":\"ImageObject\",\"inLanguage\":\"de\",\"@id\":\"https:\\\/\\\/www.immobilienbusiness.ch\\\/#\\\/schema\\\/logo\\\/image\\\/\",\"url\":\"https:\\\/\\\/www.immobilienbusiness.ch\\\/wp-content\\\/uploads\\\/2021\\\/07\\\/logo_ib.png\",\"contentUrl\":\"https:\\\/\\\/www.immobilienbusiness.ch\\\/wp-content\\\/uploads\\\/2021\\\/07\\\/logo_ib.png\",\"width\":800,\"height\":181,\"caption\":\"IMMOBILIEN Business\"},\"image\":{\"@id\":\"https:\\\/\\\/www.immobilienbusiness.ch\\\/#\\\/schema\\\/logo\\\/image\\\/\"},\"sameAs\":[\"https:\\\/\\\/www.facebook.com\\\/immobilienbusiness\\\/\"]},{\"@type\":\"Person\",\"@id\":\"https:\\\/\\\/www.immobilienbusiness.ch\\\/#\\\/schema\\\/person\\\/3fc036297b10b9f42d6db5ee932af8c8\",\"name\":\"anja.hall\",\"image\":{\"@type\":\"ImageObject\",\"inLanguage\":\"de\",\"@id\":\"https:\\\/\\\/secure.gravatar.com\\\/avatar\\\/066b5a0d447013502c71a5782f4f3469f03cfe595cc2329fb94652fe47511bfb?s=96&d=mm&r=g\",\"url\":\"https:\\\/\\\/secure.gravatar.com\\\/avatar\\\/066b5a0d447013502c71a5782f4f3469f03cfe595cc2329fb94652fe47511bfb?s=96&d=mm&r=g\",\"contentUrl\":\"https:\\\/\\\/secure.gravatar.com\\\/avatar\\\/066b5a0d447013502c71a5782f4f3469f03cfe595cc2329fb94652fe47511bfb?s=96&d=mm&r=g\",\"caption\":\"anja.hall\"},\"url\":\"https:\\\/\\\/www.immobilienbusiness.ch\\\/de\\\/author\\\/anja-hall\\\/\"}]}<\/script>\n<!-- \/ Yoast SEO plugin. -->","yoast_head_json":{"title":"Kloten: Implenia kauft zwei Grundst\u00fccke - IMMOBILIEN Business","description":"Implenia hat im Gebiet Steinacker in Kloten zwei insgesamt 20.000 qm grosse Grundst\u00fccke von der Stiftung Hans A. Bill gekauft.","robots":{"index":"index","follow":"follow","max-snippet":"max-snippet:-1","max-image-preview":"max-image-preview:large","max-video-preview":"max-video-preview:-1"},"canonical":"https:\/\/www.immobilienbusiness.ch\/de\/regionen\/2020-03-18\/kloten-implenia-kauft-zwei-grundstuecke\/","og_locale":"de_DE","og_type":"article","og_title":"Kloten: Implenia kauft zwei Grundst\u00fccke - IMMOBILIEN Business","og_description":"Implenia hat im Gebiet Steinacker in Kloten zwei insgesamt 20.000 qm grosse Grundst\u00fccke von der Stiftung Hans A. Bill gekauft.","og_url":"https:\/\/www.immobilienbusiness.ch\/de\/regionen\/2020-03-18\/kloten-implenia-kauft-zwei-grundstuecke\/","og_site_name":"IMMOBILIEN Business","article_publisher":"https:\/\/www.facebook.com\/immobilienbusiness\/","article_published_time":"2020-03-18T07:41:26+00:00","og_image":[{"width":1024,"height":683,"url":"https:\/\/www.immobilienbusiness.ch\/wp-content\/uploads\/2020\/03\/20200317_Grundstueck_Kloten_Copyright_Implenia-1024x683.jpg","type":"image\/jpeg"}],"author":"anja.hall","twitter_card":"summary_large_image","twitter_image":"https:\/\/www.immobilienbusiness.ch\/wp-content\/uploads\/2020\/03\/20200317_Grundstueck_Kloten_Copyright_Implenia.jpg","schema":{"@context":"https:\/\/schema.org","@graph":[{"@type":"Article","@id":"https:\/\/www.immobilienbusiness.ch\/de\/regionen\/2020-03-18\/kloten-implenia-kauft-zwei-grundstuecke\/#article","isPartOf":{"@id":"https:\/\/www.immobilienbusiness.ch\/de\/regionen\/2020-03-18\/kloten-implenia-kauft-zwei-grundstuecke\/"},"author":{"name":"anja.hall","@id":"https:\/\/www.immobilienbusiness.ch\/#\/schema\/person\/3fc036297b10b9f42d6db5ee932af8c8"},"headline":"Kloten: Implenia kauft zwei Grundst\u00fccke","datePublished":"2020-03-18T07:41:26+00:00","mainEntityOfPage":{"@id":"https:\/\/www.immobilienbusiness.ch\/de\/regionen\/2020-03-18\/kloten-implenia-kauft-zwei-grundstuecke\/"},"wordCount":228,"publisher":{"@id":"https:\/\/www.immobilienbusiness.ch\/#organization"},"image":{"@id":"https:\/\/www.immobilienbusiness.ch\/de\/regionen\/2020-03-18\/kloten-implenia-kauft-zwei-grundstuecke\/#primaryimage"},"thumbnailUrl":"https:\/\/www.immobilienbusiness.ch\/wp-content\/uploads\/2020\/03\/20200317_Grundstueck_Kloten_Copyright_Implenia.jpg","keywords":["Grundst\u00fcckskauf","Implenia","Kanton Z\u00fcrich","Stadtentwicklung"],"articleSection":["REGIONEN"],"inLanguage":"de"},{"@type":"WebPage","@id":"https:\/\/www.immobilienbusiness.ch\/de\/regionen\/2020-03-18\/kloten-implenia-kauft-zwei-grundstuecke\/","url":"https:\/\/www.immobilienbusiness.ch\/de\/regionen\/2020-03-18\/kloten-implenia-kauft-zwei-grundstuecke\/","name":"Kloten: Implenia kauft zwei Grundst\u00fccke - IMMOBILIEN Business","isPartOf":{"@id":"https:\/\/www.immobilienbusiness.ch\/#website"},"primaryImageOfPage":{"@id":"https:\/\/www.immobilienbusiness.ch\/de\/regionen\/2020-03-18\/kloten-implenia-kauft-zwei-grundstuecke\/#primaryimage"},"image":{"@id":"https:\/\/www.immobilienbusiness.ch\/de\/regionen\/2020-03-18\/kloten-implenia-kauft-zwei-grundstuecke\/#primaryimage"},"thumbnailUrl":"https:\/\/www.immobilienbusiness.ch\/wp-content\/uploads\/2020\/03\/20200317_Grundstueck_Kloten_Copyright_Implenia.jpg","datePublished":"2020-03-18T07:41:26+00:00","description":"Implenia hat im Gebiet Steinacker in Kloten zwei insgesamt 20.000 qm grosse Grundst\u00fccke von der Stiftung Hans A. Bill gekauft.","breadcrumb":{"@id":"https:\/\/www.immobilienbusiness.ch\/de\/regionen\/2020-03-18\/kloten-implenia-kauft-zwei-grundstuecke\/#breadcrumb"},"inLanguage":"de","potentialAction":[{"@type":"ReadAction","target":["https:\/\/www.immobilienbusiness.ch\/de\/regionen\/2020-03-18\/kloten-implenia-kauft-zwei-grundstuecke\/"]}]},{"@type":"ImageObject","inLanguage":"de","@id":"https:\/\/www.immobilienbusiness.ch\/de\/regionen\/2020-03-18\/kloten-implenia-kauft-zwei-grundstuecke\/#primaryimage","url":"https:\/\/www.immobilienbusiness.ch\/wp-content\/uploads\/2020\/03\/20200317_Grundstueck_Kloten_Copyright_Implenia.jpg","contentUrl":"https:\/\/www.immobilienbusiness.ch\/wp-content\/uploads\/2020\/03\/20200317_Grundstueck_Kloten_Copyright_Implenia.jpg","width":2560,"height":1707,"caption":"Implenia kauft in Kloten (Bild: Implenia)"},{"@type":"BreadcrumbList","@id":"https:\/\/www.immobilienbusiness.ch\/de\/regionen\/2020-03-18\/kloten-implenia-kauft-zwei-grundstuecke\/#breadcrumb","itemListElement":[{"@type":"ListItem","position":1,"name":"Home","item":"https:\/\/www.immobilienbusiness.ch\/"},{"@type":"ListItem","position":2,"name":"Kloten: Implenia kauft zwei Grundst\u00fccke"}]},{"@type":"WebSite","@id":"https:\/\/www.immobilienbusiness.ch\/#website","url":"https:\/\/www.immobilienbusiness.ch\/","name":"IMMOBILIEN Business","description":"Unabh\u00e4ngiges Schweizer Wirtschaftsmagazin mit Fokus auf Immobilien, Architektur- und Bau sowie Investment- und Finanzierung.","publisher":{"@id":"https:\/\/www.immobilienbusiness.ch\/#organization"},"potentialAction":[{"@type":"SearchAction","target":{"@type":"EntryPoint","urlTemplate":"https:\/\/www.immobilienbusiness.ch\/?s={search_term_string}"},"query-input":{"@type":"PropertyValueSpecification","valueRequired":true,"valueName":"search_term_string"}}],"inLanguage":"de"},{"@type":"Organization","@id":"https:\/\/www.immobilienbusiness.ch\/#organization","name":"IMMOBILIEN Business","url":"https:\/\/www.immobilienbusiness.ch\/","logo":{"@type":"ImageObject","inLanguage":"de","@id":"https:\/\/www.immobilienbusiness.ch\/#\/schema\/logo\/image\/","url":"https:\/\/www.immobilienbusiness.ch\/wp-content\/uploads\/2021\/07\/logo_ib.png","contentUrl":"https:\/\/www.immobilienbusiness.ch\/wp-content\/uploads\/2021\/07\/logo_ib.png","width":800,"height":181,"caption":"IMMOBILIEN Business"},"image":{"@id":"https:\/\/www.immobilienbusiness.ch\/#\/schema\/logo\/image\/"},"sameAs":["https:\/\/www.facebook.com\/immobilienbusiness\/"]},{"@type":"Person","@id":"https:\/\/www.immobilienbusiness.ch\/#\/schema\/person\/3fc036297b10b9f42d6db5ee932af8c8","name":"anja.hall","image":{"@type":"ImageObject","inLanguage":"de","@id":"https:\/\/secure.gravatar.com\/avatar\/066b5a0d447013502c71a5782f4f3469f03cfe595cc2329fb94652fe47511bfb?s=96&d=mm&r=g","url":"https:\/\/secure.gravatar.com\/avatar\/066b5a0d447013502c71a5782f4f3469f03cfe595cc2329fb94652fe47511bfb?s=96&d=mm&r=g","contentUrl":"https:\/\/secure.gravatar.com\/avatar\/066b5a0d447013502c71a5782f4f3469f03cfe595cc2329fb94652fe47511bfb?s=96&d=mm&r=g","caption":"anja.hall"},"url":"https:\/\/www.immobilienbusiness.ch\/de\/author\/anja-hall\/"}]}},"_links":{"self":[{"href":"https:\/\/www.immobilienbusiness.ch\/de\/wp-json\/wp\/v2\/posts\/20518","targetHints":{"allow":["GET"]}}],"collection":[{"href":"https:\/\/www.immobilienbusiness.ch\/de\/wp-json\/wp\/v2\/posts"}],"about":[{"href":"https:\/\/www.immobilienbusiness.ch\/de\/wp-json\/wp\/v2\/types\/post"}],"author":[{"embeddable":true,"href":"https:\/\/www.immobilienbusiness.ch\/de\/wp-json\/wp\/v2\/users\/3"}],"replies":[{"embeddable":true,"href":"https:\/\/www.immobilienbusiness.ch\/de\/wp-json\/wp\/v2\/comments?post=20518"}],"version-history":[{"count":0,"href":"https:\/\/www.immobilienbusiness.ch\/de\/wp-json\/wp\/v2\/posts\/20518\/revisions"}],"wp:featuredmedia":[{"embeddable":true,"href":"https:\/\/www.immobilienbusiness.ch\/de\/wp-json\/wp\/v2\/media\/20569"}],"wp:attachment":[{"href":"https:\/\/www.immobilienbusiness.ch\/de\/wp-json\/wp\/v2\/media?parent=20518"}],"wp:term":[{"taxonomy":"category","embeddable":true,"href":"https:\/\/www.immobilienbusiness.ch\/de\/wp-json\/wp\/v2\/categories?post=20518"},{"taxonomy":"post_tag","embeddable":true,"href":"https:\/\/www.immobilienbusiness.ch\/de\/wp-json\/wp\/v2\/tags?post=20518"}],"curies":[{"name":"wp","href":"https:\/\/api.w.org\/{rel}","templated":true}]}}