{"id":2047,"date":"2016-01-13T08:53:58","date_gmt":"2016-01-13T07:53:58","guid":{"rendered":"http:\/\/dev.immobilienbusiness.ch\/?p=2047"},"modified":"2016-01-13T08:53:58","modified_gmt":"2016-01-13T07:53:58","slug":"corestate-wohnprojekt-in-wien-fertiggestellt","status":"publish","type":"post","link":"https:\/\/www.immobilienbusiness.ch\/de\/residential\/2016-01-13\/corestate-wohnprojekt-in-wien-fertiggestellt\/","title":{"rendered":"Corestate: Wohnprojekt in Wien fertiggestellt"},"content":{"rendered":"<figure id=\"attachment_2048\" aria-describedby=\"caption-attachment-2048\" style=\"width: 680px\" class=\"wp-caption alignnone\"><img loading=\"lazy\" decoding=\"async\" class=\"size-medium wp-image-2048\" src=\"https:\/\/immobilienbusiness.ch\/wp-content\/uploads\/2016\/12\/Corestate-Wohnprojekt-in-Wien-fertiggestellt-immobilien-business.jpg\" alt=\"Projektentwicklung der Corestate: Linked Living in Wien\" width=\"680\" height=\"454\" srcset=\"https:\/\/www.immobilienbusiness.ch\/wp-content\/uploads\/2016\/12\/Corestate-Wohnprojekt-in-Wien-fertiggestellt-immobilien-business.jpg 800w, https:\/\/www.immobilienbusiness.ch\/wp-content\/uploads\/2016\/12\/Corestate-Wohnprojekt-in-Wien-fertiggestellt-immobilien-business-300x200.jpg 300w, https:\/\/www.immobilienbusiness.ch\/wp-content\/uploads\/2016\/12\/Corestate-Wohnprojekt-in-Wien-fertiggestellt-immobilien-business-768x513.jpg 768w, https:\/\/www.immobilienbusiness.ch\/wp-content\/uploads\/2016\/12\/Corestate-Wohnprojekt-in-Wien-fertiggestellt-immobilien-business-16x12.jpg 16w, https:\/\/www.immobilienbusiness.ch\/wp-content\/uploads\/2016\/12\/Corestate-Wohnprojekt-in-Wien-fertiggestellt-immobilien-business-262x175.jpg 262w, https:\/\/www.immobilienbusiness.ch\/wp-content\/uploads\/2016\/12\/Corestate-Wohnprojekt-in-Wien-fertiggestellt-immobilien-business-524x350.jpg 524w\" sizes=\"auto, (max-width: 680px) 100vw, 680px\" \/><figcaption id=\"caption-attachment-2048\" class=\"wp-caption-text\">Projektentwicklung der Corestate: Linked Living in Wien<\/figcaption><\/figure>\n<p>\u00abLinked Living\u00bb umfasst 589 voll m\u00f6blierte Mikro-Appartements, verschiedene Gemeinschaftsr\u00e4ume wie TV- und Washing Lounges sowie eine grosse Dachterrasse mit Panoramablick auf Wien. Zus\u00e4tzlich befinden sich auf rund 1.800 qm Gewerbefl\u00e4che ein Caf\u00e9, ein Burger-Restaurant, ein Fitness-Studio sowie ein Shop f\u00fcr Outdoor-Bekleidung in dem elfgeschossigen Geb\u00e4ude.<\/p>\n<p>Die Liegenschaft ist Teil des Stadtentwicklungsprojektes Messecarree und befindet sich in unmittelbarer N\u00e4he zum neuen Campus der Wirtschaftsuniversit\u00e4t Wien (WU Wien), dem Austria Center Vienna (ACV), dem Kongresszentrum und dem Wiener Prater.<\/p>\n<p>Sascha Wilhelm, Chief Executive Officer der Corestate, sagt: \u00abAufgrund der aktuellen Vermietungszahlen und dem anhaltend grossen Interesse rechnen wir mit einer Vollvermietung Anfang 2016.\u00bb (ah)<\/p>\n","protected":false},"excerpt":{"rendered":"<p>Das Wiener Neubauprojekt \u00abLinked Living\u00bb der Corestate Capital Group ist nach 18 Monaten Bauzeit nun fertiggestellt. Es handelt sich um \u00d6sterreichs gr\u00f6sstes Wohnprojekt f\u00fcr Studenten.<\/p>\n","protected":false},"author":1,"featured_media":2048,"comment_status":"open","ping_status":"open","sticky":false,"template":"","format":"standard","meta":{"_acf_changed":false,"_yoast_wpseo_focuskw":"Wohnprojekt Wien","_yoast_wpseo_title":"Wohnprojekt Wien: Fertigstellung von Corestate Projekt","_yoast_wpseo_metadesc":"Das neue Wohnprojekt in Wien bietet 589 Mikro-Appartements, Gemeinschaftsfl\u00e4chen und Gewerbefl\u00e4chen in zentraler Lage nahe WU Wien und Prater.","_yoast_wpseo_linkdex":62,"pgc_sgb_lightbox_settings":"","footnotes":""},"categories":[986,988],"tags":[1052,1639,1807,1862],"class_list":["post-2047","post","type-post","status-publish","format-standard","has-post-thumbnail","hentry","category-residential","category-unternehmen","tag-ausland","tag-residential","tag-unternehmen","tag-wohnen"],"acf":[],"yoast_head":"<!-- This site is optimized with the Yoast SEO plugin v27.4 - https:\/\/yoast.com\/product\/yoast-seo-wordpress\/ -->\n<title>Wohnprojekt Wien: Fertigstellung von Corestate Projekt<\/title>\n<meta name=\"description\" content=\"Das neue Wohnprojekt in Wien bietet 589 Mikro-Appartements, Gemeinschaftsfl\u00e4chen und Gewerbefl\u00e4chen in zentraler Lage nahe WU Wien und Prater.\" \/>\n<meta name=\"robots\" content=\"index, follow, max-snippet:-1, max-image-preview:large, max-video-preview:-1\" \/>\n<link rel=\"canonical\" href=\"https:\/\/www.immobilienbusiness.ch\/de\/residential\/2016-01-13\/corestate-wohnprojekt-in-wien-fertiggestellt\/\" \/>\n<meta property=\"og:locale\" content=\"de_DE\" \/>\n<meta property=\"og:type\" content=\"article\" \/>\n<meta property=\"og:title\" content=\"Corestate: Wohnprojekt in Wien fertiggestellt\" \/>\n<meta property=\"og:description\" content=\"Das Wiener Neubauprojekt \u00abLinked Living\u00bb der Corestate Capital Group ist nach 18 Monaten Bauzeit nun fertiggestellt. Es handelt sich um \u00d6sterreichs gr\u00f6sstes Wohnprojekt f\u00fcr Studenten.\" \/>\n<meta property=\"og:url\" content=\"https:\/\/www.immobilienbusiness.ch\/de\/residential\/2016-01-13\/corestate-wohnprojekt-in-wien-fertiggestellt\/\" \/>\n<meta property=\"og:site_name\" content=\"IMMOBILIEN Business\" \/>\n<meta property=\"article:publisher\" content=\"https:\/\/www.facebook.com\/immobilienbusiness\/\" \/>\n<meta property=\"article:published_time\" content=\"2016-01-13T07:53:58+00:00\" \/>\n<meta name=\"author\" content=\"Redaktion\" \/>\n<meta name=\"twitter:card\" content=\"summary_large_image\" \/>\n<meta name=\"twitter:image\" content=\"https:\/\/www.immobilienbusiness.ch\/wp-content\/uploads\/2016\/12\/Corestate-Wohnprojekt-in-Wien-fertiggestellt-immobilien-business.jpg\" \/>\n<script type=\"application\/ld+json\" class=\"yoast-schema-graph\">{\"@context\":\"https:\\\/\\\/schema.org\",\"@graph\":[{\"@type\":\"Article\",\"@id\":\"https:\\\/\\\/www.immobilienbusiness.ch\\\/residential\\\/2016-01-13\\\/corestate-wohnprojekt-in-wien-fertiggestellt\\\/#article\",\"isPartOf\":{\"@id\":\"https:\\\/\\\/www.immobilienbusiness.ch\\\/residential\\\/2016-01-13\\\/corestate-wohnprojekt-in-wien-fertiggestellt\\\/\"},\"author\":{\"name\":\"Redaktion\",\"@id\":\"https:\\\/\\\/www.immobilienbusiness.ch\\\/#\\\/schema\\\/person\\\/aa2bace6c5c5aad60102004a50c4eb1c\"},\"headline\":\"Corestate: Wohnprojekt in Wien fertiggestellt\",\"datePublished\":\"2016-01-13T07:53:58+00:00\",\"mainEntityOfPage\":{\"@id\":\"https:\\\/\\\/www.immobilienbusiness.ch\\\/residential\\\/2016-01-13\\\/corestate-wohnprojekt-in-wien-fertiggestellt\\\/\"},\"wordCount\":126,\"commentCount\":0,\"publisher\":{\"@id\":\"https:\\\/\\\/www.immobilienbusiness.ch\\\/#organization\"},\"image\":{\"@id\":\"https:\\\/\\\/www.immobilienbusiness.ch\\\/residential\\\/2016-01-13\\\/corestate-wohnprojekt-in-wien-fertiggestellt\\\/#primaryimage\"},\"thumbnailUrl\":\"https:\\\/\\\/www.immobilienbusiness.ch\\\/wp-content\\\/uploads\\\/2016\\\/12\\\/Corestate-Wohnprojekt-in-Wien-fertiggestellt-immobilien-business.jpg\",\"keywords\":[\"Ausland\",\"Residential\",\"Unternehmen\",\"Wohnen\"],\"articleSection\":[\"RESIDENTIAL\",\"UNTERNEHMEN\"],\"inLanguage\":\"de\"},{\"@type\":\"WebPage\",\"@id\":\"https:\\\/\\\/www.immobilienbusiness.ch\\\/residential\\\/2016-01-13\\\/corestate-wohnprojekt-in-wien-fertiggestellt\\\/\",\"url\":\"https:\\\/\\\/www.immobilienbusiness.ch\\\/residential\\\/2016-01-13\\\/corestate-wohnprojekt-in-wien-fertiggestellt\\\/\",\"name\":\"Wohnprojekt Wien: Fertigstellung von Corestate Projekt\",\"isPartOf\":{\"@id\":\"https:\\\/\\\/www.immobilienbusiness.ch\\\/#website\"},\"primaryImageOfPage\":{\"@id\":\"https:\\\/\\\/www.immobilienbusiness.ch\\\/residential\\\/2016-01-13\\\/corestate-wohnprojekt-in-wien-fertiggestellt\\\/#primaryimage\"},\"image\":{\"@id\":\"https:\\\/\\\/www.immobilienbusiness.ch\\\/residential\\\/2016-01-13\\\/corestate-wohnprojekt-in-wien-fertiggestellt\\\/#primaryimage\"},\"thumbnailUrl\":\"https:\\\/\\\/www.immobilienbusiness.ch\\\/wp-content\\\/uploads\\\/2016\\\/12\\\/Corestate-Wohnprojekt-in-Wien-fertiggestellt-immobilien-business.jpg\",\"datePublished\":\"2016-01-13T07:53:58+00:00\",\"description\":\"Das neue Wohnprojekt in Wien bietet 589 Mikro-Appartements, Gemeinschaftsfl\u00e4chen und Gewerbefl\u00e4chen in zentraler Lage nahe WU Wien und Prater.\",\"breadcrumb\":{\"@id\":\"https:\\\/\\\/www.immobilienbusiness.ch\\\/residential\\\/2016-01-13\\\/corestate-wohnprojekt-in-wien-fertiggestellt\\\/#breadcrumb\"},\"inLanguage\":\"de\",\"potentialAction\":[{\"@type\":\"ReadAction\",\"target\":[\"https:\\\/\\\/www.immobilienbusiness.ch\\\/residential\\\/2016-01-13\\\/corestate-wohnprojekt-in-wien-fertiggestellt\\\/\"]}]},{\"@type\":\"ImageObject\",\"inLanguage\":\"de\",\"@id\":\"https:\\\/\\\/www.immobilienbusiness.ch\\\/residential\\\/2016-01-13\\\/corestate-wohnprojekt-in-wien-fertiggestellt\\\/#primaryimage\",\"url\":\"https:\\\/\\\/www.immobilienbusiness.ch\\\/wp-content\\\/uploads\\\/2016\\\/12\\\/Corestate-Wohnprojekt-in-Wien-fertiggestellt-immobilien-business.jpg\",\"contentUrl\":\"https:\\\/\\\/www.immobilienbusiness.ch\\\/wp-content\\\/uploads\\\/2016\\\/12\\\/Corestate-Wohnprojekt-in-Wien-fertiggestellt-immobilien-business.jpg\",\"width\":800,\"height\":534,\"caption\":\"Projektentwicklung der Corestate: Linked Living in Wien\"},{\"@type\":\"BreadcrumbList\",\"@id\":\"https:\\\/\\\/www.immobilienbusiness.ch\\\/residential\\\/2016-01-13\\\/corestate-wohnprojekt-in-wien-fertiggestellt\\\/#breadcrumb\",\"itemListElement\":[{\"@type\":\"ListItem\",\"position\":1,\"name\":\"Home\",\"item\":\"https:\\\/\\\/www.immobilienbusiness.ch\\\/\"},{\"@type\":\"ListItem\",\"position\":2,\"name\":\"Corestate: Wohnprojekt in Wien fertiggestellt\"}]},{\"@type\":\"WebSite\",\"@id\":\"https:\\\/\\\/www.immobilienbusiness.ch\\\/#website\",\"url\":\"https:\\\/\\\/www.immobilienbusiness.ch\\\/\",\"name\":\"IMMOBILIEN Business\",\"description\":\"Unabh\u00e4ngiges Schweizer Wirtschaftsmagazin mit Fokus auf Immobilien, Architektur- und Bau sowie Investment- und Finanzierung.\",\"publisher\":{\"@id\":\"https:\\\/\\\/www.immobilienbusiness.ch\\\/#organization\"},\"potentialAction\":[{\"@type\":\"SearchAction\",\"target\":{\"@type\":\"EntryPoint\",\"urlTemplate\":\"https:\\\/\\\/www.immobilienbusiness.ch\\\/?s={search_term_string}\"},\"query-input\":{\"@type\":\"PropertyValueSpecification\",\"valueRequired\":true,\"valueName\":\"search_term_string\"}}],\"inLanguage\":\"de\"},{\"@type\":\"Organization\",\"@id\":\"https:\\\/\\\/www.immobilienbusiness.ch\\\/#organization\",\"name\":\"IMMOBILIEN Business\",\"url\":\"https:\\\/\\\/www.immobilienbusiness.ch\\\/\",\"logo\":{\"@type\":\"ImageObject\",\"inLanguage\":\"de\",\"@id\":\"https:\\\/\\\/www.immobilienbusiness.ch\\\/#\\\/schema\\\/logo\\\/image\\\/\",\"url\":\"https:\\\/\\\/www.immobilienbusiness.ch\\\/wp-content\\\/uploads\\\/2021\\\/07\\\/logo_ib.png\",\"contentUrl\":\"https:\\\/\\\/www.immobilienbusiness.ch\\\/wp-content\\\/uploads\\\/2021\\\/07\\\/logo_ib.png\",\"width\":800,\"height\":181,\"caption\":\"IMMOBILIEN Business\"},\"image\":{\"@id\":\"https:\\\/\\\/www.immobilienbusiness.ch\\\/#\\\/schema\\\/logo\\\/image\\\/\"},\"sameAs\":[\"https:\\\/\\\/www.facebook.com\\\/immobilienbusiness\\\/\"]},{\"@type\":\"Person\",\"@id\":\"https:\\\/\\\/www.immobilienbusiness.ch\\\/#\\\/schema\\\/person\\\/aa2bace6c5c5aad60102004a50c4eb1c\",\"name\":\"Redaktion\",\"image\":{\"@type\":\"ImageObject\",\"inLanguage\":\"de\",\"@id\":\"https:\\\/\\\/secure.gravatar.com\\\/avatar\\\/ae2f4d718e6c49043e314ce431e7e645d646302a24a5ef5a8bc8e3f5a032e319?s=96&d=mm&r=g\",\"url\":\"https:\\\/\\\/secure.gravatar.com\\\/avatar\\\/ae2f4d718e6c49043e314ce431e7e645d646302a24a5ef5a8bc8e3f5a032e319?s=96&d=mm&r=g\",\"contentUrl\":\"https:\\\/\\\/secure.gravatar.com\\\/avatar\\\/ae2f4d718e6c49043e314ce431e7e645d646302a24a5ef5a8bc8e3f5a032e319?s=96&d=mm&r=g\",\"caption\":\"Redaktion\"},\"sameAs\":[\"http:\\\/\\\/develop.organisator.galledia.ch\"],\"url\":\"https:\\\/\\\/www.immobilienbusiness.ch\\\/de\\\/author\\\/admin\\\/\"}]}<\/script>\n<!-- \/ Yoast SEO plugin. -->","yoast_head_json":{"title":"Wohnprojekt Wien: Fertigstellung von Corestate Projekt","description":"Das neue Wohnprojekt in Wien bietet 589 Mikro-Appartements, Gemeinschaftsfl\u00e4chen und Gewerbefl\u00e4chen in zentraler Lage nahe WU Wien und Prater.","robots":{"index":"index","follow":"follow","max-snippet":"max-snippet:-1","max-image-preview":"max-image-preview:large","max-video-preview":"max-video-preview:-1"},"canonical":"https:\/\/www.immobilienbusiness.ch\/de\/residential\/2016-01-13\/corestate-wohnprojekt-in-wien-fertiggestellt\/","og_locale":"de_DE","og_type":"article","og_title":"Corestate: Wohnprojekt in Wien fertiggestellt","og_description":"Das Wiener Neubauprojekt \u00abLinked Living\u00bb der Corestate Capital Group ist nach 18 Monaten Bauzeit nun fertiggestellt. Es handelt sich um \u00d6sterreichs gr\u00f6sstes Wohnprojekt f\u00fcr Studenten.","og_url":"https:\/\/www.immobilienbusiness.ch\/de\/residential\/2016-01-13\/corestate-wohnprojekt-in-wien-fertiggestellt\/","og_site_name":"IMMOBILIEN Business","article_publisher":"https:\/\/www.facebook.com\/immobilienbusiness\/","article_published_time":"2016-01-13T07:53:58+00:00","author":"Redaktion","twitter_card":"summary_large_image","twitter_image":"https:\/\/www.immobilienbusiness.ch\/wp-content\/uploads\/2016\/12\/Corestate-Wohnprojekt-in-Wien-fertiggestellt-immobilien-business.jpg","schema":{"@context":"https:\/\/schema.org","@graph":[{"@type":"Article","@id":"https:\/\/www.immobilienbusiness.ch\/residential\/2016-01-13\/corestate-wohnprojekt-in-wien-fertiggestellt\/#article","isPartOf":{"@id":"https:\/\/www.immobilienbusiness.ch\/residential\/2016-01-13\/corestate-wohnprojekt-in-wien-fertiggestellt\/"},"author":{"name":"Redaktion","@id":"https:\/\/www.immobilienbusiness.ch\/#\/schema\/person\/aa2bace6c5c5aad60102004a50c4eb1c"},"headline":"Corestate: Wohnprojekt in Wien fertiggestellt","datePublished":"2016-01-13T07:53:58+00:00","mainEntityOfPage":{"@id":"https:\/\/www.immobilienbusiness.ch\/residential\/2016-01-13\/corestate-wohnprojekt-in-wien-fertiggestellt\/"},"wordCount":126,"commentCount":0,"publisher":{"@id":"https:\/\/www.immobilienbusiness.ch\/#organization"},"image":{"@id":"https:\/\/www.immobilienbusiness.ch\/residential\/2016-01-13\/corestate-wohnprojekt-in-wien-fertiggestellt\/#primaryimage"},"thumbnailUrl":"https:\/\/www.immobilienbusiness.ch\/wp-content\/uploads\/2016\/12\/Corestate-Wohnprojekt-in-Wien-fertiggestellt-immobilien-business.jpg","keywords":["Ausland","Residential","Unternehmen","Wohnen"],"articleSection":["RESIDENTIAL","UNTERNEHMEN"],"inLanguage":"de"},{"@type":"WebPage","@id":"https:\/\/www.immobilienbusiness.ch\/residential\/2016-01-13\/corestate-wohnprojekt-in-wien-fertiggestellt\/","url":"https:\/\/www.immobilienbusiness.ch\/residential\/2016-01-13\/corestate-wohnprojekt-in-wien-fertiggestellt\/","name":"Wohnprojekt Wien: Fertigstellung von Corestate Projekt","isPartOf":{"@id":"https:\/\/www.immobilienbusiness.ch\/#website"},"primaryImageOfPage":{"@id":"https:\/\/www.immobilienbusiness.ch\/residential\/2016-01-13\/corestate-wohnprojekt-in-wien-fertiggestellt\/#primaryimage"},"image":{"@id":"https:\/\/www.immobilienbusiness.ch\/residential\/2016-01-13\/corestate-wohnprojekt-in-wien-fertiggestellt\/#primaryimage"},"thumbnailUrl":"https:\/\/www.immobilienbusiness.ch\/wp-content\/uploads\/2016\/12\/Corestate-Wohnprojekt-in-Wien-fertiggestellt-immobilien-business.jpg","datePublished":"2016-01-13T07:53:58+00:00","description":"Das neue Wohnprojekt in Wien bietet 589 Mikro-Appartements, Gemeinschaftsfl\u00e4chen und Gewerbefl\u00e4chen in zentraler Lage nahe WU Wien und Prater.","breadcrumb":{"@id":"https:\/\/www.immobilienbusiness.ch\/residential\/2016-01-13\/corestate-wohnprojekt-in-wien-fertiggestellt\/#breadcrumb"},"inLanguage":"de","potentialAction":[{"@type":"ReadAction","target":["https:\/\/www.immobilienbusiness.ch\/residential\/2016-01-13\/corestate-wohnprojekt-in-wien-fertiggestellt\/"]}]},{"@type":"ImageObject","inLanguage":"de","@id":"https:\/\/www.immobilienbusiness.ch\/residential\/2016-01-13\/corestate-wohnprojekt-in-wien-fertiggestellt\/#primaryimage","url":"https:\/\/www.immobilienbusiness.ch\/wp-content\/uploads\/2016\/12\/Corestate-Wohnprojekt-in-Wien-fertiggestellt-immobilien-business.jpg","contentUrl":"https:\/\/www.immobilienbusiness.ch\/wp-content\/uploads\/2016\/12\/Corestate-Wohnprojekt-in-Wien-fertiggestellt-immobilien-business.jpg","width":800,"height":534,"caption":"Projektentwicklung der Corestate: Linked Living in Wien"},{"@type":"BreadcrumbList","@id":"https:\/\/www.immobilienbusiness.ch\/residential\/2016-01-13\/corestate-wohnprojekt-in-wien-fertiggestellt\/#breadcrumb","itemListElement":[{"@type":"ListItem","position":1,"name":"Home","item":"https:\/\/www.immobilienbusiness.ch\/"},{"@type":"ListItem","position":2,"name":"Corestate: Wohnprojekt in Wien fertiggestellt"}]},{"@type":"WebSite","@id":"https:\/\/www.immobilienbusiness.ch\/#website","url":"https:\/\/www.immobilienbusiness.ch\/","name":"IMMOBILIEN Business","description":"Unabh\u00e4ngiges Schweizer Wirtschaftsmagazin mit Fokus auf Immobilien, Architektur- und Bau sowie Investment- und Finanzierung.","publisher":{"@id":"https:\/\/www.immobilienbusiness.ch\/#organization"},"potentialAction":[{"@type":"SearchAction","target":{"@type":"EntryPoint","urlTemplate":"https:\/\/www.immobilienbusiness.ch\/?s={search_term_string}"},"query-input":{"@type":"PropertyValueSpecification","valueRequired":true,"valueName":"search_term_string"}}],"inLanguage":"de"},{"@type":"Organization","@id":"https:\/\/www.immobilienbusiness.ch\/#organization","name":"IMMOBILIEN Business","url":"https:\/\/www.immobilienbusiness.ch\/","logo":{"@type":"ImageObject","inLanguage":"de","@id":"https:\/\/www.immobilienbusiness.ch\/#\/schema\/logo\/image\/","url":"https:\/\/www.immobilienbusiness.ch\/wp-content\/uploads\/2021\/07\/logo_ib.png","contentUrl":"https:\/\/www.immobilienbusiness.ch\/wp-content\/uploads\/2021\/07\/logo_ib.png","width":800,"height":181,"caption":"IMMOBILIEN Business"},"image":{"@id":"https:\/\/www.immobilienbusiness.ch\/#\/schema\/logo\/image\/"},"sameAs":["https:\/\/www.facebook.com\/immobilienbusiness\/"]},{"@type":"Person","@id":"https:\/\/www.immobilienbusiness.ch\/#\/schema\/person\/aa2bace6c5c5aad60102004a50c4eb1c","name":"Redaktion","image":{"@type":"ImageObject","inLanguage":"de","@id":"https:\/\/secure.gravatar.com\/avatar\/ae2f4d718e6c49043e314ce431e7e645d646302a24a5ef5a8bc8e3f5a032e319?s=96&d=mm&r=g","url":"https:\/\/secure.gravatar.com\/avatar\/ae2f4d718e6c49043e314ce431e7e645d646302a24a5ef5a8bc8e3f5a032e319?s=96&d=mm&r=g","contentUrl":"https:\/\/secure.gravatar.com\/avatar\/ae2f4d718e6c49043e314ce431e7e645d646302a24a5ef5a8bc8e3f5a032e319?s=96&d=mm&r=g","caption":"Redaktion"},"sameAs":["http:\/\/develop.organisator.galledia.ch"],"url":"https:\/\/www.immobilienbusiness.ch\/de\/author\/admin\/"}]}},"_links":{"self":[{"href":"https:\/\/www.immobilienbusiness.ch\/de\/wp-json\/wp\/v2\/posts\/2047","targetHints":{"allow":["GET"]}}],"collection":[{"href":"https:\/\/www.immobilienbusiness.ch\/de\/wp-json\/wp\/v2\/posts"}],"about":[{"href":"https:\/\/www.immobilienbusiness.ch\/de\/wp-json\/wp\/v2\/types\/post"}],"author":[{"embeddable":true,"href":"https:\/\/www.immobilienbusiness.ch\/de\/wp-json\/wp\/v2\/users\/1"}],"replies":[{"embeddable":true,"href":"https:\/\/www.immobilienbusiness.ch\/de\/wp-json\/wp\/v2\/comments?post=2047"}],"version-history":[{"count":0,"href":"https:\/\/www.immobilienbusiness.ch\/de\/wp-json\/wp\/v2\/posts\/2047\/revisions"}],"wp:featuredmedia":[{"embeddable":true,"href":"https:\/\/www.immobilienbusiness.ch\/de\/wp-json\/wp\/v2\/media\/2048"}],"wp:attachment":[{"href":"https:\/\/www.immobilienbusiness.ch\/de\/wp-json\/wp\/v2\/media?parent=2047"}],"wp:term":[{"taxonomy":"category","embeddable":true,"href":"https:\/\/www.immobilienbusiness.ch\/de\/wp-json\/wp\/v2\/categories?post=2047"},{"taxonomy":"post_tag","embeddable":true,"href":"https:\/\/www.immobilienbusiness.ch\/de\/wp-json\/wp\/v2\/tags?post=2047"}],"curies":[{"name":"wp","href":"https:\/\/api.w.org\/{rel}","templated":true}]}}