{"id":20298,"date":"2020-02-21T08:07:23","date_gmt":"2020-02-21T07:07:23","guid":{"rendered":"https:\/\/www.immobilienbusiness.ch\/?p=20298"},"modified":"2023-08-09T21:58:00","modified_gmt":"2023-08-09T19:58:00","slug":"zuerich-msd-und-itelligence-mieten-in-the-circle","status":"publish","type":"post","link":"https:\/\/www.immobilienbusiness.ch\/de\/regionen\/2020-02-21\/zuerich-msd-und-itelligence-mieten-in-the-circle\/","title":{"rendered":"Z\u00fcrich: MSD und Itelligence mieten in The Circle"},"content":{"rendered":"<figure id=\"attachment_18324\" aria-describedby=\"caption-attachment-18324\" style=\"width: 300px\" class=\"wp-caption alignnone\"><img loading=\"lazy\" decoding=\"async\" class=\"wp-image-18324 size-medium\" src=\"https:\/\/www.immobilienbusiness.ch\/wp-content\/uploads\/2019\/09\/ibrief_285_Projekt_The_Circle_Foto__18640-300x194.jpg\" alt=\"MSD \" width=\"300\" height=\"194\" srcset=\"https:\/\/www.immobilienbusiness.ch\/wp-content\/uploads\/2019\/09\/ibrief_285_Projekt_The_Circle_Foto__18640-300x194.jpg 300w, https:\/\/www.immobilienbusiness.ch\/wp-content\/uploads\/2019\/09\/ibrief_285_Projekt_The_Circle_Foto__18640-768x497.jpg 768w, https:\/\/www.immobilienbusiness.ch\/wp-content\/uploads\/2019\/09\/ibrief_285_Projekt_The_Circle_Foto__18640-16x10.jpg 16w, https:\/\/www.immobilienbusiness.ch\/wp-content\/uploads\/2019\/09\/ibrief_285_Projekt_The_Circle_Foto__18640-271x175.jpg 271w, https:\/\/www.immobilienbusiness.ch\/wp-content\/uploads\/2019\/09\/ibrief_285_Projekt_The_Circle_Foto__18640-541x350.jpg 541w, https:\/\/www.immobilienbusiness.ch\/wp-content\/uploads\/2019\/09\/ibrief_285_Projekt_The_Circle_Foto__18640-920x595.jpg 920w, https:\/\/www.immobilienbusiness.ch\/wp-content\/uploads\/2019\/09\/ibrief_285_Projekt_The_Circle_Foto__18640.jpg 1024w\" sizes=\"auto, (max-width: 300px) 100vw, 300px\" \/><figcaption id=\"caption-attachment-18324\" class=\"wp-caption-text\">The Circle (Visualisierung: Flughafen Z\u00fcrich AG)<\/figcaption><\/figure>\n<p>MSD (Merck Sharp &amp; Dohme) wird rund 4.300 qm in The Circle belegen. Bis zur Fertigstellung und Er\u00f6ffnung des Standorts im Jahr 2021 werden mehr als 250 MSD-Mitarbeitende dort t\u00e4tig sein. Die Wahl sei aufgrund des Community-Gedankens und der erwarteten Synergien zu den anderen Mietern gefalllen, teilt der Flughafen Z\u00fcrich mit.<\/p>\n<p>Ausserdem wird das SAP-Beratungshaus Itelligence mit 140 Mitarbeitenden seinen Schweizer Hauptsitz in The Circle verlegen. Der Mix aus hochmodernen B\u00fcros, sehr guten Begegnungs- und Tagungsm\u00f6glichkeiten sowie die ausgezeichnete Lage mit optimaler verkehrstechnischer Vernetzung habe \u00fcberzeugt, l\u00e4sst sich der Gesch\u00e4ftsf\u00fchrer von Itelligence Schweiz, Claude Fl\u00fckiger, in der Mitteilung des Flughafens zitieren. Auch die N\u00e4he zur SAP, die ebenfalls in das Grossprojekt ziehen wird, sei ein wichtiges Entscheidungskriterium gewesen.<\/p>\n<p>Die Er\u00f6ffnung von The Circle ist ab September dieses Jahres in Etappen vorgesehen. Die Flughafen Z\u00fcrich AG und Swiss Life bilden eine Miteigent\u00fcmergemeinschaft, woran der Flughafen mit 51% und Swiss Life mit 49% beteiligt sind. <em>(ah)<\/em><\/p>\n","protected":false},"excerpt":{"rendered":"<p>Das Pharmaunternehmen MSD will in The Circle am Z\u00fcrcher Flughafen ein Office f\u00fcr 250 Mitarbeitende er\u00f6ffnen, und die Itelligence AG verlegt ihren Hauptsitz in das Grossprojekt.<\/p>\n","protected":false},"author":3,"featured_media":18324,"comment_status":"closed","ping_status":"closed","sticky":false,"template":"","format":"standard","meta":{"_acf_changed":false,"_yoast_wpseo_focuskw":"MSD","_yoast_wpseo_title":"","_yoast_wpseo_metadesc":"Das Pharmaunternehmen MSD will in The Circle ein Office f\u00fcr 250 Mitarbeitende er\u00f6ffnen, und die Itelligence AG verlegt ihren Hauptsitz in das Grossprojekt.","_yoast_wpseo_linkdex":52,"pgc_sgb_lightbox_settings":"","footnotes":""},"categories":[985],"tags":[1119,1231,1777,1832,1888],"class_list":["post-20298","post","type-post","status-publish","format-standard","has-post-thumbnail","hentry","category-regionen","tag-bueroimmobilien","tag-flughafen-zuerich","tag-the-circle","tag-vermietung","tag-zuerich"],"acf":[],"yoast_head":"<!-- This site is optimized with the Yoast SEO plugin v27.5 - https:\/\/yoast.com\/product\/yoast-seo-wordpress\/ -->\n<title>Z\u00fcrich: MSD und Itelligence mieten in The Circle - IMMOBILIEN Business<\/title>\n<meta name=\"description\" content=\"Das Pharmaunternehmen MSD will in The Circle ein Office f\u00fcr 250 Mitarbeitende er\u00f6ffnen, und die Itelligence AG verlegt ihren Hauptsitz in das Grossprojekt.\" \/>\n<meta name=\"robots\" content=\"index, follow, max-snippet:-1, max-image-preview:large, max-video-preview:-1\" \/>\n<link rel=\"canonical\" href=\"https:\/\/www.immobilienbusiness.ch\/de\/regionen\/2020-02-21\/zuerich-msd-und-itelligence-mieten-in-the-circle\/\" \/>\n<meta property=\"og:locale\" content=\"de_DE\" \/>\n<meta property=\"og:type\" content=\"article\" \/>\n<meta property=\"og:title\" content=\"Z\u00fcrich: MSD und Itelligence mieten in The Circle - IMMOBILIEN Business\" \/>\n<meta property=\"og:description\" content=\"Das Pharmaunternehmen MSD will in The Circle ein Office f\u00fcr 250 Mitarbeitende er\u00f6ffnen, und die Itelligence AG verlegt ihren Hauptsitz in das Grossprojekt.\" \/>\n<meta property=\"og:url\" content=\"https:\/\/www.immobilienbusiness.ch\/de\/regionen\/2020-02-21\/zuerich-msd-und-itelligence-mieten-in-the-circle\/\" \/>\n<meta property=\"og:site_name\" content=\"IMMOBILIEN Business\" \/>\n<meta property=\"article:publisher\" content=\"https:\/\/www.facebook.com\/immobilienbusiness\/\" \/>\n<meta property=\"article:published_time\" content=\"2020-02-21T07:07:23+00:00\" \/>\n<meta property=\"article:modified_time\" content=\"2023-08-09T19:58:00+00:00\" \/>\n<meta property=\"og:image\" content=\"https:\/\/www.immobilienbusiness.ch\/wp-content\/uploads\/2019\/09\/ibrief_285_Projekt_The_Circle_Foto__18640.jpg\" \/>\n\t<meta property=\"og:image:width\" content=\"1024\" \/>\n\t<meta property=\"og:image:height\" content=\"662\" \/>\n\t<meta property=\"og:image:type\" content=\"image\/jpeg\" \/>\n<meta name=\"author\" content=\"anja.hall\" \/>\n<meta name=\"twitter:card\" content=\"summary_large_image\" \/>\n<script type=\"application\/ld+json\" class=\"yoast-schema-graph\">{\"@context\":\"https:\\\/\\\/schema.org\",\"@graph\":[{\"@type\":\"Article\",\"@id\":\"https:\\\/\\\/www.immobilienbusiness.ch\\\/regionen\\\/2020-02-21\\\/zuerich-msd-und-itelligence-mieten-in-the-circle\\\/#article\",\"isPartOf\":{\"@id\":\"https:\\\/\\\/www.immobilienbusiness.ch\\\/regionen\\\/2020-02-21\\\/zuerich-msd-und-itelligence-mieten-in-the-circle\\\/\"},\"author\":{\"name\":\"anja.hall\",\"@id\":\"https:\\\/\\\/www.immobilienbusiness.ch\\\/#\\\/schema\\\/person\\\/3fc036297b10b9f42d6db5ee932af8c8\"},\"headline\":\"Z\u00fcrich: MSD und Itelligence mieten in The Circle\",\"datePublished\":\"2020-02-21T07:07:23+00:00\",\"dateModified\":\"2023-08-09T19:58:00+00:00\",\"mainEntityOfPage\":{\"@id\":\"https:\\\/\\\/www.immobilienbusiness.ch\\\/regionen\\\/2020-02-21\\\/zuerich-msd-und-itelligence-mieten-in-the-circle\\\/\"},\"wordCount\":184,\"publisher\":{\"@id\":\"https:\\\/\\\/www.immobilienbusiness.ch\\\/#organization\"},\"image\":{\"@id\":\"https:\\\/\\\/www.immobilienbusiness.ch\\\/regionen\\\/2020-02-21\\\/zuerich-msd-und-itelligence-mieten-in-the-circle\\\/#primaryimage\"},\"thumbnailUrl\":\"https:\\\/\\\/www.immobilienbusiness.ch\\\/wp-content\\\/uploads\\\/2019\\\/09\\\/ibrief_285_Projekt_The_Circle_Foto__18640.jpg\",\"keywords\":[\"B\u00fcroimmobilien\",\"Flughafen Z\u00fcrich\",\"The Circle\",\"Vermietung\",\"Z\u00fcrich\"],\"articleSection\":[\"REGIONEN\"],\"inLanguage\":\"de\"},{\"@type\":\"WebPage\",\"@id\":\"https:\\\/\\\/www.immobilienbusiness.ch\\\/regionen\\\/2020-02-21\\\/zuerich-msd-und-itelligence-mieten-in-the-circle\\\/\",\"url\":\"https:\\\/\\\/www.immobilienbusiness.ch\\\/regionen\\\/2020-02-21\\\/zuerich-msd-und-itelligence-mieten-in-the-circle\\\/\",\"name\":\"Z\u00fcrich: MSD und Itelligence mieten in The Circle - IMMOBILIEN Business\",\"isPartOf\":{\"@id\":\"https:\\\/\\\/www.immobilienbusiness.ch\\\/#website\"},\"primaryImageOfPage\":{\"@id\":\"https:\\\/\\\/www.immobilienbusiness.ch\\\/regionen\\\/2020-02-21\\\/zuerich-msd-und-itelligence-mieten-in-the-circle\\\/#primaryimage\"},\"image\":{\"@id\":\"https:\\\/\\\/www.immobilienbusiness.ch\\\/regionen\\\/2020-02-21\\\/zuerich-msd-und-itelligence-mieten-in-the-circle\\\/#primaryimage\"},\"thumbnailUrl\":\"https:\\\/\\\/www.immobilienbusiness.ch\\\/wp-content\\\/uploads\\\/2019\\\/09\\\/ibrief_285_Projekt_The_Circle_Foto__18640.jpg\",\"datePublished\":\"2020-02-21T07:07:23+00:00\",\"dateModified\":\"2023-08-09T19:58:00+00:00\",\"description\":\"Das Pharmaunternehmen MSD will in The Circle ein Office f\u00fcr 250 Mitarbeitende er\u00f6ffnen, und die Itelligence AG verlegt ihren Hauptsitz in das Grossprojekt.\",\"breadcrumb\":{\"@id\":\"https:\\\/\\\/www.immobilienbusiness.ch\\\/regionen\\\/2020-02-21\\\/zuerich-msd-und-itelligence-mieten-in-the-circle\\\/#breadcrumb\"},\"inLanguage\":\"de\",\"potentialAction\":[{\"@type\":\"ReadAction\",\"target\":[\"https:\\\/\\\/www.immobilienbusiness.ch\\\/regionen\\\/2020-02-21\\\/zuerich-msd-und-itelligence-mieten-in-the-circle\\\/\"]}]},{\"@type\":\"ImageObject\",\"inLanguage\":\"de\",\"@id\":\"https:\\\/\\\/www.immobilienbusiness.ch\\\/regionen\\\/2020-02-21\\\/zuerich-msd-und-itelligence-mieten-in-the-circle\\\/#primaryimage\",\"url\":\"https:\\\/\\\/www.immobilienbusiness.ch\\\/wp-content\\\/uploads\\\/2019\\\/09\\\/ibrief_285_Projekt_The_Circle_Foto__18640.jpg\",\"contentUrl\":\"https:\\\/\\\/www.immobilienbusiness.ch\\\/wp-content\\\/uploads\\\/2019\\\/09\\\/ibrief_285_Projekt_The_Circle_Foto__18640.jpg\",\"width\":1024,\"height\":662},{\"@type\":\"BreadcrumbList\",\"@id\":\"https:\\\/\\\/www.immobilienbusiness.ch\\\/regionen\\\/2020-02-21\\\/zuerich-msd-und-itelligence-mieten-in-the-circle\\\/#breadcrumb\",\"itemListElement\":[{\"@type\":\"ListItem\",\"position\":1,\"name\":\"Home\",\"item\":\"https:\\\/\\\/www.immobilienbusiness.ch\\\/\"},{\"@type\":\"ListItem\",\"position\":2,\"name\":\"Z\u00fcrich: MSD und Itelligence mieten in The Circle\"}]},{\"@type\":\"WebSite\",\"@id\":\"https:\\\/\\\/www.immobilienbusiness.ch\\\/#website\",\"url\":\"https:\\\/\\\/www.immobilienbusiness.ch\\\/\",\"name\":\"IMMOBILIEN Business\",\"description\":\"Unabh\u00e4ngiges Schweizer Wirtschaftsmagazin mit Fokus auf Immobilien, Architektur- und Bau sowie Investment- und Finanzierung.\",\"publisher\":{\"@id\":\"https:\\\/\\\/www.immobilienbusiness.ch\\\/#organization\"},\"potentialAction\":[{\"@type\":\"SearchAction\",\"target\":{\"@type\":\"EntryPoint\",\"urlTemplate\":\"https:\\\/\\\/www.immobilienbusiness.ch\\\/?s={search_term_string}\"},\"query-input\":{\"@type\":\"PropertyValueSpecification\",\"valueRequired\":true,\"valueName\":\"search_term_string\"}}],\"inLanguage\":\"de\"},{\"@type\":\"Organization\",\"@id\":\"https:\\\/\\\/www.immobilienbusiness.ch\\\/#organization\",\"name\":\"IMMOBILIEN Business\",\"url\":\"https:\\\/\\\/www.immobilienbusiness.ch\\\/\",\"logo\":{\"@type\":\"ImageObject\",\"inLanguage\":\"de\",\"@id\":\"https:\\\/\\\/www.immobilienbusiness.ch\\\/#\\\/schema\\\/logo\\\/image\\\/\",\"url\":\"https:\\\/\\\/www.immobilienbusiness.ch\\\/wp-content\\\/uploads\\\/2021\\\/07\\\/logo_ib.png\",\"contentUrl\":\"https:\\\/\\\/www.immobilienbusiness.ch\\\/wp-content\\\/uploads\\\/2021\\\/07\\\/logo_ib.png\",\"width\":800,\"height\":181,\"caption\":\"IMMOBILIEN Business\"},\"image\":{\"@id\":\"https:\\\/\\\/www.immobilienbusiness.ch\\\/#\\\/schema\\\/logo\\\/image\\\/\"},\"sameAs\":[\"https:\\\/\\\/www.facebook.com\\\/immobilienbusiness\\\/\"]},{\"@type\":\"Person\",\"@id\":\"https:\\\/\\\/www.immobilienbusiness.ch\\\/#\\\/schema\\\/person\\\/3fc036297b10b9f42d6db5ee932af8c8\",\"name\":\"anja.hall\",\"image\":{\"@type\":\"ImageObject\",\"inLanguage\":\"de\",\"@id\":\"https:\\\/\\\/secure.gravatar.com\\\/avatar\\\/066b5a0d447013502c71a5782f4f3469f03cfe595cc2329fb94652fe47511bfb?s=96&d=mm&r=g\",\"url\":\"https:\\\/\\\/secure.gravatar.com\\\/avatar\\\/066b5a0d447013502c71a5782f4f3469f03cfe595cc2329fb94652fe47511bfb?s=96&d=mm&r=g\",\"contentUrl\":\"https:\\\/\\\/secure.gravatar.com\\\/avatar\\\/066b5a0d447013502c71a5782f4f3469f03cfe595cc2329fb94652fe47511bfb?s=96&d=mm&r=g\",\"caption\":\"anja.hall\"},\"url\":\"https:\\\/\\\/www.immobilienbusiness.ch\\\/de\\\/author\\\/anja-hall\\\/\"}]}<\/script>\n<!-- \/ Yoast SEO plugin. -->","yoast_head_json":{"title":"Z\u00fcrich: MSD und Itelligence mieten in The Circle - IMMOBILIEN Business","description":"Das Pharmaunternehmen MSD will in The Circle ein Office f\u00fcr 250 Mitarbeitende er\u00f6ffnen, und die Itelligence AG verlegt ihren Hauptsitz in das Grossprojekt.","robots":{"index":"index","follow":"follow","max-snippet":"max-snippet:-1","max-image-preview":"max-image-preview:large","max-video-preview":"max-video-preview:-1"},"canonical":"https:\/\/www.immobilienbusiness.ch\/de\/regionen\/2020-02-21\/zuerich-msd-und-itelligence-mieten-in-the-circle\/","og_locale":"de_DE","og_type":"article","og_title":"Z\u00fcrich: MSD und Itelligence mieten in The Circle - IMMOBILIEN Business","og_description":"Das Pharmaunternehmen MSD will in The Circle ein Office f\u00fcr 250 Mitarbeitende er\u00f6ffnen, und die Itelligence AG verlegt ihren Hauptsitz in das Grossprojekt.","og_url":"https:\/\/www.immobilienbusiness.ch\/de\/regionen\/2020-02-21\/zuerich-msd-und-itelligence-mieten-in-the-circle\/","og_site_name":"IMMOBILIEN Business","article_publisher":"https:\/\/www.facebook.com\/immobilienbusiness\/","article_published_time":"2020-02-21T07:07:23+00:00","article_modified_time":"2023-08-09T19:58:00+00:00","og_image":[{"width":1024,"height":662,"url":"https:\/\/www.immobilienbusiness.ch\/wp-content\/uploads\/2019\/09\/ibrief_285_Projekt_The_Circle_Foto__18640.jpg","type":"image\/jpeg"}],"author":"anja.hall","twitter_card":"summary_large_image","schema":{"@context":"https:\/\/schema.org","@graph":[{"@type":"Article","@id":"https:\/\/www.immobilienbusiness.ch\/regionen\/2020-02-21\/zuerich-msd-und-itelligence-mieten-in-the-circle\/#article","isPartOf":{"@id":"https:\/\/www.immobilienbusiness.ch\/regionen\/2020-02-21\/zuerich-msd-und-itelligence-mieten-in-the-circle\/"},"author":{"name":"anja.hall","@id":"https:\/\/www.immobilienbusiness.ch\/#\/schema\/person\/3fc036297b10b9f42d6db5ee932af8c8"},"headline":"Z\u00fcrich: MSD und Itelligence mieten in The Circle","datePublished":"2020-02-21T07:07:23+00:00","dateModified":"2023-08-09T19:58:00+00:00","mainEntityOfPage":{"@id":"https:\/\/www.immobilienbusiness.ch\/regionen\/2020-02-21\/zuerich-msd-und-itelligence-mieten-in-the-circle\/"},"wordCount":184,"publisher":{"@id":"https:\/\/www.immobilienbusiness.ch\/#organization"},"image":{"@id":"https:\/\/www.immobilienbusiness.ch\/regionen\/2020-02-21\/zuerich-msd-und-itelligence-mieten-in-the-circle\/#primaryimage"},"thumbnailUrl":"https:\/\/www.immobilienbusiness.ch\/wp-content\/uploads\/2019\/09\/ibrief_285_Projekt_The_Circle_Foto__18640.jpg","keywords":["B\u00fcroimmobilien","Flughafen Z\u00fcrich","The Circle","Vermietung","Z\u00fcrich"],"articleSection":["REGIONEN"],"inLanguage":"de"},{"@type":"WebPage","@id":"https:\/\/www.immobilienbusiness.ch\/regionen\/2020-02-21\/zuerich-msd-und-itelligence-mieten-in-the-circle\/","url":"https:\/\/www.immobilienbusiness.ch\/regionen\/2020-02-21\/zuerich-msd-und-itelligence-mieten-in-the-circle\/","name":"Z\u00fcrich: MSD und Itelligence mieten in The Circle - IMMOBILIEN Business","isPartOf":{"@id":"https:\/\/www.immobilienbusiness.ch\/#website"},"primaryImageOfPage":{"@id":"https:\/\/www.immobilienbusiness.ch\/regionen\/2020-02-21\/zuerich-msd-und-itelligence-mieten-in-the-circle\/#primaryimage"},"image":{"@id":"https:\/\/www.immobilienbusiness.ch\/regionen\/2020-02-21\/zuerich-msd-und-itelligence-mieten-in-the-circle\/#primaryimage"},"thumbnailUrl":"https:\/\/www.immobilienbusiness.ch\/wp-content\/uploads\/2019\/09\/ibrief_285_Projekt_The_Circle_Foto__18640.jpg","datePublished":"2020-02-21T07:07:23+00:00","dateModified":"2023-08-09T19:58:00+00:00","description":"Das Pharmaunternehmen MSD will in The Circle ein Office f\u00fcr 250 Mitarbeitende er\u00f6ffnen, und die Itelligence AG verlegt ihren Hauptsitz in das Grossprojekt.","breadcrumb":{"@id":"https:\/\/www.immobilienbusiness.ch\/regionen\/2020-02-21\/zuerich-msd-und-itelligence-mieten-in-the-circle\/#breadcrumb"},"inLanguage":"de","potentialAction":[{"@type":"ReadAction","target":["https:\/\/www.immobilienbusiness.ch\/regionen\/2020-02-21\/zuerich-msd-und-itelligence-mieten-in-the-circle\/"]}]},{"@type":"ImageObject","inLanguage":"de","@id":"https:\/\/www.immobilienbusiness.ch\/regionen\/2020-02-21\/zuerich-msd-und-itelligence-mieten-in-the-circle\/#primaryimage","url":"https:\/\/www.immobilienbusiness.ch\/wp-content\/uploads\/2019\/09\/ibrief_285_Projekt_The_Circle_Foto__18640.jpg","contentUrl":"https:\/\/www.immobilienbusiness.ch\/wp-content\/uploads\/2019\/09\/ibrief_285_Projekt_The_Circle_Foto__18640.jpg","width":1024,"height":662},{"@type":"BreadcrumbList","@id":"https:\/\/www.immobilienbusiness.ch\/regionen\/2020-02-21\/zuerich-msd-und-itelligence-mieten-in-the-circle\/#breadcrumb","itemListElement":[{"@type":"ListItem","position":1,"name":"Home","item":"https:\/\/www.immobilienbusiness.ch\/"},{"@type":"ListItem","position":2,"name":"Z\u00fcrich: MSD und Itelligence mieten in The Circle"}]},{"@type":"WebSite","@id":"https:\/\/www.immobilienbusiness.ch\/#website","url":"https:\/\/www.immobilienbusiness.ch\/","name":"IMMOBILIEN Business","description":"Unabh\u00e4ngiges Schweizer Wirtschaftsmagazin mit Fokus auf Immobilien, Architektur- und Bau sowie Investment- und Finanzierung.","publisher":{"@id":"https:\/\/www.immobilienbusiness.ch\/#organization"},"potentialAction":[{"@type":"SearchAction","target":{"@type":"EntryPoint","urlTemplate":"https:\/\/www.immobilienbusiness.ch\/?s={search_term_string}"},"query-input":{"@type":"PropertyValueSpecification","valueRequired":true,"valueName":"search_term_string"}}],"inLanguage":"de"},{"@type":"Organization","@id":"https:\/\/www.immobilienbusiness.ch\/#organization","name":"IMMOBILIEN Business","url":"https:\/\/www.immobilienbusiness.ch\/","logo":{"@type":"ImageObject","inLanguage":"de","@id":"https:\/\/www.immobilienbusiness.ch\/#\/schema\/logo\/image\/","url":"https:\/\/www.immobilienbusiness.ch\/wp-content\/uploads\/2021\/07\/logo_ib.png","contentUrl":"https:\/\/www.immobilienbusiness.ch\/wp-content\/uploads\/2021\/07\/logo_ib.png","width":800,"height":181,"caption":"IMMOBILIEN Business"},"image":{"@id":"https:\/\/www.immobilienbusiness.ch\/#\/schema\/logo\/image\/"},"sameAs":["https:\/\/www.facebook.com\/immobilienbusiness\/"]},{"@type":"Person","@id":"https:\/\/www.immobilienbusiness.ch\/#\/schema\/person\/3fc036297b10b9f42d6db5ee932af8c8","name":"anja.hall","image":{"@type":"ImageObject","inLanguage":"de","@id":"https:\/\/secure.gravatar.com\/avatar\/066b5a0d447013502c71a5782f4f3469f03cfe595cc2329fb94652fe47511bfb?s=96&d=mm&r=g","url":"https:\/\/secure.gravatar.com\/avatar\/066b5a0d447013502c71a5782f4f3469f03cfe595cc2329fb94652fe47511bfb?s=96&d=mm&r=g","contentUrl":"https:\/\/secure.gravatar.com\/avatar\/066b5a0d447013502c71a5782f4f3469f03cfe595cc2329fb94652fe47511bfb?s=96&d=mm&r=g","caption":"anja.hall"},"url":"https:\/\/www.immobilienbusiness.ch\/de\/author\/anja-hall\/"}]}},"_links":{"self":[{"href":"https:\/\/www.immobilienbusiness.ch\/de\/wp-json\/wp\/v2\/posts\/20298","targetHints":{"allow":["GET"]}}],"collection":[{"href":"https:\/\/www.immobilienbusiness.ch\/de\/wp-json\/wp\/v2\/posts"}],"about":[{"href":"https:\/\/www.immobilienbusiness.ch\/de\/wp-json\/wp\/v2\/types\/post"}],"author":[{"embeddable":true,"href":"https:\/\/www.immobilienbusiness.ch\/de\/wp-json\/wp\/v2\/users\/3"}],"replies":[{"embeddable":true,"href":"https:\/\/www.immobilienbusiness.ch\/de\/wp-json\/wp\/v2\/comments?post=20298"}],"version-history":[{"count":1,"href":"https:\/\/www.immobilienbusiness.ch\/de\/wp-json\/wp\/v2\/posts\/20298\/revisions"}],"predecessor-version":[{"id":51887,"href":"https:\/\/www.immobilienbusiness.ch\/de\/wp-json\/wp\/v2\/posts\/20298\/revisions\/51887"}],"wp:featuredmedia":[{"embeddable":true,"href":"https:\/\/www.immobilienbusiness.ch\/de\/wp-json\/wp\/v2\/media\/18324"}],"wp:attachment":[{"href":"https:\/\/www.immobilienbusiness.ch\/de\/wp-json\/wp\/v2\/media?parent=20298"}],"wp:term":[{"taxonomy":"category","embeddable":true,"href":"https:\/\/www.immobilienbusiness.ch\/de\/wp-json\/wp\/v2\/categories?post=20298"},{"taxonomy":"post_tag","embeddable":true,"href":"https:\/\/www.immobilienbusiness.ch\/de\/wp-json\/wp\/v2\/tags?post=20298"}],"curies":[{"name":"wp","href":"https:\/\/api.w.org\/{rel}","templated":true}]}}