{"id":20167,"date":"2020-02-11T08:11:01","date_gmt":"2020-02-11T07:11:01","guid":{"rendered":"https:\/\/www.immobilienbusiness.ch\/?p=20167"},"modified":"2020-02-11T08:11:01","modified_gmt":"2020-02-11T07:11:01","slug":"neue-geschaeftsfuehrung-bei-der-uze-ag","status":"publish","type":"post","link":"https:\/\/www.immobilienbusiness.ch\/de\/unternehmen\/2020-02-11\/neue-geschaeftsfuehrung-bei-der-uze-ag\/","title":{"rendered":"Neue Gesch\u00e4ftsf\u00fchrung bei der Uze AG"},"content":{"rendered":"<figure id=\"attachment_20182\" aria-describedby=\"caption-attachment-20182\" style=\"width: 680px\" class=\"wp-caption alignnone\"><img loading=\"lazy\" decoding=\"async\" class=\"size-medium wp-image-20182\" src=\"https:\/\/www.immobilienbusiness.ch\/wp-content\/uploads\/2020\/02\/190813_UZE1901_Tobias_235.jpg\" alt=\"\" width=\"680\" height=\"454\" srcset=\"https:\/\/www.immobilienbusiness.ch\/wp-content\/uploads\/2020\/02\/190813_UZE1901_Tobias_235.jpg 799w, https:\/\/www.immobilienbusiness.ch\/wp-content\/uploads\/2020\/02\/190813_UZE1901_Tobias_235-300x200.jpg 300w, https:\/\/www.immobilienbusiness.ch\/wp-content\/uploads\/2020\/02\/190813_UZE1901_Tobias_235-768x512.jpg 768w, https:\/\/www.immobilienbusiness.ch\/wp-content\/uploads\/2020\/02\/190813_UZE1901_Tobias_235-16x12.jpg 16w, https:\/\/www.immobilienbusiness.ch\/wp-content\/uploads\/2020\/02\/190813_UZE1901_Tobias_235-262x175.jpg 262w, https:\/\/www.immobilienbusiness.ch\/wp-content\/uploads\/2020\/02\/190813_UZE1901_Tobias_235-525x350.jpg 525w\" sizes=\"auto, (max-width: 680px) 100vw, 680px\" \/><figcaption id=\"caption-attachment-20182\" class=\"wp-caption-text\">Tobias Wagner (Bild: Uze AG)<\/figcaption><\/figure>\n<p>Karin B\u00fchler f\u00fchrte das 1892 gegr\u00fcndete Familienunternehmen seit 2014. In diese Zeit fielen unter anderem die Sanierung des Hotel Uzwil, die Neuaufgleisung des Facility Managements, die Er\u00f6ffnung eines Innovationcenters sowie der Neubau zahlreicher Wohnbauprojekte.<\/p>\n<p>\u00abDie Uze AG hat sich stark weiterentwickelt und ist zu einem selbstbewussten Unternehmen mit vielseitigen Aufgaben<br \/>\nherangewachsen\u00bb, sagt B\u00fchler. Nun sei es Zeit, die Zukunft der Gesellschaft in weiterf\u00fchrende H\u00e4nde zu legen.<\/p>\n<p>Sie hat daher zum Jahresbeginn die operative Gesch\u00e4ftsf\u00fchrung an Tobias Wagner \u00fcbergeben, der seit 2013 im Unternehmen ist und seit 2014 der Gesch\u00e4ftsleitung angeh\u00f6rt. Er f\u00fchrte bereits den<br \/>\nImmobilienbereich. Karin B\u00fchler wird als Mitglied der Gesch\u00e4ftsleitung die Bereiche Marketing und Hotel f\u00fchren.<\/p>\n<p>Mit der Reorganisation in der Gesch\u00e4ftsleitung werden die bisher eigenst\u00e4ndigen Gesch\u00e4ftsbereiche Living, Facility Management sowie Architecture in einer Marke \u2013 in der Uze AG \u2013 integriert. <em>(ah)<\/em><\/p>\n","protected":false},"excerpt":{"rendered":"<p>Tobias Wagner ist seit Anfang Jahr neuer Gesch\u00e4ftsf\u00fchrer des Ostschweizer Immobilienunternehmens Uze AG. Er folgt auf Karin B\u00fchler.<\/p>\n","protected":false},"author":3,"featured_media":20182,"comment_status":"closed","ping_status":"open","sticky":false,"template":"","format":"standard","meta":{"_acf_changed":false,"_yoast_wpseo_focuskw":"Uze","_yoast_wpseo_title":"","_yoast_wpseo_metadesc":"Tobias Wagner ist seit Anfang Jahr neuer Gesch\u00e4ftsf\u00fchrer des Ostschweizer Immobilienunternehmens Uze AG. Er folgt auf Karin B\u00fchler.","_yoast_wpseo_linkdex":50,"pgc_sgb_lightbox_settings":"","footnotes":""},"categories":[988],"tags":[1563,1807],"class_list":["post-20167","post","type-post","status-publish","format-standard","has-post-thumbnail","hentry","category-unternehmen","tag-personalia","tag-unternehmen"],"acf":[],"yoast_head":"<!-- This site is optimized with the Yoast SEO plugin v27.4 - https:\/\/yoast.com\/product\/yoast-seo-wordpress\/ -->\n<title>Neue Gesch\u00e4ftsf\u00fchrung bei der Uze AG - IMMOBILIEN Business<\/title>\n<meta name=\"description\" content=\"Tobias Wagner ist seit Anfang Jahr neuer Gesch\u00e4ftsf\u00fchrer des Ostschweizer Immobilienunternehmens Uze AG. Er folgt auf Karin B\u00fchler.\" \/>\n<meta name=\"robots\" content=\"index, follow, max-snippet:-1, max-image-preview:large, max-video-preview:-1\" \/>\n<link rel=\"canonical\" href=\"https:\/\/www.immobilienbusiness.ch\/de\/unternehmen\/2020-02-11\/neue-geschaeftsfuehrung-bei-der-uze-ag\/\" \/>\n<meta property=\"og:locale\" content=\"de_DE\" \/>\n<meta property=\"og:type\" content=\"article\" \/>\n<meta property=\"og:title\" content=\"Neue Gesch\u00e4ftsf\u00fchrung bei der Uze AG - IMMOBILIEN Business\" \/>\n<meta property=\"og:description\" content=\"Tobias Wagner ist seit Anfang Jahr neuer Gesch\u00e4ftsf\u00fchrer des Ostschweizer Immobilienunternehmens Uze AG. Er folgt auf Karin B\u00fchler.\" \/>\n<meta property=\"og:url\" content=\"https:\/\/www.immobilienbusiness.ch\/de\/unternehmen\/2020-02-11\/neue-geschaeftsfuehrung-bei-der-uze-ag\/\" \/>\n<meta property=\"og:site_name\" content=\"IMMOBILIEN Business\" \/>\n<meta property=\"article:publisher\" content=\"https:\/\/www.facebook.com\/immobilienbusiness\/\" \/>\n<meta property=\"article:published_time\" content=\"2020-02-11T07:11:01+00:00\" \/>\n<meta property=\"og:image\" content=\"https:\/\/www.immobilienbusiness.ch\/wp-content\/uploads\/2020\/02\/190813_UZE1901_Tobias_235.jpg\" \/>\n\t<meta property=\"og:image:width\" content=\"799\" \/>\n\t<meta property=\"og:image:height\" content=\"533\" \/>\n\t<meta property=\"og:image:type\" content=\"image\/jpeg\" \/>\n<meta name=\"author\" content=\"anja.hall\" \/>\n<meta name=\"twitter:card\" content=\"summary_large_image\" \/>\n<meta name=\"twitter:image\" content=\"https:\/\/www.immobilienbusiness.ch\/wp-content\/uploads\/2020\/02\/190813_UZE1901_Tobias_235.jpg\" \/>\n<script type=\"application\/ld+json\" class=\"yoast-schema-graph\">{\"@context\":\"https:\\\/\\\/schema.org\",\"@graph\":[{\"@type\":\"Article\",\"@id\":\"https:\\\/\\\/www.immobilienbusiness.ch\\\/unternehmen\\\/2020-02-11\\\/neue-geschaeftsfuehrung-bei-der-uze-ag\\\/#article\",\"isPartOf\":{\"@id\":\"https:\\\/\\\/www.immobilienbusiness.ch\\\/unternehmen\\\/2020-02-11\\\/neue-geschaeftsfuehrung-bei-der-uze-ag\\\/\"},\"author\":{\"name\":\"anja.hall\",\"@id\":\"https:\\\/\\\/www.immobilienbusiness.ch\\\/#\\\/schema\\\/person\\\/3fc036297b10b9f42d6db5ee932af8c8\"},\"headline\":\"Neue Gesch\u00e4ftsf\u00fchrung bei der Uze AG\",\"datePublished\":\"2020-02-11T07:11:01+00:00\",\"mainEntityOfPage\":{\"@id\":\"https:\\\/\\\/www.immobilienbusiness.ch\\\/unternehmen\\\/2020-02-11\\\/neue-geschaeftsfuehrung-bei-der-uze-ag\\\/\"},\"wordCount\":167,\"publisher\":{\"@id\":\"https:\\\/\\\/www.immobilienbusiness.ch\\\/#organization\"},\"image\":{\"@id\":\"https:\\\/\\\/www.immobilienbusiness.ch\\\/unternehmen\\\/2020-02-11\\\/neue-geschaeftsfuehrung-bei-der-uze-ag\\\/#primaryimage\"},\"thumbnailUrl\":\"https:\\\/\\\/www.immobilienbusiness.ch\\\/wp-content\\\/uploads\\\/2020\\\/02\\\/190813_UZE1901_Tobias_235.jpg\",\"keywords\":[\"Personalia\",\"Unternehmen\"],\"articleSection\":[\"UNTERNEHMEN\"],\"inLanguage\":\"de\"},{\"@type\":\"WebPage\",\"@id\":\"https:\\\/\\\/www.immobilienbusiness.ch\\\/unternehmen\\\/2020-02-11\\\/neue-geschaeftsfuehrung-bei-der-uze-ag\\\/\",\"url\":\"https:\\\/\\\/www.immobilienbusiness.ch\\\/unternehmen\\\/2020-02-11\\\/neue-geschaeftsfuehrung-bei-der-uze-ag\\\/\",\"name\":\"Neue Gesch\u00e4ftsf\u00fchrung bei der Uze AG - IMMOBILIEN Business\",\"isPartOf\":{\"@id\":\"https:\\\/\\\/www.immobilienbusiness.ch\\\/#website\"},\"primaryImageOfPage\":{\"@id\":\"https:\\\/\\\/www.immobilienbusiness.ch\\\/unternehmen\\\/2020-02-11\\\/neue-geschaeftsfuehrung-bei-der-uze-ag\\\/#primaryimage\"},\"image\":{\"@id\":\"https:\\\/\\\/www.immobilienbusiness.ch\\\/unternehmen\\\/2020-02-11\\\/neue-geschaeftsfuehrung-bei-der-uze-ag\\\/#primaryimage\"},\"thumbnailUrl\":\"https:\\\/\\\/www.immobilienbusiness.ch\\\/wp-content\\\/uploads\\\/2020\\\/02\\\/190813_UZE1901_Tobias_235.jpg\",\"datePublished\":\"2020-02-11T07:11:01+00:00\",\"description\":\"Tobias Wagner ist seit Anfang Jahr neuer Gesch\u00e4ftsf\u00fchrer des Ostschweizer Immobilienunternehmens Uze AG. Er folgt auf Karin B\u00fchler.\",\"breadcrumb\":{\"@id\":\"https:\\\/\\\/www.immobilienbusiness.ch\\\/unternehmen\\\/2020-02-11\\\/neue-geschaeftsfuehrung-bei-der-uze-ag\\\/#breadcrumb\"},\"inLanguage\":\"de\",\"potentialAction\":[{\"@type\":\"ReadAction\",\"target\":[\"https:\\\/\\\/www.immobilienbusiness.ch\\\/unternehmen\\\/2020-02-11\\\/neue-geschaeftsfuehrung-bei-der-uze-ag\\\/\"]}]},{\"@type\":\"ImageObject\",\"inLanguage\":\"de\",\"@id\":\"https:\\\/\\\/www.immobilienbusiness.ch\\\/unternehmen\\\/2020-02-11\\\/neue-geschaeftsfuehrung-bei-der-uze-ag\\\/#primaryimage\",\"url\":\"https:\\\/\\\/www.immobilienbusiness.ch\\\/wp-content\\\/uploads\\\/2020\\\/02\\\/190813_UZE1901_Tobias_235.jpg\",\"contentUrl\":\"https:\\\/\\\/www.immobilienbusiness.ch\\\/wp-content\\\/uploads\\\/2020\\\/02\\\/190813_UZE1901_Tobias_235.jpg\",\"width\":799,\"height\":533,\"caption\":\"Tobias Wagner (Bild: Uze AG)\"},{\"@type\":\"BreadcrumbList\",\"@id\":\"https:\\\/\\\/www.immobilienbusiness.ch\\\/unternehmen\\\/2020-02-11\\\/neue-geschaeftsfuehrung-bei-der-uze-ag\\\/#breadcrumb\",\"itemListElement\":[{\"@type\":\"ListItem\",\"position\":1,\"name\":\"Home\",\"item\":\"https:\\\/\\\/www.immobilienbusiness.ch\\\/\"},{\"@type\":\"ListItem\",\"position\":2,\"name\":\"Neue Gesch\u00e4ftsf\u00fchrung bei der Uze AG\"}]},{\"@type\":\"WebSite\",\"@id\":\"https:\\\/\\\/www.immobilienbusiness.ch\\\/#website\",\"url\":\"https:\\\/\\\/www.immobilienbusiness.ch\\\/\",\"name\":\"IMMOBILIEN Business\",\"description\":\"Unabh\u00e4ngiges Schweizer Wirtschaftsmagazin mit Fokus auf Immobilien, Architektur- und Bau sowie Investment- und Finanzierung.\",\"publisher\":{\"@id\":\"https:\\\/\\\/www.immobilienbusiness.ch\\\/#organization\"},\"potentialAction\":[{\"@type\":\"SearchAction\",\"target\":{\"@type\":\"EntryPoint\",\"urlTemplate\":\"https:\\\/\\\/www.immobilienbusiness.ch\\\/?s={search_term_string}\"},\"query-input\":{\"@type\":\"PropertyValueSpecification\",\"valueRequired\":true,\"valueName\":\"search_term_string\"}}],\"inLanguage\":\"de\"},{\"@type\":\"Organization\",\"@id\":\"https:\\\/\\\/www.immobilienbusiness.ch\\\/#organization\",\"name\":\"IMMOBILIEN Business\",\"url\":\"https:\\\/\\\/www.immobilienbusiness.ch\\\/\",\"logo\":{\"@type\":\"ImageObject\",\"inLanguage\":\"de\",\"@id\":\"https:\\\/\\\/www.immobilienbusiness.ch\\\/#\\\/schema\\\/logo\\\/image\\\/\",\"url\":\"https:\\\/\\\/www.immobilienbusiness.ch\\\/wp-content\\\/uploads\\\/2021\\\/07\\\/logo_ib.png\",\"contentUrl\":\"https:\\\/\\\/www.immobilienbusiness.ch\\\/wp-content\\\/uploads\\\/2021\\\/07\\\/logo_ib.png\",\"width\":800,\"height\":181,\"caption\":\"IMMOBILIEN Business\"},\"image\":{\"@id\":\"https:\\\/\\\/www.immobilienbusiness.ch\\\/#\\\/schema\\\/logo\\\/image\\\/\"},\"sameAs\":[\"https:\\\/\\\/www.facebook.com\\\/immobilienbusiness\\\/\"]},{\"@type\":\"Person\",\"@id\":\"https:\\\/\\\/www.immobilienbusiness.ch\\\/#\\\/schema\\\/person\\\/3fc036297b10b9f42d6db5ee932af8c8\",\"name\":\"anja.hall\",\"image\":{\"@type\":\"ImageObject\",\"inLanguage\":\"de\",\"@id\":\"https:\\\/\\\/secure.gravatar.com\\\/avatar\\\/066b5a0d447013502c71a5782f4f3469f03cfe595cc2329fb94652fe47511bfb?s=96&d=mm&r=g\",\"url\":\"https:\\\/\\\/secure.gravatar.com\\\/avatar\\\/066b5a0d447013502c71a5782f4f3469f03cfe595cc2329fb94652fe47511bfb?s=96&d=mm&r=g\",\"contentUrl\":\"https:\\\/\\\/secure.gravatar.com\\\/avatar\\\/066b5a0d447013502c71a5782f4f3469f03cfe595cc2329fb94652fe47511bfb?s=96&d=mm&r=g\",\"caption\":\"anja.hall\"},\"url\":\"https:\\\/\\\/www.immobilienbusiness.ch\\\/de\\\/author\\\/anja-hall\\\/\"}]}<\/script>\n<!-- \/ Yoast SEO plugin. -->","yoast_head_json":{"title":"Neue Gesch\u00e4ftsf\u00fchrung bei der Uze AG - IMMOBILIEN Business","description":"Tobias Wagner ist seit Anfang Jahr neuer Gesch\u00e4ftsf\u00fchrer des Ostschweizer Immobilienunternehmens Uze AG. Er folgt auf Karin B\u00fchler.","robots":{"index":"index","follow":"follow","max-snippet":"max-snippet:-1","max-image-preview":"max-image-preview:large","max-video-preview":"max-video-preview:-1"},"canonical":"https:\/\/www.immobilienbusiness.ch\/de\/unternehmen\/2020-02-11\/neue-geschaeftsfuehrung-bei-der-uze-ag\/","og_locale":"de_DE","og_type":"article","og_title":"Neue Gesch\u00e4ftsf\u00fchrung bei der Uze AG - IMMOBILIEN Business","og_description":"Tobias Wagner ist seit Anfang Jahr neuer Gesch\u00e4ftsf\u00fchrer des Ostschweizer Immobilienunternehmens Uze AG. Er folgt auf Karin B\u00fchler.","og_url":"https:\/\/www.immobilienbusiness.ch\/de\/unternehmen\/2020-02-11\/neue-geschaeftsfuehrung-bei-der-uze-ag\/","og_site_name":"IMMOBILIEN Business","article_publisher":"https:\/\/www.facebook.com\/immobilienbusiness\/","article_published_time":"2020-02-11T07:11:01+00:00","og_image":[{"width":799,"height":533,"url":"https:\/\/www.immobilienbusiness.ch\/wp-content\/uploads\/2020\/02\/190813_UZE1901_Tobias_235.jpg","type":"image\/jpeg"}],"author":"anja.hall","twitter_card":"summary_large_image","twitter_image":"https:\/\/www.immobilienbusiness.ch\/wp-content\/uploads\/2020\/02\/190813_UZE1901_Tobias_235.jpg","schema":{"@context":"https:\/\/schema.org","@graph":[{"@type":"Article","@id":"https:\/\/www.immobilienbusiness.ch\/unternehmen\/2020-02-11\/neue-geschaeftsfuehrung-bei-der-uze-ag\/#article","isPartOf":{"@id":"https:\/\/www.immobilienbusiness.ch\/unternehmen\/2020-02-11\/neue-geschaeftsfuehrung-bei-der-uze-ag\/"},"author":{"name":"anja.hall","@id":"https:\/\/www.immobilienbusiness.ch\/#\/schema\/person\/3fc036297b10b9f42d6db5ee932af8c8"},"headline":"Neue Gesch\u00e4ftsf\u00fchrung bei der Uze AG","datePublished":"2020-02-11T07:11:01+00:00","mainEntityOfPage":{"@id":"https:\/\/www.immobilienbusiness.ch\/unternehmen\/2020-02-11\/neue-geschaeftsfuehrung-bei-der-uze-ag\/"},"wordCount":167,"publisher":{"@id":"https:\/\/www.immobilienbusiness.ch\/#organization"},"image":{"@id":"https:\/\/www.immobilienbusiness.ch\/unternehmen\/2020-02-11\/neue-geschaeftsfuehrung-bei-der-uze-ag\/#primaryimage"},"thumbnailUrl":"https:\/\/www.immobilienbusiness.ch\/wp-content\/uploads\/2020\/02\/190813_UZE1901_Tobias_235.jpg","keywords":["Personalia","Unternehmen"],"articleSection":["UNTERNEHMEN"],"inLanguage":"de"},{"@type":"WebPage","@id":"https:\/\/www.immobilienbusiness.ch\/unternehmen\/2020-02-11\/neue-geschaeftsfuehrung-bei-der-uze-ag\/","url":"https:\/\/www.immobilienbusiness.ch\/unternehmen\/2020-02-11\/neue-geschaeftsfuehrung-bei-der-uze-ag\/","name":"Neue Gesch\u00e4ftsf\u00fchrung bei der Uze AG - IMMOBILIEN Business","isPartOf":{"@id":"https:\/\/www.immobilienbusiness.ch\/#website"},"primaryImageOfPage":{"@id":"https:\/\/www.immobilienbusiness.ch\/unternehmen\/2020-02-11\/neue-geschaeftsfuehrung-bei-der-uze-ag\/#primaryimage"},"image":{"@id":"https:\/\/www.immobilienbusiness.ch\/unternehmen\/2020-02-11\/neue-geschaeftsfuehrung-bei-der-uze-ag\/#primaryimage"},"thumbnailUrl":"https:\/\/www.immobilienbusiness.ch\/wp-content\/uploads\/2020\/02\/190813_UZE1901_Tobias_235.jpg","datePublished":"2020-02-11T07:11:01+00:00","description":"Tobias Wagner ist seit Anfang Jahr neuer Gesch\u00e4ftsf\u00fchrer des Ostschweizer Immobilienunternehmens Uze AG. Er folgt auf Karin B\u00fchler.","breadcrumb":{"@id":"https:\/\/www.immobilienbusiness.ch\/unternehmen\/2020-02-11\/neue-geschaeftsfuehrung-bei-der-uze-ag\/#breadcrumb"},"inLanguage":"de","potentialAction":[{"@type":"ReadAction","target":["https:\/\/www.immobilienbusiness.ch\/unternehmen\/2020-02-11\/neue-geschaeftsfuehrung-bei-der-uze-ag\/"]}]},{"@type":"ImageObject","inLanguage":"de","@id":"https:\/\/www.immobilienbusiness.ch\/unternehmen\/2020-02-11\/neue-geschaeftsfuehrung-bei-der-uze-ag\/#primaryimage","url":"https:\/\/www.immobilienbusiness.ch\/wp-content\/uploads\/2020\/02\/190813_UZE1901_Tobias_235.jpg","contentUrl":"https:\/\/www.immobilienbusiness.ch\/wp-content\/uploads\/2020\/02\/190813_UZE1901_Tobias_235.jpg","width":799,"height":533,"caption":"Tobias Wagner (Bild: Uze AG)"},{"@type":"BreadcrumbList","@id":"https:\/\/www.immobilienbusiness.ch\/unternehmen\/2020-02-11\/neue-geschaeftsfuehrung-bei-der-uze-ag\/#breadcrumb","itemListElement":[{"@type":"ListItem","position":1,"name":"Home","item":"https:\/\/www.immobilienbusiness.ch\/"},{"@type":"ListItem","position":2,"name":"Neue Gesch\u00e4ftsf\u00fchrung bei der Uze AG"}]},{"@type":"WebSite","@id":"https:\/\/www.immobilienbusiness.ch\/#website","url":"https:\/\/www.immobilienbusiness.ch\/","name":"IMMOBILIEN Business","description":"Unabh\u00e4ngiges Schweizer Wirtschaftsmagazin mit Fokus auf Immobilien, Architektur- und Bau sowie Investment- und Finanzierung.","publisher":{"@id":"https:\/\/www.immobilienbusiness.ch\/#organization"},"potentialAction":[{"@type":"SearchAction","target":{"@type":"EntryPoint","urlTemplate":"https:\/\/www.immobilienbusiness.ch\/?s={search_term_string}"},"query-input":{"@type":"PropertyValueSpecification","valueRequired":true,"valueName":"search_term_string"}}],"inLanguage":"de"},{"@type":"Organization","@id":"https:\/\/www.immobilienbusiness.ch\/#organization","name":"IMMOBILIEN Business","url":"https:\/\/www.immobilienbusiness.ch\/","logo":{"@type":"ImageObject","inLanguage":"de","@id":"https:\/\/www.immobilienbusiness.ch\/#\/schema\/logo\/image\/","url":"https:\/\/www.immobilienbusiness.ch\/wp-content\/uploads\/2021\/07\/logo_ib.png","contentUrl":"https:\/\/www.immobilienbusiness.ch\/wp-content\/uploads\/2021\/07\/logo_ib.png","width":800,"height":181,"caption":"IMMOBILIEN Business"},"image":{"@id":"https:\/\/www.immobilienbusiness.ch\/#\/schema\/logo\/image\/"},"sameAs":["https:\/\/www.facebook.com\/immobilienbusiness\/"]},{"@type":"Person","@id":"https:\/\/www.immobilienbusiness.ch\/#\/schema\/person\/3fc036297b10b9f42d6db5ee932af8c8","name":"anja.hall","image":{"@type":"ImageObject","inLanguage":"de","@id":"https:\/\/secure.gravatar.com\/avatar\/066b5a0d447013502c71a5782f4f3469f03cfe595cc2329fb94652fe47511bfb?s=96&d=mm&r=g","url":"https:\/\/secure.gravatar.com\/avatar\/066b5a0d447013502c71a5782f4f3469f03cfe595cc2329fb94652fe47511bfb?s=96&d=mm&r=g","contentUrl":"https:\/\/secure.gravatar.com\/avatar\/066b5a0d447013502c71a5782f4f3469f03cfe595cc2329fb94652fe47511bfb?s=96&d=mm&r=g","caption":"anja.hall"},"url":"https:\/\/www.immobilienbusiness.ch\/de\/author\/anja-hall\/"}]}},"_links":{"self":[{"href":"https:\/\/www.immobilienbusiness.ch\/de\/wp-json\/wp\/v2\/posts\/20167","targetHints":{"allow":["GET"]}}],"collection":[{"href":"https:\/\/www.immobilienbusiness.ch\/de\/wp-json\/wp\/v2\/posts"}],"about":[{"href":"https:\/\/www.immobilienbusiness.ch\/de\/wp-json\/wp\/v2\/types\/post"}],"author":[{"embeddable":true,"href":"https:\/\/www.immobilienbusiness.ch\/de\/wp-json\/wp\/v2\/users\/3"}],"replies":[{"embeddable":true,"href":"https:\/\/www.immobilienbusiness.ch\/de\/wp-json\/wp\/v2\/comments?post=20167"}],"version-history":[{"count":0,"href":"https:\/\/www.immobilienbusiness.ch\/de\/wp-json\/wp\/v2\/posts\/20167\/revisions"}],"wp:featuredmedia":[{"embeddable":true,"href":"https:\/\/www.immobilienbusiness.ch\/de\/wp-json\/wp\/v2\/media\/20182"}],"wp:attachment":[{"href":"https:\/\/www.immobilienbusiness.ch\/de\/wp-json\/wp\/v2\/media?parent=20167"}],"wp:term":[{"taxonomy":"category","embeddable":true,"href":"https:\/\/www.immobilienbusiness.ch\/de\/wp-json\/wp\/v2\/categories?post=20167"},{"taxonomy":"post_tag","embeddable":true,"href":"https:\/\/www.immobilienbusiness.ch\/de\/wp-json\/wp\/v2\/tags?post=20167"}],"curies":[{"name":"wp","href":"https:\/\/api.w.org\/{rel}","templated":true}]}}