{"id":20093,"date":"2020-02-04T07:48:00","date_gmt":"2020-02-04T06:48:00","guid":{"rendered":"https:\/\/www.immobilienbusiness.ch\/?p=20093"},"modified":"2020-02-04T07:48:00","modified_gmt":"2020-02-04T06:48:00","slug":"samih-sawiris-uebernimmt-ad-interim-bei-odh","status":"publish","type":"post","link":"https:\/\/www.immobilienbusiness.ch\/de\/unternehmen\/2020-02-04\/samih-sawiris-uebernimmt-ad-interim-bei-odh\/","title":{"rendered":"Samih Sawiris \u00fcbernimmt ad interim bei ODH"},"content":{"rendered":"<figure id=\"attachment_20114\" aria-describedby=\"caption-attachment-20114\" style=\"width: 680px\" class=\"wp-caption alignnone\"><img loading=\"lazy\" decoding=\"async\" class=\"size-medium wp-image-20114\" src=\"https:\/\/www.immobilienbusiness.ch\/wp-content\/uploads\/2020\/02\/Sawiris-I.png\" alt=\"\" width=\"680\" height=\"453\" srcset=\"https:\/\/www.immobilienbusiness.ch\/wp-content\/uploads\/2020\/02\/Sawiris-I.png 1500w, https:\/\/www.immobilienbusiness.ch\/wp-content\/uploads\/2020\/02\/Sawiris-I-300x200.png 300w, https:\/\/www.immobilienbusiness.ch\/wp-content\/uploads\/2020\/02\/Sawiris-I-1024x683.png 1024w, https:\/\/www.immobilienbusiness.ch\/wp-content\/uploads\/2020\/02\/Sawiris-I-768x512.png 768w, https:\/\/www.immobilienbusiness.ch\/wp-content\/uploads\/2020\/02\/Sawiris-I-16x12.png 16w, https:\/\/www.immobilienbusiness.ch\/wp-content\/uploads\/2020\/02\/Sawiris-I-263x175.png 263w, https:\/\/www.immobilienbusiness.ch\/wp-content\/uploads\/2020\/02\/Sawiris-I-525x350.png 525w, https:\/\/www.immobilienbusiness.ch\/wp-content\/uploads\/2020\/02\/Sawiris-I-1200x800.png 1200w, https:\/\/www.immobilienbusiness.ch\/wp-content\/uploads\/2020\/02\/Sawiris-I-920x613.png 920w, https:\/\/www.immobilienbusiness.ch\/wp-content\/uploads\/2020\/02\/Sawiris-I-1400x933.png 1400w\" sizes=\"auto, (max-width: 680px) 100vw, 680px\" \/><figcaption id=\"caption-attachment-20114\" class=\"wp-caption-text\">Samih Sawiris im Mai 2010 in St.Gallen (Bild: International Students&#8216; Committee , CC BY-SA 3.0, Wikimedia Commons)<\/figcaption><\/figure>\n<p>Samih Sawiris werde die Rolle des Executive Chairmans \u00fcbernehmen und die Gesch\u00e4ftsleitung f\u00fcr eine \u00dcbergangszeit bis zur Ernennung eines neuen CEO leiten, teilt Orascom Development Holding (ODH) mit. Sawiris werde dabei von einem Interimkomitee unterst\u00fctzt, das aus Mitgliedern des Verwaltungsrats und der Gesch\u00e4ftsleitung bestehe und dem Sawiris vorsitzen werde.<\/p>\n<p>Dem Komitee werden neben Sawiris die VR-Mitglieder Naguib S. Sawiris und J\u00fcrgen Fischer, der CFO Ashraf Nessim und das Mitglied der Gesch\u00e4ftsleitung Abdelhamid Abouyoussef angeh\u00f6ren. Es soll das Management der Gesellschaft im operativen Gesch\u00e4ft unterst\u00fctzen und die Ernennung und Einf\u00fchrung eines neuen CEO leiten.<\/p>\n<p>ODH hatte am 31. Januar bekanntgegeben, dass sein CEO Khaled Bichara bei einem Unfall t\u00f6dlich verungl\u00fcckt ist. <em>(ah)<\/em><\/p>\n","protected":false},"excerpt":{"rendered":"<p>Nach den Unfalltod des CEO Khaled Bichara \u00fcbernimmt Samih Sawiris f\u00fcr eine \u00dcbergangszeit die Gesch\u00e4ftsleitung der Orascom Development Holding.<\/p>\n","protected":false},"author":3,"featured_media":20114,"comment_status":"closed","ping_status":"open","sticky":false,"template":"","format":"standard","meta":{"_acf_changed":false,"_yoast_wpseo_focuskw":"Samih Sawiris","_yoast_wpseo_title":"","_yoast_wpseo_metadesc":"Nach den Unfalltod des CEO Khaled Bichara \u00fcbernimmt Samih Sawiris f\u00fcr eine \u00dcbergangszeit die Gesch\u00e4ftsleitung der Orascom Development Holding.","_yoast_wpseo_linkdex":58,"pgc_sgb_lightbox_settings":"","footnotes":""},"categories":[988],"tags":[1544,1563],"class_list":["post-20093","post","type-post","status-publish","format-standard","has-post-thumbnail","hentry","category-unternehmen","tag-orascom","tag-personalia"],"acf":[],"yoast_head":"<!-- This site is optimized with the Yoast SEO plugin v27.4 - https:\/\/yoast.com\/product\/yoast-seo-wordpress\/ -->\n<title>Samih Sawiris \u00fcbernimmt ad interim bei ODH - IMMOBILIEN Business<\/title>\n<meta name=\"description\" content=\"Nach den Unfalltod des CEO Khaled Bichara \u00fcbernimmt Samih Sawiris f\u00fcr eine \u00dcbergangszeit die Gesch\u00e4ftsleitung der Orascom Development Holding.\" \/>\n<meta name=\"robots\" content=\"index, follow, max-snippet:-1, max-image-preview:large, max-video-preview:-1\" \/>\n<link rel=\"canonical\" href=\"https:\/\/www.immobilienbusiness.ch\/de\/unternehmen\/2020-02-04\/samih-sawiris-uebernimmt-ad-interim-bei-odh\/\" \/>\n<meta property=\"og:locale\" content=\"de_DE\" \/>\n<meta property=\"og:type\" content=\"article\" \/>\n<meta property=\"og:title\" content=\"Samih Sawiris \u00fcbernimmt ad interim bei ODH - IMMOBILIEN Business\" \/>\n<meta property=\"og:description\" content=\"Nach den Unfalltod des CEO Khaled Bichara \u00fcbernimmt Samih Sawiris f\u00fcr eine \u00dcbergangszeit die Gesch\u00e4ftsleitung der Orascom Development Holding.\" \/>\n<meta property=\"og:url\" content=\"https:\/\/www.immobilienbusiness.ch\/de\/unternehmen\/2020-02-04\/samih-sawiris-uebernimmt-ad-interim-bei-odh\/\" \/>\n<meta property=\"og:site_name\" content=\"IMMOBILIEN Business\" \/>\n<meta property=\"article:publisher\" content=\"https:\/\/www.facebook.com\/immobilienbusiness\/\" \/>\n<meta property=\"article:published_time\" content=\"2020-02-04T06:48:00+00:00\" \/>\n<meta property=\"og:image\" content=\"https:\/\/www.immobilienbusiness.ch\/wp-content\/uploads\/2020\/02\/Sawiris-I-1024x683.png\" \/>\n\t<meta property=\"og:image:width\" content=\"1024\" \/>\n\t<meta property=\"og:image:height\" content=\"683\" \/>\n\t<meta property=\"og:image:type\" content=\"image\/png\" \/>\n<meta name=\"author\" content=\"anja.hall\" \/>\n<meta name=\"twitter:card\" content=\"summary_large_image\" \/>\n<meta name=\"twitter:image\" content=\"https:\/\/www.immobilienbusiness.ch\/wp-content\/uploads\/2020\/02\/Sawiris-I.png\" \/>\n<script type=\"application\/ld+json\" class=\"yoast-schema-graph\">{\"@context\":\"https:\\\/\\\/schema.org\",\"@graph\":[{\"@type\":\"Article\",\"@id\":\"https:\\\/\\\/www.immobilienbusiness.ch\\\/en\\\/unternehmen\\\/2020-02-04\\\/samih-sawiris-uebernimmt-ad-interim-bei-odh\\\/#article\",\"isPartOf\":{\"@id\":\"https:\\\/\\\/www.immobilienbusiness.ch\\\/en\\\/unternehmen\\\/2020-02-04\\\/samih-sawiris-uebernimmt-ad-interim-bei-odh\\\/\"},\"author\":{\"name\":\"anja.hall\",\"@id\":\"https:\\\/\\\/www.immobilienbusiness.ch\\\/#\\\/schema\\\/person\\\/3fc036297b10b9f42d6db5ee932af8c8\"},\"headline\":\"Samih Sawiris \u00fcbernimmt ad interim bei ODH\",\"datePublished\":\"2020-02-04T06:48:00+00:00\",\"mainEntityOfPage\":{\"@id\":\"https:\\\/\\\/www.immobilienbusiness.ch\\\/en\\\/unternehmen\\\/2020-02-04\\\/samih-sawiris-uebernimmt-ad-interim-bei-odh\\\/\"},\"wordCount\":151,\"publisher\":{\"@id\":\"https:\\\/\\\/www.immobilienbusiness.ch\\\/#organization\"},\"image\":{\"@id\":\"https:\\\/\\\/www.immobilienbusiness.ch\\\/en\\\/unternehmen\\\/2020-02-04\\\/samih-sawiris-uebernimmt-ad-interim-bei-odh\\\/#primaryimage\"},\"thumbnailUrl\":\"https:\\\/\\\/www.immobilienbusiness.ch\\\/wp-content\\\/uploads\\\/2020\\\/02\\\/Sawiris-I.png\",\"keywords\":[\"Orascom\",\"Personalia\"],\"articleSection\":[\"UNTERNEHMEN\"],\"inLanguage\":\"de\"},{\"@type\":\"WebPage\",\"@id\":\"https:\\\/\\\/www.immobilienbusiness.ch\\\/en\\\/unternehmen\\\/2020-02-04\\\/samih-sawiris-uebernimmt-ad-interim-bei-odh\\\/\",\"url\":\"https:\\\/\\\/www.immobilienbusiness.ch\\\/en\\\/unternehmen\\\/2020-02-04\\\/samih-sawiris-uebernimmt-ad-interim-bei-odh\\\/\",\"name\":\"Samih Sawiris \u00fcbernimmt ad interim bei ODH - IMMOBILIEN Business\",\"isPartOf\":{\"@id\":\"https:\\\/\\\/www.immobilienbusiness.ch\\\/#website\"},\"primaryImageOfPage\":{\"@id\":\"https:\\\/\\\/www.immobilienbusiness.ch\\\/en\\\/unternehmen\\\/2020-02-04\\\/samih-sawiris-uebernimmt-ad-interim-bei-odh\\\/#primaryimage\"},\"image\":{\"@id\":\"https:\\\/\\\/www.immobilienbusiness.ch\\\/en\\\/unternehmen\\\/2020-02-04\\\/samih-sawiris-uebernimmt-ad-interim-bei-odh\\\/#primaryimage\"},\"thumbnailUrl\":\"https:\\\/\\\/www.immobilienbusiness.ch\\\/wp-content\\\/uploads\\\/2020\\\/02\\\/Sawiris-I.png\",\"datePublished\":\"2020-02-04T06:48:00+00:00\",\"description\":\"Nach den Unfalltod des CEO Khaled Bichara \u00fcbernimmt Samih Sawiris f\u00fcr eine \u00dcbergangszeit die Gesch\u00e4ftsleitung der Orascom Development Holding.\",\"breadcrumb\":{\"@id\":\"https:\\\/\\\/www.immobilienbusiness.ch\\\/en\\\/unternehmen\\\/2020-02-04\\\/samih-sawiris-uebernimmt-ad-interim-bei-odh\\\/#breadcrumb\"},\"inLanguage\":\"de\",\"potentialAction\":[{\"@type\":\"ReadAction\",\"target\":[\"https:\\\/\\\/www.immobilienbusiness.ch\\\/en\\\/unternehmen\\\/2020-02-04\\\/samih-sawiris-uebernimmt-ad-interim-bei-odh\\\/\"]}]},{\"@type\":\"ImageObject\",\"inLanguage\":\"de\",\"@id\":\"https:\\\/\\\/www.immobilienbusiness.ch\\\/en\\\/unternehmen\\\/2020-02-04\\\/samih-sawiris-uebernimmt-ad-interim-bei-odh\\\/#primaryimage\",\"url\":\"https:\\\/\\\/www.immobilienbusiness.ch\\\/wp-content\\\/uploads\\\/2020\\\/02\\\/Sawiris-I.png\",\"contentUrl\":\"https:\\\/\\\/www.immobilienbusiness.ch\\\/wp-content\\\/uploads\\\/2020\\\/02\\\/Sawiris-I.png\",\"width\":1500,\"height\":1000,\"caption\":\"Samih Sawiris im Mai 2010 in St.Gallen (Bild: Von International Students' Committee , CC BY-SA 3.0, Wikimedia Commons)\"},{\"@type\":\"BreadcrumbList\",\"@id\":\"https:\\\/\\\/www.immobilienbusiness.ch\\\/en\\\/unternehmen\\\/2020-02-04\\\/samih-sawiris-uebernimmt-ad-interim-bei-odh\\\/#breadcrumb\",\"itemListElement\":[{\"@type\":\"ListItem\",\"position\":1,\"name\":\"Home\",\"item\":\"https:\\\/\\\/www.immobilienbusiness.ch\\\/\"},{\"@type\":\"ListItem\",\"position\":2,\"name\":\"Samih Sawiris \u00fcbernimmt ad interim bei ODH\"}]},{\"@type\":\"WebSite\",\"@id\":\"https:\\\/\\\/www.immobilienbusiness.ch\\\/#website\",\"url\":\"https:\\\/\\\/www.immobilienbusiness.ch\\\/\",\"name\":\"IMMOBILIEN Business\",\"description\":\"Unabh\u00e4ngiges Schweizer Wirtschaftsmagazin mit Fokus auf Immobilien, Architektur- und Bau sowie Investment- und Finanzierung.\",\"publisher\":{\"@id\":\"https:\\\/\\\/www.immobilienbusiness.ch\\\/#organization\"},\"potentialAction\":[{\"@type\":\"SearchAction\",\"target\":{\"@type\":\"EntryPoint\",\"urlTemplate\":\"https:\\\/\\\/www.immobilienbusiness.ch\\\/?s={search_term_string}\"},\"query-input\":{\"@type\":\"PropertyValueSpecification\",\"valueRequired\":true,\"valueName\":\"search_term_string\"}}],\"inLanguage\":\"de\"},{\"@type\":\"Organization\",\"@id\":\"https:\\\/\\\/www.immobilienbusiness.ch\\\/#organization\",\"name\":\"IMMOBILIEN Business\",\"url\":\"https:\\\/\\\/www.immobilienbusiness.ch\\\/\",\"logo\":{\"@type\":\"ImageObject\",\"inLanguage\":\"de\",\"@id\":\"https:\\\/\\\/www.immobilienbusiness.ch\\\/#\\\/schema\\\/logo\\\/image\\\/\",\"url\":\"https:\\\/\\\/www.immobilienbusiness.ch\\\/wp-content\\\/uploads\\\/2021\\\/07\\\/logo_ib.png\",\"contentUrl\":\"https:\\\/\\\/www.immobilienbusiness.ch\\\/wp-content\\\/uploads\\\/2021\\\/07\\\/logo_ib.png\",\"width\":800,\"height\":181,\"caption\":\"IMMOBILIEN Business\"},\"image\":{\"@id\":\"https:\\\/\\\/www.immobilienbusiness.ch\\\/#\\\/schema\\\/logo\\\/image\\\/\"},\"sameAs\":[\"https:\\\/\\\/www.facebook.com\\\/immobilienbusiness\\\/\"]},{\"@type\":\"Person\",\"@id\":\"https:\\\/\\\/www.immobilienbusiness.ch\\\/#\\\/schema\\\/person\\\/3fc036297b10b9f42d6db5ee932af8c8\",\"name\":\"anja.hall\",\"image\":{\"@type\":\"ImageObject\",\"inLanguage\":\"de\",\"@id\":\"https:\\\/\\\/secure.gravatar.com\\\/avatar\\\/066b5a0d447013502c71a5782f4f3469f03cfe595cc2329fb94652fe47511bfb?s=96&d=mm&r=g\",\"url\":\"https:\\\/\\\/secure.gravatar.com\\\/avatar\\\/066b5a0d447013502c71a5782f4f3469f03cfe595cc2329fb94652fe47511bfb?s=96&d=mm&r=g\",\"contentUrl\":\"https:\\\/\\\/secure.gravatar.com\\\/avatar\\\/066b5a0d447013502c71a5782f4f3469f03cfe595cc2329fb94652fe47511bfb?s=96&d=mm&r=g\",\"caption\":\"anja.hall\"},\"url\":\"https:\\\/\\\/www.immobilienbusiness.ch\\\/de\\\/author\\\/anja-hall\\\/\"}]}<\/script>\n<!-- \/ Yoast SEO plugin. -->","yoast_head_json":{"title":"Samih Sawiris \u00fcbernimmt ad interim bei ODH - IMMOBILIEN Business","description":"Nach den Unfalltod des CEO Khaled Bichara \u00fcbernimmt Samih Sawiris f\u00fcr eine \u00dcbergangszeit die Gesch\u00e4ftsleitung der Orascom Development Holding.","robots":{"index":"index","follow":"follow","max-snippet":"max-snippet:-1","max-image-preview":"max-image-preview:large","max-video-preview":"max-video-preview:-1"},"canonical":"https:\/\/www.immobilienbusiness.ch\/de\/unternehmen\/2020-02-04\/samih-sawiris-uebernimmt-ad-interim-bei-odh\/","og_locale":"de_DE","og_type":"article","og_title":"Samih Sawiris \u00fcbernimmt ad interim bei ODH - IMMOBILIEN Business","og_description":"Nach den Unfalltod des CEO Khaled Bichara \u00fcbernimmt Samih Sawiris f\u00fcr eine \u00dcbergangszeit die Gesch\u00e4ftsleitung der Orascom Development Holding.","og_url":"https:\/\/www.immobilienbusiness.ch\/de\/unternehmen\/2020-02-04\/samih-sawiris-uebernimmt-ad-interim-bei-odh\/","og_site_name":"IMMOBILIEN Business","article_publisher":"https:\/\/www.facebook.com\/immobilienbusiness\/","article_published_time":"2020-02-04T06:48:00+00:00","og_image":[{"width":1024,"height":683,"url":"https:\/\/www.immobilienbusiness.ch\/wp-content\/uploads\/2020\/02\/Sawiris-I-1024x683.png","type":"image\/png"}],"author":"anja.hall","twitter_card":"summary_large_image","twitter_image":"https:\/\/www.immobilienbusiness.ch\/wp-content\/uploads\/2020\/02\/Sawiris-I.png","schema":{"@context":"https:\/\/schema.org","@graph":[{"@type":"Article","@id":"https:\/\/www.immobilienbusiness.ch\/en\/unternehmen\/2020-02-04\/samih-sawiris-uebernimmt-ad-interim-bei-odh\/#article","isPartOf":{"@id":"https:\/\/www.immobilienbusiness.ch\/en\/unternehmen\/2020-02-04\/samih-sawiris-uebernimmt-ad-interim-bei-odh\/"},"author":{"name":"anja.hall","@id":"https:\/\/www.immobilienbusiness.ch\/#\/schema\/person\/3fc036297b10b9f42d6db5ee932af8c8"},"headline":"Samih Sawiris \u00fcbernimmt ad interim bei ODH","datePublished":"2020-02-04T06:48:00+00:00","mainEntityOfPage":{"@id":"https:\/\/www.immobilienbusiness.ch\/en\/unternehmen\/2020-02-04\/samih-sawiris-uebernimmt-ad-interim-bei-odh\/"},"wordCount":151,"publisher":{"@id":"https:\/\/www.immobilienbusiness.ch\/#organization"},"image":{"@id":"https:\/\/www.immobilienbusiness.ch\/en\/unternehmen\/2020-02-04\/samih-sawiris-uebernimmt-ad-interim-bei-odh\/#primaryimage"},"thumbnailUrl":"https:\/\/www.immobilienbusiness.ch\/wp-content\/uploads\/2020\/02\/Sawiris-I.png","keywords":["Orascom","Personalia"],"articleSection":["UNTERNEHMEN"],"inLanguage":"de"},{"@type":"WebPage","@id":"https:\/\/www.immobilienbusiness.ch\/en\/unternehmen\/2020-02-04\/samih-sawiris-uebernimmt-ad-interim-bei-odh\/","url":"https:\/\/www.immobilienbusiness.ch\/en\/unternehmen\/2020-02-04\/samih-sawiris-uebernimmt-ad-interim-bei-odh\/","name":"Samih Sawiris \u00fcbernimmt ad interim bei ODH - IMMOBILIEN Business","isPartOf":{"@id":"https:\/\/www.immobilienbusiness.ch\/#website"},"primaryImageOfPage":{"@id":"https:\/\/www.immobilienbusiness.ch\/en\/unternehmen\/2020-02-04\/samih-sawiris-uebernimmt-ad-interim-bei-odh\/#primaryimage"},"image":{"@id":"https:\/\/www.immobilienbusiness.ch\/en\/unternehmen\/2020-02-04\/samih-sawiris-uebernimmt-ad-interim-bei-odh\/#primaryimage"},"thumbnailUrl":"https:\/\/www.immobilienbusiness.ch\/wp-content\/uploads\/2020\/02\/Sawiris-I.png","datePublished":"2020-02-04T06:48:00+00:00","description":"Nach den Unfalltod des CEO Khaled Bichara \u00fcbernimmt Samih Sawiris f\u00fcr eine \u00dcbergangszeit die Gesch\u00e4ftsleitung der Orascom Development Holding.","breadcrumb":{"@id":"https:\/\/www.immobilienbusiness.ch\/en\/unternehmen\/2020-02-04\/samih-sawiris-uebernimmt-ad-interim-bei-odh\/#breadcrumb"},"inLanguage":"de","potentialAction":[{"@type":"ReadAction","target":["https:\/\/www.immobilienbusiness.ch\/en\/unternehmen\/2020-02-04\/samih-sawiris-uebernimmt-ad-interim-bei-odh\/"]}]},{"@type":"ImageObject","inLanguage":"de","@id":"https:\/\/www.immobilienbusiness.ch\/en\/unternehmen\/2020-02-04\/samih-sawiris-uebernimmt-ad-interim-bei-odh\/#primaryimage","url":"https:\/\/www.immobilienbusiness.ch\/wp-content\/uploads\/2020\/02\/Sawiris-I.png","contentUrl":"https:\/\/www.immobilienbusiness.ch\/wp-content\/uploads\/2020\/02\/Sawiris-I.png","width":1500,"height":1000,"caption":"Samih Sawiris im Mai 2010 in St.Gallen (Bild: Von International Students' Committee , CC BY-SA 3.0, Wikimedia Commons)"},{"@type":"BreadcrumbList","@id":"https:\/\/www.immobilienbusiness.ch\/en\/unternehmen\/2020-02-04\/samih-sawiris-uebernimmt-ad-interim-bei-odh\/#breadcrumb","itemListElement":[{"@type":"ListItem","position":1,"name":"Home","item":"https:\/\/www.immobilienbusiness.ch\/"},{"@type":"ListItem","position":2,"name":"Samih Sawiris \u00fcbernimmt ad interim bei ODH"}]},{"@type":"WebSite","@id":"https:\/\/www.immobilienbusiness.ch\/#website","url":"https:\/\/www.immobilienbusiness.ch\/","name":"IMMOBILIEN Business","description":"Unabh\u00e4ngiges Schweizer Wirtschaftsmagazin mit Fokus auf Immobilien, Architektur- und Bau sowie Investment- und Finanzierung.","publisher":{"@id":"https:\/\/www.immobilienbusiness.ch\/#organization"},"potentialAction":[{"@type":"SearchAction","target":{"@type":"EntryPoint","urlTemplate":"https:\/\/www.immobilienbusiness.ch\/?s={search_term_string}"},"query-input":{"@type":"PropertyValueSpecification","valueRequired":true,"valueName":"search_term_string"}}],"inLanguage":"de"},{"@type":"Organization","@id":"https:\/\/www.immobilienbusiness.ch\/#organization","name":"IMMOBILIEN Business","url":"https:\/\/www.immobilienbusiness.ch\/","logo":{"@type":"ImageObject","inLanguage":"de","@id":"https:\/\/www.immobilienbusiness.ch\/#\/schema\/logo\/image\/","url":"https:\/\/www.immobilienbusiness.ch\/wp-content\/uploads\/2021\/07\/logo_ib.png","contentUrl":"https:\/\/www.immobilienbusiness.ch\/wp-content\/uploads\/2021\/07\/logo_ib.png","width":800,"height":181,"caption":"IMMOBILIEN Business"},"image":{"@id":"https:\/\/www.immobilienbusiness.ch\/#\/schema\/logo\/image\/"},"sameAs":["https:\/\/www.facebook.com\/immobilienbusiness\/"]},{"@type":"Person","@id":"https:\/\/www.immobilienbusiness.ch\/#\/schema\/person\/3fc036297b10b9f42d6db5ee932af8c8","name":"anja.hall","image":{"@type":"ImageObject","inLanguage":"de","@id":"https:\/\/secure.gravatar.com\/avatar\/066b5a0d447013502c71a5782f4f3469f03cfe595cc2329fb94652fe47511bfb?s=96&d=mm&r=g","url":"https:\/\/secure.gravatar.com\/avatar\/066b5a0d447013502c71a5782f4f3469f03cfe595cc2329fb94652fe47511bfb?s=96&d=mm&r=g","contentUrl":"https:\/\/secure.gravatar.com\/avatar\/066b5a0d447013502c71a5782f4f3469f03cfe595cc2329fb94652fe47511bfb?s=96&d=mm&r=g","caption":"anja.hall"},"url":"https:\/\/www.immobilienbusiness.ch\/de\/author\/anja-hall\/"}]}},"_links":{"self":[{"href":"https:\/\/www.immobilienbusiness.ch\/de\/wp-json\/wp\/v2\/posts\/20093","targetHints":{"allow":["GET"]}}],"collection":[{"href":"https:\/\/www.immobilienbusiness.ch\/de\/wp-json\/wp\/v2\/posts"}],"about":[{"href":"https:\/\/www.immobilienbusiness.ch\/de\/wp-json\/wp\/v2\/types\/post"}],"author":[{"embeddable":true,"href":"https:\/\/www.immobilienbusiness.ch\/de\/wp-json\/wp\/v2\/users\/3"}],"replies":[{"embeddable":true,"href":"https:\/\/www.immobilienbusiness.ch\/de\/wp-json\/wp\/v2\/comments?post=20093"}],"version-history":[{"count":0,"href":"https:\/\/www.immobilienbusiness.ch\/de\/wp-json\/wp\/v2\/posts\/20093\/revisions"}],"wp:featuredmedia":[{"embeddable":true,"href":"https:\/\/www.immobilienbusiness.ch\/de\/wp-json\/wp\/v2\/media\/20114"}],"wp:attachment":[{"href":"https:\/\/www.immobilienbusiness.ch\/de\/wp-json\/wp\/v2\/media?parent=20093"}],"wp:term":[{"taxonomy":"category","embeddable":true,"href":"https:\/\/www.immobilienbusiness.ch\/de\/wp-json\/wp\/v2\/categories?post=20093"},{"taxonomy":"post_tag","embeddable":true,"href":"https:\/\/www.immobilienbusiness.ch\/de\/wp-json\/wp\/v2\/tags?post=20093"}],"curies":[{"name":"wp","href":"https:\/\/api.w.org\/{rel}","templated":true}]}}