{"id":2001,"date":"2016-01-06T18:25:38","date_gmt":"2016-01-06T17:25:38","guid":{"rendered":"http:\/\/dev.immobilienbusiness.ch\/?p=2001"},"modified":"2016-01-06T18:25:38","modified_gmt":"2016-01-06T17:25:38","slug":"zuerich-swiss-life-verkauft-manor-gebaeude-nicht-an-maus-freres","status":"publish","type":"post","link":"https:\/\/www.immobilienbusiness.ch\/de\/regionen\/2016-01-06\/zuerich-swiss-life-verkauft-manor-gebaeude-nicht-an-maus-freres\/","title":{"rendered":"Z\u00fcrich: Swiss Life verkauft Manor-Geb\u00e4ude nicht an Maus Fr\u00e8res"},"content":{"rendered":"<figure id=\"attachment_2002\" aria-describedby=\"caption-attachment-2002\" style=\"width: 667px\" class=\"wp-caption alignnone\"><img loading=\"lazy\" decoding=\"async\" class=\"size-medium wp-image-2002\" src=\"https:\/\/immobilienbusiness.ch\/wp-content\/uploads\/2016\/12\/Z\u00fcrich-Swiss-Life-verkauft-Manor-Geb\u00e4ude-nicht-an-Maus-Fr\u00e8res-immobilien-business.jpg\" alt=\"Bleibt vorl\u00e4ufig im Swiss-Life-Eigentum: Das Manor-Warenhaus in Z\u00fcrich (Foto: Roland zh. Lizenziert unter CC BY-SA 3.0 \u00fcber Wikimedia Commons)\" width=\"667\" height=\"1000\" \/><figcaption id=\"caption-attachment-2002\" class=\"wp-caption-text\">Bleibt vorl\u00e4ufig im Swiss-Life-Eigentum: Das Manor-Warenhaus in Z\u00fcrich (Foto: Roland zh. Lizenziert unter CC BY-SA 3.0 \u00fcber Wikimedia Commons)<\/figcaption><\/figure>\n<p>Wie die \u201eHandelszeitung\u201c unter Berufung auf involvierte Kreise schreibt, soll der Deal an zu weit auseinanderliegenden Preisvorstellungen gescheitert sein. Die Swiss Life habe sich demnach nicht am aktuellen Immobilienwert orientiert, sondern am prognostizierten Wert nach dem geplanten Umbau. Offenbar lagen die Parteien um einen dreistelligen Millionenbetrag auseinander. Laut \u201eHandelszeitung\u201c war Maus Fr\u00e8res bereit, 500 Millionen CHF f\u00fcr die Liegenschaften zu bezahlen.<\/p>\n<p>Mit dem geplatzten Deal bleibt offen, ob Manor an der Z\u00fcrcher Bahnhofstrasse eine Zukunft hat. 2019 muss das Warenhaus ausziehen, weil dann der der bereits verl\u00e4ngerte Mietvertrag endg\u00fcltig ausl\u00e4uft.<\/p>\n<p>Seit drei Jahren streiten die Swiss Life und Manor in der Sache vor diversen Gerichten. Zurzeit liegt das Dossier beim Bundesgericht, das allerdings zun\u00e4chst zu kl\u00e4ren hat, welches Gericht zust\u00e4ndig ist, den Fall inhaltlich zu behandeln. Solange das Verfahren dauert, darf Manor an der Bahnhofstrasse bleiben. (ah)<\/p>\n","protected":false},"excerpt":{"rendered":"<p>Die Swiss Life wird die Immobilie des Manor-Warenhauses an der Z\u00fcrcher Bahnhofstrasse nicht an die Manor-Muttergesellschaft Maus Fr\u00e8res verkaufen. Dies berichtet die \u201eHandelszeitung\u201c.<\/p>\n","protected":false},"author":1,"featured_media":2002,"comment_status":"open","ping_status":"open","sticky":false,"template":"","format":"standard","meta":{"_acf_changed":false,"_yoast_wpseo_focuskw":"Manor Z\u00fcrich Verkauf","_yoast_wpseo_title":"Manor Z\u00fcrich Verkauf: Swiss Life scheitert an Maus Fr\u00e8res","_yoast_wpseo_metadesc":"Der geplante Verkauf des Manor-Geb\u00e4udes in Z\u00fcrich scheitert an Preisvorstellungen. Das Verfahren l\u00e4uft beim Bundesgericht, das Geb\u00e4ude bleibt vorerst im Eigentum.","_yoast_wpseo_linkdex":61,"pgc_sgb_lightbox_settings":"","footnotes":""},"categories":[985,987],"tags":[1629,1643,1888],"class_list":["post-2001","post","type-post","status-publish","format-standard","has-post-thumbnail","hentry","category-regionen","category-retail","tag-regionen","tag-retail","tag-zuerich"],"acf":[],"yoast_head":"<!-- This site is optimized with the Yoast SEO plugin v27.5 - https:\/\/yoast.com\/product\/yoast-seo-wordpress\/ -->\n<title>Manor Z\u00fcrich Verkauf: Swiss Life scheitert an Maus Fr\u00e8res<\/title>\n<meta name=\"description\" content=\"Der geplante Verkauf des Manor-Geb\u00e4udes in Z\u00fcrich scheitert an Preisvorstellungen. Das Verfahren l\u00e4uft beim Bundesgericht, das Geb\u00e4ude bleibt vorerst im Eigentum.\" \/>\n<meta name=\"robots\" content=\"index, follow, max-snippet:-1, max-image-preview:large, max-video-preview:-1\" \/>\n<link rel=\"canonical\" href=\"https:\/\/www.immobilienbusiness.ch\/de\/regionen\/2016-01-06\/zuerich-swiss-life-verkauft-manor-gebaeude-nicht-an-maus-freres\/\" \/>\n<meta property=\"og:locale\" content=\"de_DE\" \/>\n<meta property=\"og:type\" content=\"article\" \/>\n<meta property=\"og:title\" content=\"Z\u00fcrich: Swiss Life verkauft Manor-Geb\u00e4ude nicht an Maus Fr\u00e8res\" \/>\n<meta property=\"og:description\" content=\"Die Swiss Life wird die Immobilie des Manor-Warenhauses an der Z\u00fcrcher Bahnhofstrasse nicht an die Manor-Muttergesellschaft Maus Fr\u00e8res verkaufen. Dies berichtet die \u201eHandelszeitung\u201c.\" \/>\n<meta property=\"og:url\" content=\"https:\/\/www.immobilienbusiness.ch\/de\/regionen\/2016-01-06\/zuerich-swiss-life-verkauft-manor-gebaeude-nicht-an-maus-freres\/\" \/>\n<meta property=\"og:site_name\" content=\"IMMOBILIEN Business\" \/>\n<meta property=\"article:publisher\" content=\"https:\/\/www.facebook.com\/immobilienbusiness\/\" \/>\n<meta property=\"article:published_time\" content=\"2016-01-06T17:25:38+00:00\" \/>\n<meta name=\"author\" content=\"Redaktion\" \/>\n<meta name=\"twitter:card\" content=\"summary_large_image\" \/>\n<meta name=\"twitter:image\" content=\"https:\/\/www.immobilienbusiness.ch\/wp-content\/uploads\/2016\/12\/Zuerich-Swiss-Life-verkauft-Manor-Gebaeude-nicht-an-Maus-Freres-immobilien-business.jpg\" \/>\n<script type=\"application\/ld+json\" class=\"yoast-schema-graph\">{\"@context\":\"https:\\\/\\\/schema.org\",\"@graph\":[{\"@type\":\"Article\",\"@id\":\"https:\\\/\\\/www.immobilienbusiness.ch\\\/de\\\/regionen\\\/2016-01-06\\\/zuerich-swiss-life-verkauft-manor-gebaeude-nicht-an-maus-freres\\\/#article\",\"isPartOf\":{\"@id\":\"https:\\\/\\\/www.immobilienbusiness.ch\\\/de\\\/regionen\\\/2016-01-06\\\/zuerich-swiss-life-verkauft-manor-gebaeude-nicht-an-maus-freres\\\/\"},\"author\":{\"name\":\"Redaktion\",\"@id\":\"https:\\\/\\\/www.immobilienbusiness.ch\\\/#\\\/schema\\\/person\\\/aa2bace6c5c5aad60102004a50c4eb1c\"},\"headline\":\"Z\u00fcrich: Swiss Life verkauft Manor-Geb\u00e4ude nicht an Maus Fr\u00e8res\",\"datePublished\":\"2016-01-06T17:25:38+00:00\",\"mainEntityOfPage\":{\"@id\":\"https:\\\/\\\/www.immobilienbusiness.ch\\\/de\\\/regionen\\\/2016-01-06\\\/zuerich-swiss-life-verkauft-manor-gebaeude-nicht-an-maus-freres\\\/\"},\"wordCount\":183,\"commentCount\":0,\"publisher\":{\"@id\":\"https:\\\/\\\/www.immobilienbusiness.ch\\\/#organization\"},\"image\":{\"@id\":\"https:\\\/\\\/www.immobilienbusiness.ch\\\/de\\\/regionen\\\/2016-01-06\\\/zuerich-swiss-life-verkauft-manor-gebaeude-nicht-an-maus-freres\\\/#primaryimage\"},\"thumbnailUrl\":\"https:\\\/\\\/www.immobilienbusiness.ch\\\/wp-content\\\/uploads\\\/2016\\\/12\\\/Zuerich-Swiss-Life-verkauft-Manor-Gebaeude-nicht-an-Maus-Freres-immobilien-business.jpg\",\"keywords\":[\"Regionen\",\"Retail\",\"Z\u00fcrich\"],\"articleSection\":[\"REGIONEN\",\"RETAIL\"],\"inLanguage\":\"de\"},{\"@type\":\"WebPage\",\"@id\":\"https:\\\/\\\/www.immobilienbusiness.ch\\\/de\\\/regionen\\\/2016-01-06\\\/zuerich-swiss-life-verkauft-manor-gebaeude-nicht-an-maus-freres\\\/\",\"url\":\"https:\\\/\\\/www.immobilienbusiness.ch\\\/de\\\/regionen\\\/2016-01-06\\\/zuerich-swiss-life-verkauft-manor-gebaeude-nicht-an-maus-freres\\\/\",\"name\":\"Manor Z\u00fcrich Verkauf: Swiss Life scheitert an Maus Fr\u00e8res\",\"isPartOf\":{\"@id\":\"https:\\\/\\\/www.immobilienbusiness.ch\\\/#website\"},\"primaryImageOfPage\":{\"@id\":\"https:\\\/\\\/www.immobilienbusiness.ch\\\/de\\\/regionen\\\/2016-01-06\\\/zuerich-swiss-life-verkauft-manor-gebaeude-nicht-an-maus-freres\\\/#primaryimage\"},\"image\":{\"@id\":\"https:\\\/\\\/www.immobilienbusiness.ch\\\/de\\\/regionen\\\/2016-01-06\\\/zuerich-swiss-life-verkauft-manor-gebaeude-nicht-an-maus-freres\\\/#primaryimage\"},\"thumbnailUrl\":\"https:\\\/\\\/www.immobilienbusiness.ch\\\/wp-content\\\/uploads\\\/2016\\\/12\\\/Zuerich-Swiss-Life-verkauft-Manor-Gebaeude-nicht-an-Maus-Freres-immobilien-business.jpg\",\"datePublished\":\"2016-01-06T17:25:38+00:00\",\"description\":\"Der geplante Verkauf des Manor-Geb\u00e4udes in Z\u00fcrich scheitert an Preisvorstellungen. Das Verfahren l\u00e4uft beim Bundesgericht, das Geb\u00e4ude bleibt vorerst im Eigentum.\",\"breadcrumb\":{\"@id\":\"https:\\\/\\\/www.immobilienbusiness.ch\\\/de\\\/regionen\\\/2016-01-06\\\/zuerich-swiss-life-verkauft-manor-gebaeude-nicht-an-maus-freres\\\/#breadcrumb\"},\"inLanguage\":\"de\",\"potentialAction\":[{\"@type\":\"ReadAction\",\"target\":[\"https:\\\/\\\/www.immobilienbusiness.ch\\\/de\\\/regionen\\\/2016-01-06\\\/zuerich-swiss-life-verkauft-manor-gebaeude-nicht-an-maus-freres\\\/\"]}]},{\"@type\":\"ImageObject\",\"inLanguage\":\"de\",\"@id\":\"https:\\\/\\\/www.immobilienbusiness.ch\\\/de\\\/regionen\\\/2016-01-06\\\/zuerich-swiss-life-verkauft-manor-gebaeude-nicht-an-maus-freres\\\/#primaryimage\",\"url\":\"https:\\\/\\\/www.immobilienbusiness.ch\\\/wp-content\\\/uploads\\\/2016\\\/12\\\/Zuerich-Swiss-Life-verkauft-Manor-Gebaeude-nicht-an-Maus-Freres-immobilien-business.jpg\",\"contentUrl\":\"https:\\\/\\\/www.immobilienbusiness.ch\\\/wp-content\\\/uploads\\\/2016\\\/12\\\/Zuerich-Swiss-Life-verkauft-Manor-Gebaeude-nicht-an-Maus-Freres-immobilien-business.jpg\",\"width\":1707,\"height\":2560,\"caption\":\"Bleibt vorl\u00e4ufig im Swiss-Life-Eigentum: Das Manor-Warenhaus in Z\u00fcrich (Foto: Roland zh. Lizenziert unter CC BY-SA 3.0 \u00fcber Wikimedia Commons)\"},{\"@type\":\"BreadcrumbList\",\"@id\":\"https:\\\/\\\/www.immobilienbusiness.ch\\\/de\\\/regionen\\\/2016-01-06\\\/zuerich-swiss-life-verkauft-manor-gebaeude-nicht-an-maus-freres\\\/#breadcrumb\",\"itemListElement\":[{\"@type\":\"ListItem\",\"position\":1,\"name\":\"Home\",\"item\":\"https:\\\/\\\/www.immobilienbusiness.ch\\\/\"},{\"@type\":\"ListItem\",\"position\":2,\"name\":\"Z\u00fcrich: Swiss Life verkauft Manor-Geb\u00e4ude nicht an Maus Fr\u00e8res\"}]},{\"@type\":\"WebSite\",\"@id\":\"https:\\\/\\\/www.immobilienbusiness.ch\\\/#website\",\"url\":\"https:\\\/\\\/www.immobilienbusiness.ch\\\/\",\"name\":\"IMMOBILIEN Business\",\"description\":\"Unabh\u00e4ngiges Schweizer Wirtschaftsmagazin mit Fokus auf Immobilien, Architektur- und Bau sowie Investment- und Finanzierung.\",\"publisher\":{\"@id\":\"https:\\\/\\\/www.immobilienbusiness.ch\\\/#organization\"},\"potentialAction\":[{\"@type\":\"SearchAction\",\"target\":{\"@type\":\"EntryPoint\",\"urlTemplate\":\"https:\\\/\\\/www.immobilienbusiness.ch\\\/?s={search_term_string}\"},\"query-input\":{\"@type\":\"PropertyValueSpecification\",\"valueRequired\":true,\"valueName\":\"search_term_string\"}}],\"inLanguage\":\"de\"},{\"@type\":\"Organization\",\"@id\":\"https:\\\/\\\/www.immobilienbusiness.ch\\\/#organization\",\"name\":\"IMMOBILIEN Business\",\"url\":\"https:\\\/\\\/www.immobilienbusiness.ch\\\/\",\"logo\":{\"@type\":\"ImageObject\",\"inLanguage\":\"de\",\"@id\":\"https:\\\/\\\/www.immobilienbusiness.ch\\\/#\\\/schema\\\/logo\\\/image\\\/\",\"url\":\"https:\\\/\\\/www.immobilienbusiness.ch\\\/wp-content\\\/uploads\\\/2021\\\/07\\\/logo_ib.png\",\"contentUrl\":\"https:\\\/\\\/www.immobilienbusiness.ch\\\/wp-content\\\/uploads\\\/2021\\\/07\\\/logo_ib.png\",\"width\":800,\"height\":181,\"caption\":\"IMMOBILIEN Business\"},\"image\":{\"@id\":\"https:\\\/\\\/www.immobilienbusiness.ch\\\/#\\\/schema\\\/logo\\\/image\\\/\"},\"sameAs\":[\"https:\\\/\\\/www.facebook.com\\\/immobilienbusiness\\\/\"]},{\"@type\":\"Person\",\"@id\":\"https:\\\/\\\/www.immobilienbusiness.ch\\\/#\\\/schema\\\/person\\\/aa2bace6c5c5aad60102004a50c4eb1c\",\"name\":\"Redaktion\",\"image\":{\"@type\":\"ImageObject\",\"inLanguage\":\"de\",\"@id\":\"https:\\\/\\\/secure.gravatar.com\\\/avatar\\\/ae2f4d718e6c49043e314ce431e7e645d646302a24a5ef5a8bc8e3f5a032e319?s=96&d=mm&r=g\",\"url\":\"https:\\\/\\\/secure.gravatar.com\\\/avatar\\\/ae2f4d718e6c49043e314ce431e7e645d646302a24a5ef5a8bc8e3f5a032e319?s=96&d=mm&r=g\",\"contentUrl\":\"https:\\\/\\\/secure.gravatar.com\\\/avatar\\\/ae2f4d718e6c49043e314ce431e7e645d646302a24a5ef5a8bc8e3f5a032e319?s=96&d=mm&r=g\",\"caption\":\"Redaktion\"},\"sameAs\":[\"http:\\\/\\\/develop.organisator.galledia.ch\"],\"url\":\"https:\\\/\\\/www.immobilienbusiness.ch\\\/de\\\/author\\\/admin\\\/\"}]}<\/script>\n<!-- \/ Yoast SEO plugin. -->","yoast_head_json":{"title":"Manor Z\u00fcrich Verkauf: Swiss Life scheitert an Maus Fr\u00e8res","description":"Der geplante Verkauf des Manor-Geb\u00e4udes in Z\u00fcrich scheitert an Preisvorstellungen. Das Verfahren l\u00e4uft beim Bundesgericht, das Geb\u00e4ude bleibt vorerst im Eigentum.","robots":{"index":"index","follow":"follow","max-snippet":"max-snippet:-1","max-image-preview":"max-image-preview:large","max-video-preview":"max-video-preview:-1"},"canonical":"https:\/\/www.immobilienbusiness.ch\/de\/regionen\/2016-01-06\/zuerich-swiss-life-verkauft-manor-gebaeude-nicht-an-maus-freres\/","og_locale":"de_DE","og_type":"article","og_title":"Z\u00fcrich: Swiss Life verkauft Manor-Geb\u00e4ude nicht an Maus Fr\u00e8res","og_description":"Die Swiss Life wird die Immobilie des Manor-Warenhauses an der Z\u00fcrcher Bahnhofstrasse nicht an die Manor-Muttergesellschaft Maus Fr\u00e8res verkaufen. Dies berichtet die \u201eHandelszeitung\u201c.","og_url":"https:\/\/www.immobilienbusiness.ch\/de\/regionen\/2016-01-06\/zuerich-swiss-life-verkauft-manor-gebaeude-nicht-an-maus-freres\/","og_site_name":"IMMOBILIEN Business","article_publisher":"https:\/\/www.facebook.com\/immobilienbusiness\/","article_published_time":"2016-01-06T17:25:38+00:00","author":"Redaktion","twitter_card":"summary_large_image","twitter_image":"https:\/\/www.immobilienbusiness.ch\/wp-content\/uploads\/2016\/12\/Zuerich-Swiss-Life-verkauft-Manor-Gebaeude-nicht-an-Maus-Freres-immobilien-business.jpg","schema":{"@context":"https:\/\/schema.org","@graph":[{"@type":"Article","@id":"https:\/\/www.immobilienbusiness.ch\/de\/regionen\/2016-01-06\/zuerich-swiss-life-verkauft-manor-gebaeude-nicht-an-maus-freres\/#article","isPartOf":{"@id":"https:\/\/www.immobilienbusiness.ch\/de\/regionen\/2016-01-06\/zuerich-swiss-life-verkauft-manor-gebaeude-nicht-an-maus-freres\/"},"author":{"name":"Redaktion","@id":"https:\/\/www.immobilienbusiness.ch\/#\/schema\/person\/aa2bace6c5c5aad60102004a50c4eb1c"},"headline":"Z\u00fcrich: Swiss Life verkauft Manor-Geb\u00e4ude nicht an Maus Fr\u00e8res","datePublished":"2016-01-06T17:25:38+00:00","mainEntityOfPage":{"@id":"https:\/\/www.immobilienbusiness.ch\/de\/regionen\/2016-01-06\/zuerich-swiss-life-verkauft-manor-gebaeude-nicht-an-maus-freres\/"},"wordCount":183,"commentCount":0,"publisher":{"@id":"https:\/\/www.immobilienbusiness.ch\/#organization"},"image":{"@id":"https:\/\/www.immobilienbusiness.ch\/de\/regionen\/2016-01-06\/zuerich-swiss-life-verkauft-manor-gebaeude-nicht-an-maus-freres\/#primaryimage"},"thumbnailUrl":"https:\/\/www.immobilienbusiness.ch\/wp-content\/uploads\/2016\/12\/Zuerich-Swiss-Life-verkauft-Manor-Gebaeude-nicht-an-Maus-Freres-immobilien-business.jpg","keywords":["Regionen","Retail","Z\u00fcrich"],"articleSection":["REGIONEN","RETAIL"],"inLanguage":"de"},{"@type":"WebPage","@id":"https:\/\/www.immobilienbusiness.ch\/de\/regionen\/2016-01-06\/zuerich-swiss-life-verkauft-manor-gebaeude-nicht-an-maus-freres\/","url":"https:\/\/www.immobilienbusiness.ch\/de\/regionen\/2016-01-06\/zuerich-swiss-life-verkauft-manor-gebaeude-nicht-an-maus-freres\/","name":"Manor Z\u00fcrich Verkauf: Swiss Life scheitert an Maus Fr\u00e8res","isPartOf":{"@id":"https:\/\/www.immobilienbusiness.ch\/#website"},"primaryImageOfPage":{"@id":"https:\/\/www.immobilienbusiness.ch\/de\/regionen\/2016-01-06\/zuerich-swiss-life-verkauft-manor-gebaeude-nicht-an-maus-freres\/#primaryimage"},"image":{"@id":"https:\/\/www.immobilienbusiness.ch\/de\/regionen\/2016-01-06\/zuerich-swiss-life-verkauft-manor-gebaeude-nicht-an-maus-freres\/#primaryimage"},"thumbnailUrl":"https:\/\/www.immobilienbusiness.ch\/wp-content\/uploads\/2016\/12\/Zuerich-Swiss-Life-verkauft-Manor-Gebaeude-nicht-an-Maus-Freres-immobilien-business.jpg","datePublished":"2016-01-06T17:25:38+00:00","description":"Der geplante Verkauf des Manor-Geb\u00e4udes in Z\u00fcrich scheitert an Preisvorstellungen. Das Verfahren l\u00e4uft beim Bundesgericht, das Geb\u00e4ude bleibt vorerst im Eigentum.","breadcrumb":{"@id":"https:\/\/www.immobilienbusiness.ch\/de\/regionen\/2016-01-06\/zuerich-swiss-life-verkauft-manor-gebaeude-nicht-an-maus-freres\/#breadcrumb"},"inLanguage":"de","potentialAction":[{"@type":"ReadAction","target":["https:\/\/www.immobilienbusiness.ch\/de\/regionen\/2016-01-06\/zuerich-swiss-life-verkauft-manor-gebaeude-nicht-an-maus-freres\/"]}]},{"@type":"ImageObject","inLanguage":"de","@id":"https:\/\/www.immobilienbusiness.ch\/de\/regionen\/2016-01-06\/zuerich-swiss-life-verkauft-manor-gebaeude-nicht-an-maus-freres\/#primaryimage","url":"https:\/\/www.immobilienbusiness.ch\/wp-content\/uploads\/2016\/12\/Zuerich-Swiss-Life-verkauft-Manor-Gebaeude-nicht-an-Maus-Freres-immobilien-business.jpg","contentUrl":"https:\/\/www.immobilienbusiness.ch\/wp-content\/uploads\/2016\/12\/Zuerich-Swiss-Life-verkauft-Manor-Gebaeude-nicht-an-Maus-Freres-immobilien-business.jpg","width":1707,"height":2560,"caption":"Bleibt vorl\u00e4ufig im Swiss-Life-Eigentum: Das Manor-Warenhaus in Z\u00fcrich (Foto: Roland zh. Lizenziert unter CC BY-SA 3.0 \u00fcber Wikimedia Commons)"},{"@type":"BreadcrumbList","@id":"https:\/\/www.immobilienbusiness.ch\/de\/regionen\/2016-01-06\/zuerich-swiss-life-verkauft-manor-gebaeude-nicht-an-maus-freres\/#breadcrumb","itemListElement":[{"@type":"ListItem","position":1,"name":"Home","item":"https:\/\/www.immobilienbusiness.ch\/"},{"@type":"ListItem","position":2,"name":"Z\u00fcrich: Swiss Life verkauft Manor-Geb\u00e4ude nicht an Maus Fr\u00e8res"}]},{"@type":"WebSite","@id":"https:\/\/www.immobilienbusiness.ch\/#website","url":"https:\/\/www.immobilienbusiness.ch\/","name":"IMMOBILIEN Business","description":"Unabh\u00e4ngiges Schweizer Wirtschaftsmagazin mit Fokus auf Immobilien, Architektur- und Bau sowie Investment- und Finanzierung.","publisher":{"@id":"https:\/\/www.immobilienbusiness.ch\/#organization"},"potentialAction":[{"@type":"SearchAction","target":{"@type":"EntryPoint","urlTemplate":"https:\/\/www.immobilienbusiness.ch\/?s={search_term_string}"},"query-input":{"@type":"PropertyValueSpecification","valueRequired":true,"valueName":"search_term_string"}}],"inLanguage":"de"},{"@type":"Organization","@id":"https:\/\/www.immobilienbusiness.ch\/#organization","name":"IMMOBILIEN Business","url":"https:\/\/www.immobilienbusiness.ch\/","logo":{"@type":"ImageObject","inLanguage":"de","@id":"https:\/\/www.immobilienbusiness.ch\/#\/schema\/logo\/image\/","url":"https:\/\/www.immobilienbusiness.ch\/wp-content\/uploads\/2021\/07\/logo_ib.png","contentUrl":"https:\/\/www.immobilienbusiness.ch\/wp-content\/uploads\/2021\/07\/logo_ib.png","width":800,"height":181,"caption":"IMMOBILIEN Business"},"image":{"@id":"https:\/\/www.immobilienbusiness.ch\/#\/schema\/logo\/image\/"},"sameAs":["https:\/\/www.facebook.com\/immobilienbusiness\/"]},{"@type":"Person","@id":"https:\/\/www.immobilienbusiness.ch\/#\/schema\/person\/aa2bace6c5c5aad60102004a50c4eb1c","name":"Redaktion","image":{"@type":"ImageObject","inLanguage":"de","@id":"https:\/\/secure.gravatar.com\/avatar\/ae2f4d718e6c49043e314ce431e7e645d646302a24a5ef5a8bc8e3f5a032e319?s=96&d=mm&r=g","url":"https:\/\/secure.gravatar.com\/avatar\/ae2f4d718e6c49043e314ce431e7e645d646302a24a5ef5a8bc8e3f5a032e319?s=96&d=mm&r=g","contentUrl":"https:\/\/secure.gravatar.com\/avatar\/ae2f4d718e6c49043e314ce431e7e645d646302a24a5ef5a8bc8e3f5a032e319?s=96&d=mm&r=g","caption":"Redaktion"},"sameAs":["http:\/\/develop.organisator.galledia.ch"],"url":"https:\/\/www.immobilienbusiness.ch\/de\/author\/admin\/"}]}},"_links":{"self":[{"href":"https:\/\/www.immobilienbusiness.ch\/de\/wp-json\/wp\/v2\/posts\/2001","targetHints":{"allow":["GET"]}}],"collection":[{"href":"https:\/\/www.immobilienbusiness.ch\/de\/wp-json\/wp\/v2\/posts"}],"about":[{"href":"https:\/\/www.immobilienbusiness.ch\/de\/wp-json\/wp\/v2\/types\/post"}],"author":[{"embeddable":true,"href":"https:\/\/www.immobilienbusiness.ch\/de\/wp-json\/wp\/v2\/users\/1"}],"replies":[{"embeddable":true,"href":"https:\/\/www.immobilienbusiness.ch\/de\/wp-json\/wp\/v2\/comments?post=2001"}],"version-history":[{"count":0,"href":"https:\/\/www.immobilienbusiness.ch\/de\/wp-json\/wp\/v2\/posts\/2001\/revisions"}],"wp:featuredmedia":[{"embeddable":true,"href":"https:\/\/www.immobilienbusiness.ch\/de\/wp-json\/wp\/v2\/media\/2002"}],"wp:attachment":[{"href":"https:\/\/www.immobilienbusiness.ch\/de\/wp-json\/wp\/v2\/media?parent=2001"}],"wp:term":[{"taxonomy":"category","embeddable":true,"href":"https:\/\/www.immobilienbusiness.ch\/de\/wp-json\/wp\/v2\/categories?post=2001"},{"taxonomy":"post_tag","embeddable":true,"href":"https:\/\/www.immobilienbusiness.ch\/de\/wp-json\/wp\/v2\/tags?post=2001"}],"curies":[{"name":"wp","href":"https:\/\/api.w.org\/{rel}","templated":true}]}}