{"id":19814,"date":"2020-01-09T08:21:57","date_gmt":"2020-01-09T07:21:57","guid":{"rendered":"https:\/\/www.immobilienbusiness.ch\/?p=19814"},"modified":"2023-08-10T13:24:20","modified_gmt":"2023-08-10T11:24:20","slug":"sps-neue-ceo-fuer-jelmoli","status":"publish","type":"post","link":"https:\/\/www.immobilienbusiness.ch\/de\/unternehmen\/2020-01-09\/sps-neue-ceo-fuer-jelmoli\/","title":{"rendered":"SPS: Neue CEO f\u00fcr Jelmoli"},"content":{"rendered":"<figure id=\"attachment_19821\" aria-describedby=\"caption-attachment-19821\" style=\"width: 300px\" class=\"wp-caption alignnone\"><img loading=\"lazy\" decoding=\"async\" class=\"wp-image-19821 size-medium\" src=\"https:\/\/www.immobilienbusiness.ch\/wp-content\/uploads\/2020\/01\/IMG_0789-300x200.jpg\" alt=\"Nina M\u00fcller\" width=\"300\" height=\"200\" srcset=\"https:\/\/www.immobilienbusiness.ch\/wp-content\/uploads\/2020\/01\/IMG_0789-300x200.jpg 300w, https:\/\/www.immobilienbusiness.ch\/wp-content\/uploads\/2020\/01\/IMG_0789-1024x683.jpg 1024w, https:\/\/www.immobilienbusiness.ch\/wp-content\/uploads\/2020\/01\/IMG_0789-768x512.jpg 768w, https:\/\/www.immobilienbusiness.ch\/wp-content\/uploads\/2020\/01\/IMG_0789-1536x1024.jpg 1536w, https:\/\/www.immobilienbusiness.ch\/wp-content\/uploads\/2020\/01\/IMG_0789-2048x1365.jpg 2048w, https:\/\/www.immobilienbusiness.ch\/wp-content\/uploads\/2020\/01\/IMG_0789-16x12.jpg 16w, https:\/\/www.immobilienbusiness.ch\/wp-content\/uploads\/2020\/01\/IMG_0789-263x175.jpg 263w, https:\/\/www.immobilienbusiness.ch\/wp-content\/uploads\/2020\/01\/IMG_0789-525x350.jpg 525w, https:\/\/www.immobilienbusiness.ch\/wp-content\/uploads\/2020\/01\/IMG_0789-1200x800.jpg 1200w, https:\/\/www.immobilienbusiness.ch\/wp-content\/uploads\/2020\/01\/IMG_0789-920x613.jpg 920w, https:\/\/www.immobilienbusiness.ch\/wp-content\/uploads\/2020\/01\/IMG_0789-1400x933.jpg 1400w\" sizes=\"auto, (max-width: 300px) 100vw, 300px\" \/><figcaption id=\"caption-attachment-19821\" class=\"wp-caption-text\">Nina M\u00fcller (Bild: Swiss Prime Site)<\/figcaption><\/figure>\n<p>Nina M\u00fcller (Jahrgang 1969) ist \u00d6sterreicherin und seit 2016 CEO des Uhren- und Schmuckh\u00e4ndlers Christ. Zuvor war sie viele Jahre bei Swaroski und Wolford t\u00e4tig, wo sie verschiedene Stationen im Bereich Retail innehatte. Bei Swarowski war sie unter anderem Head of Retail Concepts und Retail Marketing Director, ab 2011 verantwortete sie als General Manager den Aufbau einer neuen Marke innerhalb des Unternehmens. <em>(ah)<\/em><\/p>\n","protected":false},"excerpt":{"rendered":"<p>Nina M\u00fcller wird zum Fr\u00fchjahr die Position der CEO bei Jelmoli \u00fcbernehmen und auch in die Gruppenleitung der Swiss Prime Site einziehen.<\/p>\n","protected":false},"author":3,"featured_media":19821,"comment_status":"closed","ping_status":"closed","sticky":false,"template":"","format":"standard","meta":{"_acf_changed":false,"_yoast_wpseo_focuskw":"Nina M\u00fcller","_yoast_wpseo_title":"","_yoast_wpseo_metadesc":"Nina M\u00fcller wird zum Fr\u00fchjahr die Position der CEO bei Jelmoli \u00fcbernehmen und auch in die Gruppenleitung der Swiss Prime Site einziehen.","_yoast_wpseo_linkdex":46,"pgc_sgb_lightbox_settings":"","footnotes":""},"categories":[988],"tags":[1390,1563,1643,1760],"class_list":["post-19814","post","type-post","status-publish","format-standard","has-post-thumbnail","hentry","category-unternehmen","tag-jelmoli","tag-personalia","tag-retail","tag-swiss-prime-site"],"acf":[],"yoast_head":"<!-- This site is optimized with the Yoast SEO plugin v27.5 - https:\/\/yoast.com\/product\/yoast-seo-wordpress\/ -->\n<title>SPS: Neue CEO f\u00fcr Jelmoli - IMMOBILIEN Business<\/title>\n<meta name=\"description\" content=\"Nina M\u00fcller wird zum Fr\u00fchjahr die Position der CEO bei Jelmoli \u00fcbernehmen und auch in die Gruppenleitung der Swiss Prime Site einziehen.\" \/>\n<meta name=\"robots\" content=\"index, follow, max-snippet:-1, max-image-preview:large, max-video-preview:-1\" \/>\n<link rel=\"canonical\" href=\"https:\/\/www.immobilienbusiness.ch\/de\/unternehmen\/2020-01-09\/sps-neue-ceo-fuer-jelmoli\/\" \/>\n<meta property=\"og:locale\" content=\"de_DE\" \/>\n<meta property=\"og:type\" content=\"article\" \/>\n<meta property=\"og:title\" content=\"SPS: Neue CEO f\u00fcr Jelmoli - IMMOBILIEN Business\" \/>\n<meta property=\"og:description\" content=\"Nina M\u00fcller wird zum Fr\u00fchjahr die Position der CEO bei Jelmoli \u00fcbernehmen und auch in die Gruppenleitung der Swiss Prime Site einziehen.\" \/>\n<meta property=\"og:url\" content=\"https:\/\/www.immobilienbusiness.ch\/de\/unternehmen\/2020-01-09\/sps-neue-ceo-fuer-jelmoli\/\" \/>\n<meta property=\"og:site_name\" content=\"IMMOBILIEN Business\" \/>\n<meta property=\"article:publisher\" content=\"https:\/\/www.facebook.com\/immobilienbusiness\/\" \/>\n<meta property=\"article:published_time\" content=\"2020-01-09T07:21:57+00:00\" \/>\n<meta property=\"article:modified_time\" content=\"2023-08-10T11:24:20+00:00\" \/>\n<meta property=\"og:image\" content=\"https:\/\/www.immobilienbusiness.ch\/wp-content\/uploads\/2020\/01\/IMG_0789-1024x683.jpg\" \/>\n\t<meta property=\"og:image:width\" content=\"1024\" \/>\n\t<meta property=\"og:image:height\" content=\"683\" \/>\n\t<meta property=\"og:image:type\" content=\"image\/jpeg\" \/>\n<meta name=\"author\" content=\"anja.hall\" \/>\n<meta name=\"twitter:card\" content=\"summary_large_image\" \/>\n<meta name=\"twitter:image\" content=\"https:\/\/www.immobilienbusiness.ch\/wp-content\/uploads\/2020\/01\/IMG_0789.jpg\" \/>\n<script type=\"application\/ld+json\" class=\"yoast-schema-graph\">{\"@context\":\"https:\\\/\\\/schema.org\",\"@graph\":[{\"@type\":\"Article\",\"@id\":\"https:\\\/\\\/www.immobilienbusiness.ch\\\/unternehmen\\\/2020-01-09\\\/sps-neue-ceo-fuer-jelmoli\\\/#article\",\"isPartOf\":{\"@id\":\"https:\\\/\\\/www.immobilienbusiness.ch\\\/unternehmen\\\/2020-01-09\\\/sps-neue-ceo-fuer-jelmoli\\\/\"},\"author\":{\"name\":\"anja.hall\",\"@id\":\"https:\\\/\\\/www.immobilienbusiness.ch\\\/#\\\/schema\\\/person\\\/3fc036297b10b9f42d6db5ee932af8c8\"},\"headline\":\"SPS: Neue CEO f\u00fcr Jelmoli\",\"datePublished\":\"2020-01-09T07:21:57+00:00\",\"dateModified\":\"2023-08-10T11:24:20+00:00\",\"mainEntityOfPage\":{\"@id\":\"https:\\\/\\\/www.immobilienbusiness.ch\\\/unternehmen\\\/2020-01-09\\\/sps-neue-ceo-fuer-jelmoli\\\/\"},\"wordCount\":83,\"publisher\":{\"@id\":\"https:\\\/\\\/www.immobilienbusiness.ch\\\/#organization\"},\"image\":{\"@id\":\"https:\\\/\\\/www.immobilienbusiness.ch\\\/unternehmen\\\/2020-01-09\\\/sps-neue-ceo-fuer-jelmoli\\\/#primaryimage\"},\"thumbnailUrl\":\"https:\\\/\\\/www.immobilienbusiness.ch\\\/wp-content\\\/uploads\\\/2020\\\/01\\\/IMG_0789.jpg\",\"keywords\":[\"Jelmoli\",\"Personalia\",\"Retail\",\"Swiss Prime Site\"],\"articleSection\":[\"UNTERNEHMEN\"],\"inLanguage\":\"de\"},{\"@type\":\"WebPage\",\"@id\":\"https:\\\/\\\/www.immobilienbusiness.ch\\\/unternehmen\\\/2020-01-09\\\/sps-neue-ceo-fuer-jelmoli\\\/\",\"url\":\"https:\\\/\\\/www.immobilienbusiness.ch\\\/unternehmen\\\/2020-01-09\\\/sps-neue-ceo-fuer-jelmoli\\\/\",\"name\":\"SPS: Neue CEO f\u00fcr Jelmoli - IMMOBILIEN Business\",\"isPartOf\":{\"@id\":\"https:\\\/\\\/www.immobilienbusiness.ch\\\/#website\"},\"primaryImageOfPage\":{\"@id\":\"https:\\\/\\\/www.immobilienbusiness.ch\\\/unternehmen\\\/2020-01-09\\\/sps-neue-ceo-fuer-jelmoli\\\/#primaryimage\"},\"image\":{\"@id\":\"https:\\\/\\\/www.immobilienbusiness.ch\\\/unternehmen\\\/2020-01-09\\\/sps-neue-ceo-fuer-jelmoli\\\/#primaryimage\"},\"thumbnailUrl\":\"https:\\\/\\\/www.immobilienbusiness.ch\\\/wp-content\\\/uploads\\\/2020\\\/01\\\/IMG_0789.jpg\",\"datePublished\":\"2020-01-09T07:21:57+00:00\",\"dateModified\":\"2023-08-10T11:24:20+00:00\",\"description\":\"Nina M\u00fcller wird zum Fr\u00fchjahr die Position der CEO bei Jelmoli \u00fcbernehmen und auch in die Gruppenleitung der Swiss Prime Site einziehen.\",\"breadcrumb\":{\"@id\":\"https:\\\/\\\/www.immobilienbusiness.ch\\\/unternehmen\\\/2020-01-09\\\/sps-neue-ceo-fuer-jelmoli\\\/#breadcrumb\"},\"inLanguage\":\"de\",\"potentialAction\":[{\"@type\":\"ReadAction\",\"target\":[\"https:\\\/\\\/www.immobilienbusiness.ch\\\/unternehmen\\\/2020-01-09\\\/sps-neue-ceo-fuer-jelmoli\\\/\"]}]},{\"@type\":\"ImageObject\",\"inLanguage\":\"de\",\"@id\":\"https:\\\/\\\/www.immobilienbusiness.ch\\\/unternehmen\\\/2020-01-09\\\/sps-neue-ceo-fuer-jelmoli\\\/#primaryimage\",\"url\":\"https:\\\/\\\/www.immobilienbusiness.ch\\\/wp-content\\\/uploads\\\/2020\\\/01\\\/IMG_0789.jpg\",\"contentUrl\":\"https:\\\/\\\/www.immobilienbusiness.ch\\\/wp-content\\\/uploads\\\/2020\\\/01\\\/IMG_0789.jpg\",\"width\":2560,\"height\":1707,\"caption\":\"Nina M\u00fcller (Bild: Swiss Prime Site)\"},{\"@type\":\"BreadcrumbList\",\"@id\":\"https:\\\/\\\/www.immobilienbusiness.ch\\\/unternehmen\\\/2020-01-09\\\/sps-neue-ceo-fuer-jelmoli\\\/#breadcrumb\",\"itemListElement\":[{\"@type\":\"ListItem\",\"position\":1,\"name\":\"Home\",\"item\":\"https:\\\/\\\/www.immobilienbusiness.ch\\\/\"},{\"@type\":\"ListItem\",\"position\":2,\"name\":\"SPS: Neue CEO f\u00fcr Jelmoli\"}]},{\"@type\":\"WebSite\",\"@id\":\"https:\\\/\\\/www.immobilienbusiness.ch\\\/#website\",\"url\":\"https:\\\/\\\/www.immobilienbusiness.ch\\\/\",\"name\":\"IMMOBILIEN Business\",\"description\":\"Unabh\u00e4ngiges Schweizer Wirtschaftsmagazin mit Fokus auf Immobilien, Architektur- und Bau sowie Investment- und Finanzierung.\",\"publisher\":{\"@id\":\"https:\\\/\\\/www.immobilienbusiness.ch\\\/#organization\"},\"potentialAction\":[{\"@type\":\"SearchAction\",\"target\":{\"@type\":\"EntryPoint\",\"urlTemplate\":\"https:\\\/\\\/www.immobilienbusiness.ch\\\/?s={search_term_string}\"},\"query-input\":{\"@type\":\"PropertyValueSpecification\",\"valueRequired\":true,\"valueName\":\"search_term_string\"}}],\"inLanguage\":\"de\"},{\"@type\":\"Organization\",\"@id\":\"https:\\\/\\\/www.immobilienbusiness.ch\\\/#organization\",\"name\":\"IMMOBILIEN Business\",\"url\":\"https:\\\/\\\/www.immobilienbusiness.ch\\\/\",\"logo\":{\"@type\":\"ImageObject\",\"inLanguage\":\"de\",\"@id\":\"https:\\\/\\\/www.immobilienbusiness.ch\\\/#\\\/schema\\\/logo\\\/image\\\/\",\"url\":\"https:\\\/\\\/www.immobilienbusiness.ch\\\/wp-content\\\/uploads\\\/2021\\\/07\\\/logo_ib.png\",\"contentUrl\":\"https:\\\/\\\/www.immobilienbusiness.ch\\\/wp-content\\\/uploads\\\/2021\\\/07\\\/logo_ib.png\",\"width\":800,\"height\":181,\"caption\":\"IMMOBILIEN Business\"},\"image\":{\"@id\":\"https:\\\/\\\/www.immobilienbusiness.ch\\\/#\\\/schema\\\/logo\\\/image\\\/\"},\"sameAs\":[\"https:\\\/\\\/www.facebook.com\\\/immobilienbusiness\\\/\"]},{\"@type\":\"Person\",\"@id\":\"https:\\\/\\\/www.immobilienbusiness.ch\\\/#\\\/schema\\\/person\\\/3fc036297b10b9f42d6db5ee932af8c8\",\"name\":\"anja.hall\",\"image\":{\"@type\":\"ImageObject\",\"inLanguage\":\"de\",\"@id\":\"https:\\\/\\\/secure.gravatar.com\\\/avatar\\\/066b5a0d447013502c71a5782f4f3469f03cfe595cc2329fb94652fe47511bfb?s=96&d=mm&r=g\",\"url\":\"https:\\\/\\\/secure.gravatar.com\\\/avatar\\\/066b5a0d447013502c71a5782f4f3469f03cfe595cc2329fb94652fe47511bfb?s=96&d=mm&r=g\",\"contentUrl\":\"https:\\\/\\\/secure.gravatar.com\\\/avatar\\\/066b5a0d447013502c71a5782f4f3469f03cfe595cc2329fb94652fe47511bfb?s=96&d=mm&r=g\",\"caption\":\"anja.hall\"},\"url\":\"https:\\\/\\\/www.immobilienbusiness.ch\\\/de\\\/author\\\/anja-hall\\\/\"}]}<\/script>\n<!-- \/ Yoast SEO plugin. -->","yoast_head_json":{"title":"SPS: Neue CEO f\u00fcr Jelmoli - IMMOBILIEN Business","description":"Nina M\u00fcller wird zum Fr\u00fchjahr die Position der CEO bei Jelmoli \u00fcbernehmen und auch in die Gruppenleitung der Swiss Prime Site einziehen.","robots":{"index":"index","follow":"follow","max-snippet":"max-snippet:-1","max-image-preview":"max-image-preview:large","max-video-preview":"max-video-preview:-1"},"canonical":"https:\/\/www.immobilienbusiness.ch\/de\/unternehmen\/2020-01-09\/sps-neue-ceo-fuer-jelmoli\/","og_locale":"de_DE","og_type":"article","og_title":"SPS: Neue CEO f\u00fcr Jelmoli - IMMOBILIEN Business","og_description":"Nina M\u00fcller wird zum Fr\u00fchjahr die Position der CEO bei Jelmoli \u00fcbernehmen und auch in die Gruppenleitung der Swiss Prime Site einziehen.","og_url":"https:\/\/www.immobilienbusiness.ch\/de\/unternehmen\/2020-01-09\/sps-neue-ceo-fuer-jelmoli\/","og_site_name":"IMMOBILIEN Business","article_publisher":"https:\/\/www.facebook.com\/immobilienbusiness\/","article_published_time":"2020-01-09T07:21:57+00:00","article_modified_time":"2023-08-10T11:24:20+00:00","og_image":[{"width":1024,"height":683,"url":"https:\/\/www.immobilienbusiness.ch\/wp-content\/uploads\/2020\/01\/IMG_0789-1024x683.jpg","type":"image\/jpeg"}],"author":"anja.hall","twitter_card":"summary_large_image","twitter_image":"https:\/\/www.immobilienbusiness.ch\/wp-content\/uploads\/2020\/01\/IMG_0789.jpg","schema":{"@context":"https:\/\/schema.org","@graph":[{"@type":"Article","@id":"https:\/\/www.immobilienbusiness.ch\/unternehmen\/2020-01-09\/sps-neue-ceo-fuer-jelmoli\/#article","isPartOf":{"@id":"https:\/\/www.immobilienbusiness.ch\/unternehmen\/2020-01-09\/sps-neue-ceo-fuer-jelmoli\/"},"author":{"name":"anja.hall","@id":"https:\/\/www.immobilienbusiness.ch\/#\/schema\/person\/3fc036297b10b9f42d6db5ee932af8c8"},"headline":"SPS: Neue CEO f\u00fcr Jelmoli","datePublished":"2020-01-09T07:21:57+00:00","dateModified":"2023-08-10T11:24:20+00:00","mainEntityOfPage":{"@id":"https:\/\/www.immobilienbusiness.ch\/unternehmen\/2020-01-09\/sps-neue-ceo-fuer-jelmoli\/"},"wordCount":83,"publisher":{"@id":"https:\/\/www.immobilienbusiness.ch\/#organization"},"image":{"@id":"https:\/\/www.immobilienbusiness.ch\/unternehmen\/2020-01-09\/sps-neue-ceo-fuer-jelmoli\/#primaryimage"},"thumbnailUrl":"https:\/\/www.immobilienbusiness.ch\/wp-content\/uploads\/2020\/01\/IMG_0789.jpg","keywords":["Jelmoli","Personalia","Retail","Swiss Prime Site"],"articleSection":["UNTERNEHMEN"],"inLanguage":"de"},{"@type":"WebPage","@id":"https:\/\/www.immobilienbusiness.ch\/unternehmen\/2020-01-09\/sps-neue-ceo-fuer-jelmoli\/","url":"https:\/\/www.immobilienbusiness.ch\/unternehmen\/2020-01-09\/sps-neue-ceo-fuer-jelmoli\/","name":"SPS: Neue CEO f\u00fcr Jelmoli - IMMOBILIEN Business","isPartOf":{"@id":"https:\/\/www.immobilienbusiness.ch\/#website"},"primaryImageOfPage":{"@id":"https:\/\/www.immobilienbusiness.ch\/unternehmen\/2020-01-09\/sps-neue-ceo-fuer-jelmoli\/#primaryimage"},"image":{"@id":"https:\/\/www.immobilienbusiness.ch\/unternehmen\/2020-01-09\/sps-neue-ceo-fuer-jelmoli\/#primaryimage"},"thumbnailUrl":"https:\/\/www.immobilienbusiness.ch\/wp-content\/uploads\/2020\/01\/IMG_0789.jpg","datePublished":"2020-01-09T07:21:57+00:00","dateModified":"2023-08-10T11:24:20+00:00","description":"Nina M\u00fcller wird zum Fr\u00fchjahr die Position der CEO bei Jelmoli \u00fcbernehmen und auch in die Gruppenleitung der Swiss Prime Site einziehen.","breadcrumb":{"@id":"https:\/\/www.immobilienbusiness.ch\/unternehmen\/2020-01-09\/sps-neue-ceo-fuer-jelmoli\/#breadcrumb"},"inLanguage":"de","potentialAction":[{"@type":"ReadAction","target":["https:\/\/www.immobilienbusiness.ch\/unternehmen\/2020-01-09\/sps-neue-ceo-fuer-jelmoli\/"]}]},{"@type":"ImageObject","inLanguage":"de","@id":"https:\/\/www.immobilienbusiness.ch\/unternehmen\/2020-01-09\/sps-neue-ceo-fuer-jelmoli\/#primaryimage","url":"https:\/\/www.immobilienbusiness.ch\/wp-content\/uploads\/2020\/01\/IMG_0789.jpg","contentUrl":"https:\/\/www.immobilienbusiness.ch\/wp-content\/uploads\/2020\/01\/IMG_0789.jpg","width":2560,"height":1707,"caption":"Nina M\u00fcller (Bild: Swiss Prime Site)"},{"@type":"BreadcrumbList","@id":"https:\/\/www.immobilienbusiness.ch\/unternehmen\/2020-01-09\/sps-neue-ceo-fuer-jelmoli\/#breadcrumb","itemListElement":[{"@type":"ListItem","position":1,"name":"Home","item":"https:\/\/www.immobilienbusiness.ch\/"},{"@type":"ListItem","position":2,"name":"SPS: Neue CEO f\u00fcr Jelmoli"}]},{"@type":"WebSite","@id":"https:\/\/www.immobilienbusiness.ch\/#website","url":"https:\/\/www.immobilienbusiness.ch\/","name":"IMMOBILIEN Business","description":"Unabh\u00e4ngiges Schweizer Wirtschaftsmagazin mit Fokus auf Immobilien, Architektur- und Bau sowie Investment- und Finanzierung.","publisher":{"@id":"https:\/\/www.immobilienbusiness.ch\/#organization"},"potentialAction":[{"@type":"SearchAction","target":{"@type":"EntryPoint","urlTemplate":"https:\/\/www.immobilienbusiness.ch\/?s={search_term_string}"},"query-input":{"@type":"PropertyValueSpecification","valueRequired":true,"valueName":"search_term_string"}}],"inLanguage":"de"},{"@type":"Organization","@id":"https:\/\/www.immobilienbusiness.ch\/#organization","name":"IMMOBILIEN Business","url":"https:\/\/www.immobilienbusiness.ch\/","logo":{"@type":"ImageObject","inLanguage":"de","@id":"https:\/\/www.immobilienbusiness.ch\/#\/schema\/logo\/image\/","url":"https:\/\/www.immobilienbusiness.ch\/wp-content\/uploads\/2021\/07\/logo_ib.png","contentUrl":"https:\/\/www.immobilienbusiness.ch\/wp-content\/uploads\/2021\/07\/logo_ib.png","width":800,"height":181,"caption":"IMMOBILIEN Business"},"image":{"@id":"https:\/\/www.immobilienbusiness.ch\/#\/schema\/logo\/image\/"},"sameAs":["https:\/\/www.facebook.com\/immobilienbusiness\/"]},{"@type":"Person","@id":"https:\/\/www.immobilienbusiness.ch\/#\/schema\/person\/3fc036297b10b9f42d6db5ee932af8c8","name":"anja.hall","image":{"@type":"ImageObject","inLanguage":"de","@id":"https:\/\/secure.gravatar.com\/avatar\/066b5a0d447013502c71a5782f4f3469f03cfe595cc2329fb94652fe47511bfb?s=96&d=mm&r=g","url":"https:\/\/secure.gravatar.com\/avatar\/066b5a0d447013502c71a5782f4f3469f03cfe595cc2329fb94652fe47511bfb?s=96&d=mm&r=g","contentUrl":"https:\/\/secure.gravatar.com\/avatar\/066b5a0d447013502c71a5782f4f3469f03cfe595cc2329fb94652fe47511bfb?s=96&d=mm&r=g","caption":"anja.hall"},"url":"https:\/\/www.immobilienbusiness.ch\/de\/author\/anja-hall\/"}]}},"_links":{"self":[{"href":"https:\/\/www.immobilienbusiness.ch\/de\/wp-json\/wp\/v2\/posts\/19814","targetHints":{"allow":["GET"]}}],"collection":[{"href":"https:\/\/www.immobilienbusiness.ch\/de\/wp-json\/wp\/v2\/posts"}],"about":[{"href":"https:\/\/www.immobilienbusiness.ch\/de\/wp-json\/wp\/v2\/types\/post"}],"author":[{"embeddable":true,"href":"https:\/\/www.immobilienbusiness.ch\/de\/wp-json\/wp\/v2\/users\/3"}],"replies":[{"embeddable":true,"href":"https:\/\/www.immobilienbusiness.ch\/de\/wp-json\/wp\/v2\/comments?post=19814"}],"version-history":[{"count":1,"href":"https:\/\/www.immobilienbusiness.ch\/de\/wp-json\/wp\/v2\/posts\/19814\/revisions"}],"predecessor-version":[{"id":51938,"href":"https:\/\/www.immobilienbusiness.ch\/de\/wp-json\/wp\/v2\/posts\/19814\/revisions\/51938"}],"wp:featuredmedia":[{"embeddable":true,"href":"https:\/\/www.immobilienbusiness.ch\/de\/wp-json\/wp\/v2\/media\/19821"}],"wp:attachment":[{"href":"https:\/\/www.immobilienbusiness.ch\/de\/wp-json\/wp\/v2\/media?parent=19814"}],"wp:term":[{"taxonomy":"category","embeddable":true,"href":"https:\/\/www.immobilienbusiness.ch\/de\/wp-json\/wp\/v2\/categories?post=19814"},{"taxonomy":"post_tag","embeddable":true,"href":"https:\/\/www.immobilienbusiness.ch\/de\/wp-json\/wp\/v2\/tags?post=19814"}],"curies":[{"name":"wp","href":"https:\/\/api.w.org\/{rel}","templated":true}]}}