{"id":19369,"date":"2019-11-26T08:32:07","date_gmt":"2019-11-26T07:32:07","guid":{"rendered":"https:\/\/www.immobilienbusiness.ch\/?p=19369"},"modified":"2019-11-26T08:32:07","modified_gmt":"2019-11-26T07:32:07","slug":"zuerich-ubs-gibt-zwei-standorte-auf","status":"publish","type":"post","link":"https:\/\/www.immobilienbusiness.ch\/de\/regionen\/2019-11-26\/zuerich-ubs-gibt-zwei-standorte-auf\/","title":{"rendered":"Z\u00fcrich: UBS gibt zwei Standorte auf"},"content":{"rendered":"<figure id=\"attachment_19384\" aria-describedby=\"caption-attachment-19384\" style=\"width: 680px\" class=\"wp-caption alignnone\"><img loading=\"lazy\" decoding=\"async\" class=\"size-medium wp-image-19384\" src=\"https:\/\/www.immobilienbusiness.ch\/wp-content\/uploads\/2019\/11\/Z\u00fcrich_-_Schanzengraben_IMG_0703.jpg\" alt=\"\" width=\"680\" height=\"453\" \/><figcaption id=\"caption-attachment-19384\" class=\"wp-caption-text\">Das Hochhaus zur Schanze (Bild: Roland zh , CC BY-SA 3.0, Wikimedia Commons)<\/figcaption><\/figure>\n<p><a href=\"https:\/\/www.nzz.ch\/wirtschaft\/zusammenruecken-bei-der-ubs-ld.1521772\">Wie die <em>Neue Z\u00fcrcher Zeitung (NZZ)<\/em> meldet<\/a>, wird UBS aus dem Hochhaus zur Schanze ausziehen und auch das B\u00fcrohaus Felsenhof aufgeben. Rund 650 Mitarbeitende m\u00fcssen demnach z\u00fcgeln. Der Grossteil der Angestellten werde k\u00fcnftig entweder an der Bahnhofstrasse am Konzernhauptsitz, an der Europa-Allee, in Altstetten oder in Opfikon arbeiten. Eigent\u00fcmer des Hochhauses zur Schanze ist dem Bericht zufolge die Swiss Life.<\/p>\n<p>Hintergrund der Umz\u00fcge ist laut <em>NZZ<\/em> die Standortstrategie der UBS, die die Grossbank vor rund zehn Jahren angestossen hat. Ziel sei es, die Angestellten in weniger Geb\u00e4uden zu konzentrieren. Dies betreffe nicht nur Z\u00fcrich, sondern auch die Pr\u00e4senzen der UBS in London und Singapur.<\/p>\n<p>Vor zehn Jahren habe die UBS in Z\u00fcrich noch \u00fcber 50 Geb\u00e4ude belegt, mit den j\u00fcngsten Umz\u00fcgen werde deren Zahl auf rund 20 sinken, so die <em>NZZ<\/em>. Auch bei der Credit Suisse sei die Zahl der Standorte innerhalb von zehn Jahren deutlich gesunken: von 60 auf 15.<\/p>\n<p>Mit der Standortkonzentration gingen wohl auch erhebliche Einsparungen einher, so die <em>NZZ <\/em>weiter. Wie viel die UBS in Z\u00fcrich dadurch spart, lege die Bank zwar nicht offen. Aber die Zeitung verweist darauf, dass die UBS im Jahr 2012 in der Erfolgsrechnung einen Raumaufwand von knapp 1,1 Milliarden CHF ausgewiesen hat. 2018 habe dieser Wert bei 914 Millionen US-Dollar gelegen. Die UBS profitiere jedoch nicht nur von geringeren Mietausgaben, sondern auch davon, dass neue Geb\u00e4ude im Unterhalt allgemein g\u00fcnstiger seien als alte Bauten. <em>(ah)<\/em><\/p>\n","protected":false},"excerpt":{"rendered":"<p>Laut einem Bericht der \u00abNZZ\u00bb gibt die UBS in der Z\u00fcrcher Innenstadt zwei Standorte auf: Das Hochhaus zur Schanze und das B\u00fcrohaus Felsenhof.<\/p>\n","protected":false},"author":3,"featured_media":19384,"comment_status":"closed","ping_status":"open","sticky":false,"template":"","format":"standard","meta":{"_acf_changed":false,"_yoast_wpseo_focuskw":"UBS","_yoast_wpseo_title":"","_yoast_wpseo_metadesc":"Laut einem Bericht der \u00abNZZ\u00bb gibt die UBS in der Z\u00fcrcher Innenstadt zwei Standorte auf: Das Hochhaus zur Schanze und das B\u00fcrohaus Felsenhof.","_yoast_wpseo_linkdex":59,"pgc_sgb_lightbox_settings":"","footnotes":""},"categories":[985],"tags":[1119,1796,1827,1888],"class_list":["post-19369","post","type-post","status-publish","format-standard","has-post-thumbnail","hentry","category-regionen","tag-bueroimmobilien","tag-ubs","tag-verfuegbare-flaechen","tag-zuerich"],"acf":[],"yoast_head":"<!-- This site is optimized with the Yoast SEO plugin v27.4 - https:\/\/yoast.com\/product\/yoast-seo-wordpress\/ -->\n<title>Z\u00fcrich: UBS gibt zwei Standorte auf - IMMOBILIEN Business<\/title>\n<meta name=\"description\" content=\"Laut einem Bericht der \u00abNZZ\u00bb gibt die UBS in der Z\u00fcrcher Innenstadt zwei Standorte auf: Das Hochhaus zur Schanze und das B\u00fcrohaus Felsenhof.\" \/>\n<meta name=\"robots\" content=\"index, follow, max-snippet:-1, max-image-preview:large, max-video-preview:-1\" \/>\n<link rel=\"canonical\" href=\"https:\/\/www.immobilienbusiness.ch\/de\/regionen\/2019-11-26\/zuerich-ubs-gibt-zwei-standorte-auf\/\" \/>\n<meta property=\"og:locale\" content=\"de_DE\" \/>\n<meta property=\"og:type\" content=\"article\" \/>\n<meta property=\"og:title\" content=\"Z\u00fcrich: UBS gibt zwei Standorte auf - IMMOBILIEN Business\" \/>\n<meta property=\"og:description\" content=\"Laut einem Bericht der \u00abNZZ\u00bb gibt die UBS in der Z\u00fcrcher Innenstadt zwei Standorte auf: Das Hochhaus zur Schanze und das B\u00fcrohaus Felsenhof.\" \/>\n<meta property=\"og:url\" content=\"https:\/\/www.immobilienbusiness.ch\/de\/regionen\/2019-11-26\/zuerich-ubs-gibt-zwei-standorte-auf\/\" \/>\n<meta property=\"og:site_name\" content=\"IMMOBILIEN Business\" \/>\n<meta property=\"article:publisher\" content=\"https:\/\/www.facebook.com\/immobilienbusiness\/\" \/>\n<meta property=\"article:published_time\" content=\"2019-11-26T07:32:07+00:00\" \/>\n<meta property=\"og:image\" content=\"https:\/\/www.immobilienbusiness.ch\/wp-content\/uploads\/2019\/11\/Zuerich_-_Schanzengraben_IMG_0703.jpg\" \/>\n\t<meta property=\"og:image:width\" content=\"2560\" \/>\n\t<meta property=\"og:image:height\" content=\"1707\" \/>\n\t<meta property=\"og:image:type\" content=\"image\/jpeg\" \/>\n<meta name=\"author\" content=\"anja.hall\" \/>\n<meta name=\"twitter:card\" content=\"summary_large_image\" \/>\n<meta name=\"twitter:image\" content=\"https:\/\/www.immobilienbusiness.ch\/wp-content\/uploads\/2019\/11\/Zuerich_-_Schanzengraben_IMG_0703.jpg\" \/>\n<script type=\"application\/ld+json\" class=\"yoast-schema-graph\">{\"@context\":\"https:\\\/\\\/schema.org\",\"@graph\":[{\"@type\":\"Article\",\"@id\":\"https:\\\/\\\/www.immobilienbusiness.ch\\\/en\\\/regionen\\\/2019-11-26\\\/zuerich-ubs-gibt-zwei-standorte-auf\\\/#article\",\"isPartOf\":{\"@id\":\"https:\\\/\\\/www.immobilienbusiness.ch\\\/en\\\/regionen\\\/2019-11-26\\\/zuerich-ubs-gibt-zwei-standorte-auf\\\/\"},\"author\":{\"name\":\"anja.hall\",\"@id\":\"https:\\\/\\\/www.immobilienbusiness.ch\\\/#\\\/schema\\\/person\\\/3fc036297b10b9f42d6db5ee932af8c8\"},\"headline\":\"Z\u00fcrich: UBS gibt zwei Standorte auf\",\"datePublished\":\"2019-11-26T07:32:07+00:00\",\"mainEntityOfPage\":{\"@id\":\"https:\\\/\\\/www.immobilienbusiness.ch\\\/en\\\/regionen\\\/2019-11-26\\\/zuerich-ubs-gibt-zwei-standorte-auf\\\/\"},\"wordCount\":267,\"publisher\":{\"@id\":\"https:\\\/\\\/www.immobilienbusiness.ch\\\/#organization\"},\"image\":{\"@id\":\"https:\\\/\\\/www.immobilienbusiness.ch\\\/en\\\/regionen\\\/2019-11-26\\\/zuerich-ubs-gibt-zwei-standorte-auf\\\/#primaryimage\"},\"thumbnailUrl\":\"https:\\\/\\\/www.immobilienbusiness.ch\\\/wp-content\\\/uploads\\\/2019\\\/11\\\/Zuerich_-_Schanzengraben_IMG_0703.jpg\",\"keywords\":[\"B\u00fcroimmobilien\",\"UBS\",\"Verf\u00fcgbare Fl\u00e4chen\",\"Z\u00fcrich\"],\"articleSection\":[\"REGIONEN\"],\"inLanguage\":\"de\"},{\"@type\":\"WebPage\",\"@id\":\"https:\\\/\\\/www.immobilienbusiness.ch\\\/en\\\/regionen\\\/2019-11-26\\\/zuerich-ubs-gibt-zwei-standorte-auf\\\/\",\"url\":\"https:\\\/\\\/www.immobilienbusiness.ch\\\/en\\\/regionen\\\/2019-11-26\\\/zuerich-ubs-gibt-zwei-standorte-auf\\\/\",\"name\":\"Z\u00fcrich: UBS gibt zwei Standorte auf - IMMOBILIEN Business\",\"isPartOf\":{\"@id\":\"https:\\\/\\\/www.immobilienbusiness.ch\\\/#website\"},\"primaryImageOfPage\":{\"@id\":\"https:\\\/\\\/www.immobilienbusiness.ch\\\/en\\\/regionen\\\/2019-11-26\\\/zuerich-ubs-gibt-zwei-standorte-auf\\\/#primaryimage\"},\"image\":{\"@id\":\"https:\\\/\\\/www.immobilienbusiness.ch\\\/en\\\/regionen\\\/2019-11-26\\\/zuerich-ubs-gibt-zwei-standorte-auf\\\/#primaryimage\"},\"thumbnailUrl\":\"https:\\\/\\\/www.immobilienbusiness.ch\\\/wp-content\\\/uploads\\\/2019\\\/11\\\/Zuerich_-_Schanzengraben_IMG_0703.jpg\",\"datePublished\":\"2019-11-26T07:32:07+00:00\",\"description\":\"Laut einem Bericht der \u00abNZZ\u00bb gibt die UBS in der Z\u00fcrcher Innenstadt zwei Standorte auf: Das Hochhaus zur Schanze und das B\u00fcrohaus Felsenhof.\",\"breadcrumb\":{\"@id\":\"https:\\\/\\\/www.immobilienbusiness.ch\\\/en\\\/regionen\\\/2019-11-26\\\/zuerich-ubs-gibt-zwei-standorte-auf\\\/#breadcrumb\"},\"inLanguage\":\"de\",\"potentialAction\":[{\"@type\":\"ReadAction\",\"target\":[\"https:\\\/\\\/www.immobilienbusiness.ch\\\/en\\\/regionen\\\/2019-11-26\\\/zuerich-ubs-gibt-zwei-standorte-auf\\\/\"]}]},{\"@type\":\"ImageObject\",\"inLanguage\":\"de\",\"@id\":\"https:\\\/\\\/www.immobilienbusiness.ch\\\/en\\\/regionen\\\/2019-11-26\\\/zuerich-ubs-gibt-zwei-standorte-auf\\\/#primaryimage\",\"url\":\"https:\\\/\\\/www.immobilienbusiness.ch\\\/wp-content\\\/uploads\\\/2019\\\/11\\\/Zuerich_-_Schanzengraben_IMG_0703.jpg\",\"contentUrl\":\"https:\\\/\\\/www.immobilienbusiness.ch\\\/wp-content\\\/uploads\\\/2019\\\/11\\\/Zuerich_-_Schanzengraben_IMG_0703.jpg\",\"width\":2560,\"height\":1707,\"caption\":\"Das Hochhaus zur Schanze (Bild: Roland zh , CC BY-SA 3.0, Wikimedia Commons)\"},{\"@type\":\"BreadcrumbList\",\"@id\":\"https:\\\/\\\/www.immobilienbusiness.ch\\\/en\\\/regionen\\\/2019-11-26\\\/zuerich-ubs-gibt-zwei-standorte-auf\\\/#breadcrumb\",\"itemListElement\":[{\"@type\":\"ListItem\",\"position\":1,\"name\":\"Home\",\"item\":\"https:\\\/\\\/www.immobilienbusiness.ch\\\/\"},{\"@type\":\"ListItem\",\"position\":2,\"name\":\"Z\u00fcrich: UBS gibt zwei Standorte auf\"}]},{\"@type\":\"WebSite\",\"@id\":\"https:\\\/\\\/www.immobilienbusiness.ch\\\/#website\",\"url\":\"https:\\\/\\\/www.immobilienbusiness.ch\\\/\",\"name\":\"IMMOBILIEN Business\",\"description\":\"Unabh\u00e4ngiges Schweizer Wirtschaftsmagazin mit Fokus auf Immobilien, Architektur- und Bau sowie Investment- und Finanzierung.\",\"publisher\":{\"@id\":\"https:\\\/\\\/www.immobilienbusiness.ch\\\/#organization\"},\"potentialAction\":[{\"@type\":\"SearchAction\",\"target\":{\"@type\":\"EntryPoint\",\"urlTemplate\":\"https:\\\/\\\/www.immobilienbusiness.ch\\\/?s={search_term_string}\"},\"query-input\":{\"@type\":\"PropertyValueSpecification\",\"valueRequired\":true,\"valueName\":\"search_term_string\"}}],\"inLanguage\":\"de\"},{\"@type\":\"Organization\",\"@id\":\"https:\\\/\\\/www.immobilienbusiness.ch\\\/#organization\",\"name\":\"IMMOBILIEN Business\",\"url\":\"https:\\\/\\\/www.immobilienbusiness.ch\\\/\",\"logo\":{\"@type\":\"ImageObject\",\"inLanguage\":\"de\",\"@id\":\"https:\\\/\\\/www.immobilienbusiness.ch\\\/#\\\/schema\\\/logo\\\/image\\\/\",\"url\":\"https:\\\/\\\/www.immobilienbusiness.ch\\\/wp-content\\\/uploads\\\/2021\\\/07\\\/logo_ib.png\",\"contentUrl\":\"https:\\\/\\\/www.immobilienbusiness.ch\\\/wp-content\\\/uploads\\\/2021\\\/07\\\/logo_ib.png\",\"width\":800,\"height\":181,\"caption\":\"IMMOBILIEN Business\"},\"image\":{\"@id\":\"https:\\\/\\\/www.immobilienbusiness.ch\\\/#\\\/schema\\\/logo\\\/image\\\/\"},\"sameAs\":[\"https:\\\/\\\/www.facebook.com\\\/immobilienbusiness\\\/\"]},{\"@type\":\"Person\",\"@id\":\"https:\\\/\\\/www.immobilienbusiness.ch\\\/#\\\/schema\\\/person\\\/3fc036297b10b9f42d6db5ee932af8c8\",\"name\":\"anja.hall\",\"image\":{\"@type\":\"ImageObject\",\"inLanguage\":\"de\",\"@id\":\"https:\\\/\\\/secure.gravatar.com\\\/avatar\\\/066b5a0d447013502c71a5782f4f3469f03cfe595cc2329fb94652fe47511bfb?s=96&d=mm&r=g\",\"url\":\"https:\\\/\\\/secure.gravatar.com\\\/avatar\\\/066b5a0d447013502c71a5782f4f3469f03cfe595cc2329fb94652fe47511bfb?s=96&d=mm&r=g\",\"contentUrl\":\"https:\\\/\\\/secure.gravatar.com\\\/avatar\\\/066b5a0d447013502c71a5782f4f3469f03cfe595cc2329fb94652fe47511bfb?s=96&d=mm&r=g\",\"caption\":\"anja.hall\"},\"url\":\"https:\\\/\\\/www.immobilienbusiness.ch\\\/de\\\/author\\\/anja-hall\\\/\"}]}<\/script>\n<!-- \/ Yoast SEO plugin. -->","yoast_head_json":{"title":"Z\u00fcrich: UBS gibt zwei Standorte auf - IMMOBILIEN Business","description":"Laut einem Bericht der \u00abNZZ\u00bb gibt die UBS in der Z\u00fcrcher Innenstadt zwei Standorte auf: Das Hochhaus zur Schanze und das B\u00fcrohaus Felsenhof.","robots":{"index":"index","follow":"follow","max-snippet":"max-snippet:-1","max-image-preview":"max-image-preview:large","max-video-preview":"max-video-preview:-1"},"canonical":"https:\/\/www.immobilienbusiness.ch\/de\/regionen\/2019-11-26\/zuerich-ubs-gibt-zwei-standorte-auf\/","og_locale":"de_DE","og_type":"article","og_title":"Z\u00fcrich: UBS gibt zwei Standorte auf - IMMOBILIEN Business","og_description":"Laut einem Bericht der \u00abNZZ\u00bb gibt die UBS in der Z\u00fcrcher Innenstadt zwei Standorte auf: Das Hochhaus zur Schanze und das B\u00fcrohaus Felsenhof.","og_url":"https:\/\/www.immobilienbusiness.ch\/de\/regionen\/2019-11-26\/zuerich-ubs-gibt-zwei-standorte-auf\/","og_site_name":"IMMOBILIEN Business","article_publisher":"https:\/\/www.facebook.com\/immobilienbusiness\/","article_published_time":"2019-11-26T07:32:07+00:00","og_image":[{"width":2560,"height":1707,"url":"https:\/\/www.immobilienbusiness.ch\/wp-content\/uploads\/2019\/11\/Zuerich_-_Schanzengraben_IMG_0703.jpg","type":"image\/jpeg"}],"author":"anja.hall","twitter_card":"summary_large_image","twitter_image":"https:\/\/www.immobilienbusiness.ch\/wp-content\/uploads\/2019\/11\/Zuerich_-_Schanzengraben_IMG_0703.jpg","schema":{"@context":"https:\/\/schema.org","@graph":[{"@type":"Article","@id":"https:\/\/www.immobilienbusiness.ch\/en\/regionen\/2019-11-26\/zuerich-ubs-gibt-zwei-standorte-auf\/#article","isPartOf":{"@id":"https:\/\/www.immobilienbusiness.ch\/en\/regionen\/2019-11-26\/zuerich-ubs-gibt-zwei-standorte-auf\/"},"author":{"name":"anja.hall","@id":"https:\/\/www.immobilienbusiness.ch\/#\/schema\/person\/3fc036297b10b9f42d6db5ee932af8c8"},"headline":"Z\u00fcrich: UBS gibt zwei Standorte auf","datePublished":"2019-11-26T07:32:07+00:00","mainEntityOfPage":{"@id":"https:\/\/www.immobilienbusiness.ch\/en\/regionen\/2019-11-26\/zuerich-ubs-gibt-zwei-standorte-auf\/"},"wordCount":267,"publisher":{"@id":"https:\/\/www.immobilienbusiness.ch\/#organization"},"image":{"@id":"https:\/\/www.immobilienbusiness.ch\/en\/regionen\/2019-11-26\/zuerich-ubs-gibt-zwei-standorte-auf\/#primaryimage"},"thumbnailUrl":"https:\/\/www.immobilienbusiness.ch\/wp-content\/uploads\/2019\/11\/Zuerich_-_Schanzengraben_IMG_0703.jpg","keywords":["B\u00fcroimmobilien","UBS","Verf\u00fcgbare Fl\u00e4chen","Z\u00fcrich"],"articleSection":["REGIONEN"],"inLanguage":"de"},{"@type":"WebPage","@id":"https:\/\/www.immobilienbusiness.ch\/en\/regionen\/2019-11-26\/zuerich-ubs-gibt-zwei-standorte-auf\/","url":"https:\/\/www.immobilienbusiness.ch\/en\/regionen\/2019-11-26\/zuerich-ubs-gibt-zwei-standorte-auf\/","name":"Z\u00fcrich: UBS gibt zwei Standorte auf - IMMOBILIEN Business","isPartOf":{"@id":"https:\/\/www.immobilienbusiness.ch\/#website"},"primaryImageOfPage":{"@id":"https:\/\/www.immobilienbusiness.ch\/en\/regionen\/2019-11-26\/zuerich-ubs-gibt-zwei-standorte-auf\/#primaryimage"},"image":{"@id":"https:\/\/www.immobilienbusiness.ch\/en\/regionen\/2019-11-26\/zuerich-ubs-gibt-zwei-standorte-auf\/#primaryimage"},"thumbnailUrl":"https:\/\/www.immobilienbusiness.ch\/wp-content\/uploads\/2019\/11\/Zuerich_-_Schanzengraben_IMG_0703.jpg","datePublished":"2019-11-26T07:32:07+00:00","description":"Laut einem Bericht der \u00abNZZ\u00bb gibt die UBS in der Z\u00fcrcher Innenstadt zwei Standorte auf: Das Hochhaus zur Schanze und das B\u00fcrohaus Felsenhof.","breadcrumb":{"@id":"https:\/\/www.immobilienbusiness.ch\/en\/regionen\/2019-11-26\/zuerich-ubs-gibt-zwei-standorte-auf\/#breadcrumb"},"inLanguage":"de","potentialAction":[{"@type":"ReadAction","target":["https:\/\/www.immobilienbusiness.ch\/en\/regionen\/2019-11-26\/zuerich-ubs-gibt-zwei-standorte-auf\/"]}]},{"@type":"ImageObject","inLanguage":"de","@id":"https:\/\/www.immobilienbusiness.ch\/en\/regionen\/2019-11-26\/zuerich-ubs-gibt-zwei-standorte-auf\/#primaryimage","url":"https:\/\/www.immobilienbusiness.ch\/wp-content\/uploads\/2019\/11\/Zuerich_-_Schanzengraben_IMG_0703.jpg","contentUrl":"https:\/\/www.immobilienbusiness.ch\/wp-content\/uploads\/2019\/11\/Zuerich_-_Schanzengraben_IMG_0703.jpg","width":2560,"height":1707,"caption":"Das Hochhaus zur Schanze (Bild: Roland zh , CC BY-SA 3.0, Wikimedia Commons)"},{"@type":"BreadcrumbList","@id":"https:\/\/www.immobilienbusiness.ch\/en\/regionen\/2019-11-26\/zuerich-ubs-gibt-zwei-standorte-auf\/#breadcrumb","itemListElement":[{"@type":"ListItem","position":1,"name":"Home","item":"https:\/\/www.immobilienbusiness.ch\/"},{"@type":"ListItem","position":2,"name":"Z\u00fcrich: UBS gibt zwei Standorte auf"}]},{"@type":"WebSite","@id":"https:\/\/www.immobilienbusiness.ch\/#website","url":"https:\/\/www.immobilienbusiness.ch\/","name":"IMMOBILIEN Business","description":"Unabh\u00e4ngiges Schweizer Wirtschaftsmagazin mit Fokus auf Immobilien, Architektur- und Bau sowie Investment- und Finanzierung.","publisher":{"@id":"https:\/\/www.immobilienbusiness.ch\/#organization"},"potentialAction":[{"@type":"SearchAction","target":{"@type":"EntryPoint","urlTemplate":"https:\/\/www.immobilienbusiness.ch\/?s={search_term_string}"},"query-input":{"@type":"PropertyValueSpecification","valueRequired":true,"valueName":"search_term_string"}}],"inLanguage":"de"},{"@type":"Organization","@id":"https:\/\/www.immobilienbusiness.ch\/#organization","name":"IMMOBILIEN Business","url":"https:\/\/www.immobilienbusiness.ch\/","logo":{"@type":"ImageObject","inLanguage":"de","@id":"https:\/\/www.immobilienbusiness.ch\/#\/schema\/logo\/image\/","url":"https:\/\/www.immobilienbusiness.ch\/wp-content\/uploads\/2021\/07\/logo_ib.png","contentUrl":"https:\/\/www.immobilienbusiness.ch\/wp-content\/uploads\/2021\/07\/logo_ib.png","width":800,"height":181,"caption":"IMMOBILIEN Business"},"image":{"@id":"https:\/\/www.immobilienbusiness.ch\/#\/schema\/logo\/image\/"},"sameAs":["https:\/\/www.facebook.com\/immobilienbusiness\/"]},{"@type":"Person","@id":"https:\/\/www.immobilienbusiness.ch\/#\/schema\/person\/3fc036297b10b9f42d6db5ee932af8c8","name":"anja.hall","image":{"@type":"ImageObject","inLanguage":"de","@id":"https:\/\/secure.gravatar.com\/avatar\/066b5a0d447013502c71a5782f4f3469f03cfe595cc2329fb94652fe47511bfb?s=96&d=mm&r=g","url":"https:\/\/secure.gravatar.com\/avatar\/066b5a0d447013502c71a5782f4f3469f03cfe595cc2329fb94652fe47511bfb?s=96&d=mm&r=g","contentUrl":"https:\/\/secure.gravatar.com\/avatar\/066b5a0d447013502c71a5782f4f3469f03cfe595cc2329fb94652fe47511bfb?s=96&d=mm&r=g","caption":"anja.hall"},"url":"https:\/\/www.immobilienbusiness.ch\/de\/author\/anja-hall\/"}]}},"_links":{"self":[{"href":"https:\/\/www.immobilienbusiness.ch\/de\/wp-json\/wp\/v2\/posts\/19369","targetHints":{"allow":["GET"]}}],"collection":[{"href":"https:\/\/www.immobilienbusiness.ch\/de\/wp-json\/wp\/v2\/posts"}],"about":[{"href":"https:\/\/www.immobilienbusiness.ch\/de\/wp-json\/wp\/v2\/types\/post"}],"author":[{"embeddable":true,"href":"https:\/\/www.immobilienbusiness.ch\/de\/wp-json\/wp\/v2\/users\/3"}],"replies":[{"embeddable":true,"href":"https:\/\/www.immobilienbusiness.ch\/de\/wp-json\/wp\/v2\/comments?post=19369"}],"version-history":[{"count":0,"href":"https:\/\/www.immobilienbusiness.ch\/de\/wp-json\/wp\/v2\/posts\/19369\/revisions"}],"wp:featuredmedia":[{"embeddable":true,"href":"https:\/\/www.immobilienbusiness.ch\/de\/wp-json\/wp\/v2\/media\/19384"}],"wp:attachment":[{"href":"https:\/\/www.immobilienbusiness.ch\/de\/wp-json\/wp\/v2\/media?parent=19369"}],"wp:term":[{"taxonomy":"category","embeddable":true,"href":"https:\/\/www.immobilienbusiness.ch\/de\/wp-json\/wp\/v2\/categories?post=19369"},{"taxonomy":"post_tag","embeddable":true,"href":"https:\/\/www.immobilienbusiness.ch\/de\/wp-json\/wp\/v2\/tags?post=19369"}],"curies":[{"name":"wp","href":"https:\/\/api.w.org\/{rel}","templated":true}]}}