{"id":19330,"date":"2019-11-22T08:33:12","date_gmt":"2019-11-22T07:33:12","guid":{"rendered":"https:\/\/www.immobilienbusiness.ch\/?p=19330"},"modified":"2019-11-22T08:33:12","modified_gmt":"2019-11-22T07:33:12","slug":"crowdlitoken-renato-fassbind-wird-verwaltungsrat","status":"publish","type":"post","link":"https:\/\/www.immobilienbusiness.ch\/de\/unternehmen\/2019-11-22\/crowdlitoken-renato-fassbind-wird-verwaltungsrat\/","title":{"rendered":"Crowdlitoken: Renato Fassbind wird Verwaltungsrat"},"content":{"rendered":"<figure id=\"attachment_19331\" aria-describedby=\"caption-attachment-19331\" style=\"width: 680px\" class=\"wp-caption alignnone\"><img loading=\"lazy\" decoding=\"async\" class=\"size-medium wp-image-19331\" src=\"https:\/\/www.immobilienbusiness.ch\/wp-content\/uploads\/2019\/11\/Renato_Fassbind_2.jpg\" alt=\"\" width=\"680\" height=\"453\" srcset=\"https:\/\/www.immobilienbusiness.ch\/wp-content\/uploads\/2019\/11\/Renato_Fassbind_2.jpg 2560w, https:\/\/www.immobilienbusiness.ch\/wp-content\/uploads\/2019\/11\/Renato_Fassbind_2-300x200.jpg 300w, https:\/\/www.immobilienbusiness.ch\/wp-content\/uploads\/2019\/11\/Renato_Fassbind_2-1024x682.jpg 1024w, https:\/\/www.immobilienbusiness.ch\/wp-content\/uploads\/2019\/11\/Renato_Fassbind_2-768x511.jpg 768w, https:\/\/www.immobilienbusiness.ch\/wp-content\/uploads\/2019\/11\/Renato_Fassbind_2-1536x1022.jpg 1536w, https:\/\/www.immobilienbusiness.ch\/wp-content\/uploads\/2019\/11\/Renato_Fassbind_2-2048x1363.jpg 2048w, https:\/\/www.immobilienbusiness.ch\/wp-content\/uploads\/2019\/11\/Renato_Fassbind_2-16x12.jpg 16w, https:\/\/www.immobilienbusiness.ch\/wp-content\/uploads\/2019\/11\/Renato_Fassbind_2-263x175.jpg 263w, https:\/\/www.immobilienbusiness.ch\/wp-content\/uploads\/2019\/11\/Renato_Fassbind_2-526x350.jpg 526w, https:\/\/www.immobilienbusiness.ch\/wp-content\/uploads\/2019\/11\/Renato_Fassbind_2-1202x800.jpg 1202w, https:\/\/www.immobilienbusiness.ch\/wp-content\/uploads\/2019\/11\/Renato_Fassbind_2-920x612.jpg 920w, https:\/\/www.immobilienbusiness.ch\/wp-content\/uploads\/2019\/11\/Renato_Fassbind_2-1400x932.jpg 1400w\" sizes=\"auto, (max-width: 680px) 100vw, 680px\" \/><figcaption id=\"caption-attachment-19331\" class=\"wp-caption-text\">Renato Fassbind zieht in den VR von Crowdli und Crowdlitoken ein (Bild: Swiss Re)<\/figcaption><\/figure>\n<p>Renato Fassbind ist seit 2010 als unabh\u00e4ngiger Berater t\u00e4tig und sitzt in diversen Verwaltungsr\u00e4ten von Schweizer Firmen, etwa ist er Vizepr\u00e4sident bei Swiss Re in Z\u00fcrich, VR-Mitglied bei Nestl\u00e9 und bei K\u00fchne+Nagel International. Von 2004 bis 2010 war er CFO bei Credit Suisse, zuvor war er CEO der Diethelm Keller Gruppe und CFO bei ABB.<\/p>\n<p>Gleichzeitig mit Fassbind wurde auch Bruno Benaglio in den Verwaltungsrat von Crowdli gew\u00e4hlt. Benaglio sei dem Unternehmen seit seiner Gr\u00fcndung in Jahr 2016 sehr eng verbunden, so Crowdli, und habe als unabh\u00e4ngiger Berater mit seinem Wissen und Netzwerk zum heutigen Stellenwert der Crowdfunding-Plattform beigetragen. Zudem sei er auch ein starker Bef\u00fcrworter der digitalen Weiterentwicklung von Immobilien-Finanzanlagen.<\/p>\n<p>Crowdli vermittelt Miteigentumsanteile an direkt gehaltenen Renditeliegenschaften \u00fcber eine eigene Crowdfunding-Plattform. Die Tochergesellschaft Crowdlitoken will digitale Immobilien-Anleihen begeben. <em>(ah)<\/em><\/p>\n","protected":false},"excerpt":{"rendered":"<p>Renato Fassbind wird Verwaltungsrat beim Fintech-Unternehmen Crowdli aus Frauenfeld sowie dessen Tochtergesellschaft Crowdlitoken.<\/p>\n","protected":false},"author":3,"featured_media":19331,"comment_status":"closed","ping_status":"open","sticky":false,"template":"","format":"standard","meta":{"_acf_changed":false,"_yoast_wpseo_focuskw":"Crowdlitoken","_yoast_wpseo_title":"","_yoast_wpseo_metadesc":"Renato Fassbind wird Verwaltungsrat beim Fintech-Unternehmen Crowdli aus Frauenfeld sowie dessen Tochtergesellschaft Crowdlitoken.","_yoast_wpseo_linkdex":53,"pgc_sgb_lightbox_settings":"","footnotes":""},"categories":[988],"tags":[1563,1807,1834],"class_list":["post-19330","post","type-post","status-publish","format-standard","has-post-thumbnail","hentry","category-unternehmen","tag-personalia","tag-unternehmen","tag-verwaltungsrat"],"acf":[],"yoast_head":"<!-- This site is optimized with the Yoast SEO plugin v27.4 - https:\/\/yoast.com\/product\/yoast-seo-wordpress\/ -->\n<title>Crowdlitoken: Renato Fassbind wird Verwaltungsrat - IMMOBILIEN Business<\/title>\n<meta name=\"description\" content=\"Renato Fassbind wird Verwaltungsrat beim Fintech-Unternehmen Crowdli aus Frauenfeld sowie dessen Tochtergesellschaft Crowdlitoken.\" \/>\n<meta name=\"robots\" content=\"index, follow, max-snippet:-1, max-image-preview:large, max-video-preview:-1\" \/>\n<link rel=\"canonical\" href=\"https:\/\/www.immobilienbusiness.ch\/de\/unternehmen\/2019-11-22\/crowdlitoken-renato-fassbind-wird-verwaltungsrat\/\" \/>\n<meta property=\"og:locale\" content=\"de_DE\" \/>\n<meta property=\"og:type\" content=\"article\" \/>\n<meta property=\"og:title\" content=\"Crowdlitoken: Renato Fassbind wird Verwaltungsrat - IMMOBILIEN Business\" \/>\n<meta property=\"og:description\" content=\"Renato Fassbind wird Verwaltungsrat beim Fintech-Unternehmen Crowdli aus Frauenfeld sowie dessen Tochtergesellschaft Crowdlitoken.\" \/>\n<meta property=\"og:url\" content=\"https:\/\/www.immobilienbusiness.ch\/de\/unternehmen\/2019-11-22\/crowdlitoken-renato-fassbind-wird-verwaltungsrat\/\" \/>\n<meta property=\"og:site_name\" content=\"IMMOBILIEN Business\" \/>\n<meta property=\"article:publisher\" content=\"https:\/\/www.facebook.com\/immobilienbusiness\/\" \/>\n<meta property=\"article:published_time\" content=\"2019-11-22T07:33:12+00:00\" \/>\n<meta property=\"og:image\" content=\"https:\/\/www.immobilienbusiness.ch\/wp-content\/uploads\/2019\/11\/Renato_Fassbind_2.jpg\" \/>\n\t<meta property=\"og:image:width\" content=\"2560\" \/>\n\t<meta property=\"og:image:height\" content=\"1704\" \/>\n\t<meta property=\"og:image:type\" content=\"image\/jpeg\" \/>\n<meta name=\"author\" content=\"anja.hall\" \/>\n<meta name=\"twitter:card\" content=\"summary_large_image\" \/>\n<meta name=\"twitter:image\" content=\"https:\/\/www.immobilienbusiness.ch\/wp-content\/uploads\/2019\/11\/Renato_Fassbind_2.jpg\" \/>\n<script type=\"application\/ld+json\" class=\"yoast-schema-graph\">{\"@context\":\"https:\\\/\\\/schema.org\",\"@graph\":[{\"@type\":\"Article\",\"@id\":\"https:\\\/\\\/www.immobilienbusiness.ch\\\/fr\\\/unternehmen\\\/2019-11-22\\\/crowdlitoken-renato-fassbind-wird-verwaltungsrat\\\/#article\",\"isPartOf\":{\"@id\":\"https:\\\/\\\/www.immobilienbusiness.ch\\\/fr\\\/unternehmen\\\/2019-11-22\\\/crowdlitoken-renato-fassbind-wird-verwaltungsrat\\\/\"},\"author\":{\"name\":\"anja.hall\",\"@id\":\"https:\\\/\\\/www.immobilienbusiness.ch\\\/#\\\/schema\\\/person\\\/3fc036297b10b9f42d6db5ee932af8c8\"},\"headline\":\"Crowdlitoken: Renato Fassbind wird Verwaltungsrat\",\"datePublished\":\"2019-11-22T07:33:12+00:00\",\"mainEntityOfPage\":{\"@id\":\"https:\\\/\\\/www.immobilienbusiness.ch\\\/fr\\\/unternehmen\\\/2019-11-22\\\/crowdlitoken-renato-fassbind-wird-verwaltungsrat\\\/\"},\"wordCount\":163,\"publisher\":{\"@id\":\"https:\\\/\\\/www.immobilienbusiness.ch\\\/#organization\"},\"image\":{\"@id\":\"https:\\\/\\\/www.immobilienbusiness.ch\\\/fr\\\/unternehmen\\\/2019-11-22\\\/crowdlitoken-renato-fassbind-wird-verwaltungsrat\\\/#primaryimage\"},\"thumbnailUrl\":\"https:\\\/\\\/www.immobilienbusiness.ch\\\/wp-content\\\/uploads\\\/2019\\\/11\\\/Renato_Fassbind_2.jpg\",\"keywords\":[\"Personalia\",\"Unternehmen\",\"Verwaltungsrat\"],\"articleSection\":[\"UNTERNEHMEN\"],\"inLanguage\":\"de\"},{\"@type\":\"WebPage\",\"@id\":\"https:\\\/\\\/www.immobilienbusiness.ch\\\/fr\\\/unternehmen\\\/2019-11-22\\\/crowdlitoken-renato-fassbind-wird-verwaltungsrat\\\/\",\"url\":\"https:\\\/\\\/www.immobilienbusiness.ch\\\/fr\\\/unternehmen\\\/2019-11-22\\\/crowdlitoken-renato-fassbind-wird-verwaltungsrat\\\/\",\"name\":\"Crowdlitoken: Renato Fassbind wird Verwaltungsrat - IMMOBILIEN Business\",\"isPartOf\":{\"@id\":\"https:\\\/\\\/www.immobilienbusiness.ch\\\/#website\"},\"primaryImageOfPage\":{\"@id\":\"https:\\\/\\\/www.immobilienbusiness.ch\\\/fr\\\/unternehmen\\\/2019-11-22\\\/crowdlitoken-renato-fassbind-wird-verwaltungsrat\\\/#primaryimage\"},\"image\":{\"@id\":\"https:\\\/\\\/www.immobilienbusiness.ch\\\/fr\\\/unternehmen\\\/2019-11-22\\\/crowdlitoken-renato-fassbind-wird-verwaltungsrat\\\/#primaryimage\"},\"thumbnailUrl\":\"https:\\\/\\\/www.immobilienbusiness.ch\\\/wp-content\\\/uploads\\\/2019\\\/11\\\/Renato_Fassbind_2.jpg\",\"datePublished\":\"2019-11-22T07:33:12+00:00\",\"description\":\"Renato Fassbind wird Verwaltungsrat beim Fintech-Unternehmen Crowdli aus Frauenfeld sowie dessen Tochtergesellschaft Crowdlitoken.\",\"breadcrumb\":{\"@id\":\"https:\\\/\\\/www.immobilienbusiness.ch\\\/fr\\\/unternehmen\\\/2019-11-22\\\/crowdlitoken-renato-fassbind-wird-verwaltungsrat\\\/#breadcrumb\"},\"inLanguage\":\"de\",\"potentialAction\":[{\"@type\":\"ReadAction\",\"target\":[\"https:\\\/\\\/www.immobilienbusiness.ch\\\/fr\\\/unternehmen\\\/2019-11-22\\\/crowdlitoken-renato-fassbind-wird-verwaltungsrat\\\/\"]}]},{\"@type\":\"ImageObject\",\"inLanguage\":\"de\",\"@id\":\"https:\\\/\\\/www.immobilienbusiness.ch\\\/fr\\\/unternehmen\\\/2019-11-22\\\/crowdlitoken-renato-fassbind-wird-verwaltungsrat\\\/#primaryimage\",\"url\":\"https:\\\/\\\/www.immobilienbusiness.ch\\\/wp-content\\\/uploads\\\/2019\\\/11\\\/Renato_Fassbind_2.jpg\",\"contentUrl\":\"https:\\\/\\\/www.immobilienbusiness.ch\\\/wp-content\\\/uploads\\\/2019\\\/11\\\/Renato_Fassbind_2.jpg\",\"width\":2560,\"height\":1704,\"caption\":\"Renato Fassbind (Bild: Swiss Re)\"},{\"@type\":\"BreadcrumbList\",\"@id\":\"https:\\\/\\\/www.immobilienbusiness.ch\\\/fr\\\/unternehmen\\\/2019-11-22\\\/crowdlitoken-renato-fassbind-wird-verwaltungsrat\\\/#breadcrumb\",\"itemListElement\":[{\"@type\":\"ListItem\",\"position\":1,\"name\":\"Home\",\"item\":\"https:\\\/\\\/www.immobilienbusiness.ch\\\/\"},{\"@type\":\"ListItem\",\"position\":2,\"name\":\"Crowdlitoken: Renato Fassbind wird Verwaltungsrat\"}]},{\"@type\":\"WebSite\",\"@id\":\"https:\\\/\\\/www.immobilienbusiness.ch\\\/#website\",\"url\":\"https:\\\/\\\/www.immobilienbusiness.ch\\\/\",\"name\":\"IMMOBILIEN Business\",\"description\":\"Unabh\u00e4ngiges Schweizer Wirtschaftsmagazin mit Fokus auf Immobilien, Architektur- und Bau sowie Investment- und Finanzierung.\",\"publisher\":{\"@id\":\"https:\\\/\\\/www.immobilienbusiness.ch\\\/#organization\"},\"potentialAction\":[{\"@type\":\"SearchAction\",\"target\":{\"@type\":\"EntryPoint\",\"urlTemplate\":\"https:\\\/\\\/www.immobilienbusiness.ch\\\/?s={search_term_string}\"},\"query-input\":{\"@type\":\"PropertyValueSpecification\",\"valueRequired\":true,\"valueName\":\"search_term_string\"}}],\"inLanguage\":\"de\"},{\"@type\":\"Organization\",\"@id\":\"https:\\\/\\\/www.immobilienbusiness.ch\\\/#organization\",\"name\":\"IMMOBILIEN Business\",\"url\":\"https:\\\/\\\/www.immobilienbusiness.ch\\\/\",\"logo\":{\"@type\":\"ImageObject\",\"inLanguage\":\"de\",\"@id\":\"https:\\\/\\\/www.immobilienbusiness.ch\\\/#\\\/schema\\\/logo\\\/image\\\/\",\"url\":\"https:\\\/\\\/www.immobilienbusiness.ch\\\/wp-content\\\/uploads\\\/2021\\\/07\\\/logo_ib.png\",\"contentUrl\":\"https:\\\/\\\/www.immobilienbusiness.ch\\\/wp-content\\\/uploads\\\/2021\\\/07\\\/logo_ib.png\",\"width\":800,\"height\":181,\"caption\":\"IMMOBILIEN Business\"},\"image\":{\"@id\":\"https:\\\/\\\/www.immobilienbusiness.ch\\\/#\\\/schema\\\/logo\\\/image\\\/\"},\"sameAs\":[\"https:\\\/\\\/www.facebook.com\\\/immobilienbusiness\\\/\"]},{\"@type\":\"Person\",\"@id\":\"https:\\\/\\\/www.immobilienbusiness.ch\\\/#\\\/schema\\\/person\\\/3fc036297b10b9f42d6db5ee932af8c8\",\"name\":\"anja.hall\",\"image\":{\"@type\":\"ImageObject\",\"inLanguage\":\"de\",\"@id\":\"https:\\\/\\\/secure.gravatar.com\\\/avatar\\\/066b5a0d447013502c71a5782f4f3469f03cfe595cc2329fb94652fe47511bfb?s=96&d=mm&r=g\",\"url\":\"https:\\\/\\\/secure.gravatar.com\\\/avatar\\\/066b5a0d447013502c71a5782f4f3469f03cfe595cc2329fb94652fe47511bfb?s=96&d=mm&r=g\",\"contentUrl\":\"https:\\\/\\\/secure.gravatar.com\\\/avatar\\\/066b5a0d447013502c71a5782f4f3469f03cfe595cc2329fb94652fe47511bfb?s=96&d=mm&r=g\",\"caption\":\"anja.hall\"},\"url\":\"https:\\\/\\\/www.immobilienbusiness.ch\\\/de\\\/author\\\/anja-hall\\\/\"}]}<\/script>\n<!-- \/ Yoast SEO plugin. -->","yoast_head_json":{"title":"Crowdlitoken: Renato Fassbind wird Verwaltungsrat - IMMOBILIEN Business","description":"Renato Fassbind wird Verwaltungsrat beim Fintech-Unternehmen Crowdli aus Frauenfeld sowie dessen Tochtergesellschaft Crowdlitoken.","robots":{"index":"index","follow":"follow","max-snippet":"max-snippet:-1","max-image-preview":"max-image-preview:large","max-video-preview":"max-video-preview:-1"},"canonical":"https:\/\/www.immobilienbusiness.ch\/de\/unternehmen\/2019-11-22\/crowdlitoken-renato-fassbind-wird-verwaltungsrat\/","og_locale":"de_DE","og_type":"article","og_title":"Crowdlitoken: Renato Fassbind wird Verwaltungsrat - IMMOBILIEN Business","og_description":"Renato Fassbind wird Verwaltungsrat beim Fintech-Unternehmen Crowdli aus Frauenfeld sowie dessen Tochtergesellschaft Crowdlitoken.","og_url":"https:\/\/www.immobilienbusiness.ch\/de\/unternehmen\/2019-11-22\/crowdlitoken-renato-fassbind-wird-verwaltungsrat\/","og_site_name":"IMMOBILIEN Business","article_publisher":"https:\/\/www.facebook.com\/immobilienbusiness\/","article_published_time":"2019-11-22T07:33:12+00:00","og_image":[{"width":2560,"height":1704,"url":"https:\/\/www.immobilienbusiness.ch\/wp-content\/uploads\/2019\/11\/Renato_Fassbind_2.jpg","type":"image\/jpeg"}],"author":"anja.hall","twitter_card":"summary_large_image","twitter_image":"https:\/\/www.immobilienbusiness.ch\/wp-content\/uploads\/2019\/11\/Renato_Fassbind_2.jpg","schema":{"@context":"https:\/\/schema.org","@graph":[{"@type":"Article","@id":"https:\/\/www.immobilienbusiness.ch\/fr\/unternehmen\/2019-11-22\/crowdlitoken-renato-fassbind-wird-verwaltungsrat\/#article","isPartOf":{"@id":"https:\/\/www.immobilienbusiness.ch\/fr\/unternehmen\/2019-11-22\/crowdlitoken-renato-fassbind-wird-verwaltungsrat\/"},"author":{"name":"anja.hall","@id":"https:\/\/www.immobilienbusiness.ch\/#\/schema\/person\/3fc036297b10b9f42d6db5ee932af8c8"},"headline":"Crowdlitoken: Renato Fassbind wird Verwaltungsrat","datePublished":"2019-11-22T07:33:12+00:00","mainEntityOfPage":{"@id":"https:\/\/www.immobilienbusiness.ch\/fr\/unternehmen\/2019-11-22\/crowdlitoken-renato-fassbind-wird-verwaltungsrat\/"},"wordCount":163,"publisher":{"@id":"https:\/\/www.immobilienbusiness.ch\/#organization"},"image":{"@id":"https:\/\/www.immobilienbusiness.ch\/fr\/unternehmen\/2019-11-22\/crowdlitoken-renato-fassbind-wird-verwaltungsrat\/#primaryimage"},"thumbnailUrl":"https:\/\/www.immobilienbusiness.ch\/wp-content\/uploads\/2019\/11\/Renato_Fassbind_2.jpg","keywords":["Personalia","Unternehmen","Verwaltungsrat"],"articleSection":["UNTERNEHMEN"],"inLanguage":"de"},{"@type":"WebPage","@id":"https:\/\/www.immobilienbusiness.ch\/fr\/unternehmen\/2019-11-22\/crowdlitoken-renato-fassbind-wird-verwaltungsrat\/","url":"https:\/\/www.immobilienbusiness.ch\/fr\/unternehmen\/2019-11-22\/crowdlitoken-renato-fassbind-wird-verwaltungsrat\/","name":"Crowdlitoken: Renato Fassbind wird Verwaltungsrat - IMMOBILIEN Business","isPartOf":{"@id":"https:\/\/www.immobilienbusiness.ch\/#website"},"primaryImageOfPage":{"@id":"https:\/\/www.immobilienbusiness.ch\/fr\/unternehmen\/2019-11-22\/crowdlitoken-renato-fassbind-wird-verwaltungsrat\/#primaryimage"},"image":{"@id":"https:\/\/www.immobilienbusiness.ch\/fr\/unternehmen\/2019-11-22\/crowdlitoken-renato-fassbind-wird-verwaltungsrat\/#primaryimage"},"thumbnailUrl":"https:\/\/www.immobilienbusiness.ch\/wp-content\/uploads\/2019\/11\/Renato_Fassbind_2.jpg","datePublished":"2019-11-22T07:33:12+00:00","description":"Renato Fassbind wird Verwaltungsrat beim Fintech-Unternehmen Crowdli aus Frauenfeld sowie dessen Tochtergesellschaft Crowdlitoken.","breadcrumb":{"@id":"https:\/\/www.immobilienbusiness.ch\/fr\/unternehmen\/2019-11-22\/crowdlitoken-renato-fassbind-wird-verwaltungsrat\/#breadcrumb"},"inLanguage":"de","potentialAction":[{"@type":"ReadAction","target":["https:\/\/www.immobilienbusiness.ch\/fr\/unternehmen\/2019-11-22\/crowdlitoken-renato-fassbind-wird-verwaltungsrat\/"]}]},{"@type":"ImageObject","inLanguage":"de","@id":"https:\/\/www.immobilienbusiness.ch\/fr\/unternehmen\/2019-11-22\/crowdlitoken-renato-fassbind-wird-verwaltungsrat\/#primaryimage","url":"https:\/\/www.immobilienbusiness.ch\/wp-content\/uploads\/2019\/11\/Renato_Fassbind_2.jpg","contentUrl":"https:\/\/www.immobilienbusiness.ch\/wp-content\/uploads\/2019\/11\/Renato_Fassbind_2.jpg","width":2560,"height":1704,"caption":"Renato Fassbind (Bild: Swiss Re)"},{"@type":"BreadcrumbList","@id":"https:\/\/www.immobilienbusiness.ch\/fr\/unternehmen\/2019-11-22\/crowdlitoken-renato-fassbind-wird-verwaltungsrat\/#breadcrumb","itemListElement":[{"@type":"ListItem","position":1,"name":"Home","item":"https:\/\/www.immobilienbusiness.ch\/"},{"@type":"ListItem","position":2,"name":"Crowdlitoken: Renato Fassbind wird Verwaltungsrat"}]},{"@type":"WebSite","@id":"https:\/\/www.immobilienbusiness.ch\/#website","url":"https:\/\/www.immobilienbusiness.ch\/","name":"IMMOBILIEN Business","description":"Unabh\u00e4ngiges Schweizer Wirtschaftsmagazin mit Fokus auf Immobilien, Architektur- und Bau sowie Investment- und Finanzierung.","publisher":{"@id":"https:\/\/www.immobilienbusiness.ch\/#organization"},"potentialAction":[{"@type":"SearchAction","target":{"@type":"EntryPoint","urlTemplate":"https:\/\/www.immobilienbusiness.ch\/?s={search_term_string}"},"query-input":{"@type":"PropertyValueSpecification","valueRequired":true,"valueName":"search_term_string"}}],"inLanguage":"de"},{"@type":"Organization","@id":"https:\/\/www.immobilienbusiness.ch\/#organization","name":"IMMOBILIEN Business","url":"https:\/\/www.immobilienbusiness.ch\/","logo":{"@type":"ImageObject","inLanguage":"de","@id":"https:\/\/www.immobilienbusiness.ch\/#\/schema\/logo\/image\/","url":"https:\/\/www.immobilienbusiness.ch\/wp-content\/uploads\/2021\/07\/logo_ib.png","contentUrl":"https:\/\/www.immobilienbusiness.ch\/wp-content\/uploads\/2021\/07\/logo_ib.png","width":800,"height":181,"caption":"IMMOBILIEN Business"},"image":{"@id":"https:\/\/www.immobilienbusiness.ch\/#\/schema\/logo\/image\/"},"sameAs":["https:\/\/www.facebook.com\/immobilienbusiness\/"]},{"@type":"Person","@id":"https:\/\/www.immobilienbusiness.ch\/#\/schema\/person\/3fc036297b10b9f42d6db5ee932af8c8","name":"anja.hall","image":{"@type":"ImageObject","inLanguage":"de","@id":"https:\/\/secure.gravatar.com\/avatar\/066b5a0d447013502c71a5782f4f3469f03cfe595cc2329fb94652fe47511bfb?s=96&d=mm&r=g","url":"https:\/\/secure.gravatar.com\/avatar\/066b5a0d447013502c71a5782f4f3469f03cfe595cc2329fb94652fe47511bfb?s=96&d=mm&r=g","contentUrl":"https:\/\/secure.gravatar.com\/avatar\/066b5a0d447013502c71a5782f4f3469f03cfe595cc2329fb94652fe47511bfb?s=96&d=mm&r=g","caption":"anja.hall"},"url":"https:\/\/www.immobilienbusiness.ch\/de\/author\/anja-hall\/"}]}},"_links":{"self":[{"href":"https:\/\/www.immobilienbusiness.ch\/de\/wp-json\/wp\/v2\/posts\/19330","targetHints":{"allow":["GET"]}}],"collection":[{"href":"https:\/\/www.immobilienbusiness.ch\/de\/wp-json\/wp\/v2\/posts"}],"about":[{"href":"https:\/\/www.immobilienbusiness.ch\/de\/wp-json\/wp\/v2\/types\/post"}],"author":[{"embeddable":true,"href":"https:\/\/www.immobilienbusiness.ch\/de\/wp-json\/wp\/v2\/users\/3"}],"replies":[{"embeddable":true,"href":"https:\/\/www.immobilienbusiness.ch\/de\/wp-json\/wp\/v2\/comments?post=19330"}],"version-history":[{"count":0,"href":"https:\/\/www.immobilienbusiness.ch\/de\/wp-json\/wp\/v2\/posts\/19330\/revisions"}],"wp:featuredmedia":[{"embeddable":true,"href":"https:\/\/www.immobilienbusiness.ch\/de\/wp-json\/wp\/v2\/media\/19331"}],"wp:attachment":[{"href":"https:\/\/www.immobilienbusiness.ch\/de\/wp-json\/wp\/v2\/media?parent=19330"}],"wp:term":[{"taxonomy":"category","embeddable":true,"href":"https:\/\/www.immobilienbusiness.ch\/de\/wp-json\/wp\/v2\/categories?post=19330"},{"taxonomy":"post_tag","embeddable":true,"href":"https:\/\/www.immobilienbusiness.ch\/de\/wp-json\/wp\/v2\/tags?post=19330"}],"curies":[{"name":"wp","href":"https:\/\/api.w.org\/{rel}","templated":true}]}}