{"id":19293,"date":"2019-11-20T08:51:24","date_gmt":"2019-11-20T07:51:24","guid":{"rendered":"https:\/\/www.immobilienbusiness.ch\/?p=19293"},"modified":"2023-08-10T13:29:48","modified_gmt":"2023-08-10T11:29:48","slug":"waedenswil-aupark-nimmt-naechste-huerde","status":"publish","type":"post","link":"https:\/\/www.immobilienbusiness.ch\/de\/regionen\/2019-11-20\/waedenswil-aupark-nimmt-naechste-huerde\/","title":{"rendered":"W\u00e4denswil: AuPark nimmt n\u00e4chste H\u00fcrde"},"content":{"rendered":"<figure id=\"attachment_19294\" aria-describedby=\"caption-attachment-19294\" style=\"width: 300px\" class=\"wp-caption alignnone\"><img loading=\"lazy\" decoding=\"async\" class=\"wp-image-19294 size-medium\" src=\"https:\/\/www.immobilienbusiness.ch\/wp-content\/uploads\/2019\/11\/Visualisierung-AuPark-Promenade-Park-300x200.jpg\" alt=\"AuPark\" width=\"300\" height=\"200\" srcset=\"https:\/\/www.immobilienbusiness.ch\/wp-content\/uploads\/2019\/11\/Visualisierung-AuPark-Promenade-Park-300x200.jpg 300w, https:\/\/www.immobilienbusiness.ch\/wp-content\/uploads\/2019\/11\/Visualisierung-AuPark-Promenade-Park-1024x683.jpg 1024w, https:\/\/www.immobilienbusiness.ch\/wp-content\/uploads\/2019\/11\/Visualisierung-AuPark-Promenade-Park-768x512.jpg 768w, https:\/\/www.immobilienbusiness.ch\/wp-content\/uploads\/2019\/11\/Visualisierung-AuPark-Promenade-Park-1536x1024.jpg 1536w, https:\/\/www.immobilienbusiness.ch\/wp-content\/uploads\/2019\/11\/Visualisierung-AuPark-Promenade-Park-16x12.jpg 16w, https:\/\/www.immobilienbusiness.ch\/wp-content\/uploads\/2019\/11\/Visualisierung-AuPark-Promenade-Park-263x175.jpg 263w, https:\/\/www.immobilienbusiness.ch\/wp-content\/uploads\/2019\/11\/Visualisierung-AuPark-Promenade-Park-525x350.jpg 525w, https:\/\/www.immobilienbusiness.ch\/wp-content\/uploads\/2019\/11\/Visualisierung-AuPark-Promenade-Park-1200x800.jpg 1200w, https:\/\/www.immobilienbusiness.ch\/wp-content\/uploads\/2019\/11\/Visualisierung-AuPark-Promenade-Park-920x613.jpg 920w, https:\/\/www.immobilienbusiness.ch\/wp-content\/uploads\/2019\/11\/Visualisierung-AuPark-Promenade-Park-1400x933.jpg 1400w, https:\/\/www.immobilienbusiness.ch\/wp-content\/uploads\/2019\/11\/Visualisierung-AuPark-Promenade-Park.jpg 1800w\" sizes=\"auto, (max-width: 300px) 100vw, 300px\" \/><figcaption id=\"caption-attachment-19294\" class=\"wp-caption-text\">Visualisierung der \u00dcberbauung AuPark (Bild: Intershop Holding AG)<\/figcaption><\/figure>\n<p>Die \u00dcberbauung AuPark soll auf dem ehemaligen Aucenter-Areal in W\u00e4denswil entstehen. Geplant sind laut Intershop and 200 neue Wohnungen, eine erg\u00e4nzende Quartierversorgung und eine Kantonsschule f\u00fcr das linke Z\u00fcrichseeufer. Im Zentrum der Anlage soll ein \u00f6ffentlicher Park mit Spielplatz angelegt werden.<\/p>\n<p>An der Urnenabstimmung hat das Stimmvolk von W\u00e4denswil den privaten Gestaltungsplan f\u00fcr das Areal gutgeheissen. Dieser und die damit verbundene Teilrevision der Nutzungsplanung muss nun noch die Baudirektion des Kantons Z\u00fcrich pr\u00fcfen und genehmigen. <em>(ah)<\/em><\/p>\n","protected":false},"excerpt":{"rendered":"<p>Das Intershop-Projekt AuPark in W\u00e4denswil ist einen Schritt weiter. Die Bev\u00f6lkerung hat dem privaten Gestaltungsplan f\u00fcr das Areal zugestimmt.<\/p>\n","protected":false},"author":3,"featured_media":19294,"comment_status":"closed","ping_status":"closed","sticky":false,"template":"","format":"standard","meta":{"_acf_changed":false,"_yoast_wpseo_focuskw":"AuPark","_yoast_wpseo_title":"","_yoast_wpseo_metadesc":"Das Intershop-Projekt AuPark in W\u00e4denswil ist einen Schritt weiter. Die Bev\u00f6lkerung hat dem privaten Gestaltungsplan f\u00fcr das Areal zugestimmt.","_yoast_wpseo_linkdex":43,"pgc_sgb_lightbox_settings":"","footnotes":""},"categories":[985],"tags":[1377,1410,1600,1863],"class_list":["post-19293","post","type-post","status-publish","format-standard","has-post-thumbnail","hentry","category-regionen","tag-intershop","tag-kanton-zuerich","tag-projekt-in-planung","tag-wohnimmobilien"],"acf":[],"yoast_head":"<!-- This site is optimized with the Yoast SEO plugin v27.5 - https:\/\/yoast.com\/product\/yoast-seo-wordpress\/ -->\n<title>W\u00e4denswil: AuPark nimmt n\u00e4chste H\u00fcrde - IMMOBILIEN Business<\/title>\n<meta name=\"description\" content=\"Das Intershop-Projekt AuPark in W\u00e4denswil ist einen Schritt weiter. Die Bev\u00f6lkerung hat dem privaten Gestaltungsplan f\u00fcr das Areal zugestimmt.\" \/>\n<meta name=\"robots\" content=\"index, follow, max-snippet:-1, max-image-preview:large, max-video-preview:-1\" \/>\n<link rel=\"canonical\" href=\"https:\/\/www.immobilienbusiness.ch\/de\/regionen\/2019-11-20\/waedenswil-aupark-nimmt-naechste-huerde\/\" \/>\n<meta property=\"og:locale\" content=\"de_DE\" \/>\n<meta property=\"og:type\" content=\"article\" \/>\n<meta property=\"og:title\" content=\"W\u00e4denswil: AuPark nimmt n\u00e4chste H\u00fcrde - IMMOBILIEN Business\" \/>\n<meta property=\"og:description\" content=\"Das Intershop-Projekt AuPark in W\u00e4denswil ist einen Schritt weiter. Die Bev\u00f6lkerung hat dem privaten Gestaltungsplan f\u00fcr das Areal zugestimmt.\" \/>\n<meta property=\"og:url\" content=\"https:\/\/www.immobilienbusiness.ch\/de\/regionen\/2019-11-20\/waedenswil-aupark-nimmt-naechste-huerde\/\" \/>\n<meta property=\"og:site_name\" content=\"IMMOBILIEN Business\" \/>\n<meta property=\"article:publisher\" content=\"https:\/\/www.facebook.com\/immobilienbusiness\/\" \/>\n<meta property=\"article:published_time\" content=\"2019-11-20T07:51:24+00:00\" \/>\n<meta property=\"article:modified_time\" content=\"2023-08-10T11:29:48+00:00\" \/>\n<meta property=\"og:image\" content=\"https:\/\/www.immobilienbusiness.ch\/wp-content\/uploads\/2019\/11\/Visualisierung-AuPark-Promenade-Park.jpg\" \/>\n\t<meta property=\"og:image:width\" content=\"1800\" \/>\n\t<meta property=\"og:image:height\" content=\"1200\" \/>\n\t<meta property=\"og:image:type\" content=\"image\/jpeg\" \/>\n<meta name=\"author\" content=\"anja.hall\" \/>\n<meta name=\"twitter:card\" content=\"summary_large_image\" \/>\n<meta name=\"twitter:image\" content=\"https:\/\/www.immobilienbusiness.ch\/wp-content\/uploads\/2019\/11\/Visualisierung-AuPark-Promenade-Park.jpg\" \/>\n<script type=\"application\/ld+json\" class=\"yoast-schema-graph\">{\"@context\":\"https:\\\/\\\/schema.org\",\"@graph\":[{\"@type\":\"Article\",\"@id\":\"https:\\\/\\\/www.immobilienbusiness.ch\\\/fr\\\/regionen\\\/2019-11-20\\\/waedenswil-aupark-nimmt-naechste-huerde\\\/#article\",\"isPartOf\":{\"@id\":\"https:\\\/\\\/www.immobilienbusiness.ch\\\/fr\\\/regionen\\\/2019-11-20\\\/waedenswil-aupark-nimmt-naechste-huerde\\\/\"},\"author\":{\"name\":\"anja.hall\",\"@id\":\"https:\\\/\\\/www.immobilienbusiness.ch\\\/#\\\/schema\\\/person\\\/3fc036297b10b9f42d6db5ee932af8c8\"},\"headline\":\"W\u00e4denswil: AuPark nimmt n\u00e4chste H\u00fcrde\",\"datePublished\":\"2019-11-20T07:51:24+00:00\",\"dateModified\":\"2023-08-10T11:29:48+00:00\",\"mainEntityOfPage\":{\"@id\":\"https:\\\/\\\/www.immobilienbusiness.ch\\\/fr\\\/regionen\\\/2019-11-20\\\/waedenswil-aupark-nimmt-naechste-huerde\\\/\"},\"wordCount\":106,\"publisher\":{\"@id\":\"https:\\\/\\\/www.immobilienbusiness.ch\\\/#organization\"},\"image\":{\"@id\":\"https:\\\/\\\/www.immobilienbusiness.ch\\\/fr\\\/regionen\\\/2019-11-20\\\/waedenswil-aupark-nimmt-naechste-huerde\\\/#primaryimage\"},\"thumbnailUrl\":\"https:\\\/\\\/www.immobilienbusiness.ch\\\/wp-content\\\/uploads\\\/2019\\\/11\\\/Visualisierung-AuPark-Promenade-Park.jpg\",\"keywords\":[\"Intershop\",\"Kanton Z\u00fcrich\",\"Projekt in Planung\",\"Wohnimmobilien\"],\"articleSection\":[\"REGIONEN\"],\"inLanguage\":\"de\"},{\"@type\":\"WebPage\",\"@id\":\"https:\\\/\\\/www.immobilienbusiness.ch\\\/fr\\\/regionen\\\/2019-11-20\\\/waedenswil-aupark-nimmt-naechste-huerde\\\/\",\"url\":\"https:\\\/\\\/www.immobilienbusiness.ch\\\/fr\\\/regionen\\\/2019-11-20\\\/waedenswil-aupark-nimmt-naechste-huerde\\\/\",\"name\":\"W\u00e4denswil: AuPark nimmt n\u00e4chste H\u00fcrde - IMMOBILIEN Business\",\"isPartOf\":{\"@id\":\"https:\\\/\\\/www.immobilienbusiness.ch\\\/#website\"},\"primaryImageOfPage\":{\"@id\":\"https:\\\/\\\/www.immobilienbusiness.ch\\\/fr\\\/regionen\\\/2019-11-20\\\/waedenswil-aupark-nimmt-naechste-huerde\\\/#primaryimage\"},\"image\":{\"@id\":\"https:\\\/\\\/www.immobilienbusiness.ch\\\/fr\\\/regionen\\\/2019-11-20\\\/waedenswil-aupark-nimmt-naechste-huerde\\\/#primaryimage\"},\"thumbnailUrl\":\"https:\\\/\\\/www.immobilienbusiness.ch\\\/wp-content\\\/uploads\\\/2019\\\/11\\\/Visualisierung-AuPark-Promenade-Park.jpg\",\"datePublished\":\"2019-11-20T07:51:24+00:00\",\"dateModified\":\"2023-08-10T11:29:48+00:00\",\"description\":\"Das Intershop-Projekt AuPark in W\u00e4denswil ist einen Schritt weiter. Die Bev\u00f6lkerung hat dem privaten Gestaltungsplan f\u00fcr das Areal zugestimmt.\",\"breadcrumb\":{\"@id\":\"https:\\\/\\\/www.immobilienbusiness.ch\\\/fr\\\/regionen\\\/2019-11-20\\\/waedenswil-aupark-nimmt-naechste-huerde\\\/#breadcrumb\"},\"inLanguage\":\"de\",\"potentialAction\":[{\"@type\":\"ReadAction\",\"target\":[\"https:\\\/\\\/www.immobilienbusiness.ch\\\/fr\\\/regionen\\\/2019-11-20\\\/waedenswil-aupark-nimmt-naechste-huerde\\\/\"]}]},{\"@type\":\"ImageObject\",\"inLanguage\":\"de\",\"@id\":\"https:\\\/\\\/www.immobilienbusiness.ch\\\/fr\\\/regionen\\\/2019-11-20\\\/waedenswil-aupark-nimmt-naechste-huerde\\\/#primaryimage\",\"url\":\"https:\\\/\\\/www.immobilienbusiness.ch\\\/wp-content\\\/uploads\\\/2019\\\/11\\\/Visualisierung-AuPark-Promenade-Park.jpg\",\"contentUrl\":\"https:\\\/\\\/www.immobilienbusiness.ch\\\/wp-content\\\/uploads\\\/2019\\\/11\\\/Visualisierung-AuPark-Promenade-Park.jpg\",\"width\":1800,\"height\":1200,\"caption\":\"Visualisierung der \u00dcberbauung AuPark (Bild: Intershop Holding AG)\"},{\"@type\":\"BreadcrumbList\",\"@id\":\"https:\\\/\\\/www.immobilienbusiness.ch\\\/fr\\\/regionen\\\/2019-11-20\\\/waedenswil-aupark-nimmt-naechste-huerde\\\/#breadcrumb\",\"itemListElement\":[{\"@type\":\"ListItem\",\"position\":1,\"name\":\"Home\",\"item\":\"https:\\\/\\\/www.immobilienbusiness.ch\\\/\"},{\"@type\":\"ListItem\",\"position\":2,\"name\":\"W\u00e4denswil: AuPark nimmt n\u00e4chste H\u00fcrde\"}]},{\"@type\":\"WebSite\",\"@id\":\"https:\\\/\\\/www.immobilienbusiness.ch\\\/#website\",\"url\":\"https:\\\/\\\/www.immobilienbusiness.ch\\\/\",\"name\":\"IMMOBILIEN Business\",\"description\":\"Unabh\u00e4ngiges Schweizer Wirtschaftsmagazin mit Fokus auf Immobilien, Architektur- und Bau sowie Investment- und Finanzierung.\",\"publisher\":{\"@id\":\"https:\\\/\\\/www.immobilienbusiness.ch\\\/#organization\"},\"potentialAction\":[{\"@type\":\"SearchAction\",\"target\":{\"@type\":\"EntryPoint\",\"urlTemplate\":\"https:\\\/\\\/www.immobilienbusiness.ch\\\/?s={search_term_string}\"},\"query-input\":{\"@type\":\"PropertyValueSpecification\",\"valueRequired\":true,\"valueName\":\"search_term_string\"}}],\"inLanguage\":\"de\"},{\"@type\":\"Organization\",\"@id\":\"https:\\\/\\\/www.immobilienbusiness.ch\\\/#organization\",\"name\":\"IMMOBILIEN Business\",\"url\":\"https:\\\/\\\/www.immobilienbusiness.ch\\\/\",\"logo\":{\"@type\":\"ImageObject\",\"inLanguage\":\"de\",\"@id\":\"https:\\\/\\\/www.immobilienbusiness.ch\\\/#\\\/schema\\\/logo\\\/image\\\/\",\"url\":\"https:\\\/\\\/www.immobilienbusiness.ch\\\/wp-content\\\/uploads\\\/2021\\\/07\\\/logo_ib.png\",\"contentUrl\":\"https:\\\/\\\/www.immobilienbusiness.ch\\\/wp-content\\\/uploads\\\/2021\\\/07\\\/logo_ib.png\",\"width\":800,\"height\":181,\"caption\":\"IMMOBILIEN Business\"},\"image\":{\"@id\":\"https:\\\/\\\/www.immobilienbusiness.ch\\\/#\\\/schema\\\/logo\\\/image\\\/\"},\"sameAs\":[\"https:\\\/\\\/www.facebook.com\\\/immobilienbusiness\\\/\"]},{\"@type\":\"Person\",\"@id\":\"https:\\\/\\\/www.immobilienbusiness.ch\\\/#\\\/schema\\\/person\\\/3fc036297b10b9f42d6db5ee932af8c8\",\"name\":\"anja.hall\",\"image\":{\"@type\":\"ImageObject\",\"inLanguage\":\"de\",\"@id\":\"https:\\\/\\\/secure.gravatar.com\\\/avatar\\\/066b5a0d447013502c71a5782f4f3469f03cfe595cc2329fb94652fe47511bfb?s=96&d=mm&r=g\",\"url\":\"https:\\\/\\\/secure.gravatar.com\\\/avatar\\\/066b5a0d447013502c71a5782f4f3469f03cfe595cc2329fb94652fe47511bfb?s=96&d=mm&r=g\",\"contentUrl\":\"https:\\\/\\\/secure.gravatar.com\\\/avatar\\\/066b5a0d447013502c71a5782f4f3469f03cfe595cc2329fb94652fe47511bfb?s=96&d=mm&r=g\",\"caption\":\"anja.hall\"},\"url\":\"https:\\\/\\\/www.immobilienbusiness.ch\\\/de\\\/author\\\/anja-hall\\\/\"}]}<\/script>\n<!-- \/ Yoast SEO plugin. -->","yoast_head_json":{"title":"W\u00e4denswil: AuPark nimmt n\u00e4chste H\u00fcrde - IMMOBILIEN Business","description":"Das Intershop-Projekt AuPark in W\u00e4denswil ist einen Schritt weiter. Die Bev\u00f6lkerung hat dem privaten Gestaltungsplan f\u00fcr das Areal zugestimmt.","robots":{"index":"index","follow":"follow","max-snippet":"max-snippet:-1","max-image-preview":"max-image-preview:large","max-video-preview":"max-video-preview:-1"},"canonical":"https:\/\/www.immobilienbusiness.ch\/de\/regionen\/2019-11-20\/waedenswil-aupark-nimmt-naechste-huerde\/","og_locale":"de_DE","og_type":"article","og_title":"W\u00e4denswil: AuPark nimmt n\u00e4chste H\u00fcrde - IMMOBILIEN Business","og_description":"Das Intershop-Projekt AuPark in W\u00e4denswil ist einen Schritt weiter. Die Bev\u00f6lkerung hat dem privaten Gestaltungsplan f\u00fcr das Areal zugestimmt.","og_url":"https:\/\/www.immobilienbusiness.ch\/de\/regionen\/2019-11-20\/waedenswil-aupark-nimmt-naechste-huerde\/","og_site_name":"IMMOBILIEN Business","article_publisher":"https:\/\/www.facebook.com\/immobilienbusiness\/","article_published_time":"2019-11-20T07:51:24+00:00","article_modified_time":"2023-08-10T11:29:48+00:00","og_image":[{"width":1800,"height":1200,"url":"https:\/\/www.immobilienbusiness.ch\/wp-content\/uploads\/2019\/11\/Visualisierung-AuPark-Promenade-Park.jpg","type":"image\/jpeg"}],"author":"anja.hall","twitter_card":"summary_large_image","twitter_image":"https:\/\/www.immobilienbusiness.ch\/wp-content\/uploads\/2019\/11\/Visualisierung-AuPark-Promenade-Park.jpg","schema":{"@context":"https:\/\/schema.org","@graph":[{"@type":"Article","@id":"https:\/\/www.immobilienbusiness.ch\/fr\/regionen\/2019-11-20\/waedenswil-aupark-nimmt-naechste-huerde\/#article","isPartOf":{"@id":"https:\/\/www.immobilienbusiness.ch\/fr\/regionen\/2019-11-20\/waedenswil-aupark-nimmt-naechste-huerde\/"},"author":{"name":"anja.hall","@id":"https:\/\/www.immobilienbusiness.ch\/#\/schema\/person\/3fc036297b10b9f42d6db5ee932af8c8"},"headline":"W\u00e4denswil: AuPark nimmt n\u00e4chste H\u00fcrde","datePublished":"2019-11-20T07:51:24+00:00","dateModified":"2023-08-10T11:29:48+00:00","mainEntityOfPage":{"@id":"https:\/\/www.immobilienbusiness.ch\/fr\/regionen\/2019-11-20\/waedenswil-aupark-nimmt-naechste-huerde\/"},"wordCount":106,"publisher":{"@id":"https:\/\/www.immobilienbusiness.ch\/#organization"},"image":{"@id":"https:\/\/www.immobilienbusiness.ch\/fr\/regionen\/2019-11-20\/waedenswil-aupark-nimmt-naechste-huerde\/#primaryimage"},"thumbnailUrl":"https:\/\/www.immobilienbusiness.ch\/wp-content\/uploads\/2019\/11\/Visualisierung-AuPark-Promenade-Park.jpg","keywords":["Intershop","Kanton Z\u00fcrich","Projekt in Planung","Wohnimmobilien"],"articleSection":["REGIONEN"],"inLanguage":"de"},{"@type":"WebPage","@id":"https:\/\/www.immobilienbusiness.ch\/fr\/regionen\/2019-11-20\/waedenswil-aupark-nimmt-naechste-huerde\/","url":"https:\/\/www.immobilienbusiness.ch\/fr\/regionen\/2019-11-20\/waedenswil-aupark-nimmt-naechste-huerde\/","name":"W\u00e4denswil: AuPark nimmt n\u00e4chste H\u00fcrde - IMMOBILIEN Business","isPartOf":{"@id":"https:\/\/www.immobilienbusiness.ch\/#website"},"primaryImageOfPage":{"@id":"https:\/\/www.immobilienbusiness.ch\/fr\/regionen\/2019-11-20\/waedenswil-aupark-nimmt-naechste-huerde\/#primaryimage"},"image":{"@id":"https:\/\/www.immobilienbusiness.ch\/fr\/regionen\/2019-11-20\/waedenswil-aupark-nimmt-naechste-huerde\/#primaryimage"},"thumbnailUrl":"https:\/\/www.immobilienbusiness.ch\/wp-content\/uploads\/2019\/11\/Visualisierung-AuPark-Promenade-Park.jpg","datePublished":"2019-11-20T07:51:24+00:00","dateModified":"2023-08-10T11:29:48+00:00","description":"Das Intershop-Projekt AuPark in W\u00e4denswil ist einen Schritt weiter. Die Bev\u00f6lkerung hat dem privaten Gestaltungsplan f\u00fcr das Areal zugestimmt.","breadcrumb":{"@id":"https:\/\/www.immobilienbusiness.ch\/fr\/regionen\/2019-11-20\/waedenswil-aupark-nimmt-naechste-huerde\/#breadcrumb"},"inLanguage":"de","potentialAction":[{"@type":"ReadAction","target":["https:\/\/www.immobilienbusiness.ch\/fr\/regionen\/2019-11-20\/waedenswil-aupark-nimmt-naechste-huerde\/"]}]},{"@type":"ImageObject","inLanguage":"de","@id":"https:\/\/www.immobilienbusiness.ch\/fr\/regionen\/2019-11-20\/waedenswil-aupark-nimmt-naechste-huerde\/#primaryimage","url":"https:\/\/www.immobilienbusiness.ch\/wp-content\/uploads\/2019\/11\/Visualisierung-AuPark-Promenade-Park.jpg","contentUrl":"https:\/\/www.immobilienbusiness.ch\/wp-content\/uploads\/2019\/11\/Visualisierung-AuPark-Promenade-Park.jpg","width":1800,"height":1200,"caption":"Visualisierung der \u00dcberbauung AuPark (Bild: Intershop Holding AG)"},{"@type":"BreadcrumbList","@id":"https:\/\/www.immobilienbusiness.ch\/fr\/regionen\/2019-11-20\/waedenswil-aupark-nimmt-naechste-huerde\/#breadcrumb","itemListElement":[{"@type":"ListItem","position":1,"name":"Home","item":"https:\/\/www.immobilienbusiness.ch\/"},{"@type":"ListItem","position":2,"name":"W\u00e4denswil: AuPark nimmt n\u00e4chste H\u00fcrde"}]},{"@type":"WebSite","@id":"https:\/\/www.immobilienbusiness.ch\/#website","url":"https:\/\/www.immobilienbusiness.ch\/","name":"IMMOBILIEN Business","description":"Unabh\u00e4ngiges Schweizer Wirtschaftsmagazin mit Fokus auf Immobilien, Architektur- und Bau sowie Investment- und Finanzierung.","publisher":{"@id":"https:\/\/www.immobilienbusiness.ch\/#organization"},"potentialAction":[{"@type":"SearchAction","target":{"@type":"EntryPoint","urlTemplate":"https:\/\/www.immobilienbusiness.ch\/?s={search_term_string}"},"query-input":{"@type":"PropertyValueSpecification","valueRequired":true,"valueName":"search_term_string"}}],"inLanguage":"de"},{"@type":"Organization","@id":"https:\/\/www.immobilienbusiness.ch\/#organization","name":"IMMOBILIEN Business","url":"https:\/\/www.immobilienbusiness.ch\/","logo":{"@type":"ImageObject","inLanguage":"de","@id":"https:\/\/www.immobilienbusiness.ch\/#\/schema\/logo\/image\/","url":"https:\/\/www.immobilienbusiness.ch\/wp-content\/uploads\/2021\/07\/logo_ib.png","contentUrl":"https:\/\/www.immobilienbusiness.ch\/wp-content\/uploads\/2021\/07\/logo_ib.png","width":800,"height":181,"caption":"IMMOBILIEN Business"},"image":{"@id":"https:\/\/www.immobilienbusiness.ch\/#\/schema\/logo\/image\/"},"sameAs":["https:\/\/www.facebook.com\/immobilienbusiness\/"]},{"@type":"Person","@id":"https:\/\/www.immobilienbusiness.ch\/#\/schema\/person\/3fc036297b10b9f42d6db5ee932af8c8","name":"anja.hall","image":{"@type":"ImageObject","inLanguage":"de","@id":"https:\/\/secure.gravatar.com\/avatar\/066b5a0d447013502c71a5782f4f3469f03cfe595cc2329fb94652fe47511bfb?s=96&d=mm&r=g","url":"https:\/\/secure.gravatar.com\/avatar\/066b5a0d447013502c71a5782f4f3469f03cfe595cc2329fb94652fe47511bfb?s=96&d=mm&r=g","contentUrl":"https:\/\/secure.gravatar.com\/avatar\/066b5a0d447013502c71a5782f4f3469f03cfe595cc2329fb94652fe47511bfb?s=96&d=mm&r=g","caption":"anja.hall"},"url":"https:\/\/www.immobilienbusiness.ch\/de\/author\/anja-hall\/"}]}},"_links":{"self":[{"href":"https:\/\/www.immobilienbusiness.ch\/de\/wp-json\/wp\/v2\/posts\/19293","targetHints":{"allow":["GET"]}}],"collection":[{"href":"https:\/\/www.immobilienbusiness.ch\/de\/wp-json\/wp\/v2\/posts"}],"about":[{"href":"https:\/\/www.immobilienbusiness.ch\/de\/wp-json\/wp\/v2\/types\/post"}],"author":[{"embeddable":true,"href":"https:\/\/www.immobilienbusiness.ch\/de\/wp-json\/wp\/v2\/users\/3"}],"replies":[{"embeddable":true,"href":"https:\/\/www.immobilienbusiness.ch\/de\/wp-json\/wp\/v2\/comments?post=19293"}],"version-history":[{"count":1,"href":"https:\/\/www.immobilienbusiness.ch\/de\/wp-json\/wp\/v2\/posts\/19293\/revisions"}],"predecessor-version":[{"id":51956,"href":"https:\/\/www.immobilienbusiness.ch\/de\/wp-json\/wp\/v2\/posts\/19293\/revisions\/51956"}],"wp:featuredmedia":[{"embeddable":true,"href":"https:\/\/www.immobilienbusiness.ch\/de\/wp-json\/wp\/v2\/media\/19294"}],"wp:attachment":[{"href":"https:\/\/www.immobilienbusiness.ch\/de\/wp-json\/wp\/v2\/media?parent=19293"}],"wp:term":[{"taxonomy":"category","embeddable":true,"href":"https:\/\/www.immobilienbusiness.ch\/de\/wp-json\/wp\/v2\/categories?post=19293"},{"taxonomy":"post_tag","embeddable":true,"href":"https:\/\/www.immobilienbusiness.ch\/de\/wp-json\/wp\/v2\/tags?post=19293"}],"curies":[{"name":"wp","href":"https:\/\/api.w.org\/{rel}","templated":true}]}}