{"id":18557,"date":"2019-09-26T08:18:05","date_gmt":"2019-09-26T06:18:05","guid":{"rendered":"https:\/\/www.immobilienbusiness.ch\/?p=18557"},"modified":"2023-08-10T21:33:50","modified_gmt":"2023-08-10T19:33:50","slug":"sustainable-real-estate-startet-zum-oktober","status":"publish","type":"post","link":"https:\/\/www.immobilienbusiness.ch\/de\/unternehmen\/2019-09-26\/sustainable-real-estate-startet-zum-oktober\/","title":{"rendered":"Sustainable Real Estate startet zum Oktober"},"content":{"rendered":"<figure id=\"attachment_18558\" aria-describedby=\"caption-attachment-18558\" style=\"width: 300px\" class=\"wp-caption alignnone\"><img loading=\"lazy\" decoding=\"async\" class=\"wp-image-18558 size-medium\" src=\"https:\/\/www.immobilienbusiness.ch\/wp-content\/uploads\/2019\/09\/sustainable-real-estate-300x200.jpg\" alt=\"Gesch\u00e4ftsbetrieb \" width=\"300\" height=\"200\" srcset=\"https:\/\/www.immobilienbusiness.ch\/wp-content\/uploads\/2019\/09\/sustainable-real-estate-300x200.jpg 300w, https:\/\/www.immobilienbusiness.ch\/wp-content\/uploads\/2019\/09\/sustainable-real-estate-16x12.jpg 16w, https:\/\/www.immobilienbusiness.ch\/wp-content\/uploads\/2019\/09\/sustainable-real-estate-263x175.jpg 263w, https:\/\/www.immobilienbusiness.ch\/wp-content\/uploads\/2019\/09\/sustainable-real-estate-525x350.jpg 525w, https:\/\/www.immobilienbusiness.ch\/wp-content\/uploads\/2019\/09\/sustainable-real-estate.jpg 734w\" sizes=\"auto, (max-width: 300px) 100vw, 300px\" \/><figcaption id=\"caption-attachment-18558\" class=\"wp-caption-text\">Andr\u00e9 Wiederkehr, Balazs Magyar, Marco Scheurer, Klaus K\u00e4mpf (v.l.n.r.; Bild: Sustainable Real Estate AG)<\/figcaption><\/figure>\n<p>Hinter Sustainable Real Estate stehen Andr\u00e9 Wiederkehr, Balazs Magyar, Marco Scheurer und Klaus K\u00e4mpf. Sie haben den Bereich \u00abNachhaltige Immobilienanlagen\u00bb von Vontobel Asset Management im Rahmen eines Management-Buy-out \u00fcbernommen. Hintergrund der Ausgliederung ist, dass Vontobel Asset Management sich bei den nachhaltigen Investmentl\u00f6sungen k\u00fcnftig komplett auf das Management von Wertpapierportfolios konzentrieren wird.<\/p>\n<p>Sustainable Real Estate bietet Nachhaltigkeitsberatung in Zusammenhang mit Immobilien und vertreibt Immobilien-Anlagegef\u00e4sse. Das Unternehmen ist Nachhaltigkeitsberater f\u00fcr die Fonds Vontobel Sustainable Real Estate Switzerland, Vontobel Sustainable Real Estate Europe (ab 1. Oktober: Quadoro Sustainable Real Estate Europe) und den Retailfonds Quadoro Sustainable Real Estate Europe \u2013 Private, der Ende September aufgelegt wird. Zudem ist die Firma Vertriebspartner f\u00fcr den Vontobel Sustainable Real Estate Switzerland.<\/p>\n<p>Die Gesellschaft ist in Z\u00fcrich und Basel vertreten. <em>(ah)<\/em><\/p>\n","protected":false},"excerpt":{"rendered":"<p>Zum Oktober nimmt die neu gegr\u00fcndete Sustainable Real Estate AG den Gesch\u00e4ftsbetrieb auf. Das Unternehmen bietet Nachhaltigkeitsberatung f\u00fcr Immobilien und vertreibt Immobilien-Anlagegef\u00e4sse.<\/p>\n","protected":false},"author":3,"featured_media":18558,"comment_status":"closed","ping_status":"closed","sticky":false,"template":"","format":"standard","meta":{"_acf_changed":false,"_yoast_wpseo_focuskw":"Gesch\u00e4ftsbetrieb","_yoast_wpseo_title":"","_yoast_wpseo_metadesc":"Zum Oktober nimmt die neu gegr\u00fcndete Sustainable Real Estate AG den Gesch\u00e4ftsbetrieb auf. Das Unternehmen bietet Nachhaltigkeitsberatung f\u00fcr Immobilien.","_yoast_wpseo_linkdex":46,"pgc_sgb_lightbox_settings":"","footnotes":""},"categories":[988],"tags":[1514,1563,1838],"class_list":["post-18557","post","type-post","status-publish","format-standard","has-post-thumbnail","hentry","category-unternehmen","tag-nachhaltiges-bauen","tag-personalia","tag-vontobel"],"acf":[],"yoast_head":"<!-- This site is optimized with the Yoast SEO plugin v27.5 - https:\/\/yoast.com\/product\/yoast-seo-wordpress\/ -->\n<title>Sustainable Real Estate startet zum Oktober - IMMOBILIEN Business<\/title>\n<meta name=\"description\" content=\"Zum Oktober nimmt die neu gegr\u00fcndete Sustainable Real Estate AG den Gesch\u00e4ftsbetrieb auf. Das Unternehmen bietet Nachhaltigkeitsberatung f\u00fcr Immobilien.\" \/>\n<meta name=\"robots\" content=\"index, follow, max-snippet:-1, max-image-preview:large, max-video-preview:-1\" \/>\n<link rel=\"canonical\" href=\"https:\/\/www.immobilienbusiness.ch\/de\/unternehmen\/2019-09-26\/sustainable-real-estate-startet-zum-oktober\/\" \/>\n<meta property=\"og:locale\" content=\"de_DE\" \/>\n<meta property=\"og:type\" content=\"article\" \/>\n<meta property=\"og:title\" content=\"Sustainable Real Estate startet zum Oktober - IMMOBILIEN Business\" \/>\n<meta property=\"og:description\" content=\"Zum Oktober nimmt die neu gegr\u00fcndete Sustainable Real Estate AG den Gesch\u00e4ftsbetrieb auf. Das Unternehmen bietet Nachhaltigkeitsberatung f\u00fcr Immobilien.\" \/>\n<meta property=\"og:url\" content=\"https:\/\/www.immobilienbusiness.ch\/de\/unternehmen\/2019-09-26\/sustainable-real-estate-startet-zum-oktober\/\" \/>\n<meta property=\"og:site_name\" content=\"IMMOBILIEN Business\" \/>\n<meta property=\"article:publisher\" content=\"https:\/\/www.facebook.com\/immobilienbusiness\/\" \/>\n<meta property=\"article:published_time\" content=\"2019-09-26T06:18:05+00:00\" \/>\n<meta property=\"article:modified_time\" content=\"2023-08-10T19:33:50+00:00\" \/>\n<meta property=\"og:image\" content=\"https:\/\/www.immobilienbusiness.ch\/wp-content\/uploads\/2019\/09\/sustainable-real-estate.jpg\" \/>\n\t<meta property=\"og:image:width\" content=\"734\" \/>\n\t<meta property=\"og:image:height\" content=\"489\" \/>\n\t<meta property=\"og:image:type\" content=\"image\/jpeg\" \/>\n<meta name=\"author\" content=\"anja.hall\" \/>\n<meta name=\"twitter:card\" content=\"summary_large_image\" \/>\n<meta name=\"twitter:image\" content=\"https:\/\/www.immobilienbusiness.ch\/wp-content\/uploads\/2019\/09\/sustainable-real-estate.jpg\" \/>\n<script type=\"application\/ld+json\" class=\"yoast-schema-graph\">{\"@context\":\"https:\\\/\\\/schema.org\",\"@graph\":[{\"@type\":\"Article\",\"@id\":\"https:\\\/\\\/www.immobilienbusiness.ch\\\/en\\\/unternehmen\\\/2019-09-26\\\/sustainable-real-estate-startet-zum-oktober\\\/#article\",\"isPartOf\":{\"@id\":\"https:\\\/\\\/www.immobilienbusiness.ch\\\/en\\\/unternehmen\\\/2019-09-26\\\/sustainable-real-estate-startet-zum-oktober\\\/\"},\"author\":{\"name\":\"anja.hall\",\"@id\":\"https:\\\/\\\/www.immobilienbusiness.ch\\\/#\\\/schema\\\/person\\\/3fc036297b10b9f42d6db5ee932af8c8\"},\"headline\":\"Sustainable Real Estate startet zum Oktober\",\"datePublished\":\"2019-09-26T06:18:05+00:00\",\"dateModified\":\"2023-08-10T19:33:50+00:00\",\"mainEntityOfPage\":{\"@id\":\"https:\\\/\\\/www.immobilienbusiness.ch\\\/en\\\/unternehmen\\\/2019-09-26\\\/sustainable-real-estate-startet-zum-oktober\\\/\"},\"wordCount\":160,\"publisher\":{\"@id\":\"https:\\\/\\\/www.immobilienbusiness.ch\\\/#organization\"},\"image\":{\"@id\":\"https:\\\/\\\/www.immobilienbusiness.ch\\\/en\\\/unternehmen\\\/2019-09-26\\\/sustainable-real-estate-startet-zum-oktober\\\/#primaryimage\"},\"thumbnailUrl\":\"https:\\\/\\\/www.immobilienbusiness.ch\\\/wp-content\\\/uploads\\\/2019\\\/09\\\/sustainable-real-estate.jpg\",\"keywords\":[\"Nachhaltiges Bauen\",\"Personalia\",\"Vontobel\"],\"articleSection\":[\"UNTERNEHMEN\"],\"inLanguage\":\"de\"},{\"@type\":\"WebPage\",\"@id\":\"https:\\\/\\\/www.immobilienbusiness.ch\\\/en\\\/unternehmen\\\/2019-09-26\\\/sustainable-real-estate-startet-zum-oktober\\\/\",\"url\":\"https:\\\/\\\/www.immobilienbusiness.ch\\\/en\\\/unternehmen\\\/2019-09-26\\\/sustainable-real-estate-startet-zum-oktober\\\/\",\"name\":\"Sustainable Real Estate startet zum Oktober - IMMOBILIEN Business\",\"isPartOf\":{\"@id\":\"https:\\\/\\\/www.immobilienbusiness.ch\\\/#website\"},\"primaryImageOfPage\":{\"@id\":\"https:\\\/\\\/www.immobilienbusiness.ch\\\/en\\\/unternehmen\\\/2019-09-26\\\/sustainable-real-estate-startet-zum-oktober\\\/#primaryimage\"},\"image\":{\"@id\":\"https:\\\/\\\/www.immobilienbusiness.ch\\\/en\\\/unternehmen\\\/2019-09-26\\\/sustainable-real-estate-startet-zum-oktober\\\/#primaryimage\"},\"thumbnailUrl\":\"https:\\\/\\\/www.immobilienbusiness.ch\\\/wp-content\\\/uploads\\\/2019\\\/09\\\/sustainable-real-estate.jpg\",\"datePublished\":\"2019-09-26T06:18:05+00:00\",\"dateModified\":\"2023-08-10T19:33:50+00:00\",\"description\":\"Zum Oktober nimmt die neu gegr\u00fcndete Sustainable Real Estate AG den Gesch\u00e4ftsbetrieb auf. Das Unternehmen bietet Nachhaltigkeitsberatung f\u00fcr Immobilien.\",\"breadcrumb\":{\"@id\":\"https:\\\/\\\/www.immobilienbusiness.ch\\\/en\\\/unternehmen\\\/2019-09-26\\\/sustainable-real-estate-startet-zum-oktober\\\/#breadcrumb\"},\"inLanguage\":\"de\",\"potentialAction\":[{\"@type\":\"ReadAction\",\"target\":[\"https:\\\/\\\/www.immobilienbusiness.ch\\\/en\\\/unternehmen\\\/2019-09-26\\\/sustainable-real-estate-startet-zum-oktober\\\/\"]}]},{\"@type\":\"ImageObject\",\"inLanguage\":\"de\",\"@id\":\"https:\\\/\\\/www.immobilienbusiness.ch\\\/en\\\/unternehmen\\\/2019-09-26\\\/sustainable-real-estate-startet-zum-oktober\\\/#primaryimage\",\"url\":\"https:\\\/\\\/www.immobilienbusiness.ch\\\/wp-content\\\/uploads\\\/2019\\\/09\\\/sustainable-real-estate.jpg\",\"contentUrl\":\"https:\\\/\\\/www.immobilienbusiness.ch\\\/wp-content\\\/uploads\\\/2019\\\/09\\\/sustainable-real-estate.jpg\",\"width\":734,\"height\":489},{\"@type\":\"BreadcrumbList\",\"@id\":\"https:\\\/\\\/www.immobilienbusiness.ch\\\/en\\\/unternehmen\\\/2019-09-26\\\/sustainable-real-estate-startet-zum-oktober\\\/#breadcrumb\",\"itemListElement\":[{\"@type\":\"ListItem\",\"position\":1,\"name\":\"Home\",\"item\":\"https:\\\/\\\/www.immobilienbusiness.ch\\\/\"},{\"@type\":\"ListItem\",\"position\":2,\"name\":\"Sustainable Real Estate startet zum Oktober\"}]},{\"@type\":\"WebSite\",\"@id\":\"https:\\\/\\\/www.immobilienbusiness.ch\\\/#website\",\"url\":\"https:\\\/\\\/www.immobilienbusiness.ch\\\/\",\"name\":\"IMMOBILIEN Business\",\"description\":\"Unabh\u00e4ngiges Schweizer Wirtschaftsmagazin mit Fokus auf Immobilien, Architektur- und Bau sowie Investment- und Finanzierung.\",\"publisher\":{\"@id\":\"https:\\\/\\\/www.immobilienbusiness.ch\\\/#organization\"},\"potentialAction\":[{\"@type\":\"SearchAction\",\"target\":{\"@type\":\"EntryPoint\",\"urlTemplate\":\"https:\\\/\\\/www.immobilienbusiness.ch\\\/?s={search_term_string}\"},\"query-input\":{\"@type\":\"PropertyValueSpecification\",\"valueRequired\":true,\"valueName\":\"search_term_string\"}}],\"inLanguage\":\"de\"},{\"@type\":\"Organization\",\"@id\":\"https:\\\/\\\/www.immobilienbusiness.ch\\\/#organization\",\"name\":\"IMMOBILIEN Business\",\"url\":\"https:\\\/\\\/www.immobilienbusiness.ch\\\/\",\"logo\":{\"@type\":\"ImageObject\",\"inLanguage\":\"de\",\"@id\":\"https:\\\/\\\/www.immobilienbusiness.ch\\\/#\\\/schema\\\/logo\\\/image\\\/\",\"url\":\"https:\\\/\\\/www.immobilienbusiness.ch\\\/wp-content\\\/uploads\\\/2021\\\/07\\\/logo_ib.png\",\"contentUrl\":\"https:\\\/\\\/www.immobilienbusiness.ch\\\/wp-content\\\/uploads\\\/2021\\\/07\\\/logo_ib.png\",\"width\":800,\"height\":181,\"caption\":\"IMMOBILIEN Business\"},\"image\":{\"@id\":\"https:\\\/\\\/www.immobilienbusiness.ch\\\/#\\\/schema\\\/logo\\\/image\\\/\"},\"sameAs\":[\"https:\\\/\\\/www.facebook.com\\\/immobilienbusiness\\\/\"]},{\"@type\":\"Person\",\"@id\":\"https:\\\/\\\/www.immobilienbusiness.ch\\\/#\\\/schema\\\/person\\\/3fc036297b10b9f42d6db5ee932af8c8\",\"name\":\"anja.hall\",\"image\":{\"@type\":\"ImageObject\",\"inLanguage\":\"de\",\"@id\":\"https:\\\/\\\/secure.gravatar.com\\\/avatar\\\/066b5a0d447013502c71a5782f4f3469f03cfe595cc2329fb94652fe47511bfb?s=96&d=mm&r=g\",\"url\":\"https:\\\/\\\/secure.gravatar.com\\\/avatar\\\/066b5a0d447013502c71a5782f4f3469f03cfe595cc2329fb94652fe47511bfb?s=96&d=mm&r=g\",\"contentUrl\":\"https:\\\/\\\/secure.gravatar.com\\\/avatar\\\/066b5a0d447013502c71a5782f4f3469f03cfe595cc2329fb94652fe47511bfb?s=96&d=mm&r=g\",\"caption\":\"anja.hall\"},\"url\":\"https:\\\/\\\/www.immobilienbusiness.ch\\\/de\\\/author\\\/anja-hall\\\/\"}]}<\/script>\n<!-- \/ Yoast SEO plugin. -->","yoast_head_json":{"title":"Sustainable Real Estate startet zum Oktober - IMMOBILIEN Business","description":"Zum Oktober nimmt die neu gegr\u00fcndete Sustainable Real Estate AG den Gesch\u00e4ftsbetrieb auf. Das Unternehmen bietet Nachhaltigkeitsberatung f\u00fcr Immobilien.","robots":{"index":"index","follow":"follow","max-snippet":"max-snippet:-1","max-image-preview":"max-image-preview:large","max-video-preview":"max-video-preview:-1"},"canonical":"https:\/\/www.immobilienbusiness.ch\/de\/unternehmen\/2019-09-26\/sustainable-real-estate-startet-zum-oktober\/","og_locale":"de_DE","og_type":"article","og_title":"Sustainable Real Estate startet zum Oktober - IMMOBILIEN Business","og_description":"Zum Oktober nimmt die neu gegr\u00fcndete Sustainable Real Estate AG den Gesch\u00e4ftsbetrieb auf. Das Unternehmen bietet Nachhaltigkeitsberatung f\u00fcr Immobilien.","og_url":"https:\/\/www.immobilienbusiness.ch\/de\/unternehmen\/2019-09-26\/sustainable-real-estate-startet-zum-oktober\/","og_site_name":"IMMOBILIEN Business","article_publisher":"https:\/\/www.facebook.com\/immobilienbusiness\/","article_published_time":"2019-09-26T06:18:05+00:00","article_modified_time":"2023-08-10T19:33:50+00:00","og_image":[{"width":734,"height":489,"url":"https:\/\/www.immobilienbusiness.ch\/wp-content\/uploads\/2019\/09\/sustainable-real-estate.jpg","type":"image\/jpeg"}],"author":"anja.hall","twitter_card":"summary_large_image","twitter_image":"https:\/\/www.immobilienbusiness.ch\/wp-content\/uploads\/2019\/09\/sustainable-real-estate.jpg","schema":{"@context":"https:\/\/schema.org","@graph":[{"@type":"Article","@id":"https:\/\/www.immobilienbusiness.ch\/en\/unternehmen\/2019-09-26\/sustainable-real-estate-startet-zum-oktober\/#article","isPartOf":{"@id":"https:\/\/www.immobilienbusiness.ch\/en\/unternehmen\/2019-09-26\/sustainable-real-estate-startet-zum-oktober\/"},"author":{"name":"anja.hall","@id":"https:\/\/www.immobilienbusiness.ch\/#\/schema\/person\/3fc036297b10b9f42d6db5ee932af8c8"},"headline":"Sustainable Real Estate startet zum Oktober","datePublished":"2019-09-26T06:18:05+00:00","dateModified":"2023-08-10T19:33:50+00:00","mainEntityOfPage":{"@id":"https:\/\/www.immobilienbusiness.ch\/en\/unternehmen\/2019-09-26\/sustainable-real-estate-startet-zum-oktober\/"},"wordCount":160,"publisher":{"@id":"https:\/\/www.immobilienbusiness.ch\/#organization"},"image":{"@id":"https:\/\/www.immobilienbusiness.ch\/en\/unternehmen\/2019-09-26\/sustainable-real-estate-startet-zum-oktober\/#primaryimage"},"thumbnailUrl":"https:\/\/www.immobilienbusiness.ch\/wp-content\/uploads\/2019\/09\/sustainable-real-estate.jpg","keywords":["Nachhaltiges Bauen","Personalia","Vontobel"],"articleSection":["UNTERNEHMEN"],"inLanguage":"de"},{"@type":"WebPage","@id":"https:\/\/www.immobilienbusiness.ch\/en\/unternehmen\/2019-09-26\/sustainable-real-estate-startet-zum-oktober\/","url":"https:\/\/www.immobilienbusiness.ch\/en\/unternehmen\/2019-09-26\/sustainable-real-estate-startet-zum-oktober\/","name":"Sustainable Real Estate startet zum Oktober - IMMOBILIEN Business","isPartOf":{"@id":"https:\/\/www.immobilienbusiness.ch\/#website"},"primaryImageOfPage":{"@id":"https:\/\/www.immobilienbusiness.ch\/en\/unternehmen\/2019-09-26\/sustainable-real-estate-startet-zum-oktober\/#primaryimage"},"image":{"@id":"https:\/\/www.immobilienbusiness.ch\/en\/unternehmen\/2019-09-26\/sustainable-real-estate-startet-zum-oktober\/#primaryimage"},"thumbnailUrl":"https:\/\/www.immobilienbusiness.ch\/wp-content\/uploads\/2019\/09\/sustainable-real-estate.jpg","datePublished":"2019-09-26T06:18:05+00:00","dateModified":"2023-08-10T19:33:50+00:00","description":"Zum Oktober nimmt die neu gegr\u00fcndete Sustainable Real Estate AG den Gesch\u00e4ftsbetrieb auf. Das Unternehmen bietet Nachhaltigkeitsberatung f\u00fcr Immobilien.","breadcrumb":{"@id":"https:\/\/www.immobilienbusiness.ch\/en\/unternehmen\/2019-09-26\/sustainable-real-estate-startet-zum-oktober\/#breadcrumb"},"inLanguage":"de","potentialAction":[{"@type":"ReadAction","target":["https:\/\/www.immobilienbusiness.ch\/en\/unternehmen\/2019-09-26\/sustainable-real-estate-startet-zum-oktober\/"]}]},{"@type":"ImageObject","inLanguage":"de","@id":"https:\/\/www.immobilienbusiness.ch\/en\/unternehmen\/2019-09-26\/sustainable-real-estate-startet-zum-oktober\/#primaryimage","url":"https:\/\/www.immobilienbusiness.ch\/wp-content\/uploads\/2019\/09\/sustainable-real-estate.jpg","contentUrl":"https:\/\/www.immobilienbusiness.ch\/wp-content\/uploads\/2019\/09\/sustainable-real-estate.jpg","width":734,"height":489},{"@type":"BreadcrumbList","@id":"https:\/\/www.immobilienbusiness.ch\/en\/unternehmen\/2019-09-26\/sustainable-real-estate-startet-zum-oktober\/#breadcrumb","itemListElement":[{"@type":"ListItem","position":1,"name":"Home","item":"https:\/\/www.immobilienbusiness.ch\/"},{"@type":"ListItem","position":2,"name":"Sustainable Real Estate startet zum Oktober"}]},{"@type":"WebSite","@id":"https:\/\/www.immobilienbusiness.ch\/#website","url":"https:\/\/www.immobilienbusiness.ch\/","name":"IMMOBILIEN Business","description":"Unabh\u00e4ngiges Schweizer Wirtschaftsmagazin mit Fokus auf Immobilien, Architektur- und Bau sowie Investment- und Finanzierung.","publisher":{"@id":"https:\/\/www.immobilienbusiness.ch\/#organization"},"potentialAction":[{"@type":"SearchAction","target":{"@type":"EntryPoint","urlTemplate":"https:\/\/www.immobilienbusiness.ch\/?s={search_term_string}"},"query-input":{"@type":"PropertyValueSpecification","valueRequired":true,"valueName":"search_term_string"}}],"inLanguage":"de"},{"@type":"Organization","@id":"https:\/\/www.immobilienbusiness.ch\/#organization","name":"IMMOBILIEN Business","url":"https:\/\/www.immobilienbusiness.ch\/","logo":{"@type":"ImageObject","inLanguage":"de","@id":"https:\/\/www.immobilienbusiness.ch\/#\/schema\/logo\/image\/","url":"https:\/\/www.immobilienbusiness.ch\/wp-content\/uploads\/2021\/07\/logo_ib.png","contentUrl":"https:\/\/www.immobilienbusiness.ch\/wp-content\/uploads\/2021\/07\/logo_ib.png","width":800,"height":181,"caption":"IMMOBILIEN Business"},"image":{"@id":"https:\/\/www.immobilienbusiness.ch\/#\/schema\/logo\/image\/"},"sameAs":["https:\/\/www.facebook.com\/immobilienbusiness\/"]},{"@type":"Person","@id":"https:\/\/www.immobilienbusiness.ch\/#\/schema\/person\/3fc036297b10b9f42d6db5ee932af8c8","name":"anja.hall","image":{"@type":"ImageObject","inLanguage":"de","@id":"https:\/\/secure.gravatar.com\/avatar\/066b5a0d447013502c71a5782f4f3469f03cfe595cc2329fb94652fe47511bfb?s=96&d=mm&r=g","url":"https:\/\/secure.gravatar.com\/avatar\/066b5a0d447013502c71a5782f4f3469f03cfe595cc2329fb94652fe47511bfb?s=96&d=mm&r=g","contentUrl":"https:\/\/secure.gravatar.com\/avatar\/066b5a0d447013502c71a5782f4f3469f03cfe595cc2329fb94652fe47511bfb?s=96&d=mm&r=g","caption":"anja.hall"},"url":"https:\/\/www.immobilienbusiness.ch\/de\/author\/anja-hall\/"}]}},"_links":{"self":[{"href":"https:\/\/www.immobilienbusiness.ch\/de\/wp-json\/wp\/v2\/posts\/18557","targetHints":{"allow":["GET"]}}],"collection":[{"href":"https:\/\/www.immobilienbusiness.ch\/de\/wp-json\/wp\/v2\/posts"}],"about":[{"href":"https:\/\/www.immobilienbusiness.ch\/de\/wp-json\/wp\/v2\/types\/post"}],"author":[{"embeddable":true,"href":"https:\/\/www.immobilienbusiness.ch\/de\/wp-json\/wp\/v2\/users\/3"}],"replies":[{"embeddable":true,"href":"https:\/\/www.immobilienbusiness.ch\/de\/wp-json\/wp\/v2\/comments?post=18557"}],"version-history":[{"count":1,"href":"https:\/\/www.immobilienbusiness.ch\/de\/wp-json\/wp\/v2\/posts\/18557\/revisions"}],"predecessor-version":[{"id":51987,"href":"https:\/\/www.immobilienbusiness.ch\/de\/wp-json\/wp\/v2\/posts\/18557\/revisions\/51987"}],"wp:featuredmedia":[{"embeddable":true,"href":"https:\/\/www.immobilienbusiness.ch\/de\/wp-json\/wp\/v2\/media\/18558"}],"wp:attachment":[{"href":"https:\/\/www.immobilienbusiness.ch\/de\/wp-json\/wp\/v2\/media?parent=18557"}],"wp:term":[{"taxonomy":"category","embeddable":true,"href":"https:\/\/www.immobilienbusiness.ch\/de\/wp-json\/wp\/v2\/categories?post=18557"},{"taxonomy":"post_tag","embeddable":true,"href":"https:\/\/www.immobilienbusiness.ch\/de\/wp-json\/wp\/v2\/tags?post=18557"}],"curies":[{"name":"wp","href":"https:\/\/api.w.org\/{rel}","templated":true}]}}