{"id":18539,"date":"2019-09-25T08:58:55","date_gmt":"2019-09-25T06:58:55","guid":{"rendered":"https:\/\/www.immobilienbusiness.ch\/?p=18539"},"modified":"2019-09-25T08:58:55","modified_gmt":"2019-09-25T06:58:55","slug":"zuerich-manor-gibt-standort-an-der-bahnhofstrasse-auf","status":"publish","type":"post","link":"https:\/\/www.immobilienbusiness.ch\/de\/regionen\/2019-09-25\/zuerich-manor-gibt-standort-an-der-bahnhofstrasse-auf\/","title":{"rendered":"Z\u00fcrich: Manor gibt Standort an der Bahnhofstrasse auf"},"content":{"rendered":"<figure id=\"attachment_18550\" aria-describedby=\"caption-attachment-18550\" style=\"width: 680px\" class=\"wp-caption alignnone\"><img loading=\"lazy\" decoding=\"async\" class=\"size-medium wp-image-18550\" src=\"https:\/\/www.immobilienbusiness.ch\/wp-content\/uploads\/2019\/09\/Manor.jpeg\" alt=\"\" width=\"680\" height=\"383\" srcset=\"https:\/\/www.immobilienbusiness.ch\/wp-content\/uploads\/2019\/09\/Manor.jpeg 1000w, https:\/\/www.immobilienbusiness.ch\/wp-content\/uploads\/2019\/09\/Manor-300x169.jpeg 300w, https:\/\/www.immobilienbusiness.ch\/wp-content\/uploads\/2019\/09\/Manor-768x432.jpeg 768w, https:\/\/www.immobilienbusiness.ch\/wp-content\/uploads\/2019\/09\/Manor-16x9.jpeg 16w, https:\/\/www.immobilienbusiness.ch\/wp-content\/uploads\/2019\/09\/Manor-311x175.jpeg 311w, https:\/\/www.immobilienbusiness.ch\/wp-content\/uploads\/2019\/09\/Manor-622x350.jpeg 622w, https:\/\/www.immobilienbusiness.ch\/wp-content\/uploads\/2019\/09\/Manor-920x518.jpeg 920w\" sizes=\"auto, (max-width: 680px) 100vw, 680px\" \/><figcaption id=\"caption-attachment-18550\" class=\"wp-caption-text\">Das Manor-Warenhaus an der Bahnhofstrasse (Bild: Manor)<\/figcaption><\/figure>\n<p>Manor hat das Warenhaus an der Bahnhofstrasse 75-79 mehr als 35 Jahre lang betrieben. \u00abZu unserem grossen Bedauern sind \u2013 trotz jahrelangen intensiven Bem\u00fchungen von Manor \u2013 alle Einigungsversuche mit der Vermieterin, l\u00e4ngerfristig am heutigen Standort an der Bahnhofstrasse zu bleiben, gescheitert. Wir sehen uns darum gezwungen, unser Warenhaus auf den 31. Januar 2020 zu schliessen. Ein Verbleib \u00fcber dieses Datum hinaus w\u00e4re mit zu grossen juristischen Unsicherheiten behaftet\u00bb, l\u00e4sst sich Manor-CEO J\u00e9r\u00f4me Gilg in einer Mitteilung zitieren.<\/p>\n<p>Hintergrund sind Streitigkeiten mit Swiss Life, die seit Jahren die Gerichte besch\u00e4ftigen. Manor hatte f\u00fcr die Liegenschaft an der Bahnhofstrasse einen Mietvertrag bis 2014. Swiss Life wollte ab dann den Mietzins von rund sechs auf 19 Millionen erh\u00f6hen.<\/p>\n<p>Dagegen klagte Manor und bekam sowohl vom Mietgericht wie vom Z\u00fcrcher Obergericht insoweit recht, als dass der Mietzins nicht den \u00abmarkt\u00fcblichen Vertragskonditionen f\u00fcr ein Warenhaus\u00bb entsprochen h\u00e4tte. Swiss Life zog dieses Urteil ans Bundesgericht weiter. Derzeit sind laut Medienberichten noch f\u00fcnf Verfahren in dem Komplex h\u00e4ngig.<\/p>\n<h2>Swiss Life lehnte Kaufangebot ab<\/h2>\n<p>Wie Manor mitteilt, habe man unter anderem den Erwerb der Liegenschaft zu einem \u00abf\u00fcr die Bahnhofstrasse marktgerechten Preis\u00bb angeboten. Wie es bei einer Pressekonferenz hiess, wollte Manor 535 Millionen CHF zahlen und hat sich bereit erkl\u00e4rt, weitere 100 Millionen in die Immobilie zu investieren<\/p>\n<p>Swiss Life teilte dazu mit, ein Verkauf der Liegenschaft w\u00fcrde der Gesch\u00e4ftsstrategie zuwiderlaufen, zudem seien die Kaufangebote von Manor unrealistisch gewesen. Sie h\u00e4tten dem einmaligen Standort und dem aktuellen Marktumfeld keine Rechnung getragen.<\/p>\n<p>In einer Stellungnahme findet das Unternehmen deutliche Worte: \u00abEs ist nicht die Aufgabe von Swiss Life, einen Konzern mit dem Geld unserer Versicherten zu subventionieren, indem wir auf eine markt\u00fcbliche Miete verzichten. Wir erachten es als unsere Pflicht, f\u00fcr die Gelder unserer Kunden einen marktgerechten Ertrag zu erwirtschaften.\u00bb<\/p>\n<h2>Manor sucht Ersatzstandort<\/h2>\n<p>Einen neuen Standort hat Manor noch nicht gefunden, man sei auf der Suche, so die Warenhauskette. Gesucht wird ein Standort in der Innenstadt, bei dem eine Kundenfrequenz von rund sechs Millionen pro Jahr erreicht werden kann &#8211; so viele, wie derzeit j\u00e4hrlich das Warenhaus an der Bahnhofstrasse besuchen. Aktuell belegt Manor 11.000 qm Verkaufsfl\u00e4che. Man sei zwar auch offen f\u00fcr kleinere Formate, als Mindestgr\u00f6sse nannte CEO Gilg vor den Medien jedoch 5.000 qm.<\/p>\n<p>Swiss Life will die Liegenschaft an der Bahnhofstrasse sanieren und die Nutzung neu ausrichten, eine Baubewilligung daf\u00fcr liegt bereits vor: Im Erdgeschoss sowie im ersten Unter- und Obergeschoss sind Ladeneinheiten geplant, die oberen Geschosse sollen als B\u00fcros genutzt werden. Die Rede ist von Investitionen in H\u00f6he von 100 Millionen CHF und einer Bauzeit von zwei Jahren. <em>(ah)<\/em><\/p>\n","protected":false},"excerpt":{"rendered":"<p>Manor hat angek\u00fcndigt, den Warenhausstandort an der Z\u00fcrcher Bahnhofstrasse Ende Januar 2020 zu schliessen. Zu dem Schritt sehe man sich \u00abnach jahrelangen erfolglosen Verhandlungen mit der Vermieterin und aufw\u00e4ndigen Gerichtsverfahren\u00bb gezwungen.<\/p>\n","protected":false},"author":3,"featured_media":18550,"comment_status":"closed","ping_status":"open","sticky":false,"template":"","format":"standard","meta":{"_acf_changed":false,"_yoast_wpseo_focuskw":"Manor","_yoast_wpseo_title":"","_yoast_wpseo_metadesc":"Manor hat angek\u00fcndigt, den Warenhausstandort an der Z\u00fcrcher Bahnhofstrasse Ende Januar 2020 zu schliessen.","_yoast_wpseo_linkdex":49,"pgc_sgb_lightbox_settings":"","footnotes":""},"categories":[985],"tags":[1063,1463,1645,1756,1888],"class_list":["post-18539","post","type-post","status-publish","format-standard","has-post-thumbnail","hentry","category-regionen","tag-bahnhofstrasse","tag-manor","tag-retailflaechen","tag-swiss-life","tag-zuerich"],"acf":[],"yoast_head":"<!-- This site is optimized with the Yoast SEO plugin v27.5 - https:\/\/yoast.com\/product\/yoast-seo-wordpress\/ -->\n<title>Z\u00fcrich: Manor gibt Standort an der Bahnhofstrasse auf - IMMOBILIEN Business<\/title>\n<meta name=\"description\" content=\"Manor hat angek\u00fcndigt, den Warenhausstandort an der Z\u00fcrcher Bahnhofstrasse Ende Januar 2020 zu schliessen.\" \/>\n<meta name=\"robots\" content=\"index, follow, max-snippet:-1, max-image-preview:large, max-video-preview:-1\" \/>\n<link rel=\"canonical\" href=\"https:\/\/www.immobilienbusiness.ch\/de\/regionen\/2019-09-25\/zuerich-manor-gibt-standort-an-der-bahnhofstrasse-auf\/\" \/>\n<meta property=\"og:locale\" content=\"de_DE\" \/>\n<meta property=\"og:type\" content=\"article\" \/>\n<meta property=\"og:title\" content=\"Z\u00fcrich: Manor gibt Standort an der Bahnhofstrasse auf - IMMOBILIEN Business\" \/>\n<meta property=\"og:description\" content=\"Manor hat angek\u00fcndigt, den Warenhausstandort an der Z\u00fcrcher Bahnhofstrasse Ende Januar 2020 zu schliessen.\" \/>\n<meta property=\"og:url\" content=\"https:\/\/www.immobilienbusiness.ch\/de\/regionen\/2019-09-25\/zuerich-manor-gibt-standort-an-der-bahnhofstrasse-auf\/\" \/>\n<meta property=\"og:site_name\" content=\"IMMOBILIEN Business\" \/>\n<meta property=\"article:publisher\" content=\"https:\/\/www.facebook.com\/immobilienbusiness\/\" \/>\n<meta property=\"article:published_time\" content=\"2019-09-25T06:58:55+00:00\" \/>\n<meta property=\"og:image\" content=\"https:\/\/www.immobilienbusiness.ch\/wp-content\/uploads\/2019\/09\/Manor.jpeg\" \/>\n\t<meta property=\"og:image:width\" content=\"1000\" \/>\n\t<meta property=\"og:image:height\" content=\"563\" \/>\n\t<meta property=\"og:image:type\" content=\"image\/jpeg\" \/>\n<meta name=\"author\" content=\"anja.hall\" \/>\n<meta name=\"twitter:card\" content=\"summary_large_image\" \/>\n<meta name=\"twitter:image\" content=\"https:\/\/www.immobilienbusiness.ch\/wp-content\/uploads\/2019\/09\/Manor.jpeg\" \/>\n<script type=\"application\/ld+json\" class=\"yoast-schema-graph\">{\"@context\":\"https:\\\/\\\/schema.org\",\"@graph\":[{\"@type\":\"Article\",\"@id\":\"https:\\\/\\\/www.immobilienbusiness.ch\\\/en\\\/regionen\\\/2019-09-25\\\/zuerich-manor-gibt-standort-an-der-bahnhofstrasse-auf\\\/#article\",\"isPartOf\":{\"@id\":\"https:\\\/\\\/www.immobilienbusiness.ch\\\/en\\\/regionen\\\/2019-09-25\\\/zuerich-manor-gibt-standort-an-der-bahnhofstrasse-auf\\\/\"},\"author\":{\"name\":\"anja.hall\",\"@id\":\"https:\\\/\\\/www.immobilienbusiness.ch\\\/#\\\/schema\\\/person\\\/3fc036297b10b9f42d6db5ee932af8c8\"},\"headline\":\"Z\u00fcrich: Manor gibt Standort an der Bahnhofstrasse auf\",\"datePublished\":\"2019-09-25T06:58:55+00:00\",\"mainEntityOfPage\":{\"@id\":\"https:\\\/\\\/www.immobilienbusiness.ch\\\/en\\\/regionen\\\/2019-09-25\\\/zuerich-manor-gibt-standort-an-der-bahnhofstrasse-auf\\\/\"},\"wordCount\":465,\"publisher\":{\"@id\":\"https:\\\/\\\/www.immobilienbusiness.ch\\\/#organization\"},\"image\":{\"@id\":\"https:\\\/\\\/www.immobilienbusiness.ch\\\/en\\\/regionen\\\/2019-09-25\\\/zuerich-manor-gibt-standort-an-der-bahnhofstrasse-auf\\\/#primaryimage\"},\"thumbnailUrl\":\"https:\\\/\\\/www.immobilienbusiness.ch\\\/wp-content\\\/uploads\\\/2019\\\/09\\\/Manor.jpeg\",\"keywords\":[\"Bahnhofstrasse\",\"Manor\",\"Retailfl\u00e4chen\",\"Swiss Life\",\"Z\u00fcrich\"],\"articleSection\":[\"REGIONEN\"],\"inLanguage\":\"de\"},{\"@type\":\"WebPage\",\"@id\":\"https:\\\/\\\/www.immobilienbusiness.ch\\\/en\\\/regionen\\\/2019-09-25\\\/zuerich-manor-gibt-standort-an-der-bahnhofstrasse-auf\\\/\",\"url\":\"https:\\\/\\\/www.immobilienbusiness.ch\\\/en\\\/regionen\\\/2019-09-25\\\/zuerich-manor-gibt-standort-an-der-bahnhofstrasse-auf\\\/\",\"name\":\"Z\u00fcrich: Manor gibt Standort an der Bahnhofstrasse auf - IMMOBILIEN Business\",\"isPartOf\":{\"@id\":\"https:\\\/\\\/www.immobilienbusiness.ch\\\/#website\"},\"primaryImageOfPage\":{\"@id\":\"https:\\\/\\\/www.immobilienbusiness.ch\\\/en\\\/regionen\\\/2019-09-25\\\/zuerich-manor-gibt-standort-an-der-bahnhofstrasse-auf\\\/#primaryimage\"},\"image\":{\"@id\":\"https:\\\/\\\/www.immobilienbusiness.ch\\\/en\\\/regionen\\\/2019-09-25\\\/zuerich-manor-gibt-standort-an-der-bahnhofstrasse-auf\\\/#primaryimage\"},\"thumbnailUrl\":\"https:\\\/\\\/www.immobilienbusiness.ch\\\/wp-content\\\/uploads\\\/2019\\\/09\\\/Manor.jpeg\",\"datePublished\":\"2019-09-25T06:58:55+00:00\",\"description\":\"Manor hat angek\u00fcndigt, den Warenhausstandort an der Z\u00fcrcher Bahnhofstrasse Ende Januar 2020 zu schliessen.\",\"breadcrumb\":{\"@id\":\"https:\\\/\\\/www.immobilienbusiness.ch\\\/en\\\/regionen\\\/2019-09-25\\\/zuerich-manor-gibt-standort-an-der-bahnhofstrasse-auf\\\/#breadcrumb\"},\"inLanguage\":\"de\",\"potentialAction\":[{\"@type\":\"ReadAction\",\"target\":[\"https:\\\/\\\/www.immobilienbusiness.ch\\\/en\\\/regionen\\\/2019-09-25\\\/zuerich-manor-gibt-standort-an-der-bahnhofstrasse-auf\\\/\"]}]},{\"@type\":\"ImageObject\",\"inLanguage\":\"de\",\"@id\":\"https:\\\/\\\/www.immobilienbusiness.ch\\\/en\\\/regionen\\\/2019-09-25\\\/zuerich-manor-gibt-standort-an-der-bahnhofstrasse-auf\\\/#primaryimage\",\"url\":\"https:\\\/\\\/www.immobilienbusiness.ch\\\/wp-content\\\/uploads\\\/2019\\\/09\\\/Manor.jpeg\",\"contentUrl\":\"https:\\\/\\\/www.immobilienbusiness.ch\\\/wp-content\\\/uploads\\\/2019\\\/09\\\/Manor.jpeg\",\"width\":1000,\"height\":563,\"caption\":\"Das Manor-Warenhaus an der Bahnhofstrasse (Bild: Manor)\"},{\"@type\":\"BreadcrumbList\",\"@id\":\"https:\\\/\\\/www.immobilienbusiness.ch\\\/en\\\/regionen\\\/2019-09-25\\\/zuerich-manor-gibt-standort-an-der-bahnhofstrasse-auf\\\/#breadcrumb\",\"itemListElement\":[{\"@type\":\"ListItem\",\"position\":1,\"name\":\"Home\",\"item\":\"https:\\\/\\\/www.immobilienbusiness.ch\\\/\"},{\"@type\":\"ListItem\",\"position\":2,\"name\":\"Z\u00fcrich: Manor gibt Standort an der Bahnhofstrasse auf\"}]},{\"@type\":\"WebSite\",\"@id\":\"https:\\\/\\\/www.immobilienbusiness.ch\\\/#website\",\"url\":\"https:\\\/\\\/www.immobilienbusiness.ch\\\/\",\"name\":\"IMMOBILIEN Business\",\"description\":\"Unabh\u00e4ngiges Schweizer Wirtschaftsmagazin mit Fokus auf Immobilien, Architektur- und Bau sowie Investment- und Finanzierung.\",\"publisher\":{\"@id\":\"https:\\\/\\\/www.immobilienbusiness.ch\\\/#organization\"},\"potentialAction\":[{\"@type\":\"SearchAction\",\"target\":{\"@type\":\"EntryPoint\",\"urlTemplate\":\"https:\\\/\\\/www.immobilienbusiness.ch\\\/?s={search_term_string}\"},\"query-input\":{\"@type\":\"PropertyValueSpecification\",\"valueRequired\":true,\"valueName\":\"search_term_string\"}}],\"inLanguage\":\"de\"},{\"@type\":\"Organization\",\"@id\":\"https:\\\/\\\/www.immobilienbusiness.ch\\\/#organization\",\"name\":\"IMMOBILIEN Business\",\"url\":\"https:\\\/\\\/www.immobilienbusiness.ch\\\/\",\"logo\":{\"@type\":\"ImageObject\",\"inLanguage\":\"de\",\"@id\":\"https:\\\/\\\/www.immobilienbusiness.ch\\\/#\\\/schema\\\/logo\\\/image\\\/\",\"url\":\"https:\\\/\\\/www.immobilienbusiness.ch\\\/wp-content\\\/uploads\\\/2021\\\/07\\\/logo_ib.png\",\"contentUrl\":\"https:\\\/\\\/www.immobilienbusiness.ch\\\/wp-content\\\/uploads\\\/2021\\\/07\\\/logo_ib.png\",\"width\":800,\"height\":181,\"caption\":\"IMMOBILIEN Business\"},\"image\":{\"@id\":\"https:\\\/\\\/www.immobilienbusiness.ch\\\/#\\\/schema\\\/logo\\\/image\\\/\"},\"sameAs\":[\"https:\\\/\\\/www.facebook.com\\\/immobilienbusiness\\\/\"]},{\"@type\":\"Person\",\"@id\":\"https:\\\/\\\/www.immobilienbusiness.ch\\\/#\\\/schema\\\/person\\\/3fc036297b10b9f42d6db5ee932af8c8\",\"name\":\"anja.hall\",\"image\":{\"@type\":\"ImageObject\",\"inLanguage\":\"de\",\"@id\":\"https:\\\/\\\/secure.gravatar.com\\\/avatar\\\/066b5a0d447013502c71a5782f4f3469f03cfe595cc2329fb94652fe47511bfb?s=96&d=mm&r=g\",\"url\":\"https:\\\/\\\/secure.gravatar.com\\\/avatar\\\/066b5a0d447013502c71a5782f4f3469f03cfe595cc2329fb94652fe47511bfb?s=96&d=mm&r=g\",\"contentUrl\":\"https:\\\/\\\/secure.gravatar.com\\\/avatar\\\/066b5a0d447013502c71a5782f4f3469f03cfe595cc2329fb94652fe47511bfb?s=96&d=mm&r=g\",\"caption\":\"anja.hall\"},\"url\":\"https:\\\/\\\/www.immobilienbusiness.ch\\\/de\\\/author\\\/anja-hall\\\/\"}]}<\/script>\n<!-- \/ Yoast SEO plugin. -->","yoast_head_json":{"title":"Z\u00fcrich: Manor gibt Standort an der Bahnhofstrasse auf - IMMOBILIEN Business","description":"Manor hat angek\u00fcndigt, den Warenhausstandort an der Z\u00fcrcher Bahnhofstrasse Ende Januar 2020 zu schliessen.","robots":{"index":"index","follow":"follow","max-snippet":"max-snippet:-1","max-image-preview":"max-image-preview:large","max-video-preview":"max-video-preview:-1"},"canonical":"https:\/\/www.immobilienbusiness.ch\/de\/regionen\/2019-09-25\/zuerich-manor-gibt-standort-an-der-bahnhofstrasse-auf\/","og_locale":"de_DE","og_type":"article","og_title":"Z\u00fcrich: Manor gibt Standort an der Bahnhofstrasse auf - IMMOBILIEN Business","og_description":"Manor hat angek\u00fcndigt, den Warenhausstandort an der Z\u00fcrcher Bahnhofstrasse Ende Januar 2020 zu schliessen.","og_url":"https:\/\/www.immobilienbusiness.ch\/de\/regionen\/2019-09-25\/zuerich-manor-gibt-standort-an-der-bahnhofstrasse-auf\/","og_site_name":"IMMOBILIEN Business","article_publisher":"https:\/\/www.facebook.com\/immobilienbusiness\/","article_published_time":"2019-09-25T06:58:55+00:00","og_image":[{"width":1000,"height":563,"url":"https:\/\/www.immobilienbusiness.ch\/wp-content\/uploads\/2019\/09\/Manor.jpeg","type":"image\/jpeg"}],"author":"anja.hall","twitter_card":"summary_large_image","twitter_image":"https:\/\/www.immobilienbusiness.ch\/wp-content\/uploads\/2019\/09\/Manor.jpeg","schema":{"@context":"https:\/\/schema.org","@graph":[{"@type":"Article","@id":"https:\/\/www.immobilienbusiness.ch\/en\/regionen\/2019-09-25\/zuerich-manor-gibt-standort-an-der-bahnhofstrasse-auf\/#article","isPartOf":{"@id":"https:\/\/www.immobilienbusiness.ch\/en\/regionen\/2019-09-25\/zuerich-manor-gibt-standort-an-der-bahnhofstrasse-auf\/"},"author":{"name":"anja.hall","@id":"https:\/\/www.immobilienbusiness.ch\/#\/schema\/person\/3fc036297b10b9f42d6db5ee932af8c8"},"headline":"Z\u00fcrich: Manor gibt Standort an der Bahnhofstrasse auf","datePublished":"2019-09-25T06:58:55+00:00","mainEntityOfPage":{"@id":"https:\/\/www.immobilienbusiness.ch\/en\/regionen\/2019-09-25\/zuerich-manor-gibt-standort-an-der-bahnhofstrasse-auf\/"},"wordCount":465,"publisher":{"@id":"https:\/\/www.immobilienbusiness.ch\/#organization"},"image":{"@id":"https:\/\/www.immobilienbusiness.ch\/en\/regionen\/2019-09-25\/zuerich-manor-gibt-standort-an-der-bahnhofstrasse-auf\/#primaryimage"},"thumbnailUrl":"https:\/\/www.immobilienbusiness.ch\/wp-content\/uploads\/2019\/09\/Manor.jpeg","keywords":["Bahnhofstrasse","Manor","Retailfl\u00e4chen","Swiss Life","Z\u00fcrich"],"articleSection":["REGIONEN"],"inLanguage":"de"},{"@type":"WebPage","@id":"https:\/\/www.immobilienbusiness.ch\/en\/regionen\/2019-09-25\/zuerich-manor-gibt-standort-an-der-bahnhofstrasse-auf\/","url":"https:\/\/www.immobilienbusiness.ch\/en\/regionen\/2019-09-25\/zuerich-manor-gibt-standort-an-der-bahnhofstrasse-auf\/","name":"Z\u00fcrich: Manor gibt Standort an der Bahnhofstrasse auf - IMMOBILIEN Business","isPartOf":{"@id":"https:\/\/www.immobilienbusiness.ch\/#website"},"primaryImageOfPage":{"@id":"https:\/\/www.immobilienbusiness.ch\/en\/regionen\/2019-09-25\/zuerich-manor-gibt-standort-an-der-bahnhofstrasse-auf\/#primaryimage"},"image":{"@id":"https:\/\/www.immobilienbusiness.ch\/en\/regionen\/2019-09-25\/zuerich-manor-gibt-standort-an-der-bahnhofstrasse-auf\/#primaryimage"},"thumbnailUrl":"https:\/\/www.immobilienbusiness.ch\/wp-content\/uploads\/2019\/09\/Manor.jpeg","datePublished":"2019-09-25T06:58:55+00:00","description":"Manor hat angek\u00fcndigt, den Warenhausstandort an der Z\u00fcrcher Bahnhofstrasse Ende Januar 2020 zu schliessen.","breadcrumb":{"@id":"https:\/\/www.immobilienbusiness.ch\/en\/regionen\/2019-09-25\/zuerich-manor-gibt-standort-an-der-bahnhofstrasse-auf\/#breadcrumb"},"inLanguage":"de","potentialAction":[{"@type":"ReadAction","target":["https:\/\/www.immobilienbusiness.ch\/en\/regionen\/2019-09-25\/zuerich-manor-gibt-standort-an-der-bahnhofstrasse-auf\/"]}]},{"@type":"ImageObject","inLanguage":"de","@id":"https:\/\/www.immobilienbusiness.ch\/en\/regionen\/2019-09-25\/zuerich-manor-gibt-standort-an-der-bahnhofstrasse-auf\/#primaryimage","url":"https:\/\/www.immobilienbusiness.ch\/wp-content\/uploads\/2019\/09\/Manor.jpeg","contentUrl":"https:\/\/www.immobilienbusiness.ch\/wp-content\/uploads\/2019\/09\/Manor.jpeg","width":1000,"height":563,"caption":"Das Manor-Warenhaus an der Bahnhofstrasse (Bild: Manor)"},{"@type":"BreadcrumbList","@id":"https:\/\/www.immobilienbusiness.ch\/en\/regionen\/2019-09-25\/zuerich-manor-gibt-standort-an-der-bahnhofstrasse-auf\/#breadcrumb","itemListElement":[{"@type":"ListItem","position":1,"name":"Home","item":"https:\/\/www.immobilienbusiness.ch\/"},{"@type":"ListItem","position":2,"name":"Z\u00fcrich: Manor gibt Standort an der Bahnhofstrasse auf"}]},{"@type":"WebSite","@id":"https:\/\/www.immobilienbusiness.ch\/#website","url":"https:\/\/www.immobilienbusiness.ch\/","name":"IMMOBILIEN Business","description":"Unabh\u00e4ngiges Schweizer Wirtschaftsmagazin mit Fokus auf Immobilien, Architektur- und Bau sowie Investment- und Finanzierung.","publisher":{"@id":"https:\/\/www.immobilienbusiness.ch\/#organization"},"potentialAction":[{"@type":"SearchAction","target":{"@type":"EntryPoint","urlTemplate":"https:\/\/www.immobilienbusiness.ch\/?s={search_term_string}"},"query-input":{"@type":"PropertyValueSpecification","valueRequired":true,"valueName":"search_term_string"}}],"inLanguage":"de"},{"@type":"Organization","@id":"https:\/\/www.immobilienbusiness.ch\/#organization","name":"IMMOBILIEN Business","url":"https:\/\/www.immobilienbusiness.ch\/","logo":{"@type":"ImageObject","inLanguage":"de","@id":"https:\/\/www.immobilienbusiness.ch\/#\/schema\/logo\/image\/","url":"https:\/\/www.immobilienbusiness.ch\/wp-content\/uploads\/2021\/07\/logo_ib.png","contentUrl":"https:\/\/www.immobilienbusiness.ch\/wp-content\/uploads\/2021\/07\/logo_ib.png","width":800,"height":181,"caption":"IMMOBILIEN Business"},"image":{"@id":"https:\/\/www.immobilienbusiness.ch\/#\/schema\/logo\/image\/"},"sameAs":["https:\/\/www.facebook.com\/immobilienbusiness\/"]},{"@type":"Person","@id":"https:\/\/www.immobilienbusiness.ch\/#\/schema\/person\/3fc036297b10b9f42d6db5ee932af8c8","name":"anja.hall","image":{"@type":"ImageObject","inLanguage":"de","@id":"https:\/\/secure.gravatar.com\/avatar\/066b5a0d447013502c71a5782f4f3469f03cfe595cc2329fb94652fe47511bfb?s=96&d=mm&r=g","url":"https:\/\/secure.gravatar.com\/avatar\/066b5a0d447013502c71a5782f4f3469f03cfe595cc2329fb94652fe47511bfb?s=96&d=mm&r=g","contentUrl":"https:\/\/secure.gravatar.com\/avatar\/066b5a0d447013502c71a5782f4f3469f03cfe595cc2329fb94652fe47511bfb?s=96&d=mm&r=g","caption":"anja.hall"},"url":"https:\/\/www.immobilienbusiness.ch\/de\/author\/anja-hall\/"}]}},"_links":{"self":[{"href":"https:\/\/www.immobilienbusiness.ch\/de\/wp-json\/wp\/v2\/posts\/18539","targetHints":{"allow":["GET"]}}],"collection":[{"href":"https:\/\/www.immobilienbusiness.ch\/de\/wp-json\/wp\/v2\/posts"}],"about":[{"href":"https:\/\/www.immobilienbusiness.ch\/de\/wp-json\/wp\/v2\/types\/post"}],"author":[{"embeddable":true,"href":"https:\/\/www.immobilienbusiness.ch\/de\/wp-json\/wp\/v2\/users\/3"}],"replies":[{"embeddable":true,"href":"https:\/\/www.immobilienbusiness.ch\/de\/wp-json\/wp\/v2\/comments?post=18539"}],"version-history":[{"count":0,"href":"https:\/\/www.immobilienbusiness.ch\/de\/wp-json\/wp\/v2\/posts\/18539\/revisions"}],"wp:featuredmedia":[{"embeddable":true,"href":"https:\/\/www.immobilienbusiness.ch\/de\/wp-json\/wp\/v2\/media\/18550"}],"wp:attachment":[{"href":"https:\/\/www.immobilienbusiness.ch\/de\/wp-json\/wp\/v2\/media?parent=18539"}],"wp:term":[{"taxonomy":"category","embeddable":true,"href":"https:\/\/www.immobilienbusiness.ch\/de\/wp-json\/wp\/v2\/categories?post=18539"},{"taxonomy":"post_tag","embeddable":true,"href":"https:\/\/www.immobilienbusiness.ch\/de\/wp-json\/wp\/v2\/tags?post=18539"}],"curies":[{"name":"wp","href":"https:\/\/api.w.org\/{rel}","templated":true}]}}