{"id":18535,"date":"2019-09-25T08:22:36","date_gmt":"2019-09-25T06:22:36","guid":{"rendered":"https:\/\/www.immobilienbusiness.ch\/?p=18535"},"modified":"2019-09-25T08:22:36","modified_gmt":"2019-09-25T06:22:36","slug":"investis-neuordnung-in-der-konzernleitung","status":"publish","type":"post","link":"https:\/\/www.immobilienbusiness.ch\/de\/unternehmen\/2019-09-25\/investis-neuordnung-in-der-konzernleitung\/","title":{"rendered":"Investis: Neuordnung in der Konzernleitung"},"content":{"rendered":"<figure id=\"attachment_18544\" aria-describedby=\"caption-attachment-18544\" style=\"width: 680px\" class=\"wp-caption alignnone\"><img loading=\"lazy\" decoding=\"async\" class=\"size-medium wp-image-18544\" src=\"https:\/\/www.immobilienbusiness.ch\/wp-content\/uploads\/2019\/09\/Depositphotos_52470619_l-2015-1024x793.jpg\" alt=\"\" width=\"680\" height=\"527\" \/><figcaption id=\"caption-attachment-18544\" class=\"wp-caption-text\">Walter Eberle \u00fcbernimmt bei Investis die Verantwortung f\u00fcr die Facility Service (Bild: rawpixel &#8211; depositphotos)<\/figcaption><\/figure>\n<p>Walter Eberle werde zum 1. Januar 2020 innerhalb der Konzernleitung die Verantwortung f\u00fcr das Segment Real Estate Services \u00fcbernehmen und trete gleichzeitig als CEO von Hauswartprofis zur\u00fcck, teilt Investis mit.<\/p>\n<p>Als CEO von Hauswartprofis folgt ihm laut Mitteilung von Investis Mich\u00e8le Goepfert, die seit Dezember 2016 bei ISS Facility Services verantwortlich f\u00fcr die Region Bern war.<\/p>\n<p>Dieter Sommer scheide aus der Konzernleitung aus und konzentriere sich wieder auf die F\u00fchrung von Privera, heisst es weiter. Sowohl Goepfert als auch Sommer werden an Eberle rapportieren. Er f\u00fchrt auch die \u00fcbrigen Gesellschaften im Facility Services.<\/p>\n<p>\u00abMit dieser neuen Struktur tragen wir dem <a href=\"https:\/\/www.immobilienbusiness.ch\/investis-trennt-sich-von-regie-du-rhone-und-kauft-in-genf-zu\/\">Verkauf von R\u00e9gie du Rh\u00f4ne<\/a> Rechnung und sichern die Nachfolgeregelung im Bereich Facility Services\u00bb, sagt St\u00e9phane Bonvin, CEO der Investis Gruppe.<\/p>\n","protected":false},"excerpt":{"rendered":"<p>Investis ordnet die F\u00fchrung des Bereichs Real Estate Services neu. Die Verantwortung auf Ebene der Konzernleitung \u00fcbernimmt zum kommenden Jahr Walter Eberle.<\/p>\n","protected":false},"author":3,"featured_media":18544,"comment_status":"closed","ping_status":"open","sticky":false,"template":"","format":"standard","meta":{"_acf_changed":false,"_yoast_wpseo_focuskw":"Investis","_yoast_wpseo_title":"","_yoast_wpseo_metadesc":"Investis ordnet die F\u00fchrung des Bereichs Real Estate Services neu. Die Verantwortung auf Ebene der Konzernleitung \u00fcbernimmt Walter Eberle.","_yoast_wpseo_linkdex":45,"pgc_sgb_lightbox_settings":"","footnotes":""},"categories":[988],"tags":[1379,1563],"class_list":["post-18535","post","type-post","status-publish","format-standard","has-post-thumbnail","hentry","category-unternehmen","tag-investis","tag-personalia"],"acf":[],"yoast_head":"<!-- This site is optimized with the Yoast SEO plugin v27.5 - https:\/\/yoast.com\/product\/yoast-seo-wordpress\/ -->\n<title>Investis: Neuordnung in der Konzernleitung - IMMOBILIEN Business<\/title>\n<meta name=\"description\" content=\"Investis ordnet die F\u00fchrung des Bereichs Real Estate Services neu. Die Verantwortung auf Ebene der Konzernleitung \u00fcbernimmt Walter Eberle.\" \/>\n<meta name=\"robots\" content=\"index, follow, max-snippet:-1, max-image-preview:large, max-video-preview:-1\" \/>\n<link rel=\"canonical\" href=\"https:\/\/www.immobilienbusiness.ch\/de\/unternehmen\/2019-09-25\/investis-neuordnung-in-der-konzernleitung\/\" \/>\n<meta property=\"og:locale\" content=\"de_DE\" \/>\n<meta property=\"og:type\" content=\"article\" \/>\n<meta property=\"og:title\" content=\"Investis: Neuordnung in der Konzernleitung - IMMOBILIEN Business\" \/>\n<meta property=\"og:description\" content=\"Investis ordnet die F\u00fchrung des Bereichs Real Estate Services neu. Die Verantwortung auf Ebene der Konzernleitung \u00fcbernimmt Walter Eberle.\" \/>\n<meta property=\"og:url\" content=\"https:\/\/www.immobilienbusiness.ch\/de\/unternehmen\/2019-09-25\/investis-neuordnung-in-der-konzernleitung\/\" \/>\n<meta property=\"og:site_name\" content=\"IMMOBILIEN Business\" \/>\n<meta property=\"article:publisher\" content=\"https:\/\/www.facebook.com\/immobilienbusiness\/\" \/>\n<meta property=\"article:published_time\" content=\"2019-09-25T06:22:36+00:00\" \/>\n<meta property=\"og:image\" content=\"https:\/\/www.immobilienbusiness.ch\/wp-content\/uploads\/2019\/09\/Depositphotos_52470619_l-2015-1024x793-1.jpg\" \/>\n\t<meta property=\"og:image:width\" content=\"1024\" \/>\n\t<meta property=\"og:image:height\" content=\"793\" \/>\n\t<meta property=\"og:image:type\" content=\"image\/jpeg\" \/>\n<meta name=\"author\" content=\"anja.hall\" \/>\n<meta name=\"twitter:card\" content=\"summary_large_image\" \/>\n<meta name=\"twitter:image\" content=\"https:\/\/www.immobilienbusiness.ch\/wp-content\/uploads\/2019\/09\/Depositphotos_52470619_l-2015-1024x793-1.jpg\" \/>\n<script type=\"application\/ld+json\" class=\"yoast-schema-graph\">{\"@context\":\"https:\\\/\\\/schema.org\",\"@graph\":[{\"@type\":\"Article\",\"@id\":\"https:\\\/\\\/www.immobilienbusiness.ch\\\/de\\\/unternehmen\\\/2019-09-25\\\/investis-neuordnung-in-der-konzernleitung\\\/#article\",\"isPartOf\":{\"@id\":\"https:\\\/\\\/www.immobilienbusiness.ch\\\/de\\\/unternehmen\\\/2019-09-25\\\/investis-neuordnung-in-der-konzernleitung\\\/\"},\"author\":{\"name\":\"anja.hall\",\"@id\":\"https:\\\/\\\/www.immobilienbusiness.ch\\\/#\\\/schema\\\/person\\\/3fc036297b10b9f42d6db5ee932af8c8\"},\"headline\":\"Investis: Neuordnung in der Konzernleitung\",\"datePublished\":\"2019-09-25T06:22:36+00:00\",\"mainEntityOfPage\":{\"@id\":\"https:\\\/\\\/www.immobilienbusiness.ch\\\/de\\\/unternehmen\\\/2019-09-25\\\/investis-neuordnung-in-der-konzernleitung\\\/\"},\"wordCount\":155,\"publisher\":{\"@id\":\"https:\\\/\\\/www.immobilienbusiness.ch\\\/#organization\"},\"image\":{\"@id\":\"https:\\\/\\\/www.immobilienbusiness.ch\\\/de\\\/unternehmen\\\/2019-09-25\\\/investis-neuordnung-in-der-konzernleitung\\\/#primaryimage\"},\"thumbnailUrl\":\"https:\\\/\\\/www.immobilienbusiness.ch\\\/wp-content\\\/uploads\\\/2019\\\/09\\\/Depositphotos_52470619_l-2015-1024x793-1.jpg\",\"keywords\":[\"Investis\",\"Personalia\"],\"articleSection\":[\"UNTERNEHMEN\"],\"inLanguage\":\"de\"},{\"@type\":\"WebPage\",\"@id\":\"https:\\\/\\\/www.immobilienbusiness.ch\\\/de\\\/unternehmen\\\/2019-09-25\\\/investis-neuordnung-in-der-konzernleitung\\\/\",\"url\":\"https:\\\/\\\/www.immobilienbusiness.ch\\\/de\\\/unternehmen\\\/2019-09-25\\\/investis-neuordnung-in-der-konzernleitung\\\/\",\"name\":\"Investis: Neuordnung in der Konzernleitung - IMMOBILIEN Business\",\"isPartOf\":{\"@id\":\"https:\\\/\\\/www.immobilienbusiness.ch\\\/#website\"},\"primaryImageOfPage\":{\"@id\":\"https:\\\/\\\/www.immobilienbusiness.ch\\\/de\\\/unternehmen\\\/2019-09-25\\\/investis-neuordnung-in-der-konzernleitung\\\/#primaryimage\"},\"image\":{\"@id\":\"https:\\\/\\\/www.immobilienbusiness.ch\\\/de\\\/unternehmen\\\/2019-09-25\\\/investis-neuordnung-in-der-konzernleitung\\\/#primaryimage\"},\"thumbnailUrl\":\"https:\\\/\\\/www.immobilienbusiness.ch\\\/wp-content\\\/uploads\\\/2019\\\/09\\\/Depositphotos_52470619_l-2015-1024x793-1.jpg\",\"datePublished\":\"2019-09-25T06:22:36+00:00\",\"description\":\"Investis ordnet die F\u00fchrung des Bereichs Real Estate Services neu. Die Verantwortung auf Ebene der Konzernleitung \u00fcbernimmt Walter Eberle.\",\"breadcrumb\":{\"@id\":\"https:\\\/\\\/www.immobilienbusiness.ch\\\/de\\\/unternehmen\\\/2019-09-25\\\/investis-neuordnung-in-der-konzernleitung\\\/#breadcrumb\"},\"inLanguage\":\"de\",\"potentialAction\":[{\"@type\":\"ReadAction\",\"target\":[\"https:\\\/\\\/www.immobilienbusiness.ch\\\/de\\\/unternehmen\\\/2019-09-25\\\/investis-neuordnung-in-der-konzernleitung\\\/\"]}]},{\"@type\":\"ImageObject\",\"inLanguage\":\"de\",\"@id\":\"https:\\\/\\\/www.immobilienbusiness.ch\\\/de\\\/unternehmen\\\/2019-09-25\\\/investis-neuordnung-in-der-konzernleitung\\\/#primaryimage\",\"url\":\"https:\\\/\\\/www.immobilienbusiness.ch\\\/wp-content\\\/uploads\\\/2019\\\/09\\\/Depositphotos_52470619_l-2015-1024x793-1.jpg\",\"contentUrl\":\"https:\\\/\\\/www.immobilienbusiness.ch\\\/wp-content\\\/uploads\\\/2019\\\/09\\\/Depositphotos_52470619_l-2015-1024x793-1.jpg\",\"width\":1024,\"height\":793,\"caption\":\"Walter Eberle \u00fcbernimmt bei Investis die Verantwortung f\u00fcr die Facility Service (Bild: rawpixel - depositphotos)\"},{\"@type\":\"BreadcrumbList\",\"@id\":\"https:\\\/\\\/www.immobilienbusiness.ch\\\/de\\\/unternehmen\\\/2019-09-25\\\/investis-neuordnung-in-der-konzernleitung\\\/#breadcrumb\",\"itemListElement\":[{\"@type\":\"ListItem\",\"position\":1,\"name\":\"Home\",\"item\":\"https:\\\/\\\/www.immobilienbusiness.ch\\\/\"},{\"@type\":\"ListItem\",\"position\":2,\"name\":\"Investis: Neuordnung in der Konzernleitung\"}]},{\"@type\":\"WebSite\",\"@id\":\"https:\\\/\\\/www.immobilienbusiness.ch\\\/#website\",\"url\":\"https:\\\/\\\/www.immobilienbusiness.ch\\\/\",\"name\":\"IMMOBILIEN Business\",\"description\":\"Unabh\u00e4ngiges Schweizer Wirtschaftsmagazin mit Fokus auf Immobilien, Architektur- und Bau sowie Investment- und Finanzierung.\",\"publisher\":{\"@id\":\"https:\\\/\\\/www.immobilienbusiness.ch\\\/#organization\"},\"potentialAction\":[{\"@type\":\"SearchAction\",\"target\":{\"@type\":\"EntryPoint\",\"urlTemplate\":\"https:\\\/\\\/www.immobilienbusiness.ch\\\/?s={search_term_string}\"},\"query-input\":{\"@type\":\"PropertyValueSpecification\",\"valueRequired\":true,\"valueName\":\"search_term_string\"}}],\"inLanguage\":\"de\"},{\"@type\":\"Organization\",\"@id\":\"https:\\\/\\\/www.immobilienbusiness.ch\\\/#organization\",\"name\":\"IMMOBILIEN Business\",\"url\":\"https:\\\/\\\/www.immobilienbusiness.ch\\\/\",\"logo\":{\"@type\":\"ImageObject\",\"inLanguage\":\"de\",\"@id\":\"https:\\\/\\\/www.immobilienbusiness.ch\\\/#\\\/schema\\\/logo\\\/image\\\/\",\"url\":\"https:\\\/\\\/www.immobilienbusiness.ch\\\/wp-content\\\/uploads\\\/2021\\\/07\\\/logo_ib.png\",\"contentUrl\":\"https:\\\/\\\/www.immobilienbusiness.ch\\\/wp-content\\\/uploads\\\/2021\\\/07\\\/logo_ib.png\",\"width\":800,\"height\":181,\"caption\":\"IMMOBILIEN Business\"},\"image\":{\"@id\":\"https:\\\/\\\/www.immobilienbusiness.ch\\\/#\\\/schema\\\/logo\\\/image\\\/\"},\"sameAs\":[\"https:\\\/\\\/www.facebook.com\\\/immobilienbusiness\\\/\"]},{\"@type\":\"Person\",\"@id\":\"https:\\\/\\\/www.immobilienbusiness.ch\\\/#\\\/schema\\\/person\\\/3fc036297b10b9f42d6db5ee932af8c8\",\"name\":\"anja.hall\",\"image\":{\"@type\":\"ImageObject\",\"inLanguage\":\"de\",\"@id\":\"https:\\\/\\\/secure.gravatar.com\\\/avatar\\\/066b5a0d447013502c71a5782f4f3469f03cfe595cc2329fb94652fe47511bfb?s=96&d=mm&r=g\",\"url\":\"https:\\\/\\\/secure.gravatar.com\\\/avatar\\\/066b5a0d447013502c71a5782f4f3469f03cfe595cc2329fb94652fe47511bfb?s=96&d=mm&r=g\",\"contentUrl\":\"https:\\\/\\\/secure.gravatar.com\\\/avatar\\\/066b5a0d447013502c71a5782f4f3469f03cfe595cc2329fb94652fe47511bfb?s=96&d=mm&r=g\",\"caption\":\"anja.hall\"},\"url\":\"https:\\\/\\\/www.immobilienbusiness.ch\\\/de\\\/author\\\/anja-hall\\\/\"}]}<\/script>\n<!-- \/ Yoast SEO plugin. -->","yoast_head_json":{"title":"Investis: Neuordnung in der Konzernleitung - IMMOBILIEN Business","description":"Investis ordnet die F\u00fchrung des Bereichs Real Estate Services neu. Die Verantwortung auf Ebene der Konzernleitung \u00fcbernimmt Walter Eberle.","robots":{"index":"index","follow":"follow","max-snippet":"max-snippet:-1","max-image-preview":"max-image-preview:large","max-video-preview":"max-video-preview:-1"},"canonical":"https:\/\/www.immobilienbusiness.ch\/de\/unternehmen\/2019-09-25\/investis-neuordnung-in-der-konzernleitung\/","og_locale":"de_DE","og_type":"article","og_title":"Investis: Neuordnung in der Konzernleitung - IMMOBILIEN Business","og_description":"Investis ordnet die F\u00fchrung des Bereichs Real Estate Services neu. Die Verantwortung auf Ebene der Konzernleitung \u00fcbernimmt Walter Eberle.","og_url":"https:\/\/www.immobilienbusiness.ch\/de\/unternehmen\/2019-09-25\/investis-neuordnung-in-der-konzernleitung\/","og_site_name":"IMMOBILIEN Business","article_publisher":"https:\/\/www.facebook.com\/immobilienbusiness\/","article_published_time":"2019-09-25T06:22:36+00:00","og_image":[{"width":1024,"height":793,"url":"https:\/\/www.immobilienbusiness.ch\/wp-content\/uploads\/2019\/09\/Depositphotos_52470619_l-2015-1024x793-1.jpg","type":"image\/jpeg"}],"author":"anja.hall","twitter_card":"summary_large_image","twitter_image":"https:\/\/www.immobilienbusiness.ch\/wp-content\/uploads\/2019\/09\/Depositphotos_52470619_l-2015-1024x793-1.jpg","schema":{"@context":"https:\/\/schema.org","@graph":[{"@type":"Article","@id":"https:\/\/www.immobilienbusiness.ch\/de\/unternehmen\/2019-09-25\/investis-neuordnung-in-der-konzernleitung\/#article","isPartOf":{"@id":"https:\/\/www.immobilienbusiness.ch\/de\/unternehmen\/2019-09-25\/investis-neuordnung-in-der-konzernleitung\/"},"author":{"name":"anja.hall","@id":"https:\/\/www.immobilienbusiness.ch\/#\/schema\/person\/3fc036297b10b9f42d6db5ee932af8c8"},"headline":"Investis: Neuordnung in der Konzernleitung","datePublished":"2019-09-25T06:22:36+00:00","mainEntityOfPage":{"@id":"https:\/\/www.immobilienbusiness.ch\/de\/unternehmen\/2019-09-25\/investis-neuordnung-in-der-konzernleitung\/"},"wordCount":155,"publisher":{"@id":"https:\/\/www.immobilienbusiness.ch\/#organization"},"image":{"@id":"https:\/\/www.immobilienbusiness.ch\/de\/unternehmen\/2019-09-25\/investis-neuordnung-in-der-konzernleitung\/#primaryimage"},"thumbnailUrl":"https:\/\/www.immobilienbusiness.ch\/wp-content\/uploads\/2019\/09\/Depositphotos_52470619_l-2015-1024x793-1.jpg","keywords":["Investis","Personalia"],"articleSection":["UNTERNEHMEN"],"inLanguage":"de"},{"@type":"WebPage","@id":"https:\/\/www.immobilienbusiness.ch\/de\/unternehmen\/2019-09-25\/investis-neuordnung-in-der-konzernleitung\/","url":"https:\/\/www.immobilienbusiness.ch\/de\/unternehmen\/2019-09-25\/investis-neuordnung-in-der-konzernleitung\/","name":"Investis: Neuordnung in der Konzernleitung - IMMOBILIEN Business","isPartOf":{"@id":"https:\/\/www.immobilienbusiness.ch\/#website"},"primaryImageOfPage":{"@id":"https:\/\/www.immobilienbusiness.ch\/de\/unternehmen\/2019-09-25\/investis-neuordnung-in-der-konzernleitung\/#primaryimage"},"image":{"@id":"https:\/\/www.immobilienbusiness.ch\/de\/unternehmen\/2019-09-25\/investis-neuordnung-in-der-konzernleitung\/#primaryimage"},"thumbnailUrl":"https:\/\/www.immobilienbusiness.ch\/wp-content\/uploads\/2019\/09\/Depositphotos_52470619_l-2015-1024x793-1.jpg","datePublished":"2019-09-25T06:22:36+00:00","description":"Investis ordnet die F\u00fchrung des Bereichs Real Estate Services neu. Die Verantwortung auf Ebene der Konzernleitung \u00fcbernimmt Walter Eberle.","breadcrumb":{"@id":"https:\/\/www.immobilienbusiness.ch\/de\/unternehmen\/2019-09-25\/investis-neuordnung-in-der-konzernleitung\/#breadcrumb"},"inLanguage":"de","potentialAction":[{"@type":"ReadAction","target":["https:\/\/www.immobilienbusiness.ch\/de\/unternehmen\/2019-09-25\/investis-neuordnung-in-der-konzernleitung\/"]}]},{"@type":"ImageObject","inLanguage":"de","@id":"https:\/\/www.immobilienbusiness.ch\/de\/unternehmen\/2019-09-25\/investis-neuordnung-in-der-konzernleitung\/#primaryimage","url":"https:\/\/www.immobilienbusiness.ch\/wp-content\/uploads\/2019\/09\/Depositphotos_52470619_l-2015-1024x793-1.jpg","contentUrl":"https:\/\/www.immobilienbusiness.ch\/wp-content\/uploads\/2019\/09\/Depositphotos_52470619_l-2015-1024x793-1.jpg","width":1024,"height":793,"caption":"Walter Eberle \u00fcbernimmt bei Investis die Verantwortung f\u00fcr die Facility Service (Bild: rawpixel - depositphotos)"},{"@type":"BreadcrumbList","@id":"https:\/\/www.immobilienbusiness.ch\/de\/unternehmen\/2019-09-25\/investis-neuordnung-in-der-konzernleitung\/#breadcrumb","itemListElement":[{"@type":"ListItem","position":1,"name":"Home","item":"https:\/\/www.immobilienbusiness.ch\/"},{"@type":"ListItem","position":2,"name":"Investis: Neuordnung in der Konzernleitung"}]},{"@type":"WebSite","@id":"https:\/\/www.immobilienbusiness.ch\/#website","url":"https:\/\/www.immobilienbusiness.ch\/","name":"IMMOBILIEN Business","description":"Unabh\u00e4ngiges Schweizer Wirtschaftsmagazin mit Fokus auf Immobilien, Architektur- und Bau sowie Investment- und Finanzierung.","publisher":{"@id":"https:\/\/www.immobilienbusiness.ch\/#organization"},"potentialAction":[{"@type":"SearchAction","target":{"@type":"EntryPoint","urlTemplate":"https:\/\/www.immobilienbusiness.ch\/?s={search_term_string}"},"query-input":{"@type":"PropertyValueSpecification","valueRequired":true,"valueName":"search_term_string"}}],"inLanguage":"de"},{"@type":"Organization","@id":"https:\/\/www.immobilienbusiness.ch\/#organization","name":"IMMOBILIEN Business","url":"https:\/\/www.immobilienbusiness.ch\/","logo":{"@type":"ImageObject","inLanguage":"de","@id":"https:\/\/www.immobilienbusiness.ch\/#\/schema\/logo\/image\/","url":"https:\/\/www.immobilienbusiness.ch\/wp-content\/uploads\/2021\/07\/logo_ib.png","contentUrl":"https:\/\/www.immobilienbusiness.ch\/wp-content\/uploads\/2021\/07\/logo_ib.png","width":800,"height":181,"caption":"IMMOBILIEN Business"},"image":{"@id":"https:\/\/www.immobilienbusiness.ch\/#\/schema\/logo\/image\/"},"sameAs":["https:\/\/www.facebook.com\/immobilienbusiness\/"]},{"@type":"Person","@id":"https:\/\/www.immobilienbusiness.ch\/#\/schema\/person\/3fc036297b10b9f42d6db5ee932af8c8","name":"anja.hall","image":{"@type":"ImageObject","inLanguage":"de","@id":"https:\/\/secure.gravatar.com\/avatar\/066b5a0d447013502c71a5782f4f3469f03cfe595cc2329fb94652fe47511bfb?s=96&d=mm&r=g","url":"https:\/\/secure.gravatar.com\/avatar\/066b5a0d447013502c71a5782f4f3469f03cfe595cc2329fb94652fe47511bfb?s=96&d=mm&r=g","contentUrl":"https:\/\/secure.gravatar.com\/avatar\/066b5a0d447013502c71a5782f4f3469f03cfe595cc2329fb94652fe47511bfb?s=96&d=mm&r=g","caption":"anja.hall"},"url":"https:\/\/www.immobilienbusiness.ch\/de\/author\/anja-hall\/"}]}},"_links":{"self":[{"href":"https:\/\/www.immobilienbusiness.ch\/de\/wp-json\/wp\/v2\/posts\/18535","targetHints":{"allow":["GET"]}}],"collection":[{"href":"https:\/\/www.immobilienbusiness.ch\/de\/wp-json\/wp\/v2\/posts"}],"about":[{"href":"https:\/\/www.immobilienbusiness.ch\/de\/wp-json\/wp\/v2\/types\/post"}],"author":[{"embeddable":true,"href":"https:\/\/www.immobilienbusiness.ch\/de\/wp-json\/wp\/v2\/users\/3"}],"replies":[{"embeddable":true,"href":"https:\/\/www.immobilienbusiness.ch\/de\/wp-json\/wp\/v2\/comments?post=18535"}],"version-history":[{"count":0,"href":"https:\/\/www.immobilienbusiness.ch\/de\/wp-json\/wp\/v2\/posts\/18535\/revisions"}],"wp:featuredmedia":[{"embeddable":true,"href":"https:\/\/www.immobilienbusiness.ch\/de\/wp-json\/wp\/v2\/media\/18544"}],"wp:attachment":[{"href":"https:\/\/www.immobilienbusiness.ch\/de\/wp-json\/wp\/v2\/media?parent=18535"}],"wp:term":[{"taxonomy":"category","embeddable":true,"href":"https:\/\/www.immobilienbusiness.ch\/de\/wp-json\/wp\/v2\/categories?post=18535"},{"taxonomy":"post_tag","embeddable":true,"href":"https:\/\/www.immobilienbusiness.ch\/de\/wp-json\/wp\/v2\/tags?post=18535"}],"curies":[{"name":"wp","href":"https:\/\/api.w.org\/{rel}","templated":true}]}}