{"id":18349,"date":"2019-09-11T08:59:07","date_gmt":"2019-09-11T06:59:07","guid":{"rendered":"https:\/\/www.immobilienbusiness.ch\/?p=18349"},"modified":"2019-09-11T08:59:07","modified_gmt":"2019-09-11T06:59:07","slug":"betreiber-fuer-gastro-und-eventflaechen-im-jed-steht-fest","status":"publish","type":"post","link":"https:\/\/www.immobilienbusiness.ch\/de\/regionen\/2019-09-11\/betreiber-fuer-gastro-und-eventflaechen-im-jed-steht-fest\/","title":{"rendered":"Betreiber f\u00fcr Gastro- und Eventfl\u00e4chen im JED steht fest"},"content":{"rendered":"<figure id=\"attachment_17180\" aria-describedby=\"caption-attachment-17180\" style=\"width: 680px\" class=\"wp-caption alignnone\"><img loading=\"lazy\" decoding=\"async\" class=\"size-medium wp-image-17180\" src=\"https:\/\/www.immobilienbusiness.ch\/wp-content\/uploads\/2019\/05\/190516_Prio_1_Uebersicht_vom_Gleis.jpg\" alt=\"\" width=\"680\" height=\"383\" srcset=\"https:\/\/www.immobilienbusiness.ch\/wp-content\/uploads\/2019\/05\/190516_Prio_1_Uebersicht_vom_Gleis.jpg 720w, https:\/\/www.immobilienbusiness.ch\/wp-content\/uploads\/2019\/05\/190516_Prio_1_Uebersicht_vom_Gleis-300x169.jpg 300w, https:\/\/www.immobilienbusiness.ch\/wp-content\/uploads\/2019\/05\/190516_Prio_1_Uebersicht_vom_Gleis-16x9.jpg 16w, https:\/\/www.immobilienbusiness.ch\/wp-content\/uploads\/2019\/05\/190516_Prio_1_Uebersicht_vom_Gleis-311x175.jpg 311w, https:\/\/www.immobilienbusiness.ch\/wp-content\/uploads\/2019\/05\/190516_Prio_1_Uebersicht_vom_Gleis-622x350.jpg 622w\" sizes=\"auto, (max-width: 680px) 100vw, 680px\" \/><figcaption id=\"caption-attachment-17180\" class=\"wp-caption-text\">Der Neubau JED in Schlieren (Visualisierung: www.nightnurse.ch)<\/figcaption><\/figure>\n<p>Mit dem JED erstellt die Swiss Prime Site auf dem Areal des ehemaligen Druckzentrum der NZZ in Schlieren (ZH) einen Neubau, der neben B\u00fcrofl\u00e4chen auch Begegnungszonen und Gastronomie- und Eventfl\u00e4chen umfasst.<\/p>\n<p>Auf 2.200 qm werden eine Industriehalle mit bis zu 18 Meter hohen Decken sowie weitere Bankett- und Eventfl\u00e4chen zur Verf\u00fcgung stehen, hinzu kommt ein Restaurant.<\/p>\n<p>Den Betrieb der Gastro- und Eventfl\u00e4chen wird Nicolai Squarra \u00fcbernehmen. Er ist seit 2015 Gesch\u00e4ftsf\u00fchrer von dine&amp;shine Event Catering, verantwortlich f\u00fcr den Eventbereich der SV Group und Vorstandsmitglied des Branchenverbandes Expo Event. Squarra wird noch bis zum 1. Juli 2020 bei dine&amp;shine arbeiten und den neuen Betrieb per 1. Oktober 2020 \u00fcbernehmen. F\u00fcr<\/p>\n<p>Squarra hatte 2016 mit dine&amp;shine w\u00e4hrend 18 Monaten im Rahmen des Zwischennutzungsprojektes \u00abOffset\u00bb die leerstehenden Hallen als Eventlocation sowie f\u00fcr ein Popup-Restaurant genutzt.<\/p>\n<p>Aus Sicht der Swiss Prime Site Immobilien positioniere sich JED aufgrund der unmittelbaren N\u00e4he zum Bahnhof Schlieren und der Anbindung an die Limmattalbahn \u00aboptimal im MICE Sektor\u00bb. Das Angebot schliesse die in der Eventbranche bekannte L\u00fccke im Locationsektor f\u00fcr kleine und mittelgrosse Events.<\/p>\n","protected":false},"excerpt":{"rendered":"<p>Der Unternehmer Nicolai Squarra wird die Gastro- und Eventlocation im JED in Schlieren betreiben, einem Projekt der Swiss Prime Site Immobilien.<\/p>\n","protected":false},"author":3,"featured_media":17180,"comment_status":"closed","ping_status":"open","sticky":false,"template":"","format":"standard","meta":{"_acf_changed":false,"_yoast_wpseo_focuskw":"JED","_yoast_wpseo_title":"","_yoast_wpseo_metadesc":"Der Unternehmer Nicolai Squarra wird die Gastro- und Eventlocation im JED in Schlieren betreiben, einem Projekt der Swiss Prime Site Immobilien.","_yoast_wpseo_linkdex":51,"pgc_sgb_lightbox_settings":"","footnotes":""},"categories":[985],"tags":[1254,1760,1832],"class_list":["post-18349","post","type-post","status-publish","format-standard","has-post-thumbnail","hentry","category-regionen","tag-gastronomie","tag-swiss-prime-site","tag-vermietung"],"acf":[],"yoast_head":"<!-- This site is optimized with the Yoast SEO plugin v27.5 - https:\/\/yoast.com\/product\/yoast-seo-wordpress\/ -->\n<title>Betreiber f\u00fcr Gastro- und Eventfl\u00e4chen im JED steht fest - IMMOBILIEN Business<\/title>\n<meta name=\"description\" content=\"Der Unternehmer Nicolai Squarra wird die Gastro- und Eventlocation im JED in Schlieren betreiben, einem Projekt der Swiss Prime Site Immobilien.\" \/>\n<meta name=\"robots\" content=\"index, follow, max-snippet:-1, max-image-preview:large, max-video-preview:-1\" \/>\n<link rel=\"canonical\" href=\"https:\/\/www.immobilienbusiness.ch\/de\/regionen\/2019-09-11\/betreiber-fuer-gastro-und-eventflaechen-im-jed-steht-fest\/\" \/>\n<meta property=\"og:locale\" content=\"de_DE\" \/>\n<meta property=\"og:type\" content=\"article\" \/>\n<meta property=\"og:title\" content=\"Betreiber f\u00fcr Gastro- und Eventfl\u00e4chen im JED steht fest - IMMOBILIEN Business\" \/>\n<meta property=\"og:description\" content=\"Der Unternehmer Nicolai Squarra wird die Gastro- und Eventlocation im JED in Schlieren betreiben, einem Projekt der Swiss Prime Site Immobilien.\" \/>\n<meta property=\"og:url\" content=\"https:\/\/www.immobilienbusiness.ch\/de\/regionen\/2019-09-11\/betreiber-fuer-gastro-und-eventflaechen-im-jed-steht-fest\/\" \/>\n<meta property=\"og:site_name\" content=\"IMMOBILIEN Business\" \/>\n<meta property=\"article:publisher\" content=\"https:\/\/www.facebook.com\/immobilienbusiness\/\" \/>\n<meta property=\"article:published_time\" content=\"2019-09-11T06:59:07+00:00\" \/>\n<meta property=\"og:image\" content=\"https:\/\/www.immobilienbusiness.ch\/wp-content\/uploads\/2019\/05\/190516_Prio_1_Uebersicht_vom_Gleis.jpg\" \/>\n\t<meta property=\"og:image:width\" content=\"720\" \/>\n\t<meta property=\"og:image:height\" content=\"405\" \/>\n\t<meta property=\"og:image:type\" content=\"image\/jpeg\" \/>\n<meta name=\"author\" content=\"anja.hall\" \/>\n<meta name=\"twitter:card\" content=\"summary_large_image\" \/>\n<meta name=\"twitter:image\" content=\"https:\/\/www.immobilienbusiness.ch\/wp-content\/uploads\/2019\/05\/190516_Prio_1_Uebersicht_vom_Gleis.jpg\" \/>\n<script type=\"application\/ld+json\" class=\"yoast-schema-graph\">{\"@context\":\"https:\\\/\\\/schema.org\",\"@graph\":[{\"@type\":\"Article\",\"@id\":\"https:\\\/\\\/www.immobilienbusiness.ch\\\/fr\\\/regionen\\\/2019-09-11\\\/betreiber-fuer-gastro-und-eventflaechen-im-jed-steht-fest\\\/#article\",\"isPartOf\":{\"@id\":\"https:\\\/\\\/www.immobilienbusiness.ch\\\/fr\\\/regionen\\\/2019-09-11\\\/betreiber-fuer-gastro-und-eventflaechen-im-jed-steht-fest\\\/\"},\"author\":{\"name\":\"anja.hall\",\"@id\":\"https:\\\/\\\/www.immobilienbusiness.ch\\\/#\\\/schema\\\/person\\\/3fc036297b10b9f42d6db5ee932af8c8\"},\"headline\":\"Betreiber f\u00fcr Gastro- und Eventfl\u00e4chen im JED steht fest\",\"datePublished\":\"2019-09-11T06:59:07+00:00\",\"mainEntityOfPage\":{\"@id\":\"https:\\\/\\\/www.immobilienbusiness.ch\\\/fr\\\/regionen\\\/2019-09-11\\\/betreiber-fuer-gastro-und-eventflaechen-im-jed-steht-fest\\\/\"},\"wordCount\":214,\"publisher\":{\"@id\":\"https:\\\/\\\/www.immobilienbusiness.ch\\\/#organization\"},\"image\":{\"@id\":\"https:\\\/\\\/www.immobilienbusiness.ch\\\/fr\\\/regionen\\\/2019-09-11\\\/betreiber-fuer-gastro-und-eventflaechen-im-jed-steht-fest\\\/#primaryimage\"},\"thumbnailUrl\":\"https:\\\/\\\/www.immobilienbusiness.ch\\\/wp-content\\\/uploads\\\/2019\\\/05\\\/190516_Prio_1_Uebersicht_vom_Gleis.jpg\",\"keywords\":[\"Gastronomie\",\"Swiss Prime Site\",\"Vermietung\"],\"articleSection\":[\"REGIONEN\"],\"inLanguage\":\"de\"},{\"@type\":\"WebPage\",\"@id\":\"https:\\\/\\\/www.immobilienbusiness.ch\\\/fr\\\/regionen\\\/2019-09-11\\\/betreiber-fuer-gastro-und-eventflaechen-im-jed-steht-fest\\\/\",\"url\":\"https:\\\/\\\/www.immobilienbusiness.ch\\\/fr\\\/regionen\\\/2019-09-11\\\/betreiber-fuer-gastro-und-eventflaechen-im-jed-steht-fest\\\/\",\"name\":\"Betreiber f\u00fcr Gastro- und Eventfl\u00e4chen im JED steht fest - IMMOBILIEN Business\",\"isPartOf\":{\"@id\":\"https:\\\/\\\/www.immobilienbusiness.ch\\\/#website\"},\"primaryImageOfPage\":{\"@id\":\"https:\\\/\\\/www.immobilienbusiness.ch\\\/fr\\\/regionen\\\/2019-09-11\\\/betreiber-fuer-gastro-und-eventflaechen-im-jed-steht-fest\\\/#primaryimage\"},\"image\":{\"@id\":\"https:\\\/\\\/www.immobilienbusiness.ch\\\/fr\\\/regionen\\\/2019-09-11\\\/betreiber-fuer-gastro-und-eventflaechen-im-jed-steht-fest\\\/#primaryimage\"},\"thumbnailUrl\":\"https:\\\/\\\/www.immobilienbusiness.ch\\\/wp-content\\\/uploads\\\/2019\\\/05\\\/190516_Prio_1_Uebersicht_vom_Gleis.jpg\",\"datePublished\":\"2019-09-11T06:59:07+00:00\",\"description\":\"Der Unternehmer Nicolai Squarra wird die Gastro- und Eventlocation im JED in Schlieren betreiben, einem Projekt der Swiss Prime Site Immobilien.\",\"breadcrumb\":{\"@id\":\"https:\\\/\\\/www.immobilienbusiness.ch\\\/fr\\\/regionen\\\/2019-09-11\\\/betreiber-fuer-gastro-und-eventflaechen-im-jed-steht-fest\\\/#breadcrumb\"},\"inLanguage\":\"de\",\"potentialAction\":[{\"@type\":\"ReadAction\",\"target\":[\"https:\\\/\\\/www.immobilienbusiness.ch\\\/fr\\\/regionen\\\/2019-09-11\\\/betreiber-fuer-gastro-und-eventflaechen-im-jed-steht-fest\\\/\"]}]},{\"@type\":\"ImageObject\",\"inLanguage\":\"de\",\"@id\":\"https:\\\/\\\/www.immobilienbusiness.ch\\\/fr\\\/regionen\\\/2019-09-11\\\/betreiber-fuer-gastro-und-eventflaechen-im-jed-steht-fest\\\/#primaryimage\",\"url\":\"https:\\\/\\\/www.immobilienbusiness.ch\\\/wp-content\\\/uploads\\\/2019\\\/05\\\/190516_Prio_1_Uebersicht_vom_Gleis.jpg\",\"contentUrl\":\"https:\\\/\\\/www.immobilienbusiness.ch\\\/wp-content\\\/uploads\\\/2019\\\/05\\\/190516_Prio_1_Uebersicht_vom_Gleis.jpg\",\"width\":720,\"height\":405,\"caption\":\"nightnurse images Visualisierungwww.nightnurse.ch\"},{\"@type\":\"BreadcrumbList\",\"@id\":\"https:\\\/\\\/www.immobilienbusiness.ch\\\/fr\\\/regionen\\\/2019-09-11\\\/betreiber-fuer-gastro-und-eventflaechen-im-jed-steht-fest\\\/#breadcrumb\",\"itemListElement\":[{\"@type\":\"ListItem\",\"position\":1,\"name\":\"Home\",\"item\":\"https:\\\/\\\/www.immobilienbusiness.ch\\\/\"},{\"@type\":\"ListItem\",\"position\":2,\"name\":\"Betreiber f\u00fcr Gastro- und Eventfl\u00e4chen im JED steht fest\"}]},{\"@type\":\"WebSite\",\"@id\":\"https:\\\/\\\/www.immobilienbusiness.ch\\\/#website\",\"url\":\"https:\\\/\\\/www.immobilienbusiness.ch\\\/\",\"name\":\"IMMOBILIEN Business\",\"description\":\"Unabh\u00e4ngiges Schweizer Wirtschaftsmagazin mit Fokus auf Immobilien, Architektur- und Bau sowie Investment- und Finanzierung.\",\"publisher\":{\"@id\":\"https:\\\/\\\/www.immobilienbusiness.ch\\\/#organization\"},\"potentialAction\":[{\"@type\":\"SearchAction\",\"target\":{\"@type\":\"EntryPoint\",\"urlTemplate\":\"https:\\\/\\\/www.immobilienbusiness.ch\\\/?s={search_term_string}\"},\"query-input\":{\"@type\":\"PropertyValueSpecification\",\"valueRequired\":true,\"valueName\":\"search_term_string\"}}],\"inLanguage\":\"de\"},{\"@type\":\"Organization\",\"@id\":\"https:\\\/\\\/www.immobilienbusiness.ch\\\/#organization\",\"name\":\"IMMOBILIEN Business\",\"url\":\"https:\\\/\\\/www.immobilienbusiness.ch\\\/\",\"logo\":{\"@type\":\"ImageObject\",\"inLanguage\":\"de\",\"@id\":\"https:\\\/\\\/www.immobilienbusiness.ch\\\/#\\\/schema\\\/logo\\\/image\\\/\",\"url\":\"https:\\\/\\\/www.immobilienbusiness.ch\\\/wp-content\\\/uploads\\\/2021\\\/07\\\/logo_ib.png\",\"contentUrl\":\"https:\\\/\\\/www.immobilienbusiness.ch\\\/wp-content\\\/uploads\\\/2021\\\/07\\\/logo_ib.png\",\"width\":800,\"height\":181,\"caption\":\"IMMOBILIEN Business\"},\"image\":{\"@id\":\"https:\\\/\\\/www.immobilienbusiness.ch\\\/#\\\/schema\\\/logo\\\/image\\\/\"},\"sameAs\":[\"https:\\\/\\\/www.facebook.com\\\/immobilienbusiness\\\/\"]},{\"@type\":\"Person\",\"@id\":\"https:\\\/\\\/www.immobilienbusiness.ch\\\/#\\\/schema\\\/person\\\/3fc036297b10b9f42d6db5ee932af8c8\",\"name\":\"anja.hall\",\"image\":{\"@type\":\"ImageObject\",\"inLanguage\":\"de\",\"@id\":\"https:\\\/\\\/secure.gravatar.com\\\/avatar\\\/066b5a0d447013502c71a5782f4f3469f03cfe595cc2329fb94652fe47511bfb?s=96&d=mm&r=g\",\"url\":\"https:\\\/\\\/secure.gravatar.com\\\/avatar\\\/066b5a0d447013502c71a5782f4f3469f03cfe595cc2329fb94652fe47511bfb?s=96&d=mm&r=g\",\"contentUrl\":\"https:\\\/\\\/secure.gravatar.com\\\/avatar\\\/066b5a0d447013502c71a5782f4f3469f03cfe595cc2329fb94652fe47511bfb?s=96&d=mm&r=g\",\"caption\":\"anja.hall\"},\"url\":\"https:\\\/\\\/www.immobilienbusiness.ch\\\/de\\\/author\\\/anja-hall\\\/\"}]}<\/script>\n<!-- \/ Yoast SEO plugin. -->","yoast_head_json":{"title":"Betreiber f\u00fcr Gastro- und Eventfl\u00e4chen im JED steht fest - IMMOBILIEN Business","description":"Der Unternehmer Nicolai Squarra wird die Gastro- und Eventlocation im JED in Schlieren betreiben, einem Projekt der Swiss Prime Site Immobilien.","robots":{"index":"index","follow":"follow","max-snippet":"max-snippet:-1","max-image-preview":"max-image-preview:large","max-video-preview":"max-video-preview:-1"},"canonical":"https:\/\/www.immobilienbusiness.ch\/de\/regionen\/2019-09-11\/betreiber-fuer-gastro-und-eventflaechen-im-jed-steht-fest\/","og_locale":"de_DE","og_type":"article","og_title":"Betreiber f\u00fcr Gastro- und Eventfl\u00e4chen im JED steht fest - IMMOBILIEN Business","og_description":"Der Unternehmer Nicolai Squarra wird die Gastro- und Eventlocation im JED in Schlieren betreiben, einem Projekt der Swiss Prime Site Immobilien.","og_url":"https:\/\/www.immobilienbusiness.ch\/de\/regionen\/2019-09-11\/betreiber-fuer-gastro-und-eventflaechen-im-jed-steht-fest\/","og_site_name":"IMMOBILIEN Business","article_publisher":"https:\/\/www.facebook.com\/immobilienbusiness\/","article_published_time":"2019-09-11T06:59:07+00:00","og_image":[{"width":720,"height":405,"url":"https:\/\/www.immobilienbusiness.ch\/wp-content\/uploads\/2019\/05\/190516_Prio_1_Uebersicht_vom_Gleis.jpg","type":"image\/jpeg"}],"author":"anja.hall","twitter_card":"summary_large_image","twitter_image":"https:\/\/www.immobilienbusiness.ch\/wp-content\/uploads\/2019\/05\/190516_Prio_1_Uebersicht_vom_Gleis.jpg","schema":{"@context":"https:\/\/schema.org","@graph":[{"@type":"Article","@id":"https:\/\/www.immobilienbusiness.ch\/fr\/regionen\/2019-09-11\/betreiber-fuer-gastro-und-eventflaechen-im-jed-steht-fest\/#article","isPartOf":{"@id":"https:\/\/www.immobilienbusiness.ch\/fr\/regionen\/2019-09-11\/betreiber-fuer-gastro-und-eventflaechen-im-jed-steht-fest\/"},"author":{"name":"anja.hall","@id":"https:\/\/www.immobilienbusiness.ch\/#\/schema\/person\/3fc036297b10b9f42d6db5ee932af8c8"},"headline":"Betreiber f\u00fcr Gastro- und Eventfl\u00e4chen im JED steht fest","datePublished":"2019-09-11T06:59:07+00:00","mainEntityOfPage":{"@id":"https:\/\/www.immobilienbusiness.ch\/fr\/regionen\/2019-09-11\/betreiber-fuer-gastro-und-eventflaechen-im-jed-steht-fest\/"},"wordCount":214,"publisher":{"@id":"https:\/\/www.immobilienbusiness.ch\/#organization"},"image":{"@id":"https:\/\/www.immobilienbusiness.ch\/fr\/regionen\/2019-09-11\/betreiber-fuer-gastro-und-eventflaechen-im-jed-steht-fest\/#primaryimage"},"thumbnailUrl":"https:\/\/www.immobilienbusiness.ch\/wp-content\/uploads\/2019\/05\/190516_Prio_1_Uebersicht_vom_Gleis.jpg","keywords":["Gastronomie","Swiss Prime Site","Vermietung"],"articleSection":["REGIONEN"],"inLanguage":"de"},{"@type":"WebPage","@id":"https:\/\/www.immobilienbusiness.ch\/fr\/regionen\/2019-09-11\/betreiber-fuer-gastro-und-eventflaechen-im-jed-steht-fest\/","url":"https:\/\/www.immobilienbusiness.ch\/fr\/regionen\/2019-09-11\/betreiber-fuer-gastro-und-eventflaechen-im-jed-steht-fest\/","name":"Betreiber f\u00fcr Gastro- und Eventfl\u00e4chen im JED steht fest - IMMOBILIEN Business","isPartOf":{"@id":"https:\/\/www.immobilienbusiness.ch\/#website"},"primaryImageOfPage":{"@id":"https:\/\/www.immobilienbusiness.ch\/fr\/regionen\/2019-09-11\/betreiber-fuer-gastro-und-eventflaechen-im-jed-steht-fest\/#primaryimage"},"image":{"@id":"https:\/\/www.immobilienbusiness.ch\/fr\/regionen\/2019-09-11\/betreiber-fuer-gastro-und-eventflaechen-im-jed-steht-fest\/#primaryimage"},"thumbnailUrl":"https:\/\/www.immobilienbusiness.ch\/wp-content\/uploads\/2019\/05\/190516_Prio_1_Uebersicht_vom_Gleis.jpg","datePublished":"2019-09-11T06:59:07+00:00","description":"Der Unternehmer Nicolai Squarra wird die Gastro- und Eventlocation im JED in Schlieren betreiben, einem Projekt der Swiss Prime Site Immobilien.","breadcrumb":{"@id":"https:\/\/www.immobilienbusiness.ch\/fr\/regionen\/2019-09-11\/betreiber-fuer-gastro-und-eventflaechen-im-jed-steht-fest\/#breadcrumb"},"inLanguage":"de","potentialAction":[{"@type":"ReadAction","target":["https:\/\/www.immobilienbusiness.ch\/fr\/regionen\/2019-09-11\/betreiber-fuer-gastro-und-eventflaechen-im-jed-steht-fest\/"]}]},{"@type":"ImageObject","inLanguage":"de","@id":"https:\/\/www.immobilienbusiness.ch\/fr\/regionen\/2019-09-11\/betreiber-fuer-gastro-und-eventflaechen-im-jed-steht-fest\/#primaryimage","url":"https:\/\/www.immobilienbusiness.ch\/wp-content\/uploads\/2019\/05\/190516_Prio_1_Uebersicht_vom_Gleis.jpg","contentUrl":"https:\/\/www.immobilienbusiness.ch\/wp-content\/uploads\/2019\/05\/190516_Prio_1_Uebersicht_vom_Gleis.jpg","width":720,"height":405,"caption":"nightnurse images Visualisierungwww.nightnurse.ch"},{"@type":"BreadcrumbList","@id":"https:\/\/www.immobilienbusiness.ch\/fr\/regionen\/2019-09-11\/betreiber-fuer-gastro-und-eventflaechen-im-jed-steht-fest\/#breadcrumb","itemListElement":[{"@type":"ListItem","position":1,"name":"Home","item":"https:\/\/www.immobilienbusiness.ch\/"},{"@type":"ListItem","position":2,"name":"Betreiber f\u00fcr Gastro- und Eventfl\u00e4chen im JED steht fest"}]},{"@type":"WebSite","@id":"https:\/\/www.immobilienbusiness.ch\/#website","url":"https:\/\/www.immobilienbusiness.ch\/","name":"IMMOBILIEN Business","description":"Unabh\u00e4ngiges Schweizer Wirtschaftsmagazin mit Fokus auf Immobilien, Architektur- und Bau sowie Investment- und Finanzierung.","publisher":{"@id":"https:\/\/www.immobilienbusiness.ch\/#organization"},"potentialAction":[{"@type":"SearchAction","target":{"@type":"EntryPoint","urlTemplate":"https:\/\/www.immobilienbusiness.ch\/?s={search_term_string}"},"query-input":{"@type":"PropertyValueSpecification","valueRequired":true,"valueName":"search_term_string"}}],"inLanguage":"de"},{"@type":"Organization","@id":"https:\/\/www.immobilienbusiness.ch\/#organization","name":"IMMOBILIEN Business","url":"https:\/\/www.immobilienbusiness.ch\/","logo":{"@type":"ImageObject","inLanguage":"de","@id":"https:\/\/www.immobilienbusiness.ch\/#\/schema\/logo\/image\/","url":"https:\/\/www.immobilienbusiness.ch\/wp-content\/uploads\/2021\/07\/logo_ib.png","contentUrl":"https:\/\/www.immobilienbusiness.ch\/wp-content\/uploads\/2021\/07\/logo_ib.png","width":800,"height":181,"caption":"IMMOBILIEN Business"},"image":{"@id":"https:\/\/www.immobilienbusiness.ch\/#\/schema\/logo\/image\/"},"sameAs":["https:\/\/www.facebook.com\/immobilienbusiness\/"]},{"@type":"Person","@id":"https:\/\/www.immobilienbusiness.ch\/#\/schema\/person\/3fc036297b10b9f42d6db5ee932af8c8","name":"anja.hall","image":{"@type":"ImageObject","inLanguage":"de","@id":"https:\/\/secure.gravatar.com\/avatar\/066b5a0d447013502c71a5782f4f3469f03cfe595cc2329fb94652fe47511bfb?s=96&d=mm&r=g","url":"https:\/\/secure.gravatar.com\/avatar\/066b5a0d447013502c71a5782f4f3469f03cfe595cc2329fb94652fe47511bfb?s=96&d=mm&r=g","contentUrl":"https:\/\/secure.gravatar.com\/avatar\/066b5a0d447013502c71a5782f4f3469f03cfe595cc2329fb94652fe47511bfb?s=96&d=mm&r=g","caption":"anja.hall"},"url":"https:\/\/www.immobilienbusiness.ch\/de\/author\/anja-hall\/"}]}},"_links":{"self":[{"href":"https:\/\/www.immobilienbusiness.ch\/de\/wp-json\/wp\/v2\/posts\/18349","targetHints":{"allow":["GET"]}}],"collection":[{"href":"https:\/\/www.immobilienbusiness.ch\/de\/wp-json\/wp\/v2\/posts"}],"about":[{"href":"https:\/\/www.immobilienbusiness.ch\/de\/wp-json\/wp\/v2\/types\/post"}],"author":[{"embeddable":true,"href":"https:\/\/www.immobilienbusiness.ch\/de\/wp-json\/wp\/v2\/users\/3"}],"replies":[{"embeddable":true,"href":"https:\/\/www.immobilienbusiness.ch\/de\/wp-json\/wp\/v2\/comments?post=18349"}],"version-history":[{"count":0,"href":"https:\/\/www.immobilienbusiness.ch\/de\/wp-json\/wp\/v2\/posts\/18349\/revisions"}],"wp:featuredmedia":[{"embeddable":true,"href":"https:\/\/www.immobilienbusiness.ch\/de\/wp-json\/wp\/v2\/media\/17180"}],"wp:attachment":[{"href":"https:\/\/www.immobilienbusiness.ch\/de\/wp-json\/wp\/v2\/media?parent=18349"}],"wp:term":[{"taxonomy":"category","embeddable":true,"href":"https:\/\/www.immobilienbusiness.ch\/de\/wp-json\/wp\/v2\/categories?post=18349"},{"taxonomy":"post_tag","embeddable":true,"href":"https:\/\/www.immobilienbusiness.ch\/de\/wp-json\/wp\/v2\/tags?post=18349"}],"curies":[{"name":"wp","href":"https:\/\/api.w.org\/{rel}","templated":true}]}}