{"id":1818,"date":"2015-12-07T08:59:55","date_gmt":"2015-12-07T07:59:55","guid":{"rendered":"http:\/\/dev.immobilienbusiness.ch\/?p=1818"},"modified":"2015-12-07T08:59:55","modified_gmt":"2015-12-07T07:59:55","slug":"orascom-nennt-details-zur-kapitalerhoehung","status":"publish","type":"post","link":"https:\/\/www.immobilienbusiness.ch\/de\/unternehmen\/2015-12-07\/orascom-nennt-details-zur-kapitalerhoehung\/","title":{"rendered":"Orascom nennt Details zur Kapitalerh\u00f6hung"},"content":{"rendered":"<figure id=\"attachment_1819\" aria-describedby=\"caption-attachment-1819\" style=\"width: 680px\" class=\"wp-caption alignnone\"><img loading=\"lazy\" decoding=\"async\" class=\"size-medium wp-image-1819\" src=\"https:\/\/immobilienbusiness.ch\/wp-content\/uploads\/2016\/12\/Orascom-nennt-Details-zur-Kapitalerh\u00f6hung-immobilien-business.jpg\" alt=\"Orascom plant eine Kapitalerh\u00f6hung um 133,8 Millionen CHF (Foto: Pixabay)\" width=\"680\" height=\"507\" \/><figcaption id=\"caption-attachment-1819\" class=\"wp-caption-text\">Orascom plant eine Kapitalerh\u00f6hung um 133,8 Millionen CHF (Foto: Pixabay)<\/figcaption><\/figure>\n<p>Der Verwaltungsrat von ODH habe den Ausgabepreis unter dem Nominalwert und mit einem leichten Aufschlag zum 30-t\u00e4gigen volumengewichteten Durchschnittspreis (VWAP) bei 11,28 CHF je Aktie festgelegt, teilt ODH mit. Das Eigenkapital des Unternehmens w\u00fcrde durch die Transaktion vor Abzug der Transaktionsgeb\u00fchren um 133,8 Millionen CHF gesteigert. Diese Erh\u00f6hung erfolge durch einen Neugeldzufluss von 49,6 Millionen CHF sowie eine Umwandlung eines Darlehens des Hauptaktion\u00e4rs Samih Sawiris in Eigenkapital in H\u00f6he von 84,2 Millionen CHF. Beim verbleibenden Teil der Kapitalerh\u00f6hung handele es sich um eine Umwandlung von verf\u00fcgbaren Reserven in Aktienkapital.<\/p>\n<p>ODH-Aktion\u00e4re erhalten ein Bezugsrecht f\u00fcr jede Namenaktie, die sie am 7. Dezember 2015 (nach B\u00f6rsenschluss) halten. Zw\u00f6lf Bezugsrechte gew\u00e4hren dem Inhaber das Anrecht, f\u00fcnf neue Namenaktien gegen Zahlung des Ausgabepreises zu erwerben.<\/p>\n<p>Die Bezugsrechte werden zwischen dem 8. Dezember und dem 14. Dezember, aus\u00fcbbar sein. Bezugsrechte, welche nicht bis zum Ende der Aus\u00fcbungsfrist ausge\u00fcbt worden sind, werden entsch\u00e4digungslos verfallen. Die Kotierung sowie der erste Handelstag der neuen Namenaktien an der SIX Swiss Exchange finden voraussichtlich am 16. Dezember 2015 statt.<\/p>\n<p>Samih O. Sawiris hat sich indirekt durch kontrollierte Gesellschaften verpflichtet, die im Rahmen der Kapitalerh\u00f6hung ihm (oder seinen Gesellschaften) zustehenden Bezugsrechte durch die Verrechnung von bestehenden Darlehen an ODH mit dem aggregierten Ausgabepreis der zustehenden Aktien vollst\u00e4ndig auszu\u00fcben. Zudem wird Sawiris \u00fcber eine durch ihn kontrollierte Gesellschaft alle neuen Aktien, f\u00fcr die im Rahmen der Bezugsrechtsemission bestehende Aktion\u00e4re auf die Aus\u00fcbung ihrer Bezugsrechte verzichtet haben, zum gleichen Ausgabepreis wie den bestehenden Aktion\u00e4ren angeboten, zu erwerben. (ah)<\/p>\n","protected":false},"excerpt":{"rendered":"<p>Der Immobilienentwickler Orascom Development Holding AG (ODH) hat die Bedingungen der geplanten Kapitalerh\u00f6hung ver\u00f6ffentlicht. Demnach sollen rund 11,86 Millionen neue Namenaktien zu einem Preis von 11,28 CHF je Aktie ausgegeben werden.<\/p>\n","protected":false},"author":1,"featured_media":1819,"comment_status":"open","ping_status":"open","sticky":false,"template":"","format":"standard","meta":{"_acf_changed":false,"_yoast_wpseo_focuskw":"Kapitalerh\u00f6hung ODH","_yoast_wpseo_title":"Kapitalerh\u00f6hung ODH: Details zur Finanztransaktion","_yoast_wpseo_metadesc":"Angesichts der Kapitalerh\u00f6hung von ODH wird das Eigenkapital durch Neueinlagen und Umwandlungen deutlich gesteigert. Aktuelle Finanzstrategie im Fokus.","_yoast_wpseo_linkdex":78,"pgc_sgb_lightbox_settings":"","footnotes":""},"categories":[988],"tags":[1807],"class_list":["post-1818","post","type-post","status-publish","format-standard","has-post-thumbnail","hentry","category-unternehmen","tag-unternehmen"],"acf":[],"yoast_head":"<!-- This site is optimized with the Yoast SEO plugin v27.4 - https:\/\/yoast.com\/product\/yoast-seo-wordpress\/ -->\n<title>Kapitalerh\u00f6hung ODH: Details zur Finanztransaktion<\/title>\n<meta name=\"description\" content=\"Angesichts der Kapitalerh\u00f6hung von ODH wird das Eigenkapital durch Neueinlagen und Umwandlungen deutlich gesteigert. Aktuelle Finanzstrategie im Fokus.\" \/>\n<meta name=\"robots\" content=\"index, follow, max-snippet:-1, max-image-preview:large, max-video-preview:-1\" \/>\n<link rel=\"canonical\" href=\"https:\/\/www.immobilienbusiness.ch\/de\/unternehmen\/2015-12-07\/orascom-nennt-details-zur-kapitalerhoehung\/\" \/>\n<meta property=\"og:locale\" content=\"de_DE\" \/>\n<meta property=\"og:type\" content=\"article\" \/>\n<meta property=\"og:title\" content=\"Orascom nennt Details zur Kapitalerh\u00f6hung\" \/>\n<meta property=\"og:description\" content=\"Der Immobilienentwickler Orascom Development Holding AG (ODH) hat die Bedingungen der geplanten Kapitalerh\u00f6hung ver\u00f6ffentlicht. Demnach sollen rund 11,86 Millionen neue Namenaktien zu einem Preis von 11,28 CHF je Aktie ausgegeben werden.\" \/>\n<meta property=\"og:url\" content=\"https:\/\/www.immobilienbusiness.ch\/de\/unternehmen\/2015-12-07\/orascom-nennt-details-zur-kapitalerhoehung\/\" \/>\n<meta property=\"og:site_name\" content=\"IMMOBILIEN Business\" \/>\n<meta property=\"article:publisher\" content=\"https:\/\/www.facebook.com\/immobilienbusiness\/\" \/>\n<meta property=\"article:published_time\" content=\"2015-12-07T07:59:55+00:00\" \/>\n<meta name=\"author\" content=\"Redaktion\" \/>\n<meta name=\"twitter:card\" content=\"summary_large_image\" \/>\n<meta name=\"twitter:image\" content=\"https:\/\/www.immobilienbusiness.ch\/wp-content\/uploads\/2016\/12\/Orascom-nennt-Details-zur-Kapitalerhoehung-immobilien-business.jpg\" \/>\n<script type=\"application\/ld+json\" class=\"yoast-schema-graph\">{\"@context\":\"https:\\\/\\\/schema.org\",\"@graph\":[{\"@type\":\"Article\",\"@id\":\"https:\\\/\\\/www.immobilienbusiness.ch\\\/unternehmen\\\/2015-12-07\\\/orascom-nennt-details-zur-kapitalerhoehung\\\/#article\",\"isPartOf\":{\"@id\":\"https:\\\/\\\/www.immobilienbusiness.ch\\\/unternehmen\\\/2015-12-07\\\/orascom-nennt-details-zur-kapitalerhoehung\\\/\"},\"author\":{\"name\":\"Redaktion\",\"@id\":\"https:\\\/\\\/www.immobilienbusiness.ch\\\/#\\\/schema\\\/person\\\/aa2bace6c5c5aad60102004a50c4eb1c\"},\"headline\":\"Orascom nennt Details zur Kapitalerh\u00f6hung\",\"datePublished\":\"2015-12-07T07:59:55+00:00\",\"mainEntityOfPage\":{\"@id\":\"https:\\\/\\\/www.immobilienbusiness.ch\\\/unternehmen\\\/2015-12-07\\\/orascom-nennt-details-zur-kapitalerhoehung\\\/\"},\"wordCount\":283,\"commentCount\":0,\"publisher\":{\"@id\":\"https:\\\/\\\/www.immobilienbusiness.ch\\\/#organization\"},\"image\":{\"@id\":\"https:\\\/\\\/www.immobilienbusiness.ch\\\/unternehmen\\\/2015-12-07\\\/orascom-nennt-details-zur-kapitalerhoehung\\\/#primaryimage\"},\"thumbnailUrl\":\"https:\\\/\\\/www.immobilienbusiness.ch\\\/wp-content\\\/uploads\\\/2016\\\/12\\\/Orascom-nennt-Details-zur-Kapitalerhoehung-immobilien-business.jpg\",\"keywords\":[\"Unternehmen\"],\"articleSection\":[\"UNTERNEHMEN\"],\"inLanguage\":\"de\"},{\"@type\":\"WebPage\",\"@id\":\"https:\\\/\\\/www.immobilienbusiness.ch\\\/unternehmen\\\/2015-12-07\\\/orascom-nennt-details-zur-kapitalerhoehung\\\/\",\"url\":\"https:\\\/\\\/www.immobilienbusiness.ch\\\/unternehmen\\\/2015-12-07\\\/orascom-nennt-details-zur-kapitalerhoehung\\\/\",\"name\":\"Kapitalerh\u00f6hung ODH: Details zur Finanztransaktion\",\"isPartOf\":{\"@id\":\"https:\\\/\\\/www.immobilienbusiness.ch\\\/#website\"},\"primaryImageOfPage\":{\"@id\":\"https:\\\/\\\/www.immobilienbusiness.ch\\\/unternehmen\\\/2015-12-07\\\/orascom-nennt-details-zur-kapitalerhoehung\\\/#primaryimage\"},\"image\":{\"@id\":\"https:\\\/\\\/www.immobilienbusiness.ch\\\/unternehmen\\\/2015-12-07\\\/orascom-nennt-details-zur-kapitalerhoehung\\\/#primaryimage\"},\"thumbnailUrl\":\"https:\\\/\\\/www.immobilienbusiness.ch\\\/wp-content\\\/uploads\\\/2016\\\/12\\\/Orascom-nennt-Details-zur-Kapitalerhoehung-immobilien-business.jpg\",\"datePublished\":\"2015-12-07T07:59:55+00:00\",\"description\":\"Angesichts der Kapitalerh\u00f6hung von ODH wird das Eigenkapital durch Neueinlagen und Umwandlungen deutlich gesteigert. Aktuelle Finanzstrategie im Fokus.\",\"breadcrumb\":{\"@id\":\"https:\\\/\\\/www.immobilienbusiness.ch\\\/unternehmen\\\/2015-12-07\\\/orascom-nennt-details-zur-kapitalerhoehung\\\/#breadcrumb\"},\"inLanguage\":\"de\",\"potentialAction\":[{\"@type\":\"ReadAction\",\"target\":[\"https:\\\/\\\/www.immobilienbusiness.ch\\\/unternehmen\\\/2015-12-07\\\/orascom-nennt-details-zur-kapitalerhoehung\\\/\"]}]},{\"@type\":\"ImageObject\",\"inLanguage\":\"de\",\"@id\":\"https:\\\/\\\/www.immobilienbusiness.ch\\\/unternehmen\\\/2015-12-07\\\/orascom-nennt-details-zur-kapitalerhoehung\\\/#primaryimage\",\"url\":\"https:\\\/\\\/www.immobilienbusiness.ch\\\/wp-content\\\/uploads\\\/2016\\\/12\\\/Orascom-nennt-Details-zur-Kapitalerhoehung-immobilien-business.jpg\",\"contentUrl\":\"https:\\\/\\\/www.immobilienbusiness.ch\\\/wp-content\\\/uploads\\\/2016\\\/12\\\/Orascom-nennt-Details-zur-Kapitalerhoehung-immobilien-business.jpg\",\"width\":1280,\"height\":955,\"caption\":\"Die Kapitalerh\u00f6hung des SF Retail Properties Fund startet dieser Tage (Foto: Pixabay)\"},{\"@type\":\"BreadcrumbList\",\"@id\":\"https:\\\/\\\/www.immobilienbusiness.ch\\\/unternehmen\\\/2015-12-07\\\/orascom-nennt-details-zur-kapitalerhoehung\\\/#breadcrumb\",\"itemListElement\":[{\"@type\":\"ListItem\",\"position\":1,\"name\":\"Home\",\"item\":\"https:\\\/\\\/www.immobilienbusiness.ch\\\/\"},{\"@type\":\"ListItem\",\"position\":2,\"name\":\"Orascom nennt Details zur Kapitalerh\u00f6hung\"}]},{\"@type\":\"WebSite\",\"@id\":\"https:\\\/\\\/www.immobilienbusiness.ch\\\/#website\",\"url\":\"https:\\\/\\\/www.immobilienbusiness.ch\\\/\",\"name\":\"IMMOBILIEN Business\",\"description\":\"Unabh\u00e4ngiges Schweizer Wirtschaftsmagazin mit Fokus auf Immobilien, Architektur- und Bau sowie Investment- und Finanzierung.\",\"publisher\":{\"@id\":\"https:\\\/\\\/www.immobilienbusiness.ch\\\/#organization\"},\"potentialAction\":[{\"@type\":\"SearchAction\",\"target\":{\"@type\":\"EntryPoint\",\"urlTemplate\":\"https:\\\/\\\/www.immobilienbusiness.ch\\\/?s={search_term_string}\"},\"query-input\":{\"@type\":\"PropertyValueSpecification\",\"valueRequired\":true,\"valueName\":\"search_term_string\"}}],\"inLanguage\":\"de\"},{\"@type\":\"Organization\",\"@id\":\"https:\\\/\\\/www.immobilienbusiness.ch\\\/#organization\",\"name\":\"IMMOBILIEN Business\",\"url\":\"https:\\\/\\\/www.immobilienbusiness.ch\\\/\",\"logo\":{\"@type\":\"ImageObject\",\"inLanguage\":\"de\",\"@id\":\"https:\\\/\\\/www.immobilienbusiness.ch\\\/#\\\/schema\\\/logo\\\/image\\\/\",\"url\":\"https:\\\/\\\/www.immobilienbusiness.ch\\\/wp-content\\\/uploads\\\/2021\\\/07\\\/logo_ib.png\",\"contentUrl\":\"https:\\\/\\\/www.immobilienbusiness.ch\\\/wp-content\\\/uploads\\\/2021\\\/07\\\/logo_ib.png\",\"width\":800,\"height\":181,\"caption\":\"IMMOBILIEN Business\"},\"image\":{\"@id\":\"https:\\\/\\\/www.immobilienbusiness.ch\\\/#\\\/schema\\\/logo\\\/image\\\/\"},\"sameAs\":[\"https:\\\/\\\/www.facebook.com\\\/immobilienbusiness\\\/\"]},{\"@type\":\"Person\",\"@id\":\"https:\\\/\\\/www.immobilienbusiness.ch\\\/#\\\/schema\\\/person\\\/aa2bace6c5c5aad60102004a50c4eb1c\",\"name\":\"Redaktion\",\"image\":{\"@type\":\"ImageObject\",\"inLanguage\":\"de\",\"@id\":\"https:\\\/\\\/secure.gravatar.com\\\/avatar\\\/ae2f4d718e6c49043e314ce431e7e645d646302a24a5ef5a8bc8e3f5a032e319?s=96&d=mm&r=g\",\"url\":\"https:\\\/\\\/secure.gravatar.com\\\/avatar\\\/ae2f4d718e6c49043e314ce431e7e645d646302a24a5ef5a8bc8e3f5a032e319?s=96&d=mm&r=g\",\"contentUrl\":\"https:\\\/\\\/secure.gravatar.com\\\/avatar\\\/ae2f4d718e6c49043e314ce431e7e645d646302a24a5ef5a8bc8e3f5a032e319?s=96&d=mm&r=g\",\"caption\":\"Redaktion\"},\"sameAs\":[\"http:\\\/\\\/develop.organisator.galledia.ch\"],\"url\":\"https:\\\/\\\/www.immobilienbusiness.ch\\\/de\\\/author\\\/admin\\\/\"}]}<\/script>\n<!-- \/ Yoast SEO plugin. -->","yoast_head_json":{"title":"Kapitalerh\u00f6hung ODH: Details zur Finanztransaktion","description":"Angesichts der Kapitalerh\u00f6hung von ODH wird das Eigenkapital durch Neueinlagen und Umwandlungen deutlich gesteigert. Aktuelle Finanzstrategie im Fokus.","robots":{"index":"index","follow":"follow","max-snippet":"max-snippet:-1","max-image-preview":"max-image-preview:large","max-video-preview":"max-video-preview:-1"},"canonical":"https:\/\/www.immobilienbusiness.ch\/de\/unternehmen\/2015-12-07\/orascom-nennt-details-zur-kapitalerhoehung\/","og_locale":"de_DE","og_type":"article","og_title":"Orascom nennt Details zur Kapitalerh\u00f6hung","og_description":"Der Immobilienentwickler Orascom Development Holding AG (ODH) hat die Bedingungen der geplanten Kapitalerh\u00f6hung ver\u00f6ffentlicht. Demnach sollen rund 11,86 Millionen neue Namenaktien zu einem Preis von 11,28 CHF je Aktie ausgegeben werden.","og_url":"https:\/\/www.immobilienbusiness.ch\/de\/unternehmen\/2015-12-07\/orascom-nennt-details-zur-kapitalerhoehung\/","og_site_name":"IMMOBILIEN Business","article_publisher":"https:\/\/www.facebook.com\/immobilienbusiness\/","article_published_time":"2015-12-07T07:59:55+00:00","author":"Redaktion","twitter_card":"summary_large_image","twitter_image":"https:\/\/www.immobilienbusiness.ch\/wp-content\/uploads\/2016\/12\/Orascom-nennt-Details-zur-Kapitalerhoehung-immobilien-business.jpg","schema":{"@context":"https:\/\/schema.org","@graph":[{"@type":"Article","@id":"https:\/\/www.immobilienbusiness.ch\/unternehmen\/2015-12-07\/orascom-nennt-details-zur-kapitalerhoehung\/#article","isPartOf":{"@id":"https:\/\/www.immobilienbusiness.ch\/unternehmen\/2015-12-07\/orascom-nennt-details-zur-kapitalerhoehung\/"},"author":{"name":"Redaktion","@id":"https:\/\/www.immobilienbusiness.ch\/#\/schema\/person\/aa2bace6c5c5aad60102004a50c4eb1c"},"headline":"Orascom nennt Details zur Kapitalerh\u00f6hung","datePublished":"2015-12-07T07:59:55+00:00","mainEntityOfPage":{"@id":"https:\/\/www.immobilienbusiness.ch\/unternehmen\/2015-12-07\/orascom-nennt-details-zur-kapitalerhoehung\/"},"wordCount":283,"commentCount":0,"publisher":{"@id":"https:\/\/www.immobilienbusiness.ch\/#organization"},"image":{"@id":"https:\/\/www.immobilienbusiness.ch\/unternehmen\/2015-12-07\/orascom-nennt-details-zur-kapitalerhoehung\/#primaryimage"},"thumbnailUrl":"https:\/\/www.immobilienbusiness.ch\/wp-content\/uploads\/2016\/12\/Orascom-nennt-Details-zur-Kapitalerhoehung-immobilien-business.jpg","keywords":["Unternehmen"],"articleSection":["UNTERNEHMEN"],"inLanguage":"de"},{"@type":"WebPage","@id":"https:\/\/www.immobilienbusiness.ch\/unternehmen\/2015-12-07\/orascom-nennt-details-zur-kapitalerhoehung\/","url":"https:\/\/www.immobilienbusiness.ch\/unternehmen\/2015-12-07\/orascom-nennt-details-zur-kapitalerhoehung\/","name":"Kapitalerh\u00f6hung ODH: Details zur Finanztransaktion","isPartOf":{"@id":"https:\/\/www.immobilienbusiness.ch\/#website"},"primaryImageOfPage":{"@id":"https:\/\/www.immobilienbusiness.ch\/unternehmen\/2015-12-07\/orascom-nennt-details-zur-kapitalerhoehung\/#primaryimage"},"image":{"@id":"https:\/\/www.immobilienbusiness.ch\/unternehmen\/2015-12-07\/orascom-nennt-details-zur-kapitalerhoehung\/#primaryimage"},"thumbnailUrl":"https:\/\/www.immobilienbusiness.ch\/wp-content\/uploads\/2016\/12\/Orascom-nennt-Details-zur-Kapitalerhoehung-immobilien-business.jpg","datePublished":"2015-12-07T07:59:55+00:00","description":"Angesichts der Kapitalerh\u00f6hung von ODH wird das Eigenkapital durch Neueinlagen und Umwandlungen deutlich gesteigert. Aktuelle Finanzstrategie im Fokus.","breadcrumb":{"@id":"https:\/\/www.immobilienbusiness.ch\/unternehmen\/2015-12-07\/orascom-nennt-details-zur-kapitalerhoehung\/#breadcrumb"},"inLanguage":"de","potentialAction":[{"@type":"ReadAction","target":["https:\/\/www.immobilienbusiness.ch\/unternehmen\/2015-12-07\/orascom-nennt-details-zur-kapitalerhoehung\/"]}]},{"@type":"ImageObject","inLanguage":"de","@id":"https:\/\/www.immobilienbusiness.ch\/unternehmen\/2015-12-07\/orascom-nennt-details-zur-kapitalerhoehung\/#primaryimage","url":"https:\/\/www.immobilienbusiness.ch\/wp-content\/uploads\/2016\/12\/Orascom-nennt-Details-zur-Kapitalerhoehung-immobilien-business.jpg","contentUrl":"https:\/\/www.immobilienbusiness.ch\/wp-content\/uploads\/2016\/12\/Orascom-nennt-Details-zur-Kapitalerhoehung-immobilien-business.jpg","width":1280,"height":955,"caption":"Die Kapitalerh\u00f6hung des SF Retail Properties Fund startet dieser Tage (Foto: Pixabay)"},{"@type":"BreadcrumbList","@id":"https:\/\/www.immobilienbusiness.ch\/unternehmen\/2015-12-07\/orascom-nennt-details-zur-kapitalerhoehung\/#breadcrumb","itemListElement":[{"@type":"ListItem","position":1,"name":"Home","item":"https:\/\/www.immobilienbusiness.ch\/"},{"@type":"ListItem","position":2,"name":"Orascom nennt Details zur Kapitalerh\u00f6hung"}]},{"@type":"WebSite","@id":"https:\/\/www.immobilienbusiness.ch\/#website","url":"https:\/\/www.immobilienbusiness.ch\/","name":"IMMOBILIEN Business","description":"Unabh\u00e4ngiges Schweizer Wirtschaftsmagazin mit Fokus auf Immobilien, Architektur- und Bau sowie Investment- und Finanzierung.","publisher":{"@id":"https:\/\/www.immobilienbusiness.ch\/#organization"},"potentialAction":[{"@type":"SearchAction","target":{"@type":"EntryPoint","urlTemplate":"https:\/\/www.immobilienbusiness.ch\/?s={search_term_string}"},"query-input":{"@type":"PropertyValueSpecification","valueRequired":true,"valueName":"search_term_string"}}],"inLanguage":"de"},{"@type":"Organization","@id":"https:\/\/www.immobilienbusiness.ch\/#organization","name":"IMMOBILIEN Business","url":"https:\/\/www.immobilienbusiness.ch\/","logo":{"@type":"ImageObject","inLanguage":"de","@id":"https:\/\/www.immobilienbusiness.ch\/#\/schema\/logo\/image\/","url":"https:\/\/www.immobilienbusiness.ch\/wp-content\/uploads\/2021\/07\/logo_ib.png","contentUrl":"https:\/\/www.immobilienbusiness.ch\/wp-content\/uploads\/2021\/07\/logo_ib.png","width":800,"height":181,"caption":"IMMOBILIEN Business"},"image":{"@id":"https:\/\/www.immobilienbusiness.ch\/#\/schema\/logo\/image\/"},"sameAs":["https:\/\/www.facebook.com\/immobilienbusiness\/"]},{"@type":"Person","@id":"https:\/\/www.immobilienbusiness.ch\/#\/schema\/person\/aa2bace6c5c5aad60102004a50c4eb1c","name":"Redaktion","image":{"@type":"ImageObject","inLanguage":"de","@id":"https:\/\/secure.gravatar.com\/avatar\/ae2f4d718e6c49043e314ce431e7e645d646302a24a5ef5a8bc8e3f5a032e319?s=96&d=mm&r=g","url":"https:\/\/secure.gravatar.com\/avatar\/ae2f4d718e6c49043e314ce431e7e645d646302a24a5ef5a8bc8e3f5a032e319?s=96&d=mm&r=g","contentUrl":"https:\/\/secure.gravatar.com\/avatar\/ae2f4d718e6c49043e314ce431e7e645d646302a24a5ef5a8bc8e3f5a032e319?s=96&d=mm&r=g","caption":"Redaktion"},"sameAs":["http:\/\/develop.organisator.galledia.ch"],"url":"https:\/\/www.immobilienbusiness.ch\/de\/author\/admin\/"}]}},"_links":{"self":[{"href":"https:\/\/www.immobilienbusiness.ch\/de\/wp-json\/wp\/v2\/posts\/1818","targetHints":{"allow":["GET"]}}],"collection":[{"href":"https:\/\/www.immobilienbusiness.ch\/de\/wp-json\/wp\/v2\/posts"}],"about":[{"href":"https:\/\/www.immobilienbusiness.ch\/de\/wp-json\/wp\/v2\/types\/post"}],"author":[{"embeddable":true,"href":"https:\/\/www.immobilienbusiness.ch\/de\/wp-json\/wp\/v2\/users\/1"}],"replies":[{"embeddable":true,"href":"https:\/\/www.immobilienbusiness.ch\/de\/wp-json\/wp\/v2\/comments?post=1818"}],"version-history":[{"count":0,"href":"https:\/\/www.immobilienbusiness.ch\/de\/wp-json\/wp\/v2\/posts\/1818\/revisions"}],"wp:featuredmedia":[{"embeddable":true,"href":"https:\/\/www.immobilienbusiness.ch\/de\/wp-json\/wp\/v2\/media\/1819"}],"wp:attachment":[{"href":"https:\/\/www.immobilienbusiness.ch\/de\/wp-json\/wp\/v2\/media?parent=1818"}],"wp:term":[{"taxonomy":"category","embeddable":true,"href":"https:\/\/www.immobilienbusiness.ch\/de\/wp-json\/wp\/v2\/categories?post=1818"},{"taxonomy":"post_tag","embeddable":true,"href":"https:\/\/www.immobilienbusiness.ch\/de\/wp-json\/wp\/v2\/tags?post=1818"}],"curies":[{"name":"wp","href":"https:\/\/api.w.org\/{rel}","templated":true}]}}