{"id":17707,"date":"2019-07-16T08:54:13","date_gmt":"2019-07-16T06:54:13","guid":{"rendered":"https:\/\/www.immobilienbusiness.ch\/?p=17707"},"modified":"2019-07-16T08:54:13","modified_gmt":"2019-07-16T06:54:13","slug":"altdorf-startschuss-fuer-wohn-und-geschaeftshaus-cubo","status":"publish","type":"post","link":"https:\/\/www.immobilienbusiness.ch\/de\/regionen\/2019-07-16\/altdorf-startschuss-fuer-wohn-und-geschaeftshaus-cubo\/","title":{"rendered":"Altdorf: Startschuss f\u00fcr Wohn- und Gesch\u00e4ftshaus Cubo"},"content":{"rendered":"<figure id=\"attachment_17709\" aria-describedby=\"caption-attachment-17709\" style=\"width: 680px\" class=\"wp-caption alignnone\"><img loading=\"lazy\" decoding=\"async\" class=\"size-medium wp-image-17709\" src=\"https:\/\/www.immobilienbusiness.ch\/wp-content\/uploads\/2019\/07\/Bild_4.jpg\" alt=\"\" width=\"680\" height=\"528\" srcset=\"https:\/\/www.immobilienbusiness.ch\/wp-content\/uploads\/2019\/07\/Bild_4.jpg 2000w, https:\/\/www.immobilienbusiness.ch\/wp-content\/uploads\/2019\/07\/Bild_4-300x233.jpg 300w, https:\/\/www.immobilienbusiness.ch\/wp-content\/uploads\/2019\/07\/Bild_4-1024x795.jpg 1024w, https:\/\/www.immobilienbusiness.ch\/wp-content\/uploads\/2019\/07\/Bild_4-768x596.jpg 768w, https:\/\/www.immobilienbusiness.ch\/wp-content\/uploads\/2019\/07\/Bild_4-1536x1192.jpg 1536w, https:\/\/www.immobilienbusiness.ch\/wp-content\/uploads\/2019\/07\/Bild_4-16x12.jpg 16w, https:\/\/www.immobilienbusiness.ch\/wp-content\/uploads\/2019\/07\/Bild_4-226x175.jpg 226w, https:\/\/www.immobilienbusiness.ch\/wp-content\/uploads\/2019\/07\/Bild_4-451x350.jpg 451w, https:\/\/www.immobilienbusiness.ch\/wp-content\/uploads\/2019\/07\/Bild_4-1031x800.jpg 1031w, https:\/\/www.immobilienbusiness.ch\/wp-content\/uploads\/2019\/07\/Bild_4-920x714.jpg 920w, https:\/\/www.immobilienbusiness.ch\/wp-content\/uploads\/2019\/07\/Bild_4-1400x1086.jpg 1400w, https:\/\/www.immobilienbusiness.ch\/wp-content\/uploads\/2019\/07\/Bild_4-1804x1400.jpg 1804w\" sizes=\"auto, (max-width: 680px) 100vw, 680px\" \/><figcaption id=\"caption-attachment-17709\" class=\"wp-caption-text\">Die \u00dcberbaung Cubo beim Bahnhof in Altdorf (Bild: CAS Gruppe)<\/figcaption><\/figure>\n<p>Cubo ist das zweite Geb\u00e4ude, das im Bereich des Quartierrichtplans Bahnhof Altdorf erstellt wird. Es entsteht in direkter Nachbarschaft zum Neubau Reussacher, den ebenfalls die CAS Gruppe realisiert. Als Investor und Bauherrschaft fungiert\u00a0die\u00a0J.\u00a0Safra\u00a0Sarasin\u00a0Anlagestiftung mit dem Teilverm\u00f6gen Nachhaltig\u00a0Immobilien\u00a0Schweiz.<\/p>\n<p>Die Geb\u00e4udeh\u00fclle von Cubo umschliesst zwei Gewerbegeschosse, vier Wohngeschosse sowie ein Attikageschoss. Insgesamt entstehen 36 Mietwohnungen mit 2,5 bis 4,5 Zimmern. Die B\u00fcroetagen sind nach Angaben der CAS Gruppe bereits langfristig an einen \u00f6ffentlichen Dienstleister vermietet. Das Flachdach wird begr\u00fcnt, zudem ist eine Photovoltaikanlage f\u00fcr die Stromerzeugung zum Eigenbedarf geplant.<\/p>\n<p>Die \u00dcbergabe des Cubo ist f\u00fcr den Fr\u00fchling 2021 vorgesehen, die Umgebungsarbeiten sollen im Juni 2021 fertiggestellt werden. <em>(ah)<\/em><\/p>\n","protected":false},"excerpt":{"rendered":"<p>An der Reussacherstrasse in Altdorf (UR) ist der Grundstein f\u00fcr das Wohn- und Gesch\u00e4ftshaus Cubo gelegt worden. Die CAS Gruppe entwickelt und realisiert das Projekt, Investor ist die Sarasin-Anlagestiftung.<\/p>\n","protected":false},"author":3,"featured_media":17709,"comment_status":"closed","ping_status":"open","sticky":false,"template":"","format":"standard","meta":{"_acf_changed":false,"_yoast_wpseo_focuskw":"Cubo","_yoast_wpseo_title":"","_yoast_wpseo_metadesc":"In Altdorf ist der Grundstein f\u00fcr das Wohn- und Gesch\u00e4ftshaus Cubo gelegt worden. Die CAS Gruppe realisiert das Projekt.","_yoast_wpseo_linkdex":48,"pgc_sgb_lightbox_settings":"","footnotes":""},"categories":[985],"tags":[1019,1119,1286,1599,1863,1874],"class_list":["post-17707","post","type-post","status-publish","format-standard","has-post-thumbnail","hentry","category-regionen","tag-altdorf","tag-bueroimmobilien","tag-grundsteinlegung","tag-projekt-in-bau","tag-wohnimmobilien","tag-zentralschweiz"],"acf":[],"yoast_head":"<!-- This site is optimized with the Yoast SEO plugin v27.5 - https:\/\/yoast.com\/product\/yoast-seo-wordpress\/ -->\n<title>Altdorf: Startschuss f\u00fcr Wohn- und Gesch\u00e4ftshaus Cubo - IMMOBILIEN Business<\/title>\n<meta name=\"description\" content=\"In Altdorf ist der Grundstein f\u00fcr das Wohn- und Gesch\u00e4ftshaus Cubo gelegt worden. Die CAS Gruppe realisiert das Projekt.\" \/>\n<meta name=\"robots\" content=\"index, follow, max-snippet:-1, max-image-preview:large, max-video-preview:-1\" \/>\n<link rel=\"canonical\" href=\"https:\/\/www.immobilienbusiness.ch\/de\/regionen\/2019-07-16\/altdorf-startschuss-fuer-wohn-und-geschaeftshaus-cubo\/\" \/>\n<meta property=\"og:locale\" content=\"de_DE\" \/>\n<meta property=\"og:type\" content=\"article\" \/>\n<meta property=\"og:title\" content=\"Altdorf: Startschuss f\u00fcr Wohn- und Gesch\u00e4ftshaus Cubo - IMMOBILIEN Business\" \/>\n<meta property=\"og:description\" content=\"In Altdorf ist der Grundstein f\u00fcr das Wohn- und Gesch\u00e4ftshaus Cubo gelegt worden. Die CAS Gruppe realisiert das Projekt.\" \/>\n<meta property=\"og:url\" content=\"https:\/\/www.immobilienbusiness.ch\/de\/regionen\/2019-07-16\/altdorf-startschuss-fuer-wohn-und-geschaeftshaus-cubo\/\" \/>\n<meta property=\"og:site_name\" content=\"IMMOBILIEN Business\" \/>\n<meta property=\"article:publisher\" content=\"https:\/\/www.facebook.com\/immobilienbusiness\/\" \/>\n<meta property=\"article:published_time\" content=\"2019-07-16T06:54:13+00:00\" \/>\n<meta property=\"og:image\" content=\"https:\/\/www.immobilienbusiness.ch\/wp-content\/uploads\/2019\/07\/Bild_4-1024x795.jpg\" \/>\n\t<meta property=\"og:image:width\" content=\"1024\" \/>\n\t<meta property=\"og:image:height\" content=\"795\" \/>\n\t<meta property=\"og:image:type\" content=\"image\/jpeg\" \/>\n<meta name=\"author\" content=\"anja.hall\" \/>\n<meta name=\"twitter:card\" content=\"summary_large_image\" \/>\n<meta name=\"twitter:image\" content=\"https:\/\/www.immobilienbusiness.ch\/wp-content\/uploads\/2019\/07\/Bild_4.jpg\" \/>\n<script type=\"application\/ld+json\" class=\"yoast-schema-graph\">{\"@context\":\"https:\\\/\\\/schema.org\",\"@graph\":[{\"@type\":\"Article\",\"@id\":\"https:\\\/\\\/www.immobilienbusiness.ch\\\/it\\\/regionen\\\/2019-07-16\\\/altdorf-startschuss-fuer-wohn-und-geschaeftshaus-cubo\\\/#article\",\"isPartOf\":{\"@id\":\"https:\\\/\\\/www.immobilienbusiness.ch\\\/it\\\/regionen\\\/2019-07-16\\\/altdorf-startschuss-fuer-wohn-und-geschaeftshaus-cubo\\\/\"},\"author\":{\"name\":\"anja.hall\",\"@id\":\"https:\\\/\\\/www.immobilienbusiness.ch\\\/#\\\/schema\\\/person\\\/3fc036297b10b9f42d6db5ee932af8c8\"},\"headline\":\"Altdorf: Startschuss f\u00fcr Wohn- und Gesch\u00e4ftshaus Cubo\",\"datePublished\":\"2019-07-16T06:54:13+00:00\",\"mainEntityOfPage\":{\"@id\":\"https:\\\/\\\/www.immobilienbusiness.ch\\\/it\\\/regionen\\\/2019-07-16\\\/altdorf-startschuss-fuer-wohn-und-geschaeftshaus-cubo\\\/\"},\"wordCount\":143,\"publisher\":{\"@id\":\"https:\\\/\\\/www.immobilienbusiness.ch\\\/#organization\"},\"image\":{\"@id\":\"https:\\\/\\\/www.immobilienbusiness.ch\\\/it\\\/regionen\\\/2019-07-16\\\/altdorf-startschuss-fuer-wohn-und-geschaeftshaus-cubo\\\/#primaryimage\"},\"thumbnailUrl\":\"https:\\\/\\\/www.immobilienbusiness.ch\\\/wp-content\\\/uploads\\\/2019\\\/07\\\/Bild_4.jpg\",\"keywords\":[\"Altdorf\",\"B\u00fcroimmobilien\",\"Grundsteinlegung\",\"Projekt in Bau\",\"Wohnimmobilien\",\"Zentralschweiz\"],\"articleSection\":[\"REGIONEN\"],\"inLanguage\":\"de\"},{\"@type\":\"WebPage\",\"@id\":\"https:\\\/\\\/www.immobilienbusiness.ch\\\/it\\\/regionen\\\/2019-07-16\\\/altdorf-startschuss-fuer-wohn-und-geschaeftshaus-cubo\\\/\",\"url\":\"https:\\\/\\\/www.immobilienbusiness.ch\\\/it\\\/regionen\\\/2019-07-16\\\/altdorf-startschuss-fuer-wohn-und-geschaeftshaus-cubo\\\/\",\"name\":\"Altdorf: Startschuss f\u00fcr Wohn- und Gesch\u00e4ftshaus Cubo - IMMOBILIEN Business\",\"isPartOf\":{\"@id\":\"https:\\\/\\\/www.immobilienbusiness.ch\\\/#website\"},\"primaryImageOfPage\":{\"@id\":\"https:\\\/\\\/www.immobilienbusiness.ch\\\/it\\\/regionen\\\/2019-07-16\\\/altdorf-startschuss-fuer-wohn-und-geschaeftshaus-cubo\\\/#primaryimage\"},\"image\":{\"@id\":\"https:\\\/\\\/www.immobilienbusiness.ch\\\/it\\\/regionen\\\/2019-07-16\\\/altdorf-startschuss-fuer-wohn-und-geschaeftshaus-cubo\\\/#primaryimage\"},\"thumbnailUrl\":\"https:\\\/\\\/www.immobilienbusiness.ch\\\/wp-content\\\/uploads\\\/2019\\\/07\\\/Bild_4.jpg\",\"datePublished\":\"2019-07-16T06:54:13+00:00\",\"description\":\"In Altdorf ist der Grundstein f\u00fcr das Wohn- und Gesch\u00e4ftshaus Cubo gelegt worden. Die CAS Gruppe realisiert das Projekt.\",\"breadcrumb\":{\"@id\":\"https:\\\/\\\/www.immobilienbusiness.ch\\\/it\\\/regionen\\\/2019-07-16\\\/altdorf-startschuss-fuer-wohn-und-geschaeftshaus-cubo\\\/#breadcrumb\"},\"inLanguage\":\"de\",\"potentialAction\":[{\"@type\":\"ReadAction\",\"target\":[\"https:\\\/\\\/www.immobilienbusiness.ch\\\/it\\\/regionen\\\/2019-07-16\\\/altdorf-startschuss-fuer-wohn-und-geschaeftshaus-cubo\\\/\"]}]},{\"@type\":\"ImageObject\",\"inLanguage\":\"de\",\"@id\":\"https:\\\/\\\/www.immobilienbusiness.ch\\\/it\\\/regionen\\\/2019-07-16\\\/altdorf-startschuss-fuer-wohn-und-geschaeftshaus-cubo\\\/#primaryimage\",\"url\":\"https:\\\/\\\/www.immobilienbusiness.ch\\\/wp-content\\\/uploads\\\/2019\\\/07\\\/Bild_4.jpg\",\"contentUrl\":\"https:\\\/\\\/www.immobilienbusiness.ch\\\/wp-content\\\/uploads\\\/2019\\\/07\\\/Bild_4.jpg\",\"width\":2000,\"height\":1552,\"caption\":\"\u00dcberbaunng Cubo (Bild: CAS Gruppe)\"},{\"@type\":\"BreadcrumbList\",\"@id\":\"https:\\\/\\\/www.immobilienbusiness.ch\\\/it\\\/regionen\\\/2019-07-16\\\/altdorf-startschuss-fuer-wohn-und-geschaeftshaus-cubo\\\/#breadcrumb\",\"itemListElement\":[{\"@type\":\"ListItem\",\"position\":1,\"name\":\"Home\",\"item\":\"https:\\\/\\\/www.immobilienbusiness.ch\\\/\"},{\"@type\":\"ListItem\",\"position\":2,\"name\":\"Altdorf: Startschuss f\u00fcr Wohn- und Gesch\u00e4ftshaus Cubo\"}]},{\"@type\":\"WebSite\",\"@id\":\"https:\\\/\\\/www.immobilienbusiness.ch\\\/#website\",\"url\":\"https:\\\/\\\/www.immobilienbusiness.ch\\\/\",\"name\":\"IMMOBILIEN Business\",\"description\":\"Unabh\u00e4ngiges Schweizer Wirtschaftsmagazin mit Fokus auf Immobilien, Architektur- und Bau sowie Investment- und Finanzierung.\",\"publisher\":{\"@id\":\"https:\\\/\\\/www.immobilienbusiness.ch\\\/#organization\"},\"potentialAction\":[{\"@type\":\"SearchAction\",\"target\":{\"@type\":\"EntryPoint\",\"urlTemplate\":\"https:\\\/\\\/www.immobilienbusiness.ch\\\/?s={search_term_string}\"},\"query-input\":{\"@type\":\"PropertyValueSpecification\",\"valueRequired\":true,\"valueName\":\"search_term_string\"}}],\"inLanguage\":\"de\"},{\"@type\":\"Organization\",\"@id\":\"https:\\\/\\\/www.immobilienbusiness.ch\\\/#organization\",\"name\":\"IMMOBILIEN Business\",\"url\":\"https:\\\/\\\/www.immobilienbusiness.ch\\\/\",\"logo\":{\"@type\":\"ImageObject\",\"inLanguage\":\"de\",\"@id\":\"https:\\\/\\\/www.immobilienbusiness.ch\\\/#\\\/schema\\\/logo\\\/image\\\/\",\"url\":\"https:\\\/\\\/www.immobilienbusiness.ch\\\/wp-content\\\/uploads\\\/2021\\\/07\\\/logo_ib.png\",\"contentUrl\":\"https:\\\/\\\/www.immobilienbusiness.ch\\\/wp-content\\\/uploads\\\/2021\\\/07\\\/logo_ib.png\",\"width\":800,\"height\":181,\"caption\":\"IMMOBILIEN Business\"},\"image\":{\"@id\":\"https:\\\/\\\/www.immobilienbusiness.ch\\\/#\\\/schema\\\/logo\\\/image\\\/\"},\"sameAs\":[\"https:\\\/\\\/www.facebook.com\\\/immobilienbusiness\\\/\"]},{\"@type\":\"Person\",\"@id\":\"https:\\\/\\\/www.immobilienbusiness.ch\\\/#\\\/schema\\\/person\\\/3fc036297b10b9f42d6db5ee932af8c8\",\"name\":\"anja.hall\",\"image\":{\"@type\":\"ImageObject\",\"inLanguage\":\"de\",\"@id\":\"https:\\\/\\\/secure.gravatar.com\\\/avatar\\\/066b5a0d447013502c71a5782f4f3469f03cfe595cc2329fb94652fe47511bfb?s=96&d=mm&r=g\",\"url\":\"https:\\\/\\\/secure.gravatar.com\\\/avatar\\\/066b5a0d447013502c71a5782f4f3469f03cfe595cc2329fb94652fe47511bfb?s=96&d=mm&r=g\",\"contentUrl\":\"https:\\\/\\\/secure.gravatar.com\\\/avatar\\\/066b5a0d447013502c71a5782f4f3469f03cfe595cc2329fb94652fe47511bfb?s=96&d=mm&r=g\",\"caption\":\"anja.hall\"},\"url\":\"https:\\\/\\\/www.immobilienbusiness.ch\\\/de\\\/author\\\/anja-hall\\\/\"}]}<\/script>\n<!-- \/ Yoast SEO plugin. -->","yoast_head_json":{"title":"Altdorf: Startschuss f\u00fcr Wohn- und Gesch\u00e4ftshaus Cubo - IMMOBILIEN Business","description":"In Altdorf ist der Grundstein f\u00fcr das Wohn- und Gesch\u00e4ftshaus Cubo gelegt worden. Die CAS Gruppe realisiert das Projekt.","robots":{"index":"index","follow":"follow","max-snippet":"max-snippet:-1","max-image-preview":"max-image-preview:large","max-video-preview":"max-video-preview:-1"},"canonical":"https:\/\/www.immobilienbusiness.ch\/de\/regionen\/2019-07-16\/altdorf-startschuss-fuer-wohn-und-geschaeftshaus-cubo\/","og_locale":"de_DE","og_type":"article","og_title":"Altdorf: Startschuss f\u00fcr Wohn- und Gesch\u00e4ftshaus Cubo - IMMOBILIEN Business","og_description":"In Altdorf ist der Grundstein f\u00fcr das Wohn- und Gesch\u00e4ftshaus Cubo gelegt worden. Die CAS Gruppe realisiert das Projekt.","og_url":"https:\/\/www.immobilienbusiness.ch\/de\/regionen\/2019-07-16\/altdorf-startschuss-fuer-wohn-und-geschaeftshaus-cubo\/","og_site_name":"IMMOBILIEN Business","article_publisher":"https:\/\/www.facebook.com\/immobilienbusiness\/","article_published_time":"2019-07-16T06:54:13+00:00","og_image":[{"width":1024,"height":795,"url":"https:\/\/www.immobilienbusiness.ch\/wp-content\/uploads\/2019\/07\/Bild_4-1024x795.jpg","type":"image\/jpeg"}],"author":"anja.hall","twitter_card":"summary_large_image","twitter_image":"https:\/\/www.immobilienbusiness.ch\/wp-content\/uploads\/2019\/07\/Bild_4.jpg","schema":{"@context":"https:\/\/schema.org","@graph":[{"@type":"Article","@id":"https:\/\/www.immobilienbusiness.ch\/it\/regionen\/2019-07-16\/altdorf-startschuss-fuer-wohn-und-geschaeftshaus-cubo\/#article","isPartOf":{"@id":"https:\/\/www.immobilienbusiness.ch\/it\/regionen\/2019-07-16\/altdorf-startschuss-fuer-wohn-und-geschaeftshaus-cubo\/"},"author":{"name":"anja.hall","@id":"https:\/\/www.immobilienbusiness.ch\/#\/schema\/person\/3fc036297b10b9f42d6db5ee932af8c8"},"headline":"Altdorf: Startschuss f\u00fcr Wohn- und Gesch\u00e4ftshaus Cubo","datePublished":"2019-07-16T06:54:13+00:00","mainEntityOfPage":{"@id":"https:\/\/www.immobilienbusiness.ch\/it\/regionen\/2019-07-16\/altdorf-startschuss-fuer-wohn-und-geschaeftshaus-cubo\/"},"wordCount":143,"publisher":{"@id":"https:\/\/www.immobilienbusiness.ch\/#organization"},"image":{"@id":"https:\/\/www.immobilienbusiness.ch\/it\/regionen\/2019-07-16\/altdorf-startschuss-fuer-wohn-und-geschaeftshaus-cubo\/#primaryimage"},"thumbnailUrl":"https:\/\/www.immobilienbusiness.ch\/wp-content\/uploads\/2019\/07\/Bild_4.jpg","keywords":["Altdorf","B\u00fcroimmobilien","Grundsteinlegung","Projekt in Bau","Wohnimmobilien","Zentralschweiz"],"articleSection":["REGIONEN"],"inLanguage":"de"},{"@type":"WebPage","@id":"https:\/\/www.immobilienbusiness.ch\/it\/regionen\/2019-07-16\/altdorf-startschuss-fuer-wohn-und-geschaeftshaus-cubo\/","url":"https:\/\/www.immobilienbusiness.ch\/it\/regionen\/2019-07-16\/altdorf-startschuss-fuer-wohn-und-geschaeftshaus-cubo\/","name":"Altdorf: Startschuss f\u00fcr Wohn- und Gesch\u00e4ftshaus Cubo - IMMOBILIEN Business","isPartOf":{"@id":"https:\/\/www.immobilienbusiness.ch\/#website"},"primaryImageOfPage":{"@id":"https:\/\/www.immobilienbusiness.ch\/it\/regionen\/2019-07-16\/altdorf-startschuss-fuer-wohn-und-geschaeftshaus-cubo\/#primaryimage"},"image":{"@id":"https:\/\/www.immobilienbusiness.ch\/it\/regionen\/2019-07-16\/altdorf-startschuss-fuer-wohn-und-geschaeftshaus-cubo\/#primaryimage"},"thumbnailUrl":"https:\/\/www.immobilienbusiness.ch\/wp-content\/uploads\/2019\/07\/Bild_4.jpg","datePublished":"2019-07-16T06:54:13+00:00","description":"In Altdorf ist der Grundstein f\u00fcr das Wohn- und Gesch\u00e4ftshaus Cubo gelegt worden. Die CAS Gruppe realisiert das Projekt.","breadcrumb":{"@id":"https:\/\/www.immobilienbusiness.ch\/it\/regionen\/2019-07-16\/altdorf-startschuss-fuer-wohn-und-geschaeftshaus-cubo\/#breadcrumb"},"inLanguage":"de","potentialAction":[{"@type":"ReadAction","target":["https:\/\/www.immobilienbusiness.ch\/it\/regionen\/2019-07-16\/altdorf-startschuss-fuer-wohn-und-geschaeftshaus-cubo\/"]}]},{"@type":"ImageObject","inLanguage":"de","@id":"https:\/\/www.immobilienbusiness.ch\/it\/regionen\/2019-07-16\/altdorf-startschuss-fuer-wohn-und-geschaeftshaus-cubo\/#primaryimage","url":"https:\/\/www.immobilienbusiness.ch\/wp-content\/uploads\/2019\/07\/Bild_4.jpg","contentUrl":"https:\/\/www.immobilienbusiness.ch\/wp-content\/uploads\/2019\/07\/Bild_4.jpg","width":2000,"height":1552,"caption":"\u00dcberbaunng Cubo (Bild: CAS Gruppe)"},{"@type":"BreadcrumbList","@id":"https:\/\/www.immobilienbusiness.ch\/it\/regionen\/2019-07-16\/altdorf-startschuss-fuer-wohn-und-geschaeftshaus-cubo\/#breadcrumb","itemListElement":[{"@type":"ListItem","position":1,"name":"Home","item":"https:\/\/www.immobilienbusiness.ch\/"},{"@type":"ListItem","position":2,"name":"Altdorf: Startschuss f\u00fcr Wohn- und Gesch\u00e4ftshaus Cubo"}]},{"@type":"WebSite","@id":"https:\/\/www.immobilienbusiness.ch\/#website","url":"https:\/\/www.immobilienbusiness.ch\/","name":"IMMOBILIEN Business","description":"Unabh\u00e4ngiges Schweizer Wirtschaftsmagazin mit Fokus auf Immobilien, Architektur- und Bau sowie Investment- und Finanzierung.","publisher":{"@id":"https:\/\/www.immobilienbusiness.ch\/#organization"},"potentialAction":[{"@type":"SearchAction","target":{"@type":"EntryPoint","urlTemplate":"https:\/\/www.immobilienbusiness.ch\/?s={search_term_string}"},"query-input":{"@type":"PropertyValueSpecification","valueRequired":true,"valueName":"search_term_string"}}],"inLanguage":"de"},{"@type":"Organization","@id":"https:\/\/www.immobilienbusiness.ch\/#organization","name":"IMMOBILIEN Business","url":"https:\/\/www.immobilienbusiness.ch\/","logo":{"@type":"ImageObject","inLanguage":"de","@id":"https:\/\/www.immobilienbusiness.ch\/#\/schema\/logo\/image\/","url":"https:\/\/www.immobilienbusiness.ch\/wp-content\/uploads\/2021\/07\/logo_ib.png","contentUrl":"https:\/\/www.immobilienbusiness.ch\/wp-content\/uploads\/2021\/07\/logo_ib.png","width":800,"height":181,"caption":"IMMOBILIEN Business"},"image":{"@id":"https:\/\/www.immobilienbusiness.ch\/#\/schema\/logo\/image\/"},"sameAs":["https:\/\/www.facebook.com\/immobilienbusiness\/"]},{"@type":"Person","@id":"https:\/\/www.immobilienbusiness.ch\/#\/schema\/person\/3fc036297b10b9f42d6db5ee932af8c8","name":"anja.hall","image":{"@type":"ImageObject","inLanguage":"de","@id":"https:\/\/secure.gravatar.com\/avatar\/066b5a0d447013502c71a5782f4f3469f03cfe595cc2329fb94652fe47511bfb?s=96&d=mm&r=g","url":"https:\/\/secure.gravatar.com\/avatar\/066b5a0d447013502c71a5782f4f3469f03cfe595cc2329fb94652fe47511bfb?s=96&d=mm&r=g","contentUrl":"https:\/\/secure.gravatar.com\/avatar\/066b5a0d447013502c71a5782f4f3469f03cfe595cc2329fb94652fe47511bfb?s=96&d=mm&r=g","caption":"anja.hall"},"url":"https:\/\/www.immobilienbusiness.ch\/de\/author\/anja-hall\/"}]}},"_links":{"self":[{"href":"https:\/\/www.immobilienbusiness.ch\/de\/wp-json\/wp\/v2\/posts\/17707","targetHints":{"allow":["GET"]}}],"collection":[{"href":"https:\/\/www.immobilienbusiness.ch\/de\/wp-json\/wp\/v2\/posts"}],"about":[{"href":"https:\/\/www.immobilienbusiness.ch\/de\/wp-json\/wp\/v2\/types\/post"}],"author":[{"embeddable":true,"href":"https:\/\/www.immobilienbusiness.ch\/de\/wp-json\/wp\/v2\/users\/3"}],"replies":[{"embeddable":true,"href":"https:\/\/www.immobilienbusiness.ch\/de\/wp-json\/wp\/v2\/comments?post=17707"}],"version-history":[{"count":0,"href":"https:\/\/www.immobilienbusiness.ch\/de\/wp-json\/wp\/v2\/posts\/17707\/revisions"}],"wp:featuredmedia":[{"embeddable":true,"href":"https:\/\/www.immobilienbusiness.ch\/de\/wp-json\/wp\/v2\/media\/17709"}],"wp:attachment":[{"href":"https:\/\/www.immobilienbusiness.ch\/de\/wp-json\/wp\/v2\/media?parent=17707"}],"wp:term":[{"taxonomy":"category","embeddable":true,"href":"https:\/\/www.immobilienbusiness.ch\/de\/wp-json\/wp\/v2\/categories?post=17707"},{"taxonomy":"post_tag","embeddable":true,"href":"https:\/\/www.immobilienbusiness.ch\/de\/wp-json\/wp\/v2\/tags?post=17707"}],"curies":[{"name":"wp","href":"https:\/\/api.w.org\/{rel}","templated":true}]}}