{"id":17593,"date":"2019-07-05T08:04:26","date_gmt":"2019-07-05T06:04:26","guid":{"rendered":"https:\/\/www.immobilienbusiness.ch\/?p=17593"},"modified":"2019-07-05T08:04:26","modified_gmt":"2019-07-05T06:04:26","slug":"zug-estates-tobias-achermann-tritt-als-ceo-zurueck","status":"publish","type":"post","link":"https:\/\/www.immobilienbusiness.ch\/de\/unternehmen\/2019-07-05\/zug-estates-tobias-achermann-tritt-als-ceo-zurueck\/","title":{"rendered":"Zug Estates: Tobias Achermann tritt als CEO zur\u00fcck"},"content":{"rendered":"<figure id=\"attachment_17594\" aria-describedby=\"caption-attachment-17594\" style=\"width: 680px\" class=\"wp-caption alignnone\"><img loading=\"lazy\" decoding=\"async\" class=\"size-medium wp-image-17594\" src=\"https:\/\/www.immobilienbusiness.ch\/wp-content\/uploads\/2019\/07\/Tobias_Achermann_quer.jpg\" alt=\"\" width=\"680\" height=\"453\" srcset=\"https:\/\/www.immobilienbusiness.ch\/wp-content\/uploads\/2019\/07\/Tobias_Achermann_quer.jpg 1500w, https:\/\/www.immobilienbusiness.ch\/wp-content\/uploads\/2019\/07\/Tobias_Achermann_quer-300x200.jpg 300w, https:\/\/www.immobilienbusiness.ch\/wp-content\/uploads\/2019\/07\/Tobias_Achermann_quer-1024x683.jpg 1024w, https:\/\/www.immobilienbusiness.ch\/wp-content\/uploads\/2019\/07\/Tobias_Achermann_quer-768x512.jpg 768w, https:\/\/www.immobilienbusiness.ch\/wp-content\/uploads\/2019\/07\/Tobias_Achermann_quer-16x12.jpg 16w, https:\/\/www.immobilienbusiness.ch\/wp-content\/uploads\/2019\/07\/Tobias_Achermann_quer-263x175.jpg 263w, https:\/\/www.immobilienbusiness.ch\/wp-content\/uploads\/2019\/07\/Tobias_Achermann_quer-525x350.jpg 525w, https:\/\/www.immobilienbusiness.ch\/wp-content\/uploads\/2019\/07\/Tobias_Achermann_quer-1200x800.jpg 1200w, https:\/\/www.immobilienbusiness.ch\/wp-content\/uploads\/2019\/07\/Tobias_Achermann_quer-920x613.jpg 920w, https:\/\/www.immobilienbusiness.ch\/wp-content\/uploads\/2019\/07\/Tobias_Achermann_quer-1400x933.jpg 1400w\" sizes=\"auto, (max-width: 680px) 100vw, 680px\" \/><figcaption id=\"caption-attachment-17594\" class=\"wp-caption-text\">Tobias Achermann (Quelle: Zug Estates)<\/figcaption><\/figure>\n<p>Tobias Achermann (48) steht seit 2014 an der Spitze der Zug Estates Holding. Zur kommenden Generalversammlung wird er aus dem Unternehmen ausscheiden. Er wolle sich\u00a0beruflich neu orientieren und neuen Herausforderungen stellen, teilt Zug Estates mit. Die Nachfolgersuche werde umgehend eingeleitet, heisst es aus dem Verwaltungsrat.<\/p>\n<p><a href=\"https:\/\/www.immobilienbusiness.ch\/zug-estates-ergebnis-und-ertrag-legen-deutlich-zu\/\">Zug Estates hat im Gesch\u00e4ftsjahr 2018 ein Konzernergebnis von 38,8 Millionen CHF erzielt, rund 12% mehr als im Vorjahr.<\/a> Das Konzernergebnis ohne Neubewertungserfolg legte um 8,9% auf 28,6 Millionen zu und der Liegenschaftenertrag erh\u00f6hte sich um 11,8% auf 50,8 Millionen.<\/p>\n","protected":false},"excerpt":{"rendered":"<p>Tobias Achermann scheidet bei Zug Estates aus. Er wird zu der n\u00e4chsten Generalversammlung im April 2020 als CEO zur\u00fccktreten.<\/p>\n","protected":false},"author":3,"featured_media":17594,"comment_status":"closed","ping_status":"open","sticky":false,"template":"","format":"standard","meta":{"_acf_changed":false,"_yoast_wpseo_focuskw":"Achermann","_yoast_wpseo_title":"","_yoast_wpseo_metadesc":"Tobias Achermann wird zu der n\u00e4chsten Generalversammlung der Zug Estates Holding im April 2020 als CEO zur\u00fccktreten.","_yoast_wpseo_linkdex":52,"pgc_sgb_lightbox_settings":"","footnotes":""},"categories":[988],"tags":[1563,1885],"class_list":["post-17593","post","type-post","status-publish","format-standard","has-post-thumbnail","hentry","category-unternehmen","tag-personalia","tag-zug-estates"],"acf":[],"yoast_head":"<!-- This site is optimized with the Yoast SEO plugin v27.4 - https:\/\/yoast.com\/product\/yoast-seo-wordpress\/ -->\n<title>Zug Estates: Tobias Achermann tritt als CEO zur\u00fcck - IMMOBILIEN Business<\/title>\n<meta name=\"description\" content=\"Tobias Achermann wird zu der n\u00e4chsten Generalversammlung der Zug Estates Holding im April 2020 als CEO zur\u00fccktreten.\" \/>\n<meta name=\"robots\" content=\"index, follow, max-snippet:-1, max-image-preview:large, max-video-preview:-1\" \/>\n<link rel=\"canonical\" href=\"https:\/\/www.immobilienbusiness.ch\/de\/unternehmen\/2019-07-05\/zug-estates-tobias-achermann-tritt-als-ceo-zurueck\/\" \/>\n<meta property=\"og:locale\" content=\"de_DE\" \/>\n<meta property=\"og:type\" content=\"article\" \/>\n<meta property=\"og:title\" content=\"Zug Estates: Tobias Achermann tritt als CEO zur\u00fcck - IMMOBILIEN Business\" \/>\n<meta property=\"og:description\" content=\"Tobias Achermann wird zu der n\u00e4chsten Generalversammlung der Zug Estates Holding im April 2020 als CEO zur\u00fccktreten.\" \/>\n<meta property=\"og:url\" content=\"https:\/\/www.immobilienbusiness.ch\/de\/unternehmen\/2019-07-05\/zug-estates-tobias-achermann-tritt-als-ceo-zurueck\/\" \/>\n<meta property=\"og:site_name\" content=\"IMMOBILIEN Business\" \/>\n<meta property=\"article:publisher\" content=\"https:\/\/www.facebook.com\/immobilienbusiness\/\" \/>\n<meta property=\"article:published_time\" content=\"2019-07-05T06:04:26+00:00\" \/>\n<meta property=\"og:image\" content=\"https:\/\/www.immobilienbusiness.ch\/wp-content\/uploads\/2019\/07\/Tobias_Achermann_quer.jpg\" \/>\n\t<meta property=\"og:image:width\" content=\"1500\" \/>\n\t<meta property=\"og:image:height\" content=\"1000\" \/>\n\t<meta property=\"og:image:type\" content=\"image\/jpeg\" \/>\n<meta name=\"author\" content=\"anja.hall\" \/>\n<meta name=\"twitter:card\" content=\"summary_large_image\" \/>\n<meta name=\"twitter:image\" content=\"https:\/\/www.immobilienbusiness.ch\/wp-content\/uploads\/2019\/07\/Tobias_Achermann_quer.jpg\" \/>\n<script type=\"application\/ld+json\" class=\"yoast-schema-graph\">{\"@context\":\"https:\\\/\\\/schema.org\",\"@graph\":[{\"@type\":\"Article\",\"@id\":\"https:\\\/\\\/www.immobilienbusiness.ch\\\/unternehmen\\\/2019-07-05\\\/zug-estates-tobias-achermann-tritt-als-ceo-zurueck\\\/#article\",\"isPartOf\":{\"@id\":\"https:\\\/\\\/www.immobilienbusiness.ch\\\/unternehmen\\\/2019-07-05\\\/zug-estates-tobias-achermann-tritt-als-ceo-zurueck\\\/\"},\"author\":{\"name\":\"anja.hall\",\"@id\":\"https:\\\/\\\/www.immobilienbusiness.ch\\\/#\\\/schema\\\/person\\\/3fc036297b10b9f42d6db5ee932af8c8\"},\"headline\":\"Zug Estates: Tobias Achermann tritt als CEO zur\u00fcck\",\"datePublished\":\"2019-07-05T06:04:26+00:00\",\"mainEntityOfPage\":{\"@id\":\"https:\\\/\\\/www.immobilienbusiness.ch\\\/unternehmen\\\/2019-07-05\\\/zug-estates-tobias-achermann-tritt-als-ceo-zurueck\\\/\"},\"wordCount\":100,\"publisher\":{\"@id\":\"https:\\\/\\\/www.immobilienbusiness.ch\\\/#organization\"},\"image\":{\"@id\":\"https:\\\/\\\/www.immobilienbusiness.ch\\\/unternehmen\\\/2019-07-05\\\/zug-estates-tobias-achermann-tritt-als-ceo-zurueck\\\/#primaryimage\"},\"thumbnailUrl\":\"https:\\\/\\\/www.immobilienbusiness.ch\\\/wp-content\\\/uploads\\\/2019\\\/07\\\/Tobias_Achermann_quer.jpg\",\"keywords\":[\"Personalia\",\"Zug Estates\"],\"articleSection\":[\"UNTERNEHMEN\"],\"inLanguage\":\"de\"},{\"@type\":\"WebPage\",\"@id\":\"https:\\\/\\\/www.immobilienbusiness.ch\\\/unternehmen\\\/2019-07-05\\\/zug-estates-tobias-achermann-tritt-als-ceo-zurueck\\\/\",\"url\":\"https:\\\/\\\/www.immobilienbusiness.ch\\\/unternehmen\\\/2019-07-05\\\/zug-estates-tobias-achermann-tritt-als-ceo-zurueck\\\/\",\"name\":\"Zug Estates: Tobias Achermann tritt als CEO zur\u00fcck - IMMOBILIEN Business\",\"isPartOf\":{\"@id\":\"https:\\\/\\\/www.immobilienbusiness.ch\\\/#website\"},\"primaryImageOfPage\":{\"@id\":\"https:\\\/\\\/www.immobilienbusiness.ch\\\/unternehmen\\\/2019-07-05\\\/zug-estates-tobias-achermann-tritt-als-ceo-zurueck\\\/#primaryimage\"},\"image\":{\"@id\":\"https:\\\/\\\/www.immobilienbusiness.ch\\\/unternehmen\\\/2019-07-05\\\/zug-estates-tobias-achermann-tritt-als-ceo-zurueck\\\/#primaryimage\"},\"thumbnailUrl\":\"https:\\\/\\\/www.immobilienbusiness.ch\\\/wp-content\\\/uploads\\\/2019\\\/07\\\/Tobias_Achermann_quer.jpg\",\"datePublished\":\"2019-07-05T06:04:26+00:00\",\"description\":\"Tobias Achermann wird zu der n\u00e4chsten Generalversammlung der Zug Estates Holding im April 2020 als CEO zur\u00fccktreten.\",\"breadcrumb\":{\"@id\":\"https:\\\/\\\/www.immobilienbusiness.ch\\\/unternehmen\\\/2019-07-05\\\/zug-estates-tobias-achermann-tritt-als-ceo-zurueck\\\/#breadcrumb\"},\"inLanguage\":\"de\",\"potentialAction\":[{\"@type\":\"ReadAction\",\"target\":[\"https:\\\/\\\/www.immobilienbusiness.ch\\\/unternehmen\\\/2019-07-05\\\/zug-estates-tobias-achermann-tritt-als-ceo-zurueck\\\/\"]}]},{\"@type\":\"ImageObject\",\"inLanguage\":\"de\",\"@id\":\"https:\\\/\\\/www.immobilienbusiness.ch\\\/unternehmen\\\/2019-07-05\\\/zug-estates-tobias-achermann-tritt-als-ceo-zurueck\\\/#primaryimage\",\"url\":\"https:\\\/\\\/www.immobilienbusiness.ch\\\/wp-content\\\/uploads\\\/2019\\\/07\\\/Tobias_Achermann_quer.jpg\",\"contentUrl\":\"https:\\\/\\\/www.immobilienbusiness.ch\\\/wp-content\\\/uploads\\\/2019\\\/07\\\/Tobias_Achermann_quer.jpg\",\"width\":1500,\"height\":1000,\"caption\":\"Tobias Achermann (Quelle: Zug Estates)\"},{\"@type\":\"BreadcrumbList\",\"@id\":\"https:\\\/\\\/www.immobilienbusiness.ch\\\/unternehmen\\\/2019-07-05\\\/zug-estates-tobias-achermann-tritt-als-ceo-zurueck\\\/#breadcrumb\",\"itemListElement\":[{\"@type\":\"ListItem\",\"position\":1,\"name\":\"Home\",\"item\":\"https:\\\/\\\/www.immobilienbusiness.ch\\\/\"},{\"@type\":\"ListItem\",\"position\":2,\"name\":\"Zug Estates: Tobias Achermann tritt als CEO zur\u00fcck\"}]},{\"@type\":\"WebSite\",\"@id\":\"https:\\\/\\\/www.immobilienbusiness.ch\\\/#website\",\"url\":\"https:\\\/\\\/www.immobilienbusiness.ch\\\/\",\"name\":\"IMMOBILIEN Business\",\"description\":\"Unabh\u00e4ngiges Schweizer Wirtschaftsmagazin mit Fokus auf Immobilien, Architektur- und Bau sowie Investment- und Finanzierung.\",\"publisher\":{\"@id\":\"https:\\\/\\\/www.immobilienbusiness.ch\\\/#organization\"},\"potentialAction\":[{\"@type\":\"SearchAction\",\"target\":{\"@type\":\"EntryPoint\",\"urlTemplate\":\"https:\\\/\\\/www.immobilienbusiness.ch\\\/?s={search_term_string}\"},\"query-input\":{\"@type\":\"PropertyValueSpecification\",\"valueRequired\":true,\"valueName\":\"search_term_string\"}}],\"inLanguage\":\"de\"},{\"@type\":\"Organization\",\"@id\":\"https:\\\/\\\/www.immobilienbusiness.ch\\\/#organization\",\"name\":\"IMMOBILIEN Business\",\"url\":\"https:\\\/\\\/www.immobilienbusiness.ch\\\/\",\"logo\":{\"@type\":\"ImageObject\",\"inLanguage\":\"de\",\"@id\":\"https:\\\/\\\/www.immobilienbusiness.ch\\\/#\\\/schema\\\/logo\\\/image\\\/\",\"url\":\"https:\\\/\\\/www.immobilienbusiness.ch\\\/wp-content\\\/uploads\\\/2021\\\/07\\\/logo_ib.png\",\"contentUrl\":\"https:\\\/\\\/www.immobilienbusiness.ch\\\/wp-content\\\/uploads\\\/2021\\\/07\\\/logo_ib.png\",\"width\":800,\"height\":181,\"caption\":\"IMMOBILIEN Business\"},\"image\":{\"@id\":\"https:\\\/\\\/www.immobilienbusiness.ch\\\/#\\\/schema\\\/logo\\\/image\\\/\"},\"sameAs\":[\"https:\\\/\\\/www.facebook.com\\\/immobilienbusiness\\\/\"]},{\"@type\":\"Person\",\"@id\":\"https:\\\/\\\/www.immobilienbusiness.ch\\\/#\\\/schema\\\/person\\\/3fc036297b10b9f42d6db5ee932af8c8\",\"name\":\"anja.hall\",\"image\":{\"@type\":\"ImageObject\",\"inLanguage\":\"de\",\"@id\":\"https:\\\/\\\/secure.gravatar.com\\\/avatar\\\/066b5a0d447013502c71a5782f4f3469f03cfe595cc2329fb94652fe47511bfb?s=96&d=mm&r=g\",\"url\":\"https:\\\/\\\/secure.gravatar.com\\\/avatar\\\/066b5a0d447013502c71a5782f4f3469f03cfe595cc2329fb94652fe47511bfb?s=96&d=mm&r=g\",\"contentUrl\":\"https:\\\/\\\/secure.gravatar.com\\\/avatar\\\/066b5a0d447013502c71a5782f4f3469f03cfe595cc2329fb94652fe47511bfb?s=96&d=mm&r=g\",\"caption\":\"anja.hall\"},\"url\":\"https:\\\/\\\/www.immobilienbusiness.ch\\\/de\\\/author\\\/anja-hall\\\/\"}]}<\/script>\n<!-- \/ Yoast SEO plugin. -->","yoast_head_json":{"title":"Zug Estates: Tobias Achermann tritt als CEO zur\u00fcck - IMMOBILIEN Business","description":"Tobias Achermann wird zu der n\u00e4chsten Generalversammlung der Zug Estates Holding im April 2020 als CEO zur\u00fccktreten.","robots":{"index":"index","follow":"follow","max-snippet":"max-snippet:-1","max-image-preview":"max-image-preview:large","max-video-preview":"max-video-preview:-1"},"canonical":"https:\/\/www.immobilienbusiness.ch\/de\/unternehmen\/2019-07-05\/zug-estates-tobias-achermann-tritt-als-ceo-zurueck\/","og_locale":"de_DE","og_type":"article","og_title":"Zug Estates: Tobias Achermann tritt als CEO zur\u00fcck - IMMOBILIEN Business","og_description":"Tobias Achermann wird zu der n\u00e4chsten Generalversammlung der Zug Estates Holding im April 2020 als CEO zur\u00fccktreten.","og_url":"https:\/\/www.immobilienbusiness.ch\/de\/unternehmen\/2019-07-05\/zug-estates-tobias-achermann-tritt-als-ceo-zurueck\/","og_site_name":"IMMOBILIEN Business","article_publisher":"https:\/\/www.facebook.com\/immobilienbusiness\/","article_published_time":"2019-07-05T06:04:26+00:00","og_image":[{"width":1500,"height":1000,"url":"https:\/\/www.immobilienbusiness.ch\/wp-content\/uploads\/2019\/07\/Tobias_Achermann_quer.jpg","type":"image\/jpeg"}],"author":"anja.hall","twitter_card":"summary_large_image","twitter_image":"https:\/\/www.immobilienbusiness.ch\/wp-content\/uploads\/2019\/07\/Tobias_Achermann_quer.jpg","schema":{"@context":"https:\/\/schema.org","@graph":[{"@type":"Article","@id":"https:\/\/www.immobilienbusiness.ch\/unternehmen\/2019-07-05\/zug-estates-tobias-achermann-tritt-als-ceo-zurueck\/#article","isPartOf":{"@id":"https:\/\/www.immobilienbusiness.ch\/unternehmen\/2019-07-05\/zug-estates-tobias-achermann-tritt-als-ceo-zurueck\/"},"author":{"name":"anja.hall","@id":"https:\/\/www.immobilienbusiness.ch\/#\/schema\/person\/3fc036297b10b9f42d6db5ee932af8c8"},"headline":"Zug Estates: Tobias Achermann tritt als CEO zur\u00fcck","datePublished":"2019-07-05T06:04:26+00:00","mainEntityOfPage":{"@id":"https:\/\/www.immobilienbusiness.ch\/unternehmen\/2019-07-05\/zug-estates-tobias-achermann-tritt-als-ceo-zurueck\/"},"wordCount":100,"publisher":{"@id":"https:\/\/www.immobilienbusiness.ch\/#organization"},"image":{"@id":"https:\/\/www.immobilienbusiness.ch\/unternehmen\/2019-07-05\/zug-estates-tobias-achermann-tritt-als-ceo-zurueck\/#primaryimage"},"thumbnailUrl":"https:\/\/www.immobilienbusiness.ch\/wp-content\/uploads\/2019\/07\/Tobias_Achermann_quer.jpg","keywords":["Personalia","Zug Estates"],"articleSection":["UNTERNEHMEN"],"inLanguage":"de"},{"@type":"WebPage","@id":"https:\/\/www.immobilienbusiness.ch\/unternehmen\/2019-07-05\/zug-estates-tobias-achermann-tritt-als-ceo-zurueck\/","url":"https:\/\/www.immobilienbusiness.ch\/unternehmen\/2019-07-05\/zug-estates-tobias-achermann-tritt-als-ceo-zurueck\/","name":"Zug Estates: Tobias Achermann tritt als CEO zur\u00fcck - IMMOBILIEN Business","isPartOf":{"@id":"https:\/\/www.immobilienbusiness.ch\/#website"},"primaryImageOfPage":{"@id":"https:\/\/www.immobilienbusiness.ch\/unternehmen\/2019-07-05\/zug-estates-tobias-achermann-tritt-als-ceo-zurueck\/#primaryimage"},"image":{"@id":"https:\/\/www.immobilienbusiness.ch\/unternehmen\/2019-07-05\/zug-estates-tobias-achermann-tritt-als-ceo-zurueck\/#primaryimage"},"thumbnailUrl":"https:\/\/www.immobilienbusiness.ch\/wp-content\/uploads\/2019\/07\/Tobias_Achermann_quer.jpg","datePublished":"2019-07-05T06:04:26+00:00","description":"Tobias Achermann wird zu der n\u00e4chsten Generalversammlung der Zug Estates Holding im April 2020 als CEO zur\u00fccktreten.","breadcrumb":{"@id":"https:\/\/www.immobilienbusiness.ch\/unternehmen\/2019-07-05\/zug-estates-tobias-achermann-tritt-als-ceo-zurueck\/#breadcrumb"},"inLanguage":"de","potentialAction":[{"@type":"ReadAction","target":["https:\/\/www.immobilienbusiness.ch\/unternehmen\/2019-07-05\/zug-estates-tobias-achermann-tritt-als-ceo-zurueck\/"]}]},{"@type":"ImageObject","inLanguage":"de","@id":"https:\/\/www.immobilienbusiness.ch\/unternehmen\/2019-07-05\/zug-estates-tobias-achermann-tritt-als-ceo-zurueck\/#primaryimage","url":"https:\/\/www.immobilienbusiness.ch\/wp-content\/uploads\/2019\/07\/Tobias_Achermann_quer.jpg","contentUrl":"https:\/\/www.immobilienbusiness.ch\/wp-content\/uploads\/2019\/07\/Tobias_Achermann_quer.jpg","width":1500,"height":1000,"caption":"Tobias Achermann (Quelle: Zug Estates)"},{"@type":"BreadcrumbList","@id":"https:\/\/www.immobilienbusiness.ch\/unternehmen\/2019-07-05\/zug-estates-tobias-achermann-tritt-als-ceo-zurueck\/#breadcrumb","itemListElement":[{"@type":"ListItem","position":1,"name":"Home","item":"https:\/\/www.immobilienbusiness.ch\/"},{"@type":"ListItem","position":2,"name":"Zug Estates: Tobias Achermann tritt als CEO zur\u00fcck"}]},{"@type":"WebSite","@id":"https:\/\/www.immobilienbusiness.ch\/#website","url":"https:\/\/www.immobilienbusiness.ch\/","name":"IMMOBILIEN Business","description":"Unabh\u00e4ngiges Schweizer Wirtschaftsmagazin mit Fokus auf Immobilien, Architektur- und Bau sowie Investment- und Finanzierung.","publisher":{"@id":"https:\/\/www.immobilienbusiness.ch\/#organization"},"potentialAction":[{"@type":"SearchAction","target":{"@type":"EntryPoint","urlTemplate":"https:\/\/www.immobilienbusiness.ch\/?s={search_term_string}"},"query-input":{"@type":"PropertyValueSpecification","valueRequired":true,"valueName":"search_term_string"}}],"inLanguage":"de"},{"@type":"Organization","@id":"https:\/\/www.immobilienbusiness.ch\/#organization","name":"IMMOBILIEN Business","url":"https:\/\/www.immobilienbusiness.ch\/","logo":{"@type":"ImageObject","inLanguage":"de","@id":"https:\/\/www.immobilienbusiness.ch\/#\/schema\/logo\/image\/","url":"https:\/\/www.immobilienbusiness.ch\/wp-content\/uploads\/2021\/07\/logo_ib.png","contentUrl":"https:\/\/www.immobilienbusiness.ch\/wp-content\/uploads\/2021\/07\/logo_ib.png","width":800,"height":181,"caption":"IMMOBILIEN Business"},"image":{"@id":"https:\/\/www.immobilienbusiness.ch\/#\/schema\/logo\/image\/"},"sameAs":["https:\/\/www.facebook.com\/immobilienbusiness\/"]},{"@type":"Person","@id":"https:\/\/www.immobilienbusiness.ch\/#\/schema\/person\/3fc036297b10b9f42d6db5ee932af8c8","name":"anja.hall","image":{"@type":"ImageObject","inLanguage":"de","@id":"https:\/\/secure.gravatar.com\/avatar\/066b5a0d447013502c71a5782f4f3469f03cfe595cc2329fb94652fe47511bfb?s=96&d=mm&r=g","url":"https:\/\/secure.gravatar.com\/avatar\/066b5a0d447013502c71a5782f4f3469f03cfe595cc2329fb94652fe47511bfb?s=96&d=mm&r=g","contentUrl":"https:\/\/secure.gravatar.com\/avatar\/066b5a0d447013502c71a5782f4f3469f03cfe595cc2329fb94652fe47511bfb?s=96&d=mm&r=g","caption":"anja.hall"},"url":"https:\/\/www.immobilienbusiness.ch\/de\/author\/anja-hall\/"}]}},"_links":{"self":[{"href":"https:\/\/www.immobilienbusiness.ch\/de\/wp-json\/wp\/v2\/posts\/17593","targetHints":{"allow":["GET"]}}],"collection":[{"href":"https:\/\/www.immobilienbusiness.ch\/de\/wp-json\/wp\/v2\/posts"}],"about":[{"href":"https:\/\/www.immobilienbusiness.ch\/de\/wp-json\/wp\/v2\/types\/post"}],"author":[{"embeddable":true,"href":"https:\/\/www.immobilienbusiness.ch\/de\/wp-json\/wp\/v2\/users\/3"}],"replies":[{"embeddable":true,"href":"https:\/\/www.immobilienbusiness.ch\/de\/wp-json\/wp\/v2\/comments?post=17593"}],"version-history":[{"count":0,"href":"https:\/\/www.immobilienbusiness.ch\/de\/wp-json\/wp\/v2\/posts\/17593\/revisions"}],"wp:featuredmedia":[{"embeddable":true,"href":"https:\/\/www.immobilienbusiness.ch\/de\/wp-json\/wp\/v2\/media\/17594"}],"wp:attachment":[{"href":"https:\/\/www.immobilienbusiness.ch\/de\/wp-json\/wp\/v2\/media?parent=17593"}],"wp:term":[{"taxonomy":"category","embeddable":true,"href":"https:\/\/www.immobilienbusiness.ch\/de\/wp-json\/wp\/v2\/categories?post=17593"},{"taxonomy":"post_tag","embeddable":true,"href":"https:\/\/www.immobilienbusiness.ch\/de\/wp-json\/wp\/v2\/tags?post=17593"}],"curies":[{"name":"wp","href":"https:\/\/api.w.org\/{rel}","templated":true}]}}