{"id":17347,"date":"2019-06-14T08:13:51","date_gmt":"2019-06-14T06:13:51","guid":{"rendered":"https:\/\/www.immobilienbusiness.ch\/?p=17347"},"modified":"2019-06-14T08:13:51","modified_gmt":"2019-06-14T06:13:51","slug":"luzern-allreal-plant-wohnprojekt-fuer-80-millionen-chf","status":"publish","type":"post","link":"https:\/\/www.immobilienbusiness.ch\/de\/regionen\/2019-06-14\/luzern-allreal-plant-wohnprojekt-fuer-80-millionen-chf\/","title":{"rendered":"Luzern: Allreal plant Wohnprojekt f\u00fcr 80 Millionen"},"content":{"rendered":"<figure id=\"attachment_17350\" aria-describedby=\"caption-attachment-17350\" style=\"width: 680px\" class=\"wp-caption alignnone\"><img loading=\"lazy\" decoding=\"async\" class=\"size-medium wp-image-17350\" src=\"https:\/\/www.immobilienbusiness.ch\/wp-content\/uploads\/2019\/06\/Landschaft.jpg\" alt=\"\" width=\"680\" height=\"453\" srcset=\"https:\/\/www.immobilienbusiness.ch\/wp-content\/uploads\/2019\/06\/Landschaft.jpg 2560w, https:\/\/www.immobilienbusiness.ch\/wp-content\/uploads\/2019\/06\/Landschaft-300x200.jpg 300w, https:\/\/www.immobilienbusiness.ch\/wp-content\/uploads\/2019\/06\/Landschaft-1024x683.jpg 1024w, https:\/\/www.immobilienbusiness.ch\/wp-content\/uploads\/2019\/06\/Landschaft-768x512.jpg 768w, https:\/\/www.immobilienbusiness.ch\/wp-content\/uploads\/2019\/06\/Landschaft-1536x1024.jpg 1536w, https:\/\/www.immobilienbusiness.ch\/wp-content\/uploads\/2019\/06\/Landschaft-2048x1365.jpg 2048w, https:\/\/www.immobilienbusiness.ch\/wp-content\/uploads\/2019\/06\/Landschaft-16x12.jpg 16w, https:\/\/www.immobilienbusiness.ch\/wp-content\/uploads\/2019\/06\/Landschaft-263x175.jpg 263w, https:\/\/www.immobilienbusiness.ch\/wp-content\/uploads\/2019\/06\/Landschaft-525x350.jpg 525w, https:\/\/www.immobilienbusiness.ch\/wp-content\/uploads\/2019\/06\/Landschaft-1200x800.jpg 1200w, https:\/\/www.immobilienbusiness.ch\/wp-content\/uploads\/2019\/06\/Landschaft-920x613.jpg 920w, https:\/\/www.immobilienbusiness.ch\/wp-content\/uploads\/2019\/06\/Landschaft-1400x933.jpg 1400w\" sizes=\"auto, (max-width: 680px) 100vw, 680px\" \/><figcaption id=\"caption-attachment-17350\" class=\"wp-caption-text\">Allreal errichtet in Luzern eine Wohn\u00fcberbauung (Visualisierung: Allreal)<\/figcaption><\/figure>\n<p>Allreal ist seit gut einem Jahr Eigent\u00fcmerin des rund 8.400 qm grossen Grundst\u00fccks im Quartier B\u00fcttenen in Luzern. Dort stehen derzeit noch drei in den 1980er Jahren erbaute Mehrfamilienh\u00e4user mit insgesamt 23 Wohnungen.<\/p>\n<p>Einen Studienauftrag, den Allreal zusammen mit den Eigent\u00fcmern des Nachbargrundst\u00fccks Eggenhof durchgef\u00fchrt hat, gewann ein Projekt von Caruso St John Architects. Es sieht einen f\u00fcnfgeschossigen Neubau mit insgesamt 77 Eigentumswohnungen und einer Nutzfl\u00e4che von rund 7.500 qm vor. Geplant ist ein Wohnungsmix von 2,5- bis 5,5-Zimmer-Wohnungen. Die Architektur des in Erdfarben gehaltenen Geb\u00e4udes zeichne sich durch einen starken Bezug zur umliegenden Landschaft aus, schreibt Allreal in einer Mitteilung.<\/p>\n<p>Auf Basis des Siegerprojekts wird in den n\u00e4chsten Monaten ein Richtprojekt erarbeitet, das als Grundlage f\u00fcr den privaten Gestaltungsplan dient. Er soll Ende dieses Jahres eingegeben werden. Voraussichtlich im Fr\u00fchling 2021 soll mit dem Bau begonnen werden. Die Fertigstellung des Mehrfamilienhauses ist f\u00fcr Anfang 2023 geplant. <em>(ah)<\/em><\/p>\n","protected":false},"excerpt":{"rendered":"<p>Allreal will auf dem Grundst\u00fcck Eggen in Luzern ein Mehrfamilienhaus mit 77 Eigentumswohnungen realisieren. Das Investitionsvolumen liegt bei rund 80 Millionen CHF.<\/p>\n","protected":false},"author":3,"featured_media":17350,"comment_status":"closed","ping_status":"open","sticky":false,"template":"","format":"standard","meta":{"_acf_changed":false,"_yoast_wpseo_focuskw":"Allreal","_yoast_wpseo_title":"","_yoast_wpseo_metadesc":"Allreal will in Luzern ein Mehrfamilienhaus mit 77 Eigentumswohnungen realisieren. Das Investitionsvolumen liegt bei rund 80 Millionen CHF.","_yoast_wpseo_linkdex":41,"pgc_sgb_lightbox_settings":"","footnotes":""},"categories":[985],"tags":[1013,1459,1600,1863],"class_list":["post-17347","post","type-post","status-publish","format-standard","has-post-thumbnail","hentry","category-regionen","tag-allreal","tag-luzern","tag-projekt-in-planung","tag-wohnimmobilien"],"acf":[],"yoast_head":"<!-- This site is optimized with the Yoast SEO plugin v27.4 - https:\/\/yoast.com\/product\/yoast-seo-wordpress\/ -->\n<title>Luzern: Allreal plant Wohnprojekt f\u00fcr 80 Millionen - IMMOBILIEN Business<\/title>\n<meta name=\"description\" content=\"Allreal will in Luzern ein Mehrfamilienhaus mit 77 Eigentumswohnungen realisieren. Das Investitionsvolumen liegt bei rund 80 Millionen CHF.\" \/>\n<meta name=\"robots\" content=\"index, follow, max-snippet:-1, max-image-preview:large, max-video-preview:-1\" \/>\n<link rel=\"canonical\" href=\"https:\/\/www.immobilienbusiness.ch\/de\/regionen\/2019-06-14\/luzern-allreal-plant-wohnprojekt-fuer-80-millionen-chf\/\" \/>\n<meta property=\"og:locale\" content=\"de_DE\" \/>\n<meta property=\"og:type\" content=\"article\" \/>\n<meta property=\"og:title\" content=\"Luzern: Allreal plant Wohnprojekt f\u00fcr 80 Millionen - IMMOBILIEN Business\" \/>\n<meta property=\"og:description\" content=\"Allreal will in Luzern ein Mehrfamilienhaus mit 77 Eigentumswohnungen realisieren. Das Investitionsvolumen liegt bei rund 80 Millionen CHF.\" \/>\n<meta property=\"og:url\" content=\"https:\/\/www.immobilienbusiness.ch\/de\/regionen\/2019-06-14\/luzern-allreal-plant-wohnprojekt-fuer-80-millionen-chf\/\" \/>\n<meta property=\"og:site_name\" content=\"IMMOBILIEN Business\" \/>\n<meta property=\"article:publisher\" content=\"https:\/\/www.facebook.com\/immobilienbusiness\/\" \/>\n<meta property=\"article:published_time\" content=\"2019-06-14T06:13:51+00:00\" \/>\n<meta property=\"og:image\" content=\"https:\/\/www.immobilienbusiness.ch\/wp-content\/uploads\/2019\/06\/Landschaft-1024x683.jpg\" \/>\n\t<meta property=\"og:image:width\" content=\"1024\" \/>\n\t<meta property=\"og:image:height\" content=\"683\" \/>\n\t<meta property=\"og:image:type\" content=\"image\/jpeg\" \/>\n<meta name=\"author\" content=\"anja.hall\" \/>\n<meta name=\"twitter:card\" content=\"summary_large_image\" \/>\n<meta name=\"twitter:image\" content=\"https:\/\/www.immobilienbusiness.ch\/wp-content\/uploads\/2019\/06\/Landschaft.jpg\" \/>\n<script type=\"application\/ld+json\" class=\"yoast-schema-graph\">{\"@context\":\"https:\\\/\\\/schema.org\",\"@graph\":[{\"@type\":\"Article\",\"@id\":\"https:\\\/\\\/www.immobilienbusiness.ch\\\/de\\\/regionen\\\/2019-06-14\\\/luzern-allreal-plant-wohnprojekt-fuer-80-millionen-chf\\\/#article\",\"isPartOf\":{\"@id\":\"https:\\\/\\\/www.immobilienbusiness.ch\\\/de\\\/regionen\\\/2019-06-14\\\/luzern-allreal-plant-wohnprojekt-fuer-80-millionen-chf\\\/\"},\"author\":{\"name\":\"anja.hall\",\"@id\":\"https:\\\/\\\/www.immobilienbusiness.ch\\\/#\\\/schema\\\/person\\\/3fc036297b10b9f42d6db5ee932af8c8\"},\"headline\":\"Luzern: Allreal plant Wohnprojekt f\u00fcr 80 Millionen\",\"datePublished\":\"2019-06-14T06:13:51+00:00\",\"mainEntityOfPage\":{\"@id\":\"https:\\\/\\\/www.immobilienbusiness.ch\\\/de\\\/regionen\\\/2019-06-14\\\/luzern-allreal-plant-wohnprojekt-fuer-80-millionen-chf\\\/\"},\"wordCount\":179,\"publisher\":{\"@id\":\"https:\\\/\\\/www.immobilienbusiness.ch\\\/#organization\"},\"image\":{\"@id\":\"https:\\\/\\\/www.immobilienbusiness.ch\\\/de\\\/regionen\\\/2019-06-14\\\/luzern-allreal-plant-wohnprojekt-fuer-80-millionen-chf\\\/#primaryimage\"},\"thumbnailUrl\":\"https:\\\/\\\/www.immobilienbusiness.ch\\\/wp-content\\\/uploads\\\/2019\\\/06\\\/Landschaft.jpg\",\"keywords\":[\"Allreal\",\"Luzern\",\"Projekt in Planung\",\"Wohnimmobilien\"],\"articleSection\":[\"REGIONEN\"],\"inLanguage\":\"de\"},{\"@type\":\"WebPage\",\"@id\":\"https:\\\/\\\/www.immobilienbusiness.ch\\\/de\\\/regionen\\\/2019-06-14\\\/luzern-allreal-plant-wohnprojekt-fuer-80-millionen-chf\\\/\",\"url\":\"https:\\\/\\\/www.immobilienbusiness.ch\\\/de\\\/regionen\\\/2019-06-14\\\/luzern-allreal-plant-wohnprojekt-fuer-80-millionen-chf\\\/\",\"name\":\"Luzern: Allreal plant Wohnprojekt f\u00fcr 80 Millionen - IMMOBILIEN Business\",\"isPartOf\":{\"@id\":\"https:\\\/\\\/www.immobilienbusiness.ch\\\/#website\"},\"primaryImageOfPage\":{\"@id\":\"https:\\\/\\\/www.immobilienbusiness.ch\\\/de\\\/regionen\\\/2019-06-14\\\/luzern-allreal-plant-wohnprojekt-fuer-80-millionen-chf\\\/#primaryimage\"},\"image\":{\"@id\":\"https:\\\/\\\/www.immobilienbusiness.ch\\\/de\\\/regionen\\\/2019-06-14\\\/luzern-allreal-plant-wohnprojekt-fuer-80-millionen-chf\\\/#primaryimage\"},\"thumbnailUrl\":\"https:\\\/\\\/www.immobilienbusiness.ch\\\/wp-content\\\/uploads\\\/2019\\\/06\\\/Landschaft.jpg\",\"datePublished\":\"2019-06-14T06:13:51+00:00\",\"description\":\"Allreal will in Luzern ein Mehrfamilienhaus mit 77 Eigentumswohnungen realisieren. Das Investitionsvolumen liegt bei rund 80 Millionen CHF.\",\"breadcrumb\":{\"@id\":\"https:\\\/\\\/www.immobilienbusiness.ch\\\/de\\\/regionen\\\/2019-06-14\\\/luzern-allreal-plant-wohnprojekt-fuer-80-millionen-chf\\\/#breadcrumb\"},\"inLanguage\":\"de\",\"potentialAction\":[{\"@type\":\"ReadAction\",\"target\":[\"https:\\\/\\\/www.immobilienbusiness.ch\\\/de\\\/regionen\\\/2019-06-14\\\/luzern-allreal-plant-wohnprojekt-fuer-80-millionen-chf\\\/\"]}]},{\"@type\":\"ImageObject\",\"inLanguage\":\"de\",\"@id\":\"https:\\\/\\\/www.immobilienbusiness.ch\\\/de\\\/regionen\\\/2019-06-14\\\/luzern-allreal-plant-wohnprojekt-fuer-80-millionen-chf\\\/#primaryimage\",\"url\":\"https:\\\/\\\/www.immobilienbusiness.ch\\\/wp-content\\\/uploads\\\/2019\\\/06\\\/Landschaft.jpg\",\"contentUrl\":\"https:\\\/\\\/www.immobilienbusiness.ch\\\/wp-content\\\/uploads\\\/2019\\\/06\\\/Landschaft.jpg\",\"width\":2560,\"height\":1707,\"caption\":\"Allreal errichtet in Luzern eine Wohn\u00fcberbauung (Visualisierung: Allreal)\"},{\"@type\":\"BreadcrumbList\",\"@id\":\"https:\\\/\\\/www.immobilienbusiness.ch\\\/de\\\/regionen\\\/2019-06-14\\\/luzern-allreal-plant-wohnprojekt-fuer-80-millionen-chf\\\/#breadcrumb\",\"itemListElement\":[{\"@type\":\"ListItem\",\"position\":1,\"name\":\"Home\",\"item\":\"https:\\\/\\\/www.immobilienbusiness.ch\\\/\"},{\"@type\":\"ListItem\",\"position\":2,\"name\":\"Luzern: Allreal plant Wohnprojekt f\u00fcr 80 Millionen\"}]},{\"@type\":\"WebSite\",\"@id\":\"https:\\\/\\\/www.immobilienbusiness.ch\\\/#website\",\"url\":\"https:\\\/\\\/www.immobilienbusiness.ch\\\/\",\"name\":\"IMMOBILIEN Business\",\"description\":\"Unabh\u00e4ngiges Schweizer Wirtschaftsmagazin mit Fokus auf Immobilien, Architektur- und Bau sowie Investment- und Finanzierung.\",\"publisher\":{\"@id\":\"https:\\\/\\\/www.immobilienbusiness.ch\\\/#organization\"},\"potentialAction\":[{\"@type\":\"SearchAction\",\"target\":{\"@type\":\"EntryPoint\",\"urlTemplate\":\"https:\\\/\\\/www.immobilienbusiness.ch\\\/?s={search_term_string}\"},\"query-input\":{\"@type\":\"PropertyValueSpecification\",\"valueRequired\":true,\"valueName\":\"search_term_string\"}}],\"inLanguage\":\"de\"},{\"@type\":\"Organization\",\"@id\":\"https:\\\/\\\/www.immobilienbusiness.ch\\\/#organization\",\"name\":\"IMMOBILIEN Business\",\"url\":\"https:\\\/\\\/www.immobilienbusiness.ch\\\/\",\"logo\":{\"@type\":\"ImageObject\",\"inLanguage\":\"de\",\"@id\":\"https:\\\/\\\/www.immobilienbusiness.ch\\\/#\\\/schema\\\/logo\\\/image\\\/\",\"url\":\"https:\\\/\\\/www.immobilienbusiness.ch\\\/wp-content\\\/uploads\\\/2021\\\/07\\\/logo_ib.png\",\"contentUrl\":\"https:\\\/\\\/www.immobilienbusiness.ch\\\/wp-content\\\/uploads\\\/2021\\\/07\\\/logo_ib.png\",\"width\":800,\"height\":181,\"caption\":\"IMMOBILIEN Business\"},\"image\":{\"@id\":\"https:\\\/\\\/www.immobilienbusiness.ch\\\/#\\\/schema\\\/logo\\\/image\\\/\"},\"sameAs\":[\"https:\\\/\\\/www.facebook.com\\\/immobilienbusiness\\\/\"]},{\"@type\":\"Person\",\"@id\":\"https:\\\/\\\/www.immobilienbusiness.ch\\\/#\\\/schema\\\/person\\\/3fc036297b10b9f42d6db5ee932af8c8\",\"name\":\"anja.hall\",\"image\":{\"@type\":\"ImageObject\",\"inLanguage\":\"de\",\"@id\":\"https:\\\/\\\/secure.gravatar.com\\\/avatar\\\/066b5a0d447013502c71a5782f4f3469f03cfe595cc2329fb94652fe47511bfb?s=96&d=mm&r=g\",\"url\":\"https:\\\/\\\/secure.gravatar.com\\\/avatar\\\/066b5a0d447013502c71a5782f4f3469f03cfe595cc2329fb94652fe47511bfb?s=96&d=mm&r=g\",\"contentUrl\":\"https:\\\/\\\/secure.gravatar.com\\\/avatar\\\/066b5a0d447013502c71a5782f4f3469f03cfe595cc2329fb94652fe47511bfb?s=96&d=mm&r=g\",\"caption\":\"anja.hall\"},\"url\":\"https:\\\/\\\/www.immobilienbusiness.ch\\\/de\\\/author\\\/anja-hall\\\/\"}]}<\/script>\n<!-- \/ Yoast SEO plugin. -->","yoast_head_json":{"title":"Luzern: Allreal plant Wohnprojekt f\u00fcr 80 Millionen - IMMOBILIEN Business","description":"Allreal will in Luzern ein Mehrfamilienhaus mit 77 Eigentumswohnungen realisieren. Das Investitionsvolumen liegt bei rund 80 Millionen CHF.","robots":{"index":"index","follow":"follow","max-snippet":"max-snippet:-1","max-image-preview":"max-image-preview:large","max-video-preview":"max-video-preview:-1"},"canonical":"https:\/\/www.immobilienbusiness.ch\/de\/regionen\/2019-06-14\/luzern-allreal-plant-wohnprojekt-fuer-80-millionen-chf\/","og_locale":"de_DE","og_type":"article","og_title":"Luzern: Allreal plant Wohnprojekt f\u00fcr 80 Millionen - IMMOBILIEN Business","og_description":"Allreal will in Luzern ein Mehrfamilienhaus mit 77 Eigentumswohnungen realisieren. Das Investitionsvolumen liegt bei rund 80 Millionen CHF.","og_url":"https:\/\/www.immobilienbusiness.ch\/de\/regionen\/2019-06-14\/luzern-allreal-plant-wohnprojekt-fuer-80-millionen-chf\/","og_site_name":"IMMOBILIEN Business","article_publisher":"https:\/\/www.facebook.com\/immobilienbusiness\/","article_published_time":"2019-06-14T06:13:51+00:00","og_image":[{"width":1024,"height":683,"url":"https:\/\/www.immobilienbusiness.ch\/wp-content\/uploads\/2019\/06\/Landschaft-1024x683.jpg","type":"image\/jpeg"}],"author":"anja.hall","twitter_card":"summary_large_image","twitter_image":"https:\/\/www.immobilienbusiness.ch\/wp-content\/uploads\/2019\/06\/Landschaft.jpg","schema":{"@context":"https:\/\/schema.org","@graph":[{"@type":"Article","@id":"https:\/\/www.immobilienbusiness.ch\/de\/regionen\/2019-06-14\/luzern-allreal-plant-wohnprojekt-fuer-80-millionen-chf\/#article","isPartOf":{"@id":"https:\/\/www.immobilienbusiness.ch\/de\/regionen\/2019-06-14\/luzern-allreal-plant-wohnprojekt-fuer-80-millionen-chf\/"},"author":{"name":"anja.hall","@id":"https:\/\/www.immobilienbusiness.ch\/#\/schema\/person\/3fc036297b10b9f42d6db5ee932af8c8"},"headline":"Luzern: Allreal plant Wohnprojekt f\u00fcr 80 Millionen","datePublished":"2019-06-14T06:13:51+00:00","mainEntityOfPage":{"@id":"https:\/\/www.immobilienbusiness.ch\/de\/regionen\/2019-06-14\/luzern-allreal-plant-wohnprojekt-fuer-80-millionen-chf\/"},"wordCount":179,"publisher":{"@id":"https:\/\/www.immobilienbusiness.ch\/#organization"},"image":{"@id":"https:\/\/www.immobilienbusiness.ch\/de\/regionen\/2019-06-14\/luzern-allreal-plant-wohnprojekt-fuer-80-millionen-chf\/#primaryimage"},"thumbnailUrl":"https:\/\/www.immobilienbusiness.ch\/wp-content\/uploads\/2019\/06\/Landschaft.jpg","keywords":["Allreal","Luzern","Projekt in Planung","Wohnimmobilien"],"articleSection":["REGIONEN"],"inLanguage":"de"},{"@type":"WebPage","@id":"https:\/\/www.immobilienbusiness.ch\/de\/regionen\/2019-06-14\/luzern-allreal-plant-wohnprojekt-fuer-80-millionen-chf\/","url":"https:\/\/www.immobilienbusiness.ch\/de\/regionen\/2019-06-14\/luzern-allreal-plant-wohnprojekt-fuer-80-millionen-chf\/","name":"Luzern: Allreal plant Wohnprojekt f\u00fcr 80 Millionen - IMMOBILIEN Business","isPartOf":{"@id":"https:\/\/www.immobilienbusiness.ch\/#website"},"primaryImageOfPage":{"@id":"https:\/\/www.immobilienbusiness.ch\/de\/regionen\/2019-06-14\/luzern-allreal-plant-wohnprojekt-fuer-80-millionen-chf\/#primaryimage"},"image":{"@id":"https:\/\/www.immobilienbusiness.ch\/de\/regionen\/2019-06-14\/luzern-allreal-plant-wohnprojekt-fuer-80-millionen-chf\/#primaryimage"},"thumbnailUrl":"https:\/\/www.immobilienbusiness.ch\/wp-content\/uploads\/2019\/06\/Landschaft.jpg","datePublished":"2019-06-14T06:13:51+00:00","description":"Allreal will in Luzern ein Mehrfamilienhaus mit 77 Eigentumswohnungen realisieren. Das Investitionsvolumen liegt bei rund 80 Millionen CHF.","breadcrumb":{"@id":"https:\/\/www.immobilienbusiness.ch\/de\/regionen\/2019-06-14\/luzern-allreal-plant-wohnprojekt-fuer-80-millionen-chf\/#breadcrumb"},"inLanguage":"de","potentialAction":[{"@type":"ReadAction","target":["https:\/\/www.immobilienbusiness.ch\/de\/regionen\/2019-06-14\/luzern-allreal-plant-wohnprojekt-fuer-80-millionen-chf\/"]}]},{"@type":"ImageObject","inLanguage":"de","@id":"https:\/\/www.immobilienbusiness.ch\/de\/regionen\/2019-06-14\/luzern-allreal-plant-wohnprojekt-fuer-80-millionen-chf\/#primaryimage","url":"https:\/\/www.immobilienbusiness.ch\/wp-content\/uploads\/2019\/06\/Landschaft.jpg","contentUrl":"https:\/\/www.immobilienbusiness.ch\/wp-content\/uploads\/2019\/06\/Landschaft.jpg","width":2560,"height":1707,"caption":"Allreal errichtet in Luzern eine Wohn\u00fcberbauung (Visualisierung: Allreal)"},{"@type":"BreadcrumbList","@id":"https:\/\/www.immobilienbusiness.ch\/de\/regionen\/2019-06-14\/luzern-allreal-plant-wohnprojekt-fuer-80-millionen-chf\/#breadcrumb","itemListElement":[{"@type":"ListItem","position":1,"name":"Home","item":"https:\/\/www.immobilienbusiness.ch\/"},{"@type":"ListItem","position":2,"name":"Luzern: Allreal plant Wohnprojekt f\u00fcr 80 Millionen"}]},{"@type":"WebSite","@id":"https:\/\/www.immobilienbusiness.ch\/#website","url":"https:\/\/www.immobilienbusiness.ch\/","name":"IMMOBILIEN Business","description":"Unabh\u00e4ngiges Schweizer Wirtschaftsmagazin mit Fokus auf Immobilien, Architektur- und Bau sowie Investment- und Finanzierung.","publisher":{"@id":"https:\/\/www.immobilienbusiness.ch\/#organization"},"potentialAction":[{"@type":"SearchAction","target":{"@type":"EntryPoint","urlTemplate":"https:\/\/www.immobilienbusiness.ch\/?s={search_term_string}"},"query-input":{"@type":"PropertyValueSpecification","valueRequired":true,"valueName":"search_term_string"}}],"inLanguage":"de"},{"@type":"Organization","@id":"https:\/\/www.immobilienbusiness.ch\/#organization","name":"IMMOBILIEN Business","url":"https:\/\/www.immobilienbusiness.ch\/","logo":{"@type":"ImageObject","inLanguage":"de","@id":"https:\/\/www.immobilienbusiness.ch\/#\/schema\/logo\/image\/","url":"https:\/\/www.immobilienbusiness.ch\/wp-content\/uploads\/2021\/07\/logo_ib.png","contentUrl":"https:\/\/www.immobilienbusiness.ch\/wp-content\/uploads\/2021\/07\/logo_ib.png","width":800,"height":181,"caption":"IMMOBILIEN Business"},"image":{"@id":"https:\/\/www.immobilienbusiness.ch\/#\/schema\/logo\/image\/"},"sameAs":["https:\/\/www.facebook.com\/immobilienbusiness\/"]},{"@type":"Person","@id":"https:\/\/www.immobilienbusiness.ch\/#\/schema\/person\/3fc036297b10b9f42d6db5ee932af8c8","name":"anja.hall","image":{"@type":"ImageObject","inLanguage":"de","@id":"https:\/\/secure.gravatar.com\/avatar\/066b5a0d447013502c71a5782f4f3469f03cfe595cc2329fb94652fe47511bfb?s=96&d=mm&r=g","url":"https:\/\/secure.gravatar.com\/avatar\/066b5a0d447013502c71a5782f4f3469f03cfe595cc2329fb94652fe47511bfb?s=96&d=mm&r=g","contentUrl":"https:\/\/secure.gravatar.com\/avatar\/066b5a0d447013502c71a5782f4f3469f03cfe595cc2329fb94652fe47511bfb?s=96&d=mm&r=g","caption":"anja.hall"},"url":"https:\/\/www.immobilienbusiness.ch\/de\/author\/anja-hall\/"}]}},"_links":{"self":[{"href":"https:\/\/www.immobilienbusiness.ch\/de\/wp-json\/wp\/v2\/posts\/17347","targetHints":{"allow":["GET"]}}],"collection":[{"href":"https:\/\/www.immobilienbusiness.ch\/de\/wp-json\/wp\/v2\/posts"}],"about":[{"href":"https:\/\/www.immobilienbusiness.ch\/de\/wp-json\/wp\/v2\/types\/post"}],"author":[{"embeddable":true,"href":"https:\/\/www.immobilienbusiness.ch\/de\/wp-json\/wp\/v2\/users\/3"}],"replies":[{"embeddable":true,"href":"https:\/\/www.immobilienbusiness.ch\/de\/wp-json\/wp\/v2\/comments?post=17347"}],"version-history":[{"count":0,"href":"https:\/\/www.immobilienbusiness.ch\/de\/wp-json\/wp\/v2\/posts\/17347\/revisions"}],"wp:featuredmedia":[{"embeddable":true,"href":"https:\/\/www.immobilienbusiness.ch\/de\/wp-json\/wp\/v2\/media\/17350"}],"wp:attachment":[{"href":"https:\/\/www.immobilienbusiness.ch\/de\/wp-json\/wp\/v2\/media?parent=17347"}],"wp:term":[{"taxonomy":"category","embeddable":true,"href":"https:\/\/www.immobilienbusiness.ch\/de\/wp-json\/wp\/v2\/categories?post=17347"},{"taxonomy":"post_tag","embeddable":true,"href":"https:\/\/www.immobilienbusiness.ch\/de\/wp-json\/wp\/v2\/tags?post=17347"}],"curies":[{"name":"wp","href":"https:\/\/api.w.org\/{rel}","templated":true}]}}