{"id":17201,"date":"2019-05-31T08:52:44","date_gmt":"2019-05-31T06:52:44","guid":{"rendered":"https:\/\/www.immobilienbusiness.ch\/?p=17201"},"modified":"2019-05-31T08:52:44","modified_gmt":"2019-05-31T06:52:44","slug":"zuerich-hardturm-ueberbauung-nimmt-naechsten-schritt","status":"publish","type":"post","link":"https:\/\/www.immobilienbusiness.ch\/de\/regionen\/2019-05-31\/zuerich-hardturm-ueberbauung-nimmt-naechsten-schritt\/","title":{"rendered":"Z\u00fcrich: Hardturm-\u00dcberbauung nimmt n\u00e4chste H\u00fcrde"},"content":{"rendered":"<figure id=\"attachment_9189\" aria-describedby=\"caption-attachment-9189\" style=\"width: 680px\" class=\"wp-caption alignnone\"><img loading=\"lazy\" decoding=\"async\" class=\"wp-image-9189 size-medium\" src=\"https:\/\/www.immobilienbusiness.ch\/wp-content\/uploads\/2017\/09\/04pfingstweidstrasse_nightnurse.jpg\" alt=\"\" width=\"680\" height=\"453\" srcset=\"https:\/\/www.immobilienbusiness.ch\/wp-content\/uploads\/2017\/09\/04pfingstweidstrasse_nightnurse.jpg 2560w, https:\/\/www.immobilienbusiness.ch\/wp-content\/uploads\/2017\/09\/04pfingstweidstrasse_nightnurse-300x200.jpg 300w, https:\/\/www.immobilienbusiness.ch\/wp-content\/uploads\/2017\/09\/04pfingstweidstrasse_nightnurse-1024x683.jpg 1024w, https:\/\/www.immobilienbusiness.ch\/wp-content\/uploads\/2017\/09\/04pfingstweidstrasse_nightnurse-768x512.jpg 768w, https:\/\/www.immobilienbusiness.ch\/wp-content\/uploads\/2017\/09\/04pfingstweidstrasse_nightnurse-1536x1024.jpg 1536w, https:\/\/www.immobilienbusiness.ch\/wp-content\/uploads\/2017\/09\/04pfingstweidstrasse_nightnurse-2048x1365.jpg 2048w, https:\/\/www.immobilienbusiness.ch\/wp-content\/uploads\/2017\/09\/04pfingstweidstrasse_nightnurse-16x12.jpg 16w, https:\/\/www.immobilienbusiness.ch\/wp-content\/uploads\/2017\/09\/04pfingstweidstrasse_nightnurse-263x175.jpg 263w, https:\/\/www.immobilienbusiness.ch\/wp-content\/uploads\/2017\/09\/04pfingstweidstrasse_nightnurse-525x350.jpg 525w, https:\/\/www.immobilienbusiness.ch\/wp-content\/uploads\/2017\/09\/04pfingstweidstrasse_nightnurse-1200x800.jpg 1200w, https:\/\/www.immobilienbusiness.ch\/wp-content\/uploads\/2017\/09\/04pfingstweidstrasse_nightnurse-920x613.jpg 920w, https:\/\/www.immobilienbusiness.ch\/wp-content\/uploads\/2017\/09\/04pfingstweidstrasse_nightnurse-1400x933.jpg 1400w\" sizes=\"auto, (max-width: 680px) 100vw, 680px\" \/><figcaption id=\"caption-attachment-9189\" class=\"wp-caption-text\">Die \u00dcberbauung Ensemble auf dem Hardturm-Areal (Visualisierung: \u00a9 Nightnurse Images, Z\u00fcrich, im Auftrag der HRS Real Estate AG, Boltshauser Architekten, pool Architekten und Caruso St John Architekten)<\/figcaption><\/figure>\n<p>Gegen das Projekt Ensemble, das HRS Real Estate, Immobilienanlagegef\u00e4sse der Credit Suisse und die Allgemeinen Baugenossenschaft Z\u00fcrich (ABZ) realisieren wollen, sind nach Angaben des Stadtrats 60 Einwendungen eingegangen. Sie h\u00e4tten vor allem die Themen Hochhaus und Freiraum betroffen.<\/p>\n<p>Auf dem Areal sind neben dem neuen Fussballstadion f\u00fcr 18.000 Zuschauende auch eine gemeinn\u00fctzige Wohn\u00fcberbauung mit rund 174 Wohnungen sowie zwei Wohn- und Gesch\u00e4ftshochh\u00e4user mit rund 570 Wohnungen geplant. Vorgesehen sind zudem drei \u00f6ffentliche Pl\u00e4tze.<\/p>\n<p>Der private Gestaltungsplan schafft nun die planungsrechtlichen Voraussetzungen f\u00fcr die Realisierung des Projektes. Er sei aufgrund der Geb\u00e4udeh\u00f6he der beiden geplanten Hochh\u00e4user erforderlich gewesen, so der Stadtrat. Hinzu komme, dass die komplexen Anforderungen eines Fussballstadions an die Erschliessung und der Nachweis der Umweltvertr\u00e4glichkeit vertiefte Abkl\u00e4rungen erfordert h\u00e4tten. <em>(ah)<\/em><\/p>\n","protected":false},"excerpt":{"rendered":"<p>Das Projekt f\u00fcr ein Fussballstadion mit Wohn\u00fcberbauung auf dem Hardturm-Areal nimmt eine weitere H\u00fcrde. Der Stadtrat hat den privaten Gestaltungsplan daf\u00fcr gutgeheissen und an den Gemeinderat \u00fcberwiesen.<\/p>\n","protected":false},"author":3,"featured_media":9189,"comment_status":"closed","ping_status":"open","sticky":false,"template":"","format":"standard","meta":{"_acf_changed":false,"_yoast_wpseo_focuskw":"Hardturm","_yoast_wpseo_title":"","_yoast_wpseo_metadesc":"Das Stadion- und Wohnprojekt auf dem Hardturm-Areal nimmt eine weitere H\u00fcrde. Der Stadtrat hat den privaten Gestaltungsplan daf\u00fcr gutgeheissen.","_yoast_wpseo_linkdex":42,"pgc_sgb_lightbox_settings":"","footnotes":""},"categories":[985],"tags":[1146,1318,1600,1863,1888],"class_list":["post-17201","post","type-post","status-publish","format-standard","has-post-thumbnail","hentry","category-regionen","tag-credit-suisse","tag-hrs-real-estate","tag-projekt-in-planung","tag-wohnimmobilien","tag-zuerich"],"acf":[],"yoast_head":"<!-- This site is optimized with the Yoast SEO plugin v27.4 - https:\/\/yoast.com\/product\/yoast-seo-wordpress\/ -->\n<title>Z\u00fcrich: Hardturm-\u00dcberbauung nimmt n\u00e4chste H\u00fcrde - IMMOBILIEN Business<\/title>\n<meta name=\"description\" content=\"Das Stadion- und Wohnprojekt auf dem Hardturm-Areal nimmt eine weitere H\u00fcrde. Der Stadtrat hat den privaten Gestaltungsplan daf\u00fcr gutgeheissen.\" \/>\n<meta name=\"robots\" content=\"index, follow, max-snippet:-1, max-image-preview:large, max-video-preview:-1\" \/>\n<link rel=\"canonical\" href=\"https:\/\/www.immobilienbusiness.ch\/de\/regionen\/2019-05-31\/zuerich-hardturm-ueberbauung-nimmt-naechsten-schritt\/\" \/>\n<meta property=\"og:locale\" content=\"de_DE\" \/>\n<meta property=\"og:type\" content=\"article\" \/>\n<meta property=\"og:title\" content=\"Z\u00fcrich: Hardturm-\u00dcberbauung nimmt n\u00e4chste H\u00fcrde - IMMOBILIEN Business\" \/>\n<meta property=\"og:description\" content=\"Das Stadion- und Wohnprojekt auf dem Hardturm-Areal nimmt eine weitere H\u00fcrde. Der Stadtrat hat den privaten Gestaltungsplan daf\u00fcr gutgeheissen.\" \/>\n<meta property=\"og:url\" content=\"https:\/\/www.immobilienbusiness.ch\/de\/regionen\/2019-05-31\/zuerich-hardturm-ueberbauung-nimmt-naechsten-schritt\/\" \/>\n<meta property=\"og:site_name\" content=\"IMMOBILIEN Business\" \/>\n<meta property=\"article:publisher\" content=\"https:\/\/www.facebook.com\/immobilienbusiness\/\" \/>\n<meta property=\"article:published_time\" content=\"2019-05-31T06:52:44+00:00\" \/>\n<meta property=\"og:image\" content=\"https:\/\/www.immobilienbusiness.ch\/wp-content\/uploads\/2017\/09\/04pfingstweidstrasse_nightnurse-1024x683.jpg\" \/>\n\t<meta property=\"og:image:width\" content=\"1024\" \/>\n\t<meta property=\"og:image:height\" content=\"683\" \/>\n\t<meta property=\"og:image:type\" content=\"image\/jpeg\" \/>\n<meta name=\"author\" content=\"anja.hall\" \/>\n<meta name=\"twitter:card\" content=\"summary_large_image\" \/>\n<meta name=\"twitter:image\" content=\"https:\/\/www.immobilienbusiness.ch\/wp-content\/uploads\/2017\/09\/04pfingstweidstrasse_nightnurse.jpg\" \/>\n<script type=\"application\/ld+json\" class=\"yoast-schema-graph\">{\"@context\":\"https:\\\/\\\/schema.org\",\"@graph\":[{\"@type\":\"Article\",\"@id\":\"https:\\\/\\\/www.immobilienbusiness.ch\\\/de\\\/regionen\\\/2019-05-31\\\/zuerich-hardturm-ueberbauung-nimmt-naechsten-schritt\\\/#article\",\"isPartOf\":{\"@id\":\"https:\\\/\\\/www.immobilienbusiness.ch\\\/de\\\/regionen\\\/2019-05-31\\\/zuerich-hardturm-ueberbauung-nimmt-naechsten-schritt\\\/\"},\"author\":{\"name\":\"anja.hall\",\"@id\":\"https:\\\/\\\/www.immobilienbusiness.ch\\\/#\\\/schema\\\/person\\\/3fc036297b10b9f42d6db5ee932af8c8\"},\"headline\":\"Z\u00fcrich: Hardturm-\u00dcberbauung nimmt n\u00e4chste H\u00fcrde\",\"datePublished\":\"2019-05-31T06:52:44+00:00\",\"mainEntityOfPage\":{\"@id\":\"https:\\\/\\\/www.immobilienbusiness.ch\\\/de\\\/regionen\\\/2019-05-31\\\/zuerich-hardturm-ueberbauung-nimmt-naechsten-schritt\\\/\"},\"wordCount\":176,\"publisher\":{\"@id\":\"https:\\\/\\\/www.immobilienbusiness.ch\\\/#organization\"},\"image\":{\"@id\":\"https:\\\/\\\/www.immobilienbusiness.ch\\\/de\\\/regionen\\\/2019-05-31\\\/zuerich-hardturm-ueberbauung-nimmt-naechsten-schritt\\\/#primaryimage\"},\"thumbnailUrl\":\"https:\\\/\\\/www.immobilienbusiness.ch\\\/wp-content\\\/uploads\\\/2017\\\/09\\\/04pfingstweidstrasse_nightnurse.jpg\",\"keywords\":[\"Credit Suisse\",\"HRS Real Estate\",\"Projekt in Planung\",\"Wohnimmobilien\",\"Z\u00fcrich\"],\"articleSection\":[\"REGIONEN\"],\"inLanguage\":\"de\"},{\"@type\":\"WebPage\",\"@id\":\"https:\\\/\\\/www.immobilienbusiness.ch\\\/de\\\/regionen\\\/2019-05-31\\\/zuerich-hardturm-ueberbauung-nimmt-naechsten-schritt\\\/\",\"url\":\"https:\\\/\\\/www.immobilienbusiness.ch\\\/de\\\/regionen\\\/2019-05-31\\\/zuerich-hardturm-ueberbauung-nimmt-naechsten-schritt\\\/\",\"name\":\"Z\u00fcrich: Hardturm-\u00dcberbauung nimmt n\u00e4chste H\u00fcrde - IMMOBILIEN Business\",\"isPartOf\":{\"@id\":\"https:\\\/\\\/www.immobilienbusiness.ch\\\/#website\"},\"primaryImageOfPage\":{\"@id\":\"https:\\\/\\\/www.immobilienbusiness.ch\\\/de\\\/regionen\\\/2019-05-31\\\/zuerich-hardturm-ueberbauung-nimmt-naechsten-schritt\\\/#primaryimage\"},\"image\":{\"@id\":\"https:\\\/\\\/www.immobilienbusiness.ch\\\/de\\\/regionen\\\/2019-05-31\\\/zuerich-hardturm-ueberbauung-nimmt-naechsten-schritt\\\/#primaryimage\"},\"thumbnailUrl\":\"https:\\\/\\\/www.immobilienbusiness.ch\\\/wp-content\\\/uploads\\\/2017\\\/09\\\/04pfingstweidstrasse_nightnurse.jpg\",\"datePublished\":\"2019-05-31T06:52:44+00:00\",\"description\":\"Das Stadion- und Wohnprojekt auf dem Hardturm-Areal nimmt eine weitere H\u00fcrde. Der Stadtrat hat den privaten Gestaltungsplan daf\u00fcr gutgeheissen.\",\"breadcrumb\":{\"@id\":\"https:\\\/\\\/www.immobilienbusiness.ch\\\/de\\\/regionen\\\/2019-05-31\\\/zuerich-hardturm-ueberbauung-nimmt-naechsten-schritt\\\/#breadcrumb\"},\"inLanguage\":\"de\",\"potentialAction\":[{\"@type\":\"ReadAction\",\"target\":[\"https:\\\/\\\/www.immobilienbusiness.ch\\\/de\\\/regionen\\\/2019-05-31\\\/zuerich-hardturm-ueberbauung-nimmt-naechsten-schritt\\\/\"]}]},{\"@type\":\"ImageObject\",\"inLanguage\":\"de\",\"@id\":\"https:\\\/\\\/www.immobilienbusiness.ch\\\/de\\\/regionen\\\/2019-05-31\\\/zuerich-hardturm-ueberbauung-nimmt-naechsten-schritt\\\/#primaryimage\",\"url\":\"https:\\\/\\\/www.immobilienbusiness.ch\\\/wp-content\\\/uploads\\\/2017\\\/09\\\/04pfingstweidstrasse_nightnurse.jpg\",\"contentUrl\":\"https:\\\/\\\/www.immobilienbusiness.ch\\\/wp-content\\\/uploads\\\/2017\\\/09\\\/04pfingstweidstrasse_nightnurse.jpg\",\"width\":2560,\"height\":1707,\"caption\":\"Die beiden geplanten Wohnhochh\u00e4user in Limmat-N\u00e4he (Visualisierung: Nightnurse Images)\"},{\"@type\":\"BreadcrumbList\",\"@id\":\"https:\\\/\\\/www.immobilienbusiness.ch\\\/de\\\/regionen\\\/2019-05-31\\\/zuerich-hardturm-ueberbauung-nimmt-naechsten-schritt\\\/#breadcrumb\",\"itemListElement\":[{\"@type\":\"ListItem\",\"position\":1,\"name\":\"Home\",\"item\":\"https:\\\/\\\/www.immobilienbusiness.ch\\\/\"},{\"@type\":\"ListItem\",\"position\":2,\"name\":\"Z\u00fcrich: Hardturm-\u00dcberbauung nimmt n\u00e4chste H\u00fcrde\"}]},{\"@type\":\"WebSite\",\"@id\":\"https:\\\/\\\/www.immobilienbusiness.ch\\\/#website\",\"url\":\"https:\\\/\\\/www.immobilienbusiness.ch\\\/\",\"name\":\"IMMOBILIEN Business\",\"description\":\"Unabh\u00e4ngiges Schweizer Wirtschaftsmagazin mit Fokus auf Immobilien, Architektur- und Bau sowie Investment- und Finanzierung.\",\"publisher\":{\"@id\":\"https:\\\/\\\/www.immobilienbusiness.ch\\\/#organization\"},\"potentialAction\":[{\"@type\":\"SearchAction\",\"target\":{\"@type\":\"EntryPoint\",\"urlTemplate\":\"https:\\\/\\\/www.immobilienbusiness.ch\\\/?s={search_term_string}\"},\"query-input\":{\"@type\":\"PropertyValueSpecification\",\"valueRequired\":true,\"valueName\":\"search_term_string\"}}],\"inLanguage\":\"de\"},{\"@type\":\"Organization\",\"@id\":\"https:\\\/\\\/www.immobilienbusiness.ch\\\/#organization\",\"name\":\"IMMOBILIEN Business\",\"url\":\"https:\\\/\\\/www.immobilienbusiness.ch\\\/\",\"logo\":{\"@type\":\"ImageObject\",\"inLanguage\":\"de\",\"@id\":\"https:\\\/\\\/www.immobilienbusiness.ch\\\/#\\\/schema\\\/logo\\\/image\\\/\",\"url\":\"https:\\\/\\\/www.immobilienbusiness.ch\\\/wp-content\\\/uploads\\\/2021\\\/07\\\/logo_ib.png\",\"contentUrl\":\"https:\\\/\\\/www.immobilienbusiness.ch\\\/wp-content\\\/uploads\\\/2021\\\/07\\\/logo_ib.png\",\"width\":800,\"height\":181,\"caption\":\"IMMOBILIEN Business\"},\"image\":{\"@id\":\"https:\\\/\\\/www.immobilienbusiness.ch\\\/#\\\/schema\\\/logo\\\/image\\\/\"},\"sameAs\":[\"https:\\\/\\\/www.facebook.com\\\/immobilienbusiness\\\/\"]},{\"@type\":\"Person\",\"@id\":\"https:\\\/\\\/www.immobilienbusiness.ch\\\/#\\\/schema\\\/person\\\/3fc036297b10b9f42d6db5ee932af8c8\",\"name\":\"anja.hall\",\"image\":{\"@type\":\"ImageObject\",\"inLanguage\":\"de\",\"@id\":\"https:\\\/\\\/secure.gravatar.com\\\/avatar\\\/066b5a0d447013502c71a5782f4f3469f03cfe595cc2329fb94652fe47511bfb?s=96&d=mm&r=g\",\"url\":\"https:\\\/\\\/secure.gravatar.com\\\/avatar\\\/066b5a0d447013502c71a5782f4f3469f03cfe595cc2329fb94652fe47511bfb?s=96&d=mm&r=g\",\"contentUrl\":\"https:\\\/\\\/secure.gravatar.com\\\/avatar\\\/066b5a0d447013502c71a5782f4f3469f03cfe595cc2329fb94652fe47511bfb?s=96&d=mm&r=g\",\"caption\":\"anja.hall\"},\"url\":\"https:\\\/\\\/www.immobilienbusiness.ch\\\/de\\\/author\\\/anja-hall\\\/\"}]}<\/script>\n<!-- \/ Yoast SEO plugin. -->","yoast_head_json":{"title":"Z\u00fcrich: Hardturm-\u00dcberbauung nimmt n\u00e4chste H\u00fcrde - IMMOBILIEN Business","description":"Das Stadion- und Wohnprojekt auf dem Hardturm-Areal nimmt eine weitere H\u00fcrde. Der Stadtrat hat den privaten Gestaltungsplan daf\u00fcr gutgeheissen.","robots":{"index":"index","follow":"follow","max-snippet":"max-snippet:-1","max-image-preview":"max-image-preview:large","max-video-preview":"max-video-preview:-1"},"canonical":"https:\/\/www.immobilienbusiness.ch\/de\/regionen\/2019-05-31\/zuerich-hardturm-ueberbauung-nimmt-naechsten-schritt\/","og_locale":"de_DE","og_type":"article","og_title":"Z\u00fcrich: Hardturm-\u00dcberbauung nimmt n\u00e4chste H\u00fcrde - IMMOBILIEN Business","og_description":"Das Stadion- und Wohnprojekt auf dem Hardturm-Areal nimmt eine weitere H\u00fcrde. Der Stadtrat hat den privaten Gestaltungsplan daf\u00fcr gutgeheissen.","og_url":"https:\/\/www.immobilienbusiness.ch\/de\/regionen\/2019-05-31\/zuerich-hardturm-ueberbauung-nimmt-naechsten-schritt\/","og_site_name":"IMMOBILIEN Business","article_publisher":"https:\/\/www.facebook.com\/immobilienbusiness\/","article_published_time":"2019-05-31T06:52:44+00:00","og_image":[{"width":1024,"height":683,"url":"https:\/\/www.immobilienbusiness.ch\/wp-content\/uploads\/2017\/09\/04pfingstweidstrasse_nightnurse-1024x683.jpg","type":"image\/jpeg"}],"author":"anja.hall","twitter_card":"summary_large_image","twitter_image":"https:\/\/www.immobilienbusiness.ch\/wp-content\/uploads\/2017\/09\/04pfingstweidstrasse_nightnurse.jpg","schema":{"@context":"https:\/\/schema.org","@graph":[{"@type":"Article","@id":"https:\/\/www.immobilienbusiness.ch\/de\/regionen\/2019-05-31\/zuerich-hardturm-ueberbauung-nimmt-naechsten-schritt\/#article","isPartOf":{"@id":"https:\/\/www.immobilienbusiness.ch\/de\/regionen\/2019-05-31\/zuerich-hardturm-ueberbauung-nimmt-naechsten-schritt\/"},"author":{"name":"anja.hall","@id":"https:\/\/www.immobilienbusiness.ch\/#\/schema\/person\/3fc036297b10b9f42d6db5ee932af8c8"},"headline":"Z\u00fcrich: Hardturm-\u00dcberbauung nimmt n\u00e4chste H\u00fcrde","datePublished":"2019-05-31T06:52:44+00:00","mainEntityOfPage":{"@id":"https:\/\/www.immobilienbusiness.ch\/de\/regionen\/2019-05-31\/zuerich-hardturm-ueberbauung-nimmt-naechsten-schritt\/"},"wordCount":176,"publisher":{"@id":"https:\/\/www.immobilienbusiness.ch\/#organization"},"image":{"@id":"https:\/\/www.immobilienbusiness.ch\/de\/regionen\/2019-05-31\/zuerich-hardturm-ueberbauung-nimmt-naechsten-schritt\/#primaryimage"},"thumbnailUrl":"https:\/\/www.immobilienbusiness.ch\/wp-content\/uploads\/2017\/09\/04pfingstweidstrasse_nightnurse.jpg","keywords":["Credit Suisse","HRS Real Estate","Projekt in Planung","Wohnimmobilien","Z\u00fcrich"],"articleSection":["REGIONEN"],"inLanguage":"de"},{"@type":"WebPage","@id":"https:\/\/www.immobilienbusiness.ch\/de\/regionen\/2019-05-31\/zuerich-hardturm-ueberbauung-nimmt-naechsten-schritt\/","url":"https:\/\/www.immobilienbusiness.ch\/de\/regionen\/2019-05-31\/zuerich-hardturm-ueberbauung-nimmt-naechsten-schritt\/","name":"Z\u00fcrich: Hardturm-\u00dcberbauung nimmt n\u00e4chste H\u00fcrde - IMMOBILIEN Business","isPartOf":{"@id":"https:\/\/www.immobilienbusiness.ch\/#website"},"primaryImageOfPage":{"@id":"https:\/\/www.immobilienbusiness.ch\/de\/regionen\/2019-05-31\/zuerich-hardturm-ueberbauung-nimmt-naechsten-schritt\/#primaryimage"},"image":{"@id":"https:\/\/www.immobilienbusiness.ch\/de\/regionen\/2019-05-31\/zuerich-hardturm-ueberbauung-nimmt-naechsten-schritt\/#primaryimage"},"thumbnailUrl":"https:\/\/www.immobilienbusiness.ch\/wp-content\/uploads\/2017\/09\/04pfingstweidstrasse_nightnurse.jpg","datePublished":"2019-05-31T06:52:44+00:00","description":"Das Stadion- und Wohnprojekt auf dem Hardturm-Areal nimmt eine weitere H\u00fcrde. Der Stadtrat hat den privaten Gestaltungsplan daf\u00fcr gutgeheissen.","breadcrumb":{"@id":"https:\/\/www.immobilienbusiness.ch\/de\/regionen\/2019-05-31\/zuerich-hardturm-ueberbauung-nimmt-naechsten-schritt\/#breadcrumb"},"inLanguage":"de","potentialAction":[{"@type":"ReadAction","target":["https:\/\/www.immobilienbusiness.ch\/de\/regionen\/2019-05-31\/zuerich-hardturm-ueberbauung-nimmt-naechsten-schritt\/"]}]},{"@type":"ImageObject","inLanguage":"de","@id":"https:\/\/www.immobilienbusiness.ch\/de\/regionen\/2019-05-31\/zuerich-hardturm-ueberbauung-nimmt-naechsten-schritt\/#primaryimage","url":"https:\/\/www.immobilienbusiness.ch\/wp-content\/uploads\/2017\/09\/04pfingstweidstrasse_nightnurse.jpg","contentUrl":"https:\/\/www.immobilienbusiness.ch\/wp-content\/uploads\/2017\/09\/04pfingstweidstrasse_nightnurse.jpg","width":2560,"height":1707,"caption":"Die beiden geplanten Wohnhochh\u00e4user in Limmat-N\u00e4he (Visualisierung: Nightnurse Images)"},{"@type":"BreadcrumbList","@id":"https:\/\/www.immobilienbusiness.ch\/de\/regionen\/2019-05-31\/zuerich-hardturm-ueberbauung-nimmt-naechsten-schritt\/#breadcrumb","itemListElement":[{"@type":"ListItem","position":1,"name":"Home","item":"https:\/\/www.immobilienbusiness.ch\/"},{"@type":"ListItem","position":2,"name":"Z\u00fcrich: Hardturm-\u00dcberbauung nimmt n\u00e4chste H\u00fcrde"}]},{"@type":"WebSite","@id":"https:\/\/www.immobilienbusiness.ch\/#website","url":"https:\/\/www.immobilienbusiness.ch\/","name":"IMMOBILIEN Business","description":"Unabh\u00e4ngiges Schweizer Wirtschaftsmagazin mit Fokus auf Immobilien, Architektur- und Bau sowie Investment- und Finanzierung.","publisher":{"@id":"https:\/\/www.immobilienbusiness.ch\/#organization"},"potentialAction":[{"@type":"SearchAction","target":{"@type":"EntryPoint","urlTemplate":"https:\/\/www.immobilienbusiness.ch\/?s={search_term_string}"},"query-input":{"@type":"PropertyValueSpecification","valueRequired":true,"valueName":"search_term_string"}}],"inLanguage":"de"},{"@type":"Organization","@id":"https:\/\/www.immobilienbusiness.ch\/#organization","name":"IMMOBILIEN Business","url":"https:\/\/www.immobilienbusiness.ch\/","logo":{"@type":"ImageObject","inLanguage":"de","@id":"https:\/\/www.immobilienbusiness.ch\/#\/schema\/logo\/image\/","url":"https:\/\/www.immobilienbusiness.ch\/wp-content\/uploads\/2021\/07\/logo_ib.png","contentUrl":"https:\/\/www.immobilienbusiness.ch\/wp-content\/uploads\/2021\/07\/logo_ib.png","width":800,"height":181,"caption":"IMMOBILIEN Business"},"image":{"@id":"https:\/\/www.immobilienbusiness.ch\/#\/schema\/logo\/image\/"},"sameAs":["https:\/\/www.facebook.com\/immobilienbusiness\/"]},{"@type":"Person","@id":"https:\/\/www.immobilienbusiness.ch\/#\/schema\/person\/3fc036297b10b9f42d6db5ee932af8c8","name":"anja.hall","image":{"@type":"ImageObject","inLanguage":"de","@id":"https:\/\/secure.gravatar.com\/avatar\/066b5a0d447013502c71a5782f4f3469f03cfe595cc2329fb94652fe47511bfb?s=96&d=mm&r=g","url":"https:\/\/secure.gravatar.com\/avatar\/066b5a0d447013502c71a5782f4f3469f03cfe595cc2329fb94652fe47511bfb?s=96&d=mm&r=g","contentUrl":"https:\/\/secure.gravatar.com\/avatar\/066b5a0d447013502c71a5782f4f3469f03cfe595cc2329fb94652fe47511bfb?s=96&d=mm&r=g","caption":"anja.hall"},"url":"https:\/\/www.immobilienbusiness.ch\/de\/author\/anja-hall\/"}]}},"_links":{"self":[{"href":"https:\/\/www.immobilienbusiness.ch\/de\/wp-json\/wp\/v2\/posts\/17201","targetHints":{"allow":["GET"]}}],"collection":[{"href":"https:\/\/www.immobilienbusiness.ch\/de\/wp-json\/wp\/v2\/posts"}],"about":[{"href":"https:\/\/www.immobilienbusiness.ch\/de\/wp-json\/wp\/v2\/types\/post"}],"author":[{"embeddable":true,"href":"https:\/\/www.immobilienbusiness.ch\/de\/wp-json\/wp\/v2\/users\/3"}],"replies":[{"embeddable":true,"href":"https:\/\/www.immobilienbusiness.ch\/de\/wp-json\/wp\/v2\/comments?post=17201"}],"version-history":[{"count":0,"href":"https:\/\/www.immobilienbusiness.ch\/de\/wp-json\/wp\/v2\/posts\/17201\/revisions"}],"wp:featuredmedia":[{"embeddable":true,"href":"https:\/\/www.immobilienbusiness.ch\/de\/wp-json\/wp\/v2\/media\/9189"}],"wp:attachment":[{"href":"https:\/\/www.immobilienbusiness.ch\/de\/wp-json\/wp\/v2\/media?parent=17201"}],"wp:term":[{"taxonomy":"category","embeddable":true,"href":"https:\/\/www.immobilienbusiness.ch\/de\/wp-json\/wp\/v2\/categories?post=17201"},{"taxonomy":"post_tag","embeddable":true,"href":"https:\/\/www.immobilienbusiness.ch\/de\/wp-json\/wp\/v2\/tags?post=17201"}],"curies":[{"name":"wp","href":"https:\/\/api.w.org\/{rel}","templated":true}]}}