{"id":17161,"date":"2019-05-28T08:34:05","date_gmt":"2019-05-28T06:34:05","guid":{"rendered":"https:\/\/www.immobilienbusiness.ch\/?p=17161"},"modified":"2019-05-28T08:34:05","modified_gmt":"2019-05-28T06:34:05","slug":"warteck-invest-kuendigt-kapitalerhoehung-an","status":"publish","type":"post","link":"https:\/\/www.immobilienbusiness.ch\/de\/unternehmen\/2019-05-28\/warteck-invest-kuendigt-kapitalerhoehung-an\/","title":{"rendered":"Warteck Invest k\u00fcndigt Kapitalerh\u00f6hung an"},"content":{"rendered":"<figure id=\"attachment_17165\" aria-describedby=\"caption-attachment-17165\" style=\"width: 680px\" class=\"wp-caption alignnone\"><img loading=\"lazy\" decoding=\"async\" class=\"size-medium wp-image-17165\" src=\"https:\/\/www.immobilienbusiness.ch\/wp-content\/uploads\/2019\/05\/Depositphotos_73281703_m-2015.jpg\" alt=\"\" width=\"680\" height=\"454\" srcset=\"https:\/\/www.immobilienbusiness.ch\/wp-content\/uploads\/2019\/05\/Depositphotos_73281703_m-2015.jpg 1000w, https:\/\/www.immobilienbusiness.ch\/wp-content\/uploads\/2019\/05\/Depositphotos_73281703_m-2015-300x200.jpg 300w, https:\/\/www.immobilienbusiness.ch\/wp-content\/uploads\/2019\/05\/Depositphotos_73281703_m-2015-768x512.jpg 768w, https:\/\/www.immobilienbusiness.ch\/wp-content\/uploads\/2019\/05\/Depositphotos_73281703_m-2015-16x12.jpg 16w, https:\/\/www.immobilienbusiness.ch\/wp-content\/uploads\/2019\/05\/Depositphotos_73281703_m-2015-262x175.jpg 262w, https:\/\/www.immobilienbusiness.ch\/wp-content\/uploads\/2019\/05\/Depositphotos_73281703_m-2015-525x350.jpg 525w, https:\/\/www.immobilienbusiness.ch\/wp-content\/uploads\/2019\/05\/Depositphotos_73281703_m-2015-920x614.jpg 920w\" sizes=\"auto, (max-width: 680px) 100vw, 680px\" \/><figcaption id=\"caption-attachment-17165\" class=\"wp-caption-text\">Warteck Invest plant eine Kapitalerh\u00f6hung (Bild: depositphotos)<\/figcaption><\/figure>\n<p>Warteck Invest will das Aktienkapital durch Ausgabe von bis zu 49.500 voll zu liberierenden Namenaktien mit einem Nennwert von je 10 CHF erh\u00f6hen. Jeder Aktion\u00e4r soll vor Beginn des Bezugsrechtshandels f\u00fcr jede gehaltene Namenaktie ein Bezugsrecht zugeteilt bekommen. Die Aus\u00fcbung von vier Bezugsrechten wird den Inhaber zum Bezug einer neuen Namenaktie berechtigen. Die Details der Transaktion &#8211; etwa den Bezugspreis und Zeitplan &#8211; will die Immobilienfirma in K\u00fcrze bekannt gegeben.<\/p>\n<p>Die Aktion\u00e4rsgruppe Familie Dr. Christoph M. M\u00fcller beabsichtige, ihre proportionale Beteiligung von derzeit 31,79% an der Warteck Invest AG zu halten und sich entsprechend an der Kapitalerh\u00f6hung zu beteiligen, heisst es weiter.<\/p>\n<p>Mit dem Nettoerl\u00f6s aus der Kapitalerh\u00f6hung sollen die geplanten Investitionen in die Projektpipeline im Umfang von rund 229 Millionen in den kommenden Jahren finanziert werden, teilt Warteck Invest mit. Zudem sei die Akquisition weiterer Renditeliegenschaften geplant. Das Portfolio an Renditeliegenschaften der Warteck Invest hat nach Unternehmensangaben einen Marktwert von 782,7 Millionen (Stand 31.12.2018). <em>(ah)<\/em><\/p>\n","protected":false},"excerpt":{"rendered":"<p>Die Immobiliengesellschaft Warteck Invest will sich \u00fcber eine Emission frisches Geld f\u00fcr das weitere Wachstum beschaffen.<\/p>\n","protected":false},"author":3,"featured_media":17165,"comment_status":"closed","ping_status":"open","sticky":false,"template":"","format":"standard","meta":{"_acf_changed":false,"_yoast_wpseo_focuskw":"Warteck Invest","_yoast_wpseo_title":"","_yoast_wpseo_metadesc":"Die Immobiliengesellschaft Warteck Invest will sich \u00fcber eine Emission frisches Geld f\u00fcr das weitere Wachstum beschaffen.","_yoast_wpseo_linkdex":44,"pgc_sgb_lightbox_settings":"","footnotes":""},"categories":[988],"tags":[1329,1412,1846],"class_list":["post-17161","post","type-post","status-publish","format-standard","has-post-thumbnail","hentry","category-unternehmen","tag-immobilien-ag","tag-kapitalerhoehung","tag-warteck-invest"],"acf":[],"yoast_head":"<!-- This site is optimized with the Yoast SEO plugin v27.4 - https:\/\/yoast.com\/product\/yoast-seo-wordpress\/ -->\n<title>Warteck Invest k\u00fcndigt Kapitalerh\u00f6hung an - IMMOBILIEN Business<\/title>\n<meta name=\"description\" content=\"Die Immobiliengesellschaft Warteck Invest will sich \u00fcber eine Emission frisches Geld f\u00fcr das weitere Wachstum beschaffen.\" \/>\n<meta name=\"robots\" content=\"index, follow, max-snippet:-1, max-image-preview:large, max-video-preview:-1\" \/>\n<link rel=\"canonical\" href=\"https:\/\/www.immobilienbusiness.ch\/de\/unternehmen\/2019-05-28\/warteck-invest-kuendigt-kapitalerhoehung-an\/\" \/>\n<meta property=\"og:locale\" content=\"de_DE\" \/>\n<meta property=\"og:type\" content=\"article\" \/>\n<meta property=\"og:title\" content=\"Warteck Invest k\u00fcndigt Kapitalerh\u00f6hung an - IMMOBILIEN Business\" \/>\n<meta property=\"og:description\" content=\"Die Immobiliengesellschaft Warteck Invest will sich \u00fcber eine Emission frisches Geld f\u00fcr das weitere Wachstum beschaffen.\" \/>\n<meta property=\"og:url\" content=\"https:\/\/www.immobilienbusiness.ch\/de\/unternehmen\/2019-05-28\/warteck-invest-kuendigt-kapitalerhoehung-an\/\" \/>\n<meta property=\"og:site_name\" content=\"IMMOBILIEN Business\" \/>\n<meta property=\"article:publisher\" content=\"https:\/\/www.facebook.com\/immobilienbusiness\/\" \/>\n<meta property=\"article:published_time\" content=\"2019-05-28T06:34:05+00:00\" \/>\n<meta property=\"og:image\" content=\"https:\/\/www.immobilienbusiness.ch\/wp-content\/uploads\/2019\/05\/Depositphotos_73281703_m-2015.jpg\" \/>\n\t<meta property=\"og:image:width\" content=\"1000\" \/>\n\t<meta property=\"og:image:height\" content=\"667\" \/>\n\t<meta property=\"og:image:type\" content=\"image\/jpeg\" \/>\n<meta name=\"author\" content=\"anja.hall\" \/>\n<meta name=\"twitter:card\" content=\"summary_large_image\" \/>\n<meta name=\"twitter:image\" content=\"https:\/\/www.immobilienbusiness.ch\/wp-content\/uploads\/2019\/05\/Depositphotos_73281703_m-2015.jpg\" \/>\n<script type=\"application\/ld+json\" class=\"yoast-schema-graph\">{\"@context\":\"https:\\\/\\\/schema.org\",\"@graph\":[{\"@type\":\"Article\",\"@id\":\"https:\\\/\\\/www.immobilienbusiness.ch\\\/de\\\/unternehmen\\\/2019-05-28\\\/warteck-invest-kuendigt-kapitalerhoehung-an\\\/#article\",\"isPartOf\":{\"@id\":\"https:\\\/\\\/www.immobilienbusiness.ch\\\/de\\\/unternehmen\\\/2019-05-28\\\/warteck-invest-kuendigt-kapitalerhoehung-an\\\/\"},\"author\":{\"name\":\"anja.hall\",\"@id\":\"https:\\\/\\\/www.immobilienbusiness.ch\\\/#\\\/schema\\\/person\\\/3fc036297b10b9f42d6db5ee932af8c8\"},\"headline\":\"Warteck Invest k\u00fcndigt Kapitalerh\u00f6hung an\",\"datePublished\":\"2019-05-28T06:34:05+00:00\",\"mainEntityOfPage\":{\"@id\":\"https:\\\/\\\/www.immobilienbusiness.ch\\\/de\\\/unternehmen\\\/2019-05-28\\\/warteck-invest-kuendigt-kapitalerhoehung-an\\\/\"},\"wordCount\":182,\"publisher\":{\"@id\":\"https:\\\/\\\/www.immobilienbusiness.ch\\\/#organization\"},\"image\":{\"@id\":\"https:\\\/\\\/www.immobilienbusiness.ch\\\/de\\\/unternehmen\\\/2019-05-28\\\/warteck-invest-kuendigt-kapitalerhoehung-an\\\/#primaryimage\"},\"thumbnailUrl\":\"https:\\\/\\\/www.immobilienbusiness.ch\\\/wp-content\\\/uploads\\\/2019\\\/05\\\/Depositphotos_73281703_m-2015.jpg\",\"keywords\":[\"Immobilien-AG\",\"Kapitalerh\u00f6hung\",\"Warteck Invest\"],\"articleSection\":[\"UNTERNEHMEN\"],\"inLanguage\":\"de\"},{\"@type\":\"WebPage\",\"@id\":\"https:\\\/\\\/www.immobilienbusiness.ch\\\/de\\\/unternehmen\\\/2019-05-28\\\/warteck-invest-kuendigt-kapitalerhoehung-an\\\/\",\"url\":\"https:\\\/\\\/www.immobilienbusiness.ch\\\/de\\\/unternehmen\\\/2019-05-28\\\/warteck-invest-kuendigt-kapitalerhoehung-an\\\/\",\"name\":\"Warteck Invest k\u00fcndigt Kapitalerh\u00f6hung an - IMMOBILIEN Business\",\"isPartOf\":{\"@id\":\"https:\\\/\\\/www.immobilienbusiness.ch\\\/#website\"},\"primaryImageOfPage\":{\"@id\":\"https:\\\/\\\/www.immobilienbusiness.ch\\\/de\\\/unternehmen\\\/2019-05-28\\\/warteck-invest-kuendigt-kapitalerhoehung-an\\\/#primaryimage\"},\"image\":{\"@id\":\"https:\\\/\\\/www.immobilienbusiness.ch\\\/de\\\/unternehmen\\\/2019-05-28\\\/warteck-invest-kuendigt-kapitalerhoehung-an\\\/#primaryimage\"},\"thumbnailUrl\":\"https:\\\/\\\/www.immobilienbusiness.ch\\\/wp-content\\\/uploads\\\/2019\\\/05\\\/Depositphotos_73281703_m-2015.jpg\",\"datePublished\":\"2019-05-28T06:34:05+00:00\",\"description\":\"Die Immobiliengesellschaft Warteck Invest will sich \u00fcber eine Emission frisches Geld f\u00fcr das weitere Wachstum beschaffen.\",\"breadcrumb\":{\"@id\":\"https:\\\/\\\/www.immobilienbusiness.ch\\\/de\\\/unternehmen\\\/2019-05-28\\\/warteck-invest-kuendigt-kapitalerhoehung-an\\\/#breadcrumb\"},\"inLanguage\":\"de\",\"potentialAction\":[{\"@type\":\"ReadAction\",\"target\":[\"https:\\\/\\\/www.immobilienbusiness.ch\\\/de\\\/unternehmen\\\/2019-05-28\\\/warteck-invest-kuendigt-kapitalerhoehung-an\\\/\"]}]},{\"@type\":\"ImageObject\",\"inLanguage\":\"de\",\"@id\":\"https:\\\/\\\/www.immobilienbusiness.ch\\\/de\\\/unternehmen\\\/2019-05-28\\\/warteck-invest-kuendigt-kapitalerhoehung-an\\\/#primaryimage\",\"url\":\"https:\\\/\\\/www.immobilienbusiness.ch\\\/wp-content\\\/uploads\\\/2019\\\/05\\\/Depositphotos_73281703_m-2015.jpg\",\"contentUrl\":\"https:\\\/\\\/www.immobilienbusiness.ch\\\/wp-content\\\/uploads\\\/2019\\\/05\\\/Depositphotos_73281703_m-2015.jpg\",\"width\":1000,\"height\":667,\"caption\":\"Die Remnex AST sucht frisches Kapital f\u00fcr geplante K\u00e4ufe (Bild: depositphotos)\"},{\"@type\":\"BreadcrumbList\",\"@id\":\"https:\\\/\\\/www.immobilienbusiness.ch\\\/de\\\/unternehmen\\\/2019-05-28\\\/warteck-invest-kuendigt-kapitalerhoehung-an\\\/#breadcrumb\",\"itemListElement\":[{\"@type\":\"ListItem\",\"position\":1,\"name\":\"Home\",\"item\":\"https:\\\/\\\/www.immobilienbusiness.ch\\\/\"},{\"@type\":\"ListItem\",\"position\":2,\"name\":\"Warteck Invest k\u00fcndigt Kapitalerh\u00f6hung an\"}]},{\"@type\":\"WebSite\",\"@id\":\"https:\\\/\\\/www.immobilienbusiness.ch\\\/#website\",\"url\":\"https:\\\/\\\/www.immobilienbusiness.ch\\\/\",\"name\":\"IMMOBILIEN Business\",\"description\":\"Unabh\u00e4ngiges Schweizer Wirtschaftsmagazin mit Fokus auf Immobilien, Architektur- und Bau sowie Investment- und Finanzierung.\",\"publisher\":{\"@id\":\"https:\\\/\\\/www.immobilienbusiness.ch\\\/#organization\"},\"potentialAction\":[{\"@type\":\"SearchAction\",\"target\":{\"@type\":\"EntryPoint\",\"urlTemplate\":\"https:\\\/\\\/www.immobilienbusiness.ch\\\/?s={search_term_string}\"},\"query-input\":{\"@type\":\"PropertyValueSpecification\",\"valueRequired\":true,\"valueName\":\"search_term_string\"}}],\"inLanguage\":\"de\"},{\"@type\":\"Organization\",\"@id\":\"https:\\\/\\\/www.immobilienbusiness.ch\\\/#organization\",\"name\":\"IMMOBILIEN Business\",\"url\":\"https:\\\/\\\/www.immobilienbusiness.ch\\\/\",\"logo\":{\"@type\":\"ImageObject\",\"inLanguage\":\"de\",\"@id\":\"https:\\\/\\\/www.immobilienbusiness.ch\\\/#\\\/schema\\\/logo\\\/image\\\/\",\"url\":\"https:\\\/\\\/www.immobilienbusiness.ch\\\/wp-content\\\/uploads\\\/2021\\\/07\\\/logo_ib.png\",\"contentUrl\":\"https:\\\/\\\/www.immobilienbusiness.ch\\\/wp-content\\\/uploads\\\/2021\\\/07\\\/logo_ib.png\",\"width\":800,\"height\":181,\"caption\":\"IMMOBILIEN Business\"},\"image\":{\"@id\":\"https:\\\/\\\/www.immobilienbusiness.ch\\\/#\\\/schema\\\/logo\\\/image\\\/\"},\"sameAs\":[\"https:\\\/\\\/www.facebook.com\\\/immobilienbusiness\\\/\"]},{\"@type\":\"Person\",\"@id\":\"https:\\\/\\\/www.immobilienbusiness.ch\\\/#\\\/schema\\\/person\\\/3fc036297b10b9f42d6db5ee932af8c8\",\"name\":\"anja.hall\",\"image\":{\"@type\":\"ImageObject\",\"inLanguage\":\"de\",\"@id\":\"https:\\\/\\\/secure.gravatar.com\\\/avatar\\\/066b5a0d447013502c71a5782f4f3469f03cfe595cc2329fb94652fe47511bfb?s=96&d=mm&r=g\",\"url\":\"https:\\\/\\\/secure.gravatar.com\\\/avatar\\\/066b5a0d447013502c71a5782f4f3469f03cfe595cc2329fb94652fe47511bfb?s=96&d=mm&r=g\",\"contentUrl\":\"https:\\\/\\\/secure.gravatar.com\\\/avatar\\\/066b5a0d447013502c71a5782f4f3469f03cfe595cc2329fb94652fe47511bfb?s=96&d=mm&r=g\",\"caption\":\"anja.hall\"},\"url\":\"https:\\\/\\\/www.immobilienbusiness.ch\\\/de\\\/author\\\/anja-hall\\\/\"}]}<\/script>\n<!-- \/ Yoast SEO plugin. -->","yoast_head_json":{"title":"Warteck Invest k\u00fcndigt Kapitalerh\u00f6hung an - IMMOBILIEN Business","description":"Die Immobiliengesellschaft Warteck Invest will sich \u00fcber eine Emission frisches Geld f\u00fcr das weitere Wachstum beschaffen.","robots":{"index":"index","follow":"follow","max-snippet":"max-snippet:-1","max-image-preview":"max-image-preview:large","max-video-preview":"max-video-preview:-1"},"canonical":"https:\/\/www.immobilienbusiness.ch\/de\/unternehmen\/2019-05-28\/warteck-invest-kuendigt-kapitalerhoehung-an\/","og_locale":"de_DE","og_type":"article","og_title":"Warteck Invest k\u00fcndigt Kapitalerh\u00f6hung an - IMMOBILIEN Business","og_description":"Die Immobiliengesellschaft Warteck Invest will sich \u00fcber eine Emission frisches Geld f\u00fcr das weitere Wachstum beschaffen.","og_url":"https:\/\/www.immobilienbusiness.ch\/de\/unternehmen\/2019-05-28\/warteck-invest-kuendigt-kapitalerhoehung-an\/","og_site_name":"IMMOBILIEN Business","article_publisher":"https:\/\/www.facebook.com\/immobilienbusiness\/","article_published_time":"2019-05-28T06:34:05+00:00","og_image":[{"width":1000,"height":667,"url":"https:\/\/www.immobilienbusiness.ch\/wp-content\/uploads\/2019\/05\/Depositphotos_73281703_m-2015.jpg","type":"image\/jpeg"}],"author":"anja.hall","twitter_card":"summary_large_image","twitter_image":"https:\/\/www.immobilienbusiness.ch\/wp-content\/uploads\/2019\/05\/Depositphotos_73281703_m-2015.jpg","schema":{"@context":"https:\/\/schema.org","@graph":[{"@type":"Article","@id":"https:\/\/www.immobilienbusiness.ch\/de\/unternehmen\/2019-05-28\/warteck-invest-kuendigt-kapitalerhoehung-an\/#article","isPartOf":{"@id":"https:\/\/www.immobilienbusiness.ch\/de\/unternehmen\/2019-05-28\/warteck-invest-kuendigt-kapitalerhoehung-an\/"},"author":{"name":"anja.hall","@id":"https:\/\/www.immobilienbusiness.ch\/#\/schema\/person\/3fc036297b10b9f42d6db5ee932af8c8"},"headline":"Warteck Invest k\u00fcndigt Kapitalerh\u00f6hung an","datePublished":"2019-05-28T06:34:05+00:00","mainEntityOfPage":{"@id":"https:\/\/www.immobilienbusiness.ch\/de\/unternehmen\/2019-05-28\/warteck-invest-kuendigt-kapitalerhoehung-an\/"},"wordCount":182,"publisher":{"@id":"https:\/\/www.immobilienbusiness.ch\/#organization"},"image":{"@id":"https:\/\/www.immobilienbusiness.ch\/de\/unternehmen\/2019-05-28\/warteck-invest-kuendigt-kapitalerhoehung-an\/#primaryimage"},"thumbnailUrl":"https:\/\/www.immobilienbusiness.ch\/wp-content\/uploads\/2019\/05\/Depositphotos_73281703_m-2015.jpg","keywords":["Immobilien-AG","Kapitalerh\u00f6hung","Warteck Invest"],"articleSection":["UNTERNEHMEN"],"inLanguage":"de"},{"@type":"WebPage","@id":"https:\/\/www.immobilienbusiness.ch\/de\/unternehmen\/2019-05-28\/warteck-invest-kuendigt-kapitalerhoehung-an\/","url":"https:\/\/www.immobilienbusiness.ch\/de\/unternehmen\/2019-05-28\/warteck-invest-kuendigt-kapitalerhoehung-an\/","name":"Warteck Invest k\u00fcndigt Kapitalerh\u00f6hung an - IMMOBILIEN Business","isPartOf":{"@id":"https:\/\/www.immobilienbusiness.ch\/#website"},"primaryImageOfPage":{"@id":"https:\/\/www.immobilienbusiness.ch\/de\/unternehmen\/2019-05-28\/warteck-invest-kuendigt-kapitalerhoehung-an\/#primaryimage"},"image":{"@id":"https:\/\/www.immobilienbusiness.ch\/de\/unternehmen\/2019-05-28\/warteck-invest-kuendigt-kapitalerhoehung-an\/#primaryimage"},"thumbnailUrl":"https:\/\/www.immobilienbusiness.ch\/wp-content\/uploads\/2019\/05\/Depositphotos_73281703_m-2015.jpg","datePublished":"2019-05-28T06:34:05+00:00","description":"Die Immobiliengesellschaft Warteck Invest will sich \u00fcber eine Emission frisches Geld f\u00fcr das weitere Wachstum beschaffen.","breadcrumb":{"@id":"https:\/\/www.immobilienbusiness.ch\/de\/unternehmen\/2019-05-28\/warteck-invest-kuendigt-kapitalerhoehung-an\/#breadcrumb"},"inLanguage":"de","potentialAction":[{"@type":"ReadAction","target":["https:\/\/www.immobilienbusiness.ch\/de\/unternehmen\/2019-05-28\/warteck-invest-kuendigt-kapitalerhoehung-an\/"]}]},{"@type":"ImageObject","inLanguage":"de","@id":"https:\/\/www.immobilienbusiness.ch\/de\/unternehmen\/2019-05-28\/warteck-invest-kuendigt-kapitalerhoehung-an\/#primaryimage","url":"https:\/\/www.immobilienbusiness.ch\/wp-content\/uploads\/2019\/05\/Depositphotos_73281703_m-2015.jpg","contentUrl":"https:\/\/www.immobilienbusiness.ch\/wp-content\/uploads\/2019\/05\/Depositphotos_73281703_m-2015.jpg","width":1000,"height":667,"caption":"Die Remnex AST sucht frisches Kapital f\u00fcr geplante K\u00e4ufe (Bild: depositphotos)"},{"@type":"BreadcrumbList","@id":"https:\/\/www.immobilienbusiness.ch\/de\/unternehmen\/2019-05-28\/warteck-invest-kuendigt-kapitalerhoehung-an\/#breadcrumb","itemListElement":[{"@type":"ListItem","position":1,"name":"Home","item":"https:\/\/www.immobilienbusiness.ch\/"},{"@type":"ListItem","position":2,"name":"Warteck Invest k\u00fcndigt Kapitalerh\u00f6hung an"}]},{"@type":"WebSite","@id":"https:\/\/www.immobilienbusiness.ch\/#website","url":"https:\/\/www.immobilienbusiness.ch\/","name":"IMMOBILIEN Business","description":"Unabh\u00e4ngiges Schweizer Wirtschaftsmagazin mit Fokus auf Immobilien, Architektur- und Bau sowie Investment- und Finanzierung.","publisher":{"@id":"https:\/\/www.immobilienbusiness.ch\/#organization"},"potentialAction":[{"@type":"SearchAction","target":{"@type":"EntryPoint","urlTemplate":"https:\/\/www.immobilienbusiness.ch\/?s={search_term_string}"},"query-input":{"@type":"PropertyValueSpecification","valueRequired":true,"valueName":"search_term_string"}}],"inLanguage":"de"},{"@type":"Organization","@id":"https:\/\/www.immobilienbusiness.ch\/#organization","name":"IMMOBILIEN Business","url":"https:\/\/www.immobilienbusiness.ch\/","logo":{"@type":"ImageObject","inLanguage":"de","@id":"https:\/\/www.immobilienbusiness.ch\/#\/schema\/logo\/image\/","url":"https:\/\/www.immobilienbusiness.ch\/wp-content\/uploads\/2021\/07\/logo_ib.png","contentUrl":"https:\/\/www.immobilienbusiness.ch\/wp-content\/uploads\/2021\/07\/logo_ib.png","width":800,"height":181,"caption":"IMMOBILIEN Business"},"image":{"@id":"https:\/\/www.immobilienbusiness.ch\/#\/schema\/logo\/image\/"},"sameAs":["https:\/\/www.facebook.com\/immobilienbusiness\/"]},{"@type":"Person","@id":"https:\/\/www.immobilienbusiness.ch\/#\/schema\/person\/3fc036297b10b9f42d6db5ee932af8c8","name":"anja.hall","image":{"@type":"ImageObject","inLanguage":"de","@id":"https:\/\/secure.gravatar.com\/avatar\/066b5a0d447013502c71a5782f4f3469f03cfe595cc2329fb94652fe47511bfb?s=96&d=mm&r=g","url":"https:\/\/secure.gravatar.com\/avatar\/066b5a0d447013502c71a5782f4f3469f03cfe595cc2329fb94652fe47511bfb?s=96&d=mm&r=g","contentUrl":"https:\/\/secure.gravatar.com\/avatar\/066b5a0d447013502c71a5782f4f3469f03cfe595cc2329fb94652fe47511bfb?s=96&d=mm&r=g","caption":"anja.hall"},"url":"https:\/\/www.immobilienbusiness.ch\/de\/author\/anja-hall\/"}]}},"_links":{"self":[{"href":"https:\/\/www.immobilienbusiness.ch\/de\/wp-json\/wp\/v2\/posts\/17161","targetHints":{"allow":["GET"]}}],"collection":[{"href":"https:\/\/www.immobilienbusiness.ch\/de\/wp-json\/wp\/v2\/posts"}],"about":[{"href":"https:\/\/www.immobilienbusiness.ch\/de\/wp-json\/wp\/v2\/types\/post"}],"author":[{"embeddable":true,"href":"https:\/\/www.immobilienbusiness.ch\/de\/wp-json\/wp\/v2\/users\/3"}],"replies":[{"embeddable":true,"href":"https:\/\/www.immobilienbusiness.ch\/de\/wp-json\/wp\/v2\/comments?post=17161"}],"version-history":[{"count":0,"href":"https:\/\/www.immobilienbusiness.ch\/de\/wp-json\/wp\/v2\/posts\/17161\/revisions"}],"wp:featuredmedia":[{"embeddable":true,"href":"https:\/\/www.immobilienbusiness.ch\/de\/wp-json\/wp\/v2\/media\/17165"}],"wp:attachment":[{"href":"https:\/\/www.immobilienbusiness.ch\/de\/wp-json\/wp\/v2\/media?parent=17161"}],"wp:term":[{"taxonomy":"category","embeddable":true,"href":"https:\/\/www.immobilienbusiness.ch\/de\/wp-json\/wp\/v2\/categories?post=17161"},{"taxonomy":"post_tag","embeddable":true,"href":"https:\/\/www.immobilienbusiness.ch\/de\/wp-json\/wp\/v2\/tags?post=17161"}],"curies":[{"name":"wp","href":"https:\/\/api.w.org\/{rel}","templated":true}]}}