{"id":16905,"date":"2019-05-13T07:45:12","date_gmt":"2019-05-13T05:45:12","guid":{"rendered":"https:\/\/www.immobilienbusiness.ch\/?p=16905"},"modified":"2019-05-13T07:45:12","modified_gmt":"2019-05-13T05:45:12","slug":"madaster-und-crb-schliessen-daten-partnerschaft","status":"publish","type":"post","link":"https:\/\/www.immobilienbusiness.ch\/de\/unternehmen\/2019-05-13\/madaster-und-crb-schliessen-daten-partnerschaft\/","title":{"rendered":"Madaster und CRB schliessen Daten-Partnerschaft"},"content":{"rendered":"<figure id=\"attachment_16938\" aria-describedby=\"caption-attachment-16938\" style=\"width: 680px\" class=\"wp-caption alignnone\"><img loading=\"lazy\" decoding=\"async\" class=\"size-medium wp-image-16938\" src=\"https:\/\/www.immobilienbusiness.ch\/wp-content\/uploads\/2019\/05\/CRB_MF_Bohren_komprimiert_5.jpg\" alt=\"\" width=\"680\" height=\"449\" srcset=\"https:\/\/www.immobilienbusiness.ch\/wp-content\/uploads\/2019\/05\/CRB_MF_Bohren_komprimiert_5.jpg 1740w, https:\/\/www.immobilienbusiness.ch\/wp-content\/uploads\/2019\/05\/CRB_MF_Bohren_komprimiert_5-300x198.jpg 300w, https:\/\/www.immobilienbusiness.ch\/wp-content\/uploads\/2019\/05\/CRB_MF_Bohren_komprimiert_5-1024x676.jpg 1024w, https:\/\/www.immobilienbusiness.ch\/wp-content\/uploads\/2019\/05\/CRB_MF_Bohren_komprimiert_5-768x507.jpg 768w, https:\/\/www.immobilienbusiness.ch\/wp-content\/uploads\/2019\/05\/CRB_MF_Bohren_komprimiert_5-1536x1013.jpg 1536w, https:\/\/www.immobilienbusiness.ch\/wp-content\/uploads\/2019\/05\/CRB_MF_Bohren_komprimiert_5-16x12.jpg 16w, https:\/\/www.immobilienbusiness.ch\/wp-content\/uploads\/2019\/05\/CRB_MF_Bohren_komprimiert_5-265x175.jpg 265w, https:\/\/www.immobilienbusiness.ch\/wp-content\/uploads\/2019\/05\/CRB_MF_Bohren_komprimiert_5-530x350.jpg 530w, https:\/\/www.immobilienbusiness.ch\/wp-content\/uploads\/2019\/05\/CRB_MF_Bohren_komprimiert_5-1213x800.jpg 1213w, https:\/\/www.immobilienbusiness.ch\/wp-content\/uploads\/2019\/05\/CRB_MF_Bohren_komprimiert_5-920x607.jpg 920w, https:\/\/www.immobilienbusiness.ch\/wp-content\/uploads\/2019\/05\/CRB_MF_Bohren_komprimiert_5-1400x924.jpg 1400w\" sizes=\"auto, (max-width: 680px) 100vw, 680px\" \/><figcaption id=\"caption-attachment-16938\" class=\"wp-caption-text\">Marloes Fischer, Pr\u00e4sidentin Madaster Schweiz, und CRB-Gesch\u00e4ftsf\u00fchrer Michel Bohren\u00a0 (Bild: Madaster)<\/figcaption><\/figure>\n<p>Im Rahmen der Partnerschaft gew\u00e4hrt CRB Madaster die Nutzungsrechte f\u00fcr die Schweizer Klassifizierung der Baukostenpl\u00e4ne f\u00fcr Hoch- und Tiefbau (eBKP-H und eBKP-T). Zudem erh\u00e4lt Michel Bohren, Gesch\u00e4ftsf\u00fchrer CRB, einen Sitz im Beirat der Organisation.<\/p>\n<p>Die elementbasierten Baukostenpl\u00e4ne der CRB dienen Planern, Unternehmern, Bauherren und Investoren als gemeinsame Grundlage f\u00fcr eine einheitliche Darstellung von Kosteninformationen, teilen CRB und Madaster mit. Mit ihnen k\u00f6nnen auch Anforderungen aus der BIM-Methode abgedeckt werden.<\/p>\n<p>Durch die Zusammenarbeit mit CRB kann k\u00fcnftig auf der Online-Plattform dargestellt werden, welche Materialien und Produkte wo im Geb\u00e4ude eingesetzt werden. Damit w\u00fcrden sich die Wiederverwertungsm\u00f6glichkeiten von Baumaterialien verbessern, sind die Initiatoren \u00fcberzeugt. Wertstoff-Kreisl\u00e4ufe k\u00f6nnen einfacher geschlossen, Abf\u00e4lle reduziert und Deponieraum eingespart werden.<\/p>\n<p>Madaster Schweiz ist eine gemeinn\u00fctzige Organisation mit Sitz in Z\u00fcrich. Sie verfolgt das Ziel, Abfall zu vermeiden und Kreislaufwirtschaft im Bau- und Immobiliensektor in der Schweiz zu f\u00f6rdern. <a href=\"https:\/\/www.immobilienbusiness.ch\/schweizer-online-plattform-fuer-verbautes-material-lanciert\/\">Im M\u00e4rz ging Madaster an den Start.<\/a> Strategische Partner sind Eberhard Unternehmungen, Losinger Marazzi, Raiffeisen Schweiz, Swiss Prime Site und Swiss Re. <em>(ah)<\/em><\/p>\n","protected":false},"excerpt":{"rendered":"<p>Madaster, die Online-Plattform f\u00fcr verbautes Material, hat mit der Schweizerischen Zentralstelle f\u00fcr Baurationalisierung CRB eine Kooperation vereinbart.<\/p>\n","protected":false},"author":3,"featured_media":16938,"comment_status":"closed","ping_status":"open","sticky":false,"template":"","format":"standard","meta":{"_acf_changed":false,"_yoast_wpseo_focuskw":"Madaster","_yoast_wpseo_title":"","_yoast_wpseo_metadesc":"Madaster, die Online-Plattform f\u00fcr verbautes Material, hat mit der Schweizerischen Zentralstelle f\u00fcr Baurationalisierung CRB eine Kooperation vereinbart.","_yoast_wpseo_linkdex":48,"pgc_sgb_lightbox_settings":"","footnotes":""},"categories":[988],"tags":[1082,1514,1825],"class_list":["post-16905","post","type-post","status-publish","format-standard","has-post-thumbnail","hentry","category-unternehmen","tag-bauwirtschaft","tag-nachhaltiges-bauen","tag-vereine"],"acf":[],"yoast_head":"<!-- This site is optimized with the Yoast SEO plugin v27.4 - https:\/\/yoast.com\/product\/yoast-seo-wordpress\/ -->\n<title>Madaster und CRB schliessen Daten-Partnerschaft - IMMOBILIEN Business<\/title>\n<meta name=\"description\" content=\"Madaster, die Online-Plattform f\u00fcr verbautes Material, hat mit der Schweizerischen Zentralstelle f\u00fcr Baurationalisierung CRB eine Kooperation vereinbart.\" \/>\n<meta name=\"robots\" content=\"index, follow, max-snippet:-1, max-image-preview:large, max-video-preview:-1\" \/>\n<link rel=\"canonical\" href=\"https:\/\/www.immobilienbusiness.ch\/de\/unternehmen\/2019-05-13\/madaster-und-crb-schliessen-daten-partnerschaft\/\" \/>\n<meta property=\"og:locale\" content=\"de_DE\" \/>\n<meta property=\"og:type\" content=\"article\" \/>\n<meta property=\"og:title\" content=\"Madaster und CRB schliessen Daten-Partnerschaft - IMMOBILIEN Business\" \/>\n<meta property=\"og:description\" content=\"Madaster, die Online-Plattform f\u00fcr verbautes Material, hat mit der Schweizerischen Zentralstelle f\u00fcr Baurationalisierung CRB eine Kooperation vereinbart.\" \/>\n<meta property=\"og:url\" content=\"https:\/\/www.immobilienbusiness.ch\/de\/unternehmen\/2019-05-13\/madaster-und-crb-schliessen-daten-partnerschaft\/\" \/>\n<meta property=\"og:site_name\" content=\"IMMOBILIEN Business\" \/>\n<meta property=\"article:publisher\" content=\"https:\/\/www.facebook.com\/immobilienbusiness\/\" \/>\n<meta property=\"article:published_time\" content=\"2019-05-13T05:45:12+00:00\" \/>\n<meta property=\"og:image\" content=\"https:\/\/www.immobilienbusiness.ch\/wp-content\/uploads\/2019\/05\/CRB_MF_Bohren_komprimiert_5.jpg\" \/>\n\t<meta property=\"og:image:width\" content=\"1740\" \/>\n\t<meta property=\"og:image:height\" content=\"1148\" \/>\n\t<meta property=\"og:image:type\" content=\"image\/jpeg\" \/>\n<meta name=\"author\" content=\"anja.hall\" \/>\n<meta name=\"twitter:card\" content=\"summary_large_image\" \/>\n<meta name=\"twitter:image\" content=\"https:\/\/www.immobilienbusiness.ch\/wp-content\/uploads\/2019\/05\/CRB_MF_Bohren_komprimiert_5.jpg\" \/>\n<script type=\"application\/ld+json\" class=\"yoast-schema-graph\">{\"@context\":\"https:\\\/\\\/schema.org\",\"@graph\":[{\"@type\":\"Article\",\"@id\":\"https:\\\/\\\/www.immobilienbusiness.ch\\\/de\\\/unternehmen\\\/2019-05-13\\\/madaster-und-crb-schliessen-daten-partnerschaft\\\/#article\",\"isPartOf\":{\"@id\":\"https:\\\/\\\/www.immobilienbusiness.ch\\\/de\\\/unternehmen\\\/2019-05-13\\\/madaster-und-crb-schliessen-daten-partnerschaft\\\/\"},\"author\":{\"name\":\"anja.hall\",\"@id\":\"https:\\\/\\\/www.immobilienbusiness.ch\\\/#\\\/schema\\\/person\\\/3fc036297b10b9f42d6db5ee932af8c8\"},\"headline\":\"Madaster und CRB schliessen Daten-Partnerschaft\",\"datePublished\":\"2019-05-13T05:45:12+00:00\",\"mainEntityOfPage\":{\"@id\":\"https:\\\/\\\/www.immobilienbusiness.ch\\\/de\\\/unternehmen\\\/2019-05-13\\\/madaster-und-crb-schliessen-daten-partnerschaft\\\/\"},\"wordCount\":210,\"publisher\":{\"@id\":\"https:\\\/\\\/www.immobilienbusiness.ch\\\/#organization\"},\"image\":{\"@id\":\"https:\\\/\\\/www.immobilienbusiness.ch\\\/de\\\/unternehmen\\\/2019-05-13\\\/madaster-und-crb-schliessen-daten-partnerschaft\\\/#primaryimage\"},\"thumbnailUrl\":\"https:\\\/\\\/www.immobilienbusiness.ch\\\/wp-content\\\/uploads\\\/2019\\\/05\\\/CRB_MF_Bohren_komprimiert_5.jpg\",\"keywords\":[\"Bauwirtschaft\",\"Nachhaltiges Bauen\",\"Vereine\"],\"articleSection\":[\"UNTERNEHMEN\"],\"inLanguage\":\"de\"},{\"@type\":\"WebPage\",\"@id\":\"https:\\\/\\\/www.immobilienbusiness.ch\\\/de\\\/unternehmen\\\/2019-05-13\\\/madaster-und-crb-schliessen-daten-partnerschaft\\\/\",\"url\":\"https:\\\/\\\/www.immobilienbusiness.ch\\\/de\\\/unternehmen\\\/2019-05-13\\\/madaster-und-crb-schliessen-daten-partnerschaft\\\/\",\"name\":\"Madaster und CRB schliessen Daten-Partnerschaft - IMMOBILIEN Business\",\"isPartOf\":{\"@id\":\"https:\\\/\\\/www.immobilienbusiness.ch\\\/#website\"},\"primaryImageOfPage\":{\"@id\":\"https:\\\/\\\/www.immobilienbusiness.ch\\\/de\\\/unternehmen\\\/2019-05-13\\\/madaster-und-crb-schliessen-daten-partnerschaft\\\/#primaryimage\"},\"image\":{\"@id\":\"https:\\\/\\\/www.immobilienbusiness.ch\\\/de\\\/unternehmen\\\/2019-05-13\\\/madaster-und-crb-schliessen-daten-partnerschaft\\\/#primaryimage\"},\"thumbnailUrl\":\"https:\\\/\\\/www.immobilienbusiness.ch\\\/wp-content\\\/uploads\\\/2019\\\/05\\\/CRB_MF_Bohren_komprimiert_5.jpg\",\"datePublished\":\"2019-05-13T05:45:12+00:00\",\"description\":\"Madaster, die Online-Plattform f\u00fcr verbautes Material, hat mit der Schweizerischen Zentralstelle f\u00fcr Baurationalisierung CRB eine Kooperation vereinbart.\",\"breadcrumb\":{\"@id\":\"https:\\\/\\\/www.immobilienbusiness.ch\\\/de\\\/unternehmen\\\/2019-05-13\\\/madaster-und-crb-schliessen-daten-partnerschaft\\\/#breadcrumb\"},\"inLanguage\":\"de\",\"potentialAction\":[{\"@type\":\"ReadAction\",\"target\":[\"https:\\\/\\\/www.immobilienbusiness.ch\\\/de\\\/unternehmen\\\/2019-05-13\\\/madaster-und-crb-schliessen-daten-partnerschaft\\\/\"]}]},{\"@type\":\"ImageObject\",\"inLanguage\":\"de\",\"@id\":\"https:\\\/\\\/www.immobilienbusiness.ch\\\/de\\\/unternehmen\\\/2019-05-13\\\/madaster-und-crb-schliessen-daten-partnerschaft\\\/#primaryimage\",\"url\":\"https:\\\/\\\/www.immobilienbusiness.ch\\\/wp-content\\\/uploads\\\/2019\\\/05\\\/CRB_MF_Bohren_komprimiert_5.jpg\",\"contentUrl\":\"https:\\\/\\\/www.immobilienbusiness.ch\\\/wp-content\\\/uploads\\\/2019\\\/05\\\/CRB_MF_Bohren_komprimiert_5.jpg\",\"width\":1740,\"height\":1148,\"caption\":\"CRB_MF_Bohren_komprimiert_5\"},{\"@type\":\"BreadcrumbList\",\"@id\":\"https:\\\/\\\/www.immobilienbusiness.ch\\\/de\\\/unternehmen\\\/2019-05-13\\\/madaster-und-crb-schliessen-daten-partnerschaft\\\/#breadcrumb\",\"itemListElement\":[{\"@type\":\"ListItem\",\"position\":1,\"name\":\"Home\",\"item\":\"https:\\\/\\\/www.immobilienbusiness.ch\\\/\"},{\"@type\":\"ListItem\",\"position\":2,\"name\":\"Madaster und CRB schliessen Daten-Partnerschaft\"}]},{\"@type\":\"WebSite\",\"@id\":\"https:\\\/\\\/www.immobilienbusiness.ch\\\/#website\",\"url\":\"https:\\\/\\\/www.immobilienbusiness.ch\\\/\",\"name\":\"IMMOBILIEN Business\",\"description\":\"Unabh\u00e4ngiges Schweizer Wirtschaftsmagazin mit Fokus auf Immobilien, Architektur- und Bau sowie Investment- und Finanzierung.\",\"publisher\":{\"@id\":\"https:\\\/\\\/www.immobilienbusiness.ch\\\/#organization\"},\"potentialAction\":[{\"@type\":\"SearchAction\",\"target\":{\"@type\":\"EntryPoint\",\"urlTemplate\":\"https:\\\/\\\/www.immobilienbusiness.ch\\\/?s={search_term_string}\"},\"query-input\":{\"@type\":\"PropertyValueSpecification\",\"valueRequired\":true,\"valueName\":\"search_term_string\"}}],\"inLanguage\":\"de\"},{\"@type\":\"Organization\",\"@id\":\"https:\\\/\\\/www.immobilienbusiness.ch\\\/#organization\",\"name\":\"IMMOBILIEN Business\",\"url\":\"https:\\\/\\\/www.immobilienbusiness.ch\\\/\",\"logo\":{\"@type\":\"ImageObject\",\"inLanguage\":\"de\",\"@id\":\"https:\\\/\\\/www.immobilienbusiness.ch\\\/#\\\/schema\\\/logo\\\/image\\\/\",\"url\":\"https:\\\/\\\/www.immobilienbusiness.ch\\\/wp-content\\\/uploads\\\/2021\\\/07\\\/logo_ib.png\",\"contentUrl\":\"https:\\\/\\\/www.immobilienbusiness.ch\\\/wp-content\\\/uploads\\\/2021\\\/07\\\/logo_ib.png\",\"width\":800,\"height\":181,\"caption\":\"IMMOBILIEN Business\"},\"image\":{\"@id\":\"https:\\\/\\\/www.immobilienbusiness.ch\\\/#\\\/schema\\\/logo\\\/image\\\/\"},\"sameAs\":[\"https:\\\/\\\/www.facebook.com\\\/immobilienbusiness\\\/\"]},{\"@type\":\"Person\",\"@id\":\"https:\\\/\\\/www.immobilienbusiness.ch\\\/#\\\/schema\\\/person\\\/3fc036297b10b9f42d6db5ee932af8c8\",\"name\":\"anja.hall\",\"image\":{\"@type\":\"ImageObject\",\"inLanguage\":\"de\",\"@id\":\"https:\\\/\\\/secure.gravatar.com\\\/avatar\\\/066b5a0d447013502c71a5782f4f3469f03cfe595cc2329fb94652fe47511bfb?s=96&d=mm&r=g\",\"url\":\"https:\\\/\\\/secure.gravatar.com\\\/avatar\\\/066b5a0d447013502c71a5782f4f3469f03cfe595cc2329fb94652fe47511bfb?s=96&d=mm&r=g\",\"contentUrl\":\"https:\\\/\\\/secure.gravatar.com\\\/avatar\\\/066b5a0d447013502c71a5782f4f3469f03cfe595cc2329fb94652fe47511bfb?s=96&d=mm&r=g\",\"caption\":\"anja.hall\"},\"url\":\"https:\\\/\\\/www.immobilienbusiness.ch\\\/de\\\/author\\\/anja-hall\\\/\"}]}<\/script>\n<!-- \/ Yoast SEO plugin. -->","yoast_head_json":{"title":"Madaster und CRB schliessen Daten-Partnerschaft - IMMOBILIEN Business","description":"Madaster, die Online-Plattform f\u00fcr verbautes Material, hat mit der Schweizerischen Zentralstelle f\u00fcr Baurationalisierung CRB eine Kooperation vereinbart.","robots":{"index":"index","follow":"follow","max-snippet":"max-snippet:-1","max-image-preview":"max-image-preview:large","max-video-preview":"max-video-preview:-1"},"canonical":"https:\/\/www.immobilienbusiness.ch\/de\/unternehmen\/2019-05-13\/madaster-und-crb-schliessen-daten-partnerschaft\/","og_locale":"de_DE","og_type":"article","og_title":"Madaster und CRB schliessen Daten-Partnerschaft - IMMOBILIEN Business","og_description":"Madaster, die Online-Plattform f\u00fcr verbautes Material, hat mit der Schweizerischen Zentralstelle f\u00fcr Baurationalisierung CRB eine Kooperation vereinbart.","og_url":"https:\/\/www.immobilienbusiness.ch\/de\/unternehmen\/2019-05-13\/madaster-und-crb-schliessen-daten-partnerschaft\/","og_site_name":"IMMOBILIEN Business","article_publisher":"https:\/\/www.facebook.com\/immobilienbusiness\/","article_published_time":"2019-05-13T05:45:12+00:00","og_image":[{"width":1740,"height":1148,"url":"https:\/\/www.immobilienbusiness.ch\/wp-content\/uploads\/2019\/05\/CRB_MF_Bohren_komprimiert_5.jpg","type":"image\/jpeg"}],"author":"anja.hall","twitter_card":"summary_large_image","twitter_image":"https:\/\/www.immobilienbusiness.ch\/wp-content\/uploads\/2019\/05\/CRB_MF_Bohren_komprimiert_5.jpg","schema":{"@context":"https:\/\/schema.org","@graph":[{"@type":"Article","@id":"https:\/\/www.immobilienbusiness.ch\/de\/unternehmen\/2019-05-13\/madaster-und-crb-schliessen-daten-partnerschaft\/#article","isPartOf":{"@id":"https:\/\/www.immobilienbusiness.ch\/de\/unternehmen\/2019-05-13\/madaster-und-crb-schliessen-daten-partnerschaft\/"},"author":{"name":"anja.hall","@id":"https:\/\/www.immobilienbusiness.ch\/#\/schema\/person\/3fc036297b10b9f42d6db5ee932af8c8"},"headline":"Madaster und CRB schliessen Daten-Partnerschaft","datePublished":"2019-05-13T05:45:12+00:00","mainEntityOfPage":{"@id":"https:\/\/www.immobilienbusiness.ch\/de\/unternehmen\/2019-05-13\/madaster-und-crb-schliessen-daten-partnerschaft\/"},"wordCount":210,"publisher":{"@id":"https:\/\/www.immobilienbusiness.ch\/#organization"},"image":{"@id":"https:\/\/www.immobilienbusiness.ch\/de\/unternehmen\/2019-05-13\/madaster-und-crb-schliessen-daten-partnerschaft\/#primaryimage"},"thumbnailUrl":"https:\/\/www.immobilienbusiness.ch\/wp-content\/uploads\/2019\/05\/CRB_MF_Bohren_komprimiert_5.jpg","keywords":["Bauwirtschaft","Nachhaltiges Bauen","Vereine"],"articleSection":["UNTERNEHMEN"],"inLanguage":"de"},{"@type":"WebPage","@id":"https:\/\/www.immobilienbusiness.ch\/de\/unternehmen\/2019-05-13\/madaster-und-crb-schliessen-daten-partnerschaft\/","url":"https:\/\/www.immobilienbusiness.ch\/de\/unternehmen\/2019-05-13\/madaster-und-crb-schliessen-daten-partnerschaft\/","name":"Madaster und CRB schliessen Daten-Partnerschaft - IMMOBILIEN Business","isPartOf":{"@id":"https:\/\/www.immobilienbusiness.ch\/#website"},"primaryImageOfPage":{"@id":"https:\/\/www.immobilienbusiness.ch\/de\/unternehmen\/2019-05-13\/madaster-und-crb-schliessen-daten-partnerschaft\/#primaryimage"},"image":{"@id":"https:\/\/www.immobilienbusiness.ch\/de\/unternehmen\/2019-05-13\/madaster-und-crb-schliessen-daten-partnerschaft\/#primaryimage"},"thumbnailUrl":"https:\/\/www.immobilienbusiness.ch\/wp-content\/uploads\/2019\/05\/CRB_MF_Bohren_komprimiert_5.jpg","datePublished":"2019-05-13T05:45:12+00:00","description":"Madaster, die Online-Plattform f\u00fcr verbautes Material, hat mit der Schweizerischen Zentralstelle f\u00fcr Baurationalisierung CRB eine Kooperation vereinbart.","breadcrumb":{"@id":"https:\/\/www.immobilienbusiness.ch\/de\/unternehmen\/2019-05-13\/madaster-und-crb-schliessen-daten-partnerschaft\/#breadcrumb"},"inLanguage":"de","potentialAction":[{"@type":"ReadAction","target":["https:\/\/www.immobilienbusiness.ch\/de\/unternehmen\/2019-05-13\/madaster-und-crb-schliessen-daten-partnerschaft\/"]}]},{"@type":"ImageObject","inLanguage":"de","@id":"https:\/\/www.immobilienbusiness.ch\/de\/unternehmen\/2019-05-13\/madaster-und-crb-schliessen-daten-partnerschaft\/#primaryimage","url":"https:\/\/www.immobilienbusiness.ch\/wp-content\/uploads\/2019\/05\/CRB_MF_Bohren_komprimiert_5.jpg","contentUrl":"https:\/\/www.immobilienbusiness.ch\/wp-content\/uploads\/2019\/05\/CRB_MF_Bohren_komprimiert_5.jpg","width":1740,"height":1148,"caption":"CRB_MF_Bohren_komprimiert_5"},{"@type":"BreadcrumbList","@id":"https:\/\/www.immobilienbusiness.ch\/de\/unternehmen\/2019-05-13\/madaster-und-crb-schliessen-daten-partnerschaft\/#breadcrumb","itemListElement":[{"@type":"ListItem","position":1,"name":"Home","item":"https:\/\/www.immobilienbusiness.ch\/"},{"@type":"ListItem","position":2,"name":"Madaster und CRB schliessen Daten-Partnerschaft"}]},{"@type":"WebSite","@id":"https:\/\/www.immobilienbusiness.ch\/#website","url":"https:\/\/www.immobilienbusiness.ch\/","name":"IMMOBILIEN Business","description":"Unabh\u00e4ngiges Schweizer Wirtschaftsmagazin mit Fokus auf Immobilien, Architektur- und Bau sowie Investment- und Finanzierung.","publisher":{"@id":"https:\/\/www.immobilienbusiness.ch\/#organization"},"potentialAction":[{"@type":"SearchAction","target":{"@type":"EntryPoint","urlTemplate":"https:\/\/www.immobilienbusiness.ch\/?s={search_term_string}"},"query-input":{"@type":"PropertyValueSpecification","valueRequired":true,"valueName":"search_term_string"}}],"inLanguage":"de"},{"@type":"Organization","@id":"https:\/\/www.immobilienbusiness.ch\/#organization","name":"IMMOBILIEN Business","url":"https:\/\/www.immobilienbusiness.ch\/","logo":{"@type":"ImageObject","inLanguage":"de","@id":"https:\/\/www.immobilienbusiness.ch\/#\/schema\/logo\/image\/","url":"https:\/\/www.immobilienbusiness.ch\/wp-content\/uploads\/2021\/07\/logo_ib.png","contentUrl":"https:\/\/www.immobilienbusiness.ch\/wp-content\/uploads\/2021\/07\/logo_ib.png","width":800,"height":181,"caption":"IMMOBILIEN Business"},"image":{"@id":"https:\/\/www.immobilienbusiness.ch\/#\/schema\/logo\/image\/"},"sameAs":["https:\/\/www.facebook.com\/immobilienbusiness\/"]},{"@type":"Person","@id":"https:\/\/www.immobilienbusiness.ch\/#\/schema\/person\/3fc036297b10b9f42d6db5ee932af8c8","name":"anja.hall","image":{"@type":"ImageObject","inLanguage":"de","@id":"https:\/\/secure.gravatar.com\/avatar\/066b5a0d447013502c71a5782f4f3469f03cfe595cc2329fb94652fe47511bfb?s=96&d=mm&r=g","url":"https:\/\/secure.gravatar.com\/avatar\/066b5a0d447013502c71a5782f4f3469f03cfe595cc2329fb94652fe47511bfb?s=96&d=mm&r=g","contentUrl":"https:\/\/secure.gravatar.com\/avatar\/066b5a0d447013502c71a5782f4f3469f03cfe595cc2329fb94652fe47511bfb?s=96&d=mm&r=g","caption":"anja.hall"},"url":"https:\/\/www.immobilienbusiness.ch\/de\/author\/anja-hall\/"}]}},"_links":{"self":[{"href":"https:\/\/www.immobilienbusiness.ch\/de\/wp-json\/wp\/v2\/posts\/16905","targetHints":{"allow":["GET"]}}],"collection":[{"href":"https:\/\/www.immobilienbusiness.ch\/de\/wp-json\/wp\/v2\/posts"}],"about":[{"href":"https:\/\/www.immobilienbusiness.ch\/de\/wp-json\/wp\/v2\/types\/post"}],"author":[{"embeddable":true,"href":"https:\/\/www.immobilienbusiness.ch\/de\/wp-json\/wp\/v2\/users\/3"}],"replies":[{"embeddable":true,"href":"https:\/\/www.immobilienbusiness.ch\/de\/wp-json\/wp\/v2\/comments?post=16905"}],"version-history":[{"count":0,"href":"https:\/\/www.immobilienbusiness.ch\/de\/wp-json\/wp\/v2\/posts\/16905\/revisions"}],"wp:featuredmedia":[{"embeddable":true,"href":"https:\/\/www.immobilienbusiness.ch\/de\/wp-json\/wp\/v2\/media\/16938"}],"wp:attachment":[{"href":"https:\/\/www.immobilienbusiness.ch\/de\/wp-json\/wp\/v2\/media?parent=16905"}],"wp:term":[{"taxonomy":"category","embeddable":true,"href":"https:\/\/www.immobilienbusiness.ch\/de\/wp-json\/wp\/v2\/categories?post=16905"},{"taxonomy":"post_tag","embeddable":true,"href":"https:\/\/www.immobilienbusiness.ch\/de\/wp-json\/wp\/v2\/tags?post=16905"}],"curies":[{"name":"wp","href":"https:\/\/api.w.org\/{rel}","templated":true}]}}