{"id":16868,"date":"2019-05-14T08:36:42","date_gmt":"2019-05-14T06:36:42","guid":{"rendered":"https:\/\/www.immobilienbusiness.ch\/?p=16868"},"modified":"2023-08-10T21:39:32","modified_gmt":"2023-08-10T19:39:32","slug":"garaio-gruendet-tochter-fuer-das-immobiliengeschaeft","status":"publish","type":"post","link":"https:\/\/www.immobilienbusiness.ch\/de\/unternehmen\/2019-05-14\/garaio-gruendet-tochter-fuer-das-immobiliengeschaeft\/","title":{"rendered":"Garaio gr\u00fcndet Tochter f\u00fcr das Immobiliengesch\u00e4ft"},"content":{"rendered":"<figure id=\"attachment_13392\" aria-describedby=\"caption-attachment-13392\" style=\"width: 300px\" class=\"wp-caption alignnone\"><img loading=\"lazy\" decoding=\"async\" class=\"wp-image-13392 size-medium\" src=\"https:\/\/www.immobilienbusiness.ch\/wp-content\/uploads\/2018\/07\/Depositphotos_29313519_m-2015-300x200.jpg\" alt=\"Tochter\" width=\"300\" height=\"200\" srcset=\"https:\/\/www.immobilienbusiness.ch\/wp-content\/uploads\/2018\/07\/Depositphotos_29313519_m-2015-300x200.jpg 300w, https:\/\/www.immobilienbusiness.ch\/wp-content\/uploads\/2018\/07\/Depositphotos_29313519_m-2015-768x511.jpg 768w, https:\/\/www.immobilienbusiness.ch\/wp-content\/uploads\/2018\/07\/Depositphotos_29313519_m-2015-16x12.jpg 16w, https:\/\/www.immobilienbusiness.ch\/wp-content\/uploads\/2018\/07\/Depositphotos_29313519_m-2015-263x175.jpg 263w, https:\/\/www.immobilienbusiness.ch\/wp-content\/uploads\/2018\/07\/Depositphotos_29313519_m-2015-526x350.jpg 526w, https:\/\/www.immobilienbusiness.ch\/wp-content\/uploads\/2018\/07\/Depositphotos_29313519_m-2015-920x612.jpg 920w, https:\/\/www.immobilienbusiness.ch\/wp-content\/uploads\/2018\/07\/Depositphotos_29313519_m-2015.jpg 1000w\" sizes=\"auto, (max-width: 300px) 100vw, 300px\" \/><figcaption id=\"caption-attachment-13392\" class=\"wp-caption-text\">Garaio gr\u00fcndet eine Tochter f\u00fcr das Immobiliengesch\u00e4ft (Bild: odua &#8211; deposit photos)<\/figcaption><\/figure>\n<p>Garaio entwickelt Software f\u00fcr die Bereiche E-Business, Collaboration und Real Estate Management. Die Marktwahrnehmung habe jedoch immer wieder gezeigt, dass E-Business- und Collaboration-L\u00f6sungen nur bedingt in Zusammenhang mit der Immobiliensoftware st\u00fcnden, teilt das Unternehmen mit. Nun wurde das das Immobiliengesch\u00e4ft in eine eigenst\u00e4ndige Unternehmung ausgegliedert. Ziel sei, sich st\u00e4rker auf das jeweilige Kerngesch\u00e4ft fokussieren zu k\u00f6nnen.<\/p>\n<p>Mit der Neuaufstellung geht auch ein Managementwechsel einher: David Brodbeck, bisheriger CEO der Garaio AG, wird neuer CEO von Garaio REM und geh\u00f6rt k\u00fcnftig dem Garaio-Verwaltungsrat an. Auf der Position des CEO folgt ihm Martin Trachsel. Ferner wird die Belegschaft des ehemaligen Produktgesch\u00e4fts komplett in die neue Unternehmung \u00fcberf\u00fchrt \u00fcberf\u00fchrt.<\/p>\n<p>Garaio REM entwickelt L\u00f6sungen f\u00fcr die Bewirtschaftung und Administration von Immobilien. <em>(ah)<\/em><\/p>\n","protected":false},"excerpt":{"rendered":"<p>Das Softwareunternehmen Garaio aus Bern hat die Tochtergesellschaft Garaio REM AG gegr\u00fcndet, in der k\u00fcnftig der Bereich Real Estate Management geb\u00fcndelt ist.<\/p>\n","protected":false},"author":3,"featured_media":13392,"comment_status":"closed","ping_status":"closed","sticky":false,"template":"","format":"standard","meta":{"_acf_changed":false,"_yoast_wpseo_focuskw":"Tochter","_yoast_wpseo_title":"","_yoast_wpseo_metadesc":"Das Softwareunternehmen Garaio hat die Tochtergesellschaft Garaio REM AG gegr\u00fcndet, in der k\u00fcnftig der Bereich Real Estate Management geb\u00fcndelt ist.","_yoast_wpseo_linkdex":51,"pgc_sgb_lightbox_settings":"","footnotes":""},"categories":[988],"tags":[1338,1340,1807],"class_list":["post-16868","post","type-post","status-publish","format-standard","has-post-thumbnail","hentry","category-unternehmen","tag-immobilienbewirtschaftung","tag-immobiliendienstleister","tag-unternehmen"],"acf":[],"yoast_head":"<!-- This site is optimized with the Yoast SEO plugin v27.4 - https:\/\/yoast.com\/product\/yoast-seo-wordpress\/ -->\n<title>Garaio gr\u00fcndet Tochter f\u00fcr das Immobiliengesch\u00e4ft - IMMOBILIEN Business<\/title>\n<meta name=\"description\" content=\"Das Softwareunternehmen Garaio hat die Tochtergesellschaft Garaio REM AG gegr\u00fcndet, in der k\u00fcnftig der Bereich Real Estate Management geb\u00fcndelt ist.\" \/>\n<meta name=\"robots\" content=\"index, follow, max-snippet:-1, max-image-preview:large, max-video-preview:-1\" \/>\n<link rel=\"canonical\" href=\"https:\/\/www.immobilienbusiness.ch\/de\/unternehmen\/2019-05-14\/garaio-gruendet-tochter-fuer-das-immobiliengeschaeft\/\" \/>\n<meta property=\"og:locale\" content=\"de_DE\" \/>\n<meta property=\"og:type\" content=\"article\" \/>\n<meta property=\"og:title\" content=\"Garaio gr\u00fcndet Tochter f\u00fcr das Immobiliengesch\u00e4ft - IMMOBILIEN Business\" \/>\n<meta property=\"og:description\" content=\"Das Softwareunternehmen Garaio hat die Tochtergesellschaft Garaio REM AG gegr\u00fcndet, in der k\u00fcnftig der Bereich Real Estate Management geb\u00fcndelt ist.\" \/>\n<meta property=\"og:url\" content=\"https:\/\/www.immobilienbusiness.ch\/de\/unternehmen\/2019-05-14\/garaio-gruendet-tochter-fuer-das-immobiliengeschaeft\/\" \/>\n<meta property=\"og:site_name\" content=\"IMMOBILIEN Business\" \/>\n<meta property=\"article:publisher\" content=\"https:\/\/www.facebook.com\/immobilienbusiness\/\" \/>\n<meta property=\"article:published_time\" content=\"2019-05-14T06:36:42+00:00\" \/>\n<meta property=\"article:modified_time\" content=\"2023-08-10T19:39:32+00:00\" \/>\n<meta property=\"og:image\" content=\"https:\/\/www.immobilienbusiness.ch\/wp-content\/uploads\/2018\/07\/Depositphotos_29313519_m-2015.jpg\" \/>\n\t<meta property=\"og:image:width\" content=\"1000\" \/>\n\t<meta property=\"og:image:height\" content=\"665\" \/>\n\t<meta property=\"og:image:type\" content=\"image\/jpeg\" \/>\n<meta name=\"author\" content=\"anja.hall\" \/>\n<meta name=\"twitter:card\" content=\"summary_large_image\" \/>\n<meta name=\"twitter:image\" content=\"https:\/\/www.immobilienbusiness.ch\/wp-content\/uploads\/2018\/07\/Depositphotos_29313519_m-2015.jpg\" \/>\n<script type=\"application\/ld+json\" class=\"yoast-schema-graph\">{\"@context\":\"https:\\\/\\\/schema.org\",\"@graph\":[{\"@type\":\"Article\",\"@id\":\"https:\\\/\\\/www.immobilienbusiness.ch\\\/de\\\/unternehmen\\\/2019-05-14\\\/garaio-gruendet-tochter-fuer-das-immobiliengeschaeft\\\/#article\",\"isPartOf\":{\"@id\":\"https:\\\/\\\/www.immobilienbusiness.ch\\\/de\\\/unternehmen\\\/2019-05-14\\\/garaio-gruendet-tochter-fuer-das-immobiliengeschaeft\\\/\"},\"author\":{\"name\":\"anja.hall\",\"@id\":\"https:\\\/\\\/www.immobilienbusiness.ch\\\/#\\\/schema\\\/person\\\/3fc036297b10b9f42d6db5ee932af8c8\"},\"headline\":\"Garaio gr\u00fcndet Tochter f\u00fcr das Immobiliengesch\u00e4ft\",\"datePublished\":\"2019-05-14T06:36:42+00:00\",\"dateModified\":\"2023-08-10T19:39:32+00:00\",\"mainEntityOfPage\":{\"@id\":\"https:\\\/\\\/www.immobilienbusiness.ch\\\/de\\\/unternehmen\\\/2019-05-14\\\/garaio-gruendet-tochter-fuer-das-immobiliengeschaeft\\\/\"},\"wordCount\":164,\"publisher\":{\"@id\":\"https:\\\/\\\/www.immobilienbusiness.ch\\\/#organization\"},\"image\":{\"@id\":\"https:\\\/\\\/www.immobilienbusiness.ch\\\/de\\\/unternehmen\\\/2019-05-14\\\/garaio-gruendet-tochter-fuer-das-immobiliengeschaeft\\\/#primaryimage\"},\"thumbnailUrl\":\"https:\\\/\\\/www.immobilienbusiness.ch\\\/wp-content\\\/uploads\\\/2018\\\/07\\\/Depositphotos_29313519_m-2015.jpg\",\"keywords\":[\"Immobilienbewirtschaftung\",\"Immobiliendienstleister\",\"Unternehmen\"],\"articleSection\":[\"UNTERNEHMEN\"],\"inLanguage\":\"de\"},{\"@type\":\"WebPage\",\"@id\":\"https:\\\/\\\/www.immobilienbusiness.ch\\\/de\\\/unternehmen\\\/2019-05-14\\\/garaio-gruendet-tochter-fuer-das-immobiliengeschaeft\\\/\",\"url\":\"https:\\\/\\\/www.immobilienbusiness.ch\\\/de\\\/unternehmen\\\/2019-05-14\\\/garaio-gruendet-tochter-fuer-das-immobiliengeschaeft\\\/\",\"name\":\"Garaio gr\u00fcndet Tochter f\u00fcr das Immobiliengesch\u00e4ft - IMMOBILIEN Business\",\"isPartOf\":{\"@id\":\"https:\\\/\\\/www.immobilienbusiness.ch\\\/#website\"},\"primaryImageOfPage\":{\"@id\":\"https:\\\/\\\/www.immobilienbusiness.ch\\\/de\\\/unternehmen\\\/2019-05-14\\\/garaio-gruendet-tochter-fuer-das-immobiliengeschaeft\\\/#primaryimage\"},\"image\":{\"@id\":\"https:\\\/\\\/www.immobilienbusiness.ch\\\/de\\\/unternehmen\\\/2019-05-14\\\/garaio-gruendet-tochter-fuer-das-immobiliengeschaeft\\\/#primaryimage\"},\"thumbnailUrl\":\"https:\\\/\\\/www.immobilienbusiness.ch\\\/wp-content\\\/uploads\\\/2018\\\/07\\\/Depositphotos_29313519_m-2015.jpg\",\"datePublished\":\"2019-05-14T06:36:42+00:00\",\"dateModified\":\"2023-08-10T19:39:32+00:00\",\"description\":\"Das Softwareunternehmen Garaio hat die Tochtergesellschaft Garaio REM AG gegr\u00fcndet, in der k\u00fcnftig der Bereich Real Estate Management geb\u00fcndelt ist.\",\"breadcrumb\":{\"@id\":\"https:\\\/\\\/www.immobilienbusiness.ch\\\/de\\\/unternehmen\\\/2019-05-14\\\/garaio-gruendet-tochter-fuer-das-immobiliengeschaeft\\\/#breadcrumb\"},\"inLanguage\":\"de\",\"potentialAction\":[{\"@type\":\"ReadAction\",\"target\":[\"https:\\\/\\\/www.immobilienbusiness.ch\\\/de\\\/unternehmen\\\/2019-05-14\\\/garaio-gruendet-tochter-fuer-das-immobiliengeschaeft\\\/\"]}]},{\"@type\":\"ImageObject\",\"inLanguage\":\"de\",\"@id\":\"https:\\\/\\\/www.immobilienbusiness.ch\\\/de\\\/unternehmen\\\/2019-05-14\\\/garaio-gruendet-tochter-fuer-das-immobiliengeschaeft\\\/#primaryimage\",\"url\":\"https:\\\/\\\/www.immobilienbusiness.ch\\\/wp-content\\\/uploads\\\/2018\\\/07\\\/Depositphotos_29313519_m-2015.jpg\",\"contentUrl\":\"https:\\\/\\\/www.immobilienbusiness.ch\\\/wp-content\\\/uploads\\\/2018\\\/07\\\/Depositphotos_29313519_m-2015.jpg\",\"width\":1000,\"height\":665,\"caption\":\"(Bild: odua - deposit photos)\"},{\"@type\":\"BreadcrumbList\",\"@id\":\"https:\\\/\\\/www.immobilienbusiness.ch\\\/de\\\/unternehmen\\\/2019-05-14\\\/garaio-gruendet-tochter-fuer-das-immobiliengeschaeft\\\/#breadcrumb\",\"itemListElement\":[{\"@type\":\"ListItem\",\"position\":1,\"name\":\"Home\",\"item\":\"https:\\\/\\\/www.immobilienbusiness.ch\\\/\"},{\"@type\":\"ListItem\",\"position\":2,\"name\":\"Garaio gr\u00fcndet Tochter f\u00fcr das Immobiliengesch\u00e4ft\"}]},{\"@type\":\"WebSite\",\"@id\":\"https:\\\/\\\/www.immobilienbusiness.ch\\\/#website\",\"url\":\"https:\\\/\\\/www.immobilienbusiness.ch\\\/\",\"name\":\"IMMOBILIEN Business\",\"description\":\"Unabh\u00e4ngiges Schweizer Wirtschaftsmagazin mit Fokus auf Immobilien, Architektur- und Bau sowie Investment- und Finanzierung.\",\"publisher\":{\"@id\":\"https:\\\/\\\/www.immobilienbusiness.ch\\\/#organization\"},\"potentialAction\":[{\"@type\":\"SearchAction\",\"target\":{\"@type\":\"EntryPoint\",\"urlTemplate\":\"https:\\\/\\\/www.immobilienbusiness.ch\\\/?s={search_term_string}\"},\"query-input\":{\"@type\":\"PropertyValueSpecification\",\"valueRequired\":true,\"valueName\":\"search_term_string\"}}],\"inLanguage\":\"de\"},{\"@type\":\"Organization\",\"@id\":\"https:\\\/\\\/www.immobilienbusiness.ch\\\/#organization\",\"name\":\"IMMOBILIEN Business\",\"url\":\"https:\\\/\\\/www.immobilienbusiness.ch\\\/\",\"logo\":{\"@type\":\"ImageObject\",\"inLanguage\":\"de\",\"@id\":\"https:\\\/\\\/www.immobilienbusiness.ch\\\/#\\\/schema\\\/logo\\\/image\\\/\",\"url\":\"https:\\\/\\\/www.immobilienbusiness.ch\\\/wp-content\\\/uploads\\\/2021\\\/07\\\/logo_ib.png\",\"contentUrl\":\"https:\\\/\\\/www.immobilienbusiness.ch\\\/wp-content\\\/uploads\\\/2021\\\/07\\\/logo_ib.png\",\"width\":800,\"height\":181,\"caption\":\"IMMOBILIEN Business\"},\"image\":{\"@id\":\"https:\\\/\\\/www.immobilienbusiness.ch\\\/#\\\/schema\\\/logo\\\/image\\\/\"},\"sameAs\":[\"https:\\\/\\\/www.facebook.com\\\/immobilienbusiness\\\/\"]},{\"@type\":\"Person\",\"@id\":\"https:\\\/\\\/www.immobilienbusiness.ch\\\/#\\\/schema\\\/person\\\/3fc036297b10b9f42d6db5ee932af8c8\",\"name\":\"anja.hall\",\"image\":{\"@type\":\"ImageObject\",\"inLanguage\":\"de\",\"@id\":\"https:\\\/\\\/secure.gravatar.com\\\/avatar\\\/066b5a0d447013502c71a5782f4f3469f03cfe595cc2329fb94652fe47511bfb?s=96&d=mm&r=g\",\"url\":\"https:\\\/\\\/secure.gravatar.com\\\/avatar\\\/066b5a0d447013502c71a5782f4f3469f03cfe595cc2329fb94652fe47511bfb?s=96&d=mm&r=g\",\"contentUrl\":\"https:\\\/\\\/secure.gravatar.com\\\/avatar\\\/066b5a0d447013502c71a5782f4f3469f03cfe595cc2329fb94652fe47511bfb?s=96&d=mm&r=g\",\"caption\":\"anja.hall\"},\"url\":\"https:\\\/\\\/www.immobilienbusiness.ch\\\/de\\\/author\\\/anja-hall\\\/\"}]}<\/script>\n<!-- \/ Yoast SEO plugin. -->","yoast_head_json":{"title":"Garaio gr\u00fcndet Tochter f\u00fcr das Immobiliengesch\u00e4ft - IMMOBILIEN Business","description":"Das Softwareunternehmen Garaio hat die Tochtergesellschaft Garaio REM AG gegr\u00fcndet, in der k\u00fcnftig der Bereich Real Estate Management geb\u00fcndelt ist.","robots":{"index":"index","follow":"follow","max-snippet":"max-snippet:-1","max-image-preview":"max-image-preview:large","max-video-preview":"max-video-preview:-1"},"canonical":"https:\/\/www.immobilienbusiness.ch\/de\/unternehmen\/2019-05-14\/garaio-gruendet-tochter-fuer-das-immobiliengeschaeft\/","og_locale":"de_DE","og_type":"article","og_title":"Garaio gr\u00fcndet Tochter f\u00fcr das Immobiliengesch\u00e4ft - IMMOBILIEN Business","og_description":"Das Softwareunternehmen Garaio hat die Tochtergesellschaft Garaio REM AG gegr\u00fcndet, in der k\u00fcnftig der Bereich Real Estate Management geb\u00fcndelt ist.","og_url":"https:\/\/www.immobilienbusiness.ch\/de\/unternehmen\/2019-05-14\/garaio-gruendet-tochter-fuer-das-immobiliengeschaeft\/","og_site_name":"IMMOBILIEN Business","article_publisher":"https:\/\/www.facebook.com\/immobilienbusiness\/","article_published_time":"2019-05-14T06:36:42+00:00","article_modified_time":"2023-08-10T19:39:32+00:00","og_image":[{"width":1000,"height":665,"url":"https:\/\/www.immobilienbusiness.ch\/wp-content\/uploads\/2018\/07\/Depositphotos_29313519_m-2015.jpg","type":"image\/jpeg"}],"author":"anja.hall","twitter_card":"summary_large_image","twitter_image":"https:\/\/www.immobilienbusiness.ch\/wp-content\/uploads\/2018\/07\/Depositphotos_29313519_m-2015.jpg","schema":{"@context":"https:\/\/schema.org","@graph":[{"@type":"Article","@id":"https:\/\/www.immobilienbusiness.ch\/de\/unternehmen\/2019-05-14\/garaio-gruendet-tochter-fuer-das-immobiliengeschaeft\/#article","isPartOf":{"@id":"https:\/\/www.immobilienbusiness.ch\/de\/unternehmen\/2019-05-14\/garaio-gruendet-tochter-fuer-das-immobiliengeschaeft\/"},"author":{"name":"anja.hall","@id":"https:\/\/www.immobilienbusiness.ch\/#\/schema\/person\/3fc036297b10b9f42d6db5ee932af8c8"},"headline":"Garaio gr\u00fcndet Tochter f\u00fcr das Immobiliengesch\u00e4ft","datePublished":"2019-05-14T06:36:42+00:00","dateModified":"2023-08-10T19:39:32+00:00","mainEntityOfPage":{"@id":"https:\/\/www.immobilienbusiness.ch\/de\/unternehmen\/2019-05-14\/garaio-gruendet-tochter-fuer-das-immobiliengeschaeft\/"},"wordCount":164,"publisher":{"@id":"https:\/\/www.immobilienbusiness.ch\/#organization"},"image":{"@id":"https:\/\/www.immobilienbusiness.ch\/de\/unternehmen\/2019-05-14\/garaio-gruendet-tochter-fuer-das-immobiliengeschaeft\/#primaryimage"},"thumbnailUrl":"https:\/\/www.immobilienbusiness.ch\/wp-content\/uploads\/2018\/07\/Depositphotos_29313519_m-2015.jpg","keywords":["Immobilienbewirtschaftung","Immobiliendienstleister","Unternehmen"],"articleSection":["UNTERNEHMEN"],"inLanguage":"de"},{"@type":"WebPage","@id":"https:\/\/www.immobilienbusiness.ch\/de\/unternehmen\/2019-05-14\/garaio-gruendet-tochter-fuer-das-immobiliengeschaeft\/","url":"https:\/\/www.immobilienbusiness.ch\/de\/unternehmen\/2019-05-14\/garaio-gruendet-tochter-fuer-das-immobiliengeschaeft\/","name":"Garaio gr\u00fcndet Tochter f\u00fcr das Immobiliengesch\u00e4ft - IMMOBILIEN Business","isPartOf":{"@id":"https:\/\/www.immobilienbusiness.ch\/#website"},"primaryImageOfPage":{"@id":"https:\/\/www.immobilienbusiness.ch\/de\/unternehmen\/2019-05-14\/garaio-gruendet-tochter-fuer-das-immobiliengeschaeft\/#primaryimage"},"image":{"@id":"https:\/\/www.immobilienbusiness.ch\/de\/unternehmen\/2019-05-14\/garaio-gruendet-tochter-fuer-das-immobiliengeschaeft\/#primaryimage"},"thumbnailUrl":"https:\/\/www.immobilienbusiness.ch\/wp-content\/uploads\/2018\/07\/Depositphotos_29313519_m-2015.jpg","datePublished":"2019-05-14T06:36:42+00:00","dateModified":"2023-08-10T19:39:32+00:00","description":"Das Softwareunternehmen Garaio hat die Tochtergesellschaft Garaio REM AG gegr\u00fcndet, in der k\u00fcnftig der Bereich Real Estate Management geb\u00fcndelt ist.","breadcrumb":{"@id":"https:\/\/www.immobilienbusiness.ch\/de\/unternehmen\/2019-05-14\/garaio-gruendet-tochter-fuer-das-immobiliengeschaeft\/#breadcrumb"},"inLanguage":"de","potentialAction":[{"@type":"ReadAction","target":["https:\/\/www.immobilienbusiness.ch\/de\/unternehmen\/2019-05-14\/garaio-gruendet-tochter-fuer-das-immobiliengeschaeft\/"]}]},{"@type":"ImageObject","inLanguage":"de","@id":"https:\/\/www.immobilienbusiness.ch\/de\/unternehmen\/2019-05-14\/garaio-gruendet-tochter-fuer-das-immobiliengeschaeft\/#primaryimage","url":"https:\/\/www.immobilienbusiness.ch\/wp-content\/uploads\/2018\/07\/Depositphotos_29313519_m-2015.jpg","contentUrl":"https:\/\/www.immobilienbusiness.ch\/wp-content\/uploads\/2018\/07\/Depositphotos_29313519_m-2015.jpg","width":1000,"height":665,"caption":"(Bild: odua - deposit photos)"},{"@type":"BreadcrumbList","@id":"https:\/\/www.immobilienbusiness.ch\/de\/unternehmen\/2019-05-14\/garaio-gruendet-tochter-fuer-das-immobiliengeschaeft\/#breadcrumb","itemListElement":[{"@type":"ListItem","position":1,"name":"Home","item":"https:\/\/www.immobilienbusiness.ch\/"},{"@type":"ListItem","position":2,"name":"Garaio gr\u00fcndet Tochter f\u00fcr das Immobiliengesch\u00e4ft"}]},{"@type":"WebSite","@id":"https:\/\/www.immobilienbusiness.ch\/#website","url":"https:\/\/www.immobilienbusiness.ch\/","name":"IMMOBILIEN Business","description":"Unabh\u00e4ngiges Schweizer Wirtschaftsmagazin mit Fokus auf Immobilien, Architektur- und Bau sowie Investment- und Finanzierung.","publisher":{"@id":"https:\/\/www.immobilienbusiness.ch\/#organization"},"potentialAction":[{"@type":"SearchAction","target":{"@type":"EntryPoint","urlTemplate":"https:\/\/www.immobilienbusiness.ch\/?s={search_term_string}"},"query-input":{"@type":"PropertyValueSpecification","valueRequired":true,"valueName":"search_term_string"}}],"inLanguage":"de"},{"@type":"Organization","@id":"https:\/\/www.immobilienbusiness.ch\/#organization","name":"IMMOBILIEN Business","url":"https:\/\/www.immobilienbusiness.ch\/","logo":{"@type":"ImageObject","inLanguage":"de","@id":"https:\/\/www.immobilienbusiness.ch\/#\/schema\/logo\/image\/","url":"https:\/\/www.immobilienbusiness.ch\/wp-content\/uploads\/2021\/07\/logo_ib.png","contentUrl":"https:\/\/www.immobilienbusiness.ch\/wp-content\/uploads\/2021\/07\/logo_ib.png","width":800,"height":181,"caption":"IMMOBILIEN Business"},"image":{"@id":"https:\/\/www.immobilienbusiness.ch\/#\/schema\/logo\/image\/"},"sameAs":["https:\/\/www.facebook.com\/immobilienbusiness\/"]},{"@type":"Person","@id":"https:\/\/www.immobilienbusiness.ch\/#\/schema\/person\/3fc036297b10b9f42d6db5ee932af8c8","name":"anja.hall","image":{"@type":"ImageObject","inLanguage":"de","@id":"https:\/\/secure.gravatar.com\/avatar\/066b5a0d447013502c71a5782f4f3469f03cfe595cc2329fb94652fe47511bfb?s=96&d=mm&r=g","url":"https:\/\/secure.gravatar.com\/avatar\/066b5a0d447013502c71a5782f4f3469f03cfe595cc2329fb94652fe47511bfb?s=96&d=mm&r=g","contentUrl":"https:\/\/secure.gravatar.com\/avatar\/066b5a0d447013502c71a5782f4f3469f03cfe595cc2329fb94652fe47511bfb?s=96&d=mm&r=g","caption":"anja.hall"},"url":"https:\/\/www.immobilienbusiness.ch\/de\/author\/anja-hall\/"}]}},"_links":{"self":[{"href":"https:\/\/www.immobilienbusiness.ch\/de\/wp-json\/wp\/v2\/posts\/16868","targetHints":{"allow":["GET"]}}],"collection":[{"href":"https:\/\/www.immobilienbusiness.ch\/de\/wp-json\/wp\/v2\/posts"}],"about":[{"href":"https:\/\/www.immobilienbusiness.ch\/de\/wp-json\/wp\/v2\/types\/post"}],"author":[{"embeddable":true,"href":"https:\/\/www.immobilienbusiness.ch\/de\/wp-json\/wp\/v2\/users\/3"}],"replies":[{"embeddable":true,"href":"https:\/\/www.immobilienbusiness.ch\/de\/wp-json\/wp\/v2\/comments?post=16868"}],"version-history":[{"count":2,"href":"https:\/\/www.immobilienbusiness.ch\/de\/wp-json\/wp\/v2\/posts\/16868\/revisions"}],"predecessor-version":[{"id":52001,"href":"https:\/\/www.immobilienbusiness.ch\/de\/wp-json\/wp\/v2\/posts\/16868\/revisions\/52001"}],"wp:featuredmedia":[{"embeddable":true,"href":"https:\/\/www.immobilienbusiness.ch\/de\/wp-json\/wp\/v2\/media\/13392"}],"wp:attachment":[{"href":"https:\/\/www.immobilienbusiness.ch\/de\/wp-json\/wp\/v2\/media?parent=16868"}],"wp:term":[{"taxonomy":"category","embeddable":true,"href":"https:\/\/www.immobilienbusiness.ch\/de\/wp-json\/wp\/v2\/categories?post=16868"},{"taxonomy":"post_tag","embeddable":true,"href":"https:\/\/www.immobilienbusiness.ch\/de\/wp-json\/wp\/v2\/tags?post=16868"}],"curies":[{"name":"wp","href":"https:\/\/api.w.org\/{rel}","templated":true}]}}