{"id":16691,"date":"2019-04-23T07:47:13","date_gmt":"2019-04-23T05:47:13","guid":{"rendered":"https:\/\/www.immobilienbusiness.ch\/?p=16691"},"modified":"2019-04-23T07:47:13","modified_gmt":"2019-04-23T05:47:13","slug":"bundesrat-beschliesst-einzonungsstopp-in-fuenf-kantonen","status":"publish","type":"post","link":"https:\/\/www.immobilienbusiness.ch\/de\/regionen\/2019-04-23\/bundesrat-beschliesst-einzonungsstopp-in-fuenf-kantonen\/","title":{"rendered":"Bundesrat beschliesst Einzonungsstopp in f\u00fcnf Kantonen"},"content":{"rendered":"<figure id=\"attachment_14135\" aria-describedby=\"caption-attachment-14135\" style=\"width: 680px\" class=\"wp-caption alignnone\"><img loading=\"lazy\" decoding=\"async\" class=\"size-medium wp-image-14135\" src=\"https:\/\/www.immobilienbusiness.ch\/wp-content\/uploads\/2018\/09\/Depositphotos_32083843_m-2015.jpg\" alt=\"\" width=\"680\" height=\"454\" srcset=\"https:\/\/www.immobilienbusiness.ch\/wp-content\/uploads\/2018\/09\/Depositphotos_32083843_m-2015.jpg 1000w, https:\/\/www.immobilienbusiness.ch\/wp-content\/uploads\/2018\/09\/Depositphotos_32083843_m-2015-300x200.jpg 300w, https:\/\/www.immobilienbusiness.ch\/wp-content\/uploads\/2018\/09\/Depositphotos_32083843_m-2015-768x512.jpg 768w, https:\/\/www.immobilienbusiness.ch\/wp-content\/uploads\/2018\/09\/Depositphotos_32083843_m-2015-16x12.jpg 16w, https:\/\/www.immobilienbusiness.ch\/wp-content\/uploads\/2018\/09\/Depositphotos_32083843_m-2015-262x175.jpg 262w, https:\/\/www.immobilienbusiness.ch\/wp-content\/uploads\/2018\/09\/Depositphotos_32083843_m-2015-525x350.jpg 525w, https:\/\/www.immobilienbusiness.ch\/wp-content\/uploads\/2018\/09\/Depositphotos_32083843_m-2015-920x614.jpg 920w\" sizes=\"auto, (max-width: 680px) 100vw, 680px\" \/><figcaption id=\"caption-attachment-14135\" class=\"wp-caption-text\">Der Bundesrat verh\u00e4ngt einen Einzonungsstopp f\u00fcr f\u00fcnf Kantone (Bild: trofoto &#8211; depositphotos)<\/figcaption><\/figure>\n<p>Wie der Bundesrat mitteilt, h\u00e4tten die Kantone Genf, Luzern, Schwyz, Zug und Z\u00fcrich nicht rechtzeitig eine Mehrwertabgabe f\u00fcr die Einzonung von Bauland eingef\u00fchrt oder die bundesrechtlichen Anforderungen nicht erf\u00fcllt. Daher werde der Einzonungsstopp verh\u00e4ngt.<\/p>\n<p>Hintergrund ist das revidierte Raumplanungsgesetz (RPG), das im Jahr 2013 mit 62,9 Prozent Ja-Stimmen von der Stimmbev\u00f6lkerung angenommen wurde. Demnach m\u00fcssen die Kantone unter anderem Mehrwerte aus Einzonungen mit einem Mindestabgabesatz von 20% ausgleichen. F\u00fcr die Umsetzung galt eine Frist von f\u00fcnf Jahren, die am 30. April 2019 abl\u00e4uft. Kantone, die ihrer Pflicht nicht nachgekommen sind, d\u00fcrfen ab 1. Mai 2019 keine neuen Bauzonen ausscheiden.<\/p>\n<p>Die Kantone Genf, Luzern und Schwyz h\u00e4tten zwar rechtzeitig eine Mehrwertabgabe eingef\u00fchrt, so der Bundesrat. Allerdings erf\u00fclle die Regelung die Mindestvorgaben im RPG nicht. In Zug findet die Volksabstimmmung erst im Mai statt und in Z\u00fcrich ist die neue Regelung noch in der parlamentarischen Beratung. Damit stehe fest, dass die kantonalen Regelungen dort nicht rechtzeitig auf den 1. Mai 2019 in Kraft gesetzt werden k\u00f6nnen. <em>(ah)<\/em><\/p>\n","protected":false},"excerpt":{"rendered":"<p>Der Bundesrat hat f\u00fcr die Kantone Genf, Luzern, Schwyz, Zug und Z\u00fcrich einen Einzonungsstopp beschlossen. Er gilt ab dem 1. Mai dieses Jahres.<\/p>\n","protected":false},"author":3,"featured_media":14135,"comment_status":"closed","ping_status":"open","sticky":false,"template":"","format":"standard","meta":{"_acf_changed":false,"_yoast_wpseo_focuskw":"Einzonungsstopp","_yoast_wpseo_title":"","_yoast_wpseo_metadesc":"Der Bundesrat hat f\u00fcr die Kantone Genf, Luzern, Schwyz, Zug und Z\u00fcrich einen Einzonungsstopp beschlossen. Er gilt ab dem 1. Mai dieses Jahres.","_yoast_wpseo_linkdex":69,"pgc_sgb_lightbox_settings":"","footnotes":""},"categories":[985],"tags":[1260,1409,1410,1459,1579,1630,1682],"class_list":["post-16691","post","type-post","status-publish","format-standard","has-post-thumbnail","hentry","category-regionen","tag-genf","tag-kanton-zug","tag-kanton-zuerich","tag-luzern","tag-politik","tag-regulierung","tag-schwyz"],"acf":[],"yoast_head":"<!-- This site is optimized with the Yoast SEO plugin v27.4 - https:\/\/yoast.com\/product\/yoast-seo-wordpress\/ -->\n<title>Bundesrat beschliesst Einzonungsstopp in f\u00fcnf Kantonen - IMMOBILIEN Business<\/title>\n<meta name=\"description\" content=\"Der Bundesrat hat f\u00fcr die Kantone Genf, Luzern, Schwyz, Zug und Z\u00fcrich einen Einzonungsstopp beschlossen. Er gilt ab dem 1. Mai dieses Jahres.\" \/>\n<meta name=\"robots\" content=\"index, follow, max-snippet:-1, max-image-preview:large, max-video-preview:-1\" \/>\n<link rel=\"canonical\" href=\"https:\/\/www.immobilienbusiness.ch\/de\/regionen\/2019-04-23\/bundesrat-beschliesst-einzonungsstopp-in-fuenf-kantonen\/\" \/>\n<meta property=\"og:locale\" content=\"de_DE\" \/>\n<meta property=\"og:type\" content=\"article\" \/>\n<meta property=\"og:title\" content=\"Bundesrat beschliesst Einzonungsstopp in f\u00fcnf Kantonen - IMMOBILIEN Business\" \/>\n<meta property=\"og:description\" content=\"Der Bundesrat hat f\u00fcr die Kantone Genf, Luzern, Schwyz, Zug und Z\u00fcrich einen Einzonungsstopp beschlossen. Er gilt ab dem 1. Mai dieses Jahres.\" \/>\n<meta property=\"og:url\" content=\"https:\/\/www.immobilienbusiness.ch\/de\/regionen\/2019-04-23\/bundesrat-beschliesst-einzonungsstopp-in-fuenf-kantonen\/\" \/>\n<meta property=\"og:site_name\" content=\"IMMOBILIEN Business\" \/>\n<meta property=\"article:publisher\" content=\"https:\/\/www.facebook.com\/immobilienbusiness\/\" \/>\n<meta property=\"article:published_time\" content=\"2019-04-23T05:47:13+00:00\" \/>\n<meta property=\"og:image\" content=\"https:\/\/www.immobilienbusiness.ch\/wp-content\/uploads\/2018\/09\/Depositphotos_32083843_m-2015.jpg\" \/>\n\t<meta property=\"og:image:width\" content=\"1000\" \/>\n\t<meta property=\"og:image:height\" content=\"667\" \/>\n\t<meta property=\"og:image:type\" content=\"image\/jpeg\" \/>\n<meta name=\"author\" content=\"anja.hall\" \/>\n<meta name=\"twitter:card\" content=\"summary_large_image\" \/>\n<meta name=\"twitter:image\" content=\"https:\/\/www.immobilienbusiness.ch\/wp-content\/uploads\/2018\/09\/Depositphotos_32083843_m-2015.jpg\" \/>\n<script type=\"application\/ld+json\" class=\"yoast-schema-graph\">{\"@context\":\"https:\\\/\\\/schema.org\",\"@graph\":[{\"@type\":\"Article\",\"@id\":\"https:\\\/\\\/www.immobilienbusiness.ch\\\/de\\\/regionen\\\/2019-04-23\\\/bundesrat-beschliesst-einzonungsstopp-in-fuenf-kantonen\\\/#article\",\"isPartOf\":{\"@id\":\"https:\\\/\\\/www.immobilienbusiness.ch\\\/de\\\/regionen\\\/2019-04-23\\\/bundesrat-beschliesst-einzonungsstopp-in-fuenf-kantonen\\\/\"},\"author\":{\"name\":\"anja.hall\",\"@id\":\"https:\\\/\\\/www.immobilienbusiness.ch\\\/#\\\/schema\\\/person\\\/3fc036297b10b9f42d6db5ee932af8c8\"},\"headline\":\"Bundesrat beschliesst Einzonungsstopp in f\u00fcnf Kantonen\",\"datePublished\":\"2019-04-23T05:47:13+00:00\",\"mainEntityOfPage\":{\"@id\":\"https:\\\/\\\/www.immobilienbusiness.ch\\\/de\\\/regionen\\\/2019-04-23\\\/bundesrat-beschliesst-einzonungsstopp-in-fuenf-kantonen\\\/\"},\"wordCount\":202,\"publisher\":{\"@id\":\"https:\\\/\\\/www.immobilienbusiness.ch\\\/#organization\"},\"image\":{\"@id\":\"https:\\\/\\\/www.immobilienbusiness.ch\\\/de\\\/regionen\\\/2019-04-23\\\/bundesrat-beschliesst-einzonungsstopp-in-fuenf-kantonen\\\/#primaryimage\"},\"thumbnailUrl\":\"https:\\\/\\\/www.immobilienbusiness.ch\\\/wp-content\\\/uploads\\\/2018\\\/09\\\/Depositphotos_32083843_m-2015.jpg\",\"keywords\":[\"Genf\",\"Kanton Zug\",\"Kanton Z\u00fcrich\",\"Luzern\",\"Politik\",\"Regulierung\",\"Schwyz\"],\"articleSection\":[\"REGIONEN\"],\"inLanguage\":\"de\"},{\"@type\":\"WebPage\",\"@id\":\"https:\\\/\\\/www.immobilienbusiness.ch\\\/de\\\/regionen\\\/2019-04-23\\\/bundesrat-beschliesst-einzonungsstopp-in-fuenf-kantonen\\\/\",\"url\":\"https:\\\/\\\/www.immobilienbusiness.ch\\\/de\\\/regionen\\\/2019-04-23\\\/bundesrat-beschliesst-einzonungsstopp-in-fuenf-kantonen\\\/\",\"name\":\"Bundesrat beschliesst Einzonungsstopp in f\u00fcnf Kantonen - IMMOBILIEN Business\",\"isPartOf\":{\"@id\":\"https:\\\/\\\/www.immobilienbusiness.ch\\\/#website\"},\"primaryImageOfPage\":{\"@id\":\"https:\\\/\\\/www.immobilienbusiness.ch\\\/de\\\/regionen\\\/2019-04-23\\\/bundesrat-beschliesst-einzonungsstopp-in-fuenf-kantonen\\\/#primaryimage\"},\"image\":{\"@id\":\"https:\\\/\\\/www.immobilienbusiness.ch\\\/de\\\/regionen\\\/2019-04-23\\\/bundesrat-beschliesst-einzonungsstopp-in-fuenf-kantonen\\\/#primaryimage\"},\"thumbnailUrl\":\"https:\\\/\\\/www.immobilienbusiness.ch\\\/wp-content\\\/uploads\\\/2018\\\/09\\\/Depositphotos_32083843_m-2015.jpg\",\"datePublished\":\"2019-04-23T05:47:13+00:00\",\"description\":\"Der Bundesrat hat f\u00fcr die Kantone Genf, Luzern, Schwyz, Zug und Z\u00fcrich einen Einzonungsstopp beschlossen. Er gilt ab dem 1. Mai dieses Jahres.\",\"breadcrumb\":{\"@id\":\"https:\\\/\\\/www.immobilienbusiness.ch\\\/de\\\/regionen\\\/2019-04-23\\\/bundesrat-beschliesst-einzonungsstopp-in-fuenf-kantonen\\\/#breadcrumb\"},\"inLanguage\":\"de\",\"potentialAction\":[{\"@type\":\"ReadAction\",\"target\":[\"https:\\\/\\\/www.immobilienbusiness.ch\\\/de\\\/regionen\\\/2019-04-23\\\/bundesrat-beschliesst-einzonungsstopp-in-fuenf-kantonen\\\/\"]}]},{\"@type\":\"ImageObject\",\"inLanguage\":\"de\",\"@id\":\"https:\\\/\\\/www.immobilienbusiness.ch\\\/de\\\/regionen\\\/2019-04-23\\\/bundesrat-beschliesst-einzonungsstopp-in-fuenf-kantonen\\\/#primaryimage\",\"url\":\"https:\\\/\\\/www.immobilienbusiness.ch\\\/wp-content\\\/uploads\\\/2018\\\/09\\\/Depositphotos_32083843_m-2015.jpg\",\"contentUrl\":\"https:\\\/\\\/www.immobilienbusiness.ch\\\/wp-content\\\/uploads\\\/2018\\\/09\\\/Depositphotos_32083843_m-2015.jpg\",\"width\":1000,\"height\":667,\"caption\":\"(Bild: trofoto - depositphotos)\"},{\"@type\":\"BreadcrumbList\",\"@id\":\"https:\\\/\\\/www.immobilienbusiness.ch\\\/de\\\/regionen\\\/2019-04-23\\\/bundesrat-beschliesst-einzonungsstopp-in-fuenf-kantonen\\\/#breadcrumb\",\"itemListElement\":[{\"@type\":\"ListItem\",\"position\":1,\"name\":\"Home\",\"item\":\"https:\\\/\\\/www.immobilienbusiness.ch\\\/\"},{\"@type\":\"ListItem\",\"position\":2,\"name\":\"Bundesrat beschliesst Einzonungsstopp in f\u00fcnf Kantonen\"}]},{\"@type\":\"WebSite\",\"@id\":\"https:\\\/\\\/www.immobilienbusiness.ch\\\/#website\",\"url\":\"https:\\\/\\\/www.immobilienbusiness.ch\\\/\",\"name\":\"IMMOBILIEN Business\",\"description\":\"Unabh\u00e4ngiges Schweizer Wirtschaftsmagazin mit Fokus auf Immobilien, Architektur- und Bau sowie Investment- und Finanzierung.\",\"publisher\":{\"@id\":\"https:\\\/\\\/www.immobilienbusiness.ch\\\/#organization\"},\"potentialAction\":[{\"@type\":\"SearchAction\",\"target\":{\"@type\":\"EntryPoint\",\"urlTemplate\":\"https:\\\/\\\/www.immobilienbusiness.ch\\\/?s={search_term_string}\"},\"query-input\":{\"@type\":\"PropertyValueSpecification\",\"valueRequired\":true,\"valueName\":\"search_term_string\"}}],\"inLanguage\":\"de\"},{\"@type\":\"Organization\",\"@id\":\"https:\\\/\\\/www.immobilienbusiness.ch\\\/#organization\",\"name\":\"IMMOBILIEN Business\",\"url\":\"https:\\\/\\\/www.immobilienbusiness.ch\\\/\",\"logo\":{\"@type\":\"ImageObject\",\"inLanguage\":\"de\",\"@id\":\"https:\\\/\\\/www.immobilienbusiness.ch\\\/#\\\/schema\\\/logo\\\/image\\\/\",\"url\":\"https:\\\/\\\/www.immobilienbusiness.ch\\\/wp-content\\\/uploads\\\/2021\\\/07\\\/logo_ib.png\",\"contentUrl\":\"https:\\\/\\\/www.immobilienbusiness.ch\\\/wp-content\\\/uploads\\\/2021\\\/07\\\/logo_ib.png\",\"width\":800,\"height\":181,\"caption\":\"IMMOBILIEN Business\"},\"image\":{\"@id\":\"https:\\\/\\\/www.immobilienbusiness.ch\\\/#\\\/schema\\\/logo\\\/image\\\/\"},\"sameAs\":[\"https:\\\/\\\/www.facebook.com\\\/immobilienbusiness\\\/\"]},{\"@type\":\"Person\",\"@id\":\"https:\\\/\\\/www.immobilienbusiness.ch\\\/#\\\/schema\\\/person\\\/3fc036297b10b9f42d6db5ee932af8c8\",\"name\":\"anja.hall\",\"image\":{\"@type\":\"ImageObject\",\"inLanguage\":\"de\",\"@id\":\"https:\\\/\\\/secure.gravatar.com\\\/avatar\\\/066b5a0d447013502c71a5782f4f3469f03cfe595cc2329fb94652fe47511bfb?s=96&d=mm&r=g\",\"url\":\"https:\\\/\\\/secure.gravatar.com\\\/avatar\\\/066b5a0d447013502c71a5782f4f3469f03cfe595cc2329fb94652fe47511bfb?s=96&d=mm&r=g\",\"contentUrl\":\"https:\\\/\\\/secure.gravatar.com\\\/avatar\\\/066b5a0d447013502c71a5782f4f3469f03cfe595cc2329fb94652fe47511bfb?s=96&d=mm&r=g\",\"caption\":\"anja.hall\"},\"url\":\"https:\\\/\\\/www.immobilienbusiness.ch\\\/de\\\/author\\\/anja-hall\\\/\"}]}<\/script>\n<!-- \/ Yoast SEO plugin. -->","yoast_head_json":{"title":"Bundesrat beschliesst Einzonungsstopp in f\u00fcnf Kantonen - IMMOBILIEN Business","description":"Der Bundesrat hat f\u00fcr die Kantone Genf, Luzern, Schwyz, Zug und Z\u00fcrich einen Einzonungsstopp beschlossen. Er gilt ab dem 1. Mai dieses Jahres.","robots":{"index":"index","follow":"follow","max-snippet":"max-snippet:-1","max-image-preview":"max-image-preview:large","max-video-preview":"max-video-preview:-1"},"canonical":"https:\/\/www.immobilienbusiness.ch\/de\/regionen\/2019-04-23\/bundesrat-beschliesst-einzonungsstopp-in-fuenf-kantonen\/","og_locale":"de_DE","og_type":"article","og_title":"Bundesrat beschliesst Einzonungsstopp in f\u00fcnf Kantonen - IMMOBILIEN Business","og_description":"Der Bundesrat hat f\u00fcr die Kantone Genf, Luzern, Schwyz, Zug und Z\u00fcrich einen Einzonungsstopp beschlossen. Er gilt ab dem 1. Mai dieses Jahres.","og_url":"https:\/\/www.immobilienbusiness.ch\/de\/regionen\/2019-04-23\/bundesrat-beschliesst-einzonungsstopp-in-fuenf-kantonen\/","og_site_name":"IMMOBILIEN Business","article_publisher":"https:\/\/www.facebook.com\/immobilienbusiness\/","article_published_time":"2019-04-23T05:47:13+00:00","og_image":[{"width":1000,"height":667,"url":"https:\/\/www.immobilienbusiness.ch\/wp-content\/uploads\/2018\/09\/Depositphotos_32083843_m-2015.jpg","type":"image\/jpeg"}],"author":"anja.hall","twitter_card":"summary_large_image","twitter_image":"https:\/\/www.immobilienbusiness.ch\/wp-content\/uploads\/2018\/09\/Depositphotos_32083843_m-2015.jpg","schema":{"@context":"https:\/\/schema.org","@graph":[{"@type":"Article","@id":"https:\/\/www.immobilienbusiness.ch\/de\/regionen\/2019-04-23\/bundesrat-beschliesst-einzonungsstopp-in-fuenf-kantonen\/#article","isPartOf":{"@id":"https:\/\/www.immobilienbusiness.ch\/de\/regionen\/2019-04-23\/bundesrat-beschliesst-einzonungsstopp-in-fuenf-kantonen\/"},"author":{"name":"anja.hall","@id":"https:\/\/www.immobilienbusiness.ch\/#\/schema\/person\/3fc036297b10b9f42d6db5ee932af8c8"},"headline":"Bundesrat beschliesst Einzonungsstopp in f\u00fcnf Kantonen","datePublished":"2019-04-23T05:47:13+00:00","mainEntityOfPage":{"@id":"https:\/\/www.immobilienbusiness.ch\/de\/regionen\/2019-04-23\/bundesrat-beschliesst-einzonungsstopp-in-fuenf-kantonen\/"},"wordCount":202,"publisher":{"@id":"https:\/\/www.immobilienbusiness.ch\/#organization"},"image":{"@id":"https:\/\/www.immobilienbusiness.ch\/de\/regionen\/2019-04-23\/bundesrat-beschliesst-einzonungsstopp-in-fuenf-kantonen\/#primaryimage"},"thumbnailUrl":"https:\/\/www.immobilienbusiness.ch\/wp-content\/uploads\/2018\/09\/Depositphotos_32083843_m-2015.jpg","keywords":["Genf","Kanton Zug","Kanton Z\u00fcrich","Luzern","Politik","Regulierung","Schwyz"],"articleSection":["REGIONEN"],"inLanguage":"de"},{"@type":"WebPage","@id":"https:\/\/www.immobilienbusiness.ch\/de\/regionen\/2019-04-23\/bundesrat-beschliesst-einzonungsstopp-in-fuenf-kantonen\/","url":"https:\/\/www.immobilienbusiness.ch\/de\/regionen\/2019-04-23\/bundesrat-beschliesst-einzonungsstopp-in-fuenf-kantonen\/","name":"Bundesrat beschliesst Einzonungsstopp in f\u00fcnf Kantonen - IMMOBILIEN Business","isPartOf":{"@id":"https:\/\/www.immobilienbusiness.ch\/#website"},"primaryImageOfPage":{"@id":"https:\/\/www.immobilienbusiness.ch\/de\/regionen\/2019-04-23\/bundesrat-beschliesst-einzonungsstopp-in-fuenf-kantonen\/#primaryimage"},"image":{"@id":"https:\/\/www.immobilienbusiness.ch\/de\/regionen\/2019-04-23\/bundesrat-beschliesst-einzonungsstopp-in-fuenf-kantonen\/#primaryimage"},"thumbnailUrl":"https:\/\/www.immobilienbusiness.ch\/wp-content\/uploads\/2018\/09\/Depositphotos_32083843_m-2015.jpg","datePublished":"2019-04-23T05:47:13+00:00","description":"Der Bundesrat hat f\u00fcr die Kantone Genf, Luzern, Schwyz, Zug und Z\u00fcrich einen Einzonungsstopp beschlossen. Er gilt ab dem 1. Mai dieses Jahres.","breadcrumb":{"@id":"https:\/\/www.immobilienbusiness.ch\/de\/regionen\/2019-04-23\/bundesrat-beschliesst-einzonungsstopp-in-fuenf-kantonen\/#breadcrumb"},"inLanguage":"de","potentialAction":[{"@type":"ReadAction","target":["https:\/\/www.immobilienbusiness.ch\/de\/regionen\/2019-04-23\/bundesrat-beschliesst-einzonungsstopp-in-fuenf-kantonen\/"]}]},{"@type":"ImageObject","inLanguage":"de","@id":"https:\/\/www.immobilienbusiness.ch\/de\/regionen\/2019-04-23\/bundesrat-beschliesst-einzonungsstopp-in-fuenf-kantonen\/#primaryimage","url":"https:\/\/www.immobilienbusiness.ch\/wp-content\/uploads\/2018\/09\/Depositphotos_32083843_m-2015.jpg","contentUrl":"https:\/\/www.immobilienbusiness.ch\/wp-content\/uploads\/2018\/09\/Depositphotos_32083843_m-2015.jpg","width":1000,"height":667,"caption":"(Bild: trofoto - depositphotos)"},{"@type":"BreadcrumbList","@id":"https:\/\/www.immobilienbusiness.ch\/de\/regionen\/2019-04-23\/bundesrat-beschliesst-einzonungsstopp-in-fuenf-kantonen\/#breadcrumb","itemListElement":[{"@type":"ListItem","position":1,"name":"Home","item":"https:\/\/www.immobilienbusiness.ch\/"},{"@type":"ListItem","position":2,"name":"Bundesrat beschliesst Einzonungsstopp in f\u00fcnf Kantonen"}]},{"@type":"WebSite","@id":"https:\/\/www.immobilienbusiness.ch\/#website","url":"https:\/\/www.immobilienbusiness.ch\/","name":"IMMOBILIEN Business","description":"Unabh\u00e4ngiges Schweizer Wirtschaftsmagazin mit Fokus auf Immobilien, Architektur- und Bau sowie Investment- und Finanzierung.","publisher":{"@id":"https:\/\/www.immobilienbusiness.ch\/#organization"},"potentialAction":[{"@type":"SearchAction","target":{"@type":"EntryPoint","urlTemplate":"https:\/\/www.immobilienbusiness.ch\/?s={search_term_string}"},"query-input":{"@type":"PropertyValueSpecification","valueRequired":true,"valueName":"search_term_string"}}],"inLanguage":"de"},{"@type":"Organization","@id":"https:\/\/www.immobilienbusiness.ch\/#organization","name":"IMMOBILIEN Business","url":"https:\/\/www.immobilienbusiness.ch\/","logo":{"@type":"ImageObject","inLanguage":"de","@id":"https:\/\/www.immobilienbusiness.ch\/#\/schema\/logo\/image\/","url":"https:\/\/www.immobilienbusiness.ch\/wp-content\/uploads\/2021\/07\/logo_ib.png","contentUrl":"https:\/\/www.immobilienbusiness.ch\/wp-content\/uploads\/2021\/07\/logo_ib.png","width":800,"height":181,"caption":"IMMOBILIEN Business"},"image":{"@id":"https:\/\/www.immobilienbusiness.ch\/#\/schema\/logo\/image\/"},"sameAs":["https:\/\/www.facebook.com\/immobilienbusiness\/"]},{"@type":"Person","@id":"https:\/\/www.immobilienbusiness.ch\/#\/schema\/person\/3fc036297b10b9f42d6db5ee932af8c8","name":"anja.hall","image":{"@type":"ImageObject","inLanguage":"de","@id":"https:\/\/secure.gravatar.com\/avatar\/066b5a0d447013502c71a5782f4f3469f03cfe595cc2329fb94652fe47511bfb?s=96&d=mm&r=g","url":"https:\/\/secure.gravatar.com\/avatar\/066b5a0d447013502c71a5782f4f3469f03cfe595cc2329fb94652fe47511bfb?s=96&d=mm&r=g","contentUrl":"https:\/\/secure.gravatar.com\/avatar\/066b5a0d447013502c71a5782f4f3469f03cfe595cc2329fb94652fe47511bfb?s=96&d=mm&r=g","caption":"anja.hall"},"url":"https:\/\/www.immobilienbusiness.ch\/de\/author\/anja-hall\/"}]}},"_links":{"self":[{"href":"https:\/\/www.immobilienbusiness.ch\/de\/wp-json\/wp\/v2\/posts\/16691","targetHints":{"allow":["GET"]}}],"collection":[{"href":"https:\/\/www.immobilienbusiness.ch\/de\/wp-json\/wp\/v2\/posts"}],"about":[{"href":"https:\/\/www.immobilienbusiness.ch\/de\/wp-json\/wp\/v2\/types\/post"}],"author":[{"embeddable":true,"href":"https:\/\/www.immobilienbusiness.ch\/de\/wp-json\/wp\/v2\/users\/3"}],"replies":[{"embeddable":true,"href":"https:\/\/www.immobilienbusiness.ch\/de\/wp-json\/wp\/v2\/comments?post=16691"}],"version-history":[{"count":0,"href":"https:\/\/www.immobilienbusiness.ch\/de\/wp-json\/wp\/v2\/posts\/16691\/revisions"}],"wp:featuredmedia":[{"embeddable":true,"href":"https:\/\/www.immobilienbusiness.ch\/de\/wp-json\/wp\/v2\/media\/14135"}],"wp:attachment":[{"href":"https:\/\/www.immobilienbusiness.ch\/de\/wp-json\/wp\/v2\/media?parent=16691"}],"wp:term":[{"taxonomy":"category","embeddable":true,"href":"https:\/\/www.immobilienbusiness.ch\/de\/wp-json\/wp\/v2\/categories?post=16691"},{"taxonomy":"post_tag","embeddable":true,"href":"https:\/\/www.immobilienbusiness.ch\/de\/wp-json\/wp\/v2\/tags?post=16691"}],"curies":[{"name":"wp","href":"https:\/\/api.w.org\/{rel}","templated":true}]}}