{"id":16552,"date":"2019-04-05T08:32:38","date_gmt":"2019-04-05T06:32:38","guid":{"rendered":"https:\/\/www.immobilienbusiness.ch\/?p=16552"},"modified":"2019-04-05T08:32:38","modified_gmt":"2019-04-05T06:32:38","slug":"bfw-schliesst-aktienrueckkauf-ab","status":"publish","type":"post","link":"https:\/\/www.immobilienbusiness.ch\/de\/unternehmen\/2019-04-05\/bfw-schliesst-aktienrueckkauf-ab\/","title":{"rendered":"BFW schliesst Aktienr\u00fcckkauf ab"},"content":{"rendered":"<figure id=\"attachment_5599\" aria-describedby=\"caption-attachment-5599\" style=\"width: 680px\" class=\"wp-caption alignnone\"><img loading=\"lazy\" decoding=\"async\" class=\"size-medium wp-image-5599\" src=\"https:\/\/www.immobilienbusiness.ch\/wp-content\/uploads\/2017\/01\/Depositphotos_10481294_l-2015.jpg\" alt=\"\" width=\"680\" height=\"453\" srcset=\"https:\/\/www.immobilienbusiness.ch\/wp-content\/uploads\/2017\/01\/Depositphotos_10481294_l-2015.jpg 2000w, https:\/\/www.immobilienbusiness.ch\/wp-content\/uploads\/2017\/01\/Depositphotos_10481294_l-2015-300x200.jpg 300w, https:\/\/www.immobilienbusiness.ch\/wp-content\/uploads\/2017\/01\/Depositphotos_10481294_l-2015-1024x682.jpg 1024w, https:\/\/www.immobilienbusiness.ch\/wp-content\/uploads\/2017\/01\/Depositphotos_10481294_l-2015-768x512.jpg 768w, https:\/\/www.immobilienbusiness.ch\/wp-content\/uploads\/2017\/01\/Depositphotos_10481294_l-2015-1536x1024.jpg 1536w, https:\/\/www.immobilienbusiness.ch\/wp-content\/uploads\/2017\/01\/Depositphotos_10481294_l-2015-16x12.jpg 16w, https:\/\/www.immobilienbusiness.ch\/wp-content\/uploads\/2017\/01\/Depositphotos_10481294_l-2015-263x175.jpg 263w, https:\/\/www.immobilienbusiness.ch\/wp-content\/uploads\/2017\/01\/Depositphotos_10481294_l-2015-525x350.jpg 525w, https:\/\/www.immobilienbusiness.ch\/wp-content\/uploads\/2017\/01\/Depositphotos_10481294_l-2015-1200x800.jpg 1200w, https:\/\/www.immobilienbusiness.ch\/wp-content\/uploads\/2017\/01\/Depositphotos_10481294_l-2015-920x613.jpg 920w, https:\/\/www.immobilienbusiness.ch\/wp-content\/uploads\/2017\/01\/Depositphotos_10481294_l-2015-1400x933.jpg 1400w\" sizes=\"auto, (max-width: 680px) 100vw, 680px\" \/><figcaption id=\"caption-attachment-5599\" class=\"wp-caption-text\">BFW Liegenschaften schliesst den Aktienr\u00fcckkauf ab (Bild: depositphotos)<\/figcaption><\/figure>\n<p>Die BFW Liegenschaften AG hatte am 12. M\u00e4rz angek\u00fcndigt, ein Aktienr\u00fcckkaufprogramm im Umfang von maximal 9,46% des Aktienkapitals bzw. 354.000 Namenaktien Kategorie A durchzuf\u00fchren. Angeboten wurde ein Festpreis von 45,00 CHF je Namenaktie.<\/p>\n<p>Am 3. April sei der R\u00fcckkauf erfolgreich abgeschlossen worden, teilte die Immobiliengesellschaft mit. Die Andienungsquote habe bei 142,4% gelegen, was 504.010 Namenaktien entspreche.Es sei deshalb eine proportionale K\u00fcrzung der angedienten Aktien erfolgt.<\/p>\n<p>Der Verwaltungsrat will der ordentlichen Generalversammlung vom 7. Mai beantragen, das Aktienkapital durch Vernichtung der zur\u00fcckgekauften Namenaktien zu reduzieren. Nach Zustimmung durch die ordentliche Generalversammlung und durchgef\u00fchrtem Schuldenruf findet der Vollzug der Kapitalherabsetzung voraussichtlich im Juli 2019 statt. Die angedienten Aktien bleiben bis zur Vernichtung im Besitz der BFW Liegenschaften und sind nicht dividendenberechtigt. <em>(ah)<\/em><\/p>\n","protected":false},"excerpt":{"rendered":"<p>Die BFW Liegenschaften AG hat ihr Mitte M\u00e4rz angek\u00fcndigtes Aktienr\u00fcckkaufprogramm abgeschlossen. Die Andienungsquote lag bei \u00fcber 140%.<\/p>\n","protected":false},"author":3,"featured_media":5599,"comment_status":"closed","ping_status":"open","sticky":false,"template":"","format":"standard","meta":{"_acf_changed":false,"_yoast_wpseo_focuskw":"BFW","_yoast_wpseo_title":"","_yoast_wpseo_metadesc":"Die BFW Liegenscahften AG hat ihr Mitte M\u00e4rz angek\u00fcndigtes Aktienr\u00fcckkaufprogramm abgeschlossen. Die Andienungsquote lag bei \u00fcber 140%.","_yoast_wpseo_linkdex":61,"pgc_sgb_lightbox_settings":"","footnotes":""},"categories":[988],"tags":[1010,1096],"class_list":["post-16552","post","type-post","status-publish","format-standard","has-post-thumbnail","hentry","category-unternehmen","tag-aktien","tag-bfw-liegenschaften-ag"],"acf":[],"yoast_head":"<!-- This site is optimized with the Yoast SEO plugin v27.4 - https:\/\/yoast.com\/product\/yoast-seo-wordpress\/ -->\n<title>BFW schliesst Aktienr\u00fcckkauf ab - IMMOBILIEN Business<\/title>\n<meta name=\"description\" content=\"Die BFW Liegenscahften AG hat ihr Mitte M\u00e4rz angek\u00fcndigtes Aktienr\u00fcckkaufprogramm abgeschlossen. Die Andienungsquote lag bei \u00fcber 140%.\" \/>\n<meta name=\"robots\" content=\"index, follow, max-snippet:-1, max-image-preview:large, max-video-preview:-1\" \/>\n<link rel=\"canonical\" href=\"https:\/\/www.immobilienbusiness.ch\/de\/unternehmen\/2019-04-05\/bfw-schliesst-aktienrueckkauf-ab\/\" \/>\n<meta property=\"og:locale\" content=\"de_DE\" \/>\n<meta property=\"og:type\" content=\"article\" \/>\n<meta property=\"og:title\" content=\"BFW schliesst Aktienr\u00fcckkauf ab - IMMOBILIEN Business\" \/>\n<meta property=\"og:description\" content=\"Die BFW Liegenscahften AG hat ihr Mitte M\u00e4rz angek\u00fcndigtes Aktienr\u00fcckkaufprogramm abgeschlossen. Die Andienungsquote lag bei \u00fcber 140%.\" \/>\n<meta property=\"og:url\" content=\"https:\/\/www.immobilienbusiness.ch\/de\/unternehmen\/2019-04-05\/bfw-schliesst-aktienrueckkauf-ab\/\" \/>\n<meta property=\"og:site_name\" content=\"IMMOBILIEN Business\" \/>\n<meta property=\"article:publisher\" content=\"https:\/\/www.facebook.com\/immobilienbusiness\/\" \/>\n<meta property=\"article:published_time\" content=\"2019-04-05T06:32:38+00:00\" \/>\n<meta property=\"og:image\" content=\"https:\/\/www.immobilienbusiness.ch\/wp-content\/uploads\/2017\/01\/Depositphotos_10481294_l-2015-1024x682.jpg\" \/>\n\t<meta property=\"og:image:width\" content=\"1024\" \/>\n\t<meta property=\"og:image:height\" content=\"682\" \/>\n\t<meta property=\"og:image:type\" content=\"image\/jpeg\" \/>\n<meta name=\"author\" content=\"anja.hall\" \/>\n<meta name=\"twitter:card\" content=\"summary_large_image\" \/>\n<meta name=\"twitter:image\" content=\"https:\/\/www.immobilienbusiness.ch\/wp-content\/uploads\/2017\/01\/Depositphotos_10481294_l-2015.jpg\" \/>\n<script type=\"application\/ld+json\" class=\"yoast-schema-graph\">{\"@context\":\"https:\\\/\\\/schema.org\",\"@graph\":[{\"@type\":\"Article\",\"@id\":\"https:\\\/\\\/www.immobilienbusiness.ch\\\/de\\\/unternehmen\\\/2019-04-05\\\/bfw-schliesst-aktienrueckkauf-ab\\\/#article\",\"isPartOf\":{\"@id\":\"https:\\\/\\\/www.immobilienbusiness.ch\\\/de\\\/unternehmen\\\/2019-04-05\\\/bfw-schliesst-aktienrueckkauf-ab\\\/\"},\"author\":{\"name\":\"anja.hall\",\"@id\":\"https:\\\/\\\/www.immobilienbusiness.ch\\\/#\\\/schema\\\/person\\\/3fc036297b10b9f42d6db5ee932af8c8\"},\"headline\":\"BFW schliesst Aktienr\u00fcckkauf ab\",\"datePublished\":\"2019-04-05T06:32:38+00:00\",\"mainEntityOfPage\":{\"@id\":\"https:\\\/\\\/www.immobilienbusiness.ch\\\/de\\\/unternehmen\\\/2019-04-05\\\/bfw-schliesst-aktienrueckkauf-ab\\\/\"},\"wordCount\":141,\"publisher\":{\"@id\":\"https:\\\/\\\/www.immobilienbusiness.ch\\\/#organization\"},\"image\":{\"@id\":\"https:\\\/\\\/www.immobilienbusiness.ch\\\/de\\\/unternehmen\\\/2019-04-05\\\/bfw-schliesst-aktienrueckkauf-ab\\\/#primaryimage\"},\"thumbnailUrl\":\"https:\\\/\\\/www.immobilienbusiness.ch\\\/wp-content\\\/uploads\\\/2017\\\/01\\\/Depositphotos_10481294_l-2015.jpg\",\"keywords\":[\"Aktien\",\"bfw liegenschaften ag\"],\"articleSection\":[\"UNTERNEHMEN\"],\"inLanguage\":\"de\"},{\"@type\":\"WebPage\",\"@id\":\"https:\\\/\\\/www.immobilienbusiness.ch\\\/de\\\/unternehmen\\\/2019-04-05\\\/bfw-schliesst-aktienrueckkauf-ab\\\/\",\"url\":\"https:\\\/\\\/www.immobilienbusiness.ch\\\/de\\\/unternehmen\\\/2019-04-05\\\/bfw-schliesst-aktienrueckkauf-ab\\\/\",\"name\":\"BFW schliesst Aktienr\u00fcckkauf ab - IMMOBILIEN Business\",\"isPartOf\":{\"@id\":\"https:\\\/\\\/www.immobilienbusiness.ch\\\/#website\"},\"primaryImageOfPage\":{\"@id\":\"https:\\\/\\\/www.immobilienbusiness.ch\\\/de\\\/unternehmen\\\/2019-04-05\\\/bfw-schliesst-aktienrueckkauf-ab\\\/#primaryimage\"},\"image\":{\"@id\":\"https:\\\/\\\/www.immobilienbusiness.ch\\\/de\\\/unternehmen\\\/2019-04-05\\\/bfw-schliesst-aktienrueckkauf-ab\\\/#primaryimage\"},\"thumbnailUrl\":\"https:\\\/\\\/www.immobilienbusiness.ch\\\/wp-content\\\/uploads\\\/2017\\\/01\\\/Depositphotos_10481294_l-2015.jpg\",\"datePublished\":\"2019-04-05T06:32:38+00:00\",\"description\":\"Die BFW Liegenscahften AG hat ihr Mitte M\u00e4rz angek\u00fcndigtes Aktienr\u00fcckkaufprogramm abgeschlossen. Die Andienungsquote lag bei \u00fcber 140%.\",\"breadcrumb\":{\"@id\":\"https:\\\/\\\/www.immobilienbusiness.ch\\\/de\\\/unternehmen\\\/2019-04-05\\\/bfw-schliesst-aktienrueckkauf-ab\\\/#breadcrumb\"},\"inLanguage\":\"de\",\"potentialAction\":[{\"@type\":\"ReadAction\",\"target\":[\"https:\\\/\\\/www.immobilienbusiness.ch\\\/de\\\/unternehmen\\\/2019-04-05\\\/bfw-schliesst-aktienrueckkauf-ab\\\/\"]}]},{\"@type\":\"ImageObject\",\"inLanguage\":\"de\",\"@id\":\"https:\\\/\\\/www.immobilienbusiness.ch\\\/de\\\/unternehmen\\\/2019-04-05\\\/bfw-schliesst-aktienrueckkauf-ab\\\/#primaryimage\",\"url\":\"https:\\\/\\\/www.immobilienbusiness.ch\\\/wp-content\\\/uploads\\\/2017\\\/01\\\/Depositphotos_10481294_l-2015.jpg\",\"contentUrl\":\"https:\\\/\\\/www.immobilienbusiness.ch\\\/wp-content\\\/uploads\\\/2017\\\/01\\\/Depositphotos_10481294_l-2015.jpg\",\"width\":2000,\"height\":1333,\"caption\":\"Swiss Life steigert den Reingewinn um f\u00fcnf Prozent (Foto: depositphotos)\"},{\"@type\":\"BreadcrumbList\",\"@id\":\"https:\\\/\\\/www.immobilienbusiness.ch\\\/de\\\/unternehmen\\\/2019-04-05\\\/bfw-schliesst-aktienrueckkauf-ab\\\/#breadcrumb\",\"itemListElement\":[{\"@type\":\"ListItem\",\"position\":1,\"name\":\"Home\",\"item\":\"https:\\\/\\\/www.immobilienbusiness.ch\\\/\"},{\"@type\":\"ListItem\",\"position\":2,\"name\":\"BFW schliesst Aktienr\u00fcckkauf ab\"}]},{\"@type\":\"WebSite\",\"@id\":\"https:\\\/\\\/www.immobilienbusiness.ch\\\/#website\",\"url\":\"https:\\\/\\\/www.immobilienbusiness.ch\\\/\",\"name\":\"IMMOBILIEN Business\",\"description\":\"Unabh\u00e4ngiges Schweizer Wirtschaftsmagazin mit Fokus auf Immobilien, Architektur- und Bau sowie Investment- und Finanzierung.\",\"publisher\":{\"@id\":\"https:\\\/\\\/www.immobilienbusiness.ch\\\/#organization\"},\"potentialAction\":[{\"@type\":\"SearchAction\",\"target\":{\"@type\":\"EntryPoint\",\"urlTemplate\":\"https:\\\/\\\/www.immobilienbusiness.ch\\\/?s={search_term_string}\"},\"query-input\":{\"@type\":\"PropertyValueSpecification\",\"valueRequired\":true,\"valueName\":\"search_term_string\"}}],\"inLanguage\":\"de\"},{\"@type\":\"Organization\",\"@id\":\"https:\\\/\\\/www.immobilienbusiness.ch\\\/#organization\",\"name\":\"IMMOBILIEN Business\",\"url\":\"https:\\\/\\\/www.immobilienbusiness.ch\\\/\",\"logo\":{\"@type\":\"ImageObject\",\"inLanguage\":\"de\",\"@id\":\"https:\\\/\\\/www.immobilienbusiness.ch\\\/#\\\/schema\\\/logo\\\/image\\\/\",\"url\":\"https:\\\/\\\/www.immobilienbusiness.ch\\\/wp-content\\\/uploads\\\/2021\\\/07\\\/logo_ib.png\",\"contentUrl\":\"https:\\\/\\\/www.immobilienbusiness.ch\\\/wp-content\\\/uploads\\\/2021\\\/07\\\/logo_ib.png\",\"width\":800,\"height\":181,\"caption\":\"IMMOBILIEN Business\"},\"image\":{\"@id\":\"https:\\\/\\\/www.immobilienbusiness.ch\\\/#\\\/schema\\\/logo\\\/image\\\/\"},\"sameAs\":[\"https:\\\/\\\/www.facebook.com\\\/immobilienbusiness\\\/\"]},{\"@type\":\"Person\",\"@id\":\"https:\\\/\\\/www.immobilienbusiness.ch\\\/#\\\/schema\\\/person\\\/3fc036297b10b9f42d6db5ee932af8c8\",\"name\":\"anja.hall\",\"image\":{\"@type\":\"ImageObject\",\"inLanguage\":\"de\",\"@id\":\"https:\\\/\\\/secure.gravatar.com\\\/avatar\\\/066b5a0d447013502c71a5782f4f3469f03cfe595cc2329fb94652fe47511bfb?s=96&d=mm&r=g\",\"url\":\"https:\\\/\\\/secure.gravatar.com\\\/avatar\\\/066b5a0d447013502c71a5782f4f3469f03cfe595cc2329fb94652fe47511bfb?s=96&d=mm&r=g\",\"contentUrl\":\"https:\\\/\\\/secure.gravatar.com\\\/avatar\\\/066b5a0d447013502c71a5782f4f3469f03cfe595cc2329fb94652fe47511bfb?s=96&d=mm&r=g\",\"caption\":\"anja.hall\"},\"url\":\"https:\\\/\\\/www.immobilienbusiness.ch\\\/de\\\/author\\\/anja-hall\\\/\"}]}<\/script>\n<!-- \/ Yoast SEO plugin. -->","yoast_head_json":{"title":"BFW schliesst Aktienr\u00fcckkauf ab - IMMOBILIEN Business","description":"Die BFW Liegenscahften AG hat ihr Mitte M\u00e4rz angek\u00fcndigtes Aktienr\u00fcckkaufprogramm abgeschlossen. Die Andienungsquote lag bei \u00fcber 140%.","robots":{"index":"index","follow":"follow","max-snippet":"max-snippet:-1","max-image-preview":"max-image-preview:large","max-video-preview":"max-video-preview:-1"},"canonical":"https:\/\/www.immobilienbusiness.ch\/de\/unternehmen\/2019-04-05\/bfw-schliesst-aktienrueckkauf-ab\/","og_locale":"de_DE","og_type":"article","og_title":"BFW schliesst Aktienr\u00fcckkauf ab - IMMOBILIEN Business","og_description":"Die BFW Liegenscahften AG hat ihr Mitte M\u00e4rz angek\u00fcndigtes Aktienr\u00fcckkaufprogramm abgeschlossen. Die Andienungsquote lag bei \u00fcber 140%.","og_url":"https:\/\/www.immobilienbusiness.ch\/de\/unternehmen\/2019-04-05\/bfw-schliesst-aktienrueckkauf-ab\/","og_site_name":"IMMOBILIEN Business","article_publisher":"https:\/\/www.facebook.com\/immobilienbusiness\/","article_published_time":"2019-04-05T06:32:38+00:00","og_image":[{"width":1024,"height":682,"url":"https:\/\/www.immobilienbusiness.ch\/wp-content\/uploads\/2017\/01\/Depositphotos_10481294_l-2015-1024x682.jpg","type":"image\/jpeg"}],"author":"anja.hall","twitter_card":"summary_large_image","twitter_image":"https:\/\/www.immobilienbusiness.ch\/wp-content\/uploads\/2017\/01\/Depositphotos_10481294_l-2015.jpg","schema":{"@context":"https:\/\/schema.org","@graph":[{"@type":"Article","@id":"https:\/\/www.immobilienbusiness.ch\/de\/unternehmen\/2019-04-05\/bfw-schliesst-aktienrueckkauf-ab\/#article","isPartOf":{"@id":"https:\/\/www.immobilienbusiness.ch\/de\/unternehmen\/2019-04-05\/bfw-schliesst-aktienrueckkauf-ab\/"},"author":{"name":"anja.hall","@id":"https:\/\/www.immobilienbusiness.ch\/#\/schema\/person\/3fc036297b10b9f42d6db5ee932af8c8"},"headline":"BFW schliesst Aktienr\u00fcckkauf ab","datePublished":"2019-04-05T06:32:38+00:00","mainEntityOfPage":{"@id":"https:\/\/www.immobilienbusiness.ch\/de\/unternehmen\/2019-04-05\/bfw-schliesst-aktienrueckkauf-ab\/"},"wordCount":141,"publisher":{"@id":"https:\/\/www.immobilienbusiness.ch\/#organization"},"image":{"@id":"https:\/\/www.immobilienbusiness.ch\/de\/unternehmen\/2019-04-05\/bfw-schliesst-aktienrueckkauf-ab\/#primaryimage"},"thumbnailUrl":"https:\/\/www.immobilienbusiness.ch\/wp-content\/uploads\/2017\/01\/Depositphotos_10481294_l-2015.jpg","keywords":["Aktien","bfw liegenschaften ag"],"articleSection":["UNTERNEHMEN"],"inLanguage":"de"},{"@type":"WebPage","@id":"https:\/\/www.immobilienbusiness.ch\/de\/unternehmen\/2019-04-05\/bfw-schliesst-aktienrueckkauf-ab\/","url":"https:\/\/www.immobilienbusiness.ch\/de\/unternehmen\/2019-04-05\/bfw-schliesst-aktienrueckkauf-ab\/","name":"BFW schliesst Aktienr\u00fcckkauf ab - IMMOBILIEN Business","isPartOf":{"@id":"https:\/\/www.immobilienbusiness.ch\/#website"},"primaryImageOfPage":{"@id":"https:\/\/www.immobilienbusiness.ch\/de\/unternehmen\/2019-04-05\/bfw-schliesst-aktienrueckkauf-ab\/#primaryimage"},"image":{"@id":"https:\/\/www.immobilienbusiness.ch\/de\/unternehmen\/2019-04-05\/bfw-schliesst-aktienrueckkauf-ab\/#primaryimage"},"thumbnailUrl":"https:\/\/www.immobilienbusiness.ch\/wp-content\/uploads\/2017\/01\/Depositphotos_10481294_l-2015.jpg","datePublished":"2019-04-05T06:32:38+00:00","description":"Die BFW Liegenscahften AG hat ihr Mitte M\u00e4rz angek\u00fcndigtes Aktienr\u00fcckkaufprogramm abgeschlossen. Die Andienungsquote lag bei \u00fcber 140%.","breadcrumb":{"@id":"https:\/\/www.immobilienbusiness.ch\/de\/unternehmen\/2019-04-05\/bfw-schliesst-aktienrueckkauf-ab\/#breadcrumb"},"inLanguage":"de","potentialAction":[{"@type":"ReadAction","target":["https:\/\/www.immobilienbusiness.ch\/de\/unternehmen\/2019-04-05\/bfw-schliesst-aktienrueckkauf-ab\/"]}]},{"@type":"ImageObject","inLanguage":"de","@id":"https:\/\/www.immobilienbusiness.ch\/de\/unternehmen\/2019-04-05\/bfw-schliesst-aktienrueckkauf-ab\/#primaryimage","url":"https:\/\/www.immobilienbusiness.ch\/wp-content\/uploads\/2017\/01\/Depositphotos_10481294_l-2015.jpg","contentUrl":"https:\/\/www.immobilienbusiness.ch\/wp-content\/uploads\/2017\/01\/Depositphotos_10481294_l-2015.jpg","width":2000,"height":1333,"caption":"Swiss Life steigert den Reingewinn um f\u00fcnf Prozent (Foto: depositphotos)"},{"@type":"BreadcrumbList","@id":"https:\/\/www.immobilienbusiness.ch\/de\/unternehmen\/2019-04-05\/bfw-schliesst-aktienrueckkauf-ab\/#breadcrumb","itemListElement":[{"@type":"ListItem","position":1,"name":"Home","item":"https:\/\/www.immobilienbusiness.ch\/"},{"@type":"ListItem","position":2,"name":"BFW schliesst Aktienr\u00fcckkauf ab"}]},{"@type":"WebSite","@id":"https:\/\/www.immobilienbusiness.ch\/#website","url":"https:\/\/www.immobilienbusiness.ch\/","name":"IMMOBILIEN Business","description":"Unabh\u00e4ngiges Schweizer Wirtschaftsmagazin mit Fokus auf Immobilien, Architektur- und Bau sowie Investment- und Finanzierung.","publisher":{"@id":"https:\/\/www.immobilienbusiness.ch\/#organization"},"potentialAction":[{"@type":"SearchAction","target":{"@type":"EntryPoint","urlTemplate":"https:\/\/www.immobilienbusiness.ch\/?s={search_term_string}"},"query-input":{"@type":"PropertyValueSpecification","valueRequired":true,"valueName":"search_term_string"}}],"inLanguage":"de"},{"@type":"Organization","@id":"https:\/\/www.immobilienbusiness.ch\/#organization","name":"IMMOBILIEN Business","url":"https:\/\/www.immobilienbusiness.ch\/","logo":{"@type":"ImageObject","inLanguage":"de","@id":"https:\/\/www.immobilienbusiness.ch\/#\/schema\/logo\/image\/","url":"https:\/\/www.immobilienbusiness.ch\/wp-content\/uploads\/2021\/07\/logo_ib.png","contentUrl":"https:\/\/www.immobilienbusiness.ch\/wp-content\/uploads\/2021\/07\/logo_ib.png","width":800,"height":181,"caption":"IMMOBILIEN Business"},"image":{"@id":"https:\/\/www.immobilienbusiness.ch\/#\/schema\/logo\/image\/"},"sameAs":["https:\/\/www.facebook.com\/immobilienbusiness\/"]},{"@type":"Person","@id":"https:\/\/www.immobilienbusiness.ch\/#\/schema\/person\/3fc036297b10b9f42d6db5ee932af8c8","name":"anja.hall","image":{"@type":"ImageObject","inLanguage":"de","@id":"https:\/\/secure.gravatar.com\/avatar\/066b5a0d447013502c71a5782f4f3469f03cfe595cc2329fb94652fe47511bfb?s=96&d=mm&r=g","url":"https:\/\/secure.gravatar.com\/avatar\/066b5a0d447013502c71a5782f4f3469f03cfe595cc2329fb94652fe47511bfb?s=96&d=mm&r=g","contentUrl":"https:\/\/secure.gravatar.com\/avatar\/066b5a0d447013502c71a5782f4f3469f03cfe595cc2329fb94652fe47511bfb?s=96&d=mm&r=g","caption":"anja.hall"},"url":"https:\/\/www.immobilienbusiness.ch\/de\/author\/anja-hall\/"}]}},"_links":{"self":[{"href":"https:\/\/www.immobilienbusiness.ch\/de\/wp-json\/wp\/v2\/posts\/16552","targetHints":{"allow":["GET"]}}],"collection":[{"href":"https:\/\/www.immobilienbusiness.ch\/de\/wp-json\/wp\/v2\/posts"}],"about":[{"href":"https:\/\/www.immobilienbusiness.ch\/de\/wp-json\/wp\/v2\/types\/post"}],"author":[{"embeddable":true,"href":"https:\/\/www.immobilienbusiness.ch\/de\/wp-json\/wp\/v2\/users\/3"}],"replies":[{"embeddable":true,"href":"https:\/\/www.immobilienbusiness.ch\/de\/wp-json\/wp\/v2\/comments?post=16552"}],"version-history":[{"count":0,"href":"https:\/\/www.immobilienbusiness.ch\/de\/wp-json\/wp\/v2\/posts\/16552\/revisions"}],"wp:featuredmedia":[{"embeddable":true,"href":"https:\/\/www.immobilienbusiness.ch\/de\/wp-json\/wp\/v2\/media\/5599"}],"wp:attachment":[{"href":"https:\/\/www.immobilienbusiness.ch\/de\/wp-json\/wp\/v2\/media?parent=16552"}],"wp:term":[{"taxonomy":"category","embeddable":true,"href":"https:\/\/www.immobilienbusiness.ch\/de\/wp-json\/wp\/v2\/categories?post=16552"},{"taxonomy":"post_tag","embeddable":true,"href":"https:\/\/www.immobilienbusiness.ch\/de\/wp-json\/wp\/v2\/tags?post=16552"}],"curies":[{"name":"wp","href":"https:\/\/api.w.org\/{rel}","templated":true}]}}