{"id":16483,"date":"2019-03-29T08:38:16","date_gmt":"2019-03-29T07:38:16","guid":{"rendered":"https:\/\/www.immobilienbusiness.ch\/?p=16483"},"modified":"2019-03-29T08:38:16","modified_gmt":"2019-03-29T07:38:16","slug":"wallisellen-grundsteinlegung-fuer-upgreat","status":"publish","type":"post","link":"https:\/\/www.immobilienbusiness.ch\/de\/regionen\/2019-03-29\/wallisellen-grundsteinlegung-fuer-upgreat\/","title":{"rendered":"Wallisellen: Grundsteinlegung f\u00fcr UpGreat"},"content":{"rendered":"<p><img loading=\"lazy\" decoding=\"async\" class=\"alignnone size-medium wp-image-16484\" src=\"https:\/\/www.immobilienbusiness.ch\/wp-content\/uploads\/2019\/03\/Grundsteinlegung_UpGreat__Wallisellen.jpg\" alt=\"\" width=\"680\" height=\"510\" srcset=\"https:\/\/www.immobilienbusiness.ch\/wp-content\/uploads\/2019\/03\/Grundsteinlegung_UpGreat__Wallisellen.jpg 2560w, https:\/\/www.immobilienbusiness.ch\/wp-content\/uploads\/2019\/03\/Grundsteinlegung_UpGreat__Wallisellen-300x225.jpg 300w, https:\/\/www.immobilienbusiness.ch\/wp-content\/uploads\/2019\/03\/Grundsteinlegung_UpGreat__Wallisellen-1024x768.jpg 1024w, https:\/\/www.immobilienbusiness.ch\/wp-content\/uploads\/2019\/03\/Grundsteinlegung_UpGreat__Wallisellen-768x576.jpg 768w, https:\/\/www.immobilienbusiness.ch\/wp-content\/uploads\/2019\/03\/Grundsteinlegung_UpGreat__Wallisellen-1536x1152.jpg 1536w, https:\/\/www.immobilienbusiness.ch\/wp-content\/uploads\/2019\/03\/Grundsteinlegung_UpGreat__Wallisellen-2048x1536.jpg 2048w, https:\/\/www.immobilienbusiness.ch\/wp-content\/uploads\/2019\/03\/Grundsteinlegung_UpGreat__Wallisellen-16x12.jpg 16w, https:\/\/www.immobilienbusiness.ch\/wp-content\/uploads\/2019\/03\/Grundsteinlegung_UpGreat__Wallisellen-233x175.jpg 233w, https:\/\/www.immobilienbusiness.ch\/wp-content\/uploads\/2019\/03\/Grundsteinlegung_UpGreat__Wallisellen-467x350.jpg 467w, https:\/\/www.immobilienbusiness.ch\/wp-content\/uploads\/2019\/03\/Grundsteinlegung_UpGreat__Wallisellen-1067x800.jpg 1067w, https:\/\/www.immobilienbusiness.ch\/wp-content\/uploads\/2019\/03\/Grundsteinlegung_UpGreat__Wallisellen-920x690.jpg 920w, https:\/\/www.immobilienbusiness.ch\/wp-content\/uploads\/2019\/03\/Grundsteinlegung_UpGreat__Wallisellen-1400x1050.jpg 1400w, https:\/\/www.immobilienbusiness.ch\/wp-content\/uploads\/2019\/03\/Grundsteinlegung_UpGreat__Wallisellen-1867x1400.jpg 1867w\" sizes=\"auto, (max-width: 680px) 100vw, 680px\" \/><\/p>\n<p>In der N\u00e4he des Bahnhofs von Wallisellen entstehen auf einem rund 2.500 qm Grundst\u00fcck vier Mehrfamilienh\u00e4usern mit insgesamt 39 Eigentumswohnungen, Gewerbefl\u00e4chen und einer zweigeschossigen Tiefgarage. Die Geschossfl\u00e4che betr\u00e4gt rund 7.700 qm.<\/p>\n<p>Die Eigentumswohnungen haben 2,5 bis 4,5 Zimmer und \u00absehr unterschiedliche Grundrisse\u00bb, wie Eiffage Suisse mitteilt. Die Wohneinheiten sind den Angaben zufolge unter anderem mit Einbaugarderoben und Wascht\u00fcrmen ausgestattet, in den gr\u00f6sseren Wohnungen sind zudem R\u00e9duits vorgesehen.<\/p>\n<p>Die Bauzeit wird laut Eiffage Suisse rund 23 Monate betragen; im Sommer 2020 sollen die Wohnungen bezugsbereit sein. <em>(ah)<\/em><\/p>\n","protected":false},"excerpt":{"rendered":"<p>Im Zentrum von Wallisellen wurde Ende M\u00e4rz der Grundstein f\u00fcr die Wohn\u00fcberbauung UpGreat gelegt. Eiffage Suisse ist Projektentwicklerin und Totalunternehmerin.<\/p>\n","protected":false},"author":3,"featured_media":16484,"comment_status":"closed","ping_status":"open","sticky":false,"template":"","format":"standard","meta":{"_acf_changed":false,"_yoast_wpseo_focuskw":"UpGreat","_yoast_wpseo_title":"","_yoast_wpseo_metadesc":"Im Zentrum von Wallisellen wurde der Grundstein f\u00fcr die Wohn\u00fcberbauung UpGreat gelegt. Eiffage Suisse ist Projektentwicklerin und Totalunternehmerin.","_yoast_wpseo_linkdex":49,"pgc_sgb_lightbox_settings":"","footnotes":""},"categories":[985],"tags":[1599,1842,1863],"class_list":["post-16483","post","type-post","status-publish","format-standard","has-post-thumbnail","hentry","category-regionen","tag-projekt-in-bau","tag-wallisellen","tag-wohnimmobilien"],"acf":[],"yoast_head":"<!-- This site is optimized with the Yoast SEO plugin v27.4 - https:\/\/yoast.com\/product\/yoast-seo-wordpress\/ -->\n<title>Wallisellen: Grundsteinlegung f\u00fcr UpGreat - IMMOBILIEN Business<\/title>\n<meta name=\"description\" content=\"Im Zentrum von Wallisellen wurde der Grundstein f\u00fcr die Wohn\u00fcberbauung UpGreat gelegt. Eiffage Suisse ist Projektentwicklerin und Totalunternehmerin.\" \/>\n<meta name=\"robots\" content=\"index, follow, max-snippet:-1, max-image-preview:large, max-video-preview:-1\" \/>\n<link rel=\"canonical\" href=\"https:\/\/www.immobilienbusiness.ch\/de\/regionen\/2019-03-29\/wallisellen-grundsteinlegung-fuer-upgreat\/\" \/>\n<meta property=\"og:locale\" content=\"de_DE\" \/>\n<meta property=\"og:type\" content=\"article\" \/>\n<meta property=\"og:title\" content=\"Wallisellen: Grundsteinlegung f\u00fcr UpGreat - IMMOBILIEN Business\" \/>\n<meta property=\"og:description\" content=\"Im Zentrum von Wallisellen wurde der Grundstein f\u00fcr die Wohn\u00fcberbauung UpGreat gelegt. Eiffage Suisse ist Projektentwicklerin und Totalunternehmerin.\" \/>\n<meta property=\"og:url\" content=\"https:\/\/www.immobilienbusiness.ch\/de\/regionen\/2019-03-29\/wallisellen-grundsteinlegung-fuer-upgreat\/\" \/>\n<meta property=\"og:site_name\" content=\"IMMOBILIEN Business\" \/>\n<meta property=\"article:publisher\" content=\"https:\/\/www.facebook.com\/immobilienbusiness\/\" \/>\n<meta property=\"article:published_time\" content=\"2019-03-29T07:38:16+00:00\" \/>\n<meta property=\"og:image\" content=\"https:\/\/www.immobilienbusiness.ch\/wp-content\/uploads\/2019\/03\/Grundsteinlegung_UpGreat__Wallisellen-1024x768.jpg\" \/>\n\t<meta property=\"og:image:width\" content=\"1024\" \/>\n\t<meta property=\"og:image:height\" content=\"768\" \/>\n\t<meta property=\"og:image:type\" content=\"image\/jpeg\" \/>\n<meta name=\"author\" content=\"anja.hall\" \/>\n<meta name=\"twitter:card\" content=\"summary_large_image\" \/>\n<meta name=\"twitter:image\" content=\"https:\/\/www.immobilienbusiness.ch\/wp-content\/uploads\/2019\/03\/Grundsteinlegung_UpGreat__Wallisellen.jpg\" \/>\n<script type=\"application\/ld+json\" class=\"yoast-schema-graph\">{\"@context\":\"https:\\\/\\\/schema.org\",\"@graph\":[{\"@type\":\"Article\",\"@id\":\"https:\\\/\\\/www.immobilienbusiness.ch\\\/de\\\/regionen\\\/2019-03-29\\\/wallisellen-grundsteinlegung-fuer-upgreat\\\/#article\",\"isPartOf\":{\"@id\":\"https:\\\/\\\/www.immobilienbusiness.ch\\\/de\\\/regionen\\\/2019-03-29\\\/wallisellen-grundsteinlegung-fuer-upgreat\\\/\"},\"author\":{\"name\":\"anja.hall\",\"@id\":\"https:\\\/\\\/www.immobilienbusiness.ch\\\/#\\\/schema\\\/person\\\/3fc036297b10b9f42d6db5ee932af8c8\"},\"headline\":\"Wallisellen: Grundsteinlegung f\u00fcr UpGreat\",\"datePublished\":\"2019-03-29T07:38:16+00:00\",\"mainEntityOfPage\":{\"@id\":\"https:\\\/\\\/www.immobilienbusiness.ch\\\/de\\\/regionen\\\/2019-03-29\\\/wallisellen-grundsteinlegung-fuer-upgreat\\\/\"},\"wordCount\":93,\"publisher\":{\"@id\":\"https:\\\/\\\/www.immobilienbusiness.ch\\\/#organization\"},\"image\":{\"@id\":\"https:\\\/\\\/www.immobilienbusiness.ch\\\/de\\\/regionen\\\/2019-03-29\\\/wallisellen-grundsteinlegung-fuer-upgreat\\\/#primaryimage\"},\"thumbnailUrl\":\"https:\\\/\\\/www.immobilienbusiness.ch\\\/wp-content\\\/uploads\\\/2019\\\/03\\\/Grundsteinlegung_UpGreat__Wallisellen.jpg\",\"keywords\":[\"Projekt in Bau\",\"Wallisellen\",\"Wohnimmobilien\"],\"articleSection\":[\"REGIONEN\"],\"inLanguage\":\"de\"},{\"@type\":\"WebPage\",\"@id\":\"https:\\\/\\\/www.immobilienbusiness.ch\\\/de\\\/regionen\\\/2019-03-29\\\/wallisellen-grundsteinlegung-fuer-upgreat\\\/\",\"url\":\"https:\\\/\\\/www.immobilienbusiness.ch\\\/de\\\/regionen\\\/2019-03-29\\\/wallisellen-grundsteinlegung-fuer-upgreat\\\/\",\"name\":\"Wallisellen: Grundsteinlegung f\u00fcr UpGreat - IMMOBILIEN Business\",\"isPartOf\":{\"@id\":\"https:\\\/\\\/www.immobilienbusiness.ch\\\/#website\"},\"primaryImageOfPage\":{\"@id\":\"https:\\\/\\\/www.immobilienbusiness.ch\\\/de\\\/regionen\\\/2019-03-29\\\/wallisellen-grundsteinlegung-fuer-upgreat\\\/#primaryimage\"},\"image\":{\"@id\":\"https:\\\/\\\/www.immobilienbusiness.ch\\\/de\\\/regionen\\\/2019-03-29\\\/wallisellen-grundsteinlegung-fuer-upgreat\\\/#primaryimage\"},\"thumbnailUrl\":\"https:\\\/\\\/www.immobilienbusiness.ch\\\/wp-content\\\/uploads\\\/2019\\\/03\\\/Grundsteinlegung_UpGreat__Wallisellen.jpg\",\"datePublished\":\"2019-03-29T07:38:16+00:00\",\"description\":\"Im Zentrum von Wallisellen wurde der Grundstein f\u00fcr die Wohn\u00fcberbauung UpGreat gelegt. Eiffage Suisse ist Projektentwicklerin und Totalunternehmerin.\",\"breadcrumb\":{\"@id\":\"https:\\\/\\\/www.immobilienbusiness.ch\\\/de\\\/regionen\\\/2019-03-29\\\/wallisellen-grundsteinlegung-fuer-upgreat\\\/#breadcrumb\"},\"inLanguage\":\"de\",\"potentialAction\":[{\"@type\":\"ReadAction\",\"target\":[\"https:\\\/\\\/www.immobilienbusiness.ch\\\/de\\\/regionen\\\/2019-03-29\\\/wallisellen-grundsteinlegung-fuer-upgreat\\\/\"]}]},{\"@type\":\"ImageObject\",\"inLanguage\":\"de\",\"@id\":\"https:\\\/\\\/www.immobilienbusiness.ch\\\/de\\\/regionen\\\/2019-03-29\\\/wallisellen-grundsteinlegung-fuer-upgreat\\\/#primaryimage\",\"url\":\"https:\\\/\\\/www.immobilienbusiness.ch\\\/wp-content\\\/uploads\\\/2019\\\/03\\\/Grundsteinlegung_UpGreat__Wallisellen.jpg\",\"contentUrl\":\"https:\\\/\\\/www.immobilienbusiness.ch\\\/wp-content\\\/uploads\\\/2019\\\/03\\\/Grundsteinlegung_UpGreat__Wallisellen.jpg\",\"width\":2560,\"height\":1920},{\"@type\":\"BreadcrumbList\",\"@id\":\"https:\\\/\\\/www.immobilienbusiness.ch\\\/de\\\/regionen\\\/2019-03-29\\\/wallisellen-grundsteinlegung-fuer-upgreat\\\/#breadcrumb\",\"itemListElement\":[{\"@type\":\"ListItem\",\"position\":1,\"name\":\"Home\",\"item\":\"https:\\\/\\\/www.immobilienbusiness.ch\\\/\"},{\"@type\":\"ListItem\",\"position\":2,\"name\":\"Wallisellen: Grundsteinlegung f\u00fcr UpGreat\"}]},{\"@type\":\"WebSite\",\"@id\":\"https:\\\/\\\/www.immobilienbusiness.ch\\\/#website\",\"url\":\"https:\\\/\\\/www.immobilienbusiness.ch\\\/\",\"name\":\"IMMOBILIEN Business\",\"description\":\"Unabh\u00e4ngiges Schweizer Wirtschaftsmagazin mit Fokus auf Immobilien, Architektur- und Bau sowie Investment- und Finanzierung.\",\"publisher\":{\"@id\":\"https:\\\/\\\/www.immobilienbusiness.ch\\\/#organization\"},\"potentialAction\":[{\"@type\":\"SearchAction\",\"target\":{\"@type\":\"EntryPoint\",\"urlTemplate\":\"https:\\\/\\\/www.immobilienbusiness.ch\\\/?s={search_term_string}\"},\"query-input\":{\"@type\":\"PropertyValueSpecification\",\"valueRequired\":true,\"valueName\":\"search_term_string\"}}],\"inLanguage\":\"de\"},{\"@type\":\"Organization\",\"@id\":\"https:\\\/\\\/www.immobilienbusiness.ch\\\/#organization\",\"name\":\"IMMOBILIEN Business\",\"url\":\"https:\\\/\\\/www.immobilienbusiness.ch\\\/\",\"logo\":{\"@type\":\"ImageObject\",\"inLanguage\":\"de\",\"@id\":\"https:\\\/\\\/www.immobilienbusiness.ch\\\/#\\\/schema\\\/logo\\\/image\\\/\",\"url\":\"https:\\\/\\\/www.immobilienbusiness.ch\\\/wp-content\\\/uploads\\\/2021\\\/07\\\/logo_ib.png\",\"contentUrl\":\"https:\\\/\\\/www.immobilienbusiness.ch\\\/wp-content\\\/uploads\\\/2021\\\/07\\\/logo_ib.png\",\"width\":800,\"height\":181,\"caption\":\"IMMOBILIEN Business\"},\"image\":{\"@id\":\"https:\\\/\\\/www.immobilienbusiness.ch\\\/#\\\/schema\\\/logo\\\/image\\\/\"},\"sameAs\":[\"https:\\\/\\\/www.facebook.com\\\/immobilienbusiness\\\/\"]},{\"@type\":\"Person\",\"@id\":\"https:\\\/\\\/www.immobilienbusiness.ch\\\/#\\\/schema\\\/person\\\/3fc036297b10b9f42d6db5ee932af8c8\",\"name\":\"anja.hall\",\"image\":{\"@type\":\"ImageObject\",\"inLanguage\":\"de\",\"@id\":\"https:\\\/\\\/secure.gravatar.com\\\/avatar\\\/066b5a0d447013502c71a5782f4f3469f03cfe595cc2329fb94652fe47511bfb?s=96&d=mm&r=g\",\"url\":\"https:\\\/\\\/secure.gravatar.com\\\/avatar\\\/066b5a0d447013502c71a5782f4f3469f03cfe595cc2329fb94652fe47511bfb?s=96&d=mm&r=g\",\"contentUrl\":\"https:\\\/\\\/secure.gravatar.com\\\/avatar\\\/066b5a0d447013502c71a5782f4f3469f03cfe595cc2329fb94652fe47511bfb?s=96&d=mm&r=g\",\"caption\":\"anja.hall\"},\"url\":\"https:\\\/\\\/www.immobilienbusiness.ch\\\/de\\\/author\\\/anja-hall\\\/\"}]}<\/script>\n<!-- \/ Yoast SEO plugin. -->","yoast_head_json":{"title":"Wallisellen: Grundsteinlegung f\u00fcr UpGreat - IMMOBILIEN Business","description":"Im Zentrum von Wallisellen wurde der Grundstein f\u00fcr die Wohn\u00fcberbauung UpGreat gelegt. Eiffage Suisse ist Projektentwicklerin und Totalunternehmerin.","robots":{"index":"index","follow":"follow","max-snippet":"max-snippet:-1","max-image-preview":"max-image-preview:large","max-video-preview":"max-video-preview:-1"},"canonical":"https:\/\/www.immobilienbusiness.ch\/de\/regionen\/2019-03-29\/wallisellen-grundsteinlegung-fuer-upgreat\/","og_locale":"de_DE","og_type":"article","og_title":"Wallisellen: Grundsteinlegung f\u00fcr UpGreat - IMMOBILIEN Business","og_description":"Im Zentrum von Wallisellen wurde der Grundstein f\u00fcr die Wohn\u00fcberbauung UpGreat gelegt. Eiffage Suisse ist Projektentwicklerin und Totalunternehmerin.","og_url":"https:\/\/www.immobilienbusiness.ch\/de\/regionen\/2019-03-29\/wallisellen-grundsteinlegung-fuer-upgreat\/","og_site_name":"IMMOBILIEN Business","article_publisher":"https:\/\/www.facebook.com\/immobilienbusiness\/","article_published_time":"2019-03-29T07:38:16+00:00","og_image":[{"width":1024,"height":768,"url":"https:\/\/www.immobilienbusiness.ch\/wp-content\/uploads\/2019\/03\/Grundsteinlegung_UpGreat__Wallisellen-1024x768.jpg","type":"image\/jpeg"}],"author":"anja.hall","twitter_card":"summary_large_image","twitter_image":"https:\/\/www.immobilienbusiness.ch\/wp-content\/uploads\/2019\/03\/Grundsteinlegung_UpGreat__Wallisellen.jpg","schema":{"@context":"https:\/\/schema.org","@graph":[{"@type":"Article","@id":"https:\/\/www.immobilienbusiness.ch\/de\/regionen\/2019-03-29\/wallisellen-grundsteinlegung-fuer-upgreat\/#article","isPartOf":{"@id":"https:\/\/www.immobilienbusiness.ch\/de\/regionen\/2019-03-29\/wallisellen-grundsteinlegung-fuer-upgreat\/"},"author":{"name":"anja.hall","@id":"https:\/\/www.immobilienbusiness.ch\/#\/schema\/person\/3fc036297b10b9f42d6db5ee932af8c8"},"headline":"Wallisellen: Grundsteinlegung f\u00fcr UpGreat","datePublished":"2019-03-29T07:38:16+00:00","mainEntityOfPage":{"@id":"https:\/\/www.immobilienbusiness.ch\/de\/regionen\/2019-03-29\/wallisellen-grundsteinlegung-fuer-upgreat\/"},"wordCount":93,"publisher":{"@id":"https:\/\/www.immobilienbusiness.ch\/#organization"},"image":{"@id":"https:\/\/www.immobilienbusiness.ch\/de\/regionen\/2019-03-29\/wallisellen-grundsteinlegung-fuer-upgreat\/#primaryimage"},"thumbnailUrl":"https:\/\/www.immobilienbusiness.ch\/wp-content\/uploads\/2019\/03\/Grundsteinlegung_UpGreat__Wallisellen.jpg","keywords":["Projekt in Bau","Wallisellen","Wohnimmobilien"],"articleSection":["REGIONEN"],"inLanguage":"de"},{"@type":"WebPage","@id":"https:\/\/www.immobilienbusiness.ch\/de\/regionen\/2019-03-29\/wallisellen-grundsteinlegung-fuer-upgreat\/","url":"https:\/\/www.immobilienbusiness.ch\/de\/regionen\/2019-03-29\/wallisellen-grundsteinlegung-fuer-upgreat\/","name":"Wallisellen: Grundsteinlegung f\u00fcr UpGreat - IMMOBILIEN Business","isPartOf":{"@id":"https:\/\/www.immobilienbusiness.ch\/#website"},"primaryImageOfPage":{"@id":"https:\/\/www.immobilienbusiness.ch\/de\/regionen\/2019-03-29\/wallisellen-grundsteinlegung-fuer-upgreat\/#primaryimage"},"image":{"@id":"https:\/\/www.immobilienbusiness.ch\/de\/regionen\/2019-03-29\/wallisellen-grundsteinlegung-fuer-upgreat\/#primaryimage"},"thumbnailUrl":"https:\/\/www.immobilienbusiness.ch\/wp-content\/uploads\/2019\/03\/Grundsteinlegung_UpGreat__Wallisellen.jpg","datePublished":"2019-03-29T07:38:16+00:00","description":"Im Zentrum von Wallisellen wurde der Grundstein f\u00fcr die Wohn\u00fcberbauung UpGreat gelegt. Eiffage Suisse ist Projektentwicklerin und Totalunternehmerin.","breadcrumb":{"@id":"https:\/\/www.immobilienbusiness.ch\/de\/regionen\/2019-03-29\/wallisellen-grundsteinlegung-fuer-upgreat\/#breadcrumb"},"inLanguage":"de","potentialAction":[{"@type":"ReadAction","target":["https:\/\/www.immobilienbusiness.ch\/de\/regionen\/2019-03-29\/wallisellen-grundsteinlegung-fuer-upgreat\/"]}]},{"@type":"ImageObject","inLanguage":"de","@id":"https:\/\/www.immobilienbusiness.ch\/de\/regionen\/2019-03-29\/wallisellen-grundsteinlegung-fuer-upgreat\/#primaryimage","url":"https:\/\/www.immobilienbusiness.ch\/wp-content\/uploads\/2019\/03\/Grundsteinlegung_UpGreat__Wallisellen.jpg","contentUrl":"https:\/\/www.immobilienbusiness.ch\/wp-content\/uploads\/2019\/03\/Grundsteinlegung_UpGreat__Wallisellen.jpg","width":2560,"height":1920},{"@type":"BreadcrumbList","@id":"https:\/\/www.immobilienbusiness.ch\/de\/regionen\/2019-03-29\/wallisellen-grundsteinlegung-fuer-upgreat\/#breadcrumb","itemListElement":[{"@type":"ListItem","position":1,"name":"Home","item":"https:\/\/www.immobilienbusiness.ch\/"},{"@type":"ListItem","position":2,"name":"Wallisellen: Grundsteinlegung f\u00fcr UpGreat"}]},{"@type":"WebSite","@id":"https:\/\/www.immobilienbusiness.ch\/#website","url":"https:\/\/www.immobilienbusiness.ch\/","name":"IMMOBILIEN Business","description":"Unabh\u00e4ngiges Schweizer Wirtschaftsmagazin mit Fokus auf Immobilien, Architektur- und Bau sowie Investment- und Finanzierung.","publisher":{"@id":"https:\/\/www.immobilienbusiness.ch\/#organization"},"potentialAction":[{"@type":"SearchAction","target":{"@type":"EntryPoint","urlTemplate":"https:\/\/www.immobilienbusiness.ch\/?s={search_term_string}"},"query-input":{"@type":"PropertyValueSpecification","valueRequired":true,"valueName":"search_term_string"}}],"inLanguage":"de"},{"@type":"Organization","@id":"https:\/\/www.immobilienbusiness.ch\/#organization","name":"IMMOBILIEN Business","url":"https:\/\/www.immobilienbusiness.ch\/","logo":{"@type":"ImageObject","inLanguage":"de","@id":"https:\/\/www.immobilienbusiness.ch\/#\/schema\/logo\/image\/","url":"https:\/\/www.immobilienbusiness.ch\/wp-content\/uploads\/2021\/07\/logo_ib.png","contentUrl":"https:\/\/www.immobilienbusiness.ch\/wp-content\/uploads\/2021\/07\/logo_ib.png","width":800,"height":181,"caption":"IMMOBILIEN Business"},"image":{"@id":"https:\/\/www.immobilienbusiness.ch\/#\/schema\/logo\/image\/"},"sameAs":["https:\/\/www.facebook.com\/immobilienbusiness\/"]},{"@type":"Person","@id":"https:\/\/www.immobilienbusiness.ch\/#\/schema\/person\/3fc036297b10b9f42d6db5ee932af8c8","name":"anja.hall","image":{"@type":"ImageObject","inLanguage":"de","@id":"https:\/\/secure.gravatar.com\/avatar\/066b5a0d447013502c71a5782f4f3469f03cfe595cc2329fb94652fe47511bfb?s=96&d=mm&r=g","url":"https:\/\/secure.gravatar.com\/avatar\/066b5a0d447013502c71a5782f4f3469f03cfe595cc2329fb94652fe47511bfb?s=96&d=mm&r=g","contentUrl":"https:\/\/secure.gravatar.com\/avatar\/066b5a0d447013502c71a5782f4f3469f03cfe595cc2329fb94652fe47511bfb?s=96&d=mm&r=g","caption":"anja.hall"},"url":"https:\/\/www.immobilienbusiness.ch\/de\/author\/anja-hall\/"}]}},"_links":{"self":[{"href":"https:\/\/www.immobilienbusiness.ch\/de\/wp-json\/wp\/v2\/posts\/16483","targetHints":{"allow":["GET"]}}],"collection":[{"href":"https:\/\/www.immobilienbusiness.ch\/de\/wp-json\/wp\/v2\/posts"}],"about":[{"href":"https:\/\/www.immobilienbusiness.ch\/de\/wp-json\/wp\/v2\/types\/post"}],"author":[{"embeddable":true,"href":"https:\/\/www.immobilienbusiness.ch\/de\/wp-json\/wp\/v2\/users\/3"}],"replies":[{"embeddable":true,"href":"https:\/\/www.immobilienbusiness.ch\/de\/wp-json\/wp\/v2\/comments?post=16483"}],"version-history":[{"count":0,"href":"https:\/\/www.immobilienbusiness.ch\/de\/wp-json\/wp\/v2\/posts\/16483\/revisions"}],"wp:featuredmedia":[{"embeddable":true,"href":"https:\/\/www.immobilienbusiness.ch\/de\/wp-json\/wp\/v2\/media\/16484"}],"wp:attachment":[{"href":"https:\/\/www.immobilienbusiness.ch\/de\/wp-json\/wp\/v2\/media?parent=16483"}],"wp:term":[{"taxonomy":"category","embeddable":true,"href":"https:\/\/www.immobilienbusiness.ch\/de\/wp-json\/wp\/v2\/categories?post=16483"},{"taxonomy":"post_tag","embeddable":true,"href":"https:\/\/www.immobilienbusiness.ch\/de\/wp-json\/wp\/v2\/tags?post=16483"}],"curies":[{"name":"wp","href":"https:\/\/api.w.org\/{rel}","templated":true}]}}