{"id":1615,"date":"2015-07-06T16:59:32","date_gmt":"2015-07-06T14:59:32","guid":{"rendered":"http:\/\/dev.immobilienbusiness.ch\/?p=1615"},"modified":"2024-11-19T14:51:08","modified_gmt":"2024-11-19T13:51:08","slug":"bueroimmobilienmarkt-der-westschweiz","status":"publish","type":"post","link":"https:\/\/www.immobilienbusiness.ch\/de\/buero\/2015-07-06\/bueroimmobilienmarkt-der-westschweiz\/","title":{"rendered":"B\u00fcroimmobilienmarkt der Westschweiz"},"content":{"rendered":"<figure id=\"attachment_1624\" aria-describedby=\"caption-attachment-1624\" style=\"width: 680px\" class=\"wp-caption alignnone\"><img loading=\"lazy\" decoding=\"async\" class=\"size-medium wp-image-1624\" src=\"https:\/\/immobilienbusiness.ch\/wp-content\/uploads\/2015\/07\/B\u00fcroimmobilienmarkt-der-Westschweiz-ib-immobilien-und-business.jpg\" alt=\"In Lausanne hat das Angebot an B\u00fcrofl\u00e4chen im vergangenen Jahr stark zugenommen.\" width=\"680\" height=\"369\" \/><figcaption id=\"caption-attachment-1624\" class=\"wp-caption-text\">In Lausanne hat das Angebot an B\u00fcrofl\u00e4chen im vergangenen Jahr stark zugenommen.<\/figcaption><\/figure>\n<p>In den vergangenen zehn Jahren haben immer mehr multinationale Unternehmen den Sitz ihrer europ\u00e4ischen Firmenzentralen in die Region zwischen Genf und Lausanne verlegt. Dieses Interesse kommt nicht von ungef\u00e4hr: Die politische Stabilit\u00e4t, die robuste Wirtschaft, der hohe Lebensstandard, das internationale Schulsystem und nicht zuletzt die verkehrstechnisch hervorragenden Anbindungen machen die Genferseeregion zu einem \u00e4usserst attraktiven Standort f\u00fcr ausl\u00e4ndische Unternehmen und hochspezialisierte Arbeitskr\u00e4fte verschiedenster Branchen. Die Romandie profitiert von der Ansiedelung der multinationalen Gesellschaften ebenfalls. In der Waadt waren diese f\u00fcr mehr als zwei Drittel aller zwischen 2000 und 2010 neu geschaffenen Arbeitspl\u00e4tze verantwortlich. Und im Kanton Genf konnte im gleichen Zeitraum ein Besch\u00e4ftigungszuwachs durch multinationale Unternehmen von durchschnittlich acht Prozent pro Jahr verzeichnet werden. Zum Vergleich: Der gesamtkantonale Durchschnitt liegt bei zwei Prozent.<\/p>\n<blockquote><p>\u00abVermieter m\u00fcssen lernen, mit dieser aktuell unsicheren Situation und den neuen Anforderungen seitens der Mieter umzugehen.\u00bb<br \/>\nBeat Seger, KPMG Z\u00fcrich<\/p><\/blockquote>\n<p><strong>Attraktivit\u00e4t gesteigert<\/strong><\/p>\n<p>Nicht zuletzt haben auch attraktive Steuergestaltungsm\u00f6glichkeiten die Umsiedelung europ\u00e4ischer Firmenzentralen beg\u00fcnstigt. Von den flexiblen Gestaltungsoptionen profitierten bis anhin vor allem Unternehmen, deren Hauptgesch\u00e4ftst\u00e4tigkeit sich auf ausserhalb der Schweiz konzentrierte (sog. gemischte Gesellschaften oder Prinzipal-Gesellschaften). Diese Steuerstrukturen sind der Europ\u00e4ischen Union allerdings ein Dorn im Auge. Sie wirft der Schweiz eine Verletzung des Freihandelsabkommens von 1972 vor, was die hiesige Regierung derzeit vor die Herausforderung stellt, das Unternehmenssteuerrecht an die EU-Anforderungen anzupassen und gleichzeitig die Standortattraktivit\u00e4t zu wahren. In den n\u00e4chsten Monaten wird sie ihre Vorschl\u00e4ge pr\u00e4sentieren. Auch multinationale Unternehmen in den Kantonen Genf und Waadt werden von den \u00c4nderungen des Steuerrechts betroffen sein. Je nach Ausgestaltung der L\u00f6sungen muss davon ausgegangen werden, dass viele ihre Standorte reduzieren oder gar komplett aufgeben werden.<\/p>\n<blockquote><p>\u00abEin sp\u00fcrbarer R\u00fcckzug der multinationalen Unternehmen aus den Kantonen Genf und Waadt w\u00fcrde den Immobilienmarkt geh\u00f6rig aufmischen.\u00bb<br \/>\nTimothy Keeling, KPGM Genf<\/p><\/blockquote>\n<p><strong>Immobilien unter Druck<\/strong><\/p>\n<p>Im Zuge dieser rechtlichen Unsicherheiten und aufgrund des starken Schweizer Frankens, der die Kosten im Vergleich zum Ausland in die H\u00f6hen schnellen l\u00e4sst, haben viele multinationale Unternehmen damit begonnen, ihren Immobilienbedarf zu \u00fcberdenken. Fl\u00e4chenreduktionen und Umstrukturierungen konnten bereits beobachtet werden. Als Folge davon stehen mehr kommerzielle Fl\u00e4chen zur Verf\u00fcgung, was sich in erh\u00f6hten Angebotsziffern niederschl\u00e4gt. Diese liegen in den St\u00e4dten Genf und Lausanne bei 6,3 bzw. 4,5 Prozent und somit deutlich \u00fcber dem eidgen\u00f6ssischen Durchschnitt von 3,4 Prozent. In Genf sind vor allem Innenstadtlagen betroffen: Die im vierten Quartal 2012 angebotene B\u00fcrofl\u00e4che von insgesamt 70.000 Quadratmetern \u00fcberstieg das Vorjahresniveau um beinahe das Dreifache und ist damit der h\u00f6chste Quartalsstand seit 2006. Das Angebot an B\u00fcrofl\u00e4chen in Lausanne hat ebenfalls stark zugenommen und lag Ende 2012 bei 111.000 Quadratmetern und somit 18 Prozent \u00fcber dem Vorjahreswert. Diese Entwicklungen wirken sich unmittelbar auf die Mietpreise aus. W\u00e4hrend diese in den letzten Jahren durch die Nachfrage multinationaler Unternehmen in die H\u00f6he schnellten, fallen die Marktaussichten f\u00fcr das erste Halbjahr 2014 entsprechend pessimistisch aus.<\/p>\n<p><strong>Neue Gesch\u00e4ftsmodelle n\u00f6tig<\/strong><\/p>\n<p>Ein sp\u00fcrbarer R\u00fcckzug der multinationalen Unternehmen aus den Kantonen Genf und Waadt w\u00fcrde sich nicht nur negativ auf die Prosperit\u00e4t und den Innovationsschwerpunkt der Region auswirken, sondern auch den Immobilienmarkt geh\u00f6rig aufmischen. Vermieter m\u00fcssen lernen, mit dieser aktuell unsicheren Situation und den neuen Anforderungen seitens der Mieter umzugehen. Eine Anpassung der Gesch\u00e4ftsmodelle scheint unumg\u00e4nglich, wenn die Eigent\u00fcmer ihre Mieter \u2013 insbesondere multinationale Unternehmen \u2013 sowie die Mietpreise f\u00fcr Werterhaltungszwecke beibehalten m\u00f6chten. Das ver\u00e4nderte Nachfrageverhalten muss zwingend Teil der strategischen Planung werden und es gilt, Gr\u00f6sse, Ausbaustandard, Mietvertragsstruktur sowie Geb\u00e4udetechnik der Liegenschaften entsprechend auszurichten. Marktaussagen und -prognosen ausgewiesener Experten k\u00f6nnen Vermieter in ihrer Planung unterst\u00fctzen. Umstrukturierungs- sowie steigende Verwaltungs- und Vermarktungskosten m\u00fcssen dabei aber wohl ebenso in Kauf genommen werden wie l\u00e4ngere Leerstandszeiten.<\/p>\n","protected":false},"excerpt":{"rendered":"<p>Die Romandie ist Sitz zahlreicher multinationaler Unternehmen. Aufgrund der rechtlichen Unsicherheiten \u00fcberdenken viele Firmen ihren Immobilienbedarf \u2013 mit Konsequenzen f\u00fcr die Vermieter.<\/p>\n","protected":false},"author":6,"featured_media":0,"comment_status":"closed","ping_status":"closed","sticky":false,"template":"","format":"standard","meta":{"_acf_changed":false,"_yoast_wpseo_focuskw":"B\u00fcroimmobilien Westschweiz","_yoast_wpseo_title":"B\u00fcroimmobilien Westschweiz: Markt im Wandel","_yoast_wpseo_metadesc":"Angesichts steigender Angebotssituation und rechtlicher Unsicherheiten ver\u00e4ndern sich die B\u00fcrofl\u00e4chen in der Westschweiz deutlich.","_yoast_wpseo_linkdex":59,"pgc_sgb_lightbox_settings":"","footnotes":""},"categories":[983],"tags":[1118,2633,1260,1438,4023,1807,1853],"class_list":["post-1615","post","type-post","status-publish","format-standard","hentry","category-buero","tag-buero","tag-bueroflaechen","tag-genf","tag-lausanne","tag-multinationale","tag-unternehmen","tag-westschweiz"],"acf":[],"yoast_head":"<!-- This site is optimized with the Yoast SEO plugin v27.4 - https:\/\/yoast.com\/product\/yoast-seo-wordpress\/ -->\n<title>B\u00fcroimmobilien Westschweiz: Markt im Wandel<\/title>\n<meta name=\"description\" content=\"Angesichts steigender Angebotssituation und rechtlicher Unsicherheiten ver\u00e4ndern sich die B\u00fcrofl\u00e4chen in der Westschweiz deutlich.\" \/>\n<meta name=\"robots\" content=\"index, follow, max-snippet:-1, max-image-preview:large, max-video-preview:-1\" \/>\n<link rel=\"canonical\" href=\"https:\/\/www.immobilienbusiness.ch\/de\/buero\/2015-07-06\/bueroimmobilienmarkt-der-westschweiz\/\" \/>\n<meta property=\"og:locale\" content=\"de_DE\" \/>\n<meta property=\"og:type\" content=\"article\" \/>\n<meta property=\"og:title\" content=\"B\u00fcroimmobilienmarkt der Westschweiz\" \/>\n<meta property=\"og:description\" content=\"Die Romandie ist Sitz zahlreicher multinationaler Unternehmen. Aufgrund der rechtlichen Unsicherheiten \u00fcberdenken viele Firmen ihren Immobilienbedarf.\" \/>\n<meta property=\"og:url\" content=\"https:\/\/www.immobilienbusiness.ch\/de\/buero\/2015-07-06\/bueroimmobilienmarkt-der-westschweiz\/\" \/>\n<meta property=\"og:site_name\" content=\"IMMOBILIEN Business\" \/>\n<meta property=\"article:publisher\" content=\"https:\/\/www.facebook.com\/immobilienbusiness\/\" \/>\n<meta property=\"article:published_time\" content=\"2015-07-06T14:59:32+00:00\" \/>\n<meta property=\"article:modified_time\" content=\"2024-11-19T13:51:08+00:00\" \/>\n<meta name=\"author\" content=\"galledia\" \/>\n<meta name=\"twitter:card\" content=\"summary_large_image\" \/>\n<meta name=\"twitter:title\" content=\"B\u00fcroimmobilienmarkt der Westschweiz\" \/>\n<meta name=\"twitter:description\" content=\"Die Romandie ist Sitz zahlreicher multinationaler Unternehmen. Aufgrund der rechtlichen Unsicherheiten \u00fcberdenken viele Firmen ihren Immobilienbedarf.\" \/>\n<meta name=\"twitter:image\" content=\"http:\/\/dev.immobilienbusiness.ch\/wp-content\/uploads\/2015\/07\/B\u00fcroimmobilienmarkt-der-Westschweiz-ib-immobilien-und-business.jpg\" \/>\n<script type=\"application\/ld+json\" class=\"yoast-schema-graph\">{\"@context\":\"https:\\\/\\\/schema.org\",\"@graph\":[{\"@type\":\"Article\",\"@id\":\"https:\\\/\\\/www.immobilienbusiness.ch\\\/de\\\/buero\\\/2015-07-06\\\/bueroimmobilienmarkt-der-westschweiz\\\/#article\",\"isPartOf\":{\"@id\":\"https:\\\/\\\/www.immobilienbusiness.ch\\\/de\\\/buero\\\/2015-07-06\\\/bueroimmobilienmarkt-der-westschweiz\\\/\"},\"author\":{\"name\":\"galledia\",\"@id\":\"https:\\\/\\\/www.immobilienbusiness.ch\\\/#\\\/schema\\\/person\\\/92ab48f1f614a7730a86f4fd946983ca\"},\"headline\":\"B\u00fcroimmobilienmarkt der Westschweiz\",\"datePublished\":\"2015-07-06T14:59:32+00:00\",\"dateModified\":\"2024-11-19T13:51:08+00:00\",\"mainEntityOfPage\":{\"@id\":\"https:\\\/\\\/www.immobilienbusiness.ch\\\/de\\\/buero\\\/2015-07-06\\\/bueroimmobilienmarkt-der-westschweiz\\\/\"},\"wordCount\":660,\"publisher\":{\"@id\":\"https:\\\/\\\/www.immobilienbusiness.ch\\\/#organization\"},\"keywords\":[\"B\u00fcro\",\"B\u00fcrofl\u00e4chen\",\"Genf\",\"Lausanne\",\"multinationale\",\"Unternehmen\",\"westschweiz\"],\"articleSection\":[\"B\u00dcRO\"],\"inLanguage\":\"de\"},{\"@type\":\"WebPage\",\"@id\":\"https:\\\/\\\/www.immobilienbusiness.ch\\\/de\\\/buero\\\/2015-07-06\\\/bueroimmobilienmarkt-der-westschweiz\\\/\",\"url\":\"https:\\\/\\\/www.immobilienbusiness.ch\\\/de\\\/buero\\\/2015-07-06\\\/bueroimmobilienmarkt-der-westschweiz\\\/\",\"name\":\"B\u00fcroimmobilien Westschweiz: Markt im Wandel\",\"isPartOf\":{\"@id\":\"https:\\\/\\\/www.immobilienbusiness.ch\\\/#website\"},\"datePublished\":\"2015-07-06T14:59:32+00:00\",\"dateModified\":\"2024-11-19T13:51:08+00:00\",\"description\":\"Angesichts steigender Angebotssituation und rechtlicher Unsicherheiten ver\u00e4ndern sich die B\u00fcrofl\u00e4chen in der Westschweiz deutlich.\",\"breadcrumb\":{\"@id\":\"https:\\\/\\\/www.immobilienbusiness.ch\\\/de\\\/buero\\\/2015-07-06\\\/bueroimmobilienmarkt-der-westschweiz\\\/#breadcrumb\"},\"inLanguage\":\"de\",\"potentialAction\":[{\"@type\":\"ReadAction\",\"target\":[\"https:\\\/\\\/www.immobilienbusiness.ch\\\/de\\\/buero\\\/2015-07-06\\\/bueroimmobilienmarkt-der-westschweiz\\\/\"]}]},{\"@type\":\"BreadcrumbList\",\"@id\":\"https:\\\/\\\/www.immobilienbusiness.ch\\\/de\\\/buero\\\/2015-07-06\\\/bueroimmobilienmarkt-der-westschweiz\\\/#breadcrumb\",\"itemListElement\":[{\"@type\":\"ListItem\",\"position\":1,\"name\":\"Home\",\"item\":\"https:\\\/\\\/www.immobilienbusiness.ch\\\/\"},{\"@type\":\"ListItem\",\"position\":2,\"name\":\"B\u00fcroimmobilienmarkt der Westschweiz\"}]},{\"@type\":\"WebSite\",\"@id\":\"https:\\\/\\\/www.immobilienbusiness.ch\\\/#website\",\"url\":\"https:\\\/\\\/www.immobilienbusiness.ch\\\/\",\"name\":\"IMMOBILIEN Business\",\"description\":\"Unabh\u00e4ngiges Schweizer Wirtschaftsmagazin mit Fokus auf Immobilien, Architektur- und Bau sowie Investment- und Finanzierung.\",\"publisher\":{\"@id\":\"https:\\\/\\\/www.immobilienbusiness.ch\\\/#organization\"},\"potentialAction\":[{\"@type\":\"SearchAction\",\"target\":{\"@type\":\"EntryPoint\",\"urlTemplate\":\"https:\\\/\\\/www.immobilienbusiness.ch\\\/?s={search_term_string}\"},\"query-input\":{\"@type\":\"PropertyValueSpecification\",\"valueRequired\":true,\"valueName\":\"search_term_string\"}}],\"inLanguage\":\"de\"},{\"@type\":\"Organization\",\"@id\":\"https:\\\/\\\/www.immobilienbusiness.ch\\\/#organization\",\"name\":\"IMMOBILIEN Business\",\"url\":\"https:\\\/\\\/www.immobilienbusiness.ch\\\/\",\"logo\":{\"@type\":\"ImageObject\",\"inLanguage\":\"de\",\"@id\":\"https:\\\/\\\/www.immobilienbusiness.ch\\\/#\\\/schema\\\/logo\\\/image\\\/\",\"url\":\"https:\\\/\\\/www.immobilienbusiness.ch\\\/wp-content\\\/uploads\\\/2021\\\/07\\\/logo_ib.png\",\"contentUrl\":\"https:\\\/\\\/www.immobilienbusiness.ch\\\/wp-content\\\/uploads\\\/2021\\\/07\\\/logo_ib.png\",\"width\":800,\"height\":181,\"caption\":\"IMMOBILIEN Business\"},\"image\":{\"@id\":\"https:\\\/\\\/www.immobilienbusiness.ch\\\/#\\\/schema\\\/logo\\\/image\\\/\"},\"sameAs\":[\"https:\\\/\\\/www.facebook.com\\\/immobilienbusiness\\\/\"]},{\"@type\":\"Person\",\"@id\":\"https:\\\/\\\/www.immobilienbusiness.ch\\\/#\\\/schema\\\/person\\\/92ab48f1f614a7730a86f4fd946983ca\",\"name\":\"galledia\",\"image\":{\"@type\":\"ImageObject\",\"inLanguage\":\"de\",\"@id\":\"https:\\\/\\\/secure.gravatar.com\\\/avatar\\\/?s=96&d=mm&r=g\",\"url\":\"https:\\\/\\\/secure.gravatar.com\\\/avatar\\\/?s=96&d=mm&r=g\",\"contentUrl\":\"https:\\\/\\\/secure.gravatar.com\\\/avatar\\\/?s=96&d=mm&r=g\",\"caption\":\"galledia\"},\"url\":\"https:\\\/\\\/www.immobilienbusiness.ch\\\/de\\\/author\\\/galledia\\\/\"}]}<\/script>\n<!-- \/ Yoast SEO plugin. -->","yoast_head_json":{"title":"B\u00fcroimmobilien Westschweiz: Markt im Wandel","description":"Angesichts steigender Angebotssituation und rechtlicher Unsicherheiten ver\u00e4ndern sich die B\u00fcrofl\u00e4chen in der Westschweiz deutlich.","robots":{"index":"index","follow":"follow","max-snippet":"max-snippet:-1","max-image-preview":"max-image-preview:large","max-video-preview":"max-video-preview:-1"},"canonical":"https:\/\/www.immobilienbusiness.ch\/de\/buero\/2015-07-06\/bueroimmobilienmarkt-der-westschweiz\/","og_locale":"de_DE","og_type":"article","og_title":"B\u00fcroimmobilienmarkt der Westschweiz","og_description":"Die Romandie ist Sitz zahlreicher multinationaler Unternehmen. Aufgrund der rechtlichen Unsicherheiten \u00fcberdenken viele Firmen ihren Immobilienbedarf.","og_url":"https:\/\/www.immobilienbusiness.ch\/de\/buero\/2015-07-06\/bueroimmobilienmarkt-der-westschweiz\/","og_site_name":"IMMOBILIEN Business","article_publisher":"https:\/\/www.facebook.com\/immobilienbusiness\/","article_published_time":"2015-07-06T14:59:32+00:00","article_modified_time":"2024-11-19T13:51:08+00:00","author":"galledia","twitter_card":"summary_large_image","twitter_title":"B\u00fcroimmobilienmarkt der Westschweiz","twitter_description":"Die Romandie ist Sitz zahlreicher multinationaler Unternehmen. Aufgrund der rechtlichen Unsicherheiten \u00fcberdenken viele Firmen ihren Immobilienbedarf.","twitter_image":"http:\/\/dev.immobilienbusiness.ch\/wp-content\/uploads\/2015\/07\/B\u00fcroimmobilienmarkt-der-Westschweiz-ib-immobilien-und-business.jpg","schema":{"@context":"https:\/\/schema.org","@graph":[{"@type":"Article","@id":"https:\/\/www.immobilienbusiness.ch\/de\/buero\/2015-07-06\/bueroimmobilienmarkt-der-westschweiz\/#article","isPartOf":{"@id":"https:\/\/www.immobilienbusiness.ch\/de\/buero\/2015-07-06\/bueroimmobilienmarkt-der-westschweiz\/"},"author":{"name":"galledia","@id":"https:\/\/www.immobilienbusiness.ch\/#\/schema\/person\/92ab48f1f614a7730a86f4fd946983ca"},"headline":"B\u00fcroimmobilienmarkt der Westschweiz","datePublished":"2015-07-06T14:59:32+00:00","dateModified":"2024-11-19T13:51:08+00:00","mainEntityOfPage":{"@id":"https:\/\/www.immobilienbusiness.ch\/de\/buero\/2015-07-06\/bueroimmobilienmarkt-der-westschweiz\/"},"wordCount":660,"publisher":{"@id":"https:\/\/www.immobilienbusiness.ch\/#organization"},"keywords":["B\u00fcro","B\u00fcrofl\u00e4chen","Genf","Lausanne","multinationale","Unternehmen","westschweiz"],"articleSection":["B\u00dcRO"],"inLanguage":"de"},{"@type":"WebPage","@id":"https:\/\/www.immobilienbusiness.ch\/de\/buero\/2015-07-06\/bueroimmobilienmarkt-der-westschweiz\/","url":"https:\/\/www.immobilienbusiness.ch\/de\/buero\/2015-07-06\/bueroimmobilienmarkt-der-westschweiz\/","name":"B\u00fcroimmobilien Westschweiz: Markt im Wandel","isPartOf":{"@id":"https:\/\/www.immobilienbusiness.ch\/#website"},"datePublished":"2015-07-06T14:59:32+00:00","dateModified":"2024-11-19T13:51:08+00:00","description":"Angesichts steigender Angebotssituation und rechtlicher Unsicherheiten ver\u00e4ndern sich die B\u00fcrofl\u00e4chen in der Westschweiz deutlich.","breadcrumb":{"@id":"https:\/\/www.immobilienbusiness.ch\/de\/buero\/2015-07-06\/bueroimmobilienmarkt-der-westschweiz\/#breadcrumb"},"inLanguage":"de","potentialAction":[{"@type":"ReadAction","target":["https:\/\/www.immobilienbusiness.ch\/de\/buero\/2015-07-06\/bueroimmobilienmarkt-der-westschweiz\/"]}]},{"@type":"BreadcrumbList","@id":"https:\/\/www.immobilienbusiness.ch\/de\/buero\/2015-07-06\/bueroimmobilienmarkt-der-westschweiz\/#breadcrumb","itemListElement":[{"@type":"ListItem","position":1,"name":"Home","item":"https:\/\/www.immobilienbusiness.ch\/"},{"@type":"ListItem","position":2,"name":"B\u00fcroimmobilienmarkt der Westschweiz"}]},{"@type":"WebSite","@id":"https:\/\/www.immobilienbusiness.ch\/#website","url":"https:\/\/www.immobilienbusiness.ch\/","name":"IMMOBILIEN Business","description":"Unabh\u00e4ngiges Schweizer Wirtschaftsmagazin mit Fokus auf Immobilien, Architektur- und Bau sowie Investment- und Finanzierung.","publisher":{"@id":"https:\/\/www.immobilienbusiness.ch\/#organization"},"potentialAction":[{"@type":"SearchAction","target":{"@type":"EntryPoint","urlTemplate":"https:\/\/www.immobilienbusiness.ch\/?s={search_term_string}"},"query-input":{"@type":"PropertyValueSpecification","valueRequired":true,"valueName":"search_term_string"}}],"inLanguage":"de"},{"@type":"Organization","@id":"https:\/\/www.immobilienbusiness.ch\/#organization","name":"IMMOBILIEN Business","url":"https:\/\/www.immobilienbusiness.ch\/","logo":{"@type":"ImageObject","inLanguage":"de","@id":"https:\/\/www.immobilienbusiness.ch\/#\/schema\/logo\/image\/","url":"https:\/\/www.immobilienbusiness.ch\/wp-content\/uploads\/2021\/07\/logo_ib.png","contentUrl":"https:\/\/www.immobilienbusiness.ch\/wp-content\/uploads\/2021\/07\/logo_ib.png","width":800,"height":181,"caption":"IMMOBILIEN Business"},"image":{"@id":"https:\/\/www.immobilienbusiness.ch\/#\/schema\/logo\/image\/"},"sameAs":["https:\/\/www.facebook.com\/immobilienbusiness\/"]},{"@type":"Person","@id":"https:\/\/www.immobilienbusiness.ch\/#\/schema\/person\/92ab48f1f614a7730a86f4fd946983ca","name":"galledia","image":{"@type":"ImageObject","inLanguage":"de","@id":"https:\/\/secure.gravatar.com\/avatar\/?s=96&d=mm&r=g","url":"https:\/\/secure.gravatar.com\/avatar\/?s=96&d=mm&r=g","contentUrl":"https:\/\/secure.gravatar.com\/avatar\/?s=96&d=mm&r=g","caption":"galledia"},"url":"https:\/\/www.immobilienbusiness.ch\/de\/author\/galledia\/"}]}},"_links":{"self":[{"href":"https:\/\/www.immobilienbusiness.ch\/de\/wp-json\/wp\/v2\/posts\/1615","targetHints":{"allow":["GET"]}}],"collection":[{"href":"https:\/\/www.immobilienbusiness.ch\/de\/wp-json\/wp\/v2\/posts"}],"about":[{"href":"https:\/\/www.immobilienbusiness.ch\/de\/wp-json\/wp\/v2\/types\/post"}],"author":[{"embeddable":true,"href":"https:\/\/www.immobilienbusiness.ch\/de\/wp-json\/wp\/v2\/users\/6"}],"replies":[{"embeddable":true,"href":"https:\/\/www.immobilienbusiness.ch\/de\/wp-json\/wp\/v2\/comments?post=1615"}],"version-history":[{"count":1,"href":"https:\/\/www.immobilienbusiness.ch\/de\/wp-json\/wp\/v2\/posts\/1615\/revisions"}],"predecessor-version":[{"id":61449,"href":"https:\/\/www.immobilienbusiness.ch\/de\/wp-json\/wp\/v2\/posts\/1615\/revisions\/61449"}],"wp:attachment":[{"href":"https:\/\/www.immobilienbusiness.ch\/de\/wp-json\/wp\/v2\/media?parent=1615"}],"wp:term":[{"taxonomy":"category","embeddable":true,"href":"https:\/\/www.immobilienbusiness.ch\/de\/wp-json\/wp\/v2\/categories?post=1615"},{"taxonomy":"post_tag","embeddable":true,"href":"https:\/\/www.immobilienbusiness.ch\/de\/wp-json\/wp\/v2\/tags?post=1615"}],"curies":[{"name":"wp","href":"https:\/\/api.w.org\/{rel}","templated":true}]}}