{"id":16041,"date":"2019-02-26T07:56:44","date_gmt":"2019-02-26T06:56:44","guid":{"rendered":"https:\/\/www.immobilienbusiness.ch\/?p=16041"},"modified":"2019-02-26T07:56:44","modified_gmt":"2019-02-26T06:56:44","slug":"empira-legt-deutschen-wohn-fonds-auf","status":"publish","type":"post","link":"https:\/\/www.immobilienbusiness.ch\/de\/unternehmen\/2019-02-26\/empira-legt-deutschen-wohn-fonds-auf\/","title":{"rendered":"Empira legt deutschen Wohn-Fonds auf"},"content":{"rendered":"<figure id=\"attachment_12958\" aria-describedby=\"caption-attachment-12958\" style=\"width: 680px\" class=\"wp-caption alignnone\"><img loading=\"lazy\" decoding=\"async\" class=\"size-medium wp-image-12958\" src=\"https:\/\/www.immobilienbusiness.ch\/wp-content\/uploads\/2018\/06\/Depositphotos_12390397_m-2015.jpg\" alt=\"\" width=\"680\" height=\"454\" srcset=\"https:\/\/www.immobilienbusiness.ch\/wp-content\/uploads\/2018\/06\/Depositphotos_12390397_m-2015.jpg 1000w, https:\/\/www.immobilienbusiness.ch\/wp-content\/uploads\/2018\/06\/Depositphotos_12390397_m-2015-300x200.jpg 300w, https:\/\/www.immobilienbusiness.ch\/wp-content\/uploads\/2018\/06\/Depositphotos_12390397_m-2015-768x512.jpg 768w, https:\/\/www.immobilienbusiness.ch\/wp-content\/uploads\/2018\/06\/Depositphotos_12390397_m-2015-16x12.jpg 16w, https:\/\/www.immobilienbusiness.ch\/wp-content\/uploads\/2018\/06\/Depositphotos_12390397_m-2015-262x175.jpg 262w, https:\/\/www.immobilienbusiness.ch\/wp-content\/uploads\/2018\/06\/Depositphotos_12390397_m-2015-525x350.jpg 525w, https:\/\/www.immobilienbusiness.ch\/wp-content\/uploads\/2018\/06\/Depositphotos_12390397_m-2015-920x614.jpg 920w\" sizes=\"auto, (max-width: 680px) 100vw, 680px\" \/><figcaption id=\"caption-attachment-12958\" class=\"wp-caption-text\">Der neue Empira-Fonds will in deutsche Wohnimmobilien investieren (Bild: strelok &#8211; depositphotos)<\/figcaption><\/figure>\n<p>Der Projektentwicklungs-AIF Empira Residential Invest werde in Wohnimmobilienprojekte mit Fokus auf den deutschen Top-7-Standorten investieren, teilt Empira mit. Dabei sollen Grundst\u00fccke mit vorhandenem Baurecht akquiriert und entwickelt werden. Weiter will die Empira Gruppe auch das Asset-Management und das abschlie\u00dfende Transaktionsmanagement der entwickelten Bestandsobjekte \u00fcbernehmen. Das Gesamtinvestitionsvolumen soll bei mindestens 400 Millionen Euro liegen.<\/p>\n<p>\u00abInstitutionelle Investoren profitieren mit dem neuen Fonds von attraktiven Renditen, da sie fr\u00fchzeitig in die Wertsch\u00f6pfungskette einsteigen. Deutsche Metropolen werden auch k\u00fcnftig von demografischem Wachstum profitieren\u00bb, sagt Lahcen Knapp, CEO der Empira Gruppe. Da die Wohnimmobilien selbst entwickelt und mittelfristig im Bestand gehalten werden sollen, w\u00fcrden die Investoren neben einem regelm\u00e4\u00dfigen Cashflow auch eine Wertsch\u00f6pfungsrendite erzielen, die deutlich \u00fcber dem Vergleichswert beim Kauf einer Bestandsimmobilie liege, so Knapp weiter.<\/p>\n<p>Die Empira-Gruppe bezeichnet sich als einen f\u00fchrenden Investment-Manager f\u00fcr institutionelle Immobilieninvestments im deutschsprachigen Europa. Das Anlagevolumen liege bei knapp 1,7 Milliarden Euro. Kunden sind institutionelle Investoren aus Deutschland, \u00d6sterreich und der Schweiz. Das Unternehmen hat seinen Hauptsitz in Zug und weitere Niederlassungen in Luxemburg, Frankfurt am Main, M\u00fcnchen und Leipzig. <em>(ah)<\/em><\/p>\n","protected":false},"excerpt":{"rendered":"<p>Die Empira-Gruppe hat angek\u00fcndigt, einen 400 Millionen Euro schweren Wohnprojektentwicklungsfonds aufzulegen. Investiert wird in den deutschen Top-7-Standorten.<\/p>\n","protected":false},"author":3,"featured_media":12958,"comment_status":"closed","ping_status":"open","sticky":false,"template":"","format":"standard","meta":{"_acf_changed":false,"_yoast_wpseo_focuskw":"Empira","_yoast_wpseo_title":"","_yoast_wpseo_metadesc":"Die Empira-Gruppe hat angek\u00fcndigt, einen 400 Mio Euro schweren Wohnprojektentwicklungsfonds aufzulegen. Investiert wird in den deutschen Top-7-Standorten.","_yoast_wpseo_linkdex":41,"pgc_sgb_lightbox_settings":"","footnotes":""},"categories":[988],"tags":[1052,1166,1344,1601,1863],"class_list":["post-16041","post","type-post","status-publish","format-standard","has-post-thumbnail","hentry","category-unternehmen","tag-ausland","tag-deutschland","tag-immobilienfonds","tag-projektentwicklung","tag-wohnimmobilien"],"acf":[],"yoast_head":"<!-- This site is optimized with the Yoast SEO plugin v27.4 - https:\/\/yoast.com\/product\/yoast-seo-wordpress\/ -->\n<title>Empira legt deutschen Wohn-Fonds auf - IMMOBILIEN Business<\/title>\n<meta name=\"description\" content=\"Die Empira-Gruppe hat angek\u00fcndigt, einen 400 Mio Euro schweren Wohnprojektentwicklungsfonds aufzulegen. Investiert wird in den deutschen Top-7-Standorten.\" \/>\n<meta name=\"robots\" content=\"index, follow, max-snippet:-1, max-image-preview:large, max-video-preview:-1\" \/>\n<link rel=\"canonical\" href=\"https:\/\/www.immobilienbusiness.ch\/de\/unternehmen\/2019-02-26\/empira-legt-deutschen-wohn-fonds-auf\/\" \/>\n<meta property=\"og:locale\" content=\"de_DE\" \/>\n<meta property=\"og:type\" content=\"article\" \/>\n<meta property=\"og:title\" content=\"Empira legt deutschen Wohn-Fonds auf - IMMOBILIEN Business\" \/>\n<meta property=\"og:description\" content=\"Die Empira-Gruppe hat angek\u00fcndigt, einen 400 Mio Euro schweren Wohnprojektentwicklungsfonds aufzulegen. Investiert wird in den deutschen Top-7-Standorten.\" \/>\n<meta property=\"og:url\" content=\"https:\/\/www.immobilienbusiness.ch\/de\/unternehmen\/2019-02-26\/empira-legt-deutschen-wohn-fonds-auf\/\" \/>\n<meta property=\"og:site_name\" content=\"IMMOBILIEN Business\" \/>\n<meta property=\"article:publisher\" content=\"https:\/\/www.facebook.com\/immobilienbusiness\/\" \/>\n<meta property=\"article:published_time\" content=\"2019-02-26T06:56:44+00:00\" \/>\n<meta property=\"og:image\" content=\"https:\/\/www.immobilienbusiness.ch\/wp-content\/uploads\/2018\/06\/Depositphotos_12390397_m-2015.jpg\" \/>\n\t<meta property=\"og:image:width\" content=\"1000\" \/>\n\t<meta property=\"og:image:height\" content=\"667\" \/>\n\t<meta property=\"og:image:type\" content=\"image\/jpeg\" \/>\n<meta name=\"author\" content=\"anja.hall\" \/>\n<meta name=\"twitter:card\" content=\"summary_large_image\" \/>\n<meta name=\"twitter:image\" content=\"https:\/\/www.immobilienbusiness.ch\/wp-content\/uploads\/2018\/06\/Depositphotos_12390397_m-2015.jpg\" \/>\n<script type=\"application\/ld+json\" class=\"yoast-schema-graph\">{\"@context\":\"https:\\\/\\\/schema.org\",\"@graph\":[{\"@type\":\"Article\",\"@id\":\"https:\\\/\\\/www.immobilienbusiness.ch\\\/de\\\/unternehmen\\\/2019-02-26\\\/empira-legt-deutschen-wohn-fonds-auf\\\/#article\",\"isPartOf\":{\"@id\":\"https:\\\/\\\/www.immobilienbusiness.ch\\\/de\\\/unternehmen\\\/2019-02-26\\\/empira-legt-deutschen-wohn-fonds-auf\\\/\"},\"author\":{\"name\":\"anja.hall\",\"@id\":\"https:\\\/\\\/www.immobilienbusiness.ch\\\/#\\\/schema\\\/person\\\/3fc036297b10b9f42d6db5ee932af8c8\"},\"headline\":\"Empira legt deutschen Wohn-Fonds auf\",\"datePublished\":\"2019-02-26T06:56:44+00:00\",\"mainEntityOfPage\":{\"@id\":\"https:\\\/\\\/www.immobilienbusiness.ch\\\/de\\\/unternehmen\\\/2019-02-26\\\/empira-legt-deutschen-wohn-fonds-auf\\\/\"},\"wordCount\":207,\"publisher\":{\"@id\":\"https:\\\/\\\/www.immobilienbusiness.ch\\\/#organization\"},\"image\":{\"@id\":\"https:\\\/\\\/www.immobilienbusiness.ch\\\/de\\\/unternehmen\\\/2019-02-26\\\/empira-legt-deutschen-wohn-fonds-auf\\\/#primaryimage\"},\"thumbnailUrl\":\"https:\\\/\\\/www.immobilienbusiness.ch\\\/wp-content\\\/uploads\\\/2018\\\/06\\\/Depositphotos_12390397_m-2015.jpg\",\"keywords\":[\"Ausland\",\"Deutschland\",\"Immobilienfonds\",\"Projektentwicklung\",\"Wohnimmobilien\"],\"articleSection\":[\"UNTERNEHMEN\"],\"inLanguage\":\"de\"},{\"@type\":\"WebPage\",\"@id\":\"https:\\\/\\\/www.immobilienbusiness.ch\\\/de\\\/unternehmen\\\/2019-02-26\\\/empira-legt-deutschen-wohn-fonds-auf\\\/\",\"url\":\"https:\\\/\\\/www.immobilienbusiness.ch\\\/de\\\/unternehmen\\\/2019-02-26\\\/empira-legt-deutschen-wohn-fonds-auf\\\/\",\"name\":\"Empira legt deutschen Wohn-Fonds auf - IMMOBILIEN Business\",\"isPartOf\":{\"@id\":\"https:\\\/\\\/www.immobilienbusiness.ch\\\/#website\"},\"primaryImageOfPage\":{\"@id\":\"https:\\\/\\\/www.immobilienbusiness.ch\\\/de\\\/unternehmen\\\/2019-02-26\\\/empira-legt-deutschen-wohn-fonds-auf\\\/#primaryimage\"},\"image\":{\"@id\":\"https:\\\/\\\/www.immobilienbusiness.ch\\\/de\\\/unternehmen\\\/2019-02-26\\\/empira-legt-deutschen-wohn-fonds-auf\\\/#primaryimage\"},\"thumbnailUrl\":\"https:\\\/\\\/www.immobilienbusiness.ch\\\/wp-content\\\/uploads\\\/2018\\\/06\\\/Depositphotos_12390397_m-2015.jpg\",\"datePublished\":\"2019-02-26T06:56:44+00:00\",\"description\":\"Die Empira-Gruppe hat angek\u00fcndigt, einen 400 Mio Euro schweren Wohnprojektentwicklungsfonds aufzulegen. Investiert wird in den deutschen Top-7-Standorten.\",\"breadcrumb\":{\"@id\":\"https:\\\/\\\/www.immobilienbusiness.ch\\\/de\\\/unternehmen\\\/2019-02-26\\\/empira-legt-deutschen-wohn-fonds-auf\\\/#breadcrumb\"},\"inLanguage\":\"de\",\"potentialAction\":[{\"@type\":\"ReadAction\",\"target\":[\"https:\\\/\\\/www.immobilienbusiness.ch\\\/de\\\/unternehmen\\\/2019-02-26\\\/empira-legt-deutschen-wohn-fonds-auf\\\/\"]}]},{\"@type\":\"ImageObject\",\"inLanguage\":\"de\",\"@id\":\"https:\\\/\\\/www.immobilienbusiness.ch\\\/de\\\/unternehmen\\\/2019-02-26\\\/empira-legt-deutschen-wohn-fonds-auf\\\/#primaryimage\",\"url\":\"https:\\\/\\\/www.immobilienbusiness.ch\\\/wp-content\\\/uploads\\\/2018\\\/06\\\/Depositphotos_12390397_m-2015.jpg\",\"contentUrl\":\"https:\\\/\\\/www.immobilienbusiness.ch\\\/wp-content\\\/uploads\\\/2018\\\/06\\\/Depositphotos_12390397_m-2015.jpg\",\"width\":1000,\"height\":667,\"caption\":\"Expansion strelok - depositphotos\"},{\"@type\":\"BreadcrumbList\",\"@id\":\"https:\\\/\\\/www.immobilienbusiness.ch\\\/de\\\/unternehmen\\\/2019-02-26\\\/empira-legt-deutschen-wohn-fonds-auf\\\/#breadcrumb\",\"itemListElement\":[{\"@type\":\"ListItem\",\"position\":1,\"name\":\"Home\",\"item\":\"https:\\\/\\\/www.immobilienbusiness.ch\\\/\"},{\"@type\":\"ListItem\",\"position\":2,\"name\":\"Empira legt deutschen Wohn-Fonds auf\"}]},{\"@type\":\"WebSite\",\"@id\":\"https:\\\/\\\/www.immobilienbusiness.ch\\\/#website\",\"url\":\"https:\\\/\\\/www.immobilienbusiness.ch\\\/\",\"name\":\"IMMOBILIEN Business\",\"description\":\"Unabh\u00e4ngiges Schweizer Wirtschaftsmagazin mit Fokus auf Immobilien, Architektur- und Bau sowie Investment- und Finanzierung.\",\"publisher\":{\"@id\":\"https:\\\/\\\/www.immobilienbusiness.ch\\\/#organization\"},\"potentialAction\":[{\"@type\":\"SearchAction\",\"target\":{\"@type\":\"EntryPoint\",\"urlTemplate\":\"https:\\\/\\\/www.immobilienbusiness.ch\\\/?s={search_term_string}\"},\"query-input\":{\"@type\":\"PropertyValueSpecification\",\"valueRequired\":true,\"valueName\":\"search_term_string\"}}],\"inLanguage\":\"de\"},{\"@type\":\"Organization\",\"@id\":\"https:\\\/\\\/www.immobilienbusiness.ch\\\/#organization\",\"name\":\"IMMOBILIEN Business\",\"url\":\"https:\\\/\\\/www.immobilienbusiness.ch\\\/\",\"logo\":{\"@type\":\"ImageObject\",\"inLanguage\":\"de\",\"@id\":\"https:\\\/\\\/www.immobilienbusiness.ch\\\/#\\\/schema\\\/logo\\\/image\\\/\",\"url\":\"https:\\\/\\\/www.immobilienbusiness.ch\\\/wp-content\\\/uploads\\\/2021\\\/07\\\/logo_ib.png\",\"contentUrl\":\"https:\\\/\\\/www.immobilienbusiness.ch\\\/wp-content\\\/uploads\\\/2021\\\/07\\\/logo_ib.png\",\"width\":800,\"height\":181,\"caption\":\"IMMOBILIEN Business\"},\"image\":{\"@id\":\"https:\\\/\\\/www.immobilienbusiness.ch\\\/#\\\/schema\\\/logo\\\/image\\\/\"},\"sameAs\":[\"https:\\\/\\\/www.facebook.com\\\/immobilienbusiness\\\/\"]},{\"@type\":\"Person\",\"@id\":\"https:\\\/\\\/www.immobilienbusiness.ch\\\/#\\\/schema\\\/person\\\/3fc036297b10b9f42d6db5ee932af8c8\",\"name\":\"anja.hall\",\"image\":{\"@type\":\"ImageObject\",\"inLanguage\":\"de\",\"@id\":\"https:\\\/\\\/secure.gravatar.com\\\/avatar\\\/066b5a0d447013502c71a5782f4f3469f03cfe595cc2329fb94652fe47511bfb?s=96&d=mm&r=g\",\"url\":\"https:\\\/\\\/secure.gravatar.com\\\/avatar\\\/066b5a0d447013502c71a5782f4f3469f03cfe595cc2329fb94652fe47511bfb?s=96&d=mm&r=g\",\"contentUrl\":\"https:\\\/\\\/secure.gravatar.com\\\/avatar\\\/066b5a0d447013502c71a5782f4f3469f03cfe595cc2329fb94652fe47511bfb?s=96&d=mm&r=g\",\"caption\":\"anja.hall\"},\"url\":\"https:\\\/\\\/www.immobilienbusiness.ch\\\/de\\\/author\\\/anja-hall\\\/\"}]}<\/script>\n<!-- \/ Yoast SEO plugin. -->","yoast_head_json":{"title":"Empira legt deutschen Wohn-Fonds auf - IMMOBILIEN Business","description":"Die Empira-Gruppe hat angek\u00fcndigt, einen 400 Mio Euro schweren Wohnprojektentwicklungsfonds aufzulegen. Investiert wird in den deutschen Top-7-Standorten.","robots":{"index":"index","follow":"follow","max-snippet":"max-snippet:-1","max-image-preview":"max-image-preview:large","max-video-preview":"max-video-preview:-1"},"canonical":"https:\/\/www.immobilienbusiness.ch\/de\/unternehmen\/2019-02-26\/empira-legt-deutschen-wohn-fonds-auf\/","og_locale":"de_DE","og_type":"article","og_title":"Empira legt deutschen Wohn-Fonds auf - IMMOBILIEN Business","og_description":"Die Empira-Gruppe hat angek\u00fcndigt, einen 400 Mio Euro schweren Wohnprojektentwicklungsfonds aufzulegen. Investiert wird in den deutschen Top-7-Standorten.","og_url":"https:\/\/www.immobilienbusiness.ch\/de\/unternehmen\/2019-02-26\/empira-legt-deutschen-wohn-fonds-auf\/","og_site_name":"IMMOBILIEN Business","article_publisher":"https:\/\/www.facebook.com\/immobilienbusiness\/","article_published_time":"2019-02-26T06:56:44+00:00","og_image":[{"width":1000,"height":667,"url":"https:\/\/www.immobilienbusiness.ch\/wp-content\/uploads\/2018\/06\/Depositphotos_12390397_m-2015.jpg","type":"image\/jpeg"}],"author":"anja.hall","twitter_card":"summary_large_image","twitter_image":"https:\/\/www.immobilienbusiness.ch\/wp-content\/uploads\/2018\/06\/Depositphotos_12390397_m-2015.jpg","schema":{"@context":"https:\/\/schema.org","@graph":[{"@type":"Article","@id":"https:\/\/www.immobilienbusiness.ch\/de\/unternehmen\/2019-02-26\/empira-legt-deutschen-wohn-fonds-auf\/#article","isPartOf":{"@id":"https:\/\/www.immobilienbusiness.ch\/de\/unternehmen\/2019-02-26\/empira-legt-deutschen-wohn-fonds-auf\/"},"author":{"name":"anja.hall","@id":"https:\/\/www.immobilienbusiness.ch\/#\/schema\/person\/3fc036297b10b9f42d6db5ee932af8c8"},"headline":"Empira legt deutschen Wohn-Fonds auf","datePublished":"2019-02-26T06:56:44+00:00","mainEntityOfPage":{"@id":"https:\/\/www.immobilienbusiness.ch\/de\/unternehmen\/2019-02-26\/empira-legt-deutschen-wohn-fonds-auf\/"},"wordCount":207,"publisher":{"@id":"https:\/\/www.immobilienbusiness.ch\/#organization"},"image":{"@id":"https:\/\/www.immobilienbusiness.ch\/de\/unternehmen\/2019-02-26\/empira-legt-deutschen-wohn-fonds-auf\/#primaryimage"},"thumbnailUrl":"https:\/\/www.immobilienbusiness.ch\/wp-content\/uploads\/2018\/06\/Depositphotos_12390397_m-2015.jpg","keywords":["Ausland","Deutschland","Immobilienfonds","Projektentwicklung","Wohnimmobilien"],"articleSection":["UNTERNEHMEN"],"inLanguage":"de"},{"@type":"WebPage","@id":"https:\/\/www.immobilienbusiness.ch\/de\/unternehmen\/2019-02-26\/empira-legt-deutschen-wohn-fonds-auf\/","url":"https:\/\/www.immobilienbusiness.ch\/de\/unternehmen\/2019-02-26\/empira-legt-deutschen-wohn-fonds-auf\/","name":"Empira legt deutschen Wohn-Fonds auf - IMMOBILIEN Business","isPartOf":{"@id":"https:\/\/www.immobilienbusiness.ch\/#website"},"primaryImageOfPage":{"@id":"https:\/\/www.immobilienbusiness.ch\/de\/unternehmen\/2019-02-26\/empira-legt-deutschen-wohn-fonds-auf\/#primaryimage"},"image":{"@id":"https:\/\/www.immobilienbusiness.ch\/de\/unternehmen\/2019-02-26\/empira-legt-deutschen-wohn-fonds-auf\/#primaryimage"},"thumbnailUrl":"https:\/\/www.immobilienbusiness.ch\/wp-content\/uploads\/2018\/06\/Depositphotos_12390397_m-2015.jpg","datePublished":"2019-02-26T06:56:44+00:00","description":"Die Empira-Gruppe hat angek\u00fcndigt, einen 400 Mio Euro schweren Wohnprojektentwicklungsfonds aufzulegen. Investiert wird in den deutschen Top-7-Standorten.","breadcrumb":{"@id":"https:\/\/www.immobilienbusiness.ch\/de\/unternehmen\/2019-02-26\/empira-legt-deutschen-wohn-fonds-auf\/#breadcrumb"},"inLanguage":"de","potentialAction":[{"@type":"ReadAction","target":["https:\/\/www.immobilienbusiness.ch\/de\/unternehmen\/2019-02-26\/empira-legt-deutschen-wohn-fonds-auf\/"]}]},{"@type":"ImageObject","inLanguage":"de","@id":"https:\/\/www.immobilienbusiness.ch\/de\/unternehmen\/2019-02-26\/empira-legt-deutschen-wohn-fonds-auf\/#primaryimage","url":"https:\/\/www.immobilienbusiness.ch\/wp-content\/uploads\/2018\/06\/Depositphotos_12390397_m-2015.jpg","contentUrl":"https:\/\/www.immobilienbusiness.ch\/wp-content\/uploads\/2018\/06\/Depositphotos_12390397_m-2015.jpg","width":1000,"height":667,"caption":"Expansion strelok - depositphotos"},{"@type":"BreadcrumbList","@id":"https:\/\/www.immobilienbusiness.ch\/de\/unternehmen\/2019-02-26\/empira-legt-deutschen-wohn-fonds-auf\/#breadcrumb","itemListElement":[{"@type":"ListItem","position":1,"name":"Home","item":"https:\/\/www.immobilienbusiness.ch\/"},{"@type":"ListItem","position":2,"name":"Empira legt deutschen Wohn-Fonds auf"}]},{"@type":"WebSite","@id":"https:\/\/www.immobilienbusiness.ch\/#website","url":"https:\/\/www.immobilienbusiness.ch\/","name":"IMMOBILIEN Business","description":"Unabh\u00e4ngiges Schweizer Wirtschaftsmagazin mit Fokus auf Immobilien, Architektur- und Bau sowie Investment- und Finanzierung.","publisher":{"@id":"https:\/\/www.immobilienbusiness.ch\/#organization"},"potentialAction":[{"@type":"SearchAction","target":{"@type":"EntryPoint","urlTemplate":"https:\/\/www.immobilienbusiness.ch\/?s={search_term_string}"},"query-input":{"@type":"PropertyValueSpecification","valueRequired":true,"valueName":"search_term_string"}}],"inLanguage":"de"},{"@type":"Organization","@id":"https:\/\/www.immobilienbusiness.ch\/#organization","name":"IMMOBILIEN Business","url":"https:\/\/www.immobilienbusiness.ch\/","logo":{"@type":"ImageObject","inLanguage":"de","@id":"https:\/\/www.immobilienbusiness.ch\/#\/schema\/logo\/image\/","url":"https:\/\/www.immobilienbusiness.ch\/wp-content\/uploads\/2021\/07\/logo_ib.png","contentUrl":"https:\/\/www.immobilienbusiness.ch\/wp-content\/uploads\/2021\/07\/logo_ib.png","width":800,"height":181,"caption":"IMMOBILIEN Business"},"image":{"@id":"https:\/\/www.immobilienbusiness.ch\/#\/schema\/logo\/image\/"},"sameAs":["https:\/\/www.facebook.com\/immobilienbusiness\/"]},{"@type":"Person","@id":"https:\/\/www.immobilienbusiness.ch\/#\/schema\/person\/3fc036297b10b9f42d6db5ee932af8c8","name":"anja.hall","image":{"@type":"ImageObject","inLanguage":"de","@id":"https:\/\/secure.gravatar.com\/avatar\/066b5a0d447013502c71a5782f4f3469f03cfe595cc2329fb94652fe47511bfb?s=96&d=mm&r=g","url":"https:\/\/secure.gravatar.com\/avatar\/066b5a0d447013502c71a5782f4f3469f03cfe595cc2329fb94652fe47511bfb?s=96&d=mm&r=g","contentUrl":"https:\/\/secure.gravatar.com\/avatar\/066b5a0d447013502c71a5782f4f3469f03cfe595cc2329fb94652fe47511bfb?s=96&d=mm&r=g","caption":"anja.hall"},"url":"https:\/\/www.immobilienbusiness.ch\/de\/author\/anja-hall\/"}]}},"_links":{"self":[{"href":"https:\/\/www.immobilienbusiness.ch\/de\/wp-json\/wp\/v2\/posts\/16041","targetHints":{"allow":["GET"]}}],"collection":[{"href":"https:\/\/www.immobilienbusiness.ch\/de\/wp-json\/wp\/v2\/posts"}],"about":[{"href":"https:\/\/www.immobilienbusiness.ch\/de\/wp-json\/wp\/v2\/types\/post"}],"author":[{"embeddable":true,"href":"https:\/\/www.immobilienbusiness.ch\/de\/wp-json\/wp\/v2\/users\/3"}],"replies":[{"embeddable":true,"href":"https:\/\/www.immobilienbusiness.ch\/de\/wp-json\/wp\/v2\/comments?post=16041"}],"version-history":[{"count":0,"href":"https:\/\/www.immobilienbusiness.ch\/de\/wp-json\/wp\/v2\/posts\/16041\/revisions"}],"wp:featuredmedia":[{"embeddable":true,"href":"https:\/\/www.immobilienbusiness.ch\/de\/wp-json\/wp\/v2\/media\/12958"}],"wp:attachment":[{"href":"https:\/\/www.immobilienbusiness.ch\/de\/wp-json\/wp\/v2\/media?parent=16041"}],"wp:term":[{"taxonomy":"category","embeddable":true,"href":"https:\/\/www.immobilienbusiness.ch\/de\/wp-json\/wp\/v2\/categories?post=16041"},{"taxonomy":"post_tag","embeddable":true,"href":"https:\/\/www.immobilienbusiness.ch\/de\/wp-json\/wp\/v2\/tags?post=16041"}],"curies":[{"name":"wp","href":"https:\/\/api.w.org\/{rel}","templated":true}]}}