{"id":15763,"date":"2019-02-04T08:47:17","date_gmt":"2019-02-04T07:47:17","guid":{"rendered":"https:\/\/www.immobilienbusiness.ch\/?p=15763"},"modified":"2019-02-04T08:47:17","modified_gmt":"2019-02-04T07:47:17","slug":"j-safra-sarasin-uebernimmt-valres-suisse-romande-fonds","status":"publish","type":"post","link":"https:\/\/www.immobilienbusiness.ch\/de\/unternehmen\/2019-02-04\/j-safra-sarasin-uebernimmt-valres-suisse-romande-fonds\/","title":{"rendered":"J. Safra Sarasin \u00fcbernimmt Valres Suisse Romande Fonds"},"content":{"rendered":"<figure id=\"attachment_15182\" aria-describedby=\"caption-attachment-15182\" style=\"width: 680px\" class=\"wp-caption alignnone\"><img loading=\"lazy\" decoding=\"async\" class=\"size-medium wp-image-15182\" src=\"https:\/\/www.immobilienbusiness.ch\/wp-content\/uploads\/2018\/12\/Depositphotos_80147336_m-2015.jpg\" alt=\"\" width=\"680\" height=\"454\" srcset=\"https:\/\/www.immobilienbusiness.ch\/wp-content\/uploads\/2018\/12\/Depositphotos_80147336_m-2015.jpg 999w, https:\/\/www.immobilienbusiness.ch\/wp-content\/uploads\/2018\/12\/Depositphotos_80147336_m-2015-300x200.jpg 300w, https:\/\/www.immobilienbusiness.ch\/wp-content\/uploads\/2018\/12\/Depositphotos_80147336_m-2015-768x513.jpg 768w, https:\/\/www.immobilienbusiness.ch\/wp-content\/uploads\/2018\/12\/Depositphotos_80147336_m-2015-16x12.jpg 16w, https:\/\/www.immobilienbusiness.ch\/wp-content\/uploads\/2018\/12\/Depositphotos_80147336_m-2015-262x175.jpg 262w, https:\/\/www.immobilienbusiness.ch\/wp-content\/uploads\/2018\/12\/Depositphotos_80147336_m-2015-524x350.jpg 524w, https:\/\/www.immobilienbusiness.ch\/wp-content\/uploads\/2018\/12\/Depositphotos_80147336_m-2015-920x614.jpg 920w\" sizes=\"auto, (max-width: 680px) 100vw, 680px\" \/><figcaption id=\"caption-attachment-15182\" class=\"wp-caption-text\">Die Bank J. Safra Sarasin \u00fcbernimmt Leitung und Verwaltung des Valres Suisse Romande Fonds (Bild: stockasso &#8211; depositphotos)<\/figcaption><\/figure>\n<p>Derzeit wird der Valres Suisse Romande Fonds von der Valres Fund Management verwaltet. Im Zusammenhang mit der \u00dcbernahme wird sich die Gesellschaft aufl\u00f6sen und liquidieren. Neu wurden Edgar Brandt als Pr\u00e4sident und Gerhard Niggli als Vizepr\u00e4sident des Verwaltungsrates gew\u00e4hlt.<\/p>\n<p>Die \u00dcbertragung des Valres Suisse Romande Fonds auf die J. Safra Sarasin Gruppe werde durchgef\u00fchrt, sobald die notwendigen erforderlichen Bewilligungen der FINMA vorliegen, teilt der Real Estate Hub Switzerland der Bank J. Safra Sarasin mit. <em>(ah)<\/em><\/p>\n","protected":false},"excerpt":{"rendered":"<p>Der Valres Suisse Romande Fonds wird auf J. Safra Sarasin \u00fcbertragen: Die Leitung und Verwaltung \u00fcbernimmt eine Fondsleitung, die in den konsolidierten Aufsichtskreis der Gruppe f\u00e4llt.<\/p>\n","protected":false},"author":3,"featured_media":15182,"comment_status":"closed","ping_status":"open","sticky":false,"template":"","format":"standard","meta":{"_acf_changed":false,"_yoast_wpseo_focuskw":"Sarasin","_yoast_wpseo_title":"","_yoast_wpseo_metadesc":"Der Valres Suisse Romande Fonds kommt unter neue Leitung: Die Leitung und Verwaltung \u00fcbernimmt eine Fondsleitung aus der J. Safra Sarasin Gruppe.","_yoast_wpseo_linkdex":46,"pgc_sgb_lightbox_settings":"","footnotes":""},"categories":[988],"tags":[1344,1816,1830],"class_list":["post-15763","post","type-post","status-publish","format-standard","has-post-thumbnail","hentry","category-unternehmen","tag-immobilienfonds","tag-valres","tag-verkauf"],"acf":[],"yoast_head":"<!-- This site is optimized with the Yoast SEO plugin v27.5 - https:\/\/yoast.com\/product\/yoast-seo-wordpress\/ -->\n<title>J. Safra Sarasin \u00fcbernimmt Valres Suisse Romande Fonds - IMMOBILIEN Business<\/title>\n<meta name=\"description\" content=\"Der Valres Suisse Romande Fonds kommt unter neue Leitung: Die Leitung und Verwaltung \u00fcbernimmt eine Fondsleitung aus der J. Safra Sarasin Gruppe.\" \/>\n<meta name=\"robots\" content=\"index, follow, max-snippet:-1, max-image-preview:large, max-video-preview:-1\" \/>\n<link rel=\"canonical\" href=\"https:\/\/www.immobilienbusiness.ch\/de\/unternehmen\/2019-02-04\/j-safra-sarasin-uebernimmt-valres-suisse-romande-fonds\/\" \/>\n<meta property=\"og:locale\" content=\"de_DE\" \/>\n<meta property=\"og:type\" content=\"article\" \/>\n<meta property=\"og:title\" content=\"J. Safra Sarasin \u00fcbernimmt Valres Suisse Romande Fonds - IMMOBILIEN Business\" \/>\n<meta property=\"og:description\" content=\"Der Valres Suisse Romande Fonds kommt unter neue Leitung: Die Leitung und Verwaltung \u00fcbernimmt eine Fondsleitung aus der J. Safra Sarasin Gruppe.\" \/>\n<meta property=\"og:url\" content=\"https:\/\/www.immobilienbusiness.ch\/de\/unternehmen\/2019-02-04\/j-safra-sarasin-uebernimmt-valres-suisse-romande-fonds\/\" \/>\n<meta property=\"og:site_name\" content=\"IMMOBILIEN Business\" \/>\n<meta property=\"article:publisher\" content=\"https:\/\/www.facebook.com\/immobilienbusiness\/\" \/>\n<meta property=\"article:published_time\" content=\"2019-02-04T07:47:17+00:00\" \/>\n<meta property=\"og:image\" content=\"https:\/\/www.immobilienbusiness.ch\/wp-content\/uploads\/2018\/12\/Depositphotos_80147336_m-2015.jpg\" \/>\n\t<meta property=\"og:image:width\" content=\"999\" \/>\n\t<meta property=\"og:image:height\" content=\"667\" \/>\n\t<meta property=\"og:image:type\" content=\"image\/jpeg\" \/>\n<meta name=\"author\" content=\"anja.hall\" \/>\n<meta name=\"twitter:card\" content=\"summary_large_image\" \/>\n<meta name=\"twitter:image\" content=\"https:\/\/www.immobilienbusiness.ch\/wp-content\/uploads\/2018\/12\/Depositphotos_80147336_m-2015.jpg\" \/>\n<script type=\"application\/ld+json\" class=\"yoast-schema-graph\">{\"@context\":\"https:\\\/\\\/schema.org\",\"@graph\":[{\"@type\":\"Article\",\"@id\":\"https:\\\/\\\/www.immobilienbusiness.ch\\\/de\\\/unternehmen\\\/2019-02-04\\\/j-safra-sarasin-uebernimmt-valres-suisse-romande-fonds\\\/#article\",\"isPartOf\":{\"@id\":\"https:\\\/\\\/www.immobilienbusiness.ch\\\/de\\\/unternehmen\\\/2019-02-04\\\/j-safra-sarasin-uebernimmt-valres-suisse-romande-fonds\\\/\"},\"author\":{\"name\":\"anja.hall\",\"@id\":\"https:\\\/\\\/www.immobilienbusiness.ch\\\/#\\\/schema\\\/person\\\/3fc036297b10b9f42d6db5ee932af8c8\"},\"headline\":\"J. Safra Sarasin \u00fcbernimmt Valres Suisse Romande Fonds\",\"datePublished\":\"2019-02-04T07:47:17+00:00\",\"mainEntityOfPage\":{\"@id\":\"https:\\\/\\\/www.immobilienbusiness.ch\\\/de\\\/unternehmen\\\/2019-02-04\\\/j-safra-sarasin-uebernimmt-valres-suisse-romande-fonds\\\/\"},\"wordCount\":113,\"publisher\":{\"@id\":\"https:\\\/\\\/www.immobilienbusiness.ch\\\/#organization\"},\"image\":{\"@id\":\"https:\\\/\\\/www.immobilienbusiness.ch\\\/de\\\/unternehmen\\\/2019-02-04\\\/j-safra-sarasin-uebernimmt-valres-suisse-romande-fonds\\\/#primaryimage\"},\"thumbnailUrl\":\"https:\\\/\\\/www.immobilienbusiness.ch\\\/wp-content\\\/uploads\\\/2018\\\/12\\\/Depositphotos_80147336_m-2015.jpg\",\"keywords\":[\"Immobilienfonds\",\"Valres\",\"Verkauf\"],\"articleSection\":[\"UNTERNEHMEN\"],\"inLanguage\":\"de\"},{\"@type\":\"WebPage\",\"@id\":\"https:\\\/\\\/www.immobilienbusiness.ch\\\/de\\\/unternehmen\\\/2019-02-04\\\/j-safra-sarasin-uebernimmt-valres-suisse-romande-fonds\\\/\",\"url\":\"https:\\\/\\\/www.immobilienbusiness.ch\\\/de\\\/unternehmen\\\/2019-02-04\\\/j-safra-sarasin-uebernimmt-valres-suisse-romande-fonds\\\/\",\"name\":\"J. Safra Sarasin \u00fcbernimmt Valres Suisse Romande Fonds - IMMOBILIEN Business\",\"isPartOf\":{\"@id\":\"https:\\\/\\\/www.immobilienbusiness.ch\\\/#website\"},\"primaryImageOfPage\":{\"@id\":\"https:\\\/\\\/www.immobilienbusiness.ch\\\/de\\\/unternehmen\\\/2019-02-04\\\/j-safra-sarasin-uebernimmt-valres-suisse-romande-fonds\\\/#primaryimage\"},\"image\":{\"@id\":\"https:\\\/\\\/www.immobilienbusiness.ch\\\/de\\\/unternehmen\\\/2019-02-04\\\/j-safra-sarasin-uebernimmt-valres-suisse-romande-fonds\\\/#primaryimage\"},\"thumbnailUrl\":\"https:\\\/\\\/www.immobilienbusiness.ch\\\/wp-content\\\/uploads\\\/2018\\\/12\\\/Depositphotos_80147336_m-2015.jpg\",\"datePublished\":\"2019-02-04T07:47:17+00:00\",\"description\":\"Der Valres Suisse Romande Fonds kommt unter neue Leitung: Die Leitung und Verwaltung \u00fcbernimmt eine Fondsleitung aus der J. Safra Sarasin Gruppe.\",\"breadcrumb\":{\"@id\":\"https:\\\/\\\/www.immobilienbusiness.ch\\\/de\\\/unternehmen\\\/2019-02-04\\\/j-safra-sarasin-uebernimmt-valres-suisse-romande-fonds\\\/#breadcrumb\"},\"inLanguage\":\"de\",\"potentialAction\":[{\"@type\":\"ReadAction\",\"target\":[\"https:\\\/\\\/www.immobilienbusiness.ch\\\/de\\\/unternehmen\\\/2019-02-04\\\/j-safra-sarasin-uebernimmt-valres-suisse-romande-fonds\\\/\"]}]},{\"@type\":\"ImageObject\",\"inLanguage\":\"de\",\"@id\":\"https:\\\/\\\/www.immobilienbusiness.ch\\\/de\\\/unternehmen\\\/2019-02-04\\\/j-safra-sarasin-uebernimmt-valres-suisse-romande-fonds\\\/#primaryimage\",\"url\":\"https:\\\/\\\/www.immobilienbusiness.ch\\\/wp-content\\\/uploads\\\/2018\\\/12\\\/Depositphotos_80147336_m-2015.jpg\",\"contentUrl\":\"https:\\\/\\\/www.immobilienbusiness.ch\\\/wp-content\\\/uploads\\\/2018\\\/12\\\/Depositphotos_80147336_m-2015.jpg\",\"width\":999,\"height\":667,\"caption\":\"(Bild: stockasso - depositphotos)\"},{\"@type\":\"BreadcrumbList\",\"@id\":\"https:\\\/\\\/www.immobilienbusiness.ch\\\/de\\\/unternehmen\\\/2019-02-04\\\/j-safra-sarasin-uebernimmt-valres-suisse-romande-fonds\\\/#breadcrumb\",\"itemListElement\":[{\"@type\":\"ListItem\",\"position\":1,\"name\":\"Home\",\"item\":\"https:\\\/\\\/www.immobilienbusiness.ch\\\/\"},{\"@type\":\"ListItem\",\"position\":2,\"name\":\"J. Safra Sarasin \u00fcbernimmt Valres Suisse Romande Fonds\"}]},{\"@type\":\"WebSite\",\"@id\":\"https:\\\/\\\/www.immobilienbusiness.ch\\\/#website\",\"url\":\"https:\\\/\\\/www.immobilienbusiness.ch\\\/\",\"name\":\"IMMOBILIEN Business\",\"description\":\"Unabh\u00e4ngiges Schweizer Wirtschaftsmagazin mit Fokus auf Immobilien, Architektur- und Bau sowie Investment- und Finanzierung.\",\"publisher\":{\"@id\":\"https:\\\/\\\/www.immobilienbusiness.ch\\\/#organization\"},\"potentialAction\":[{\"@type\":\"SearchAction\",\"target\":{\"@type\":\"EntryPoint\",\"urlTemplate\":\"https:\\\/\\\/www.immobilienbusiness.ch\\\/?s={search_term_string}\"},\"query-input\":{\"@type\":\"PropertyValueSpecification\",\"valueRequired\":true,\"valueName\":\"search_term_string\"}}],\"inLanguage\":\"de\"},{\"@type\":\"Organization\",\"@id\":\"https:\\\/\\\/www.immobilienbusiness.ch\\\/#organization\",\"name\":\"IMMOBILIEN Business\",\"url\":\"https:\\\/\\\/www.immobilienbusiness.ch\\\/\",\"logo\":{\"@type\":\"ImageObject\",\"inLanguage\":\"de\",\"@id\":\"https:\\\/\\\/www.immobilienbusiness.ch\\\/#\\\/schema\\\/logo\\\/image\\\/\",\"url\":\"https:\\\/\\\/www.immobilienbusiness.ch\\\/wp-content\\\/uploads\\\/2021\\\/07\\\/logo_ib.png\",\"contentUrl\":\"https:\\\/\\\/www.immobilienbusiness.ch\\\/wp-content\\\/uploads\\\/2021\\\/07\\\/logo_ib.png\",\"width\":800,\"height\":181,\"caption\":\"IMMOBILIEN Business\"},\"image\":{\"@id\":\"https:\\\/\\\/www.immobilienbusiness.ch\\\/#\\\/schema\\\/logo\\\/image\\\/\"},\"sameAs\":[\"https:\\\/\\\/www.facebook.com\\\/immobilienbusiness\\\/\"]},{\"@type\":\"Person\",\"@id\":\"https:\\\/\\\/www.immobilienbusiness.ch\\\/#\\\/schema\\\/person\\\/3fc036297b10b9f42d6db5ee932af8c8\",\"name\":\"anja.hall\",\"image\":{\"@type\":\"ImageObject\",\"inLanguage\":\"de\",\"@id\":\"https:\\\/\\\/secure.gravatar.com\\\/avatar\\\/066b5a0d447013502c71a5782f4f3469f03cfe595cc2329fb94652fe47511bfb?s=96&d=mm&r=g\",\"url\":\"https:\\\/\\\/secure.gravatar.com\\\/avatar\\\/066b5a0d447013502c71a5782f4f3469f03cfe595cc2329fb94652fe47511bfb?s=96&d=mm&r=g\",\"contentUrl\":\"https:\\\/\\\/secure.gravatar.com\\\/avatar\\\/066b5a0d447013502c71a5782f4f3469f03cfe595cc2329fb94652fe47511bfb?s=96&d=mm&r=g\",\"caption\":\"anja.hall\"},\"url\":\"https:\\\/\\\/www.immobilienbusiness.ch\\\/de\\\/author\\\/anja-hall\\\/\"}]}<\/script>\n<!-- \/ Yoast SEO plugin. -->","yoast_head_json":{"title":"J. Safra Sarasin \u00fcbernimmt Valres Suisse Romande Fonds - IMMOBILIEN Business","description":"Der Valres Suisse Romande Fonds kommt unter neue Leitung: Die Leitung und Verwaltung \u00fcbernimmt eine Fondsleitung aus der J. Safra Sarasin Gruppe.","robots":{"index":"index","follow":"follow","max-snippet":"max-snippet:-1","max-image-preview":"max-image-preview:large","max-video-preview":"max-video-preview:-1"},"canonical":"https:\/\/www.immobilienbusiness.ch\/de\/unternehmen\/2019-02-04\/j-safra-sarasin-uebernimmt-valres-suisse-romande-fonds\/","og_locale":"de_DE","og_type":"article","og_title":"J. Safra Sarasin \u00fcbernimmt Valres Suisse Romande Fonds - IMMOBILIEN Business","og_description":"Der Valres Suisse Romande Fonds kommt unter neue Leitung: Die Leitung und Verwaltung \u00fcbernimmt eine Fondsleitung aus der J. Safra Sarasin Gruppe.","og_url":"https:\/\/www.immobilienbusiness.ch\/de\/unternehmen\/2019-02-04\/j-safra-sarasin-uebernimmt-valres-suisse-romande-fonds\/","og_site_name":"IMMOBILIEN Business","article_publisher":"https:\/\/www.facebook.com\/immobilienbusiness\/","article_published_time":"2019-02-04T07:47:17+00:00","og_image":[{"width":999,"height":667,"url":"https:\/\/www.immobilienbusiness.ch\/wp-content\/uploads\/2018\/12\/Depositphotos_80147336_m-2015.jpg","type":"image\/jpeg"}],"author":"anja.hall","twitter_card":"summary_large_image","twitter_image":"https:\/\/www.immobilienbusiness.ch\/wp-content\/uploads\/2018\/12\/Depositphotos_80147336_m-2015.jpg","schema":{"@context":"https:\/\/schema.org","@graph":[{"@type":"Article","@id":"https:\/\/www.immobilienbusiness.ch\/de\/unternehmen\/2019-02-04\/j-safra-sarasin-uebernimmt-valres-suisse-romande-fonds\/#article","isPartOf":{"@id":"https:\/\/www.immobilienbusiness.ch\/de\/unternehmen\/2019-02-04\/j-safra-sarasin-uebernimmt-valres-suisse-romande-fonds\/"},"author":{"name":"anja.hall","@id":"https:\/\/www.immobilienbusiness.ch\/#\/schema\/person\/3fc036297b10b9f42d6db5ee932af8c8"},"headline":"J. Safra Sarasin \u00fcbernimmt Valres Suisse Romande Fonds","datePublished":"2019-02-04T07:47:17+00:00","mainEntityOfPage":{"@id":"https:\/\/www.immobilienbusiness.ch\/de\/unternehmen\/2019-02-04\/j-safra-sarasin-uebernimmt-valres-suisse-romande-fonds\/"},"wordCount":113,"publisher":{"@id":"https:\/\/www.immobilienbusiness.ch\/#organization"},"image":{"@id":"https:\/\/www.immobilienbusiness.ch\/de\/unternehmen\/2019-02-04\/j-safra-sarasin-uebernimmt-valres-suisse-romande-fonds\/#primaryimage"},"thumbnailUrl":"https:\/\/www.immobilienbusiness.ch\/wp-content\/uploads\/2018\/12\/Depositphotos_80147336_m-2015.jpg","keywords":["Immobilienfonds","Valres","Verkauf"],"articleSection":["UNTERNEHMEN"],"inLanguage":"de"},{"@type":"WebPage","@id":"https:\/\/www.immobilienbusiness.ch\/de\/unternehmen\/2019-02-04\/j-safra-sarasin-uebernimmt-valres-suisse-romande-fonds\/","url":"https:\/\/www.immobilienbusiness.ch\/de\/unternehmen\/2019-02-04\/j-safra-sarasin-uebernimmt-valres-suisse-romande-fonds\/","name":"J. Safra Sarasin \u00fcbernimmt Valres Suisse Romande Fonds - IMMOBILIEN Business","isPartOf":{"@id":"https:\/\/www.immobilienbusiness.ch\/#website"},"primaryImageOfPage":{"@id":"https:\/\/www.immobilienbusiness.ch\/de\/unternehmen\/2019-02-04\/j-safra-sarasin-uebernimmt-valres-suisse-romande-fonds\/#primaryimage"},"image":{"@id":"https:\/\/www.immobilienbusiness.ch\/de\/unternehmen\/2019-02-04\/j-safra-sarasin-uebernimmt-valres-suisse-romande-fonds\/#primaryimage"},"thumbnailUrl":"https:\/\/www.immobilienbusiness.ch\/wp-content\/uploads\/2018\/12\/Depositphotos_80147336_m-2015.jpg","datePublished":"2019-02-04T07:47:17+00:00","description":"Der Valres Suisse Romande Fonds kommt unter neue Leitung: Die Leitung und Verwaltung \u00fcbernimmt eine Fondsleitung aus der J. Safra Sarasin Gruppe.","breadcrumb":{"@id":"https:\/\/www.immobilienbusiness.ch\/de\/unternehmen\/2019-02-04\/j-safra-sarasin-uebernimmt-valres-suisse-romande-fonds\/#breadcrumb"},"inLanguage":"de","potentialAction":[{"@type":"ReadAction","target":["https:\/\/www.immobilienbusiness.ch\/de\/unternehmen\/2019-02-04\/j-safra-sarasin-uebernimmt-valres-suisse-romande-fonds\/"]}]},{"@type":"ImageObject","inLanguage":"de","@id":"https:\/\/www.immobilienbusiness.ch\/de\/unternehmen\/2019-02-04\/j-safra-sarasin-uebernimmt-valres-suisse-romande-fonds\/#primaryimage","url":"https:\/\/www.immobilienbusiness.ch\/wp-content\/uploads\/2018\/12\/Depositphotos_80147336_m-2015.jpg","contentUrl":"https:\/\/www.immobilienbusiness.ch\/wp-content\/uploads\/2018\/12\/Depositphotos_80147336_m-2015.jpg","width":999,"height":667,"caption":"(Bild: stockasso - depositphotos)"},{"@type":"BreadcrumbList","@id":"https:\/\/www.immobilienbusiness.ch\/de\/unternehmen\/2019-02-04\/j-safra-sarasin-uebernimmt-valres-suisse-romande-fonds\/#breadcrumb","itemListElement":[{"@type":"ListItem","position":1,"name":"Home","item":"https:\/\/www.immobilienbusiness.ch\/"},{"@type":"ListItem","position":2,"name":"J. Safra Sarasin \u00fcbernimmt Valres Suisse Romande Fonds"}]},{"@type":"WebSite","@id":"https:\/\/www.immobilienbusiness.ch\/#website","url":"https:\/\/www.immobilienbusiness.ch\/","name":"IMMOBILIEN Business","description":"Unabh\u00e4ngiges Schweizer Wirtschaftsmagazin mit Fokus auf Immobilien, Architektur- und Bau sowie Investment- und Finanzierung.","publisher":{"@id":"https:\/\/www.immobilienbusiness.ch\/#organization"},"potentialAction":[{"@type":"SearchAction","target":{"@type":"EntryPoint","urlTemplate":"https:\/\/www.immobilienbusiness.ch\/?s={search_term_string}"},"query-input":{"@type":"PropertyValueSpecification","valueRequired":true,"valueName":"search_term_string"}}],"inLanguage":"de"},{"@type":"Organization","@id":"https:\/\/www.immobilienbusiness.ch\/#organization","name":"IMMOBILIEN Business","url":"https:\/\/www.immobilienbusiness.ch\/","logo":{"@type":"ImageObject","inLanguage":"de","@id":"https:\/\/www.immobilienbusiness.ch\/#\/schema\/logo\/image\/","url":"https:\/\/www.immobilienbusiness.ch\/wp-content\/uploads\/2021\/07\/logo_ib.png","contentUrl":"https:\/\/www.immobilienbusiness.ch\/wp-content\/uploads\/2021\/07\/logo_ib.png","width":800,"height":181,"caption":"IMMOBILIEN Business"},"image":{"@id":"https:\/\/www.immobilienbusiness.ch\/#\/schema\/logo\/image\/"},"sameAs":["https:\/\/www.facebook.com\/immobilienbusiness\/"]},{"@type":"Person","@id":"https:\/\/www.immobilienbusiness.ch\/#\/schema\/person\/3fc036297b10b9f42d6db5ee932af8c8","name":"anja.hall","image":{"@type":"ImageObject","inLanguage":"de","@id":"https:\/\/secure.gravatar.com\/avatar\/066b5a0d447013502c71a5782f4f3469f03cfe595cc2329fb94652fe47511bfb?s=96&d=mm&r=g","url":"https:\/\/secure.gravatar.com\/avatar\/066b5a0d447013502c71a5782f4f3469f03cfe595cc2329fb94652fe47511bfb?s=96&d=mm&r=g","contentUrl":"https:\/\/secure.gravatar.com\/avatar\/066b5a0d447013502c71a5782f4f3469f03cfe595cc2329fb94652fe47511bfb?s=96&d=mm&r=g","caption":"anja.hall"},"url":"https:\/\/www.immobilienbusiness.ch\/de\/author\/anja-hall\/"}]}},"_links":{"self":[{"href":"https:\/\/www.immobilienbusiness.ch\/de\/wp-json\/wp\/v2\/posts\/15763","targetHints":{"allow":["GET"]}}],"collection":[{"href":"https:\/\/www.immobilienbusiness.ch\/de\/wp-json\/wp\/v2\/posts"}],"about":[{"href":"https:\/\/www.immobilienbusiness.ch\/de\/wp-json\/wp\/v2\/types\/post"}],"author":[{"embeddable":true,"href":"https:\/\/www.immobilienbusiness.ch\/de\/wp-json\/wp\/v2\/users\/3"}],"replies":[{"embeddable":true,"href":"https:\/\/www.immobilienbusiness.ch\/de\/wp-json\/wp\/v2\/comments?post=15763"}],"version-history":[{"count":0,"href":"https:\/\/www.immobilienbusiness.ch\/de\/wp-json\/wp\/v2\/posts\/15763\/revisions"}],"wp:featuredmedia":[{"embeddable":true,"href":"https:\/\/www.immobilienbusiness.ch\/de\/wp-json\/wp\/v2\/media\/15182"}],"wp:attachment":[{"href":"https:\/\/www.immobilienbusiness.ch\/de\/wp-json\/wp\/v2\/media?parent=15763"}],"wp:term":[{"taxonomy":"category","embeddable":true,"href":"https:\/\/www.immobilienbusiness.ch\/de\/wp-json\/wp\/v2\/categories?post=15763"},{"taxonomy":"post_tag","embeddable":true,"href":"https:\/\/www.immobilienbusiness.ch\/de\/wp-json\/wp\/v2\/tags?post=15763"}],"curies":[{"name":"wp","href":"https:\/\/api.w.org\/{rel}","templated":true}]}}