{"id":1568,"date":"2021-03-30T08:35:18","date_gmt":"2021-03-30T06:35:18","guid":{"rendered":"https:\/\/develop.immobilienbusiness.ch\/de\/allgemein\/2021-03-30\/sf-retail-properties-erweitert-das-portfolio\/"},"modified":"2023-07-04T08:32:04","modified_gmt":"2023-07-04T06:32:04","slug":"sf-retail-properties-erweitert-das-portfolio-2","status":"publish","type":"post","link":"https:\/\/www.immobilienbusiness.ch\/de\/ib\/2021-03-30\/sf-retail-properties-erweitert-das-portfolio-2\/","title":{"rendered":"SF Retail Properties erweitert das Portfolio"},"content":{"rendered":"<div class=\"swpm-post-not-logged-in-msg\">Du musst angemeldet sein, um diesen Inhalt sehen zu k\u00f6nnen. Bitte <a class=\"swpm-login-link\" href=\"https:\/\/www.immobilienbusiness.ch\/login\/?swpm_redirect_to=https%3A%2F%2Fwww.immobilienbusiness.ch%2Fde%2Fwp-json%2Fwp%2Fv2%2Fposts%2F1568\">Einloggen<\/a>. Kein Mitglied? <a href=\"https:\/\/www.immobilienbusiness.ch\/registrieren\/\">Noch kein Mitglied? Registriere dich hier! <\/a><\/div>","protected":false},"excerpt":{"rendered":"<p><span><span><span>Der SF Retail Properties Fund hat im Gesch\u00e4ftsjahr 2020 zwei Zuk\u00e4ufe und eine Arrondierung get\u00e4tigt. Insgesamt h\u00e4lt der Fonds Liegenschaften im Wert von rund 805 Millionen CHF im Bestand. Weitere Zuk\u00e4ufe sind geplant.<\/span><\/span><\/span><\/p>\n","protected":false},"author":3,"featured_media":0,"comment_status":"closed","ping_status":"closed","sticky":false,"template":"","format":"standard","meta":{"_acf_changed":false,"_yoast_wpseo_focuskw":"SF Retail Properties Fund","_yoast_wpseo_title":"","_yoast_wpseo_metadesc":"Der SF Retail Properties Fund hat im Gesch\u00e4ftsjahr 2020 zwei Zuk\u00e4ufe und eine Arrondierung get\u00e4tigt. Insgesamt h\u00e4lt der Fonds Liegenschaften im Wert von rund 805 Millionen CHF im Bestand. Weitere Zuk\u00e4ufe sind geplant.","_yoast_wpseo_linkdex":55,"pgc_sgb_lightbox_settings":"","footnotes":""},"categories":[1951],"tags":[1344,1984,1643],"class_list":["post-1568","post","type-post","status-publish","format-standard","hentry","category-ib","tag-immobilienfonds","tag-potentieller-kaufer","tag-retail"],"acf":[],"yoast_head":"<!-- This site is optimized with the Yoast SEO plugin v27.5 - https:\/\/yoast.com\/product\/yoast-seo-wordpress\/ -->\n<title>SF Retail Properties erweitert das Portfolio - IMMOBILIEN Business<\/title>\n<meta name=\"description\" content=\"Der SF Retail Properties Fund hat im Gesch\u00e4ftsjahr 2020 zwei Zuk\u00e4ufe und eine Arrondierung get\u00e4tigt. Insgesamt h\u00e4lt der Fonds Liegenschaften im Wert von rund 805 Millionen CHF im Bestand. Weitere Zuk\u00e4ufe sind geplant.\" \/>\n<meta name=\"robots\" content=\"index, follow, max-snippet:-1, max-image-preview:large, max-video-preview:-1\" \/>\n<link rel=\"canonical\" href=\"https:\/\/www.immobilienbusiness.ch\/de\/ib\/2021-03-30\/sf-retail-properties-erweitert-das-portfolio-2\/\" \/>\n<meta property=\"og:locale\" content=\"de_DE\" \/>\n<meta property=\"og:type\" content=\"article\" \/>\n<meta property=\"og:title\" content=\"SF Retail Properties erweitert das Portfolio - IMMOBILIEN Business\" \/>\n<meta property=\"og:description\" content=\"Der SF Retail Properties Fund hat im Gesch\u00e4ftsjahr 2020 zwei Zuk\u00e4ufe und eine Arrondierung get\u00e4tigt. Insgesamt h\u00e4lt der Fonds Liegenschaften im Wert von rund 805 Millionen CHF im Bestand. Weitere Zuk\u00e4ufe sind geplant.\" \/>\n<meta property=\"og:url\" content=\"https:\/\/www.immobilienbusiness.ch\/de\/ib\/2021-03-30\/sf-retail-properties-erweitert-das-portfolio-2\/\" \/>\n<meta property=\"og:site_name\" content=\"IMMOBILIEN Business\" \/>\n<meta property=\"article:publisher\" content=\"https:\/\/www.facebook.com\/immobilienbusiness\/\" \/>\n<meta property=\"article:published_time\" content=\"2021-03-30T06:35:18+00:00\" \/>\n<meta property=\"article:modified_time\" content=\"2023-07-04T06:32:04+00:00\" \/>\n<meta name=\"author\" content=\"anja.hall\" \/>\n<meta name=\"twitter:card\" content=\"summary_large_image\" \/>\n<script type=\"application\/ld+json\" class=\"yoast-schema-graph\">{\"@context\":\"https:\\\/\\\/schema.org\",\"@graph\":[{\"@type\":\"Article\",\"@id\":\"https:\\\/\\\/www.immobilienbusiness.ch\\\/fr\\\/ib\\\/2021-03-30\\\/sf-retail-properties-erweitert-das-portfolio-2\\\/#article\",\"isPartOf\":{\"@id\":\"https:\\\/\\\/www.immobilienbusiness.ch\\\/fr\\\/ib\\\/2021-03-30\\\/sf-retail-properties-erweitert-das-portfolio-2\\\/\"},\"author\":{\"name\":\"anja.hall\",\"@id\":\"https:\\\/\\\/www.immobilienbusiness.ch\\\/#\\\/schema\\\/person\\\/3fc036297b10b9f42d6db5ee932af8c8\"},\"headline\":\"SF Retail Properties erweitert das Portfolio\",\"datePublished\":\"2021-03-30T06:35:18+00:00\",\"dateModified\":\"2023-07-04T06:32:04+00:00\",\"mainEntityOfPage\":{\"@id\":\"https:\\\/\\\/www.immobilienbusiness.ch\\\/fr\\\/ib\\\/2021-03-30\\\/sf-retail-properties-erweitert-das-portfolio-2\\\/\"},\"wordCount\":459,\"publisher\":{\"@id\":\"https:\\\/\\\/www.immobilienbusiness.ch\\\/#organization\"},\"keywords\":[\"Immobilienfonds\",\"potentieller K\u00e4ufer\",\"Retail\"],\"articleSection\":[\"IB+\"],\"inLanguage\":\"de\"},{\"@type\":\"WebPage\",\"@id\":\"https:\\\/\\\/www.immobilienbusiness.ch\\\/fr\\\/ib\\\/2021-03-30\\\/sf-retail-properties-erweitert-das-portfolio-2\\\/\",\"url\":\"https:\\\/\\\/www.immobilienbusiness.ch\\\/fr\\\/ib\\\/2021-03-30\\\/sf-retail-properties-erweitert-das-portfolio-2\\\/\",\"name\":\"SF Retail Properties erweitert das Portfolio - IMMOBILIEN Business\",\"isPartOf\":{\"@id\":\"https:\\\/\\\/www.immobilienbusiness.ch\\\/#website\"},\"datePublished\":\"2021-03-30T06:35:18+00:00\",\"dateModified\":\"2023-07-04T06:32:04+00:00\",\"description\":\"Der SF Retail Properties Fund hat im Gesch\u00e4ftsjahr 2020 zwei Zuk\u00e4ufe und eine Arrondierung get\u00e4tigt. Insgesamt h\u00e4lt der Fonds Liegenschaften im Wert von rund 805 Millionen CHF im Bestand. Weitere Zuk\u00e4ufe sind geplant.\",\"breadcrumb\":{\"@id\":\"https:\\\/\\\/www.immobilienbusiness.ch\\\/fr\\\/ib\\\/2021-03-30\\\/sf-retail-properties-erweitert-das-portfolio-2\\\/#breadcrumb\"},\"inLanguage\":\"de\",\"potentialAction\":[{\"@type\":\"ReadAction\",\"target\":[\"https:\\\/\\\/www.immobilienbusiness.ch\\\/fr\\\/ib\\\/2021-03-30\\\/sf-retail-properties-erweitert-das-portfolio-2\\\/\"]}]},{\"@type\":\"BreadcrumbList\",\"@id\":\"https:\\\/\\\/www.immobilienbusiness.ch\\\/fr\\\/ib\\\/2021-03-30\\\/sf-retail-properties-erweitert-das-portfolio-2\\\/#breadcrumb\",\"itemListElement\":[{\"@type\":\"ListItem\",\"position\":1,\"name\":\"Home\",\"item\":\"https:\\\/\\\/www.immobilienbusiness.ch\\\/\"},{\"@type\":\"ListItem\",\"position\":2,\"name\":\"SF Retail Properties erweitert das Portfolio\"}]},{\"@type\":\"WebSite\",\"@id\":\"https:\\\/\\\/www.immobilienbusiness.ch\\\/#website\",\"url\":\"https:\\\/\\\/www.immobilienbusiness.ch\\\/\",\"name\":\"IMMOBILIEN Business\",\"description\":\"Unabh\u00e4ngiges Schweizer Wirtschaftsmagazin mit Fokus auf Immobilien, Architektur- und Bau sowie Investment- und Finanzierung.\",\"publisher\":{\"@id\":\"https:\\\/\\\/www.immobilienbusiness.ch\\\/#organization\"},\"potentialAction\":[{\"@type\":\"SearchAction\",\"target\":{\"@type\":\"EntryPoint\",\"urlTemplate\":\"https:\\\/\\\/www.immobilienbusiness.ch\\\/?s={search_term_string}\"},\"query-input\":{\"@type\":\"PropertyValueSpecification\",\"valueRequired\":true,\"valueName\":\"search_term_string\"}}],\"inLanguage\":\"de\"},{\"@type\":\"Organization\",\"@id\":\"https:\\\/\\\/www.immobilienbusiness.ch\\\/#organization\",\"name\":\"IMMOBILIEN Business\",\"url\":\"https:\\\/\\\/www.immobilienbusiness.ch\\\/\",\"logo\":{\"@type\":\"ImageObject\",\"inLanguage\":\"de\",\"@id\":\"https:\\\/\\\/www.immobilienbusiness.ch\\\/#\\\/schema\\\/logo\\\/image\\\/\",\"url\":\"https:\\\/\\\/www.immobilienbusiness.ch\\\/wp-content\\\/uploads\\\/2021\\\/07\\\/logo_ib.png\",\"contentUrl\":\"https:\\\/\\\/www.immobilienbusiness.ch\\\/wp-content\\\/uploads\\\/2021\\\/07\\\/logo_ib.png\",\"width\":800,\"height\":181,\"caption\":\"IMMOBILIEN Business\"},\"image\":{\"@id\":\"https:\\\/\\\/www.immobilienbusiness.ch\\\/#\\\/schema\\\/logo\\\/image\\\/\"},\"sameAs\":[\"https:\\\/\\\/www.facebook.com\\\/immobilienbusiness\\\/\"]},{\"@type\":\"Person\",\"@id\":\"https:\\\/\\\/www.immobilienbusiness.ch\\\/#\\\/schema\\\/person\\\/3fc036297b10b9f42d6db5ee932af8c8\",\"name\":\"anja.hall\",\"image\":{\"@type\":\"ImageObject\",\"inLanguage\":\"de\",\"@id\":\"https:\\\/\\\/secure.gravatar.com\\\/avatar\\\/066b5a0d447013502c71a5782f4f3469f03cfe595cc2329fb94652fe47511bfb?s=96&d=mm&r=g\",\"url\":\"https:\\\/\\\/secure.gravatar.com\\\/avatar\\\/066b5a0d447013502c71a5782f4f3469f03cfe595cc2329fb94652fe47511bfb?s=96&d=mm&r=g\",\"contentUrl\":\"https:\\\/\\\/secure.gravatar.com\\\/avatar\\\/066b5a0d447013502c71a5782f4f3469f03cfe595cc2329fb94652fe47511bfb?s=96&d=mm&r=g\",\"caption\":\"anja.hall\"},\"url\":\"https:\\\/\\\/www.immobilienbusiness.ch\\\/de\\\/author\\\/anja-hall\\\/\"}]}<\/script>\n<!-- \/ Yoast SEO plugin. -->","yoast_head_json":{"title":"SF Retail Properties erweitert das Portfolio - IMMOBILIEN Business","description":"Der SF Retail Properties Fund hat im Gesch\u00e4ftsjahr 2020 zwei Zuk\u00e4ufe und eine Arrondierung get\u00e4tigt. Insgesamt h\u00e4lt der Fonds Liegenschaften im Wert von rund 805 Millionen CHF im Bestand. Weitere Zuk\u00e4ufe sind geplant.","robots":{"index":"index","follow":"follow","max-snippet":"max-snippet:-1","max-image-preview":"max-image-preview:large","max-video-preview":"max-video-preview:-1"},"canonical":"https:\/\/www.immobilienbusiness.ch\/de\/ib\/2021-03-30\/sf-retail-properties-erweitert-das-portfolio-2\/","og_locale":"de_DE","og_type":"article","og_title":"SF Retail Properties erweitert das Portfolio - IMMOBILIEN Business","og_description":"Der SF Retail Properties Fund hat im Gesch\u00e4ftsjahr 2020 zwei Zuk\u00e4ufe und eine Arrondierung get\u00e4tigt. Insgesamt h\u00e4lt der Fonds Liegenschaften im Wert von rund 805 Millionen CHF im Bestand. Weitere Zuk\u00e4ufe sind geplant.","og_url":"https:\/\/www.immobilienbusiness.ch\/de\/ib\/2021-03-30\/sf-retail-properties-erweitert-das-portfolio-2\/","og_site_name":"IMMOBILIEN Business","article_publisher":"https:\/\/www.facebook.com\/immobilienbusiness\/","article_published_time":"2021-03-30T06:35:18+00:00","article_modified_time":"2023-07-04T06:32:04+00:00","author":"anja.hall","twitter_card":"summary_large_image","schema":{"@context":"https:\/\/schema.org","@graph":[{"@type":"Article","@id":"https:\/\/www.immobilienbusiness.ch\/fr\/ib\/2021-03-30\/sf-retail-properties-erweitert-das-portfolio-2\/#article","isPartOf":{"@id":"https:\/\/www.immobilienbusiness.ch\/fr\/ib\/2021-03-30\/sf-retail-properties-erweitert-das-portfolio-2\/"},"author":{"name":"anja.hall","@id":"https:\/\/www.immobilienbusiness.ch\/#\/schema\/person\/3fc036297b10b9f42d6db5ee932af8c8"},"headline":"SF Retail Properties erweitert das Portfolio","datePublished":"2021-03-30T06:35:18+00:00","dateModified":"2023-07-04T06:32:04+00:00","mainEntityOfPage":{"@id":"https:\/\/www.immobilienbusiness.ch\/fr\/ib\/2021-03-30\/sf-retail-properties-erweitert-das-portfolio-2\/"},"wordCount":459,"publisher":{"@id":"https:\/\/www.immobilienbusiness.ch\/#organization"},"keywords":["Immobilienfonds","potentieller K\u00e4ufer","Retail"],"articleSection":["IB+"],"inLanguage":"de"},{"@type":"WebPage","@id":"https:\/\/www.immobilienbusiness.ch\/fr\/ib\/2021-03-30\/sf-retail-properties-erweitert-das-portfolio-2\/","url":"https:\/\/www.immobilienbusiness.ch\/fr\/ib\/2021-03-30\/sf-retail-properties-erweitert-das-portfolio-2\/","name":"SF Retail Properties erweitert das Portfolio - IMMOBILIEN Business","isPartOf":{"@id":"https:\/\/www.immobilienbusiness.ch\/#website"},"datePublished":"2021-03-30T06:35:18+00:00","dateModified":"2023-07-04T06:32:04+00:00","description":"Der SF Retail Properties Fund hat im Gesch\u00e4ftsjahr 2020 zwei Zuk\u00e4ufe und eine Arrondierung get\u00e4tigt. Insgesamt h\u00e4lt der Fonds Liegenschaften im Wert von rund 805 Millionen CHF im Bestand. Weitere Zuk\u00e4ufe sind geplant.","breadcrumb":{"@id":"https:\/\/www.immobilienbusiness.ch\/fr\/ib\/2021-03-30\/sf-retail-properties-erweitert-das-portfolio-2\/#breadcrumb"},"inLanguage":"de","potentialAction":[{"@type":"ReadAction","target":["https:\/\/www.immobilienbusiness.ch\/fr\/ib\/2021-03-30\/sf-retail-properties-erweitert-das-portfolio-2\/"]}]},{"@type":"BreadcrumbList","@id":"https:\/\/www.immobilienbusiness.ch\/fr\/ib\/2021-03-30\/sf-retail-properties-erweitert-das-portfolio-2\/#breadcrumb","itemListElement":[{"@type":"ListItem","position":1,"name":"Home","item":"https:\/\/www.immobilienbusiness.ch\/"},{"@type":"ListItem","position":2,"name":"SF Retail Properties erweitert das Portfolio"}]},{"@type":"WebSite","@id":"https:\/\/www.immobilienbusiness.ch\/#website","url":"https:\/\/www.immobilienbusiness.ch\/","name":"IMMOBILIEN Business","description":"Unabh\u00e4ngiges Schweizer Wirtschaftsmagazin mit Fokus auf Immobilien, Architektur- und Bau sowie Investment- und Finanzierung.","publisher":{"@id":"https:\/\/www.immobilienbusiness.ch\/#organization"},"potentialAction":[{"@type":"SearchAction","target":{"@type":"EntryPoint","urlTemplate":"https:\/\/www.immobilienbusiness.ch\/?s={search_term_string}"},"query-input":{"@type":"PropertyValueSpecification","valueRequired":true,"valueName":"search_term_string"}}],"inLanguage":"de"},{"@type":"Organization","@id":"https:\/\/www.immobilienbusiness.ch\/#organization","name":"IMMOBILIEN Business","url":"https:\/\/www.immobilienbusiness.ch\/","logo":{"@type":"ImageObject","inLanguage":"de","@id":"https:\/\/www.immobilienbusiness.ch\/#\/schema\/logo\/image\/","url":"https:\/\/www.immobilienbusiness.ch\/wp-content\/uploads\/2021\/07\/logo_ib.png","contentUrl":"https:\/\/www.immobilienbusiness.ch\/wp-content\/uploads\/2021\/07\/logo_ib.png","width":800,"height":181,"caption":"IMMOBILIEN Business"},"image":{"@id":"https:\/\/www.immobilienbusiness.ch\/#\/schema\/logo\/image\/"},"sameAs":["https:\/\/www.facebook.com\/immobilienbusiness\/"]},{"@type":"Person","@id":"https:\/\/www.immobilienbusiness.ch\/#\/schema\/person\/3fc036297b10b9f42d6db5ee932af8c8","name":"anja.hall","image":{"@type":"ImageObject","inLanguage":"de","@id":"https:\/\/secure.gravatar.com\/avatar\/066b5a0d447013502c71a5782f4f3469f03cfe595cc2329fb94652fe47511bfb?s=96&d=mm&r=g","url":"https:\/\/secure.gravatar.com\/avatar\/066b5a0d447013502c71a5782f4f3469f03cfe595cc2329fb94652fe47511bfb?s=96&d=mm&r=g","contentUrl":"https:\/\/secure.gravatar.com\/avatar\/066b5a0d447013502c71a5782f4f3469f03cfe595cc2329fb94652fe47511bfb?s=96&d=mm&r=g","caption":"anja.hall"},"url":"https:\/\/www.immobilienbusiness.ch\/de\/author\/anja-hall\/"}]}},"_links":{"self":[{"href":"https:\/\/www.immobilienbusiness.ch\/de\/wp-json\/wp\/v2\/posts\/1568","targetHints":{"allow":["GET"]}}],"collection":[{"href":"https:\/\/www.immobilienbusiness.ch\/de\/wp-json\/wp\/v2\/posts"}],"about":[{"href":"https:\/\/www.immobilienbusiness.ch\/de\/wp-json\/wp\/v2\/types\/post"}],"author":[{"embeddable":true,"href":"https:\/\/www.immobilienbusiness.ch\/de\/wp-json\/wp\/v2\/users\/3"}],"replies":[{"embeddable":true,"href":"https:\/\/www.immobilienbusiness.ch\/de\/wp-json\/wp\/v2\/comments?post=1568"}],"version-history":[{"count":1,"href":"https:\/\/www.immobilienbusiness.ch\/de\/wp-json\/wp\/v2\/posts\/1568\/revisions"}],"predecessor-version":[{"id":49422,"href":"https:\/\/www.immobilienbusiness.ch\/de\/wp-json\/wp\/v2\/posts\/1568\/revisions\/49422"}],"wp:attachment":[{"href":"https:\/\/www.immobilienbusiness.ch\/de\/wp-json\/wp\/v2\/media?parent=1568"}],"wp:term":[{"taxonomy":"category","embeddable":true,"href":"https:\/\/www.immobilienbusiness.ch\/de\/wp-json\/wp\/v2\/categories?post=1568"},{"taxonomy":"post_tag","embeddable":true,"href":"https:\/\/www.immobilienbusiness.ch\/de\/wp-json\/wp\/v2\/tags?post=1568"}],"curies":[{"name":"wp","href":"https:\/\/api.w.org\/{rel}","templated":true}]}}