{"id":1537,"date":"2015-11-13T11:29:48","date_gmt":"2015-11-13T10:29:48","guid":{"rendered":"http:\/\/dev.immobilienbusiness.ch\/?p=1537"},"modified":"2015-11-13T11:29:48","modified_gmt":"2015-11-13T10:29:48","slug":"glarus-privater-investor-kauft-electrolux-areal","status":"publish","type":"post","link":"https:\/\/www.immobilienbusiness.ch\/de\/allgemein\/2015-11-13\/glarus-privater-investor-kauft-electrolux-areal\/","title":{"rendered":"Glarus: Privater Investor kauft Electrolux-Areal"},"content":{"rendered":"<p><img loading=\"lazy\" decoding=\"async\" class=\"alignnone size-medium wp-image-1538\" src=\"https:\/\/immobilienbusiness.ch\/wp-content\/uploads\/2016\/12\/Glarus-Privater-Investor-kauft-Electrolux-Areal-immobilien-business.jpg\" alt=\"glarus-privater-investor-kauft-electrolux-areal-immobilien-business\" width=\"680\" height=\"510\" srcset=\"https:\/\/www.immobilienbusiness.ch\/wp-content\/uploads\/2016\/12\/Glarus-Privater-Investor-kauft-Electrolux-Areal-immobilien-business.jpg 1280w, https:\/\/www.immobilienbusiness.ch\/wp-content\/uploads\/2016\/12\/Glarus-Privater-Investor-kauft-Electrolux-Areal-immobilien-business-300x225.jpg 300w, https:\/\/www.immobilienbusiness.ch\/wp-content\/uploads\/2016\/12\/Glarus-Privater-Investor-kauft-Electrolux-Areal-immobilien-business-1024x768.jpg 1024w, https:\/\/www.immobilienbusiness.ch\/wp-content\/uploads\/2016\/12\/Glarus-Privater-Investor-kauft-Electrolux-Areal-immobilien-business-768x576.jpg 768w, https:\/\/www.immobilienbusiness.ch\/wp-content\/uploads\/2016\/12\/Glarus-Privater-Investor-kauft-Electrolux-Areal-immobilien-business-16x12.jpg 16w, https:\/\/www.immobilienbusiness.ch\/wp-content\/uploads\/2016\/12\/Glarus-Privater-Investor-kauft-Electrolux-Areal-immobilien-business-233x175.jpg 233w, https:\/\/www.immobilienbusiness.ch\/wp-content\/uploads\/2016\/12\/Glarus-Privater-Investor-kauft-Electrolux-Areal-immobilien-business-467x350.jpg 467w, https:\/\/www.immobilienbusiness.ch\/wp-content\/uploads\/2016\/12\/Glarus-Privater-Investor-kauft-Electrolux-Areal-immobilien-business-1067x800.jpg 1067w, https:\/\/www.immobilienbusiness.ch\/wp-content\/uploads\/2016\/12\/Glarus-Privater-Investor-kauft-Electrolux-Areal-immobilien-business-920x690.jpg 920w\" sizes=\"auto, (max-width: 680px) 100vw, 680px\" \/><\/p>\n<p>Electrolux hatte im Dezember 2014 angek\u00fcndigt, sich aus wirtschaftlichen Gr\u00fcnden bis Ende 2015 aus Schwanden zur\u00fcckzuziehen. Zusammen mit Vertretern von Kanton und der Standortgemeinde wurde seither nach L\u00f6sungen f\u00fcr die Umnutzung des Electrolux-Areals gesucht. Die Suche nach Investoren habe sich jedoch unter den gegebenen wirtschaftlichen Umst\u00e4nden als schwierig erwiesen und wurde im Sommer 2015 gestoppt, schreibt Electrolux in einer Mitteilung.<\/p>\n<p>Interesse am Areal und den Geb\u00e4uden hatte auch der Kanton Glarus gezeigt, der zusammen mit der Gemeinde Glarus S\u00fcd und der Stiftung \u00abKMU und Wohnen\u00bb auf dem Areal ein Dienstleistungszentrum realisieren wollte. Das Unternehmen hat jedoch der privaten Initiative den Vorzug gegeben, weil \u00abso f\u00fcr die Region wichtige Arbeitspl\u00e4tze im verarbeitenden Gewerbe erhalten bleiben und k\u00fcnftig gar neue gewerbliche Ansiedlungen m\u00f6glich sind\u00bb, so Electrolux. (ah)<\/p>\n","protected":false},"excerpt":{"rendered":"<p>Die Glaro Immobilien AG erwirbt das Produktionsareal des Haushaltsger\u00e4teherstellers Electrolux und die dazugeh\u00f6rigen Geb\u00e4ude in Schwanden (Kanton Glarus). Die neue Eigent\u00fcmerin will das Areal schrittweise entwickeln und dort neue Produktionsfirmen ansiedeln.<\/p>\n","protected":false},"author":1,"featured_media":1538,"comment_status":"open","ping_status":"open","sticky":false,"template":"","format":"standard","meta":{"_acf_changed":false,"_yoast_wpseo_focuskw":"Electrolux Areal Glarus","_yoast_wpseo_title":"Electrolux Areal Glarus: Privater Investor erwirbt Grundst\u00fcck","_yoast_wpseo_metadesc":"Angesichts wirtschaftlicher Herausforderungen wurde das Electrolux-Areal in Glarus von einem privaten Investor \u00fcbernommen, um die regionale Wirtschaft zu st\u00e4rken.","_yoast_wpseo_linkdex":48,"pgc_sgb_lightbox_settings":"","footnotes":""},"categories":[1],"tags":[1546],"class_list":["post-1537","post","type-post","status-publish","format-standard","has-post-thumbnail","hentry","category-allgemein","tag-ost-schweiz"],"acf":[],"yoast_head":"<!-- This site is optimized with the Yoast SEO plugin v27.4 - https:\/\/yoast.com\/product\/yoast-seo-wordpress\/ -->\n<title>Electrolux Areal Glarus: Privater Investor erwirbt Grundst\u00fcck<\/title>\n<meta name=\"description\" content=\"Angesichts wirtschaftlicher Herausforderungen wurde das Electrolux-Areal in Glarus von einem privaten Investor \u00fcbernommen, um die regionale Wirtschaft zu st\u00e4rken.\" \/>\n<meta name=\"robots\" content=\"index, follow, max-snippet:-1, max-image-preview:large, max-video-preview:-1\" \/>\n<link rel=\"canonical\" href=\"https:\/\/www.immobilienbusiness.ch\/de\/allgemein\/2015-11-13\/glarus-privater-investor-kauft-electrolux-areal\/\" \/>\n<meta property=\"og:locale\" content=\"de_DE\" \/>\n<meta property=\"og:type\" content=\"article\" \/>\n<meta property=\"og:title\" content=\"Glarus: Privater Investor kauft Electrolux-Areal\" \/>\n<meta property=\"og:description\" content=\"Die Glaro Immobilien AG erwirbt das Produktionsareal des Haushaltsger\u00e4teherstellers Electrolux und die dazugeh\u00f6rigen Geb\u00e4ude in Schwanden (Kanton Glarus). Die neue Eigent\u00fcmerin will das Areal schrittweise entwickeln und dort neue Produktionsfirmen ansiedeln.\" \/>\n<meta property=\"og:url\" content=\"https:\/\/www.immobilienbusiness.ch\/de\/allgemein\/2015-11-13\/glarus-privater-investor-kauft-electrolux-areal\/\" \/>\n<meta property=\"og:site_name\" content=\"IMMOBILIEN Business\" \/>\n<meta property=\"article:publisher\" content=\"https:\/\/www.facebook.com\/immobilienbusiness\/\" \/>\n<meta property=\"article:published_time\" content=\"2015-11-13T10:29:48+00:00\" \/>\n<meta name=\"author\" content=\"Redaktion\" \/>\n<meta name=\"twitter:card\" content=\"summary_large_image\" \/>\n<meta name=\"twitter:image\" content=\"https:\/\/www.immobilienbusiness.ch\/wp-content\/uploads\/2016\/12\/Glarus-Privater-Investor-kauft-Electrolux-Areal-immobilien-business.jpg\" \/>\n<script type=\"application\/ld+json\" class=\"yoast-schema-graph\">{\"@context\":\"https:\\\/\\\/schema.org\",\"@graph\":[{\"@type\":\"Article\",\"@id\":\"https:\\\/\\\/www.immobilienbusiness.ch\\\/allgemein\\\/2015-11-13\\\/glarus-privater-investor-kauft-electrolux-areal\\\/#article\",\"isPartOf\":{\"@id\":\"https:\\\/\\\/www.immobilienbusiness.ch\\\/allgemein\\\/2015-11-13\\\/glarus-privater-investor-kauft-electrolux-areal\\\/\"},\"author\":{\"name\":\"Redaktion\",\"@id\":\"https:\\\/\\\/www.immobilienbusiness.ch\\\/#\\\/schema\\\/person\\\/aa2bace6c5c5aad60102004a50c4eb1c\"},\"headline\":\"Glarus: Privater Investor kauft Electrolux-Areal\",\"datePublished\":\"2015-11-13T10:29:48+00:00\",\"mainEntityOfPage\":{\"@id\":\"https:\\\/\\\/www.immobilienbusiness.ch\\\/allgemein\\\/2015-11-13\\\/glarus-privater-investor-kauft-electrolux-areal\\\/\"},\"wordCount\":139,\"commentCount\":0,\"publisher\":{\"@id\":\"https:\\\/\\\/www.immobilienbusiness.ch\\\/#organization\"},\"image\":{\"@id\":\"https:\\\/\\\/www.immobilienbusiness.ch\\\/allgemein\\\/2015-11-13\\\/glarus-privater-investor-kauft-electrolux-areal\\\/#primaryimage\"},\"thumbnailUrl\":\"https:\\\/\\\/www.immobilienbusiness.ch\\\/wp-content\\\/uploads\\\/2016\\\/12\\\/Glarus-Privater-Investor-kauft-Electrolux-Areal-immobilien-business.jpg\",\"keywords\":[\"Ost-Schweiz\"],\"inLanguage\":\"de\"},{\"@type\":\"WebPage\",\"@id\":\"https:\\\/\\\/www.immobilienbusiness.ch\\\/allgemein\\\/2015-11-13\\\/glarus-privater-investor-kauft-electrolux-areal\\\/\",\"url\":\"https:\\\/\\\/www.immobilienbusiness.ch\\\/allgemein\\\/2015-11-13\\\/glarus-privater-investor-kauft-electrolux-areal\\\/\",\"name\":\"Electrolux Areal Glarus: Privater Investor erwirbt Grundst\u00fcck\",\"isPartOf\":{\"@id\":\"https:\\\/\\\/www.immobilienbusiness.ch\\\/#website\"},\"primaryImageOfPage\":{\"@id\":\"https:\\\/\\\/www.immobilienbusiness.ch\\\/allgemein\\\/2015-11-13\\\/glarus-privater-investor-kauft-electrolux-areal\\\/#primaryimage\"},\"image\":{\"@id\":\"https:\\\/\\\/www.immobilienbusiness.ch\\\/allgemein\\\/2015-11-13\\\/glarus-privater-investor-kauft-electrolux-areal\\\/#primaryimage\"},\"thumbnailUrl\":\"https:\\\/\\\/www.immobilienbusiness.ch\\\/wp-content\\\/uploads\\\/2016\\\/12\\\/Glarus-Privater-Investor-kauft-Electrolux-Areal-immobilien-business.jpg\",\"datePublished\":\"2015-11-13T10:29:48+00:00\",\"description\":\"Angesichts wirtschaftlicher Herausforderungen wurde das Electrolux-Areal in Glarus von einem privaten Investor \u00fcbernommen, um die regionale Wirtschaft zu st\u00e4rken.\",\"breadcrumb\":{\"@id\":\"https:\\\/\\\/www.immobilienbusiness.ch\\\/allgemein\\\/2015-11-13\\\/glarus-privater-investor-kauft-electrolux-areal\\\/#breadcrumb\"},\"inLanguage\":\"de\",\"potentialAction\":[{\"@type\":\"ReadAction\",\"target\":[\"https:\\\/\\\/www.immobilienbusiness.ch\\\/allgemein\\\/2015-11-13\\\/glarus-privater-investor-kauft-electrolux-areal\\\/\"]}]},{\"@type\":\"ImageObject\",\"inLanguage\":\"de\",\"@id\":\"https:\\\/\\\/www.immobilienbusiness.ch\\\/allgemein\\\/2015-11-13\\\/glarus-privater-investor-kauft-electrolux-areal\\\/#primaryimage\",\"url\":\"https:\\\/\\\/www.immobilienbusiness.ch\\\/wp-content\\\/uploads\\\/2016\\\/12\\\/Glarus-Privater-Investor-kauft-Electrolux-Areal-immobilien-business.jpg\",\"contentUrl\":\"https:\\\/\\\/www.immobilienbusiness.ch\\\/wp-content\\\/uploads\\\/2016\\\/12\\\/Glarus-Privater-Investor-kauft-Electrolux-Areal-immobilien-business.jpg\",\"width\":1280,\"height\":960},{\"@type\":\"BreadcrumbList\",\"@id\":\"https:\\\/\\\/www.immobilienbusiness.ch\\\/allgemein\\\/2015-11-13\\\/glarus-privater-investor-kauft-electrolux-areal\\\/#breadcrumb\",\"itemListElement\":[{\"@type\":\"ListItem\",\"position\":1,\"name\":\"Home\",\"item\":\"https:\\\/\\\/www.immobilienbusiness.ch\\\/\"},{\"@type\":\"ListItem\",\"position\":2,\"name\":\"Glarus: Privater Investor kauft Electrolux-Areal\"}]},{\"@type\":\"WebSite\",\"@id\":\"https:\\\/\\\/www.immobilienbusiness.ch\\\/#website\",\"url\":\"https:\\\/\\\/www.immobilienbusiness.ch\\\/\",\"name\":\"IMMOBILIEN Business\",\"description\":\"Unabh\u00e4ngiges Schweizer Wirtschaftsmagazin mit Fokus auf Immobilien, Architektur- und Bau sowie Investment- und Finanzierung.\",\"publisher\":{\"@id\":\"https:\\\/\\\/www.immobilienbusiness.ch\\\/#organization\"},\"potentialAction\":[{\"@type\":\"SearchAction\",\"target\":{\"@type\":\"EntryPoint\",\"urlTemplate\":\"https:\\\/\\\/www.immobilienbusiness.ch\\\/?s={search_term_string}\"},\"query-input\":{\"@type\":\"PropertyValueSpecification\",\"valueRequired\":true,\"valueName\":\"search_term_string\"}}],\"inLanguage\":\"de\"},{\"@type\":\"Organization\",\"@id\":\"https:\\\/\\\/www.immobilienbusiness.ch\\\/#organization\",\"name\":\"IMMOBILIEN Business\",\"url\":\"https:\\\/\\\/www.immobilienbusiness.ch\\\/\",\"logo\":{\"@type\":\"ImageObject\",\"inLanguage\":\"de\",\"@id\":\"https:\\\/\\\/www.immobilienbusiness.ch\\\/#\\\/schema\\\/logo\\\/image\\\/\",\"url\":\"https:\\\/\\\/www.immobilienbusiness.ch\\\/wp-content\\\/uploads\\\/2021\\\/07\\\/logo_ib.png\",\"contentUrl\":\"https:\\\/\\\/www.immobilienbusiness.ch\\\/wp-content\\\/uploads\\\/2021\\\/07\\\/logo_ib.png\",\"width\":800,\"height\":181,\"caption\":\"IMMOBILIEN Business\"},\"image\":{\"@id\":\"https:\\\/\\\/www.immobilienbusiness.ch\\\/#\\\/schema\\\/logo\\\/image\\\/\"},\"sameAs\":[\"https:\\\/\\\/www.facebook.com\\\/immobilienbusiness\\\/\"]},{\"@type\":\"Person\",\"@id\":\"https:\\\/\\\/www.immobilienbusiness.ch\\\/#\\\/schema\\\/person\\\/aa2bace6c5c5aad60102004a50c4eb1c\",\"name\":\"Redaktion\",\"image\":{\"@type\":\"ImageObject\",\"inLanguage\":\"de\",\"@id\":\"https:\\\/\\\/secure.gravatar.com\\\/avatar\\\/ae2f4d718e6c49043e314ce431e7e645d646302a24a5ef5a8bc8e3f5a032e319?s=96&d=mm&r=g\",\"url\":\"https:\\\/\\\/secure.gravatar.com\\\/avatar\\\/ae2f4d718e6c49043e314ce431e7e645d646302a24a5ef5a8bc8e3f5a032e319?s=96&d=mm&r=g\",\"contentUrl\":\"https:\\\/\\\/secure.gravatar.com\\\/avatar\\\/ae2f4d718e6c49043e314ce431e7e645d646302a24a5ef5a8bc8e3f5a032e319?s=96&d=mm&r=g\",\"caption\":\"Redaktion\"},\"sameAs\":[\"http:\\\/\\\/develop.organisator.galledia.ch\"],\"url\":\"https:\\\/\\\/www.immobilienbusiness.ch\\\/de\\\/author\\\/admin\\\/\"}]}<\/script>\n<!-- \/ Yoast SEO plugin. -->","yoast_head_json":{"title":"Electrolux Areal Glarus: Privater Investor erwirbt Grundst\u00fcck","description":"Angesichts wirtschaftlicher Herausforderungen wurde das Electrolux-Areal in Glarus von einem privaten Investor \u00fcbernommen, um die regionale Wirtschaft zu st\u00e4rken.","robots":{"index":"index","follow":"follow","max-snippet":"max-snippet:-1","max-image-preview":"max-image-preview:large","max-video-preview":"max-video-preview:-1"},"canonical":"https:\/\/www.immobilienbusiness.ch\/de\/allgemein\/2015-11-13\/glarus-privater-investor-kauft-electrolux-areal\/","og_locale":"de_DE","og_type":"article","og_title":"Glarus: Privater Investor kauft Electrolux-Areal","og_description":"Die Glaro Immobilien AG erwirbt das Produktionsareal des Haushaltsger\u00e4teherstellers Electrolux und die dazugeh\u00f6rigen Geb\u00e4ude in Schwanden (Kanton Glarus). Die neue Eigent\u00fcmerin will das Areal schrittweise entwickeln und dort neue Produktionsfirmen ansiedeln.","og_url":"https:\/\/www.immobilienbusiness.ch\/de\/allgemein\/2015-11-13\/glarus-privater-investor-kauft-electrolux-areal\/","og_site_name":"IMMOBILIEN Business","article_publisher":"https:\/\/www.facebook.com\/immobilienbusiness\/","article_published_time":"2015-11-13T10:29:48+00:00","author":"Redaktion","twitter_card":"summary_large_image","twitter_image":"https:\/\/www.immobilienbusiness.ch\/wp-content\/uploads\/2016\/12\/Glarus-Privater-Investor-kauft-Electrolux-Areal-immobilien-business.jpg","schema":{"@context":"https:\/\/schema.org","@graph":[{"@type":"Article","@id":"https:\/\/www.immobilienbusiness.ch\/allgemein\/2015-11-13\/glarus-privater-investor-kauft-electrolux-areal\/#article","isPartOf":{"@id":"https:\/\/www.immobilienbusiness.ch\/allgemein\/2015-11-13\/glarus-privater-investor-kauft-electrolux-areal\/"},"author":{"name":"Redaktion","@id":"https:\/\/www.immobilienbusiness.ch\/#\/schema\/person\/aa2bace6c5c5aad60102004a50c4eb1c"},"headline":"Glarus: Privater Investor kauft Electrolux-Areal","datePublished":"2015-11-13T10:29:48+00:00","mainEntityOfPage":{"@id":"https:\/\/www.immobilienbusiness.ch\/allgemein\/2015-11-13\/glarus-privater-investor-kauft-electrolux-areal\/"},"wordCount":139,"commentCount":0,"publisher":{"@id":"https:\/\/www.immobilienbusiness.ch\/#organization"},"image":{"@id":"https:\/\/www.immobilienbusiness.ch\/allgemein\/2015-11-13\/glarus-privater-investor-kauft-electrolux-areal\/#primaryimage"},"thumbnailUrl":"https:\/\/www.immobilienbusiness.ch\/wp-content\/uploads\/2016\/12\/Glarus-Privater-Investor-kauft-Electrolux-Areal-immobilien-business.jpg","keywords":["Ost-Schweiz"],"inLanguage":"de"},{"@type":"WebPage","@id":"https:\/\/www.immobilienbusiness.ch\/allgemein\/2015-11-13\/glarus-privater-investor-kauft-electrolux-areal\/","url":"https:\/\/www.immobilienbusiness.ch\/allgemein\/2015-11-13\/glarus-privater-investor-kauft-electrolux-areal\/","name":"Electrolux Areal Glarus: Privater Investor erwirbt Grundst\u00fcck","isPartOf":{"@id":"https:\/\/www.immobilienbusiness.ch\/#website"},"primaryImageOfPage":{"@id":"https:\/\/www.immobilienbusiness.ch\/allgemein\/2015-11-13\/glarus-privater-investor-kauft-electrolux-areal\/#primaryimage"},"image":{"@id":"https:\/\/www.immobilienbusiness.ch\/allgemein\/2015-11-13\/glarus-privater-investor-kauft-electrolux-areal\/#primaryimage"},"thumbnailUrl":"https:\/\/www.immobilienbusiness.ch\/wp-content\/uploads\/2016\/12\/Glarus-Privater-Investor-kauft-Electrolux-Areal-immobilien-business.jpg","datePublished":"2015-11-13T10:29:48+00:00","description":"Angesichts wirtschaftlicher Herausforderungen wurde das Electrolux-Areal in Glarus von einem privaten Investor \u00fcbernommen, um die regionale Wirtschaft zu st\u00e4rken.","breadcrumb":{"@id":"https:\/\/www.immobilienbusiness.ch\/allgemein\/2015-11-13\/glarus-privater-investor-kauft-electrolux-areal\/#breadcrumb"},"inLanguage":"de","potentialAction":[{"@type":"ReadAction","target":["https:\/\/www.immobilienbusiness.ch\/allgemein\/2015-11-13\/glarus-privater-investor-kauft-electrolux-areal\/"]}]},{"@type":"ImageObject","inLanguage":"de","@id":"https:\/\/www.immobilienbusiness.ch\/allgemein\/2015-11-13\/glarus-privater-investor-kauft-electrolux-areal\/#primaryimage","url":"https:\/\/www.immobilienbusiness.ch\/wp-content\/uploads\/2016\/12\/Glarus-Privater-Investor-kauft-Electrolux-Areal-immobilien-business.jpg","contentUrl":"https:\/\/www.immobilienbusiness.ch\/wp-content\/uploads\/2016\/12\/Glarus-Privater-Investor-kauft-Electrolux-Areal-immobilien-business.jpg","width":1280,"height":960},{"@type":"BreadcrumbList","@id":"https:\/\/www.immobilienbusiness.ch\/allgemein\/2015-11-13\/glarus-privater-investor-kauft-electrolux-areal\/#breadcrumb","itemListElement":[{"@type":"ListItem","position":1,"name":"Home","item":"https:\/\/www.immobilienbusiness.ch\/"},{"@type":"ListItem","position":2,"name":"Glarus: Privater Investor kauft Electrolux-Areal"}]},{"@type":"WebSite","@id":"https:\/\/www.immobilienbusiness.ch\/#website","url":"https:\/\/www.immobilienbusiness.ch\/","name":"IMMOBILIEN Business","description":"Unabh\u00e4ngiges Schweizer Wirtschaftsmagazin mit Fokus auf Immobilien, Architektur- und Bau sowie Investment- und Finanzierung.","publisher":{"@id":"https:\/\/www.immobilienbusiness.ch\/#organization"},"potentialAction":[{"@type":"SearchAction","target":{"@type":"EntryPoint","urlTemplate":"https:\/\/www.immobilienbusiness.ch\/?s={search_term_string}"},"query-input":{"@type":"PropertyValueSpecification","valueRequired":true,"valueName":"search_term_string"}}],"inLanguage":"de"},{"@type":"Organization","@id":"https:\/\/www.immobilienbusiness.ch\/#organization","name":"IMMOBILIEN Business","url":"https:\/\/www.immobilienbusiness.ch\/","logo":{"@type":"ImageObject","inLanguage":"de","@id":"https:\/\/www.immobilienbusiness.ch\/#\/schema\/logo\/image\/","url":"https:\/\/www.immobilienbusiness.ch\/wp-content\/uploads\/2021\/07\/logo_ib.png","contentUrl":"https:\/\/www.immobilienbusiness.ch\/wp-content\/uploads\/2021\/07\/logo_ib.png","width":800,"height":181,"caption":"IMMOBILIEN Business"},"image":{"@id":"https:\/\/www.immobilienbusiness.ch\/#\/schema\/logo\/image\/"},"sameAs":["https:\/\/www.facebook.com\/immobilienbusiness\/"]},{"@type":"Person","@id":"https:\/\/www.immobilienbusiness.ch\/#\/schema\/person\/aa2bace6c5c5aad60102004a50c4eb1c","name":"Redaktion","image":{"@type":"ImageObject","inLanguage":"de","@id":"https:\/\/secure.gravatar.com\/avatar\/ae2f4d718e6c49043e314ce431e7e645d646302a24a5ef5a8bc8e3f5a032e319?s=96&d=mm&r=g","url":"https:\/\/secure.gravatar.com\/avatar\/ae2f4d718e6c49043e314ce431e7e645d646302a24a5ef5a8bc8e3f5a032e319?s=96&d=mm&r=g","contentUrl":"https:\/\/secure.gravatar.com\/avatar\/ae2f4d718e6c49043e314ce431e7e645d646302a24a5ef5a8bc8e3f5a032e319?s=96&d=mm&r=g","caption":"Redaktion"},"sameAs":["http:\/\/develop.organisator.galledia.ch"],"url":"https:\/\/www.immobilienbusiness.ch\/de\/author\/admin\/"}]}},"_links":{"self":[{"href":"https:\/\/www.immobilienbusiness.ch\/de\/wp-json\/wp\/v2\/posts\/1537","targetHints":{"allow":["GET"]}}],"collection":[{"href":"https:\/\/www.immobilienbusiness.ch\/de\/wp-json\/wp\/v2\/posts"}],"about":[{"href":"https:\/\/www.immobilienbusiness.ch\/de\/wp-json\/wp\/v2\/types\/post"}],"author":[{"embeddable":true,"href":"https:\/\/www.immobilienbusiness.ch\/de\/wp-json\/wp\/v2\/users\/1"}],"replies":[{"embeddable":true,"href":"https:\/\/www.immobilienbusiness.ch\/de\/wp-json\/wp\/v2\/comments?post=1537"}],"version-history":[{"count":0,"href":"https:\/\/www.immobilienbusiness.ch\/de\/wp-json\/wp\/v2\/posts\/1537\/revisions"}],"wp:featuredmedia":[{"embeddable":true,"href":"https:\/\/www.immobilienbusiness.ch\/de\/wp-json\/wp\/v2\/media\/1538"}],"wp:attachment":[{"href":"https:\/\/www.immobilienbusiness.ch\/de\/wp-json\/wp\/v2\/media?parent=1537"}],"wp:term":[{"taxonomy":"category","embeddable":true,"href":"https:\/\/www.immobilienbusiness.ch\/de\/wp-json\/wp\/v2\/categories?post=1537"},{"taxonomy":"post_tag","embeddable":true,"href":"https:\/\/www.immobilienbusiness.ch\/de\/wp-json\/wp\/v2\/tags?post=1537"}],"curies":[{"name":"wp","href":"https:\/\/api.w.org\/{rel}","templated":true}]}}