{"id":15365,"date":"2019-01-02T08:25:39","date_gmt":"2019-01-02T07:25:39","guid":{"rendered":"https:\/\/www.immobilienbusiness.ch\/?p=15365"},"modified":"2019-01-02T08:25:39","modified_gmt":"2019-01-02T07:25:39","slug":"zuerich-stadt-will-drei-liegenschaften-in-affoltern-kaufen","status":"publish","type":"post","link":"https:\/\/www.immobilienbusiness.ch\/de\/regionen\/2019-01-02\/zuerich-stadt-will-drei-liegenschaften-in-affoltern-kaufen\/","title":{"rendered":"Z\u00fcrich: Stadt will drei Liegenschaften in Affoltern kaufen"},"content":{"rendered":"<figure id=\"attachment_15182\" aria-describedby=\"caption-attachment-15182\" style=\"width: 680px\" class=\"wp-caption alignnone\"><img loading=\"lazy\" decoding=\"async\" class=\"size-medium wp-image-15182\" src=\"https:\/\/www.immobilienbusiness.ch\/wp-content\/uploads\/2018\/12\/Depositphotos_80147336_m-2015.jpg\" alt=\"\" width=\"680\" height=\"454\" srcset=\"https:\/\/www.immobilienbusiness.ch\/wp-content\/uploads\/2018\/12\/Depositphotos_80147336_m-2015.jpg 999w, https:\/\/www.immobilienbusiness.ch\/wp-content\/uploads\/2018\/12\/Depositphotos_80147336_m-2015-300x200.jpg 300w, https:\/\/www.immobilienbusiness.ch\/wp-content\/uploads\/2018\/12\/Depositphotos_80147336_m-2015-768x513.jpg 768w, https:\/\/www.immobilienbusiness.ch\/wp-content\/uploads\/2018\/12\/Depositphotos_80147336_m-2015-16x12.jpg 16w, https:\/\/www.immobilienbusiness.ch\/wp-content\/uploads\/2018\/12\/Depositphotos_80147336_m-2015-262x175.jpg 262w, https:\/\/www.immobilienbusiness.ch\/wp-content\/uploads\/2018\/12\/Depositphotos_80147336_m-2015-524x350.jpg 524w, https:\/\/www.immobilienbusiness.ch\/wp-content\/uploads\/2018\/12\/Depositphotos_80147336_m-2015-920x614.jpg 920w\" sizes=\"auto, (max-width: 680px) 100vw, 680px\" \/><figcaption id=\"caption-attachment-15182\" class=\"wp-caption-text\">Die Stadt Z\u00fcrich plant einen Liegenschaftenerwerb in Affoltern (Bild: stockasso &#8211; depositphotos)<\/figcaption><\/figure>\n<p>Eigent\u00fcmer der drei Liegenschaften In B\u00f6den 169, Wehntalerstrasse 518\u2013522 und In B\u00f6den ist laut einer Mitteilung der Stadt Z\u00fcrich eine Erbengemeinschaft. Die Liegenschaften grenzen den Angaben zufolge unmittelbar an ein Areal, das die Stadt im Baurecht an die Baugenossenschaft Waidmatt abgegeben hat und an das Grundst\u00fcck der Siedlung Riedenhalden (Stiftung Alterswohnungen der Stadt Z\u00fcrich). Die Gesamtfl\u00e4che betr\u00e4gt rund 11.300 qm, davon sind 6.500 qm nicht \u00fcberbautes Bauland, auf dem Rest stehen vier Mehrfamilienh\u00e4user mit insgesamt 44 Wohnungen. Es bestehe ein erhebliches Verdichtungspotenzial, so die Stadt Z\u00fcrich.<\/p>\n<p>F\u00fcr den Erwerb der Liegenschaften beantragt der Stadtrat dem Gemeinderat, den Kaufvertrag mit der Erbengemeinschaft zu genehmigen und einen Nachtragskredit von 37 Millionen CHF zu bewilligen. Mit dem Kauf k\u00f6nne die Anzahl gemeinn\u00fctziger Wohnungen erh\u00f6ht werden, zudem seien die Liegenschaften ein wichtiges Element in der Umsetzung der Zentrumsentwicklung Affoltern: Auf einer der drei Parzellen soll der geplante \u00f6ffentliche \u00abJonas-Furrer-Park\u00bb angelegt werden. <em>(ah)<\/em><\/p>\n","protected":false},"excerpt":{"rendered":"<p>Die Stadt Z\u00fcrich will drei Liegenschaften im Quartier Affoltern erwerben, um die Anzahl gemeinn\u00fctziger Wohnungen zu erh\u00f6hen.<\/p>\n","protected":false},"author":3,"featured_media":15182,"comment_status":"closed","ping_status":"open","sticky":false,"template":"","format":"standard","meta":{"_acf_changed":false,"_yoast_wpseo_focuskw":"Affoltern","_yoast_wpseo_title":"","_yoast_wpseo_metadesc":"Die Stadt Z\u00fcrich will drei Liegenschaften im Quartier Affoltern erwerben, um die Anzahl gemeinn\u00fctziger Wohnungen zu erh\u00f6hen.","_yoast_wpseo_linkdex":60,"pgc_sgb_lightbox_settings":"","footnotes":""},"categories":[985],"tags":[1414,1888],"class_list":["post-15365","post","type-post","status-publish","format-standard","has-post-thumbnail","hentry","category-regionen","tag-kauf","tag-zuerich"],"acf":[],"yoast_head":"<!-- This site is optimized with the Yoast SEO plugin v27.4 - https:\/\/yoast.com\/product\/yoast-seo-wordpress\/ -->\n<title>Z\u00fcrich: Stadt will drei Liegenschaften in Affoltern kaufen - IMMOBILIEN Business<\/title>\n<meta name=\"description\" content=\"Die Stadt Z\u00fcrich will drei Liegenschaften im Quartier Affoltern erwerben, um die Anzahl gemeinn\u00fctziger Wohnungen zu erh\u00f6hen.\" \/>\n<meta name=\"robots\" content=\"index, follow, max-snippet:-1, max-image-preview:large, max-video-preview:-1\" \/>\n<link rel=\"canonical\" href=\"https:\/\/www.immobilienbusiness.ch\/de\/regionen\/2019-01-02\/zuerich-stadt-will-drei-liegenschaften-in-affoltern-kaufen\/\" \/>\n<meta property=\"og:locale\" content=\"de_DE\" \/>\n<meta property=\"og:type\" content=\"article\" \/>\n<meta property=\"og:title\" content=\"Z\u00fcrich: Stadt will drei Liegenschaften in Affoltern kaufen - IMMOBILIEN Business\" \/>\n<meta property=\"og:description\" content=\"Die Stadt Z\u00fcrich will drei Liegenschaften im Quartier Affoltern erwerben, um die Anzahl gemeinn\u00fctziger Wohnungen zu erh\u00f6hen.\" \/>\n<meta property=\"og:url\" content=\"https:\/\/www.immobilienbusiness.ch\/de\/regionen\/2019-01-02\/zuerich-stadt-will-drei-liegenschaften-in-affoltern-kaufen\/\" \/>\n<meta property=\"og:site_name\" content=\"IMMOBILIEN Business\" \/>\n<meta property=\"article:publisher\" content=\"https:\/\/www.facebook.com\/immobilienbusiness\/\" \/>\n<meta property=\"article:published_time\" content=\"2019-01-02T07:25:39+00:00\" \/>\n<meta property=\"og:image\" content=\"https:\/\/www.immobilienbusiness.ch\/wp-content\/uploads\/2018\/12\/Depositphotos_80147336_m-2015.jpg\" \/>\n\t<meta property=\"og:image:width\" content=\"999\" \/>\n\t<meta property=\"og:image:height\" content=\"667\" \/>\n\t<meta property=\"og:image:type\" content=\"image\/jpeg\" \/>\n<meta name=\"author\" content=\"anja.hall\" \/>\n<meta name=\"twitter:card\" content=\"summary_large_image\" \/>\n<meta name=\"twitter:image\" content=\"https:\/\/www.immobilienbusiness.ch\/wp-content\/uploads\/2018\/12\/Depositphotos_80147336_m-2015.jpg\" \/>\n<script type=\"application\/ld+json\" class=\"yoast-schema-graph\">{\"@context\":\"https:\\\/\\\/schema.org\",\"@graph\":[{\"@type\":\"Article\",\"@id\":\"https:\\\/\\\/www.immobilienbusiness.ch\\\/de\\\/regionen\\\/2019-01-02\\\/zuerich-stadt-will-drei-liegenschaften-in-affoltern-kaufen\\\/#article\",\"isPartOf\":{\"@id\":\"https:\\\/\\\/www.immobilienbusiness.ch\\\/de\\\/regionen\\\/2019-01-02\\\/zuerich-stadt-will-drei-liegenschaften-in-affoltern-kaufen\\\/\"},\"author\":{\"name\":\"anja.hall\",\"@id\":\"https:\\\/\\\/www.immobilienbusiness.ch\\\/#\\\/schema\\\/person\\\/3fc036297b10b9f42d6db5ee932af8c8\"},\"headline\":\"Z\u00fcrich: Stadt will drei Liegenschaften in Affoltern kaufen\",\"datePublished\":\"2019-01-02T07:25:39+00:00\",\"mainEntityOfPage\":{\"@id\":\"https:\\\/\\\/www.immobilienbusiness.ch\\\/de\\\/regionen\\\/2019-01-02\\\/zuerich-stadt-will-drei-liegenschaften-in-affoltern-kaufen\\\/\"},\"wordCount\":185,\"publisher\":{\"@id\":\"https:\\\/\\\/www.immobilienbusiness.ch\\\/#organization\"},\"image\":{\"@id\":\"https:\\\/\\\/www.immobilienbusiness.ch\\\/de\\\/regionen\\\/2019-01-02\\\/zuerich-stadt-will-drei-liegenschaften-in-affoltern-kaufen\\\/#primaryimage\"},\"thumbnailUrl\":\"https:\\\/\\\/www.immobilienbusiness.ch\\\/wp-content\\\/uploads\\\/2018\\\/12\\\/Depositphotos_80147336_m-2015.jpg\",\"keywords\":[\"Kauf\",\"Z\u00fcrich\"],\"articleSection\":[\"REGIONEN\"],\"inLanguage\":\"de\"},{\"@type\":\"WebPage\",\"@id\":\"https:\\\/\\\/www.immobilienbusiness.ch\\\/de\\\/regionen\\\/2019-01-02\\\/zuerich-stadt-will-drei-liegenschaften-in-affoltern-kaufen\\\/\",\"url\":\"https:\\\/\\\/www.immobilienbusiness.ch\\\/de\\\/regionen\\\/2019-01-02\\\/zuerich-stadt-will-drei-liegenschaften-in-affoltern-kaufen\\\/\",\"name\":\"Z\u00fcrich: Stadt will drei Liegenschaften in Affoltern kaufen - IMMOBILIEN Business\",\"isPartOf\":{\"@id\":\"https:\\\/\\\/www.immobilienbusiness.ch\\\/#website\"},\"primaryImageOfPage\":{\"@id\":\"https:\\\/\\\/www.immobilienbusiness.ch\\\/de\\\/regionen\\\/2019-01-02\\\/zuerich-stadt-will-drei-liegenschaften-in-affoltern-kaufen\\\/#primaryimage\"},\"image\":{\"@id\":\"https:\\\/\\\/www.immobilienbusiness.ch\\\/de\\\/regionen\\\/2019-01-02\\\/zuerich-stadt-will-drei-liegenschaften-in-affoltern-kaufen\\\/#primaryimage\"},\"thumbnailUrl\":\"https:\\\/\\\/www.immobilienbusiness.ch\\\/wp-content\\\/uploads\\\/2018\\\/12\\\/Depositphotos_80147336_m-2015.jpg\",\"datePublished\":\"2019-01-02T07:25:39+00:00\",\"description\":\"Die Stadt Z\u00fcrich will drei Liegenschaften im Quartier Affoltern erwerben, um die Anzahl gemeinn\u00fctziger Wohnungen zu erh\u00f6hen.\",\"breadcrumb\":{\"@id\":\"https:\\\/\\\/www.immobilienbusiness.ch\\\/de\\\/regionen\\\/2019-01-02\\\/zuerich-stadt-will-drei-liegenschaften-in-affoltern-kaufen\\\/#breadcrumb\"},\"inLanguage\":\"de\",\"potentialAction\":[{\"@type\":\"ReadAction\",\"target\":[\"https:\\\/\\\/www.immobilienbusiness.ch\\\/de\\\/regionen\\\/2019-01-02\\\/zuerich-stadt-will-drei-liegenschaften-in-affoltern-kaufen\\\/\"]}]},{\"@type\":\"ImageObject\",\"inLanguage\":\"de\",\"@id\":\"https:\\\/\\\/www.immobilienbusiness.ch\\\/de\\\/regionen\\\/2019-01-02\\\/zuerich-stadt-will-drei-liegenschaften-in-affoltern-kaufen\\\/#primaryimage\",\"url\":\"https:\\\/\\\/www.immobilienbusiness.ch\\\/wp-content\\\/uploads\\\/2018\\\/12\\\/Depositphotos_80147336_m-2015.jpg\",\"contentUrl\":\"https:\\\/\\\/www.immobilienbusiness.ch\\\/wp-content\\\/uploads\\\/2018\\\/12\\\/Depositphotos_80147336_m-2015.jpg\",\"width\":999,\"height\":667,\"caption\":\"(Bild: stockasso - depositphotos)\"},{\"@type\":\"BreadcrumbList\",\"@id\":\"https:\\\/\\\/www.immobilienbusiness.ch\\\/de\\\/regionen\\\/2019-01-02\\\/zuerich-stadt-will-drei-liegenschaften-in-affoltern-kaufen\\\/#breadcrumb\",\"itemListElement\":[{\"@type\":\"ListItem\",\"position\":1,\"name\":\"Home\",\"item\":\"https:\\\/\\\/www.immobilienbusiness.ch\\\/\"},{\"@type\":\"ListItem\",\"position\":2,\"name\":\"Z\u00fcrich: Stadt will drei Liegenschaften in Affoltern kaufen\"}]},{\"@type\":\"WebSite\",\"@id\":\"https:\\\/\\\/www.immobilienbusiness.ch\\\/#website\",\"url\":\"https:\\\/\\\/www.immobilienbusiness.ch\\\/\",\"name\":\"IMMOBILIEN Business\",\"description\":\"Unabh\u00e4ngiges Schweizer Wirtschaftsmagazin mit Fokus auf Immobilien, Architektur- und Bau sowie Investment- und Finanzierung.\",\"publisher\":{\"@id\":\"https:\\\/\\\/www.immobilienbusiness.ch\\\/#organization\"},\"potentialAction\":[{\"@type\":\"SearchAction\",\"target\":{\"@type\":\"EntryPoint\",\"urlTemplate\":\"https:\\\/\\\/www.immobilienbusiness.ch\\\/?s={search_term_string}\"},\"query-input\":{\"@type\":\"PropertyValueSpecification\",\"valueRequired\":true,\"valueName\":\"search_term_string\"}}],\"inLanguage\":\"de\"},{\"@type\":\"Organization\",\"@id\":\"https:\\\/\\\/www.immobilienbusiness.ch\\\/#organization\",\"name\":\"IMMOBILIEN Business\",\"url\":\"https:\\\/\\\/www.immobilienbusiness.ch\\\/\",\"logo\":{\"@type\":\"ImageObject\",\"inLanguage\":\"de\",\"@id\":\"https:\\\/\\\/www.immobilienbusiness.ch\\\/#\\\/schema\\\/logo\\\/image\\\/\",\"url\":\"https:\\\/\\\/www.immobilienbusiness.ch\\\/wp-content\\\/uploads\\\/2021\\\/07\\\/logo_ib.png\",\"contentUrl\":\"https:\\\/\\\/www.immobilienbusiness.ch\\\/wp-content\\\/uploads\\\/2021\\\/07\\\/logo_ib.png\",\"width\":800,\"height\":181,\"caption\":\"IMMOBILIEN Business\"},\"image\":{\"@id\":\"https:\\\/\\\/www.immobilienbusiness.ch\\\/#\\\/schema\\\/logo\\\/image\\\/\"},\"sameAs\":[\"https:\\\/\\\/www.facebook.com\\\/immobilienbusiness\\\/\"]},{\"@type\":\"Person\",\"@id\":\"https:\\\/\\\/www.immobilienbusiness.ch\\\/#\\\/schema\\\/person\\\/3fc036297b10b9f42d6db5ee932af8c8\",\"name\":\"anja.hall\",\"image\":{\"@type\":\"ImageObject\",\"inLanguage\":\"de\",\"@id\":\"https:\\\/\\\/secure.gravatar.com\\\/avatar\\\/066b5a0d447013502c71a5782f4f3469f03cfe595cc2329fb94652fe47511bfb?s=96&d=mm&r=g\",\"url\":\"https:\\\/\\\/secure.gravatar.com\\\/avatar\\\/066b5a0d447013502c71a5782f4f3469f03cfe595cc2329fb94652fe47511bfb?s=96&d=mm&r=g\",\"contentUrl\":\"https:\\\/\\\/secure.gravatar.com\\\/avatar\\\/066b5a0d447013502c71a5782f4f3469f03cfe595cc2329fb94652fe47511bfb?s=96&d=mm&r=g\",\"caption\":\"anja.hall\"},\"url\":\"https:\\\/\\\/www.immobilienbusiness.ch\\\/de\\\/author\\\/anja-hall\\\/\"}]}<\/script>\n<!-- \/ Yoast SEO plugin. -->","yoast_head_json":{"title":"Z\u00fcrich: Stadt will drei Liegenschaften in Affoltern kaufen - IMMOBILIEN Business","description":"Die Stadt Z\u00fcrich will drei Liegenschaften im Quartier Affoltern erwerben, um die Anzahl gemeinn\u00fctziger Wohnungen zu erh\u00f6hen.","robots":{"index":"index","follow":"follow","max-snippet":"max-snippet:-1","max-image-preview":"max-image-preview:large","max-video-preview":"max-video-preview:-1"},"canonical":"https:\/\/www.immobilienbusiness.ch\/de\/regionen\/2019-01-02\/zuerich-stadt-will-drei-liegenschaften-in-affoltern-kaufen\/","og_locale":"de_DE","og_type":"article","og_title":"Z\u00fcrich: Stadt will drei Liegenschaften in Affoltern kaufen - IMMOBILIEN Business","og_description":"Die Stadt Z\u00fcrich will drei Liegenschaften im Quartier Affoltern erwerben, um die Anzahl gemeinn\u00fctziger Wohnungen zu erh\u00f6hen.","og_url":"https:\/\/www.immobilienbusiness.ch\/de\/regionen\/2019-01-02\/zuerich-stadt-will-drei-liegenschaften-in-affoltern-kaufen\/","og_site_name":"IMMOBILIEN Business","article_publisher":"https:\/\/www.facebook.com\/immobilienbusiness\/","article_published_time":"2019-01-02T07:25:39+00:00","og_image":[{"width":999,"height":667,"url":"https:\/\/www.immobilienbusiness.ch\/wp-content\/uploads\/2018\/12\/Depositphotos_80147336_m-2015.jpg","type":"image\/jpeg"}],"author":"anja.hall","twitter_card":"summary_large_image","twitter_image":"https:\/\/www.immobilienbusiness.ch\/wp-content\/uploads\/2018\/12\/Depositphotos_80147336_m-2015.jpg","schema":{"@context":"https:\/\/schema.org","@graph":[{"@type":"Article","@id":"https:\/\/www.immobilienbusiness.ch\/de\/regionen\/2019-01-02\/zuerich-stadt-will-drei-liegenschaften-in-affoltern-kaufen\/#article","isPartOf":{"@id":"https:\/\/www.immobilienbusiness.ch\/de\/regionen\/2019-01-02\/zuerich-stadt-will-drei-liegenschaften-in-affoltern-kaufen\/"},"author":{"name":"anja.hall","@id":"https:\/\/www.immobilienbusiness.ch\/#\/schema\/person\/3fc036297b10b9f42d6db5ee932af8c8"},"headline":"Z\u00fcrich: Stadt will drei Liegenschaften in Affoltern kaufen","datePublished":"2019-01-02T07:25:39+00:00","mainEntityOfPage":{"@id":"https:\/\/www.immobilienbusiness.ch\/de\/regionen\/2019-01-02\/zuerich-stadt-will-drei-liegenschaften-in-affoltern-kaufen\/"},"wordCount":185,"publisher":{"@id":"https:\/\/www.immobilienbusiness.ch\/#organization"},"image":{"@id":"https:\/\/www.immobilienbusiness.ch\/de\/regionen\/2019-01-02\/zuerich-stadt-will-drei-liegenschaften-in-affoltern-kaufen\/#primaryimage"},"thumbnailUrl":"https:\/\/www.immobilienbusiness.ch\/wp-content\/uploads\/2018\/12\/Depositphotos_80147336_m-2015.jpg","keywords":["Kauf","Z\u00fcrich"],"articleSection":["REGIONEN"],"inLanguage":"de"},{"@type":"WebPage","@id":"https:\/\/www.immobilienbusiness.ch\/de\/regionen\/2019-01-02\/zuerich-stadt-will-drei-liegenschaften-in-affoltern-kaufen\/","url":"https:\/\/www.immobilienbusiness.ch\/de\/regionen\/2019-01-02\/zuerich-stadt-will-drei-liegenschaften-in-affoltern-kaufen\/","name":"Z\u00fcrich: Stadt will drei Liegenschaften in Affoltern kaufen - IMMOBILIEN Business","isPartOf":{"@id":"https:\/\/www.immobilienbusiness.ch\/#website"},"primaryImageOfPage":{"@id":"https:\/\/www.immobilienbusiness.ch\/de\/regionen\/2019-01-02\/zuerich-stadt-will-drei-liegenschaften-in-affoltern-kaufen\/#primaryimage"},"image":{"@id":"https:\/\/www.immobilienbusiness.ch\/de\/regionen\/2019-01-02\/zuerich-stadt-will-drei-liegenschaften-in-affoltern-kaufen\/#primaryimage"},"thumbnailUrl":"https:\/\/www.immobilienbusiness.ch\/wp-content\/uploads\/2018\/12\/Depositphotos_80147336_m-2015.jpg","datePublished":"2019-01-02T07:25:39+00:00","description":"Die Stadt Z\u00fcrich will drei Liegenschaften im Quartier Affoltern erwerben, um die Anzahl gemeinn\u00fctziger Wohnungen zu erh\u00f6hen.","breadcrumb":{"@id":"https:\/\/www.immobilienbusiness.ch\/de\/regionen\/2019-01-02\/zuerich-stadt-will-drei-liegenschaften-in-affoltern-kaufen\/#breadcrumb"},"inLanguage":"de","potentialAction":[{"@type":"ReadAction","target":["https:\/\/www.immobilienbusiness.ch\/de\/regionen\/2019-01-02\/zuerich-stadt-will-drei-liegenschaften-in-affoltern-kaufen\/"]}]},{"@type":"ImageObject","inLanguage":"de","@id":"https:\/\/www.immobilienbusiness.ch\/de\/regionen\/2019-01-02\/zuerich-stadt-will-drei-liegenschaften-in-affoltern-kaufen\/#primaryimage","url":"https:\/\/www.immobilienbusiness.ch\/wp-content\/uploads\/2018\/12\/Depositphotos_80147336_m-2015.jpg","contentUrl":"https:\/\/www.immobilienbusiness.ch\/wp-content\/uploads\/2018\/12\/Depositphotos_80147336_m-2015.jpg","width":999,"height":667,"caption":"(Bild: stockasso - depositphotos)"},{"@type":"BreadcrumbList","@id":"https:\/\/www.immobilienbusiness.ch\/de\/regionen\/2019-01-02\/zuerich-stadt-will-drei-liegenschaften-in-affoltern-kaufen\/#breadcrumb","itemListElement":[{"@type":"ListItem","position":1,"name":"Home","item":"https:\/\/www.immobilienbusiness.ch\/"},{"@type":"ListItem","position":2,"name":"Z\u00fcrich: Stadt will drei Liegenschaften in Affoltern kaufen"}]},{"@type":"WebSite","@id":"https:\/\/www.immobilienbusiness.ch\/#website","url":"https:\/\/www.immobilienbusiness.ch\/","name":"IMMOBILIEN Business","description":"Unabh\u00e4ngiges Schweizer Wirtschaftsmagazin mit Fokus auf Immobilien, Architektur- und Bau sowie Investment- und Finanzierung.","publisher":{"@id":"https:\/\/www.immobilienbusiness.ch\/#organization"},"potentialAction":[{"@type":"SearchAction","target":{"@type":"EntryPoint","urlTemplate":"https:\/\/www.immobilienbusiness.ch\/?s={search_term_string}"},"query-input":{"@type":"PropertyValueSpecification","valueRequired":true,"valueName":"search_term_string"}}],"inLanguage":"de"},{"@type":"Organization","@id":"https:\/\/www.immobilienbusiness.ch\/#organization","name":"IMMOBILIEN Business","url":"https:\/\/www.immobilienbusiness.ch\/","logo":{"@type":"ImageObject","inLanguage":"de","@id":"https:\/\/www.immobilienbusiness.ch\/#\/schema\/logo\/image\/","url":"https:\/\/www.immobilienbusiness.ch\/wp-content\/uploads\/2021\/07\/logo_ib.png","contentUrl":"https:\/\/www.immobilienbusiness.ch\/wp-content\/uploads\/2021\/07\/logo_ib.png","width":800,"height":181,"caption":"IMMOBILIEN Business"},"image":{"@id":"https:\/\/www.immobilienbusiness.ch\/#\/schema\/logo\/image\/"},"sameAs":["https:\/\/www.facebook.com\/immobilienbusiness\/"]},{"@type":"Person","@id":"https:\/\/www.immobilienbusiness.ch\/#\/schema\/person\/3fc036297b10b9f42d6db5ee932af8c8","name":"anja.hall","image":{"@type":"ImageObject","inLanguage":"de","@id":"https:\/\/secure.gravatar.com\/avatar\/066b5a0d447013502c71a5782f4f3469f03cfe595cc2329fb94652fe47511bfb?s=96&d=mm&r=g","url":"https:\/\/secure.gravatar.com\/avatar\/066b5a0d447013502c71a5782f4f3469f03cfe595cc2329fb94652fe47511bfb?s=96&d=mm&r=g","contentUrl":"https:\/\/secure.gravatar.com\/avatar\/066b5a0d447013502c71a5782f4f3469f03cfe595cc2329fb94652fe47511bfb?s=96&d=mm&r=g","caption":"anja.hall"},"url":"https:\/\/www.immobilienbusiness.ch\/de\/author\/anja-hall\/"}]}},"_links":{"self":[{"href":"https:\/\/www.immobilienbusiness.ch\/de\/wp-json\/wp\/v2\/posts\/15365","targetHints":{"allow":["GET"]}}],"collection":[{"href":"https:\/\/www.immobilienbusiness.ch\/de\/wp-json\/wp\/v2\/posts"}],"about":[{"href":"https:\/\/www.immobilienbusiness.ch\/de\/wp-json\/wp\/v2\/types\/post"}],"author":[{"embeddable":true,"href":"https:\/\/www.immobilienbusiness.ch\/de\/wp-json\/wp\/v2\/users\/3"}],"replies":[{"embeddable":true,"href":"https:\/\/www.immobilienbusiness.ch\/de\/wp-json\/wp\/v2\/comments?post=15365"}],"version-history":[{"count":0,"href":"https:\/\/www.immobilienbusiness.ch\/de\/wp-json\/wp\/v2\/posts\/15365\/revisions"}],"wp:featuredmedia":[{"embeddable":true,"href":"https:\/\/www.immobilienbusiness.ch\/de\/wp-json\/wp\/v2\/media\/15182"}],"wp:attachment":[{"href":"https:\/\/www.immobilienbusiness.ch\/de\/wp-json\/wp\/v2\/media?parent=15365"}],"wp:term":[{"taxonomy":"category","embeddable":true,"href":"https:\/\/www.immobilienbusiness.ch\/de\/wp-json\/wp\/v2\/categories?post=15365"},{"taxonomy":"post_tag","embeddable":true,"href":"https:\/\/www.immobilienbusiness.ch\/de\/wp-json\/wp\/v2\/tags?post=15365"}],"curies":[{"name":"wp","href":"https:\/\/api.w.org\/{rel}","templated":true}]}}