{"id":15351,"date":"2018-12-27T09:05:31","date_gmt":"2018-12-27T08:05:31","guid":{"rendered":"https:\/\/www.immobilienbusiness.ch\/?p=15351"},"modified":"2018-12-27T09:05:31","modified_gmt":"2018-12-27T08:05:31","slug":"zuchwil-gruenes-licht-fuer-umnutzung-des-riverside-areals","status":"publish","type":"post","link":"https:\/\/www.immobilienbusiness.ch\/de\/regionen\/2018-12-27\/zuchwil-gruenes-licht-fuer-umnutzung-des-riverside-areals\/","title":{"rendered":"Zuchwil: Gr\u00fcnes Licht f\u00fcr Umnutzung des Riverside-Areals"},"content":{"rendered":"<figure id=\"attachment_4964\" aria-describedby=\"caption-attachment-4964\" style=\"width: 680px\" class=\"wp-caption alignnone\"><img loading=\"lazy\" decoding=\"async\" class=\"size-medium wp-image-4964\" src=\"https:\/\/www.immobilienbusiness.ch\/wp-content\/uploads\/2015\/10\/SPS-bringt-Riverside-Zuchwil-in-neue-Anlagegruppe-ein-immobilien-business.jpg\" alt=\"\" width=\"680\" height=\"510\" srcset=\"https:\/\/www.immobilienbusiness.ch\/wp-content\/uploads\/2015\/10\/SPS-bringt-Riverside-Zuchwil-in-neue-Anlagegruppe-ein-immobilien-business.jpg 1575w, https:\/\/www.immobilienbusiness.ch\/wp-content\/uploads\/2015\/10\/SPS-bringt-Riverside-Zuchwil-in-neue-Anlagegruppe-ein-immobilien-business-300x225.jpg 300w, https:\/\/www.immobilienbusiness.ch\/wp-content\/uploads\/2015\/10\/SPS-bringt-Riverside-Zuchwil-in-neue-Anlagegruppe-ein-immobilien-business-1024x768.jpg 1024w, https:\/\/www.immobilienbusiness.ch\/wp-content\/uploads\/2015\/10\/SPS-bringt-Riverside-Zuchwil-in-neue-Anlagegruppe-ein-immobilien-business-768x576.jpg 768w, https:\/\/www.immobilienbusiness.ch\/wp-content\/uploads\/2015\/10\/SPS-bringt-Riverside-Zuchwil-in-neue-Anlagegruppe-ein-immobilien-business-1536x1152.jpg 1536w, https:\/\/www.immobilienbusiness.ch\/wp-content\/uploads\/2015\/10\/SPS-bringt-Riverside-Zuchwil-in-neue-Anlagegruppe-ein-immobilien-business-16x12.jpg 16w, https:\/\/www.immobilienbusiness.ch\/wp-content\/uploads\/2015\/10\/SPS-bringt-Riverside-Zuchwil-in-neue-Anlagegruppe-ein-immobilien-business-233x175.jpg 233w, https:\/\/www.immobilienbusiness.ch\/wp-content\/uploads\/2015\/10\/SPS-bringt-Riverside-Zuchwil-in-neue-Anlagegruppe-ein-immobilien-business-467x350.jpg 467w, https:\/\/www.immobilienbusiness.ch\/wp-content\/uploads\/2015\/10\/SPS-bringt-Riverside-Zuchwil-in-neue-Anlagegruppe-ein-immobilien-business-1067x800.jpg 1067w, https:\/\/www.immobilienbusiness.ch\/wp-content\/uploads\/2015\/10\/SPS-bringt-Riverside-Zuchwil-in-neue-Anlagegruppe-ein-immobilien-business-920x690.jpg 920w, https:\/\/www.immobilienbusiness.ch\/wp-content\/uploads\/2015\/10\/SPS-bringt-Riverside-Zuchwil-in-neue-Anlagegruppe-ein-immobilien-business-1400x1050.jpg 1400w\" sizes=\"auto, (max-width: 680px) 100vw, 680px\" \/><figcaption id=\"caption-attachment-4964\" class=\"wp-caption-text\">Blick auf das Areal Riverside Zuchwil (Bild: Swiss Prime Site AG)<\/figcaption><\/figure>\n<p>Das Riverside-Areal am Allmendweg in Zuchwil (SO) ist 170.000 qm gross und dient zurzeit als Gesch\u00e4fts- und Gewerbeareal. Die Liegenschaft besteht aus 24 einzelnen und unterschiedlich grossen Bauwerken; davon sind 18 Geb\u00e4ude vermietet bzw. potenziell f\u00fcr eine Vermietung geeignet.<\/p>\n<p>Die Swiss Prime Anlagestiftung will die Liegenschaft in eine Wohn- und Arbeitszone f\u00fcr Industrie und Gewerbe transformieren, die Umzonung betrifft ca. 122.000 qm. Im Januar soll die erste Projektetappe \u00abWohnen\u00bb mit einem Investitionsvolumen von rund 60 Millionen CHF lanciert werden. Es entstehen f\u00fcnf H\u00e4user mit insgesamt 140 Wohnungen und eine Einstellhalle mit 100 Parkpl\u00e4tzen.<\/p>\n<p>In weiteren Etappen ist laut Swiss Prime Anlagestiftung ein Investitionsvolumen von 250 Millionen geplant, verteilt \u00fcber die n\u00e4chsten zehn Jahre verteilt. Die Anlagestiftung will einzelne Baufelder entwickelt verkaufen und\/oder einer Stockwerkeigent\u00fcmerschaft errichten. Die \u00fcbrigen sollen im Eigentum der Swiss Prime Anlagestiftung bleiben. <em>(ah)<\/em><\/p>\n","protected":false},"excerpt":{"rendered":"<p>Die geplante Umnutzung des Riverside-Areals in Zuchwil kommt einen grossen Schritt voran. Wie die Eigent\u00fcmerin Swiss Prime Anlagestiftung mitteilt, hat der Bauzonen- und Gestaltungsplan nun Rechtskraft erlangt.<\/p>\n","protected":false},"author":3,"featured_media":4964,"comment_status":"closed","ping_status":"open","sticky":false,"template":"","format":"standard","meta":{"_acf_changed":false,"_yoast_wpseo_focuskw":"Riverside","_yoast_wpseo_title":"","_yoast_wpseo_metadesc":"Die Umnutzung des Riverside-Areals in Zuchwil kommt einen grossen Schritt voran: Der Bauzonen- und Gestaltungsplan hat nun Rechtskraft erlangt.","_yoast_wpseo_linkdex":56,"pgc_sgb_lightbox_settings":"","footnotes":""},"categories":[985],"tags":[1205,1600,1759],"class_list":["post-15351","post","type-post","status-publish","format-standard","has-post-thumbnail","hentry","category-regionen","tag-espace-mittelland","tag-projekt-in-planung","tag-swiss-prime-anlagestiftung"],"acf":[],"yoast_head":"<!-- This site is optimized with the Yoast SEO plugin v27.5 - https:\/\/yoast.com\/product\/yoast-seo-wordpress\/ -->\n<title>Zuchwil: Gr\u00fcnes Licht f\u00fcr Umnutzung des Riverside-Areals - IMMOBILIEN Business<\/title>\n<meta name=\"description\" content=\"Die Umnutzung des Riverside-Areals in Zuchwil kommt einen grossen Schritt voran: Der Bauzonen- und Gestaltungsplan hat nun Rechtskraft erlangt.\" \/>\n<meta name=\"robots\" content=\"index, follow, max-snippet:-1, max-image-preview:large, max-video-preview:-1\" \/>\n<link rel=\"canonical\" href=\"https:\/\/www.immobilienbusiness.ch\/de\/regionen\/2018-12-27\/zuchwil-gruenes-licht-fuer-umnutzung-des-riverside-areals\/\" \/>\n<meta property=\"og:locale\" content=\"de_DE\" \/>\n<meta property=\"og:type\" content=\"article\" \/>\n<meta property=\"og:title\" content=\"Zuchwil: Gr\u00fcnes Licht f\u00fcr Umnutzung des Riverside-Areals - IMMOBILIEN Business\" \/>\n<meta property=\"og:description\" content=\"Die Umnutzung des Riverside-Areals in Zuchwil kommt einen grossen Schritt voran: Der Bauzonen- und Gestaltungsplan hat nun Rechtskraft erlangt.\" \/>\n<meta property=\"og:url\" content=\"https:\/\/www.immobilienbusiness.ch\/de\/regionen\/2018-12-27\/zuchwil-gruenes-licht-fuer-umnutzung-des-riverside-areals\/\" \/>\n<meta property=\"og:site_name\" content=\"IMMOBILIEN Business\" \/>\n<meta property=\"article:publisher\" content=\"https:\/\/www.facebook.com\/immobilienbusiness\/\" \/>\n<meta property=\"article:published_time\" content=\"2018-12-27T08:05:31+00:00\" \/>\n<meta property=\"og:image\" content=\"https:\/\/www.immobilienbusiness.ch\/wp-content\/uploads\/2015\/10\/SPS-bringt-Riverside-Zuchwil-in-neue-Anlagegruppe-ein-immobilien-business.jpg\" \/>\n\t<meta property=\"og:image:width\" content=\"1575\" \/>\n\t<meta property=\"og:image:height\" content=\"1181\" \/>\n\t<meta property=\"og:image:type\" content=\"image\/jpeg\" \/>\n<meta name=\"author\" content=\"anja.hall\" \/>\n<meta name=\"twitter:card\" content=\"summary_large_image\" \/>\n<meta name=\"twitter:image\" content=\"https:\/\/www.immobilienbusiness.ch\/wp-content\/uploads\/2015\/10\/SPS-bringt-Riverside-Zuchwil-in-neue-Anlagegruppe-ein-immobilien-business.jpg\" \/>\n<script type=\"application\/ld+json\" class=\"yoast-schema-graph\">{\"@context\":\"https:\\\/\\\/schema.org\",\"@graph\":[{\"@type\":\"Article\",\"@id\":\"https:\\\/\\\/www.immobilienbusiness.ch\\\/de\\\/regionen\\\/2018-12-27\\\/zuchwil-gruenes-licht-fuer-umnutzung-des-riverside-areals\\\/#article\",\"isPartOf\":{\"@id\":\"https:\\\/\\\/www.immobilienbusiness.ch\\\/de\\\/regionen\\\/2018-12-27\\\/zuchwil-gruenes-licht-fuer-umnutzung-des-riverside-areals\\\/\"},\"author\":{\"name\":\"anja.hall\",\"@id\":\"https:\\\/\\\/www.immobilienbusiness.ch\\\/#\\\/schema\\\/person\\\/3fc036297b10b9f42d6db5ee932af8c8\"},\"headline\":\"Zuchwil: Gr\u00fcnes Licht f\u00fcr Umnutzung des Riverside-Areals\",\"datePublished\":\"2018-12-27T08:05:31+00:00\",\"mainEntityOfPage\":{\"@id\":\"https:\\\/\\\/www.immobilienbusiness.ch\\\/de\\\/regionen\\\/2018-12-27\\\/zuchwil-gruenes-licht-fuer-umnutzung-des-riverside-areals\\\/\"},\"wordCount\":165,\"publisher\":{\"@id\":\"https:\\\/\\\/www.immobilienbusiness.ch\\\/#organization\"},\"image\":{\"@id\":\"https:\\\/\\\/www.immobilienbusiness.ch\\\/de\\\/regionen\\\/2018-12-27\\\/zuchwil-gruenes-licht-fuer-umnutzung-des-riverside-areals\\\/#primaryimage\"},\"thumbnailUrl\":\"https:\\\/\\\/www.immobilienbusiness.ch\\\/wp-content\\\/uploads\\\/2015\\\/10\\\/SPS-bringt-Riverside-Zuchwil-in-neue-Anlagegruppe-ein-immobilien-business.jpg\",\"keywords\":[\"Espace Mittelland\",\"Projekt in Planung\",\"Swiss Prime Anlagestiftung\"],\"articleSection\":[\"REGIONEN\"],\"inLanguage\":\"de\"},{\"@type\":\"WebPage\",\"@id\":\"https:\\\/\\\/www.immobilienbusiness.ch\\\/de\\\/regionen\\\/2018-12-27\\\/zuchwil-gruenes-licht-fuer-umnutzung-des-riverside-areals\\\/\",\"url\":\"https:\\\/\\\/www.immobilienbusiness.ch\\\/de\\\/regionen\\\/2018-12-27\\\/zuchwil-gruenes-licht-fuer-umnutzung-des-riverside-areals\\\/\",\"name\":\"Zuchwil: Gr\u00fcnes Licht f\u00fcr Umnutzung des Riverside-Areals - IMMOBILIEN Business\",\"isPartOf\":{\"@id\":\"https:\\\/\\\/www.immobilienbusiness.ch\\\/#website\"},\"primaryImageOfPage\":{\"@id\":\"https:\\\/\\\/www.immobilienbusiness.ch\\\/de\\\/regionen\\\/2018-12-27\\\/zuchwil-gruenes-licht-fuer-umnutzung-des-riverside-areals\\\/#primaryimage\"},\"image\":{\"@id\":\"https:\\\/\\\/www.immobilienbusiness.ch\\\/de\\\/regionen\\\/2018-12-27\\\/zuchwil-gruenes-licht-fuer-umnutzung-des-riverside-areals\\\/#primaryimage\"},\"thumbnailUrl\":\"https:\\\/\\\/www.immobilienbusiness.ch\\\/wp-content\\\/uploads\\\/2015\\\/10\\\/SPS-bringt-Riverside-Zuchwil-in-neue-Anlagegruppe-ein-immobilien-business.jpg\",\"datePublished\":\"2018-12-27T08:05:31+00:00\",\"description\":\"Die Umnutzung des Riverside-Areals in Zuchwil kommt einen grossen Schritt voran: Der Bauzonen- und Gestaltungsplan hat nun Rechtskraft erlangt.\",\"breadcrumb\":{\"@id\":\"https:\\\/\\\/www.immobilienbusiness.ch\\\/de\\\/regionen\\\/2018-12-27\\\/zuchwil-gruenes-licht-fuer-umnutzung-des-riverside-areals\\\/#breadcrumb\"},\"inLanguage\":\"de\",\"potentialAction\":[{\"@type\":\"ReadAction\",\"target\":[\"https:\\\/\\\/www.immobilienbusiness.ch\\\/de\\\/regionen\\\/2018-12-27\\\/zuchwil-gruenes-licht-fuer-umnutzung-des-riverside-areals\\\/\"]}]},{\"@type\":\"ImageObject\",\"inLanguage\":\"de\",\"@id\":\"https:\\\/\\\/www.immobilienbusiness.ch\\\/de\\\/regionen\\\/2018-12-27\\\/zuchwil-gruenes-licht-fuer-umnutzung-des-riverside-areals\\\/#primaryimage\",\"url\":\"https:\\\/\\\/www.immobilienbusiness.ch\\\/wp-content\\\/uploads\\\/2015\\\/10\\\/SPS-bringt-Riverside-Zuchwil-in-neue-Anlagegruppe-ein-immobilien-business.jpg\",\"contentUrl\":\"https:\\\/\\\/www.immobilienbusiness.ch\\\/wp-content\\\/uploads\\\/2015\\\/10\\\/SPS-bringt-Riverside-Zuchwil-in-neue-Anlagegruppe-ein-immobilien-business.jpg\",\"width\":1575,\"height\":1181,\"caption\":\"Die Photovoltaikanlage auf dem Areal Riverside Zuchwil (Foto: Swiss Prime Site AG)\"},{\"@type\":\"BreadcrumbList\",\"@id\":\"https:\\\/\\\/www.immobilienbusiness.ch\\\/de\\\/regionen\\\/2018-12-27\\\/zuchwil-gruenes-licht-fuer-umnutzung-des-riverside-areals\\\/#breadcrumb\",\"itemListElement\":[{\"@type\":\"ListItem\",\"position\":1,\"name\":\"Home\",\"item\":\"https:\\\/\\\/www.immobilienbusiness.ch\\\/\"},{\"@type\":\"ListItem\",\"position\":2,\"name\":\"Zuchwil: Gr\u00fcnes Licht f\u00fcr Umnutzung des Riverside-Areals\"}]},{\"@type\":\"WebSite\",\"@id\":\"https:\\\/\\\/www.immobilienbusiness.ch\\\/#website\",\"url\":\"https:\\\/\\\/www.immobilienbusiness.ch\\\/\",\"name\":\"IMMOBILIEN Business\",\"description\":\"Unabh\u00e4ngiges Schweizer Wirtschaftsmagazin mit Fokus auf Immobilien, Architektur- und Bau sowie Investment- und Finanzierung.\",\"publisher\":{\"@id\":\"https:\\\/\\\/www.immobilienbusiness.ch\\\/#organization\"},\"potentialAction\":[{\"@type\":\"SearchAction\",\"target\":{\"@type\":\"EntryPoint\",\"urlTemplate\":\"https:\\\/\\\/www.immobilienbusiness.ch\\\/?s={search_term_string}\"},\"query-input\":{\"@type\":\"PropertyValueSpecification\",\"valueRequired\":true,\"valueName\":\"search_term_string\"}}],\"inLanguage\":\"de\"},{\"@type\":\"Organization\",\"@id\":\"https:\\\/\\\/www.immobilienbusiness.ch\\\/#organization\",\"name\":\"IMMOBILIEN Business\",\"url\":\"https:\\\/\\\/www.immobilienbusiness.ch\\\/\",\"logo\":{\"@type\":\"ImageObject\",\"inLanguage\":\"de\",\"@id\":\"https:\\\/\\\/www.immobilienbusiness.ch\\\/#\\\/schema\\\/logo\\\/image\\\/\",\"url\":\"https:\\\/\\\/www.immobilienbusiness.ch\\\/wp-content\\\/uploads\\\/2021\\\/07\\\/logo_ib.png\",\"contentUrl\":\"https:\\\/\\\/www.immobilienbusiness.ch\\\/wp-content\\\/uploads\\\/2021\\\/07\\\/logo_ib.png\",\"width\":800,\"height\":181,\"caption\":\"IMMOBILIEN Business\"},\"image\":{\"@id\":\"https:\\\/\\\/www.immobilienbusiness.ch\\\/#\\\/schema\\\/logo\\\/image\\\/\"},\"sameAs\":[\"https:\\\/\\\/www.facebook.com\\\/immobilienbusiness\\\/\"]},{\"@type\":\"Person\",\"@id\":\"https:\\\/\\\/www.immobilienbusiness.ch\\\/#\\\/schema\\\/person\\\/3fc036297b10b9f42d6db5ee932af8c8\",\"name\":\"anja.hall\",\"image\":{\"@type\":\"ImageObject\",\"inLanguage\":\"de\",\"@id\":\"https:\\\/\\\/secure.gravatar.com\\\/avatar\\\/066b5a0d447013502c71a5782f4f3469f03cfe595cc2329fb94652fe47511bfb?s=96&d=mm&r=g\",\"url\":\"https:\\\/\\\/secure.gravatar.com\\\/avatar\\\/066b5a0d447013502c71a5782f4f3469f03cfe595cc2329fb94652fe47511bfb?s=96&d=mm&r=g\",\"contentUrl\":\"https:\\\/\\\/secure.gravatar.com\\\/avatar\\\/066b5a0d447013502c71a5782f4f3469f03cfe595cc2329fb94652fe47511bfb?s=96&d=mm&r=g\",\"caption\":\"anja.hall\"},\"url\":\"https:\\\/\\\/www.immobilienbusiness.ch\\\/de\\\/author\\\/anja-hall\\\/\"}]}<\/script>\n<!-- \/ Yoast SEO plugin. -->","yoast_head_json":{"title":"Zuchwil: Gr\u00fcnes Licht f\u00fcr Umnutzung des Riverside-Areals - IMMOBILIEN Business","description":"Die Umnutzung des Riverside-Areals in Zuchwil kommt einen grossen Schritt voran: Der Bauzonen- und Gestaltungsplan hat nun Rechtskraft erlangt.","robots":{"index":"index","follow":"follow","max-snippet":"max-snippet:-1","max-image-preview":"max-image-preview:large","max-video-preview":"max-video-preview:-1"},"canonical":"https:\/\/www.immobilienbusiness.ch\/de\/regionen\/2018-12-27\/zuchwil-gruenes-licht-fuer-umnutzung-des-riverside-areals\/","og_locale":"de_DE","og_type":"article","og_title":"Zuchwil: Gr\u00fcnes Licht f\u00fcr Umnutzung des Riverside-Areals - IMMOBILIEN Business","og_description":"Die Umnutzung des Riverside-Areals in Zuchwil kommt einen grossen Schritt voran: Der Bauzonen- und Gestaltungsplan hat nun Rechtskraft erlangt.","og_url":"https:\/\/www.immobilienbusiness.ch\/de\/regionen\/2018-12-27\/zuchwil-gruenes-licht-fuer-umnutzung-des-riverside-areals\/","og_site_name":"IMMOBILIEN Business","article_publisher":"https:\/\/www.facebook.com\/immobilienbusiness\/","article_published_time":"2018-12-27T08:05:31+00:00","og_image":[{"width":1575,"height":1181,"url":"https:\/\/www.immobilienbusiness.ch\/wp-content\/uploads\/2015\/10\/SPS-bringt-Riverside-Zuchwil-in-neue-Anlagegruppe-ein-immobilien-business.jpg","type":"image\/jpeg"}],"author":"anja.hall","twitter_card":"summary_large_image","twitter_image":"https:\/\/www.immobilienbusiness.ch\/wp-content\/uploads\/2015\/10\/SPS-bringt-Riverside-Zuchwil-in-neue-Anlagegruppe-ein-immobilien-business.jpg","schema":{"@context":"https:\/\/schema.org","@graph":[{"@type":"Article","@id":"https:\/\/www.immobilienbusiness.ch\/de\/regionen\/2018-12-27\/zuchwil-gruenes-licht-fuer-umnutzung-des-riverside-areals\/#article","isPartOf":{"@id":"https:\/\/www.immobilienbusiness.ch\/de\/regionen\/2018-12-27\/zuchwil-gruenes-licht-fuer-umnutzung-des-riverside-areals\/"},"author":{"name":"anja.hall","@id":"https:\/\/www.immobilienbusiness.ch\/#\/schema\/person\/3fc036297b10b9f42d6db5ee932af8c8"},"headline":"Zuchwil: Gr\u00fcnes Licht f\u00fcr Umnutzung des Riverside-Areals","datePublished":"2018-12-27T08:05:31+00:00","mainEntityOfPage":{"@id":"https:\/\/www.immobilienbusiness.ch\/de\/regionen\/2018-12-27\/zuchwil-gruenes-licht-fuer-umnutzung-des-riverside-areals\/"},"wordCount":165,"publisher":{"@id":"https:\/\/www.immobilienbusiness.ch\/#organization"},"image":{"@id":"https:\/\/www.immobilienbusiness.ch\/de\/regionen\/2018-12-27\/zuchwil-gruenes-licht-fuer-umnutzung-des-riverside-areals\/#primaryimage"},"thumbnailUrl":"https:\/\/www.immobilienbusiness.ch\/wp-content\/uploads\/2015\/10\/SPS-bringt-Riverside-Zuchwil-in-neue-Anlagegruppe-ein-immobilien-business.jpg","keywords":["Espace Mittelland","Projekt in Planung","Swiss Prime Anlagestiftung"],"articleSection":["REGIONEN"],"inLanguage":"de"},{"@type":"WebPage","@id":"https:\/\/www.immobilienbusiness.ch\/de\/regionen\/2018-12-27\/zuchwil-gruenes-licht-fuer-umnutzung-des-riverside-areals\/","url":"https:\/\/www.immobilienbusiness.ch\/de\/regionen\/2018-12-27\/zuchwil-gruenes-licht-fuer-umnutzung-des-riverside-areals\/","name":"Zuchwil: Gr\u00fcnes Licht f\u00fcr Umnutzung des Riverside-Areals - IMMOBILIEN Business","isPartOf":{"@id":"https:\/\/www.immobilienbusiness.ch\/#website"},"primaryImageOfPage":{"@id":"https:\/\/www.immobilienbusiness.ch\/de\/regionen\/2018-12-27\/zuchwil-gruenes-licht-fuer-umnutzung-des-riverside-areals\/#primaryimage"},"image":{"@id":"https:\/\/www.immobilienbusiness.ch\/de\/regionen\/2018-12-27\/zuchwil-gruenes-licht-fuer-umnutzung-des-riverside-areals\/#primaryimage"},"thumbnailUrl":"https:\/\/www.immobilienbusiness.ch\/wp-content\/uploads\/2015\/10\/SPS-bringt-Riverside-Zuchwil-in-neue-Anlagegruppe-ein-immobilien-business.jpg","datePublished":"2018-12-27T08:05:31+00:00","description":"Die Umnutzung des Riverside-Areals in Zuchwil kommt einen grossen Schritt voran: Der Bauzonen- und Gestaltungsplan hat nun Rechtskraft erlangt.","breadcrumb":{"@id":"https:\/\/www.immobilienbusiness.ch\/de\/regionen\/2018-12-27\/zuchwil-gruenes-licht-fuer-umnutzung-des-riverside-areals\/#breadcrumb"},"inLanguage":"de","potentialAction":[{"@type":"ReadAction","target":["https:\/\/www.immobilienbusiness.ch\/de\/regionen\/2018-12-27\/zuchwil-gruenes-licht-fuer-umnutzung-des-riverside-areals\/"]}]},{"@type":"ImageObject","inLanguage":"de","@id":"https:\/\/www.immobilienbusiness.ch\/de\/regionen\/2018-12-27\/zuchwil-gruenes-licht-fuer-umnutzung-des-riverside-areals\/#primaryimage","url":"https:\/\/www.immobilienbusiness.ch\/wp-content\/uploads\/2015\/10\/SPS-bringt-Riverside-Zuchwil-in-neue-Anlagegruppe-ein-immobilien-business.jpg","contentUrl":"https:\/\/www.immobilienbusiness.ch\/wp-content\/uploads\/2015\/10\/SPS-bringt-Riverside-Zuchwil-in-neue-Anlagegruppe-ein-immobilien-business.jpg","width":1575,"height":1181,"caption":"Die Photovoltaikanlage auf dem Areal Riverside Zuchwil (Foto: Swiss Prime Site AG)"},{"@type":"BreadcrumbList","@id":"https:\/\/www.immobilienbusiness.ch\/de\/regionen\/2018-12-27\/zuchwil-gruenes-licht-fuer-umnutzung-des-riverside-areals\/#breadcrumb","itemListElement":[{"@type":"ListItem","position":1,"name":"Home","item":"https:\/\/www.immobilienbusiness.ch\/"},{"@type":"ListItem","position":2,"name":"Zuchwil: Gr\u00fcnes Licht f\u00fcr Umnutzung des Riverside-Areals"}]},{"@type":"WebSite","@id":"https:\/\/www.immobilienbusiness.ch\/#website","url":"https:\/\/www.immobilienbusiness.ch\/","name":"IMMOBILIEN Business","description":"Unabh\u00e4ngiges Schweizer Wirtschaftsmagazin mit Fokus auf Immobilien, Architektur- und Bau sowie Investment- und Finanzierung.","publisher":{"@id":"https:\/\/www.immobilienbusiness.ch\/#organization"},"potentialAction":[{"@type":"SearchAction","target":{"@type":"EntryPoint","urlTemplate":"https:\/\/www.immobilienbusiness.ch\/?s={search_term_string}"},"query-input":{"@type":"PropertyValueSpecification","valueRequired":true,"valueName":"search_term_string"}}],"inLanguage":"de"},{"@type":"Organization","@id":"https:\/\/www.immobilienbusiness.ch\/#organization","name":"IMMOBILIEN Business","url":"https:\/\/www.immobilienbusiness.ch\/","logo":{"@type":"ImageObject","inLanguage":"de","@id":"https:\/\/www.immobilienbusiness.ch\/#\/schema\/logo\/image\/","url":"https:\/\/www.immobilienbusiness.ch\/wp-content\/uploads\/2021\/07\/logo_ib.png","contentUrl":"https:\/\/www.immobilienbusiness.ch\/wp-content\/uploads\/2021\/07\/logo_ib.png","width":800,"height":181,"caption":"IMMOBILIEN Business"},"image":{"@id":"https:\/\/www.immobilienbusiness.ch\/#\/schema\/logo\/image\/"},"sameAs":["https:\/\/www.facebook.com\/immobilienbusiness\/"]},{"@type":"Person","@id":"https:\/\/www.immobilienbusiness.ch\/#\/schema\/person\/3fc036297b10b9f42d6db5ee932af8c8","name":"anja.hall","image":{"@type":"ImageObject","inLanguage":"de","@id":"https:\/\/secure.gravatar.com\/avatar\/066b5a0d447013502c71a5782f4f3469f03cfe595cc2329fb94652fe47511bfb?s=96&d=mm&r=g","url":"https:\/\/secure.gravatar.com\/avatar\/066b5a0d447013502c71a5782f4f3469f03cfe595cc2329fb94652fe47511bfb?s=96&d=mm&r=g","contentUrl":"https:\/\/secure.gravatar.com\/avatar\/066b5a0d447013502c71a5782f4f3469f03cfe595cc2329fb94652fe47511bfb?s=96&d=mm&r=g","caption":"anja.hall"},"url":"https:\/\/www.immobilienbusiness.ch\/de\/author\/anja-hall\/"}]}},"_links":{"self":[{"href":"https:\/\/www.immobilienbusiness.ch\/de\/wp-json\/wp\/v2\/posts\/15351","targetHints":{"allow":["GET"]}}],"collection":[{"href":"https:\/\/www.immobilienbusiness.ch\/de\/wp-json\/wp\/v2\/posts"}],"about":[{"href":"https:\/\/www.immobilienbusiness.ch\/de\/wp-json\/wp\/v2\/types\/post"}],"author":[{"embeddable":true,"href":"https:\/\/www.immobilienbusiness.ch\/de\/wp-json\/wp\/v2\/users\/3"}],"replies":[{"embeddable":true,"href":"https:\/\/www.immobilienbusiness.ch\/de\/wp-json\/wp\/v2\/comments?post=15351"}],"version-history":[{"count":0,"href":"https:\/\/www.immobilienbusiness.ch\/de\/wp-json\/wp\/v2\/posts\/15351\/revisions"}],"wp:featuredmedia":[{"embeddable":true,"href":"https:\/\/www.immobilienbusiness.ch\/de\/wp-json\/wp\/v2\/media\/4964"}],"wp:attachment":[{"href":"https:\/\/www.immobilienbusiness.ch\/de\/wp-json\/wp\/v2\/media?parent=15351"}],"wp:term":[{"taxonomy":"category","embeddable":true,"href":"https:\/\/www.immobilienbusiness.ch\/de\/wp-json\/wp\/v2\/categories?post=15351"},{"taxonomy":"post_tag","embeddable":true,"href":"https:\/\/www.immobilienbusiness.ch\/de\/wp-json\/wp\/v2\/tags?post=15351"}],"curies":[{"name":"wp","href":"https:\/\/api.w.org\/{rel}","templated":true}]}}