{"id":1514,"date":"2015-11-11T10:41:33","date_gmt":"2015-11-11T09:41:33","guid":{"rendered":"http:\/\/dev.immobilienbusiness.ch\/?p=1514"},"modified":"2015-11-11T10:41:33","modified_gmt":"2015-11-11T09:41:33","slug":"johannes-reis-wechselt-von-allreal-zu-siska-heuberger","status":"publish","type":"post","link":"https:\/\/www.immobilienbusiness.ch\/de\/unternehmen\/2015-11-11\/johannes-reis-wechselt-von-allreal-zu-siska-heuberger\/","title":{"rendered":"Johannes Reis wechselt von Allreal zu SISKA Heuberger"},"content":{"rendered":"<figure id=\"attachment_1515\" aria-describedby=\"caption-attachment-1515\" style=\"width: 680px\" class=\"wp-caption alignnone\"><img loading=\"lazy\" decoding=\"async\" class=\"size-medium wp-image-1515\" src=\"https:\/\/immobilienbusiness.ch\/wp-content\/uploads\/2016\/12\/Johannes-Reis-wechselt-von-Allreal-zu-SISKA-Heuberger-immobilien-business.jpg\" alt=\"Johannes Reis wird Leiter Immobilien-Portfolio-Management und Mitglied der Gesch\u00e4ftsleitung (Foto: SISKA Heuberger Holding AG)\" width=\"680\" height=\"256\" srcset=\"https:\/\/www.immobilienbusiness.ch\/wp-content\/uploads\/2016\/12\/Johannes-Reis-wechselt-von-Allreal-zu-SISKA-Heuberger-immobilien-business.jpg 792w, https:\/\/www.immobilienbusiness.ch\/wp-content\/uploads\/2016\/12\/Johannes-Reis-wechselt-von-Allreal-zu-SISKA-Heuberger-immobilien-business-300x113.jpg 300w, https:\/\/www.immobilienbusiness.ch\/wp-content\/uploads\/2016\/12\/Johannes-Reis-wechselt-von-Allreal-zu-SISKA-Heuberger-immobilien-business-768x289.jpg 768w, https:\/\/www.immobilienbusiness.ch\/wp-content\/uploads\/2016\/12\/Johannes-Reis-wechselt-von-Allreal-zu-SISKA-Heuberger-immobilien-business-16x6.jpg 16w, https:\/\/www.immobilienbusiness.ch\/wp-content\/uploads\/2016\/12\/Johannes-Reis-wechselt-von-Allreal-zu-SISKA-Heuberger-immobilien-business-375x141.jpg 375w, https:\/\/www.immobilienbusiness.ch\/wp-content\/uploads\/2016\/12\/Johannes-Reis-wechselt-von-Allreal-zu-SISKA-Heuberger-immobilien-business-760x286.jpg 760w\" sizes=\"auto, (max-width: 680px) 100vw, 680px\" \/><figcaption id=\"caption-attachment-1515\" class=\"wp-caption-text\">Johannes Reis wird Leiter Immobilien-Portfolio-Management und Mitglied der Gesch\u00e4ftsleitung (Foto: SISKA Heuberger Holding AG)<\/figcaption><\/figure>\n<p>In dieser Funktion war Johannes Reis verantwortlich f\u00fcr die Bewirtschaftung von gruppeneigenen Immobilien als auch von Drittmandaten. In den Jahren davor war der Immobilienfachmann in verschieden F\u00fchrungspositionen t\u00e4tig, unter anderem bei Priora AG, den Winterthur-Versicherungen sowie bei der Cr\u00e9dit Suisse. Reis verf\u00fcgt \u00fcber einen Abschluss als Eidg. dipl. Immobilientreuh\u00e4nder, einen Master in Internationalem Immobilienmanagement und ist Mitglied der Royal Institution of Chartered Surveyors (RICS).<\/p>\n<p>Hintergrund des Zugangs von Reis ist eine vom Verwaltungsrat beschlossene Strategieanpassung: Die zahlreichen an die SISKA Heuberger Holding AG herangetragenen interessanten Projekte f\u00fcr die n\u00e4chsten Monate und Jahre w\u00fcrden eine Verst\u00e4rkung der bisherigen Gesch\u00e4ftsleitung erfordern, welche mit den grossen Umbauprojekten in Winterthur (Einkaufszentrum Neuwiesen), Uster (Einkaufszentren Illuster und Uschter77) ausgelastet sei, schreibt das Unternehmen in einer Mitteilung.<\/p>\n<p>Die neu geschaffene Stelle des Leiters Immobilien-Portfolio-Management soll die verschiedenen Prozesse der Neuausrichtung des Immobilienportfolios zeitgerecht und strukturell vernetzen sowie die Substanzerhaltung und die geplanten Erg\u00e4nzungen des Portfolios durch klare Projektsteuerungen operativ sicherstellen. Zuletzt wurden zwei Neubauprojekte in Seuzach und Gossau SG ins Immobilien-Portfolio von SISKA Heuberger aufgenommen. Dazu kommen der Bau des Projektes Kern S\u00fcd in Uster mit zwei Partnern und die Beteiligung am Projekt WinCity AG Winterthur mit drei Partnern.<\/p>\n<p>Wie SISKA Heuberger weiter mitteilt, bleiben die \u00fcbrigen Mitglieder der Gesch\u00e4ftsleitung unver\u00e4ndert: Pablo Caravatti als Leiter Immobilienbewirtschaftung, Ralf Peters als Leiter Finanzen und G\u00fcnter Heuberger als Gesch\u00e4ftsleiter und Delegierter des Verwaltungsrates. Ebenso bleibt Irene Janosevic als Leiterin Qualit\u00e4tssicherung als Stabsstelle auf der gleichen Stufe wie die Gesch\u00e4ftsleitung im Organigramm der SISKA Heuberger Holding AG. (ah)<\/p>\n","protected":false},"excerpt":{"rendered":"<p>Die SISKA Heuberger Holding AG schafft in der Gesch\u00e4ftsleitung die neue Stelle eines Leiters des Immobilien-Portfolio-Managements und besetzt den Posten mit Johannes Reis. Reis wechselt von der Allreal, wo er als Leiter der Sparte Bewirtschaftung und Gesch\u00e4ftsf\u00fchrer der Hammer Retex AG t\u00e4tig war.<\/p>\n","protected":false},"author":1,"featured_media":1515,"comment_status":"open","ping_status":"open","sticky":false,"template":"","format":"standard","meta":{"_acf_changed":false,"_yoast_wpseo_focuskw":"Johannes Reis Wechsel","_yoast_wpseo_title":"Johannes Reis Wechsel: Neue F\u00fchrung bei SISKA Heuberger","_yoast_wpseo_metadesc":"Angesichts strategischer Projekte \u00fcbernimmt Johannes Reis bei SISKA Heuberger die Leitung des Immobilien-Portfolio-Managements.","_yoast_wpseo_linkdex":85,"pgc_sgb_lightbox_settings":"","footnotes":""},"categories":[988],"tags":[1564,1807],"class_list":["post-1514","post","type-post","status-publish","format-standard","has-post-thumbnail","hentry","category-unternehmen","tag-personalien","tag-unternehmen"],"acf":[],"yoast_head":"<!-- This site is optimized with the Yoast SEO plugin v27.4 - https:\/\/yoast.com\/product\/yoast-seo-wordpress\/ -->\n<title>Johannes Reis Wechsel: Neue F\u00fchrung bei SISKA Heuberger<\/title>\n<meta name=\"description\" content=\"Angesichts strategischer Projekte \u00fcbernimmt Johannes Reis bei SISKA Heuberger die Leitung des Immobilien-Portfolio-Managements.\" \/>\n<meta name=\"robots\" content=\"index, follow, max-snippet:-1, max-image-preview:large, max-video-preview:-1\" \/>\n<link rel=\"canonical\" href=\"https:\/\/www.immobilienbusiness.ch\/de\/unternehmen\/2015-11-11\/johannes-reis-wechselt-von-allreal-zu-siska-heuberger\/\" \/>\n<meta property=\"og:locale\" content=\"de_DE\" \/>\n<meta property=\"og:type\" content=\"article\" \/>\n<meta property=\"og:title\" content=\"Johannes Reis wechselt von Allreal zu SISKA Heuberger\" \/>\n<meta property=\"og:description\" content=\"Die SISKA Heuberger Holding AG schafft in der Gesch\u00e4ftsleitung die neue Stelle eines Leiters des Immobilien-Portfolio-Managements und besetzt den Posten mit Johannes Reis. Reis wechselt von der Allreal, wo er als Leiter der Sparte Bewirtschaftung und Gesch\u00e4ftsf\u00fchrer der Hammer Retex AG t\u00e4tig war.\" \/>\n<meta property=\"og:url\" content=\"https:\/\/www.immobilienbusiness.ch\/de\/unternehmen\/2015-11-11\/johannes-reis-wechselt-von-allreal-zu-siska-heuberger\/\" \/>\n<meta property=\"og:site_name\" content=\"IMMOBILIEN Business\" \/>\n<meta property=\"article:publisher\" content=\"https:\/\/www.facebook.com\/immobilienbusiness\/\" \/>\n<meta property=\"article:published_time\" content=\"2015-11-11T09:41:33+00:00\" \/>\n<meta name=\"author\" content=\"Redaktion\" \/>\n<meta name=\"twitter:card\" content=\"summary_large_image\" \/>\n<meta name=\"twitter:image\" content=\"https:\/\/www.immobilienbusiness.ch\/wp-content\/uploads\/2016\/12\/Johannes-Reis-wechselt-von-Allreal-zu-SISKA-Heuberger-immobilien-business.jpg\" \/>\n<script type=\"application\/ld+json\" class=\"yoast-schema-graph\">{\"@context\":\"https:\\\/\\\/schema.org\",\"@graph\":[{\"@type\":\"Article\",\"@id\":\"https:\\\/\\\/www.immobilienbusiness.ch\\\/unternehmen\\\/2015-11-11\\\/johannes-reis-wechselt-von-allreal-zu-siska-heuberger\\\/#article\",\"isPartOf\":{\"@id\":\"https:\\\/\\\/www.immobilienbusiness.ch\\\/unternehmen\\\/2015-11-11\\\/johannes-reis-wechselt-von-allreal-zu-siska-heuberger\\\/\"},\"author\":{\"name\":\"Redaktion\",\"@id\":\"https:\\\/\\\/www.immobilienbusiness.ch\\\/#\\\/schema\\\/person\\\/aa2bace6c5c5aad60102004a50c4eb1c\"},\"headline\":\"Johannes Reis wechselt von Allreal zu SISKA Heuberger\",\"datePublished\":\"2015-11-11T09:41:33+00:00\",\"mainEntityOfPage\":{\"@id\":\"https:\\\/\\\/www.immobilienbusiness.ch\\\/unternehmen\\\/2015-11-11\\\/johannes-reis-wechselt-von-allreal-zu-siska-heuberger\\\/\"},\"wordCount\":297,\"commentCount\":0,\"publisher\":{\"@id\":\"https:\\\/\\\/www.immobilienbusiness.ch\\\/#organization\"},\"image\":{\"@id\":\"https:\\\/\\\/www.immobilienbusiness.ch\\\/unternehmen\\\/2015-11-11\\\/johannes-reis-wechselt-von-allreal-zu-siska-heuberger\\\/#primaryimage\"},\"thumbnailUrl\":\"https:\\\/\\\/www.immobilienbusiness.ch\\\/wp-content\\\/uploads\\\/2016\\\/12\\\/Johannes-Reis-wechselt-von-Allreal-zu-SISKA-Heuberger-immobilien-business.jpg\",\"keywords\":[\"Personalien\",\"Unternehmen\"],\"articleSection\":[\"UNTERNEHMEN\"],\"inLanguage\":\"de\"},{\"@type\":\"WebPage\",\"@id\":\"https:\\\/\\\/www.immobilienbusiness.ch\\\/unternehmen\\\/2015-11-11\\\/johannes-reis-wechselt-von-allreal-zu-siska-heuberger\\\/\",\"url\":\"https:\\\/\\\/www.immobilienbusiness.ch\\\/unternehmen\\\/2015-11-11\\\/johannes-reis-wechselt-von-allreal-zu-siska-heuberger\\\/\",\"name\":\"Johannes Reis Wechsel: Neue F\u00fchrung bei SISKA Heuberger\",\"isPartOf\":{\"@id\":\"https:\\\/\\\/www.immobilienbusiness.ch\\\/#website\"},\"primaryImageOfPage\":{\"@id\":\"https:\\\/\\\/www.immobilienbusiness.ch\\\/unternehmen\\\/2015-11-11\\\/johannes-reis-wechselt-von-allreal-zu-siska-heuberger\\\/#primaryimage\"},\"image\":{\"@id\":\"https:\\\/\\\/www.immobilienbusiness.ch\\\/unternehmen\\\/2015-11-11\\\/johannes-reis-wechselt-von-allreal-zu-siska-heuberger\\\/#primaryimage\"},\"thumbnailUrl\":\"https:\\\/\\\/www.immobilienbusiness.ch\\\/wp-content\\\/uploads\\\/2016\\\/12\\\/Johannes-Reis-wechselt-von-Allreal-zu-SISKA-Heuberger-immobilien-business.jpg\",\"datePublished\":\"2015-11-11T09:41:33+00:00\",\"description\":\"Angesichts strategischer Projekte \u00fcbernimmt Johannes Reis bei SISKA Heuberger die Leitung des Immobilien-Portfolio-Managements.\",\"breadcrumb\":{\"@id\":\"https:\\\/\\\/www.immobilienbusiness.ch\\\/unternehmen\\\/2015-11-11\\\/johannes-reis-wechselt-von-allreal-zu-siska-heuberger\\\/#breadcrumb\"},\"inLanguage\":\"de\",\"potentialAction\":[{\"@type\":\"ReadAction\",\"target\":[\"https:\\\/\\\/www.immobilienbusiness.ch\\\/unternehmen\\\/2015-11-11\\\/johannes-reis-wechselt-von-allreal-zu-siska-heuberger\\\/\"]}]},{\"@type\":\"ImageObject\",\"inLanguage\":\"de\",\"@id\":\"https:\\\/\\\/www.immobilienbusiness.ch\\\/unternehmen\\\/2015-11-11\\\/johannes-reis-wechselt-von-allreal-zu-siska-heuberger\\\/#primaryimage\",\"url\":\"https:\\\/\\\/www.immobilienbusiness.ch\\\/wp-content\\\/uploads\\\/2016\\\/12\\\/Johannes-Reis-wechselt-von-Allreal-zu-SISKA-Heuberger-immobilien-business.jpg\",\"contentUrl\":\"https:\\\/\\\/www.immobilienbusiness.ch\\\/wp-content\\\/uploads\\\/2016\\\/12\\\/Johannes-Reis-wechselt-von-Allreal-zu-SISKA-Heuberger-immobilien-business.jpg\",\"width\":792,\"height\":298,\"caption\":\"Johannes Reis wird Leiter Immobilien-Portfolio-Management und Mitglied der Gesch\u00e4ftsleitung (Foto: SISKA Heuberger Holding AG)\"},{\"@type\":\"BreadcrumbList\",\"@id\":\"https:\\\/\\\/www.immobilienbusiness.ch\\\/unternehmen\\\/2015-11-11\\\/johannes-reis-wechselt-von-allreal-zu-siska-heuberger\\\/#breadcrumb\",\"itemListElement\":[{\"@type\":\"ListItem\",\"position\":1,\"name\":\"Home\",\"item\":\"https:\\\/\\\/www.immobilienbusiness.ch\\\/\"},{\"@type\":\"ListItem\",\"position\":2,\"name\":\"Johannes Reis wechselt von Allreal zu SISKA Heuberger\"}]},{\"@type\":\"WebSite\",\"@id\":\"https:\\\/\\\/www.immobilienbusiness.ch\\\/#website\",\"url\":\"https:\\\/\\\/www.immobilienbusiness.ch\\\/\",\"name\":\"IMMOBILIEN Business\",\"description\":\"Unabh\u00e4ngiges Schweizer Wirtschaftsmagazin mit Fokus auf Immobilien, Architektur- und Bau sowie Investment- und Finanzierung.\",\"publisher\":{\"@id\":\"https:\\\/\\\/www.immobilienbusiness.ch\\\/#organization\"},\"potentialAction\":[{\"@type\":\"SearchAction\",\"target\":{\"@type\":\"EntryPoint\",\"urlTemplate\":\"https:\\\/\\\/www.immobilienbusiness.ch\\\/?s={search_term_string}\"},\"query-input\":{\"@type\":\"PropertyValueSpecification\",\"valueRequired\":true,\"valueName\":\"search_term_string\"}}],\"inLanguage\":\"de\"},{\"@type\":\"Organization\",\"@id\":\"https:\\\/\\\/www.immobilienbusiness.ch\\\/#organization\",\"name\":\"IMMOBILIEN Business\",\"url\":\"https:\\\/\\\/www.immobilienbusiness.ch\\\/\",\"logo\":{\"@type\":\"ImageObject\",\"inLanguage\":\"de\",\"@id\":\"https:\\\/\\\/www.immobilienbusiness.ch\\\/#\\\/schema\\\/logo\\\/image\\\/\",\"url\":\"https:\\\/\\\/www.immobilienbusiness.ch\\\/wp-content\\\/uploads\\\/2021\\\/07\\\/logo_ib.png\",\"contentUrl\":\"https:\\\/\\\/www.immobilienbusiness.ch\\\/wp-content\\\/uploads\\\/2021\\\/07\\\/logo_ib.png\",\"width\":800,\"height\":181,\"caption\":\"IMMOBILIEN Business\"},\"image\":{\"@id\":\"https:\\\/\\\/www.immobilienbusiness.ch\\\/#\\\/schema\\\/logo\\\/image\\\/\"},\"sameAs\":[\"https:\\\/\\\/www.facebook.com\\\/immobilienbusiness\\\/\"]},{\"@type\":\"Person\",\"@id\":\"https:\\\/\\\/www.immobilienbusiness.ch\\\/#\\\/schema\\\/person\\\/aa2bace6c5c5aad60102004a50c4eb1c\",\"name\":\"Redaktion\",\"image\":{\"@type\":\"ImageObject\",\"inLanguage\":\"de\",\"@id\":\"https:\\\/\\\/secure.gravatar.com\\\/avatar\\\/ae2f4d718e6c49043e314ce431e7e645d646302a24a5ef5a8bc8e3f5a032e319?s=96&d=mm&r=g\",\"url\":\"https:\\\/\\\/secure.gravatar.com\\\/avatar\\\/ae2f4d718e6c49043e314ce431e7e645d646302a24a5ef5a8bc8e3f5a032e319?s=96&d=mm&r=g\",\"contentUrl\":\"https:\\\/\\\/secure.gravatar.com\\\/avatar\\\/ae2f4d718e6c49043e314ce431e7e645d646302a24a5ef5a8bc8e3f5a032e319?s=96&d=mm&r=g\",\"caption\":\"Redaktion\"},\"sameAs\":[\"http:\\\/\\\/develop.organisator.galledia.ch\"],\"url\":\"https:\\\/\\\/www.immobilienbusiness.ch\\\/de\\\/author\\\/admin\\\/\"}]}<\/script>\n<!-- \/ Yoast SEO plugin. -->","yoast_head_json":{"title":"Johannes Reis Wechsel: Neue F\u00fchrung bei SISKA Heuberger","description":"Angesichts strategischer Projekte \u00fcbernimmt Johannes Reis bei SISKA Heuberger die Leitung des Immobilien-Portfolio-Managements.","robots":{"index":"index","follow":"follow","max-snippet":"max-snippet:-1","max-image-preview":"max-image-preview:large","max-video-preview":"max-video-preview:-1"},"canonical":"https:\/\/www.immobilienbusiness.ch\/de\/unternehmen\/2015-11-11\/johannes-reis-wechselt-von-allreal-zu-siska-heuberger\/","og_locale":"de_DE","og_type":"article","og_title":"Johannes Reis wechselt von Allreal zu SISKA Heuberger","og_description":"Die SISKA Heuberger Holding AG schafft in der Gesch\u00e4ftsleitung die neue Stelle eines Leiters des Immobilien-Portfolio-Managements und besetzt den Posten mit Johannes Reis. Reis wechselt von der Allreal, wo er als Leiter der Sparte Bewirtschaftung und Gesch\u00e4ftsf\u00fchrer der Hammer Retex AG t\u00e4tig war.","og_url":"https:\/\/www.immobilienbusiness.ch\/de\/unternehmen\/2015-11-11\/johannes-reis-wechselt-von-allreal-zu-siska-heuberger\/","og_site_name":"IMMOBILIEN Business","article_publisher":"https:\/\/www.facebook.com\/immobilienbusiness\/","article_published_time":"2015-11-11T09:41:33+00:00","author":"Redaktion","twitter_card":"summary_large_image","twitter_image":"https:\/\/www.immobilienbusiness.ch\/wp-content\/uploads\/2016\/12\/Johannes-Reis-wechselt-von-Allreal-zu-SISKA-Heuberger-immobilien-business.jpg","schema":{"@context":"https:\/\/schema.org","@graph":[{"@type":"Article","@id":"https:\/\/www.immobilienbusiness.ch\/unternehmen\/2015-11-11\/johannes-reis-wechselt-von-allreal-zu-siska-heuberger\/#article","isPartOf":{"@id":"https:\/\/www.immobilienbusiness.ch\/unternehmen\/2015-11-11\/johannes-reis-wechselt-von-allreal-zu-siska-heuberger\/"},"author":{"name":"Redaktion","@id":"https:\/\/www.immobilienbusiness.ch\/#\/schema\/person\/aa2bace6c5c5aad60102004a50c4eb1c"},"headline":"Johannes Reis wechselt von Allreal zu SISKA Heuberger","datePublished":"2015-11-11T09:41:33+00:00","mainEntityOfPage":{"@id":"https:\/\/www.immobilienbusiness.ch\/unternehmen\/2015-11-11\/johannes-reis-wechselt-von-allreal-zu-siska-heuberger\/"},"wordCount":297,"commentCount":0,"publisher":{"@id":"https:\/\/www.immobilienbusiness.ch\/#organization"},"image":{"@id":"https:\/\/www.immobilienbusiness.ch\/unternehmen\/2015-11-11\/johannes-reis-wechselt-von-allreal-zu-siska-heuberger\/#primaryimage"},"thumbnailUrl":"https:\/\/www.immobilienbusiness.ch\/wp-content\/uploads\/2016\/12\/Johannes-Reis-wechselt-von-Allreal-zu-SISKA-Heuberger-immobilien-business.jpg","keywords":["Personalien","Unternehmen"],"articleSection":["UNTERNEHMEN"],"inLanguage":"de"},{"@type":"WebPage","@id":"https:\/\/www.immobilienbusiness.ch\/unternehmen\/2015-11-11\/johannes-reis-wechselt-von-allreal-zu-siska-heuberger\/","url":"https:\/\/www.immobilienbusiness.ch\/unternehmen\/2015-11-11\/johannes-reis-wechselt-von-allreal-zu-siska-heuberger\/","name":"Johannes Reis Wechsel: Neue F\u00fchrung bei SISKA Heuberger","isPartOf":{"@id":"https:\/\/www.immobilienbusiness.ch\/#website"},"primaryImageOfPage":{"@id":"https:\/\/www.immobilienbusiness.ch\/unternehmen\/2015-11-11\/johannes-reis-wechselt-von-allreal-zu-siska-heuberger\/#primaryimage"},"image":{"@id":"https:\/\/www.immobilienbusiness.ch\/unternehmen\/2015-11-11\/johannes-reis-wechselt-von-allreal-zu-siska-heuberger\/#primaryimage"},"thumbnailUrl":"https:\/\/www.immobilienbusiness.ch\/wp-content\/uploads\/2016\/12\/Johannes-Reis-wechselt-von-Allreal-zu-SISKA-Heuberger-immobilien-business.jpg","datePublished":"2015-11-11T09:41:33+00:00","description":"Angesichts strategischer Projekte \u00fcbernimmt Johannes Reis bei SISKA Heuberger die Leitung des Immobilien-Portfolio-Managements.","breadcrumb":{"@id":"https:\/\/www.immobilienbusiness.ch\/unternehmen\/2015-11-11\/johannes-reis-wechselt-von-allreal-zu-siska-heuberger\/#breadcrumb"},"inLanguage":"de","potentialAction":[{"@type":"ReadAction","target":["https:\/\/www.immobilienbusiness.ch\/unternehmen\/2015-11-11\/johannes-reis-wechselt-von-allreal-zu-siska-heuberger\/"]}]},{"@type":"ImageObject","inLanguage":"de","@id":"https:\/\/www.immobilienbusiness.ch\/unternehmen\/2015-11-11\/johannes-reis-wechselt-von-allreal-zu-siska-heuberger\/#primaryimage","url":"https:\/\/www.immobilienbusiness.ch\/wp-content\/uploads\/2016\/12\/Johannes-Reis-wechselt-von-Allreal-zu-SISKA-Heuberger-immobilien-business.jpg","contentUrl":"https:\/\/www.immobilienbusiness.ch\/wp-content\/uploads\/2016\/12\/Johannes-Reis-wechselt-von-Allreal-zu-SISKA-Heuberger-immobilien-business.jpg","width":792,"height":298,"caption":"Johannes Reis wird Leiter Immobilien-Portfolio-Management und Mitglied der Gesch\u00e4ftsleitung (Foto: SISKA Heuberger Holding AG)"},{"@type":"BreadcrumbList","@id":"https:\/\/www.immobilienbusiness.ch\/unternehmen\/2015-11-11\/johannes-reis-wechselt-von-allreal-zu-siska-heuberger\/#breadcrumb","itemListElement":[{"@type":"ListItem","position":1,"name":"Home","item":"https:\/\/www.immobilienbusiness.ch\/"},{"@type":"ListItem","position":2,"name":"Johannes Reis wechselt von Allreal zu SISKA Heuberger"}]},{"@type":"WebSite","@id":"https:\/\/www.immobilienbusiness.ch\/#website","url":"https:\/\/www.immobilienbusiness.ch\/","name":"IMMOBILIEN Business","description":"Unabh\u00e4ngiges Schweizer Wirtschaftsmagazin mit Fokus auf Immobilien, Architektur- und Bau sowie Investment- und Finanzierung.","publisher":{"@id":"https:\/\/www.immobilienbusiness.ch\/#organization"},"potentialAction":[{"@type":"SearchAction","target":{"@type":"EntryPoint","urlTemplate":"https:\/\/www.immobilienbusiness.ch\/?s={search_term_string}"},"query-input":{"@type":"PropertyValueSpecification","valueRequired":true,"valueName":"search_term_string"}}],"inLanguage":"de"},{"@type":"Organization","@id":"https:\/\/www.immobilienbusiness.ch\/#organization","name":"IMMOBILIEN Business","url":"https:\/\/www.immobilienbusiness.ch\/","logo":{"@type":"ImageObject","inLanguage":"de","@id":"https:\/\/www.immobilienbusiness.ch\/#\/schema\/logo\/image\/","url":"https:\/\/www.immobilienbusiness.ch\/wp-content\/uploads\/2021\/07\/logo_ib.png","contentUrl":"https:\/\/www.immobilienbusiness.ch\/wp-content\/uploads\/2021\/07\/logo_ib.png","width":800,"height":181,"caption":"IMMOBILIEN Business"},"image":{"@id":"https:\/\/www.immobilienbusiness.ch\/#\/schema\/logo\/image\/"},"sameAs":["https:\/\/www.facebook.com\/immobilienbusiness\/"]},{"@type":"Person","@id":"https:\/\/www.immobilienbusiness.ch\/#\/schema\/person\/aa2bace6c5c5aad60102004a50c4eb1c","name":"Redaktion","image":{"@type":"ImageObject","inLanguage":"de","@id":"https:\/\/secure.gravatar.com\/avatar\/ae2f4d718e6c49043e314ce431e7e645d646302a24a5ef5a8bc8e3f5a032e319?s=96&d=mm&r=g","url":"https:\/\/secure.gravatar.com\/avatar\/ae2f4d718e6c49043e314ce431e7e645d646302a24a5ef5a8bc8e3f5a032e319?s=96&d=mm&r=g","contentUrl":"https:\/\/secure.gravatar.com\/avatar\/ae2f4d718e6c49043e314ce431e7e645d646302a24a5ef5a8bc8e3f5a032e319?s=96&d=mm&r=g","caption":"Redaktion"},"sameAs":["http:\/\/develop.organisator.galledia.ch"],"url":"https:\/\/www.immobilienbusiness.ch\/de\/author\/admin\/"}]}},"_links":{"self":[{"href":"https:\/\/www.immobilienbusiness.ch\/de\/wp-json\/wp\/v2\/posts\/1514","targetHints":{"allow":["GET"]}}],"collection":[{"href":"https:\/\/www.immobilienbusiness.ch\/de\/wp-json\/wp\/v2\/posts"}],"about":[{"href":"https:\/\/www.immobilienbusiness.ch\/de\/wp-json\/wp\/v2\/types\/post"}],"author":[{"embeddable":true,"href":"https:\/\/www.immobilienbusiness.ch\/de\/wp-json\/wp\/v2\/users\/1"}],"replies":[{"embeddable":true,"href":"https:\/\/www.immobilienbusiness.ch\/de\/wp-json\/wp\/v2\/comments?post=1514"}],"version-history":[{"count":0,"href":"https:\/\/www.immobilienbusiness.ch\/de\/wp-json\/wp\/v2\/posts\/1514\/revisions"}],"wp:featuredmedia":[{"embeddable":true,"href":"https:\/\/www.immobilienbusiness.ch\/de\/wp-json\/wp\/v2\/media\/1515"}],"wp:attachment":[{"href":"https:\/\/www.immobilienbusiness.ch\/de\/wp-json\/wp\/v2\/media?parent=1514"}],"wp:term":[{"taxonomy":"category","embeddable":true,"href":"https:\/\/www.immobilienbusiness.ch\/de\/wp-json\/wp\/v2\/categories?post=1514"},{"taxonomy":"post_tag","embeddable":true,"href":"https:\/\/www.immobilienbusiness.ch\/de\/wp-json\/wp\/v2\/tags?post=1514"}],"curies":[{"name":"wp","href":"https:\/\/api.w.org\/{rel}","templated":true}]}}