{"id":15051,"date":"2018-11-27T08:24:51","date_gmt":"2018-11-27T07:24:51","guid":{"rendered":"https:\/\/www.immobilienbusiness.ch\/?p=15051"},"modified":"2018-11-27T08:24:51","modified_gmt":"2018-11-27T07:24:51","slug":"schlieren-limmicura-kann-realisiert-werden","status":"publish","type":"post","link":"https:\/\/www.immobilienbusiness.ch\/de\/regionen\/2018-11-27\/schlieren-limmicura-kann-realisiert-werden\/","title":{"rendered":"Schlieren: Pflegezentrum LimmiCura kann realisiert werden"},"content":{"rendered":"<figure id=\"attachment_15052\" aria-describedby=\"caption-attachment-15052\" style=\"width: 540px\" class=\"wp-caption alignnone\"><img loading=\"lazy\" decoding=\"async\" class=\"size-full wp-image-15052\" src=\"https:\/\/www.immobilienbusiness.ch\/wp-content\/uploads\/2018\/11\/Visualisierung-Neubau-PZ_Spitalareal.jpg\" alt=\"\" width=\"540\" height=\"359\" srcset=\"https:\/\/www.immobilienbusiness.ch\/wp-content\/uploads\/2018\/11\/Visualisierung-Neubau-PZ_Spitalareal.jpg 540w, https:\/\/www.immobilienbusiness.ch\/wp-content\/uploads\/2018\/11\/Visualisierung-Neubau-PZ_Spitalareal-300x199.jpg 300w, https:\/\/www.immobilienbusiness.ch\/wp-content\/uploads\/2018\/11\/Visualisierung-Neubau-PZ_Spitalareal-16x12.jpg 16w, https:\/\/www.immobilienbusiness.ch\/wp-content\/uploads\/2018\/11\/Visualisierung-Neubau-PZ_Spitalareal-263x175.jpg 263w, https:\/\/www.immobilienbusiness.ch\/wp-content\/uploads\/2018\/11\/Visualisierung-Neubau-PZ_Spitalareal-526x350.jpg 526w\" sizes=\"auto, (max-width: 540px) 100vw, 540px\" \/><figcaption id=\"caption-attachment-15052\" class=\"wp-caption-text\">Visualisierung des Pflegezentrums LimmiCura (Quelle: Spitalverband Limmattal)<\/figcaption><\/figure>\n<p>Laut einer Mitteilung des Spitalverbands Limmattal lag die Zustimmung zum Neubau des Pflegezentrums bei 87,3 Prozent bei einer Stimmbeteiligung von 42,4 Prozent. Die Bev\u00f6lkerung stimme damit dem Verpflichtungskredit von 65 Millionen CHF sowie der Ausr\u00fcstung des Pflegezenrums inklusive Tageszentrum und Rehabilitationsgeschoss zu.<\/p>\n<p>Der Spitalverband will das Neubauprojekt LimmiCura nun ohne Verz\u00f6gerungen weiterverfolgen. Nach Abschluss des Ausf\u00fchrungsprojekts im kommenden Jahr soll Anfang 2020, nach dem R\u00fcckbau des alten Akutspitals (Hochhaus), mit dem Bau des Pflegezentrums begonnen werden. Es soll im Fr\u00fchjahr 2023 er\u00f6ffnet werden.<\/p>\n<p>Mit dem Pflegezentrum w\u00fcrden auch in Zukunft die pflegerischen und medizinischen Leistungen in der Region sichergestellt, so der Spitalverband Limmattal. LimmiCura sei f\u00fcr die Tr\u00e4gergemeinden mit Angeboten im Bereich komplexer und palliativer Pflegesituationen, demenzieller Erkrankungen, \u00dcbergangspflege und Entlastungsangebote f\u00fcr betreuende Angeh\u00f6rige ein erg\u00e4nzendes Element in der Gesundheitsversorgung im Limmat- und Furttal sowie in den angrenzenden Regionen. <em>(ah)<\/em><\/p>\n","protected":false},"excerpt":{"rendered":"<p>Der Spitalverband Limmattal kann sein Neubauprojekt LimmiCura umsetzen. Die Stimmbev\u00f6lkerung der Tr\u00e4gergemeinden hat dem Bau des Pflegezentrums zugestimmt.<\/p>\n","protected":false},"author":3,"featured_media":15052,"comment_status":"open","ping_status":"open","sticky":false,"template":"","format":"standard","meta":{"_acf_changed":false,"_yoast_wpseo_focuskw":"LimmiCura","_yoast_wpseo_title":"","_yoast_wpseo_metadesc":"Der Spitalverband Limmattal kann sein Neubauprojekt LimmiCura umsetzen. Die Stimmbev\u00f6lkerung der Tr\u00e4gergemeinden hat dem Bau des Pflegezentrums zugestimmt.","_yoast_wpseo_linkdex":66,"pgc_sgb_lightbox_settings":"","footnotes":""},"categories":[985],"tags":[1410,1570,1600],"class_list":["post-15051","post","type-post","status-publish","format-standard","has-post-thumbnail","hentry","category-regionen","tag-kanton-zuerich","tag-pflegeheim","tag-projekt-in-planung"],"acf":[],"yoast_head":"<!-- This site is optimized with the Yoast SEO plugin v27.5 - https:\/\/yoast.com\/product\/yoast-seo-wordpress\/ -->\n<title>Schlieren: Pflegezentrum LimmiCura kann realisiert werden - IMMOBILIEN Business<\/title>\n<meta name=\"description\" content=\"Der Spitalverband Limmattal kann sein Neubauprojekt LimmiCura umsetzen. Die Stimmbev\u00f6lkerung der Tr\u00e4gergemeinden hat dem Bau des Pflegezentrums zugestimmt.\" \/>\n<meta name=\"robots\" content=\"index, follow, max-snippet:-1, max-image-preview:large, max-video-preview:-1\" \/>\n<link rel=\"canonical\" href=\"https:\/\/www.immobilienbusiness.ch\/de\/regionen\/2018-11-27\/schlieren-limmicura-kann-realisiert-werden\/\" \/>\n<meta property=\"og:locale\" content=\"de_DE\" \/>\n<meta property=\"og:type\" content=\"article\" \/>\n<meta property=\"og:title\" content=\"Schlieren: Pflegezentrum LimmiCura kann realisiert werden - IMMOBILIEN Business\" \/>\n<meta property=\"og:description\" content=\"Der Spitalverband Limmattal kann sein Neubauprojekt LimmiCura umsetzen. Die Stimmbev\u00f6lkerung der Tr\u00e4gergemeinden hat dem Bau des Pflegezentrums zugestimmt.\" \/>\n<meta property=\"og:url\" content=\"https:\/\/www.immobilienbusiness.ch\/de\/regionen\/2018-11-27\/schlieren-limmicura-kann-realisiert-werden\/\" \/>\n<meta property=\"og:site_name\" content=\"IMMOBILIEN Business\" \/>\n<meta property=\"article:publisher\" content=\"https:\/\/www.facebook.com\/immobilienbusiness\/\" \/>\n<meta property=\"article:published_time\" content=\"2018-11-27T07:24:51+00:00\" \/>\n<meta property=\"og:image\" content=\"https:\/\/www.immobilienbusiness.ch\/wp-content\/uploads\/2018\/11\/Visualisierung-Neubau-PZ_Spitalareal.jpg\" \/>\n\t<meta property=\"og:image:width\" content=\"540\" \/>\n\t<meta property=\"og:image:height\" content=\"359\" \/>\n\t<meta property=\"og:image:type\" content=\"image\/jpeg\" \/>\n<meta name=\"author\" content=\"anja.hall\" \/>\n<meta name=\"twitter:card\" content=\"summary_large_image\" \/>\n<meta name=\"twitter:image\" content=\"https:\/\/www.immobilienbusiness.ch\/wp-content\/uploads\/2018\/11\/Visualisierung-Neubau-PZ_Spitalareal.jpg\" \/>\n<script type=\"application\/ld+json\" class=\"yoast-schema-graph\">{\"@context\":\"https:\\\/\\\/schema.org\",\"@graph\":[{\"@type\":\"Article\",\"@id\":\"https:\\\/\\\/www.immobilienbusiness.ch\\\/regionen\\\/2018-11-27\\\/schlieren-limmicura-kann-realisiert-werden\\\/#article\",\"isPartOf\":{\"@id\":\"https:\\\/\\\/www.immobilienbusiness.ch\\\/regionen\\\/2018-11-27\\\/schlieren-limmicura-kann-realisiert-werden\\\/\"},\"author\":{\"name\":\"anja.hall\",\"@id\":\"https:\\\/\\\/www.immobilienbusiness.ch\\\/#\\\/schema\\\/person\\\/3fc036297b10b9f42d6db5ee932af8c8\"},\"headline\":\"Schlieren: Pflegezentrum LimmiCura kann realisiert werden\",\"datePublished\":\"2018-11-27T07:24:51+00:00\",\"mainEntityOfPage\":{\"@id\":\"https:\\\/\\\/www.immobilienbusiness.ch\\\/regionen\\\/2018-11-27\\\/schlieren-limmicura-kann-realisiert-werden\\\/\"},\"wordCount\":168,\"commentCount\":0,\"publisher\":{\"@id\":\"https:\\\/\\\/www.immobilienbusiness.ch\\\/#organization\"},\"image\":{\"@id\":\"https:\\\/\\\/www.immobilienbusiness.ch\\\/regionen\\\/2018-11-27\\\/schlieren-limmicura-kann-realisiert-werden\\\/#primaryimage\"},\"thumbnailUrl\":\"https:\\\/\\\/www.immobilienbusiness.ch\\\/wp-content\\\/uploads\\\/2018\\\/11\\\/Visualisierung-Neubau-PZ_Spitalareal.jpg\",\"keywords\":[\"Kanton Z\u00fcrich\",\"Pflegeheim\",\"Projekt in Planung\"],\"articleSection\":[\"REGIONEN\"],\"inLanguage\":\"de\"},{\"@type\":\"WebPage\",\"@id\":\"https:\\\/\\\/www.immobilienbusiness.ch\\\/regionen\\\/2018-11-27\\\/schlieren-limmicura-kann-realisiert-werden\\\/\",\"url\":\"https:\\\/\\\/www.immobilienbusiness.ch\\\/regionen\\\/2018-11-27\\\/schlieren-limmicura-kann-realisiert-werden\\\/\",\"name\":\"Schlieren: Pflegezentrum LimmiCura kann realisiert werden - IMMOBILIEN Business\",\"isPartOf\":{\"@id\":\"https:\\\/\\\/www.immobilienbusiness.ch\\\/#website\"},\"primaryImageOfPage\":{\"@id\":\"https:\\\/\\\/www.immobilienbusiness.ch\\\/regionen\\\/2018-11-27\\\/schlieren-limmicura-kann-realisiert-werden\\\/#primaryimage\"},\"image\":{\"@id\":\"https:\\\/\\\/www.immobilienbusiness.ch\\\/regionen\\\/2018-11-27\\\/schlieren-limmicura-kann-realisiert-werden\\\/#primaryimage\"},\"thumbnailUrl\":\"https:\\\/\\\/www.immobilienbusiness.ch\\\/wp-content\\\/uploads\\\/2018\\\/11\\\/Visualisierung-Neubau-PZ_Spitalareal.jpg\",\"datePublished\":\"2018-11-27T07:24:51+00:00\",\"description\":\"Der Spitalverband Limmattal kann sein Neubauprojekt LimmiCura umsetzen. Die Stimmbev\u00f6lkerung der Tr\u00e4gergemeinden hat dem Bau des Pflegezentrums zugestimmt.\",\"breadcrumb\":{\"@id\":\"https:\\\/\\\/www.immobilienbusiness.ch\\\/regionen\\\/2018-11-27\\\/schlieren-limmicura-kann-realisiert-werden\\\/#breadcrumb\"},\"inLanguage\":\"de\",\"potentialAction\":[{\"@type\":\"ReadAction\",\"target\":[\"https:\\\/\\\/www.immobilienbusiness.ch\\\/regionen\\\/2018-11-27\\\/schlieren-limmicura-kann-realisiert-werden\\\/\"]}]},{\"@type\":\"ImageObject\",\"inLanguage\":\"de\",\"@id\":\"https:\\\/\\\/www.immobilienbusiness.ch\\\/regionen\\\/2018-11-27\\\/schlieren-limmicura-kann-realisiert-werden\\\/#primaryimage\",\"url\":\"https:\\\/\\\/www.immobilienbusiness.ch\\\/wp-content\\\/uploads\\\/2018\\\/11\\\/Visualisierung-Neubau-PZ_Spitalareal.jpg\",\"contentUrl\":\"https:\\\/\\\/www.immobilienbusiness.ch\\\/wp-content\\\/uploads\\\/2018\\\/11\\\/Visualisierung-Neubau-PZ_Spitalareal.jpg\",\"width\":540,\"height\":359,\"caption\":\"(Quelle: Spitalverband Limmattal)\"},{\"@type\":\"BreadcrumbList\",\"@id\":\"https:\\\/\\\/www.immobilienbusiness.ch\\\/regionen\\\/2018-11-27\\\/schlieren-limmicura-kann-realisiert-werden\\\/#breadcrumb\",\"itemListElement\":[{\"@type\":\"ListItem\",\"position\":1,\"name\":\"Home\",\"item\":\"https:\\\/\\\/www.immobilienbusiness.ch\\\/\"},{\"@type\":\"ListItem\",\"position\":2,\"name\":\"Schlieren: Pflegezentrum LimmiCura kann realisiert werden\"}]},{\"@type\":\"WebSite\",\"@id\":\"https:\\\/\\\/www.immobilienbusiness.ch\\\/#website\",\"url\":\"https:\\\/\\\/www.immobilienbusiness.ch\\\/\",\"name\":\"IMMOBILIEN Business\",\"description\":\"Unabh\u00e4ngiges Schweizer Wirtschaftsmagazin mit Fokus auf Immobilien, Architektur- und Bau sowie Investment- und Finanzierung.\",\"publisher\":{\"@id\":\"https:\\\/\\\/www.immobilienbusiness.ch\\\/#organization\"},\"potentialAction\":[{\"@type\":\"SearchAction\",\"target\":{\"@type\":\"EntryPoint\",\"urlTemplate\":\"https:\\\/\\\/www.immobilienbusiness.ch\\\/?s={search_term_string}\"},\"query-input\":{\"@type\":\"PropertyValueSpecification\",\"valueRequired\":true,\"valueName\":\"search_term_string\"}}],\"inLanguage\":\"de\"},{\"@type\":\"Organization\",\"@id\":\"https:\\\/\\\/www.immobilienbusiness.ch\\\/#organization\",\"name\":\"IMMOBILIEN Business\",\"url\":\"https:\\\/\\\/www.immobilienbusiness.ch\\\/\",\"logo\":{\"@type\":\"ImageObject\",\"inLanguage\":\"de\",\"@id\":\"https:\\\/\\\/www.immobilienbusiness.ch\\\/#\\\/schema\\\/logo\\\/image\\\/\",\"url\":\"https:\\\/\\\/www.immobilienbusiness.ch\\\/wp-content\\\/uploads\\\/2021\\\/07\\\/logo_ib.png\",\"contentUrl\":\"https:\\\/\\\/www.immobilienbusiness.ch\\\/wp-content\\\/uploads\\\/2021\\\/07\\\/logo_ib.png\",\"width\":800,\"height\":181,\"caption\":\"IMMOBILIEN Business\"},\"image\":{\"@id\":\"https:\\\/\\\/www.immobilienbusiness.ch\\\/#\\\/schema\\\/logo\\\/image\\\/\"},\"sameAs\":[\"https:\\\/\\\/www.facebook.com\\\/immobilienbusiness\\\/\"]},{\"@type\":\"Person\",\"@id\":\"https:\\\/\\\/www.immobilienbusiness.ch\\\/#\\\/schema\\\/person\\\/3fc036297b10b9f42d6db5ee932af8c8\",\"name\":\"anja.hall\",\"image\":{\"@type\":\"ImageObject\",\"inLanguage\":\"de\",\"@id\":\"https:\\\/\\\/secure.gravatar.com\\\/avatar\\\/066b5a0d447013502c71a5782f4f3469f03cfe595cc2329fb94652fe47511bfb?s=96&d=mm&r=g\",\"url\":\"https:\\\/\\\/secure.gravatar.com\\\/avatar\\\/066b5a0d447013502c71a5782f4f3469f03cfe595cc2329fb94652fe47511bfb?s=96&d=mm&r=g\",\"contentUrl\":\"https:\\\/\\\/secure.gravatar.com\\\/avatar\\\/066b5a0d447013502c71a5782f4f3469f03cfe595cc2329fb94652fe47511bfb?s=96&d=mm&r=g\",\"caption\":\"anja.hall\"},\"url\":\"https:\\\/\\\/www.immobilienbusiness.ch\\\/de\\\/author\\\/anja-hall\\\/\"}]}<\/script>\n<!-- \/ Yoast SEO plugin. -->","yoast_head_json":{"title":"Schlieren: Pflegezentrum LimmiCura kann realisiert werden - IMMOBILIEN Business","description":"Der Spitalverband Limmattal kann sein Neubauprojekt LimmiCura umsetzen. Die Stimmbev\u00f6lkerung der Tr\u00e4gergemeinden hat dem Bau des Pflegezentrums zugestimmt.","robots":{"index":"index","follow":"follow","max-snippet":"max-snippet:-1","max-image-preview":"max-image-preview:large","max-video-preview":"max-video-preview:-1"},"canonical":"https:\/\/www.immobilienbusiness.ch\/de\/regionen\/2018-11-27\/schlieren-limmicura-kann-realisiert-werden\/","og_locale":"de_DE","og_type":"article","og_title":"Schlieren: Pflegezentrum LimmiCura kann realisiert werden - IMMOBILIEN Business","og_description":"Der Spitalverband Limmattal kann sein Neubauprojekt LimmiCura umsetzen. Die Stimmbev\u00f6lkerung der Tr\u00e4gergemeinden hat dem Bau des Pflegezentrums zugestimmt.","og_url":"https:\/\/www.immobilienbusiness.ch\/de\/regionen\/2018-11-27\/schlieren-limmicura-kann-realisiert-werden\/","og_site_name":"IMMOBILIEN Business","article_publisher":"https:\/\/www.facebook.com\/immobilienbusiness\/","article_published_time":"2018-11-27T07:24:51+00:00","og_image":[{"width":540,"height":359,"url":"https:\/\/www.immobilienbusiness.ch\/wp-content\/uploads\/2018\/11\/Visualisierung-Neubau-PZ_Spitalareal.jpg","type":"image\/jpeg"}],"author":"anja.hall","twitter_card":"summary_large_image","twitter_image":"https:\/\/www.immobilienbusiness.ch\/wp-content\/uploads\/2018\/11\/Visualisierung-Neubau-PZ_Spitalareal.jpg","schema":{"@context":"https:\/\/schema.org","@graph":[{"@type":"Article","@id":"https:\/\/www.immobilienbusiness.ch\/regionen\/2018-11-27\/schlieren-limmicura-kann-realisiert-werden\/#article","isPartOf":{"@id":"https:\/\/www.immobilienbusiness.ch\/regionen\/2018-11-27\/schlieren-limmicura-kann-realisiert-werden\/"},"author":{"name":"anja.hall","@id":"https:\/\/www.immobilienbusiness.ch\/#\/schema\/person\/3fc036297b10b9f42d6db5ee932af8c8"},"headline":"Schlieren: Pflegezentrum LimmiCura kann realisiert werden","datePublished":"2018-11-27T07:24:51+00:00","mainEntityOfPage":{"@id":"https:\/\/www.immobilienbusiness.ch\/regionen\/2018-11-27\/schlieren-limmicura-kann-realisiert-werden\/"},"wordCount":168,"commentCount":0,"publisher":{"@id":"https:\/\/www.immobilienbusiness.ch\/#organization"},"image":{"@id":"https:\/\/www.immobilienbusiness.ch\/regionen\/2018-11-27\/schlieren-limmicura-kann-realisiert-werden\/#primaryimage"},"thumbnailUrl":"https:\/\/www.immobilienbusiness.ch\/wp-content\/uploads\/2018\/11\/Visualisierung-Neubau-PZ_Spitalareal.jpg","keywords":["Kanton Z\u00fcrich","Pflegeheim","Projekt in Planung"],"articleSection":["REGIONEN"],"inLanguage":"de"},{"@type":"WebPage","@id":"https:\/\/www.immobilienbusiness.ch\/regionen\/2018-11-27\/schlieren-limmicura-kann-realisiert-werden\/","url":"https:\/\/www.immobilienbusiness.ch\/regionen\/2018-11-27\/schlieren-limmicura-kann-realisiert-werden\/","name":"Schlieren: Pflegezentrum LimmiCura kann realisiert werden - IMMOBILIEN Business","isPartOf":{"@id":"https:\/\/www.immobilienbusiness.ch\/#website"},"primaryImageOfPage":{"@id":"https:\/\/www.immobilienbusiness.ch\/regionen\/2018-11-27\/schlieren-limmicura-kann-realisiert-werden\/#primaryimage"},"image":{"@id":"https:\/\/www.immobilienbusiness.ch\/regionen\/2018-11-27\/schlieren-limmicura-kann-realisiert-werden\/#primaryimage"},"thumbnailUrl":"https:\/\/www.immobilienbusiness.ch\/wp-content\/uploads\/2018\/11\/Visualisierung-Neubau-PZ_Spitalareal.jpg","datePublished":"2018-11-27T07:24:51+00:00","description":"Der Spitalverband Limmattal kann sein Neubauprojekt LimmiCura umsetzen. Die Stimmbev\u00f6lkerung der Tr\u00e4gergemeinden hat dem Bau des Pflegezentrums zugestimmt.","breadcrumb":{"@id":"https:\/\/www.immobilienbusiness.ch\/regionen\/2018-11-27\/schlieren-limmicura-kann-realisiert-werden\/#breadcrumb"},"inLanguage":"de","potentialAction":[{"@type":"ReadAction","target":["https:\/\/www.immobilienbusiness.ch\/regionen\/2018-11-27\/schlieren-limmicura-kann-realisiert-werden\/"]}]},{"@type":"ImageObject","inLanguage":"de","@id":"https:\/\/www.immobilienbusiness.ch\/regionen\/2018-11-27\/schlieren-limmicura-kann-realisiert-werden\/#primaryimage","url":"https:\/\/www.immobilienbusiness.ch\/wp-content\/uploads\/2018\/11\/Visualisierung-Neubau-PZ_Spitalareal.jpg","contentUrl":"https:\/\/www.immobilienbusiness.ch\/wp-content\/uploads\/2018\/11\/Visualisierung-Neubau-PZ_Spitalareal.jpg","width":540,"height":359,"caption":"(Quelle: Spitalverband Limmattal)"},{"@type":"BreadcrumbList","@id":"https:\/\/www.immobilienbusiness.ch\/regionen\/2018-11-27\/schlieren-limmicura-kann-realisiert-werden\/#breadcrumb","itemListElement":[{"@type":"ListItem","position":1,"name":"Home","item":"https:\/\/www.immobilienbusiness.ch\/"},{"@type":"ListItem","position":2,"name":"Schlieren: Pflegezentrum LimmiCura kann realisiert werden"}]},{"@type":"WebSite","@id":"https:\/\/www.immobilienbusiness.ch\/#website","url":"https:\/\/www.immobilienbusiness.ch\/","name":"IMMOBILIEN Business","description":"Unabh\u00e4ngiges Schweizer Wirtschaftsmagazin mit Fokus auf Immobilien, Architektur- und Bau sowie Investment- und Finanzierung.","publisher":{"@id":"https:\/\/www.immobilienbusiness.ch\/#organization"},"potentialAction":[{"@type":"SearchAction","target":{"@type":"EntryPoint","urlTemplate":"https:\/\/www.immobilienbusiness.ch\/?s={search_term_string}"},"query-input":{"@type":"PropertyValueSpecification","valueRequired":true,"valueName":"search_term_string"}}],"inLanguage":"de"},{"@type":"Organization","@id":"https:\/\/www.immobilienbusiness.ch\/#organization","name":"IMMOBILIEN Business","url":"https:\/\/www.immobilienbusiness.ch\/","logo":{"@type":"ImageObject","inLanguage":"de","@id":"https:\/\/www.immobilienbusiness.ch\/#\/schema\/logo\/image\/","url":"https:\/\/www.immobilienbusiness.ch\/wp-content\/uploads\/2021\/07\/logo_ib.png","contentUrl":"https:\/\/www.immobilienbusiness.ch\/wp-content\/uploads\/2021\/07\/logo_ib.png","width":800,"height":181,"caption":"IMMOBILIEN Business"},"image":{"@id":"https:\/\/www.immobilienbusiness.ch\/#\/schema\/logo\/image\/"},"sameAs":["https:\/\/www.facebook.com\/immobilienbusiness\/"]},{"@type":"Person","@id":"https:\/\/www.immobilienbusiness.ch\/#\/schema\/person\/3fc036297b10b9f42d6db5ee932af8c8","name":"anja.hall","image":{"@type":"ImageObject","inLanguage":"de","@id":"https:\/\/secure.gravatar.com\/avatar\/066b5a0d447013502c71a5782f4f3469f03cfe595cc2329fb94652fe47511bfb?s=96&d=mm&r=g","url":"https:\/\/secure.gravatar.com\/avatar\/066b5a0d447013502c71a5782f4f3469f03cfe595cc2329fb94652fe47511bfb?s=96&d=mm&r=g","contentUrl":"https:\/\/secure.gravatar.com\/avatar\/066b5a0d447013502c71a5782f4f3469f03cfe595cc2329fb94652fe47511bfb?s=96&d=mm&r=g","caption":"anja.hall"},"url":"https:\/\/www.immobilienbusiness.ch\/de\/author\/anja-hall\/"}]}},"_links":{"self":[{"href":"https:\/\/www.immobilienbusiness.ch\/de\/wp-json\/wp\/v2\/posts\/15051","targetHints":{"allow":["GET"]}}],"collection":[{"href":"https:\/\/www.immobilienbusiness.ch\/de\/wp-json\/wp\/v2\/posts"}],"about":[{"href":"https:\/\/www.immobilienbusiness.ch\/de\/wp-json\/wp\/v2\/types\/post"}],"author":[{"embeddable":true,"href":"https:\/\/www.immobilienbusiness.ch\/de\/wp-json\/wp\/v2\/users\/3"}],"replies":[{"embeddable":true,"href":"https:\/\/www.immobilienbusiness.ch\/de\/wp-json\/wp\/v2\/comments?post=15051"}],"version-history":[{"count":0,"href":"https:\/\/www.immobilienbusiness.ch\/de\/wp-json\/wp\/v2\/posts\/15051\/revisions"}],"wp:featuredmedia":[{"embeddable":true,"href":"https:\/\/www.immobilienbusiness.ch\/de\/wp-json\/wp\/v2\/media\/15052"}],"wp:attachment":[{"href":"https:\/\/www.immobilienbusiness.ch\/de\/wp-json\/wp\/v2\/media?parent=15051"}],"wp:term":[{"taxonomy":"category","embeddable":true,"href":"https:\/\/www.immobilienbusiness.ch\/de\/wp-json\/wp\/v2\/categories?post=15051"},{"taxonomy":"post_tag","embeddable":true,"href":"https:\/\/www.immobilienbusiness.ch\/de\/wp-json\/wp\/v2\/tags?post=15051"}],"curies":[{"name":"wp","href":"https:\/\/api.w.org\/{rel}","templated":true}]}}